{"id":41732,"date":"2016-11-25T18:01:21","date_gmt":"2016-11-25T21:01:21","guid":{"rendered":"https:\/\/www.jornalja.com.br\/?p=41732"},"modified":"2016-11-25T18:01:21","modified_gmt":"2016-11-25T21:01:21","slug":"defensoria-publica-gaucha-recebera-premio-nacional","status":"publish","type":"post","link":"https:\/\/www.jornalja.com.br\/arquivo\/defensoria-publica-gaucha-recebera-premio-nacional\/","title":{"rendered":"Defensoria P\u00fablica ga\u00facha receber\u00e1 pr\u00eamio nacional"},"content":{"rendered":"<p>Centro de Refer\u00eancia em Direitos Humanos da Defensoria P\u00fablica ganha<br \/>\npr\u00eamio nacional<br \/>\nO trabalho realizado pela equipe multidisciplinar do Centro de refer\u00eancia em Direitos Humanos da Defensoria P\u00fablica do Rio Grande do Sul (CRDH-DPE\/RS) voltado \u00e0 promo\u00e7\u00e3o da cultura dos direitos humanos na \u00e1rea de seguran\u00e7a\u00a0p\u00fablica com foco na viol\u00eancia policial foi um dos vencedores da 22a edi\u00e7\u00e3o do Pr\u00eamio\u00a0Direitos Humanos, promovido pela Secretaria Especial de Direitos Humanos do\u00a0Minist\u00e9rio da Justi\u00e7a e Cidadania. A solenidade de premia\u00e7\u00e3o acontecer\u00e1 no dia 14 de\u00a0dezembro em Bras\u00edlia.<br \/>\nO pr\u00eamio \u00e9 a mais alta condecora\u00e7\u00e3o do governo brasileiro a pessoas e a entidades que se destacaram na defesa, na promo\u00e7\u00e3o e no enfrentamento das viola\u00e7\u00f5es dos direitos humanos no Brasil, e tem o intuito de ampliar a sensibilidade da sociedade brasileira a respeito da tem\u00e1tica. Em paralelo a isso, procura dar visibilidade \u00e0s diferentes pr\u00e1ticas exitosas relacionadas ao aprimoramento e ao fortalecimento do combate \u00e0s\u00a0discrimina\u00e7\u00f5es por orienta\u00e7\u00e3o sexual, religiosa, cren\u00e7a, idade e ra\u00e7a, classe social, dentre outros.<br \/>\nSegundo a Defensora P\u00fablica-Coordenadora do CRDH-DPE\/RS, tamb\u00e9m Dirigente do\u00a0N\u00facleo de Defesa dos Direitos Humanos, Mariana Py Muniz Cappellari, a conquista do\u00a0pr\u00eamio \u00e9 um reconhecimento ao trabalho desenvolvido por toda equipe do \u00f3rg\u00e3o no enfrentamento da viol\u00eancia estatal, o qual se dedica integralmente a atuar na\u00a0preserva\u00e7\u00e3o e na repara\u00e7\u00e3o dos direitos de pessoas v\u00edtimas de tortura,\u00a0de discrimina\u00e7\u00e3o ou de qualquer outra forma de opress\u00e3o. \u201cA condecora\u00e7\u00e3o nos d\u00e1\u00a0entusiasmo para continuar a aperfei\u00e7oar as pr\u00e1xis institucionais com vistas ao combate\u00a0multifacetado que a viol\u00eancia exige, al\u00e9m da defesa incomensur\u00e1vel dos Direitos\u00a0Humanos\u201d, analisa Mariana.<br \/>\n<strong>Equipe<\/strong><br \/>\nQuanto \u00e0 equipe multidisciplinar do CRDH-DPE\/RS, Mariana explica serem 17 pessoas\u00a0atuando direta e indiretamente no atendimento de uma demanda de 500 expedientes.<br \/>\n\u201cEspecificamente na tem\u00e1tica da viol\u00eancia policial s\u00e3o quatro profissionais trabalhando\u00a0em 291 procedimentos referentes \u00e0 viol\u00eancia policial, dados atualizados at\u00e9 junho de\u00a02016\u201d, acrescenta.<br \/>\n<strong>CRDH<\/strong><br \/>\nO Centro de Refer\u00eancia em Direitos Humanos \u00e9 uma unidade da Defensoria P\u00fablica\u00a0ga\u00facha, situado na Rua Caldas J\u00fanior, no 352, no Centro Hist\u00f3rico da Capital. Entre\u00a0outras finalidades, o CRDH trabalha pela afirma\u00e7\u00e3o dos Direitos Humanos e na constru\u00e7\u00e3o de estrat\u00e9gias de enfrentamento e de supera\u00e7\u00e3o da viol\u00eancia, assim como na amplia\u00e7\u00e3o das condi\u00e7\u00f5es de acesso \u00e0 justi\u00e7a das v\u00edtimas de viol\u00eancias dom\u00e9stica e estatal.<br \/>\n<strong>P\u00fablico-alvo<\/strong><br \/>\nQualquer v\u00edtima de preconceito, de discrimina\u00e7\u00e3o, de intoler\u00e2ncia, de abusos, de maus-<br \/>\ntratos, de neglig\u00eancia ou de abandono, especialmente \u00e0s mulheres em situa\u00e7\u00e3o de viol\u00eancia e \u00e0s v\u00edtimas de viol\u00eancia estatal (do sistema de justi\u00e7a e de seguran\u00e7a p\u00fablica), pode procurar atendimento no CRDH. Tamb\u00e9m \u00e9 poss\u00edvel obter\u00a0orienta\u00e7\u00f5es e informa\u00e7\u00f5es de forma gratuita pelo Disque Acolhimento 0800 644 5556.<\/p>\n","protected":false},"excerpt":{"rendered":"<p>Centro de Refer\u00eancia em Direitos Humanos da Defensoria P\u00fablica ganha pr\u00eamio nacional O trabalho realizado pela equipe multidisciplinar do Centro de refer\u00eancia em Direitos Humanos da Defensoria P\u00fablica do Rio Grande do Sul (CRDH-DPE\/RS) voltado \u00e0 promo\u00e7\u00e3o da cultura dos direitos humanos na \u00e1rea de seguran\u00e7a\u00a0p\u00fablica com foco na viol\u00eancia policial foi um dos vencedores [&hellip;]<\/p>\n","protected":false},"author":4,"featured_media":0,"comment_status":"open","ping_status":"closed","sticky":false,"template":"","format":"standard","meta":{"_jetpack_newsletter_access":"","_jetpack_dont_email_post_to_subs":false,"_jetpack_newsletter_tier_id":0,"_jetpack_memberships_contains_paywalled_content":false,"_jetpack_feature_clip_id":0,"_jetpack_memberships_contains_paid_content":false,"footnotes":"","jetpack_post_was_ever_published":false},"categories":[2022],"tags":[],"class_list":["post-41732","post","type-post","status-publish","format-standard","hentry","category-notas"],"aioseo_notices":[],"aioseo_head":"\n\t\t<!-- All in One SEO 5.0.1.1 - aioseo.com -->\n\t<meta name=\"robots\" content=\"max-image-preview:large\" \/>\n\t<meta name=\"author\" content=\"da Reda\u00e7\u00e3o\"\/>\n\t<link rel=\"canonical\" href=\"https:\/\/www.jornalja.com.br\/arquivo\/defensoria-publica-gaucha-recebera-premio-nacional\/\" \/>\n\t<meta name=\"generator\" content=\"All in One SEO (AIOSEO) 5.0.1.1\" \/>\n\t\t<meta property=\"og:locale\" content=\"pt_BR\" \/>\n\t\t<meta property=\"og:site_name\" content=\"Arquivo | Jornal J\u00c1 | Porto Alegre\" \/>\n\t\t<meta property=\"og:type\" content=\"article\" \/>\n\t\t<meta property=\"og:title\" content=\"Defensoria P\u00fablica ga\u00facha receber\u00e1 pr\u00eamio nacional | Arquivo\" \/>\n\t\t<meta property=\"og:url\" content=\"https:\/\/www.jornalja.com.br\/arquivo\/defensoria-publica-gaucha-recebera-premio-nacional\/\" \/>\n\t\t<meta property=\"og:image\" content=\"https:\/\/www.jornalja.com.br\/economics\/wp-content\/uploads\/sites\/11\/2026\/08\/ja-folhaderosto-facebook.jpg\" \/>\n\t\t<meta property=\"og:image:secure_url\" content=\"https:\/\/www.jornalja.com.br\/economics\/wp-content\/uploads\/sites\/11\/2026\/08\/ja-folhaderosto-facebook.jpg\" \/>\n\t\t<meta property=\"article:published_time\" content=\"2016-11-25T21:01:21+00:00\" \/>\n\t\t<meta property=\"article:modified_time\" content=\"2016-11-25T21:01:21+00:00\" \/>\n\t\t<meta name=\"twitter:card\" content=\"summary\" \/>\n\t\t<meta name=\"twitter:title\" content=\"Defensoria P\u00fablica ga\u00facha receber\u00e1 pr\u00eamio nacional | Arquivo\" \/>\n\t\t<meta name=\"twitter:image\" content=\"https:\/\/www.jornalja.com.br\/economics\/wp-content\/uploads\/sites\/11\/2026\/08\/ja-folhaderosto-facebook.jpg\" \/>\n\t\t<script type=\"application\/ld+json\" class=\"aioseo-schema\">\n\t\t\t{\"@context\":\"https:\\\/\\\/schema.org\",\"@graph\":[{\"@type\":\"BlogPosting\",\"@id\":\"https:\\\/\\\/www.jornalja.com.br\\\/arquivo\\\/defensoria-publica-gaucha-recebera-premio-nacional\\\/#blogposting\",\"name\":\"Defensoria P\\u00fablica ga\\u00facha receber\\u00e1 pr\\u00eamio nacional | Arquivo\",\"headline\":\"Defensoria P\\u00fablica ga\\u00facha receber\\u00e1 pr\\u00eamio nacional\",\"author\":{\"@id\":\"https:\\\/\\\/www.jornalja.com.br\\\/arquivo\\\/author\\\/daredacao\\\/#author\"},\"publisher\":{\"@id\":\"https:\\\/\\\/www.jornalja.com.br\\\/arquivo\\\/#organization\"},\"image\":{\"@type\":\"ImageObject\",\"url\":\"https:\\\/\\\/www.jornalja.com.br\\\/wp-content\\\/uploads\\\/cards\\\/JAslogan.png\",\"@id\":\"https:\\\/\\\/www.jornalja.com.br\\\/arquivo\\\/#articleImage\"},\"datePublished\":\"2016-11-25T18:01:21-02:00\",\"dateModified\":\"2016-11-25T18:01:21-02:00\",\"inLanguage\":\"pt-BR\",\"mainEntityOfPage\":{\"@id\":\"https:\\\/\\\/www.jornalja.com.br\\\/arquivo\\\/defensoria-publica-gaucha-recebera-premio-nacional\\\/#webpage\"},\"isPartOf\":{\"@id\":\"https:\\\/\\\/www.jornalja.com.br\\\/arquivo\\\/defensoria-publica-gaucha-recebera-premio-nacional\\\/#webpage\"},\"articleSection\":\"NOTAS\"},{\"@type\":\"BreadcrumbList\",\"@id\":\"https:\\\/\\\/www.jornalja.com.br\\\/arquivo\\\/defensoria-publica-gaucha-recebera-premio-nacional\\\/#breadcrumblist\",\"itemListElement\":[{\"@type\":\"ListItem\",\"@id\":\"https:\\\/\\\/www.jornalja.com.br\\\/arquivo#listItem\",\"position\":1,\"name\":\"Home\",\"item\":\"https:\\\/\\\/www.jornalja.com.br\\\/arquivo\",\"nextItem\":{\"@type\":\"ListItem\",\"@id\":\"https:\\\/\\\/www.jornalja.com.br\\\/arquivo\\\/category\\\/notas\\\/#listItem\",\"name\":\"NOTAS\"}},{\"@type\":\"ListItem\",\"@id\":\"https:\\\/\\\/www.jornalja.com.br\\\/arquivo\\\/category\\\/notas\\\/#listItem\",\"position\":2,\"name\":\"NOTAS\",\"item\":\"https:\\\/\\\/www.jornalja.com.br\\\/arquivo\\\/category\\\/notas\\\/\",\"nextItem\":{\"@type\":\"ListItem\",\"@id\":\"https:\\\/\\\/www.jornalja.com.br\\\/arquivo\\\/defensoria-publica-gaucha-recebera-premio-nacional\\\/#listItem\",\"name\":\"Defensoria P\\u00fablica ga\\u00facha receber\\u00e1 pr\\u00eamio nacional\"},\"previousItem\":{\"@type\":\"ListItem\",\"@id\":\"https:\\\/\\\/www.jornalja.com.br\\\/arquivo#listItem\",\"name\":\"Home\"}},{\"@type\":\"ListItem\",\"@id\":\"https:\\\/\\\/www.jornalja.com.br\\\/arquivo\\\/defensoria-publica-gaucha-recebera-premio-nacional\\\/#listItem\",\"position\":3,\"name\":\"Defensoria P\\u00fablica ga\\u00facha receber\\u00e1 pr\\u00eamio nacional\",\"previousItem\":{\"@type\":\"ListItem\",\"@id\":\"https:\\\/\\\/www.jornalja.com.br\\\/arquivo\\\/category\\\/notas\\\/#listItem\",\"name\":\"NOTAS\"}}]},{\"@type\":\"Organization\",\"@id\":\"https:\\\/\\\/www.jornalja.com.br\\\/arquivo\\\/#organization\",\"name\":\"Jornal J\\u00c1\",\"description\":\"Jornal J\\u00c1 | Porto Alegre\",\"url\":\"https:\\\/\\\/www.jornalja.com.br\\\/arquivo\\\/\",\"telephone\":\"+555133307272\",\"logo\":{\"@type\":\"ImageObject\",\"url\":\"https:\\\/\\\/www.jornalja.com.br\\\/wp-content\\\/uploads\\\/cards\\\/JAslogan.png\",\"@id\":\"https:\\\/\\\/www.jornalja.com.br\\\/arquivo\\\/defensoria-publica-gaucha-recebera-premio-nacional\\\/#organizationLogo\"},\"image\":{\"@id\":\"https:\\\/\\\/www.jornalja.com.br\\\/arquivo\\\/defensoria-publica-gaucha-recebera-premio-nacional\\\/#organizationLogo\"}},{\"@type\":\"Person\",\"@id\":\"https:\\\/\\\/www.jornalja.com.br\\\/arquivo\\\/author\\\/daredacao\\\/#author\",\"url\":\"https:\\\/\\\/www.jornalja.com.br\\\/arquivo\\\/author\\\/daredacao\\\/\",\"name\":\"da Reda\\u00e7\\u00e3o\",\"image\":{\"@type\":\"ImageObject\",\"@id\":\"https:\\\/\\\/www.jornalja.com.br\\\/arquivo\\\/defensoria-publica-gaucha-recebera-premio-nacional\\\/#authorImage\",\"url\":\"https:\\\/\\\/secure.gravatar.com\\\/avatar\\\/469fd857d6605ad19919d27ed29d35a968a25f6e8fd9318356bbb7f57aae9c65?s=96&d=mm&r=g\",\"width\":96,\"height\":96,\"caption\":\"da Reda\\u00e7\\u00e3o\"}},{\"@type\":\"WebPage\",\"@id\":\"https:\\\/\\\/www.jornalja.com.br\\\/arquivo\\\/defensoria-publica-gaucha-recebera-premio-nacional\\\/#webpage\",\"url\":\"https:\\\/\\\/www.jornalja.com.br\\\/arquivo\\\/defensoria-publica-gaucha-recebera-premio-nacional\\\/\",\"name\":\"Defensoria P\\u00fablica ga\\u00facha receber\\u00e1 pr\\u00eamio nacional | Arquivo\",\"inLanguage\":\"pt-BR\",\"isPartOf\":{\"@id\":\"https:\\\/\\\/www.jornalja.com.br\\\/arquivo\\\/#website\"},\"breadcrumb\":{\"@id\":\"https:\\\/\\\/www.jornalja.com.br\\\/arquivo\\\/defensoria-publica-gaucha-recebera-premio-nacional\\\/#breadcrumblist\"},\"author\":{\"@id\":\"https:\\\/\\\/www.jornalja.com.br\\\/arquivo\\\/author\\\/daredacao\\\/#author\"},\"creator\":{\"@id\":\"https:\\\/\\\/www.jornalja.com.br\\\/arquivo\\\/author\\\/daredacao\\\/#author\"},\"datePublished\":\"2016-11-25T18:01:21-02:00\",\"dateModified\":\"2016-11-25T18:01:21-02:00\"},{\"@type\":\"WebSite\",\"@id\":\"https:\\\/\\\/www.jornalja.com.br\\\/arquivo\\\/#website\",\"url\":\"https:\\\/\\\/www.jornalja.com.br\\\/arquivo\\\/\",\"name\":\"Arquivo\",\"description\":\"Jornal J\\u00c1 | Porto Alegre\",\"inLanguage\":\"pt-BR\",\"publisher\":{\"@id\":\"https:\\\/\\\/www.jornalja.com.br\\\/arquivo\\\/#organization\"}}]}\n\t\t<\/script>\n\t\t<!-- All in One SEO -->\n\n","aioseo_head_json":{"title":"Defensoria P\u00fablica ga\u00facha receber\u00e1 pr\u00eamio nacional | Arquivo","description":"","canonical_url":"https:\/\/www.jornalja.com.br\/arquivo\/defensoria-publica-gaucha-recebera-premio-nacional\/","robots":"max-image-preview:large","keywords":"","webmasterTools":{"miscellaneous":""},"schema":{"@context":"https:\/\/schema.org","@graph":[{"@type":"BlogPosting","@id":"https:\/\/www.jornalja.com.br\/arquivo\/defensoria-publica-gaucha-recebera-premio-nacional\/#blogposting","name":"Defensoria P\u00fablica ga\u00facha receber\u00e1 pr\u00eamio nacional | Arquivo","headline":"Defensoria P\u00fablica ga\u00facha receber\u00e1 pr\u00eamio nacional","author":{"@id":"https:\/\/www.jornalja.com.br\/arquivo\/author\/daredacao\/#author"},"publisher":{"@id":"https:\/\/www.jornalja.com.br\/arquivo\/#organization"},"image":{"@type":"ImageObject","url":"https:\/\/www.jornalja.com.br\/wp-content\/uploads\/cards\/JAslogan.png","@id":"https:\/\/www.jornalja.com.br\/arquivo\/#articleImage"},"datePublished":"2016-11-25T18:01:21-02:00","dateModified":"2016-11-25T18:01:21-02:00","inLanguage":"pt-BR","mainEntityOfPage":{"@id":"https:\/\/www.jornalja.com.br\/arquivo\/defensoria-publica-gaucha-recebera-premio-nacional\/#webpage"},"isPartOf":{"@id":"https:\/\/www.jornalja.com.br\/arquivo\/defensoria-publica-gaucha-recebera-premio-nacional\/#webpage"},"articleSection":"NOTAS"},{"@type":"BreadcrumbList","@id":"https:\/\/www.jornalja.com.br\/arquivo\/defensoria-publica-gaucha-recebera-premio-nacional\/#breadcrumblist","itemListElement":[{"@type":"ListItem","@id":"https:\/\/www.jornalja.com.br\/arquivo#listItem","position":1,"name":"Home","item":"https:\/\/www.jornalja.com.br\/arquivo","nextItem":{"@type":"ListItem","@id":"https:\/\/www.jornalja.com.br\/arquivo\/category\/notas\/#listItem","name":"NOTAS"}},{"@type":"ListItem","@id":"https:\/\/www.jornalja.com.br\/arquivo\/category\/notas\/#listItem","position":2,"name":"NOTAS","item":"https:\/\/www.jornalja.com.br\/arquivo\/category\/notas\/","nextItem":{"@type":"ListItem","@id":"https:\/\/www.jornalja.com.br\/arquivo\/defensoria-publica-gaucha-recebera-premio-nacional\/#listItem","name":"Defensoria P\u00fablica ga\u00facha receber\u00e1 pr\u00eamio nacional"},"previousItem":{"@type":"ListItem","@id":"https:\/\/www.jornalja.com.br\/arquivo#listItem","name":"Home"}},{"@type":"ListItem","@id":"https:\/\/www.jornalja.com.br\/arquivo\/defensoria-publica-gaucha-recebera-premio-nacional\/#listItem","position":3,"name":"Defensoria P\u00fablica ga\u00facha receber\u00e1 pr\u00eamio nacional","previousItem":{"@type":"ListItem","@id":"https:\/\/www.jornalja.com.br\/arquivo\/category\/notas\/#listItem","name":"NOTAS"}}]},{"@type":"Organization","@id":"https:\/\/www.jornalja.com.br\/arquivo\/#organization","name":"Jornal J\u00c1","description":"Jornal J\u00c1 | Porto Alegre","url":"https:\/\/www.jornalja.com.br\/arquivo\/","telephone":"+555133307272","logo":{"@type":"ImageObject","url":"https:\/\/www.jornalja.com.br\/wp-content\/uploads\/cards\/JAslogan.png","@id":"https:\/\/www.jornalja.com.br\/arquivo\/defensoria-publica-gaucha-recebera-premio-nacional\/#organizationLogo"},"image":{"@id":"https:\/\/www.jornalja.com.br\/arquivo\/defensoria-publica-gaucha-recebera-premio-nacional\/#organizationLogo"}},{"@type":"Person","@id":"https:\/\/www.jornalja.com.br\/arquivo\/author\/daredacao\/#author","url":"https:\/\/www.jornalja.com.br\/arquivo\/author\/daredacao\/","name":"da Reda\u00e7\u00e3o","image":{"@type":"ImageObject","@id":"https:\/\/www.jornalja.com.br\/arquivo\/defensoria-publica-gaucha-recebera-premio-nacional\/#authorImage","url":"https:\/\/secure.gravatar.com\/avatar\/469fd857d6605ad19919d27ed29d35a968a25f6e8fd9318356bbb7f57aae9c65?s=96&d=mm&r=g","width":96,"height":96,"caption":"da Reda\u00e7\u00e3o"}},{"@type":"WebPage","@id":"https:\/\/www.jornalja.com.br\/arquivo\/defensoria-publica-gaucha-recebera-premio-nacional\/#webpage","url":"https:\/\/www.jornalja.com.br\/arquivo\/defensoria-publica-gaucha-recebera-premio-nacional\/","name":"Defensoria P\u00fablica ga\u00facha receber\u00e1 pr\u00eamio nacional | Arquivo","inLanguage":"pt-BR","isPartOf":{"@id":"https:\/\/www.jornalja.com.br\/arquivo\/#website"},"breadcrumb":{"@id":"https:\/\/www.jornalja.com.br\/arquivo\/defensoria-publica-gaucha-recebera-premio-nacional\/#breadcrumblist"},"author":{"@id":"https:\/\/www.jornalja.com.br\/arquivo\/author\/daredacao\/#author"},"creator":{"@id":"https:\/\/www.jornalja.com.br\/arquivo\/author\/daredacao\/#author"},"datePublished":"2016-11-25T18:01:21-02:00","dateModified":"2016-11-25T18:01:21-02:00"},{"@type":"WebSite","@id":"https:\/\/www.jornalja.com.br\/arquivo\/#website","url":"https:\/\/www.jornalja.com.br\/arquivo\/","name":"Arquivo","description":"Jornal J\u00c1 | Porto Alegre","inLanguage":"pt-BR","publisher":{"@id":"https:\/\/www.jornalja.com.br\/arquivo\/#organization"}}]},"og:locale":"pt_BR","og:site_name":"Arquivo | Jornal J\u00c1 | Porto Alegre","og:type":"article","og:title":"Defensoria P\u00fablica ga\u00facha receber\u00e1 pr\u00eamio nacional | Arquivo","og:url":"https:\/\/www.jornalja.com.br\/arquivo\/defensoria-publica-gaucha-recebera-premio-nacional\/","og:image":"https:\/\/www.jornalja.com.br\/economics\/wp-content\/uploads\/sites\/11\/2026\/08\/ja-folhaderosto-facebook.jpg","og:image:secure_url":"https:\/\/www.jornalja.com.br\/economics\/wp-content\/uploads\/sites\/11\/2026\/08\/ja-folhaderosto-facebook.jpg","article:published_time":"2016-11-25T21:01:21+00:00","article:modified_time":"2016-11-25T21:01:21+00:00","twitter:card":"summary","twitter:title":"Defensoria P\u00fablica ga\u00facha receber\u00e1 pr\u00eamio nacional | Arquivo","twitter:image":"https:\/\/www.jornalja.com.br\/economics\/wp-content\/uploads\/sites\/11\/2026\/08\/ja-folhaderosto-facebook.jpg"},"aioseo_meta_data":{"post_id":"41732","title":null,"description":null,"keywords":null,"keyphrases":null,"primary_term":null,"canonical_url":null,"og_title":null,"og_description":null,"og_object_type":"default","og_image_type":"default","og_image_url":null,"og_image_width":null,"og_image_height":null,"og_image_custom_url":null,"og_image_custom_fields":null,"og_video":null,"og_custom_url":null,"og_article_section":null,"og_article_tags":null,"twitter_use_og":false,"twitter_card":"default","twitter_image_type":"default","twitter_image_url":null,"twitter_image_custom_url":null,"twitter_image_custom_fields":null,"twitter_title":null,"twitter_description":null,"schema":{"blockGraphs":[],"customGraphs":[],"default":{"data":{"Article":[],"Course":[],"Dataset":[],"FAQPage":[],"Movie":[],"Person":[],"Product":[],"ProductReview":[],"Car":[],"Recipe":[],"Service":[],"SoftwareApplication":[],"WebPage":[]},"graphName":"","isEnabled":true},"graphs":[],"defaultGraph":"","defaultPostTypeGraph":""},"schema_type":null,"schema_type_options":null,"pillar_content":false,"robots_default":true,"robots_noindex":false,"robots_noarchive":false,"robots_nosnippet":false,"robots_nofollow":false,"robots_noimageindex":false,"robots_noodp":false,"robots_notranslate":false,"robots_max_snippet":null,"robots_max_videopreview":null,"robots_max_imagepreview":"large","priority":null,"frequency":null,"location":null,"local_seo":null,"breadcrumb_settings":null,"limit_modified_date":false,"ai":null,"created":"2020-12-20 20:44:55","updated":"2025-07-19 18:24:26","seo_analyzer_scan_date":null,"focus_keyword":null,"additional_keywords":null,"truseo_locale":null},"jetpack_sharing_enabled":true,"jetpack-related-posts":[{"id":13109,"url":"https:\/\/www.jornalja.com.br\/arquivo\/judiciario-reconhece-poluicao-eletromagnetica\/","url_meta":{"origin":41732,"position":0},"title":"Judici\u00e1rio reconhece polui\u00e7\u00e3o eletromagn\u00e9tica","author":"Patr\u00edcia Marini","date":"16 de maio de 2014","format":false,"excerpt":"A\u00e7\u00e3o de duas associa\u00e7\u00f5es de moradores foi acolhida pelo Tribunal de Justi\u00e7a de S\u00e3o Paulo que. em decis\u00e3o in\u00e9dita, determinou a redu\u00e7\u00e3o do campo eletromagn\u00e9tico gerado pelas linhas de transmiss\u00e3o de energia que cortam os bairros City Boa\u00e7ava e Alto de Pinheiros. \u00c9 a primeira vez que um tribunal do\u2026","rel":"","context":"Em &quot;X.Categorias velhas&quot;","block_context":{"text":"X.Categorias velhas","link":"https:\/\/www.jornalja.com.br\/arquivo\/category\/x-categorias-velhas\/"},"img":{"alt_text":"","src":"","width":0,"height":0},"classes":[]},{"id":13101,"url":"https:\/\/www.jornalja.com.br\/arquivo\/morre-um-guerreiro-do-texto\/","url_meta":{"origin":41732,"position":1},"title":"Morre um guerreiro do texto","author":"Patr\u00edcia Marini","date":"14 de maio de 2014","format":false,"excerpt":"Por Ricardo Kotscho Reproduzido do blog do autor, 11\/5\/2014; t\u00edtulo original \u201cE l\u00e1 se foi o nosso Myltainho, guerreiro do texto\u201d. Mi\u00fado e franzino, meu amigo Myltainho era um valente e inconformado guerreiro na luta contra as injusti\u00e7as sociais, a hipocrisia, as maracutaias, o autoritarismo, a intoler\u00e2ncia, a viol\u00eancia, o\u2026","rel":"","context":"Em &quot;Geral&quot;","block_context":{"text":"Geral","link":"https:\/\/www.jornalja.com.br\/arquivo\/category\/geral\/"},"img":{"alt_text":"","src":"","width":0,"height":0},"classes":[]},{"id":5440,"url":"https:\/\/www.jornalja.com.br\/arquivo\/casarao-da-venancio-destino-permanece-incerto\/","url_meta":{"origin":41732,"position":2},"title":"Estado ainda n\u00e3o sabe o que fazer com casar\u00e3o abandonado h\u00e1 20 anos","author":"Elmar Bones","date":"6 de julho de 2009","format":false,"excerpt":"O casar\u00e3o amarelo, numa esquina nobre de Porto Alegre (Ven\u00e2ncio Aires com Jo\u00e3o Pessoa), j\u00e1 abrigou uma escola. H\u00e1 duas d\u00e9cadas, pelo menos, est\u00e1 abandonado, porque seu propriet\u00e1rio, o governo do Estado do Rio Grande do Sul, n\u00e3o consegue achar um destino para ele. Planos n\u00e3o faltaram. O governador Ol\u00edvio\u2026","rel":"","context":"Em &quot;X.Categorias velhas&quot;","block_context":{"text":"X.Categorias velhas","link":"https:\/\/www.jornalja.com.br\/arquivo\/category\/x-categorias-velhas\/"},"img":{"alt_text":"geraldo1","src":"https:\/\/i0.wp.com\/www.jornalja.com.br\/wp-content\/uploads\/2009\/07\/geraldo1.jpg?resize=350%2C200&ssl=1","width":350,"height":200},"classes":[]},{"id":13124,"url":"https:\/\/www.jornalja.com.br\/arquivo\/sangue-latino-no-iecine\/","url_meta":{"origin":41732,"position":3},"title":"Sangue latino no IECINE","author":"da Reda\u00e7\u00e3o","date":"18 de maio de 2014","format":false,"excerpt":"Francisco Ribeiro O Instituto Estadual de Cinema (IECINE) tem a frente, desde abril \u00faltimo, um novo diretor, o cineasta colombiano Juan Zapata, 36, que substitui Luiz Alberto Cassol. Radicado h\u00e1 dez anos em Porto Alegre, Zapata tem diante de si o desafio de conduzir at\u00e9 o final do ano um\u2026","rel":"","context":"Em &quot;Cultura-Geral&quot;","block_context":{"text":"Cultura-Geral","link":"https:\/\/www.jornalja.com.br\/arquivo\/category\/materiasecundaria\/"},"img":{"alt_text":"","src":"","width":0,"height":0},"classes":[]},{"id":13240,"url":"https:\/\/www.jornalja.com.br\/arquivo\/plano-diretor-estamos-construindo-o-caos\/","url_meta":{"origin":41732,"position":4},"title":"Plano diretor: &quot;Estamos construindo o caos&quot;","author":"Patr\u00edcia Marini","date":"26 de maio de 2014","format":false,"excerpt":"Desabafo que arquiteta Eliana Castilhos, delegada da Regi\u00e3o de Planejamento 1, postou nas redes sociais \u00e9 um testemunho do ambiente que se criou no Conselho do Plano Diretor de Porto Alegre, onde a aprova\u00e7\u00e3o de grandes empreendimentos \u00e9 empurrada guela abaixo dos conselheiros. Ao CMDUA Como delegada da Regi\u00e3o de\u2026","rel":"","context":"Em &quot;Geral&quot;","block_context":{"text":"Geral","link":"https:\/\/www.jornalja.com.br\/arquivo\/category\/geral\/"},"img":{"alt_text":"","src":"","width":0,"height":0},"classes":[]},{"id":14241,"url":"https:\/\/www.jornalja.com.br\/arquivo\/o-guaiba-nas-imagens-poeticas-de-achutti\/","url_meta":{"origin":41732,"position":5},"title":"O Gua\u00edba nas imagens po\u00e9ticas de Achutti","author":"da Reda\u00e7\u00e3o","date":"18 de junho de 2014","format":false,"excerpt":"Em \u201cO Gua\u00edba por Achutti\u201d \u2013 obra financiada via Minist\u00e9rio da Cultura, produ\u00e7\u00e3o executiva de Pedro Longhi, e Fl\u00e1vio Wild como designer \u2013, o fot\u00f3grafo revela a beleza e as mazelas de um espa\u00e7o aqu\u00e1tico de \u00e1guas sempre renovadas, cheio de hist\u00f3rias e lendas como as das cidades que foram\u2026","rel":"","context":"Em &quot;Cultura-Geral&quot;","block_context":{"text":"Cultura-Geral","link":"https:\/\/www.jornalja.com.br\/arquivo\/category\/materiasecundaria\/"},"img":{"alt_text":"","src":"","width":0,"height":0},"classes":[]}],"jetpack_shortlink":"https:\/\/wp.me\/pbQjBd-aR6","jetpack_featured_media_url":"","_links":{"self":[{"href":"https:\/\/www.jornalja.com.br\/arquivo\/wp-json\/wp\/v2\/posts\/41732","targetHints":{"allow":["GET"]}}],"collection":[{"href":"https:\/\/www.jornalja.com.br\/arquivo\/wp-json\/wp\/v2\/posts"}],"about":[{"href":"https:\/\/www.jornalja.com.br\/arquivo\/wp-json\/wp\/v2\/types\/post"}],"author":[{"embeddable":true,"href":"https:\/\/www.jornalja.com.br\/arquivo\/wp-json\/wp\/v2\/users\/4"}],"replies":[{"embeddable":true,"href":"https:\/\/www.jornalja.com.br\/arquivo\/wp-json\/wp\/v2\/comments?post=41732"}],"version-history":[{"count":0,"href":"https:\/\/www.jornalja.com.br\/arquivo\/wp-json\/wp\/v2\/posts\/41732\/revisions"}],"wp:attachment":[{"href":"https:\/\/www.jornalja.com.br\/arquivo\/wp-json\/wp\/v2\/media?parent=41732"}],"wp:term":[{"taxonomy":"category","embeddable":true,"href":"https:\/\/www.jornalja.com.br\/arquivo\/wp-json\/wp\/v2\/categories?post=41732"},{"taxonomy":"post_tag","embeddable":true,"href":"https:\/\/www.jornalja.com.br\/arquivo\/wp-json\/wp\/v2\/tags?post=41732"}],"curies":[{"name":"wp","href":"https:\/\/api.w.org\/{rel}","templated":true}]}}