{"id":41760,"date":"2016-11-28T00:29:20","date_gmt":"2016-11-28T03:29:20","guid":{"rendered":"https:\/\/www.jornalja.com.br\/?p=41760"},"modified":"2016-11-28T00:29:20","modified_gmt":"2016-11-28T03:29:20","slug":"indicacoes-ao-acorianos-de-literatura-da-visibilidade-a-escola-de-poesia","status":"publish","type":"post","link":"https:\/\/www.jornalja.com.br\/arquivo\/indicacoes-ao-acorianos-de-literatura-da-visibilidade-a-escola-de-poesia\/","title":{"rendered":"Indica\u00e7\u00f5es ao A\u00e7orianos de Literatura d\u00e3o visibilidade \u00e0 Escola de Poesia"},"content":{"rendered":"<p><span class=\"assina\" lang=\"PT\">Higino Barros<\/span><br \/>\n<span lang=\"PT\">Nesta segunda-feira ser\u00e3o conhecidos os vencedores do Pr\u00eamio A\u00e7orianos de Literatura Adulta e Infantil 2016, a premia\u00e7\u00e3o mais\u00a0concorrida da \u00e1rea no Rio Grande do Sul. A cerim\u00f4nia acontecer\u00e1, na Noite do Livro, \u00e0s 20h, no Teatro Renascen\u00e7a. Ser\u00e3o agraciados escritores de dez categorias, al\u00e9m do Livro do Ano, dos Destaques de Literatura e do Pr\u00eamio de Cria\u00e7\u00e3o Liter\u00e1ria 2016.<\/span><br \/>\n<span lang=\"PT\">Para o grupo da Escola de Poesia, em especial, a noite \u00e9 de expectativas e de visibilidade &#8211; chega na festa com duas indica\u00e7\u00f5es: na categoria Poema, com o livro <em>E se algu\u00e9m o pano<\/em>, de Eliane Marques; e na categoria\u00a0 Ensaio de Literatura e Humanidades, com <em>N\u00f3s cultuamos todas as do\u00e7uras<\/em>, de Mar\u00edlia Floor Kosby, sobre a produ\u00e7\u00e3o de matriz africana das doceiras de Pelotas.<\/span><br \/>\n<span lang=\"PT\">\u201cEmbora tenha o nome de Escola de Poesia, nossa escola n\u00e3o tem a pretens\u00e3o de ensinar poesia a ningu\u00e9m.\u00a0 <\/span><span style=\"color: #000000\">Contudo, quem quiser saber de poesia acabar\u00e1 aprendendo com os poetas lidos, estudados e discutidos durante encontro semanais\u201d, explica Eliane Marques, uma das respons\u00e1veis pela institui\u00e7\u00e3o, ao lado de L\u00facia Bins Ely e de Anelore Schumann.<\/span><br \/>\n<b><span style=\"color: #000000\">Conceitos de trabalho<\/span><\/b><br \/>\n<span style=\"color: #000000\">Ligada\u00a0a uma institui\u00e7\u00e3o\u00a0 de psican\u00e1lise da Argentina, Apr\u00e8s Coup, liderada\u00a0pelas\u00a0poetas\u00a0e psicanalistas Marcela Villavella e In\u00e9s B\u00e1rrio,\u00a0\u00a0as sementes\u00a0da\u00a0\u00a0Escola de Poesia surgem em Buenos Aires na d\u00e9cada de 1970, e se\u00a0fixam\u00a0em Porto Alegre nos anos 1990&#8243;. Seus alicerces principais s\u00e3o os conceitos de trabalho, de grupo, de leitura produtiva, principalmente de poetas pertencentes \u00e0 tradi\u00e7\u00e3o, de escritura e de publica\u00e7\u00e3o.<\/span><br \/>\n<span style=\"color: #000000\">\u201cO m\u00e9todo Menassa se constitui de tr\u00eas partes. O dia, a tarde e a noite. O dia diz respeito \u00e0 fase inicial com contato com muitos poetas, com outros colegas. A tarde diz respeito \u00e0 participa\u00e7\u00e3o e organiza\u00e7\u00e3o desses trabalhos, de saraus. N\u00e3o a simples presen\u00e7a de assistir um sarau, mas participar dele tamb\u00e9m e \u00e0 publica\u00e7\u00e3o de uma revista de poesia. A fase da noite se comp\u00f5e de um objeto final que \u00e9 a publica\u00e7\u00e3o de um livro. Entendemos que \u00e9 fun\u00e7\u00e3o do poeta publicar. Se n\u00e3o publica n\u00e3o existe como poeta\u201d, afirma Eliane Marques.<\/span><br \/>\n<span style=\"color: #000000\">Ativo atrav\u00e9s de publica\u00e7\u00f5es de revistas de poesias desde sua cria\u00e7\u00e3o, de participa\u00e7\u00f5es na Feira do Livro, o grupo se envolveu tamb\u00e9m em projetos sociais que usam a poesia para ajudar menores em situa\u00e7\u00e3o de risco. <\/span><span style=\"color: #000000\">\u00a0<\/span><span style=\"color: #000000\">Na Feira do Livro de 2016, <\/span><span style=\"color: #000000\">\u00a0<\/span><span style=\"color: #000000\">lan\u00e7ou nova edi\u00e7\u00e3o da revista \u201cOvo da Ema\u201d, que cont\u00e9m a produ\u00e7\u00e3o liter\u00e1ria dos atuais\u00a0de integrantes da escola.<\/span><br \/>\n<span style=\"color: #000000\">Pelas indica\u00e7\u00f5es obtidas no Pr\u00eamio A\u00e7orianos de Literatura, o grupo da Escola de Poesia conseguiu em 2016 o reconhecimento da cr\u00edtica e do mercado liter\u00e1rio ga\u00facho. O que em tempos de crise e ataque \u00e0s institui\u00e7\u00f5es de cultura em geral, vale como a leitura da melhor poesia.\u00a0<\/span><br \/>\n<span style=\"color: #000000\">\u00a0<strong>Amostra<\/strong><\/span><br \/>\nPoema de <em>E Algu\u00e9m o Pano, <\/em>de Eliane Marques:<br \/>\n<em>ent\u00e3o tudo limpo at\u00e9 o prato que se lava<\/em><br \/>\n<em>dos velames aos sacos a se estenderem nas amuradas<\/em><br \/>\n<em>biografia e retrato<\/em><br \/>\n<em>e bem junto ao muro bem desse tom azul-oscuro o desdito<\/em><br \/>\n<em>enquanto algu\u00e9m ora\u00e7\u00e3o de gra\u00e7as<\/em><br \/>\n<em>por que de algum distante a l\u00edngua para a assepsia da tarde<\/em><br \/>\n&nbsp;<br \/>\n<em>s\u00e3o quatro<\/em><br \/>\n&nbsp;<br \/>\n<em>os punhos desde que algo os delate<\/em><br \/>\n<em>e se dilatem os p\u00e9s. chagas os seus cal\u00e7os<\/em><br \/>\n<em>e permane\u00e7a a boca velada feito f\u00f3sforo na caixa\u00a0<\/em><br \/>\n<em>ou amarra\u00e7\u00e3o da \u00e2ncora aqui ao lado do que se paga<\/em><br \/>\n<em>a erdosain remo em busca da rosa met\u00e1lica pouco importa\u00a0<\/em><br \/>\n<em>importa menos ainda o ferro forcado<\/em><br \/>\n<em>a carta ao enforcado\u00a0<\/em><br \/>\n<em>tudo metades do corte de uma s\u00f3 vaca<\/em><br \/>\n&nbsp;<br \/>\n<em>s\u00e3o quatro<\/em><br \/>\n&nbsp;<br \/>\n<em>a mol\u00e9stia do matarife com o que fora fermentado<\/em><br \/>\n<em>mas cuidado o manquejo da vergonha exala<\/em><br \/>\n<em>o fermento os louros diamantes que se os moleste agora<\/em><br \/>\n<em>tudo qualquer lodo inclusive esse peda\u00e7o de bolo<\/em><br \/>\n<em>ou a pecinha dos fundos t\u00famulo sem cruz ou nome: assim n\u00e3o se usava<\/em><br \/>\n&nbsp;<br \/>\n<em>s\u00e3o quatro<\/em><br \/>\n&nbsp;<br \/>\n<em>o pulo sob a po\u00e7a que foi barco a noite da sede pelas canoas ou dos entalhes<\/em><br \/>\n<em>tudo fede a alho<\/em><br \/>\n<em>tamb\u00e9m o vag\u00e3o que traz os cacos da carga<\/em><br \/>\n&nbsp;<br \/>\n<em>s\u00e3o quatro<\/em><br \/>\n&nbsp;<br \/>\n<em>o ganido do c\u00e3o sob as t\u00e1buas a quem se pro\u00edbe o charque<\/em><br \/>\n<em>a\u00ed a postos a oficiala com as m\u00e3os cheias na cara dos finados<\/em><br \/>\n<em>s\u00e3o quatro tamb\u00e9m contra o risco<\/em><br \/>\n<em>de quem tranquila com a latitude da porta<\/em><br \/>\n<em>saber-se c\u00f4modo do sem emenda e nem p\u00e1ssaros<\/em><br \/>\n<em>assim o utens\u00edlio feito<\/em><br \/>\n<em>que fa\u00e7a ele o teu caf\u00e9 e p\u00e3o o teu dia com o rebento das algas<\/em><em><strong>\u00a0<\/strong><\/em><br \/>\nEliane Marques<em> E se Algu\u00e9m o Pano<\/em>\u00a0(2015 \u2013 Editora Escola de Poesia, finalista do Pr\u00eamio A\u00e7orianos de Literatura 2016); <em>Relic\u00e1rio<\/em>\u00a0(2009 &#8211; Editorial Grupo Cero) e, com outros autores, <em>Arado de Palavras<\/em> (2008\u00a0 &#8211; Editorial Grupo Cero). \u00a0\u00c9 coeditora da revista de poesia \u201cOVO DA EMA\u201d e coordena a Escola de Poesia. Graduada em Direito e Mestre em Hermen\u00eautica Jur\u00eddica, al\u00e9m de poeta e escritora, trabalha no Tribunal de Contas do RS como Auditora P\u00fablica Externa.<\/p>\n","protected":false},"excerpt":{"rendered":"<p>Higino Barros Nesta segunda-feira ser\u00e3o conhecidos os vencedores do Pr\u00eamio A\u00e7orianos de Literatura Adulta e Infantil 2016, a premia\u00e7\u00e3o mais\u00a0concorrida da \u00e1rea no Rio Grande do Sul. A cerim\u00f4nia acontecer\u00e1, na Noite do Livro, \u00e0s 20h, no Teatro Renascen\u00e7a. Ser\u00e3o agraciados escritores de dez categorias, al\u00e9m do Livro do Ano, dos Destaques de Literatura e [&hellip;]<\/p>\n","protected":false},"author":4,"featured_media":41765,"comment_status":"open","ping_status":"closed","sticky":false,"template":"","format":"standard","meta":{"_jetpack_newsletter_access":"","_jetpack_dont_email_post_to_subs":false,"_jetpack_newsletter_tier_id":0,"_jetpack_memberships_contains_paywalled_content":false,"_jetpack_feature_clip_id":0,"_jetpack_memberships_contains_paid_content":false,"footnotes":"","jetpack_post_was_ever_published":false},"categories":[11],"tags":[],"class_list":["post-41760","post","type-post","status-publish","format-standard","has-post-thumbnail","hentry","category-materiasecundaria"],"aioseo_notices":[],"aioseo_head":"\n\t\t<!-- All in One SEO 5.0.1.1 - aioseo.com -->\n\t<meta name=\"robots\" content=\"max-image-preview:large\" \/>\n\t<meta name=\"author\" content=\"da Reda\u00e7\u00e3o\"\/>\n\t<link rel=\"canonical\" href=\"https:\/\/www.jornalja.com.br\/arquivo\/indicacoes-ao-acorianos-de-literatura-da-visibilidade-a-escola-de-poesia\/\" \/>\n\t<meta name=\"generator\" content=\"All in One SEO (AIOSEO) 5.0.1.1\" \/>\n\t\t<meta property=\"og:locale\" content=\"pt_BR\" \/>\n\t\t<meta property=\"og:site_name\" content=\"Arquivo | Jornal J\u00c1 | Porto Alegre\" \/>\n\t\t<meta property=\"og:type\" content=\"article\" \/>\n\t\t<meta property=\"og:title\" content=\"Indica\u00e7\u00f5es ao A\u00e7orianos de Literatura d\u00e3o visibilidade \u00e0 Escola de Poesia | Arquivo\" \/>\n\t\t<meta property=\"og:url\" content=\"https:\/\/www.jornalja.com.br\/arquivo\/indicacoes-ao-acorianos-de-literatura-da-visibilidade-a-escola-de-poesia\/\" \/>\n\t\t<meta property=\"og:image\" content=\"https:\/\/www.jornalja.com.br\/economics\/wp-content\/uploads\/sites\/11\/2026\/08\/ja-folhaderosto-facebook.jpg\" \/>\n\t\t<meta property=\"og:image:secure_url\" content=\"https:\/\/www.jornalja.com.br\/economics\/wp-content\/uploads\/sites\/11\/2026\/08\/ja-folhaderosto-facebook.jpg\" \/>\n\t\t<meta property=\"article:published_time\" content=\"2016-11-28T03:29:20+00:00\" \/>\n\t\t<meta property=\"article:modified_time\" content=\"2016-11-28T03:29:20+00:00\" \/>\n\t\t<meta name=\"twitter:card\" content=\"summary\" \/>\n\t\t<meta name=\"twitter:title\" content=\"Indica\u00e7\u00f5es ao A\u00e7orianos de Literatura d\u00e3o visibilidade \u00e0 Escola de Poesia | Arquivo\" \/>\n\t\t<meta name=\"twitter:image\" content=\"https:\/\/www.jornalja.com.br\/economics\/wp-content\/uploads\/sites\/11\/2026\/08\/ja-folhaderosto-facebook.jpg\" \/>\n\t\t<script type=\"application\/ld+json\" class=\"aioseo-schema\">\n\t\t\t{\"@context\":\"https:\\\/\\\/schema.org\",\"@graph\":[{\"@type\":\"BlogPosting\",\"@id\":\"https:\\\/\\\/www.jornalja.com.br\\\/arquivo\\\/indicacoes-ao-acorianos-de-literatura-da-visibilidade-a-escola-de-poesia\\\/#blogposting\",\"name\":\"Indica\\u00e7\\u00f5es ao A\\u00e7orianos de Literatura d\\u00e3o visibilidade \\u00e0 Escola de Poesia | Arquivo\",\"headline\":\"Indica\\u00e7\\u00f5es ao A\\u00e7orianos de Literatura d\\u00e3o visibilidade \\u00e0 Escola de Poesia\",\"author\":{\"@id\":\"https:\\\/\\\/www.jornalja.com.br\\\/arquivo\\\/author\\\/daredacao\\\/#author\"},\"publisher\":{\"@id\":\"https:\\\/\\\/www.jornalja.com.br\\\/arquivo\\\/#organization\"},\"image\":{\"@type\":\"ImageObject\",\"url\":41765},\"datePublished\":\"2016-11-28T00:29:20-02:00\",\"dateModified\":\"2016-11-28T00:29:20-02:00\",\"inLanguage\":\"pt-BR\",\"mainEntityOfPage\":{\"@id\":\"https:\\\/\\\/www.jornalja.com.br\\\/arquivo\\\/indicacoes-ao-acorianos-de-literatura-da-visibilidade-a-escola-de-poesia\\\/#webpage\"},\"isPartOf\":{\"@id\":\"https:\\\/\\\/www.jornalja.com.br\\\/arquivo\\\/indicacoes-ao-acorianos-de-literatura-da-visibilidade-a-escola-de-poesia\\\/#webpage\"},\"articleSection\":\"Cultura-Geral\"},{\"@type\":\"BreadcrumbList\",\"@id\":\"https:\\\/\\\/www.jornalja.com.br\\\/arquivo\\\/indicacoes-ao-acorianos-de-literatura-da-visibilidade-a-escola-de-poesia\\\/#breadcrumblist\",\"itemListElement\":[{\"@type\":\"ListItem\",\"@id\":\"https:\\\/\\\/www.jornalja.com.br\\\/arquivo#listItem\",\"position\":1,\"name\":\"Home\",\"item\":\"https:\\\/\\\/www.jornalja.com.br\\\/arquivo\",\"nextItem\":{\"@type\":\"ListItem\",\"@id\":\"https:\\\/\\\/www.jornalja.com.br\\\/arquivo\\\/category\\\/materiasecundaria\\\/#listItem\",\"name\":\"Cultura-Geral\"}},{\"@type\":\"ListItem\",\"@id\":\"https:\\\/\\\/www.jornalja.com.br\\\/arquivo\\\/category\\\/materiasecundaria\\\/#listItem\",\"position\":2,\"name\":\"Cultura-Geral\",\"item\":\"https:\\\/\\\/www.jornalja.com.br\\\/arquivo\\\/category\\\/materiasecundaria\\\/\",\"nextItem\":{\"@type\":\"ListItem\",\"@id\":\"https:\\\/\\\/www.jornalja.com.br\\\/arquivo\\\/indicacoes-ao-acorianos-de-literatura-da-visibilidade-a-escola-de-poesia\\\/#listItem\",\"name\":\"Indica\\u00e7\\u00f5es ao A\\u00e7orianos de Literatura d\\u00e3o visibilidade \\u00e0 Escola de Poesia\"},\"previousItem\":{\"@type\":\"ListItem\",\"@id\":\"https:\\\/\\\/www.jornalja.com.br\\\/arquivo#listItem\",\"name\":\"Home\"}},{\"@type\":\"ListItem\",\"@id\":\"https:\\\/\\\/www.jornalja.com.br\\\/arquivo\\\/indicacoes-ao-acorianos-de-literatura-da-visibilidade-a-escola-de-poesia\\\/#listItem\",\"position\":3,\"name\":\"Indica\\u00e7\\u00f5es ao A\\u00e7orianos de Literatura d\\u00e3o visibilidade \\u00e0 Escola de Poesia\",\"previousItem\":{\"@type\":\"ListItem\",\"@id\":\"https:\\\/\\\/www.jornalja.com.br\\\/arquivo\\\/category\\\/materiasecundaria\\\/#listItem\",\"name\":\"Cultura-Geral\"}}]},{\"@type\":\"Organization\",\"@id\":\"https:\\\/\\\/www.jornalja.com.br\\\/arquivo\\\/#organization\",\"name\":\"Jornal J\\u00c1\",\"description\":\"Jornal J\\u00c1 | Porto Alegre\",\"url\":\"https:\\\/\\\/www.jornalja.com.br\\\/arquivo\\\/\",\"telephone\":\"+555133307272\",\"logo\":{\"@type\":\"ImageObject\",\"url\":\"https:\\\/\\\/www.jornalja.com.br\\\/wp-content\\\/uploads\\\/cards\\\/JAslogan.png\",\"@id\":\"https:\\\/\\\/www.jornalja.com.br\\\/arquivo\\\/indicacoes-ao-acorianos-de-literatura-da-visibilidade-a-escola-de-poesia\\\/#organizationLogo\"},\"image\":{\"@id\":\"https:\\\/\\\/www.jornalja.com.br\\\/arquivo\\\/indicacoes-ao-acorianos-de-literatura-da-visibilidade-a-escola-de-poesia\\\/#organizationLogo\"}},{\"@type\":\"Person\",\"@id\":\"https:\\\/\\\/www.jornalja.com.br\\\/arquivo\\\/author\\\/daredacao\\\/#author\",\"url\":\"https:\\\/\\\/www.jornalja.com.br\\\/arquivo\\\/author\\\/daredacao\\\/\",\"name\":\"da Reda\\u00e7\\u00e3o\",\"image\":{\"@type\":\"ImageObject\",\"@id\":\"https:\\\/\\\/www.jornalja.com.br\\\/arquivo\\\/indicacoes-ao-acorianos-de-literatura-da-visibilidade-a-escola-de-poesia\\\/#authorImage\",\"url\":\"https:\\\/\\\/secure.gravatar.com\\\/avatar\\\/469fd857d6605ad19919d27ed29d35a968a25f6e8fd9318356bbb7f57aae9c65?s=96&d=mm&r=g\",\"width\":96,\"height\":96,\"caption\":\"da Reda\\u00e7\\u00e3o\"}},{\"@type\":\"WebPage\",\"@id\":\"https:\\\/\\\/www.jornalja.com.br\\\/arquivo\\\/indicacoes-ao-acorianos-de-literatura-da-visibilidade-a-escola-de-poesia\\\/#webpage\",\"url\":\"https:\\\/\\\/www.jornalja.com.br\\\/arquivo\\\/indicacoes-ao-acorianos-de-literatura-da-visibilidade-a-escola-de-poesia\\\/\",\"name\":\"Indica\\u00e7\\u00f5es ao A\\u00e7orianos de Literatura d\\u00e3o visibilidade \\u00e0 Escola de Poesia | Arquivo\",\"inLanguage\":\"pt-BR\",\"isPartOf\":{\"@id\":\"https:\\\/\\\/www.jornalja.com.br\\\/arquivo\\\/#website\"},\"breadcrumb\":{\"@id\":\"https:\\\/\\\/www.jornalja.com.br\\\/arquivo\\\/indicacoes-ao-acorianos-de-literatura-da-visibilidade-a-escola-de-poesia\\\/#breadcrumblist\"},\"author\":{\"@id\":\"https:\\\/\\\/www.jornalja.com.br\\\/arquivo\\\/author\\\/daredacao\\\/#author\"},\"creator\":{\"@id\":\"https:\\\/\\\/www.jornalja.com.br\\\/arquivo\\\/author\\\/daredacao\\\/#author\"},\"image\":{\"@type\":\"ImageObject\",\"url\":41765,\"@id\":\"https:\\\/\\\/www.jornalja.com.br\\\/arquivo\\\/indicacoes-ao-acorianos-de-literatura-da-visibilidade-a-escola-de-poesia\\\/#mainImage\"},\"primaryImageOfPage\":{\"@id\":\"https:\\\/\\\/www.jornalja.com.br\\\/arquivo\\\/indicacoes-ao-acorianos-de-literatura-da-visibilidade-a-escola-de-poesia\\\/#mainImage\"},\"datePublished\":\"2016-11-28T00:29:20-02:00\",\"dateModified\":\"2016-11-28T00:29:20-02:00\"},{\"@type\":\"WebSite\",\"@id\":\"https:\\\/\\\/www.jornalja.com.br\\\/arquivo\\\/#website\",\"url\":\"https:\\\/\\\/www.jornalja.com.br\\\/arquivo\\\/\",\"name\":\"Arquivo\",\"description\":\"Jornal J\\u00c1 | Porto Alegre\",\"inLanguage\":\"pt-BR\",\"publisher\":{\"@id\":\"https:\\\/\\\/www.jornalja.com.br\\\/arquivo\\\/#organization\"}}]}\n\t\t<\/script>\n\t\t<!-- All in One SEO -->\n\n","aioseo_head_json":{"title":"Indica\u00e7\u00f5es ao A\u00e7orianos de Literatura d\u00e3o visibilidade \u00e0 Escola de Poesia | Arquivo","description":"","canonical_url":"https:\/\/www.jornalja.com.br\/arquivo\/indicacoes-ao-acorianos-de-literatura-da-visibilidade-a-escola-de-poesia\/","robots":"max-image-preview:large","keywords":"","webmasterTools":{"miscellaneous":""},"schema":{"@context":"https:\/\/schema.org","@graph":[{"@type":"BlogPosting","@id":"https:\/\/www.jornalja.com.br\/arquivo\/indicacoes-ao-acorianos-de-literatura-da-visibilidade-a-escola-de-poesia\/#blogposting","name":"Indica\u00e7\u00f5es ao A\u00e7orianos de Literatura d\u00e3o visibilidade \u00e0 Escola de Poesia | Arquivo","headline":"Indica\u00e7\u00f5es ao A\u00e7orianos de Literatura d\u00e3o visibilidade \u00e0 Escola de Poesia","author":{"@id":"https:\/\/www.jornalja.com.br\/arquivo\/author\/daredacao\/#author"},"publisher":{"@id":"https:\/\/www.jornalja.com.br\/arquivo\/#organization"},"image":{"@type":"ImageObject","url":41765},"datePublished":"2016-11-28T00:29:20-02:00","dateModified":"2016-11-28T00:29:20-02:00","inLanguage":"pt-BR","mainEntityOfPage":{"@id":"https:\/\/www.jornalja.com.br\/arquivo\/indicacoes-ao-acorianos-de-literatura-da-visibilidade-a-escola-de-poesia\/#webpage"},"isPartOf":{"@id":"https:\/\/www.jornalja.com.br\/arquivo\/indicacoes-ao-acorianos-de-literatura-da-visibilidade-a-escola-de-poesia\/#webpage"},"articleSection":"Cultura-Geral"},{"@type":"BreadcrumbList","@id":"https:\/\/www.jornalja.com.br\/arquivo\/indicacoes-ao-acorianos-de-literatura-da-visibilidade-a-escola-de-poesia\/#breadcrumblist","itemListElement":[{"@type":"ListItem","@id":"https:\/\/www.jornalja.com.br\/arquivo#listItem","position":1,"name":"Home","item":"https:\/\/www.jornalja.com.br\/arquivo","nextItem":{"@type":"ListItem","@id":"https:\/\/www.jornalja.com.br\/arquivo\/category\/materiasecundaria\/#listItem","name":"Cultura-Geral"}},{"@type":"ListItem","@id":"https:\/\/www.jornalja.com.br\/arquivo\/category\/materiasecundaria\/#listItem","position":2,"name":"Cultura-Geral","item":"https:\/\/www.jornalja.com.br\/arquivo\/category\/materiasecundaria\/","nextItem":{"@type":"ListItem","@id":"https:\/\/www.jornalja.com.br\/arquivo\/indicacoes-ao-acorianos-de-literatura-da-visibilidade-a-escola-de-poesia\/#listItem","name":"Indica\u00e7\u00f5es ao A\u00e7orianos de Literatura d\u00e3o visibilidade \u00e0 Escola de Poesia"},"previousItem":{"@type":"ListItem","@id":"https:\/\/www.jornalja.com.br\/arquivo#listItem","name":"Home"}},{"@type":"ListItem","@id":"https:\/\/www.jornalja.com.br\/arquivo\/indicacoes-ao-acorianos-de-literatura-da-visibilidade-a-escola-de-poesia\/#listItem","position":3,"name":"Indica\u00e7\u00f5es ao A\u00e7orianos de Literatura d\u00e3o visibilidade \u00e0 Escola de Poesia","previousItem":{"@type":"ListItem","@id":"https:\/\/www.jornalja.com.br\/arquivo\/category\/materiasecundaria\/#listItem","name":"Cultura-Geral"}}]},{"@type":"Organization","@id":"https:\/\/www.jornalja.com.br\/arquivo\/#organization","name":"Jornal J\u00c1","description":"Jornal J\u00c1 | Porto Alegre","url":"https:\/\/www.jornalja.com.br\/arquivo\/","telephone":"+555133307272","logo":{"@type":"ImageObject","url":"https:\/\/www.jornalja.com.br\/wp-content\/uploads\/cards\/JAslogan.png","@id":"https:\/\/www.jornalja.com.br\/arquivo\/indicacoes-ao-acorianos-de-literatura-da-visibilidade-a-escola-de-poesia\/#organizationLogo"},"image":{"@id":"https:\/\/www.jornalja.com.br\/arquivo\/indicacoes-ao-acorianos-de-literatura-da-visibilidade-a-escola-de-poesia\/#organizationLogo"}},{"@type":"Person","@id":"https:\/\/www.jornalja.com.br\/arquivo\/author\/daredacao\/#author","url":"https:\/\/www.jornalja.com.br\/arquivo\/author\/daredacao\/","name":"da Reda\u00e7\u00e3o","image":{"@type":"ImageObject","@id":"https:\/\/www.jornalja.com.br\/arquivo\/indicacoes-ao-acorianos-de-literatura-da-visibilidade-a-escola-de-poesia\/#authorImage","url":"https:\/\/secure.gravatar.com\/avatar\/469fd857d6605ad19919d27ed29d35a968a25f6e8fd9318356bbb7f57aae9c65?s=96&d=mm&r=g","width":96,"height":96,"caption":"da Reda\u00e7\u00e3o"}},{"@type":"WebPage","@id":"https:\/\/www.jornalja.com.br\/arquivo\/indicacoes-ao-acorianos-de-literatura-da-visibilidade-a-escola-de-poesia\/#webpage","url":"https:\/\/www.jornalja.com.br\/arquivo\/indicacoes-ao-acorianos-de-literatura-da-visibilidade-a-escola-de-poesia\/","name":"Indica\u00e7\u00f5es ao A\u00e7orianos de Literatura d\u00e3o visibilidade \u00e0 Escola de Poesia | Arquivo","inLanguage":"pt-BR","isPartOf":{"@id":"https:\/\/www.jornalja.com.br\/arquivo\/#website"},"breadcrumb":{"@id":"https:\/\/www.jornalja.com.br\/arquivo\/indicacoes-ao-acorianos-de-literatura-da-visibilidade-a-escola-de-poesia\/#breadcrumblist"},"author":{"@id":"https:\/\/www.jornalja.com.br\/arquivo\/author\/daredacao\/#author"},"creator":{"@id":"https:\/\/www.jornalja.com.br\/arquivo\/author\/daredacao\/#author"},"image":{"@type":"ImageObject","url":41765,"@id":"https:\/\/www.jornalja.com.br\/arquivo\/indicacoes-ao-acorianos-de-literatura-da-visibilidade-a-escola-de-poesia\/#mainImage"},"primaryImageOfPage":{"@id":"https:\/\/www.jornalja.com.br\/arquivo\/indicacoes-ao-acorianos-de-literatura-da-visibilidade-a-escola-de-poesia\/#mainImage"},"datePublished":"2016-11-28T00:29:20-02:00","dateModified":"2016-11-28T00:29:20-02:00"},{"@type":"WebSite","@id":"https:\/\/www.jornalja.com.br\/arquivo\/#website","url":"https:\/\/www.jornalja.com.br\/arquivo\/","name":"Arquivo","description":"Jornal J\u00c1 | Porto Alegre","inLanguage":"pt-BR","publisher":{"@id":"https:\/\/www.jornalja.com.br\/arquivo\/#organization"}}]},"og:locale":"pt_BR","og:site_name":"Arquivo | Jornal J\u00c1 | Porto Alegre","og:type":"article","og:title":"Indica\u00e7\u00f5es ao A\u00e7orianos de Literatura d\u00e3o visibilidade \u00e0 Escola de Poesia | Arquivo","og:url":"https:\/\/www.jornalja.com.br\/arquivo\/indicacoes-ao-acorianos-de-literatura-da-visibilidade-a-escola-de-poesia\/","og:image":"https:\/\/www.jornalja.com.br\/economics\/wp-content\/uploads\/sites\/11\/2026\/08\/ja-folhaderosto-facebook.jpg","og:image:secure_url":"https:\/\/www.jornalja.com.br\/economics\/wp-content\/uploads\/sites\/11\/2026\/08\/ja-folhaderosto-facebook.jpg","article:published_time":"2016-11-28T03:29:20+00:00","article:modified_time":"2016-11-28T03:29:20+00:00","twitter:card":"summary","twitter:title":"Indica\u00e7\u00f5es ao A\u00e7orianos de Literatura d\u00e3o visibilidade \u00e0 Escola de Poesia | Arquivo","twitter:image":"https:\/\/www.jornalja.com.br\/economics\/wp-content\/uploads\/sites\/11\/2026\/08\/ja-folhaderosto-facebook.jpg"},"aioseo_meta_data":{"post_id":"41760","title":null,"description":null,"keywords":null,"keyphrases":null,"primary_term":null,"canonical_url":null,"og_title":null,"og_description":null,"og_object_type":"default","og_image_type":"default","og_image_url":null,"og_image_width":null,"og_image_height":null,"og_image_custom_url":null,"og_image_custom_fields":null,"og_video":null,"og_custom_url":null,"og_article_section":null,"og_article_tags":null,"twitter_use_og":false,"twitter_card":"default","twitter_image_type":"default","twitter_image_url":null,"twitter_image_custom_url":null,"twitter_image_custom_fields":null,"twitter_title":null,"twitter_description":null,"schema":{"blockGraphs":[],"customGraphs":[],"default":{"data":{"Article":[],"Course":[],"Dataset":[],"FAQPage":[],"Movie":[],"Person":[],"Product":[],"ProductReview":[],"Car":[],"Recipe":[],"Service":[],"SoftwareApplication":[],"WebPage":[]},"graphName":"","isEnabled":true},"graphs":[],"defaultGraph":"","defaultPostTypeGraph":""},"schema_type":null,"schema_type_options":null,"pillar_content":false,"robots_default":true,"robots_noindex":false,"robots_noarchive":false,"robots_nosnippet":false,"robots_nofollow":false,"robots_noimageindex":false,"robots_noodp":false,"robots_notranslate":false,"robots_max_snippet":null,"robots_max_videopreview":null,"robots_max_imagepreview":"large","priority":null,"frequency":null,"location":null,"local_seo":null,"breadcrumb_settings":null,"limit_modified_date":false,"ai":null,"created":"2020-12-20 20:44:22","updated":"2025-07-19 18:24:26","seo_analyzer_scan_date":null,"focus_keyword":null,"additional_keywords":null,"truseo_locale":null},"jetpack_sharing_enabled":true,"jetpack-related-posts":[{"id":1280,"url":"https:\/\/www.jornalja.com.br\/arquivo\/o-menino-que-se-tornou-brizola\/","url_meta":{"origin":41760,"position":0},"title":"O Menino que se Tornou Brizola","author":"da Reda\u00e7\u00e3o","date":"28 de julho de 2008","format":false,"excerpt":"Autor: Cleber Dioni A vida de Leonel Brizola, com \u00eanfase para os primeiros anos em Porto Alegre, at\u00e9 o ex\u00edlio no Uruguai e a volta, quinze anos depois. \u00a0\"...\u00c9ramos todos jovens e nos identific\u00e1vamos com aquela massa an\u00f4nima a percorrer as ruas de Porto Alegre, gritando 'Get\u00falio', 'Get\u00falio' e empunhando\u2026","rel":"","context":"Em &quot;Livros&quot;","block_context":{"text":"Livros","link":"https:\/\/www.jornalja.com.br\/arquivo\/category\/livros\/"},"img":{"alt_text":"","src":"https:\/\/i0.wp.com\/www.jornalja.com.br\/wp-content\/uploads\/2008\/07\/brizola.gif?resize=350%2C200&ssl=1","width":350,"height":200},"classes":[]},{"id":13101,"url":"https:\/\/www.jornalja.com.br\/arquivo\/morre-um-guerreiro-do-texto\/","url_meta":{"origin":41760,"position":1},"title":"Morre um guerreiro do texto","author":"Patr\u00edcia Marini","date":"14 de maio de 2014","format":false,"excerpt":"Por Ricardo Kotscho Reproduzido do blog do autor, 11\/5\/2014; t\u00edtulo original \u201cE l\u00e1 se foi o nosso Myltainho, guerreiro do texto\u201d. Mi\u00fado e franzino, meu amigo Myltainho era um valente e inconformado guerreiro na luta contra as injusti\u00e7as sociais, a hipocrisia, as maracutaias, o autoritarismo, a intoler\u00e2ncia, a viol\u00eancia, o\u2026","rel":"","context":"Em &quot;Geral&quot;","block_context":{"text":"Geral","link":"https:\/\/www.jornalja.com.br\/arquivo\/category\/geral\/"},"img":{"alt_text":"","src":"","width":0,"height":0},"classes":[]},{"id":13109,"url":"https:\/\/www.jornalja.com.br\/arquivo\/judiciario-reconhece-poluicao-eletromagnetica\/","url_meta":{"origin":41760,"position":2},"title":"Judici\u00e1rio reconhece polui\u00e7\u00e3o eletromagn\u00e9tica","author":"Patr\u00edcia Marini","date":"16 de maio de 2014","format":false,"excerpt":"A\u00e7\u00e3o de duas associa\u00e7\u00f5es de moradores foi acolhida pelo Tribunal de Justi\u00e7a de S\u00e3o Paulo que. em decis\u00e3o in\u00e9dita, determinou a redu\u00e7\u00e3o do campo eletromagn\u00e9tico gerado pelas linhas de transmiss\u00e3o de energia que cortam os bairros City Boa\u00e7ava e Alto de Pinheiros. \u00c9 a primeira vez que um tribunal do\u2026","rel":"","context":"Em &quot;X.Categorias velhas&quot;","block_context":{"text":"X.Categorias velhas","link":"https:\/\/www.jornalja.com.br\/arquivo\/category\/x-categorias-velhas\/"},"img":{"alt_text":"","src":"","width":0,"height":0},"classes":[]},{"id":13240,"url":"https:\/\/www.jornalja.com.br\/arquivo\/plano-diretor-estamos-construindo-o-caos\/","url_meta":{"origin":41760,"position":3},"title":"Plano diretor: &quot;Estamos construindo o caos&quot;","author":"Patr\u00edcia Marini","date":"26 de maio de 2014","format":false,"excerpt":"Desabafo que arquiteta Eliana Castilhos, delegada da Regi\u00e3o de Planejamento 1, postou nas redes sociais \u00e9 um testemunho do ambiente que se criou no Conselho do Plano Diretor de Porto Alegre, onde a aprova\u00e7\u00e3o de grandes empreendimentos \u00e9 empurrada guela abaixo dos conselheiros. Ao CMDUA Como delegada da Regi\u00e3o de\u2026","rel":"","context":"Em &quot;Geral&quot;","block_context":{"text":"Geral","link":"https:\/\/www.jornalja.com.br\/arquivo\/category\/geral\/"},"img":{"alt_text":"","src":"","width":0,"height":0},"classes":[]},{"id":14241,"url":"https:\/\/www.jornalja.com.br\/arquivo\/o-guaiba-nas-imagens-poeticas-de-achutti\/","url_meta":{"origin":41760,"position":4},"title":"O Gua\u00edba nas imagens po\u00e9ticas de Achutti","author":"da Reda\u00e7\u00e3o","date":"18 de junho de 2014","format":false,"excerpt":"Em \u201cO Gua\u00edba por Achutti\u201d \u2013 obra financiada via Minist\u00e9rio da Cultura, produ\u00e7\u00e3o executiva de Pedro Longhi, e Fl\u00e1vio Wild como designer \u2013, o fot\u00f3grafo revela a beleza e as mazelas de um espa\u00e7o aqu\u00e1tico de \u00e1guas sempre renovadas, cheio de hist\u00f3rias e lendas como as das cidades que foram\u2026","rel":"","context":"Em &quot;Cultura-Geral&quot;","block_context":{"text":"Cultura-Geral","link":"https:\/\/www.jornalja.com.br\/arquivo\/category\/materiasecundaria\/"},"img":{"alt_text":"","src":"","width":0,"height":0},"classes":[]},{"id":13124,"url":"https:\/\/www.jornalja.com.br\/arquivo\/sangue-latino-no-iecine\/","url_meta":{"origin":41760,"position":5},"title":"Sangue latino no IECINE","author":"da Reda\u00e7\u00e3o","date":"18 de maio de 2014","format":false,"excerpt":"Francisco Ribeiro O Instituto Estadual de Cinema (IECINE) tem a frente, desde abril \u00faltimo, um novo diretor, o cineasta colombiano Juan Zapata, 36, que substitui Luiz Alberto Cassol. Radicado h\u00e1 dez anos em Porto Alegre, Zapata tem diante de si o desafio de conduzir at\u00e9 o final do ano um\u2026","rel":"","context":"Em &quot;Cultura-Geral&quot;","block_context":{"text":"Cultura-Geral","link":"https:\/\/www.jornalja.com.br\/arquivo\/category\/materiasecundaria\/"},"img":{"alt_text":"","src":"","width":0,"height":0},"classes":[]}],"jetpack_shortlink":"https:\/\/wp.me\/pbQjBd-aRy","jetpack_featured_media_url":"","_links":{"self":[{"href":"https:\/\/www.jornalja.com.br\/arquivo\/wp-json\/wp\/v2\/posts\/41760","targetHints":{"allow":["GET"]}}],"collection":[{"href":"https:\/\/www.jornalja.com.br\/arquivo\/wp-json\/wp\/v2\/posts"}],"about":[{"href":"https:\/\/www.jornalja.com.br\/arquivo\/wp-json\/wp\/v2\/types\/post"}],"author":[{"embeddable":true,"href":"https:\/\/www.jornalja.com.br\/arquivo\/wp-json\/wp\/v2\/users\/4"}],"replies":[{"embeddable":true,"href":"https:\/\/www.jornalja.com.br\/arquivo\/wp-json\/wp\/v2\/comments?post=41760"}],"version-history":[{"count":0,"href":"https:\/\/www.jornalja.com.br\/arquivo\/wp-json\/wp\/v2\/posts\/41760\/revisions"}],"wp:attachment":[{"href":"https:\/\/www.jornalja.com.br\/arquivo\/wp-json\/wp\/v2\/media?parent=41760"}],"wp:term":[{"taxonomy":"category","embeddable":true,"href":"https:\/\/www.jornalja.com.br\/arquivo\/wp-json\/wp\/v2\/categories?post=41760"},{"taxonomy":"post_tag","embeddable":true,"href":"https:\/\/www.jornalja.com.br\/arquivo\/wp-json\/wp\/v2\/tags?post=41760"}],"curies":[{"name":"wp","href":"https:\/\/api.w.org\/{rel}","templated":true}]}}