{"id":41794,"date":"2016-11-29T07:18:55","date_gmt":"2016-11-29T10:18:55","guid":{"rendered":"https:\/\/www.jornalja.com.br\/?p=41794"},"modified":"2016-11-29T07:18:55","modified_gmt":"2016-11-29T10:18:55","slug":"caso-geddel-fontana-pede-convocacao-de-padilha-na-comissao-de-cultura","status":"publish","type":"post","link":"https:\/\/www.jornalja.com.br\/arquivo\/caso-geddel-fontana-pede-convocacao-de-padilha-na-comissao-de-cultura\/","title":{"rendered":"Caso Geddel: Fontana pede convoca\u00e7\u00e3o de Padilha na Comiss\u00e3o de Cultura"},"content":{"rendered":"<p>O deputado Henrique Fontana (PT-RS) quer convocar o ministro-chefe da Casa Civil, Eliseu Padilha (PMDB-RS), na Comiss\u00e3o de Cultura da C\u00e2mara dos Deputados para esclarecer as den\u00fancias que envolvem a conduta do ex-ministro da Secretaria de Governo, Geddel Vieira Lima.<br \/>\nO pedido foi protocolado na tarde desta segunda-feira (28), \u00a0juntamente com outros tr\u00eas convites para que compare\u00e7am tamb\u00e9m na C\u00e2mara o secret\u00e1rio de Assuntos Jur\u00eddicos da Casa Civil, Gustavo Rocha, o Procurador-Chefe do Instituto do Patrim\u00f4nio Hist\u00f3rico e Art\u00edstico Nacional (Iphan), Heliomar Alencar de Oliveira e a Chefe de Gabinete do presidente da Rep\u00fablica Michel Temer, Nara de Deus.<br \/>\nTodos foram citados pelo ex-ministro da Cultura, Marcelo Calero, na Pol\u00edcia Federal quando afirmou na semana passada que o presidente da Rep\u00fablica Michel Temer interveio em favor dos interesses do agora ex-ministro da Secretaria de Governo, Geddel Vieira Lima, para liberar uma obra em Salvador.\u00a0Geddel pediu demiss\u00e3o do cargo ap\u00f3s a den\u00fancia.<br \/>\nFontana diz que os epis\u00f3dios relatados por Calero, se confirmados, \u00a0\u00a0configuram em pr\u00e1tica de concuss\u00e3o. Este crime est\u00e1 configurado no artigo 316 do C\u00f3digo Penal, que \u00e9 o uso do cargo para obter vantagem indevida.<br \/>\n&nbsp;<\/p>\n","protected":false},"excerpt":{"rendered":"<p>O deputado Henrique Fontana (PT-RS) quer convocar o ministro-chefe da Casa Civil, Eliseu Padilha (PMDB-RS), na Comiss\u00e3o de Cultura da C\u00e2mara dos Deputados para esclarecer as den\u00fancias que envolvem a conduta do ex-ministro da Secretaria de Governo, Geddel Vieira Lima. O pedido foi protocolado na tarde desta segunda-feira (28), \u00a0juntamente com outros tr\u00eas convites para [&hellip;]<\/p>\n","protected":false},"author":4,"featured_media":41815,"comment_status":"open","ping_status":"closed","sticky":false,"template":"","format":"standard","meta":{"_jetpack_memberships_contains_paid_content":false,"footnotes":""},"categories":[26],"tags":[],"class_list":["post-41794","post","type-post","status-publish","format-standard","has-post-thumbnail","hentry","category-geral"],"aioseo_notices":[],"jetpack_featured_media_url":"","jetpack_sharing_enabled":true,"jetpack-related-posts":[],"jetpack_shortlink":"https:\/\/wp.me\/pbQjBd-aS6","_links":{"self":[{"href":"https:\/\/www.jornalja.com.br\/arquivo\/wp-json\/wp\/v2\/posts\/41794","targetHints":{"allow":["GET"]}}],"collection":[{"href":"https:\/\/www.jornalja.com.br\/arquivo\/wp-json\/wp\/v2\/posts"}],"about":[{"href":"https:\/\/www.jornalja.com.br\/arquivo\/wp-json\/wp\/v2\/types\/post"}],"author":[{"embeddable":true,"href":"https:\/\/www.jornalja.com.br\/arquivo\/wp-json\/wp\/v2\/users\/4"}],"replies":[{"embeddable":true,"href":"https:\/\/www.jornalja.com.br\/arquivo\/wp-json\/wp\/v2\/comments?post=41794"}],"version-history":[{"count":0,"href":"https:\/\/www.jornalja.com.br\/arquivo\/wp-json\/wp\/v2\/posts\/41794\/revisions"}],"wp:featuredmedia":[{"embeddable":true,"href":"https:\/\/www.jornalja.com.br\/arquivo\/wp-json\/"}],"wp:attachment":[{"href":"https:\/\/www.jornalja.com.br\/arquivo\/wp-json\/wp\/v2\/media?parent=41794"}],"wp:term":[{"taxonomy":"category","embeddable":true,"href":"https:\/\/www.jornalja.com.br\/arquivo\/wp-json\/wp\/v2\/categories?post=41794"},{"taxonomy":"post_tag","embeddable":true,"href":"https:\/\/www.jornalja.com.br\/arquivo\/wp-json\/wp\/v2\/tags?post=41794"}],"curies":[{"name":"wp","href":"https:\/\/api.w.org\/{rel}","templated":true}]}}