{"id":41813,"date":"2016-11-29T11:29:06","date_gmt":"2016-11-29T14:29:06","guid":{"rendered":"https:\/\/www.jornalja.com.br\/?p=41813"},"modified":"2016-11-29T11:29:06","modified_gmt":"2016-11-29T14:29:06","slug":"violencia-domestica-e-tema-de-filme-e-debate-no-santander-cultural","status":"publish","type":"post","link":"https:\/\/www.jornalja.com.br\/arquivo\/violencia-domestica-e-tema-de-filme-e-debate-no-santander-cultural\/","title":{"rendered":"Viol\u00eancia dom\u00e9stica \u00e9 tema de filme e debate no Santander Cultural"},"content":{"rendered":"<p dir=\"ltr\" align=\"justify\"><span style=\"font-family: Arial\">Vidas Partidas, com Domingos Montagner e Naura Schneider, \u00e9 um filme sobre a viol\u00eancia dom\u00e9stica, que ser\u00e1 exibido no dia 1 de dezembro no Santander Cultural, em Porto Alegre, como parte da Campanha Internacional pelo Fim da Viol\u00eancia Contra a Mulher.<\/span><\/p>\n<p dir=\"ltr\" align=\"justify\"><span style=\"font-family: Arial\">A sess\u00e3o, \u00e0s 19 horas, \u00e9 gratuita e, em raz\u00e3o do n\u00famero restrito de lugares existentes no local, foram enviados convites aos integrantes da rede de enfrentamento e combate \u00e0 viol\u00eancia dom\u00e9stica, que ter\u00e3o prefer\u00eancia para assistir ao filme. <\/span><\/p>\n<p dir=\"ltr\" align=\"justify\"><span style=\"font-family: Arial\">No local, os convidados poder\u00e3o fazer doa\u00e7\u00e3o \u00e0 Casa Lil\u00e1s e Viva Maria, que atuam no acolhimento das mulheres em situa\u00e7\u00e3o de viol\u00eancia dom\u00e9stica e seus filhos menores, fazendo a entrega dos seguintes itens: chinelos de borracha numera\u00e7\u00e3o de 20 a 38 e itens de beleza.<\/span><\/p>\n<div dir=\"ltr\" align=\"justify\"><b><\/b><span style=\"font-family: Arial\">\u00c0s 17h, a imprensa est\u00e1 convidada para um bate papo, na sala multiuso do Santander Cultural, onde ser\u00e1 abordado o filme e ser\u00e3o debatidas quest\u00f5es relativas \u00e0 tem\u00e1tica, com a atriz e produtora da obra, Naura Schneider. <\/span><\/div>\n<div dir=\"ltr\" align=\"justify\"><\/div>\n<div dir=\"ltr\" align=\"justify\"><span style=\"font-family: Arial\">Participam tamb\u00e9m da discuss\u00e3o a ju\u00edza de Direito e a Defensora P\u00fablica que atuam no 1\u00ba Juizado de Viol\u00eancia Dom\u00e9stica de Porto Alegre, Madg\u00e9li Frantz Machado e Elisa Dias de Castro Stoduto, respectivamente, a ju\u00edza-corregedora e Coordenadora da Coordenadoria Estadual das Mulheres em Situa\u00e7\u00e3o de Viol\u00eancia Dom\u00e9stica e Familiar, Traudi Beatriz Grabin, a promotora de Justi\u00e7a Ivana Battaglin, da Promotoria de Justi\u00e7a de Defesa dos Direitos Humanos, e a delegada de Pol\u00edcia da Delegacia Especializada no Atendimento \u00e0 Mulher, de Porto Alegre, Tatiana Bastos.<\/span><\/div>\n<div dir=\"ltr\" align=\"justify\"><\/div>\n<div dir=\"ltr\" align=\"justify\"><b><\/b><span style=\"font-family: Arial\">A media\u00e7\u00e3o ser\u00e1 feita pelo diretor da Escola da AJURIS, desembargador Cl\u00e1udio Lu\u00eds Martinewski. O filme ser\u00e1 exibido na sala de cinema do Santander Cultural, \u00e0s 19h e, ao final, a obra ser\u00e1 comentada por Naura Schneider, pela Ouvidora-Geral da Defensoria P\u00fablica do RS e fundadora da ONG Themis, Denise Dora, e outros convidados, al\u00e9m de contar com a participa\u00e7\u00e3o do p\u00fablico.<\/span><\/div>\n<div dir=\"ltr\" align=\"justify\"><\/div>\n<div dir=\"ltr\" align=\"justify\"><b><\/b><span style=\"font-family: Arial\">Natural de Santa Maria, Naura \u00e9 atriz e graduada em jornalismo e j\u00e1 participou de diversas produ\u00e7\u00f5es da TV Globo, entre novelas e seriados. No filme<i> Vidas Partidas<\/i>, interpreta Gra\u00e7a, que sofre viol\u00eancia por parte do marido, personagem vivido pelo ator Domingos Montagner. Uma das organizadoras da atividade, a magistrada Madg\u00e9li Frantz Machado destaca a import\u00e2ncia da contribui\u00e7\u00e3o do cinema para \u201ctrazer \u00e0 tona um tema que normalmente fica na invisibilidade\u201d.<\/span><\/div>\n<div dir=\"ltr\" align=\"justify\"><\/div>\n<div dir=\"ltr\" align=\"justify\"><b><\/b><b><span style=\"font-family: Arial\">Viol\u00eancia dom\u00e9stica em n\u00fameros<\/span><\/b><\/div>\n<div dir=\"ltr\" align=\"justify\"><b><\/b><span style=\"font-family: Arial\">Segundo dados da Corregedoria-Geral da Justi\u00e7a,\u00a0 em 2015, foram aplicadas no RS mais de 58 mil medidas protetivas para mulheres v\u00edtimas de viol\u00eancia dom\u00e9stica. Apenas no primeiro semestre de 2016, 42.054 medidas j\u00e1 foram concedidas e mais de 60 mil novos processos foram iniciados.<\/span><\/div>\n<div dir=\"ltr\" align=\"justify\"><b>\u00a0<\/b><\/div>\n<div dir=\"ltr\" align=\"justify\"><b>\u00a0<\/b><\/div>\n<p dir=\"ltr\" align=\"justify\"><b><span style=\"font-family: Arial\">SERVI\u00c7O<\/span><\/b><\/p>\n<div dir=\"ltr\" align=\"justify\"><b><\/b><b><span style=\"font-family: Arial\">Sess\u00e3o especial do filme <i>Vidas Partidas<\/i><\/span><\/b><\/div>\n<p dir=\"ltr\" align=\"justify\"><span style=\"font-family: Arial\"><b>Data:<\/b> 1\u00ba\/12\/2016 (quinta-feira)<\/span><\/p>\n<p dir=\"ltr\" align=\"justify\"><span style=\"font-family: Arial\"><b>Local: <\/b>Santander Cultural (Rua 7 de Setembro, 1028) &#8211; Porto Alegre<\/span><\/p>\n<div dir=\"ltr\" align=\"justify\"><b><\/b><span style=\"font-family: Arial\">17h: Naura Schneider e integrantes do sistema de Justi\u00e7a que atuam na tem\u00e1tica da viol\u00eancia dom\u00e9stica conversam com a imprensa<\/span><\/div>\n<div dir=\"ltr\" align=\"justify\"><b><\/b><span style=\"font-family: Arial\">19h: Exibi\u00e7\u00e3o do filme seguido de coment\u00e1rio sobre a obra e o tema da viol\u00eancia dom\u00e9stica, com a atriz e produtora Naura Schneider, Denise Dora e convidados.<\/span><\/div>\n","protected":false},"excerpt":{"rendered":"<p>Vidas Partidas, com Domingos Montagner e Naura Schneider, \u00e9 um filme sobre a viol\u00eancia dom\u00e9stica, que ser\u00e1 exibido no dia 1 de dezembro no Santander Cultural, em Porto Alegre, como parte da Campanha Internacional pelo Fim da Viol\u00eancia Contra a Mulher. A sess\u00e3o, \u00e0s 19 horas, \u00e9 gratuita e, em raz\u00e3o do n\u00famero restrito de [&hellip;]<\/p>\n","protected":false},"author":4,"featured_media":41827,"comment_status":"open","ping_status":"closed","sticky":false,"template":"","format":"standard","meta":{"_jetpack_memberships_contains_paid_content":false,"footnotes":""},"categories":[26],"tags":[],"class_list":["post-41813","post","type-post","status-publish","format-standard","has-post-thumbnail","hentry","category-geral"],"aioseo_notices":[],"jetpack_featured_media_url":"","jetpack_sharing_enabled":true,"jetpack-related-posts":[],"jetpack_shortlink":"https:\/\/wp.me\/pbQjBd-aSp","_links":{"self":[{"href":"https:\/\/www.jornalja.com.br\/arquivo\/wp-json\/wp\/v2\/posts\/41813","targetHints":{"allow":["GET"]}}],"collection":[{"href":"https:\/\/www.jornalja.com.br\/arquivo\/wp-json\/wp\/v2\/posts"}],"about":[{"href":"https:\/\/www.jornalja.com.br\/arquivo\/wp-json\/wp\/v2\/types\/post"}],"author":[{"embeddable":true,"href":"https:\/\/www.jornalja.com.br\/arquivo\/wp-json\/wp\/v2\/users\/4"}],"replies":[{"embeddable":true,"href":"https:\/\/www.jornalja.com.br\/arquivo\/wp-json\/wp\/v2\/comments?post=41813"}],"version-history":[{"count":0,"href":"https:\/\/www.jornalja.com.br\/arquivo\/wp-json\/wp\/v2\/posts\/41813\/revisions"}],"wp:featuredmedia":[{"embeddable":true,"href":"https:\/\/www.jornalja.com.br\/arquivo\/wp-json\/"}],"wp:attachment":[{"href":"https:\/\/www.jornalja.com.br\/arquivo\/wp-json\/wp\/v2\/media?parent=41813"}],"wp:term":[{"taxonomy":"category","embeddable":true,"href":"https:\/\/www.jornalja.com.br\/arquivo\/wp-json\/wp\/v2\/categories?post=41813"},{"taxonomy":"post_tag","embeddable":true,"href":"https:\/\/www.jornalja.com.br\/arquivo\/wp-json\/wp\/v2\/tags?post=41813"}],"curies":[{"name":"wp","href":"https:\/\/api.w.org\/{rel}","templated":true}]}}