{"id":41816,"date":"2016-11-29T11:24:59","date_gmt":"2016-11-29T14:24:59","guid":{"rendered":"https:\/\/www.jornalja.com.br\/?p=41816"},"modified":"2016-11-29T11:24:59","modified_gmt":"2016-11-29T14:24:59","slug":"falta-de-combustivel-teria-causado-a-tragedia-com-a-chapecoense","status":"publish","type":"post","link":"https:\/\/www.jornalja.com.br\/arquivo\/falta-de-combustivel-teria-causado-a-tragedia-com-a-chapecoense\/","title":{"rendered":"Falta de combust\u00edvel teria causado a trag\u00e9dia com a Chapecoense"},"content":{"rendered":"<p>N\u00e3o h\u00e1 ainda informa\u00e7\u00e3o oficial sobre as causas do acidente com o avi\u00e3o da LaMia que levava a equipe da Chapecoense para um jogo da Copa Sul Americana.<br \/>\nHavia 85 pessoas a bordo, estavam confirmadas 76 mortes quando as buscas foram interrompidas por causa do mau tempo.<br \/>\nNo primeiro momento, se informou que o avi\u00e3o sofreu uma pane e o piloto para evitar a explos\u00e3o descartou o combust\u00edvel antes da queda, a \u00a0cerca de 10 minutos do aeroporto de Medelin, onde iria pousar.<br \/>\nNo inicio da manh\u00e3 as r\u00e1dios j\u00e1 divulgavam uma outra informa\u00e7\u00e3o, tamb\u00e9m n\u00e3o confirmada: em um \u00faltimo contato com a torre o piloto do avi\u00e3o disse que estava sem combust\u00edvel.<br \/>\n&nbsp;<br \/>\n&nbsp;<br \/>\n&nbsp;<\/p>\n","protected":false},"excerpt":{"rendered":"<p>N\u00e3o h\u00e1 ainda informa\u00e7\u00e3o oficial sobre as causas do acidente com o avi\u00e3o da LaMia que levava a equipe da Chapecoense para um jogo da Copa Sul Americana. Havia 85 pessoas a bordo, estavam confirmadas 76 mortes quando as buscas foram interrompidas por causa do mau tempo. No primeiro momento, se informou que o avi\u00e3o [&hellip;]<\/p>\n","protected":false},"author":4,"featured_media":41817,"comment_status":"open","ping_status":"closed","sticky":false,"template":"","format":"standard","meta":{"_jetpack_memberships_contains_paid_content":false,"footnotes":""},"categories":[26],"tags":[],"class_list":["post-41816","post","type-post","status-publish","format-standard","has-post-thumbnail","hentry","category-geral"],"aioseo_notices":[],"jetpack_featured_media_url":"","jetpack_sharing_enabled":true,"jetpack-related-posts":[],"jetpack_shortlink":"https:\/\/wp.me\/pbQjBd-aSs","_links":{"self":[{"href":"https:\/\/www.jornalja.com.br\/arquivo\/wp-json\/wp\/v2\/posts\/41816","targetHints":{"allow":["GET"]}}],"collection":[{"href":"https:\/\/www.jornalja.com.br\/arquivo\/wp-json\/wp\/v2\/posts"}],"about":[{"href":"https:\/\/www.jornalja.com.br\/arquivo\/wp-json\/wp\/v2\/types\/post"}],"author":[{"embeddable":true,"href":"https:\/\/www.jornalja.com.br\/arquivo\/wp-json\/wp\/v2\/users\/4"}],"replies":[{"embeddable":true,"href":"https:\/\/www.jornalja.com.br\/arquivo\/wp-json\/wp\/v2\/comments?post=41816"}],"version-history":[{"count":0,"href":"https:\/\/www.jornalja.com.br\/arquivo\/wp-json\/wp\/v2\/posts\/41816\/revisions"}],"wp:featuredmedia":[{"embeddable":true,"href":"https:\/\/www.jornalja.com.br\/arquivo\/wp-json\/"}],"wp:attachment":[{"href":"https:\/\/www.jornalja.com.br\/arquivo\/wp-json\/wp\/v2\/media?parent=41816"}],"wp:term":[{"taxonomy":"category","embeddable":true,"href":"https:\/\/www.jornalja.com.br\/arquivo\/wp-json\/wp\/v2\/categories?post=41816"},{"taxonomy":"post_tag","embeddable":true,"href":"https:\/\/www.jornalja.com.br\/arquivo\/wp-json\/wp\/v2\/tags?post=41816"}],"curies":[{"name":"wp","href":"https:\/\/api.w.org\/{rel}","templated":true}]}}