{"id":41856,"date":"2016-11-29T17:19:34","date_gmt":"2016-11-29T20:19:34","guid":{"rendered":"https:\/\/www.jornalja.com.br\/?p=41856"},"modified":"2016-11-29T17:19:34","modified_gmt":"2016-11-29T20:19:34","slug":"conselho-deliberativo-se-posiciona-contra-a-extincao-da-fundacao-piratini","status":"publish","type":"post","link":"https:\/\/www.jornalja.com.br\/arquivo\/conselho-deliberativo-se-posiciona-contra-a-extincao-da-fundacao-piratini\/","title":{"rendered":"Conselho Deliberativo se posiciona contra a extin\u00e7\u00e3o da Funda\u00e7\u00e3o Piratini"},"content":{"rendered":"<p>O colegiado que conta com representantes de diversas entidades da sociedade civil, do governo e dos servidores da Funda\u00e7\u00e3o Piratini se manifestou contra a proposta de extin\u00e7\u00e3o na noite desta segunda-feira (28). Foram 13 votos contra a extin\u00e7\u00e3o, e apenas 3 a favor, com uma absten\u00e7\u00e3o. A representa\u00e7\u00e3o da Secretaria de Cultura se absteve.<br \/>\nDurante a reuni\u00e3o do Conselho, o representante da Secretaria Estadual de Comunica\u00e7\u00e3o, Orestes de Andrade Jr., argumentou que a TVE e a FM Cultura n\u00e3o iriam acabar com a extin\u00e7\u00e3o da Funda\u00e7\u00e3o Piratini. O cineasta Giba Assis Brasil, representante da Associa\u00e7\u00e3o Profissional dos T\u00e9cnicos Cinematogr\u00e1ficos do RS, rebateu, afirmando que aprovar a extin\u00e7\u00e3o seria um cheque em branco, pois o governo n\u00e3o apresentou nenhuma proposta para a manuten\u00e7\u00e3o da r\u00e1dio e da televis\u00e3o.<br \/>\nA representante do Sindicato dos Radialistas, Gabriela Barenho, acrescentou que, em entrevista recente ao jornal <em>Zero Hora<\/em>, o secret\u00e1rio-geral de governo, Carlos B\u00farigo, afirmou que iria leiloar os bens da TVE e da FM Cultura. \u201cPara mim, este argumento de que a r\u00e1dio e a televis\u00e3o continuariam a existir \u00e9 uma tentativa de mascarar a realidade\u201d, concluiu.<br \/>\nO Conselho Deliberativo \u00e9 a representa\u00e7\u00e3o da sociedade civil na Funda\u00e7\u00e3o Piratini, respons\u00e1vel pelas duas emissoras p\u00fablicas.<br \/>\n<strong>Votaram contra a extin\u00e7\u00e3o da Funda\u00e7\u00e3o Piratini:<\/strong><br \/>\nAssocia\u00e7\u00e3o Riograndense de Imprensa (ARI)<br \/>\nSindicato do Ensino Privado do RS (SINEPE)<br \/>\nF\u00f3rum Estadual de Reitores<br \/>\nSindicato dos Jornalistas do RS (Sindijors),<br \/>\nSindicato da Ind\u00fastria Audiovisul do RS (SIAV)<br \/>\nAssocia\u00e7\u00e3o Profissional dos T\u00e9cnicos Cinematogr\u00e1ficos do Rio Grande do Sul (APTC)<br \/>\nSindicato dos M\u00fasicos do Rio Grande do Sul,<br \/>\nSindicato dos Artistas e T\u00e9cnicos em Espet\u00e1culos de Divers\u00f5es do Estado do Rio Grande do Sul (SATED-RS)<br \/>\nSindicato dos Radialistas do RS,<br \/>\nCPERS<br \/>\nSindicato dos Professores do Ensino Privado do RS (SINPRO-RS)<br \/>\nRepresentante dos servidores da TVE<br \/>\nRepresentante dos servidores da FM Cultura<br \/>\n<strong>Votaram pela extin\u00e7\u00e3o da Funda\u00e7\u00e3o Piratini:<\/strong><br \/>\nSecretaria Estadual de Comunica\u00e7\u00e3o<br \/>\nSecretaria Estadual de Educa\u00e7\u00e3o<br \/>\nFAMURS<\/p>\n","protected":false},"excerpt":{"rendered":"<p>O colegiado que conta com representantes de diversas entidades da sociedade civil, do governo e dos servidores da Funda\u00e7\u00e3o Piratini se manifestou contra a proposta de extin\u00e7\u00e3o na noite desta segunda-feira (28). Foram 13 votos contra a extin\u00e7\u00e3o, e apenas 3 a favor, com uma absten\u00e7\u00e3o. A representa\u00e7\u00e3o da Secretaria de Cultura se absteve. Durante [&hellip;]<\/p>\n","protected":false},"author":4,"featured_media":21799,"comment_status":"open","ping_status":"closed","sticky":false,"template":"","format":"standard","meta":{"_jetpack_memberships_contains_paid_content":false,"footnotes":""},"categories":[26],"tags":[],"class_list":["post-41856","post","type-post","status-publish","format-standard","has-post-thumbnail","hentry","category-geral"],"aioseo_notices":[],"jetpack_featured_media_url":"","jetpack_sharing_enabled":true,"jetpack-related-posts":[],"jetpack_shortlink":"https:\/\/wp.me\/pbQjBd-aT6","_links":{"self":[{"href":"https:\/\/www.jornalja.com.br\/arquivo\/wp-json\/wp\/v2\/posts\/41856","targetHints":{"allow":["GET"]}}],"collection":[{"href":"https:\/\/www.jornalja.com.br\/arquivo\/wp-json\/wp\/v2\/posts"}],"about":[{"href":"https:\/\/www.jornalja.com.br\/arquivo\/wp-json\/wp\/v2\/types\/post"}],"author":[{"embeddable":true,"href":"https:\/\/www.jornalja.com.br\/arquivo\/wp-json\/wp\/v2\/users\/4"}],"replies":[{"embeddable":true,"href":"https:\/\/www.jornalja.com.br\/arquivo\/wp-json\/wp\/v2\/comments?post=41856"}],"version-history":[{"count":0,"href":"https:\/\/www.jornalja.com.br\/arquivo\/wp-json\/wp\/v2\/posts\/41856\/revisions"}],"wp:featuredmedia":[{"embeddable":true,"href":"https:\/\/www.jornalja.com.br\/arquivo\/wp-json\/"}],"wp:attachment":[{"href":"https:\/\/www.jornalja.com.br\/arquivo\/wp-json\/wp\/v2\/media?parent=41856"}],"wp:term":[{"taxonomy":"category","embeddable":true,"href":"https:\/\/www.jornalja.com.br\/arquivo\/wp-json\/wp\/v2\/categories?post=41856"},{"taxonomy":"post_tag","embeddable":true,"href":"https:\/\/www.jornalja.com.br\/arquivo\/wp-json\/wp\/v2\/tags?post=41856"}],"curies":[{"name":"wp","href":"https:\/\/api.w.org\/{rel}","templated":true}]}}