{"id":41882,"date":"2016-12-01T08:53:15","date_gmt":"2016-12-01T11:53:15","guid":{"rendered":"https:\/\/www.jornalja.com.br\/?p=41882"},"modified":"2016-12-01T08:53:15","modified_gmt":"2016-12-01T11:53:15","slug":"walter-lidio-o-rs-e-a-expressao-mais-aguda-da-crise-brasileira","status":"publish","type":"post","link":"https:\/\/www.jornalja.com.br\/arquivo\/walter-lidio-o-rs-e-a-expressao-mais-aguda-da-crise-brasileira\/","title":{"rendered":"Walter L\u00eddio: \u201cO RS \u00e9 a express\u00e3o mais aguda da crise brasileira\u201d"},"content":{"rendered":"<p>\u201cO governo deu o primeiro passo, mas n\u00e3o \u00e9 o suficiente\u201d, afirmou nesta quarta-feira (30) o engenheiro Walter Lidio Nunes, presidente da Celulose Riograndense, em almo\u00e7o de final de ano com jornalistas ga\u00fachos.<br \/>\nSeu coment\u00e1rio referia-se ao pacote de medidas proposto pelo governador do Rio Grande do Sul, Estado que na sua avalia\u00e7\u00e3o constitui \u201ca express\u00e3o mais aguda da crise brasileira\u201d.<br \/>\nQuanto ao Brasil, ele manifestou a convic\u00e7\u00e3o de que \u201cas medidas est\u00e3o muito lentas para a gravidade da crise\u201d. A lentid\u00e3o do governo reflete o impasse pol\u00edtico. Segundo ele, \u201ca sociedade brasileira ainda n\u00e3o sabe o que quer, mas tem certeza de que o modelo atual n\u00e3o serve mais, est\u00e1 vencido\u201d.<br \/>\nL\u00eddio s\u00f3 n\u00e3o manifestou pessimismo em rela\u00e7\u00e3o ao setor de celulose. \u201cN\u00f3s mantivemos a competitividade sist\u00eamica gra\u00e7as \u00e0 interconectividade com os mercados globais\u201d, disse, prevendo a manuten\u00e7\u00e3o das atuais dificuldades econ\u00f4micas ao longo de 2017. O pre\u00e7o internacional da celulose de fibra curta est\u00e1 no ciclo de baixa \u2013 em torno de US$ 500 por tonelada.<br \/>\nRec\u00e9m-chegado do Chile, onde foi conversar com os donos da Celulose Riograndense, o executivo ga\u00facho fez uma longa an\u00e1lise das perspectivas de investimentos no setor florestal visando \u00e0 produ\u00e7\u00e3o de celulose, papel e produtos da economia verde afinados com a Confer\u00eancia Mundial do Clima. \u201cSim, eu tenho um sonho de construir uma planta de celulose na zona sul do Estado\u201d, disse ele, lembrando por\u00e9m que a Celulose Riograndense \u00a0est\u00e1 limitada pelo recente parecer da Advocacia Geral da Uni\u00e3o que manteve a proibi\u00e7\u00e3o \u2013 prevista na antiga Lei de Seguran\u00e7a Nacional, ainda vigente &#8212; de compra de terras de fronteira por empresas de capital estrangeiro.<br \/>\n\u201cA terra \u00e9 um ativo estrat\u00e9gico que precisa ser visto sob a \u00f3ptica das cadeias produtivas\u201d, disse ele, sugerindo que se crie um \u201cconselho de terras\u201d apto a analisar a pertin\u00eancia de investimentos estrangeiros que comecem pela compra de \u00e1reas fronteiri\u00e7as e cheguem \u00e0 implanta\u00e7\u00e3o de ind\u00fastrias intensivas em capital, como \u00e9 o caso da celulose. \u201cEm vez de manter a porta fechada, por que n\u00e3o se instalar um olho m\u00e1gico na porta?\u201d, perguntou, argumentando que o Brasil e o Rio Grande do Sul possuem poucas florestas plantadas em rela\u00e7\u00e3o \u00e0 crescente demanda por produtos de origem florestal. Por exemplo, pellets: h\u00e1 v\u00e1rios projetos em discuss\u00e3o no pa\u00eds, inclusive no Rio Grande do Sul, visando atender a Europa, que est\u00e1 abandonando o consumo do carv\u00e3o, mas a burocracia n\u00e3o deixa as coisas flu\u00edrem.<br \/>\nOutra novidade energ\u00e9tica: as biorefinarias de processamento de madeira est\u00e3o ficando maduras para produzir, mas o Brasil continua imerso numa \u201cirracionalidade tribut\u00e1ria absurda\u201d. Walter Lidio afirma que o governo brasileiro \u00e9 um \u201cs\u00f3cio maldoso\u201d das empresas, pois come\u00e7a tributando antes que elas produzam, minando as vantagens comparativas internacionais do pa\u00eds. \u201cO Brasil \u00e9 19 vezes mais caro do que o Uruguai na hora de iniciar um neg\u00f3cio\u201d, disse.<br \/>\nEm resposta a um questionamento do J\u00c1, Lidio disse que \u201ca ren\u00fancia fiscal praticada pelos governos estaduais para atrair investimentos \u00e9 a contrapartida \u00e0 pesada carga tribut\u00e1ria\u201d. Mas reconheceu que falta visibilidade a essas opera\u00e7\u00f5es pois o contribuinte tem o direito de saber como est\u00e3o sendo aplicados esses recursos que resultam de isen\u00e7\u00f5es fiscais. &#8220;Sou a favor de total transpar\u00eancia nesses programas&#8221;.<\/p>\n","protected":false},"excerpt":{"rendered":"<p>\u201cO governo deu o primeiro passo, mas n\u00e3o \u00e9 o suficiente\u201d, afirmou nesta quarta-feira (30) o engenheiro Walter Lidio Nunes, presidente da Celulose Riograndense, em almo\u00e7o de final de ano com jornalistas ga\u00fachos. Seu coment\u00e1rio referia-se ao pacote de medidas proposto pelo governador do Rio Grande do Sul, Estado que na sua avalia\u00e7\u00e3o constitui \u201ca [&hellip;]<\/p>\n","protected":false},"author":8,"featured_media":41887,"comment_status":"open","ping_status":"closed","sticky":false,"template":"","format":"standard","meta":{"_jetpack_memberships_contains_paid_content":false,"footnotes":""},"categories":[26],"tags":[],"class_list":["post-41882","post","type-post","status-publish","format-standard","has-post-thumbnail","hentry","category-geral"],"aioseo_notices":[],"jetpack_featured_media_url":"","jetpack_sharing_enabled":true,"jetpack-related-posts":[],"jetpack_shortlink":"https:\/\/wp.me\/pbQjBd-aTw","_links":{"self":[{"href":"https:\/\/www.jornalja.com.br\/arquivo\/wp-json\/wp\/v2\/posts\/41882","targetHints":{"allow":["GET"]}}],"collection":[{"href":"https:\/\/www.jornalja.com.br\/arquivo\/wp-json\/wp\/v2\/posts"}],"about":[{"href":"https:\/\/www.jornalja.com.br\/arquivo\/wp-json\/wp\/v2\/types\/post"}],"author":[{"embeddable":true,"href":"https:\/\/www.jornalja.com.br\/arquivo\/wp-json\/wp\/v2\/users\/8"}],"replies":[{"embeddable":true,"href":"https:\/\/www.jornalja.com.br\/arquivo\/wp-json\/wp\/v2\/comments?post=41882"}],"version-history":[{"count":0,"href":"https:\/\/www.jornalja.com.br\/arquivo\/wp-json\/wp\/v2\/posts\/41882\/revisions"}],"wp:featuredmedia":[{"embeddable":true,"href":"https:\/\/www.jornalja.com.br\/arquivo\/wp-json\/"}],"wp:attachment":[{"href":"https:\/\/www.jornalja.com.br\/arquivo\/wp-json\/wp\/v2\/media?parent=41882"}],"wp:term":[{"taxonomy":"category","embeddable":true,"href":"https:\/\/www.jornalja.com.br\/arquivo\/wp-json\/wp\/v2\/categories?post=41882"},{"taxonomy":"post_tag","embeddable":true,"href":"https:\/\/www.jornalja.com.br\/arquivo\/wp-json\/wp\/v2\/tags?post=41882"}],"curies":[{"name":"wp","href":"https:\/\/api.w.org\/{rel}","templated":true}]}}