{"id":41895,"date":"2016-12-01T14:46:42","date_gmt":"2016-12-01T17:46:42","guid":{"rendered":"https:\/\/www.jornalja.com.br\/?p=41895"},"modified":"2016-12-01T14:46:42","modified_gmt":"2016-12-01T17:46:42","slug":"na-capital-sala-de-situacao-monitora-as-aguas-do-rs","status":"publish","type":"post","link":"https:\/\/www.jornalja.com.br\/arquivo\/na-capital-sala-de-situacao-monitora-as-aguas-do-rs\/","title":{"rendered":"Na capital, &#039;sala de situa\u00e7\u00e3o&#039; monitora as \u00e1guas do RS"},"content":{"rendered":"<p>N\u00e3o \u00e9 segredo mas, fora do c\u00edrculo dos t\u00e9cnicos em ambiente e meteorologia, pouca gente sabe que no 13\u00ba andar do Edif\u00edcio Uni\u00e3o, no in\u00edcio da Avenida Borges de Medeiros, no miolo de Porto Alegre, funciona uma moderna Sala de Situa\u00e7\u00e3o do Clima onde especialistas acompanham em computadores e tel\u00f5es as varia\u00e7\u00f5es clim\u00e1ticas expressas em nuvens, ventos, descargas el\u00e9tricas e chuvas capazes de criar riscos de cheias ou de secas para as popula\u00e7\u00f5es rurais e urbanas do Sul do continente. Qualquer altera\u00e7\u00e3o potencialmente perigosa \u00e9 comunicada em primeira m\u00e3o \u00e0 Defesa Civil, mas o servi\u00e7o \u00e9 p\u00fablico e acess\u00edvel a qualquer pessoa pelo site <a href=\"http:\/\/www.saladesituacao.rs.gov.br\/\" data-saferedirecturl=\"http:\/\/www.google.com\/url?hl=pt-BR&amp;q=http:\/\/www.saladesituacao.rs.gov.br\/&amp;source=gmail&amp;ust=1480620873983000&amp;usg=AFQjCNGx3UpAp6QAa1Gyu3xeXVZ__D5YLQ\">http:\/\/www.saladesituacao.rs.gov.br\/<\/a>.<br \/>\nO denominador comum dessa opera\u00e7\u00e3o \u00e9 a gest\u00e3o das \u00e1guas, situa\u00e7\u00e3o burocraticamente centralizada no Departamento de Recursos H\u00eddricos da antiga Secretaria Estadual do Meio Ambiente (SEMA), cujo nome oficial mudou para Secretaria do Ambiente e Desenvolvimento Sustent\u00e1vel, sem sigla por enquanto. O DRH \u00e9 dirigido pelo engenheiro hidrologista Fernando Meirelles, cedido pela UFRGS, a pedido da secret\u00e1ria Ana Pellini.<br \/>\nRec\u00e9m-chegado de Marrakech, onde participou (ao lado da bi\u00f3loga Ana Pellini) da confer\u00eancia mundial de 2016 sobre as mudan\u00e7as clim\u00e1ticas, Meirelles lembra que a Sala de Situa\u00e7\u00e3o come\u00e7ou a ser montada em 2012\/2013 em conv\u00eanio com a Ag\u00eancia Nacional das \u00c1guas (ANA). Era inicialmente um bir\u00f4 de previs\u00e3o do tempo que recebeu um grande impulso ap\u00f3s a confer\u00eancia do clima de Paris, em dezembro de 2015, quando a delega\u00e7\u00e3o do Rio Grande do Sul se ofereceu para coordenar os esfor\u00e7os internacionais de gest\u00e3o de recursos h\u00eddricos em face das mudan\u00e7as clim\u00e1ticas.<br \/>\nCom a acolhida da oferta pela ONU, a SEMA passou a dispor de recursos nacionais e internacionais para montar uma rede de radares e esta\u00e7\u00f5es hidrom\u00e9tricas que dever\u00e1 cobrir todo o territ\u00f3rio ga\u00facho, integrando-se a instala\u00e7\u00f5es similares de estados e pa\u00edses vizinhos. Em outubro passado, como um dos primeiros passos no sentido de se criar uma rede de governos regionais para o desenvolvimento sustent\u00e1vel, estiveram na \u00a0SEMA t\u00e9cnicos da prov\u00edncia argentina de Misiones. Vieram dispostos a conhecer o sistema ga\u00facho e iniciar o compartilhamento de informa\u00e7\u00f5es. Est\u00e3o por instalar um radar em um ponto do seu territ\u00f3rio. \u00a0Chapec\u00f3, em Santa Catarina, deve fazer parte do sistema. O Uruguai n\u00e3o deve ficar fora.<br \/>\nNo Rio Grande do Sul, o primeiro radar com alcance de 240 quil\u00f4metros est\u00e1 instalado em Morro Reuter, na Grande Porto Alegre. A rede ga\u00facha de radares clim\u00e1ticos ter\u00e1 mais cinco unidades instaladas em Caxias do Sul, Santa Maria, Chu\u00ed, Livramento e S\u00e3o Borja. S\u00e3o aparelhos que identificam chuva, granizo, raios e ventos. Combinando informa\u00e7\u00f5es de sat\u00e9lites, levantamentos por radares e monitoramentos dos n\u00edveis das \u00e1guas em 15 esta\u00e7\u00f5es hidrom\u00e9tricas atualmente instaladas em rios, lagoas e represas do Rio Grande do Sul.<br \/>\nO plano \u00e9 chegar a 192 esta\u00e7\u00f5es hidrom\u00e9tricas cujo status pode ser conferido por telefone celular: digitando o c\u00f3digo da esta\u00e7\u00e3o, o usu\u00e1rio da \u00e1gua \u2013 o produtor de arroz, por exemplo &#8212; saber\u00e1 instantaneamente quanto ainda poder\u00e1 retirar do recurso h\u00eddrico sem violar a outorga dada pela FEPAM (Funda\u00e7\u00e3o Estadual do Meio Ambiente), o \u00f3rg\u00e3o licenciador e fiscalizador do uso da \u00e1gua.<br \/>\nGra\u00e7as a tudo isso, o engenheiro Fernando Meirelles afirma: \u201cSe antes corr\u00edamos atr\u00e1s dos preju\u00edzos das cat\u00e1strofes, agora gerenciamos o futuro das mudan\u00e7as clim\u00e1ticas.\u201d<\/p>\n","protected":false},"excerpt":{"rendered":"<p>N\u00e3o \u00e9 segredo mas, fora do c\u00edrculo dos t\u00e9cnicos em ambiente e meteorologia, pouca gente sabe que no 13\u00ba andar do Edif\u00edcio Uni\u00e3o, no in\u00edcio da Avenida Borges de Medeiros, no miolo de Porto Alegre, funciona uma moderna Sala de Situa\u00e7\u00e3o do Clima onde especialistas acompanham em computadores e tel\u00f5es as varia\u00e7\u00f5es clim\u00e1ticas expressas em [&hellip;]<\/p>\n","protected":false},"author":8,"featured_media":41896,"comment_status":"open","ping_status":"closed","sticky":false,"template":"","format":"standard","meta":{"_jetpack_memberships_contains_paid_content":false,"footnotes":""},"categories":[26],"tags":[],"class_list":["post-41895","post","type-post","status-publish","format-standard","has-post-thumbnail","hentry","category-geral"],"aioseo_notices":[],"jetpack_featured_media_url":"","jetpack_sharing_enabled":true,"jetpack-related-posts":[],"jetpack_shortlink":"https:\/\/wp.me\/pbQjBd-aTJ","_links":{"self":[{"href":"https:\/\/www.jornalja.com.br\/arquivo\/wp-json\/wp\/v2\/posts\/41895","targetHints":{"allow":["GET"]}}],"collection":[{"href":"https:\/\/www.jornalja.com.br\/arquivo\/wp-json\/wp\/v2\/posts"}],"about":[{"href":"https:\/\/www.jornalja.com.br\/arquivo\/wp-json\/wp\/v2\/types\/post"}],"author":[{"embeddable":true,"href":"https:\/\/www.jornalja.com.br\/arquivo\/wp-json\/wp\/v2\/users\/8"}],"replies":[{"embeddable":true,"href":"https:\/\/www.jornalja.com.br\/arquivo\/wp-json\/wp\/v2\/comments?post=41895"}],"version-history":[{"count":0,"href":"https:\/\/www.jornalja.com.br\/arquivo\/wp-json\/wp\/v2\/posts\/41895\/revisions"}],"wp:featuredmedia":[{"embeddable":true,"href":"https:\/\/www.jornalja.com.br\/arquivo\/wp-json\/"}],"wp:attachment":[{"href":"https:\/\/www.jornalja.com.br\/arquivo\/wp-json\/wp\/v2\/media?parent=41895"}],"wp:term":[{"taxonomy":"category","embeddable":true,"href":"https:\/\/www.jornalja.com.br\/arquivo\/wp-json\/wp\/v2\/categories?post=41895"},{"taxonomy":"post_tag","embeddable":true,"href":"https:\/\/www.jornalja.com.br\/arquivo\/wp-json\/wp\/v2\/tags?post=41895"}],"curies":[{"name":"wp","href":"https:\/\/api.w.org\/{rel}","templated":true}]}}