{"id":41898,"date":"2016-12-01T16:49:45","date_gmt":"2016-12-01T19:49:45","guid":{"rendered":"https:\/\/www.jornalja.com.br\/?p=41898"},"modified":"2016-12-01T16:49:45","modified_gmt":"2016-12-01T19:49:45","slug":"cheias-no-litoral-e-seca-no-oeste-estragos-de-la-nina","status":"publish","type":"post","link":"https:\/\/www.jornalja.com.br\/arquivo\/cheias-no-litoral-e-seca-no-oeste-estragos-de-la-nina\/","title":{"rendered":"Cheias no litoral e seca no Oeste, estragos de La Ni\u00f1a"},"content":{"rendered":"<p>O ver\u00e3o ga\u00facho ser\u00e1 chuvoso e ter\u00e1 v\u00e1rias e breves frentes frias, at\u00e9 o fim. O clima no Rio Grande do Sul est\u00e1 sob influ\u00eancia do fen\u00f4meno La Ni\u00f1a desde a semana passada.<br \/>\n\u00c9 o que aponta o monitoramento clim\u00e1tico da Rio Grande Energia (RGE), distribuidora de energia que atende 255\u00a0munic\u00edpios ga\u00fachos.<br \/>\nMensalmente, o Centro de Opera\u00e7\u00f5es Integrado (COI) da distribuidora, faz o acompanhamento das mudan\u00e7as do clima no Estado para tra\u00e7ar estrat\u00e9gias para minimizar os efeitos dos temporais que castigam a rede de energia el\u00e9trica.<br \/>\nSegundo o estudo encomendado pelo COI, os modelos oce\u00e2nicos apontam que o La Nin\u00e3, que se caracteriza pela r\u00e1pida passagem das frentes frias pela Regi\u00e3o Sul do Brasil, deve se prolongar at\u00e9 o final do ver\u00e3o, em 2017.<br \/>\nO La Ni\u00f1a tamb\u00e9m provoca volumes de chuvas acima da m\u00e9dia na regi\u00e3o leste e estiagem no oeste dos Estados da Regi\u00e3o do Sul do pa\u00eds.<br \/>\nO La Ni\u00f1a ficou configurado ap\u00f3s o terceiro trimestre consecutivo de anomalias na temperatura da superf\u00edcie do mar. No monitoramento mais recente recebido pelo COI, h\u00e1 a indica\u00e7\u00e3o temperatura das \u00e1guas mais quentes na costa do Peru e do Chile. Entre a costa argentina e uruguaia as \u00e1guas est\u00e3o mais perto da m\u00e9dia hist\u00f3rica e ligeiramente mais quentes no restante no restante da Am\u00e9rica do Sul.<br \/>\nA previs\u00e3o indica apenas um per\u00edodo de chuva mais expressiva, com possibilidade de temporais, entre os dias 12 e 14 de dezembro. J\u00e1 entre os dias 3 e 7 e entre os dias 22 e 27 h\u00e1 possibilidade chuvas de incid\u00eancia de raios e vento.<br \/>\n&nbsp;<br \/>\n<strong>Dicas de Seguran\u00e7a<\/strong><br \/>\nDurante as tempestades com descargas atmosf\u00e9ricas (raios) os seguintes cuidados podem aumentar a sua seguran\u00e7a:<\/p>\n<ul>\n<li>N\u00e3o se aproxime e n\u00e3o toque nos cabos el\u00e9tricos que podem ser rompidos pela queda de \u00e1rvores e objetos, e avise imediatamente a RGE.<\/li>\n<li>Evite tocar os aparelhos eletrodom\u00e9sticos e retire os aparelhos eletr\u00f4nicos das tomadas.<\/li>\n<li>Afaste-se de janelas e portas met\u00e1licas.<\/li>\n<li>Evite os banhos nos momentos de tempestades.<\/li>\n<li>Nunca se abrigue debaixo de \u00e1rvores. Sempre procure uma casa de alvenaria ou o interior de um ve\u00edculo.<\/li>\n<li>Em zonas rurais, n\u00e3o toque e se aproxime de cercas.<\/li>\n<\/ul>\n<p>&nbsp;<\/p>\n","protected":false},"excerpt":{"rendered":"<p>O ver\u00e3o ga\u00facho ser\u00e1 chuvoso e ter\u00e1 v\u00e1rias e breves frentes frias, at\u00e9 o fim. O clima no Rio Grande do Sul est\u00e1 sob influ\u00eancia do fen\u00f4meno La Ni\u00f1a desde a semana passada. \u00c9 o que aponta o monitoramento clim\u00e1tico da Rio Grande Energia (RGE), distribuidora de energia que atende 255\u00a0munic\u00edpios ga\u00fachos. Mensalmente, o Centro [&hellip;]<\/p>\n","protected":false},"author":4,"featured_media":41902,"comment_status":"open","ping_status":"closed","sticky":false,"template":"","format":"standard","meta":{"_jetpack_memberships_contains_paid_content":false,"footnotes":""},"categories":[26],"tags":[],"class_list":["post-41898","post","type-post","status-publish","format-standard","has-post-thumbnail","hentry","category-geral"],"aioseo_notices":[],"jetpack_featured_media_url":"","jetpack_sharing_enabled":true,"jetpack-related-posts":[{"id":1280,"url":"https:\/\/www.jornalja.com.br\/arquivo\/o-menino-que-se-tornou-brizola\/","url_meta":{"origin":41898,"position":0},"title":"O Menino que se Tornou Brizola","author":"da Reda\u00e7\u00e3o","date":"28 de julho de 2008","format":false,"excerpt":"Autor: Cleber Dioni A vida de Leonel Brizola, com \u00eanfase para os primeiros anos em Porto Alegre, at\u00e9 o ex\u00edlio no Uruguai e a volta, quinze anos depois. \u00a0\"...\u00c9ramos todos jovens e nos identific\u00e1vamos com aquela massa an\u00f4nima a percorrer as ruas de Porto Alegre, gritando 'Get\u00falio', 'Get\u00falio' e empunhando\u2026","rel":"","context":"Em &quot;Livros&quot;","block_context":{"text":"Livros","link":"https:\/\/www.jornalja.com.br\/arquivo\/category\/livros\/"},"img":{"alt_text":"","src":"https:\/\/i0.wp.com\/www.jornalja.com.br\/wp-content\/uploads\/2008\/07\/brizola.gif?resize=350%2C200&ssl=1","width":350,"height":200},"classes":[]}],"jetpack_shortlink":"https:\/\/wp.me\/pbQjBd-aTM","_links":{"self":[{"href":"https:\/\/www.jornalja.com.br\/arquivo\/wp-json\/wp\/v2\/posts\/41898","targetHints":{"allow":["GET"]}}],"collection":[{"href":"https:\/\/www.jornalja.com.br\/arquivo\/wp-json\/wp\/v2\/posts"}],"about":[{"href":"https:\/\/www.jornalja.com.br\/arquivo\/wp-json\/wp\/v2\/types\/post"}],"author":[{"embeddable":true,"href":"https:\/\/www.jornalja.com.br\/arquivo\/wp-json\/wp\/v2\/users\/4"}],"replies":[{"embeddable":true,"href":"https:\/\/www.jornalja.com.br\/arquivo\/wp-json\/wp\/v2\/comments?post=41898"}],"version-history":[{"count":0,"href":"https:\/\/www.jornalja.com.br\/arquivo\/wp-json\/wp\/v2\/posts\/41898\/revisions"}],"wp:featuredmedia":[{"embeddable":true,"href":"https:\/\/www.jornalja.com.br\/arquivo\/wp-json\/"}],"wp:attachment":[{"href":"https:\/\/www.jornalja.com.br\/arquivo\/wp-json\/wp\/v2\/media?parent=41898"}],"wp:term":[{"taxonomy":"category","embeddable":true,"href":"https:\/\/www.jornalja.com.br\/arquivo\/wp-json\/wp\/v2\/categories?post=41898"},{"taxonomy":"post_tag","embeddable":true,"href":"https:\/\/www.jornalja.com.br\/arquivo\/wp-json\/wp\/v2\/tags?post=41898"}],"curies":[{"name":"wp","href":"https:\/\/api.w.org\/{rel}","templated":true}]}}