{"id":41912,"date":"2016-12-01T22:32:20","date_gmt":"2016-12-02T01:32:20","guid":{"rendered":"https:\/\/www.jornalja.com.br\/?p=41912"},"modified":"2016-12-01T22:32:20","modified_gmt":"2016-12-02T01:32:20","slug":"cais-maua-s-a-diz-que-tera-os-recursos-para-comecar-a-obra-em-janeiro","status":"publish","type":"post","link":"https:\/\/www.jornalja.com.br\/arquivo\/cais-maua-s-a-diz-que-tera-os-recursos-para-comecar-a-obra-em-janeiro\/","title":{"rendered":"Cais Mau\u00e1 S.A. diz que ter\u00e1 os recursos para come\u00e7ar a obra em janeiro"},"content":{"rendered":"<p>O <em>site<\/em> do cons\u00f3rcio Cais Mau\u00e1 deu a manchete em Porto Alegre nesta quinta feira:<br \/>\n&#8220;A<strong>\u00a0expectativa<\/strong> da Cais Mau\u00e1 \u00e9 de que <strong>at\u00e9 meados de janeiro de 2017<\/strong> os projetos arquitet\u00f4nicos j\u00e1 estejam aprovados para que se possa solicitar a concess\u00e3o da licen\u00e7a de instala\u00e7\u00e3o e come\u00e7ar a obra&#8221;.<br \/>\nDiz o texto da empresa:<br \/>\n&#8220;A t\u00e3o esperada obra de revitaliza\u00e7\u00e3o do Cais Mau\u00e1, em um dos mais belos cart\u00f5es postais da Capital, est\u00e1 mais pr\u00f3xima de se tornar realidade. A Prefeitura Municipal de Porto Alegre, atrav\u00e9s da Secretaria Municipal do Meio Ambiente (SMAM), entregou no dia 17 de novembro a Licen\u00e7a Pr\u00e9via (LP) para o empreendimento, o que atesta, al\u00e9m da sua concep\u00e7\u00e3o, a viabilidade ambiental&#8221;.<br \/>\nE prossegue:<br \/>\n&#8220;Na sequ\u00eancia operacional do processo, a Cais Mau\u00e1 do Brasil entregou os projetos arquitet\u00f4nicos para a prefeitura, que dever\u00e3o ser avaliados e <strong>aprovados<\/strong>, para que seja solicitada a concess\u00e3o da Licen\u00e7a de Instala\u00e7\u00e3o (LI). \u00a0\u201c\u00c9 um projeto complexo e a lei exige o envolvimento e aprova\u00e7\u00e3o de muitos \u00f3rg\u00e3os na prefeitura e de outros n\u00edveis de governo, o que torna o processo moroso\u201d, explica a presidente da Cais Mau\u00e1 do Brasil S.A, Julia Costa.<br \/>\nA<strong> expectativa<\/strong> da Cais Mau\u00e1 \u00e9 de que <strong>at\u00e9 meados de janeiro de 2017<\/strong> os projetos arquitet\u00f4nicos j\u00e1 estejam aprovados para que se possa solicitar a concess\u00e3o da licen\u00e7a de instala\u00e7\u00e3o.<br \/>\n\u201cOs recursos para as obras est\u00e3o apartados e t\u00e3o logo tenhamos todas as licen\u00e7as e a aprova\u00e7\u00e3o, iniciaremos com as obras\u201d, informa a presidente.<br \/>\nA primeira fase compreende a revitaliza\u00e7\u00e3o dos <strong>11 armaz\u00e9ns<\/strong>, localizados entre a Esta\u00e7\u00e3o Rodovi\u00e1ria e a Usina do Gas\u00f4metro.<br \/>\nO investimento desta etapa inicial est\u00e1 estimado em <strong>R$ 100 milh\u00f5es. <\/strong>O contrato da Cais Mau\u00e1 garante arrendamento da \u00e1rea por 25 anos, podendo ser renovado por igual per\u00edodo.<br \/>\nO projeto foi desenvolvido pela espanhola B720 Arquitetura do Brasil e Jaime Lerner Arquitetos Associados e respeita fielmente as concep\u00e7\u00f5es arquitet\u00f4nicas dos armaz\u00e9ns que s\u00e3o tombados pelo patrim\u00f4nio hist\u00f3rico.<br \/>\nPara o uso interno das \u00e1reas a previs\u00e3o \u00e9 de que o P\u00f3rtico Central e os Armaz\u00e9ns A e B sejam destinados a espa\u00e7os culturais. Do A1 ao A6 ser\u00e3o ambientes ligados \u00e0 gastronomia e ao varejo. O A6 est\u00e1 destinado a eventos. No armaz\u00e9m B1, haver\u00e1 uma grande pra\u00e7a de alimenta\u00e7\u00e3o. O armaz\u00e9m B2 estar\u00e1 voltado ao setor de servi\u00e7os, pequenos com\u00e9rcios e conveni\u00eancias. No B3, ir\u00e1 funcionar um terminal hidrovi\u00e1rio com linhas de transporte e passeios de turismo pelas \u00e1guas do Gua\u00edba.<br \/>\nNos espa\u00e7os abertos entre cada armaz\u00e9m ser\u00e3o constru\u00eddas 10 pra\u00e7as, em um total de mais de 11 mil m\u00b2 de \u00e1rea completamente aberta ao lazer para o p\u00fablico em geral. O respeito ao meio ambiente e ao patrim\u00f4nio hist\u00f3rico s\u00e3o os balizadores deste projeto.<br \/>\nFinalmente, \u00e9 interessante lembrar que as obras seguem as determina\u00e7\u00f5es da Secretaria do Meio Ambiente, como previsto no EIA-RIMA, al\u00e9m das limita\u00e7\u00f5es e diretrizes do Estudo de Viabilidade Urban\u00edstica (EVU), aprovado pela Secretaria Municipal de Urbanismo (SMURB).<br \/>\n<strong>\u00a0<\/strong><strong>Pr\u00f3ximos passos:<\/strong><\/p>\n<ul>\n<li>Cumprimento dos requisitos estabelecidos na LP<\/li>\n<li>Aprova\u00e7\u00e3o dos Projetos Arquitet\u00f4nicos<\/li>\n<li>Concess\u00e3o de Licen\u00e7a de Instala\u00e7\u00e3o<\/li>\n<li>In\u00edcio das obras no setor armaz\u00e9ns<\/li>\n<\/ul>\n<p><strong>Para a elabora\u00e7\u00e3o do EIA-RIMA e de demais projetos associados ao EVU, foram mobilizados os seguintes recursos ao longo de mais de quatro anos:<\/strong><br \/>\nNota do Redator: Pouco se fica sabendo sobre o projeto.<\/p>\n<ul>\n<li>46 escrit\u00f3rios contratados<\/li>\n<li>40 estudos realizados<\/li>\n<li>378 pessoas envolvidas<\/li>\n<li>500 p\u00e1ginas de EIA-RIMA em 6 volumes<\/li>\n<li>787 Pranchas Arquitet\u00f4nicas e de Engenharia<\/li>\n<\/ul>\n<p><strong>A cronologia do andamento do projeto da Cais Mau\u00e1 em rela\u00e7\u00e3o \u00e0s autoriza\u00e7\u00f5es e licen\u00e7as municipais \u00e9 a seguinte:<\/strong><br \/>\n<strong>\u00a0<\/strong>16\/10\/2012 \u2013 Contra\u00e7\u00e3o da empresa ABG \u2013 Engenharia e Meio Ambiente para elabora\u00e7\u00e3o do Estudo de Impacto Ambiental e Relat\u00f3rio de Impacto ao Meio Ambiente (EIA-RIMA) \u2013 Revitaliza\u00e7\u00e3o do Cais Mau\u00e1;<\/p>\n<ul>\n<li>14\/08\/2013 \u2013 Entrega da primeira vers\u00e3o do EIA \u2013 RIMA na Prefeitura Municipal de Porto Alegre e na Casa Civil do Estado do Rio Grande do Sul.<\/li>\n<li>01\/07\/2015 \u2013 Entrega da vers\u00e3o final do EIA-RIMA \u2013 Revitaliza\u00e7\u00e3o do Cais Mau\u00e1 na Secretaria Municipal do Meio Ambiente (SMAM) da Prefeitura Municipal de Porto Alegre;<\/li>\n<li>18\/09\/2015 \u2013 Realiza\u00e7\u00e3o da Audi\u00eancia P\u00fablica sobre EIA-RIMA \u2013 Revitaliza\u00e7\u00e3o do Cais Mau\u00e1 no est\u00e1dio do Gr\u00eamio N\u00e1utico Uni\u00e3o (GNU);<\/li>\n<li>13\/11\/15 \u2013 Protocolo na SMAM das respostas aos questionamentos formulados durante a Audi\u00eancia P\u00fablica;<\/li>\n<li>18\/12\/2015 \u2013 Aprova\u00e7\u00e3o do EIA-RIMA pela SMAM;<\/li>\n<li>23\/12\/2015 \u2013 Protocolo do Estudo de Viabilidade Urban\u00edstica \u2013 EVU na Comiss\u00e3o de An\u00e1lise Urban\u00edstica e Gerenciamento (CAUGE) da Prefeitura Municipal de Porto Alegre;<\/li>\n<li>02\/08\/16 \u2013 Protocolo do EVU revisado na CAUGE;<\/li>\n<li>14\/09\/2016 \u2013 Aprova\u00e7\u00e3o do EVU pela CAUGE;<\/li>\n<li>01\/11\/2016 \u2013 Aprova\u00e7\u00e3o do EVU pelo Conselho Municipal de Desenvolvimento Urbano Ambiental (CMDUA);<\/li>\n<li>08\/11\/2016 \u2013 Homologa\u00e7\u00e3o do EVU pelo Prefeito Municipal de Porto Alegre;<\/li>\n<li>08\/11\/2016 \u2013 Protocolo dos Projetos Arquitet\u00f4nicos na Secretaria Municipal de Urbanismo (SMURB); e<\/li>\n<li>17\/11\/2016 \u2013 Expedi\u00e7\u00e3o da LP pela SMAM.<\/li>\n<\/ul>\n<p><strong>Diversas secretarias, \u00f3rg\u00e3os e departamentos de governo foram envolvidos em todo o processo de emiss\u00e3o da LP.<\/strong><br \/>\nSecretaria Municipal de Meio Ambiente (SMAM), \u00a0 departamentos que se envolveram na an\u00e1lise e aprova\u00e7\u00e3o dos trabalhos do EIA-RIMA foram Coordena\u00e7\u00e3o de Ambiente Natural (CAN), Divis\u00e3o de Projetos e Constru\u00e7\u00f5es (DPC), Equipes de Combate e Controle da Polui\u00e7\u00e3o do Solo (ECCPS), Equipes de Combate da Polui\u00e7\u00e3o H\u00eddrica e A\u00e9rea (ECCPHA), Equipes de Combate da Polui\u00e7\u00e3o Sonora e Vibra\u00e7\u00f5es (ECCPSV), Equipe de Res\u00edduos S\u00f3lidos (ERES), Supervis\u00e3o de Pra\u00e7as, Parques e Jardins (SUPPJ) e a Divis\u00e3o de Unidades de Conserva\u00e7\u00e3o \u2013 \u00c1rea de Prote\u00e7\u00e3o Ambiental e Parque Delta do Jacu\u00ed (APAEDJ).<br \/>\nAl\u00e9m da SMAM, tamb\u00e9m participaram das an\u00e1lises a Secretaria Municipal de Obras e Via\u00e7\u00e3o (SMOV), a Secretaria Municipal de Urbanismo (SMURB), a Secretaria Municipal de Acessibilidade e Inclus\u00e3o Social (SMACIS), a Secretaria Municipal da Cultura (SMC), a Equipe do Patrim\u00f4nio Hist\u00f3rico e Cultural (EPAHC), o Instituto do Patrim\u00f4nio Hist\u00f3rico e Art\u00edstico Nacional (IPHAN), a Secretaria Municipal de Sa\u00fade (SMS), a Secretaria Municipal de Educa\u00e7\u00e3o (SMED), o Departamento de Esgotos Pluviais (DEP), o Departamento Municipal de \u00c1gua e Esgoto (DMAE), a Empresa P\u00fablica de Transporte e Circula\u00e7\u00e3o (EPTC), o Gabinete de Desenvolvimento e Assuntos Especiais (GADES) e o Departamento de Recursos H\u00eddricos do Estado (DRH\/SEMA).<\/p>\n","protected":false},"excerpt":{"rendered":"<p>O site do cons\u00f3rcio Cais Mau\u00e1 deu a manchete em Porto Alegre nesta quinta feira: &#8220;A\u00a0expectativa da Cais Mau\u00e1 \u00e9 de que at\u00e9 meados de janeiro de 2017 os projetos arquitet\u00f4nicos j\u00e1 estejam aprovados para que se possa solicitar a concess\u00e3o da licen\u00e7a de instala\u00e7\u00e3o e come\u00e7ar a obra&#8221;. Diz o texto da empresa: &#8220;A [&hellip;]<\/p>\n","protected":false},"author":4,"featured_media":41925,"comment_status":"open","ping_status":"closed","sticky":false,"template":"","format":"standard","meta":{"_jetpack_memberships_contains_paid_content":false,"footnotes":""},"categories":[26,2007,2023],"tags":[],"class_list":["post-41912","post","type-post","status-publish","format-standard","has-post-thumbnail","hentry","category-geral","category-hotsite-cais","category-manchete-cais-maua"],"aioseo_notices":[],"jetpack_featured_media_url":"","jetpack_sharing_enabled":true,"jetpack-related-posts":[{"id":1280,"url":"https:\/\/www.jornalja.com.br\/arquivo\/o-menino-que-se-tornou-brizola\/","url_meta":{"origin":41912,"position":0},"title":"O Menino que se Tornou Brizola","author":"da Reda\u00e7\u00e3o","date":"28 de julho de 2008","format":false,"excerpt":"Autor: Cleber Dioni A vida de Leonel Brizola, com \u00eanfase para os primeiros anos em Porto Alegre, at\u00e9 o ex\u00edlio no Uruguai e a volta, quinze anos depois. \u00a0\"...\u00c9ramos todos jovens e nos identific\u00e1vamos com aquela massa an\u00f4nima a percorrer as ruas de Porto Alegre, gritando 'Get\u00falio', 'Get\u00falio' e empunhando\u2026","rel":"","context":"Em &quot;Livros&quot;","block_context":{"text":"Livros","link":"https:\/\/www.jornalja.com.br\/arquivo\/category\/livros\/"},"img":{"alt_text":"","src":"https:\/\/i0.wp.com\/www.jornalja.com.br\/wp-content\/uploads\/2008\/07\/brizola.gif?resize=350%2C200&ssl=1","width":350,"height":200},"classes":[]}],"jetpack_shortlink":"https:\/\/wp.me\/pbQjBd-aU0","_links":{"self":[{"href":"https:\/\/www.jornalja.com.br\/arquivo\/wp-json\/wp\/v2\/posts\/41912","targetHints":{"allow":["GET"]}}],"collection":[{"href":"https:\/\/www.jornalja.com.br\/arquivo\/wp-json\/wp\/v2\/posts"}],"about":[{"href":"https:\/\/www.jornalja.com.br\/arquivo\/wp-json\/wp\/v2\/types\/post"}],"author":[{"embeddable":true,"href":"https:\/\/www.jornalja.com.br\/arquivo\/wp-json\/wp\/v2\/users\/4"}],"replies":[{"embeddable":true,"href":"https:\/\/www.jornalja.com.br\/arquivo\/wp-json\/wp\/v2\/comments?post=41912"}],"version-history":[{"count":0,"href":"https:\/\/www.jornalja.com.br\/arquivo\/wp-json\/wp\/v2\/posts\/41912\/revisions"}],"wp:featuredmedia":[{"embeddable":true,"href":"https:\/\/www.jornalja.com.br\/arquivo\/wp-json\/"}],"wp:attachment":[{"href":"https:\/\/www.jornalja.com.br\/arquivo\/wp-json\/wp\/v2\/media?parent=41912"}],"wp:term":[{"taxonomy":"category","embeddable":true,"href":"https:\/\/www.jornalja.com.br\/arquivo\/wp-json\/wp\/v2\/categories?post=41912"},{"taxonomy":"post_tag","embeddable":true,"href":"https:\/\/www.jornalja.com.br\/arquivo\/wp-json\/wp\/v2\/tags?post=41912"}],"curies":[{"name":"wp","href":"https:\/\/api.w.org\/{rel}","templated":true}]}}