{"id":41944,"date":"2016-12-05T11:52:03","date_gmt":"2016-12-05T14:52:03","guid":{"rendered":"https:\/\/www.jornalja.com.br\/?p=41944"},"modified":"2016-12-05T11:52:03","modified_gmt":"2016-12-05T14:52:03","slug":"seminario-debate-pacote-que-extingue-fundacoes-estaduais","status":"publish","type":"post","link":"https:\/\/www.jornalja.com.br\/arquivo\/seminario-debate-pacote-que-extingue-fundacoes-estaduais\/","title":{"rendered":"Semin\u00e1rio debate pacote que extingue funda\u00e7\u00f5es estaduais"},"content":{"rendered":"<p>A proposta de extin\u00e7\u00e3o de nove funda\u00e7\u00f5es vinculadas ao governo do Estado ser\u00e1 analisada em semin\u00e1rio na quarta-feira, 7.<br \/>\nO evento \u00e9 promovido pelo SEMAPI e tem apoio de outras seis entidades representativas do funcionalismo p\u00fablico estadual.<br \/>\nSer\u00e1 realizado no Centro de Eventos do Plaza S\u00e3o Rafael (Alberto Bins, 509) em Porto Alegre.<br \/>\n&#8220;O projeto do executivo ga\u00fach o que preve o fechamento das funda\u00e7\u00f5es estaduais como forma de cortar gastos p\u00fablicos \u00a0revela um completo desconhecimento do trabalho de cada uma&#8221;, diz o Semapi em nota publicada nos jornais.<br \/>\nNo semin\u00e1rio ser\u00e1 apresentado o perfil e a fun\u00e7\u00e3o de cada uma das funda\u00e7\u00f5es, que segundo o sindicato s\u00e3o essenciais para o desenvolvimento do Estado.<br \/>\nO SINDICATO DOS EMPREGADOS EM EMPRESAS DE ASSESSORAMENTO, PER\u00cdCIAS, INFORMA\u00c7\u00d5ES E PESQUISAS E DE FUNDA\u00c7\u00d5ES ESTADUAIS DO RIO GRANDE DO SUL (SEMAPI)\u00a0representa trabalhadores que atuam nas \u00e1reas de assessoramento, per\u00edcias, informa\u00e7\u00f5es e pesquisas e de funda\u00e7\u00f5es p\u00fablicas de direito privado do Estado.<br \/>\nAtualmente, a entidade representa mais de 130 mil trabalhadores do setor privado \u2013 dado obtido por meio de levantamento oficial \u2013 e mais de 8 mil do p\u00fablico.<br \/>\nFazem parte da base de institui\u00e7\u00f5es vinculadas ou conveniadas ao setor p\u00fablico os trabalhadores das seguintes entidades:<br \/>\nAssocia\u00e7\u00e3o Sulina de Cr\u00e9dito e Assist\u00eancia Rural (ASCAR-EMATER\/RS)<br \/>\nUniversidade Estadual do Estado (UERGS)<br \/>\nEmpresa P\u00fablica de Transporte e Circula\u00e7\u00e3o (EPTC)<br \/>\nEmpresa Ga\u00facha de Rodovias (EGR)<br \/>\nFunda\u00e7\u00e3o de Ci\u00eancia e Tecnologia (CIENTEC)<br \/>\nFunda\u00e7\u00e3o de Articula\u00e7\u00e3o e Desenvolvimento de Pol\u00edticas P\u00fablicas para Pessoas com Defici\u00eancias e Altas Habilidades (FADERS)<br \/>\nFunda\u00e7\u00e3o de Amparo \u00e0 Pesquisa (FAPERGS)<br \/>\nFunda\u00e7\u00e3o para o Desenvolvimento de Recursos Humanos (FDRH)<br \/>\nFunda\u00e7\u00e3o de Atendimento Socioeducativo (FASE)<br \/>\nFunda\u00e7\u00e3o de Prote\u00e7\u00e3o Especial (FPE)<br \/>\nFunda\u00e7\u00e3o de Economia e Estat\u00edstica (FEE)<br \/>\nFunda\u00e7\u00e3o Estadual de Prote\u00e7\u00e3o Ambiental (FEPAM)<br \/>\nFunda\u00e7\u00e3o Ga\u00facha do Trabalho e A\u00e7\u00e3o Social (FGTAS)<br \/>\nFunda\u00e7\u00e3o de Planejamento Metropolitano e Regional (METROPLAN)<br \/>\nFunda\u00e7\u00e3o Teatro S\u00e3o Pedro<br \/>\nFunda\u00e7\u00e3o Zoobot\u00e2nica do Estado (FZB<\/p>\n","protected":false},"excerpt":{"rendered":"<p>A proposta de extin\u00e7\u00e3o de nove funda\u00e7\u00f5es vinculadas ao governo do Estado ser\u00e1 analisada em semin\u00e1rio na quarta-feira, 7. O evento \u00e9 promovido pelo SEMAPI e tem apoio de outras seis entidades representativas do funcionalismo p\u00fablico estadual. Ser\u00e1 realizado no Centro de Eventos do Plaza S\u00e3o Rafael (Alberto Bins, 509) em Porto Alegre. &#8220;O projeto [&hellip;]<\/p>\n","protected":false},"author":4,"featured_media":41945,"comment_status":"open","ping_status":"closed","sticky":false,"template":"","format":"standard","meta":{"_jetpack_memberships_contains_paid_content":false,"footnotes":""},"categories":[26],"tags":[],"class_list":["post-41944","post","type-post","status-publish","format-standard","has-post-thumbnail","hentry","category-geral"],"aioseo_notices":[],"jetpack_featured_media_url":"","jetpack_sharing_enabled":true,"jetpack-related-posts":[{"id":1280,"url":"https:\/\/www.jornalja.com.br\/arquivo\/o-menino-que-se-tornou-brizola\/","url_meta":{"origin":41944,"position":0},"title":"O Menino que se Tornou Brizola","author":"da Reda\u00e7\u00e3o","date":"28 de julho de 2008","format":false,"excerpt":"Autor: Cleber Dioni A vida de Leonel Brizola, com \u00eanfase para os primeiros anos em Porto Alegre, at\u00e9 o ex\u00edlio no Uruguai e a volta, quinze anos depois. \u00a0\"...\u00c9ramos todos jovens e nos identific\u00e1vamos com aquela massa an\u00f4nima a percorrer as ruas de Porto Alegre, gritando 'Get\u00falio', 'Get\u00falio' e empunhando\u2026","rel":"","context":"Em &quot;Livros&quot;","block_context":{"text":"Livros","link":"https:\/\/www.jornalja.com.br\/arquivo\/category\/livros\/"},"img":{"alt_text":"","src":"https:\/\/i0.wp.com\/www.jornalja.com.br\/wp-content\/uploads\/2008\/07\/brizola.gif?resize=350%2C200&ssl=1","width":350,"height":200},"classes":[]}],"jetpack_shortlink":"https:\/\/wp.me\/pbQjBd-aUw","_links":{"self":[{"href":"https:\/\/www.jornalja.com.br\/arquivo\/wp-json\/wp\/v2\/posts\/41944","targetHints":{"allow":["GET"]}}],"collection":[{"href":"https:\/\/www.jornalja.com.br\/arquivo\/wp-json\/wp\/v2\/posts"}],"about":[{"href":"https:\/\/www.jornalja.com.br\/arquivo\/wp-json\/wp\/v2\/types\/post"}],"author":[{"embeddable":true,"href":"https:\/\/www.jornalja.com.br\/arquivo\/wp-json\/wp\/v2\/users\/4"}],"replies":[{"embeddable":true,"href":"https:\/\/www.jornalja.com.br\/arquivo\/wp-json\/wp\/v2\/comments?post=41944"}],"version-history":[{"count":0,"href":"https:\/\/www.jornalja.com.br\/arquivo\/wp-json\/wp\/v2\/posts\/41944\/revisions"}],"wp:featuredmedia":[{"embeddable":true,"href":"https:\/\/www.jornalja.com.br\/arquivo\/wp-json\/"}],"wp:attachment":[{"href":"https:\/\/www.jornalja.com.br\/arquivo\/wp-json\/wp\/v2\/media?parent=41944"}],"wp:term":[{"taxonomy":"category","embeddable":true,"href":"https:\/\/www.jornalja.com.br\/arquivo\/wp-json\/wp\/v2\/categories?post=41944"},{"taxonomy":"post_tag","embeddable":true,"href":"https:\/\/www.jornalja.com.br\/arquivo\/wp-json\/wp\/v2\/tags?post=41944"}],"curies":[{"name":"wp","href":"https:\/\/api.w.org\/{rel}","templated":true}]}}