{"id":41948,"date":"2016-12-05T16:51:29","date_gmt":"2016-12-05T19:51:29","guid":{"rendered":"https:\/\/www.jornalja.com.br\/?p=41948"},"modified":"2016-12-05T16:51:29","modified_gmt":"2016-12-05T19:51:29","slug":"tributo-marca-os-70-anos-do-musico-bedeu-terca-feira-no-renascenca","status":"publish","type":"post","link":"https:\/\/www.jornalja.com.br\/arquivo\/tributo-marca-os-70-anos-do-musico-bedeu-terca-feira-no-renascenca\/","title":{"rendered":"Tributo marca os 70 anos do m\u00fasico Bedeu ter\u00e7a-feira no Renascen\u00e7a"},"content":{"rendered":"<p>Jorge Moacir da Silva, o Bedeu, m\u00fasico e compositor ga\u00facho, foi fundador do grupo Pau Brasil, na d\u00e9cada de 70, e um dos principais respons\u00e1veis por levar para al\u00e9m dos limites do Mampituba o ritmo conhecido como su\u00edngue, o primo ga\u00facho do samba-rock e do balan\u00e7o. Bedeu \u00e9 autor de sucessos que ainda embalam festas de m\u00fasica brasileira como Grama Verde, Massagem e Saudades do Jakson do Pandeiro. Neste domingo, 4, completaram-se 70 anos de seu nascimento. Uma s\u00e9rie de homenagens marca a data.<br \/>\nA\u00a0celebra\u00e7\u00e3o teve in\u00edcio no domingo, no sal\u00e3o do ponto de cultura Afro Sul Odomod\u00ea, na avenida Ipiranga. Batizado com o nome de Bedeu, o sal\u00e3o recebeu a apresenta\u00e7\u00e3o do grupo Bongar, de Olinda. Na abertura, o Maracatu Truv\u00e3o fez uma homenagem especial. Grama Verde, cl\u00e1ssico do Pau Brasil, parceria de Bedeu com Leleco Teles e Alexandre, ganhou uma vers\u00e3o em ritmo de afox\u00e9 e maracatu de baque virado.<br \/>\nNesta ter\u00e7a-feira, os festejos continuam com o show-tributo <em>Na Poesia e na Can\u00e7\u00e3o Eles Cantam Bedeu e Delma<\/em>, \u00e0s 20h, no teatro Renascen\u00e7a. O espet\u00e1culo homenageia Bedeu e sua parceira de composi\u00e7\u00e3o, a poetisa Delma Gon\u00e7alves. O show marca tamb\u00e9m o lan\u00e7amento de um CD, com o mesmo nome. As composi\u00e7\u00f5es ser\u00e3o apresentadas por 23 dos 28 artistas que participaram da grava\u00e7\u00e3o. Entre eles, o guitarreiro Luis Vagner, Bebeto, Marietti Fialho, Tonho Crocco e Paulo Romeu.<br \/>\nNascido na regi\u00e3o da Ilhota, em Porto Alegre, Bedeu come\u00e7ou a carreira musical em S\u00e3o Paulo. Na d\u00e9cada de 70 voltou para o Sul, onde formou o grupo Pau Brasil, que lan\u00e7ou dois discos: O samba e suas origens (1978) e Pau-Brasil (1979). Em carreira solo lan\u00e7ou outros tr\u00eas discos: <a href=\"http:\/\/www.youtube.com\/watch?v=C7-YSr2plKk&amp;t=231s\" target=\"_blank\" rel=\"noopener noreferrer\">\u00c1frica no fundo do quintal (1983)<\/a>, Iluminado (1993) e <a href=\"http:\/\/www.youtube.com\/watch?v=rmEzkttJVNA\" target=\"_blank\" rel=\"noopener noreferrer\">Swing Popular Brasileiro (1998)<\/a>. Ligado ao carnaval portoalegrense, Bedeu foi compositor de sambas-enredo dos Garotos da Orgia, Acad\u00eamicos da Orgia e do Areal da Baronesa.<br \/>\n<span class=\"intertit\">O primo sulista do samba-rock \u00e9 rel\u00edquia em vinil<\/span><br \/>\nEm um r\u00e1pido bate-papo com Paulo Romeu, em uma tarde de s\u00e1bado no Odomod\u00ea, dois causos d\u00e3o uma ideia da dimens\u00e3o do grupo ga\u00facho Pau Brasil no cen\u00e1rio musical brasileiro. Paulinho integrou a banda no per\u00edodo entre os dois lan\u00e7amentos, tendo sa\u00eddo pouco antes da grava\u00e7\u00e3o do disco de 1979. H\u00e1 alguns anos, foi apresentado ao m\u00fasico Da Gama, guitarrista, fundador da banda Cidade Negra. Da Gama se emocionou ao saber que Paulinho havia feito parte do Pau Brasil, ajoelhou-se e fez rever\u00eancia: \u201cP\u00f4, a gente dan\u00e7ava esse som direto l\u00e1 na Baixada!\u201d<br \/>\nEstes discos que faziam dan\u00e7ar a Baixada Fluminense, o Partenon, a Cidade Baixa e v\u00e1rios outros bairros Brasil afora, na d\u00e9cada de 70, hoje s\u00e3o rel\u00edquia. Um exemplar de um dos discos lan\u00e7ados pelo grupo deve estar custando em torno de R$ 400, estima Paulinho. Isso para quem conseguir encontrar.<br \/>\nEle conta que encontrou, h\u00e1 cerca de cinco anos, o segundo disco da banda \u00e0 venda em um sebo de S\u00e3o Paulo. A capa estava rasgada, mas o disco, em bom estado. O vendedor parecia pouco disposto a fazer a transa\u00e7\u00e3o e s\u00f3 mudou de ideia quando Paulo Romeu disse que tinha feito parte da banda e mostrou seu nome na ficha t\u00e9cnica. A m\u00fasica Bela Natureza, uma das primeiras m\u00fasicas brasileiras com influ\u00eancia do reggae, \u00e9 composi\u00e7\u00e3o sua. Ainda assim, teve que deixar uns quantos pilas em troca da bolacha.<\/p>\n","protected":false},"excerpt":{"rendered":"<p>Jorge Moacir da Silva, o Bedeu, m\u00fasico e compositor ga\u00facho, foi fundador do grupo Pau Brasil, na d\u00e9cada de 70, e um dos principais respons\u00e1veis por levar para al\u00e9m dos limites do Mampituba o ritmo conhecido como su\u00edngue, o primo ga\u00facho do samba-rock e do balan\u00e7o. Bedeu \u00e9 autor de sucessos que ainda embalam festas [&hellip;]<\/p>\n","protected":false},"author":4,"featured_media":41949,"comment_status":"open","ping_status":"closed","sticky":false,"template":"","format":"standard","meta":{"_jetpack_memberships_contains_paid_content":false,"footnotes":""},"categories":[26],"tags":[],"class_list":["post-41948","post","type-post","status-publish","format-standard","has-post-thumbnail","hentry","category-geral"],"aioseo_notices":[],"jetpack_featured_media_url":"","jetpack_sharing_enabled":true,"jetpack-related-posts":[{"id":1280,"url":"https:\/\/www.jornalja.com.br\/arquivo\/o-menino-que-se-tornou-brizola\/","url_meta":{"origin":41948,"position":0},"title":"O Menino que se Tornou Brizola","author":"da Reda\u00e7\u00e3o","date":"28 de julho de 2008","format":false,"excerpt":"Autor: Cleber Dioni A vida de Leonel Brizola, com \u00eanfase para os primeiros anos em Porto Alegre, at\u00e9 o ex\u00edlio no Uruguai e a volta, quinze anos depois. \u00a0\"...\u00c9ramos todos jovens e nos identific\u00e1vamos com aquela massa an\u00f4nima a percorrer as ruas de Porto Alegre, gritando 'Get\u00falio', 'Get\u00falio' e empunhando\u2026","rel":"","context":"Em &quot;Livros&quot;","block_context":{"text":"Livros","link":"https:\/\/www.jornalja.com.br\/arquivo\/category\/livros\/"},"img":{"alt_text":"","src":"https:\/\/i0.wp.com\/www.jornalja.com.br\/wp-content\/uploads\/2008\/07\/brizola.gif?resize=350%2C200&ssl=1","width":350,"height":200},"classes":[]}],"jetpack_shortlink":"https:\/\/wp.me\/pbQjBd-aUA","_links":{"self":[{"href":"https:\/\/www.jornalja.com.br\/arquivo\/wp-json\/wp\/v2\/posts\/41948","targetHints":{"allow":["GET"]}}],"collection":[{"href":"https:\/\/www.jornalja.com.br\/arquivo\/wp-json\/wp\/v2\/posts"}],"about":[{"href":"https:\/\/www.jornalja.com.br\/arquivo\/wp-json\/wp\/v2\/types\/post"}],"author":[{"embeddable":true,"href":"https:\/\/www.jornalja.com.br\/arquivo\/wp-json\/wp\/v2\/users\/4"}],"replies":[{"embeddable":true,"href":"https:\/\/www.jornalja.com.br\/arquivo\/wp-json\/wp\/v2\/comments?post=41948"}],"version-history":[{"count":0,"href":"https:\/\/www.jornalja.com.br\/arquivo\/wp-json\/wp\/v2\/posts\/41948\/revisions"}],"wp:featuredmedia":[{"embeddable":true,"href":"https:\/\/www.jornalja.com.br\/arquivo\/wp-json\/"}],"wp:attachment":[{"href":"https:\/\/www.jornalja.com.br\/arquivo\/wp-json\/wp\/v2\/media?parent=41948"}],"wp:term":[{"taxonomy":"category","embeddable":true,"href":"https:\/\/www.jornalja.com.br\/arquivo\/wp-json\/wp\/v2\/categories?post=41948"},{"taxonomy":"post_tag","embeddable":true,"href":"https:\/\/www.jornalja.com.br\/arquivo\/wp-json\/wp\/v2\/tags?post=41948"}],"curies":[{"name":"wp","href":"https:\/\/api.w.org\/{rel}","templated":true}]}}