{"id":41986,"date":"2016-12-12T22:49:06","date_gmt":"2016-12-13T01:49:06","guid":{"rendered":"https:\/\/www.jornalja.com.br\/?p=41986"},"modified":"2016-12-12T22:49:06","modified_gmt":"2016-12-13T01:49:06","slug":"analise-de-conjuntura-apos-o-domingo-de-protestos-das-direitas-brasileiras","status":"publish","type":"post","link":"https:\/\/www.jornalja.com.br\/arquivo\/analise-de-conjuntura-apos-o-domingo-de-protestos-das-direitas-brasileiras\/","title":{"rendered":"An\u00e1lise de conjuntura ap\u00f3s o domingo de \u201cprotestos\u201d das direitas brasileiras"},"content":{"rendered":"<p><span class=\"assina\">Bruno Lima Rocha\u00a0<\/span><br \/>\n<span class=\"descreve\">Professor de ci\u00eancia pol\u00edtica e de rela\u00e7\u00f5es internacionais<\/span><br \/>\n<span class=\"intertit\"><strong>O Brasil avan\u00e7a a passos largos para o regresso<\/strong><\/span><br \/>\nA condi\u00e7\u00e3o \u00e9 bem essa. Sigo a tese de Lenio Streck, o Brasil vai de regresso, do Estado Social de Direito para o Estado Liberal de Direito (privado) e impulsionado por uma tecnocracia focada nas carreiras jur\u00eddicas &#8211; incluindo os delegados da PF &#8211; como Poder Moderador das capacidades redistributivas do aparelho de Estado. Na pr\u00f3xima d\u00e9cada, caso este projeto pol\u00edtico regressivo venha a se concretizar, o pa\u00eds real vai se aproximar do pa\u00eds formal, aumentando os poderes de interven\u00e7\u00e3o do Judici\u00e1rio no Executivo e as prerrogativas de repress\u00e3o pol\u00edtica do Executivo. No planto externo, uma subordina\u00e7\u00e3o absoluta aos poderes do Imp\u00e9rio (EUA) e na interna, a liquida\u00e7\u00e3o das chances de crescimento econ\u00f4mico capitalista, sem debates de desenvolvimento de nenhum tipo, e as garantias dos ganhos dos financistas acima de tudo.<br \/>\n\u00c9 importante refor\u00e7ar o \u00f3bvio. Ju\u00edzes, promotores e procuradores estiveram hoje na Avenida Paulista e em demais cidades, marchando \u2013 literalmente &#8211; ao lado (ou no mesmo espa\u00e7o) de neofascistas que atentam contra a ordem constitucional. Esse absurdo vai passar em &#8220;branco&#8221; e nem o Conselho Nacional de Justi\u00e7a (CNJ) ou o Conselho Nacional do Minist\u00e9rio P\u00fablico (CNMP) v\u00e3o fazer nada e ningu\u00e9m ser\u00e1 punido. Este \u00e9 o Brasil do golpe parlamentar e do avan\u00e7o do autoritarismo togado.<br \/>\n<span class=\"intertit\"><strong>\u00a0Primeira parte da an\u00e1lise dos protestos e da semana que antecedeu o domingo da direita cibern\u00e9tica<\/strong><\/span><br \/>\nNo domingo dia 04 de dezembro tivemos a marcha dos coxinhas. Especificamente, a cerim\u00f4nia quase fascista foi convocada por duas franquias de empresas de marketing digital, Movimento Brasil Livre (MBL) e VemPraRua, al\u00e9m da rede de saudosistas da ditadura, estimuladas pela fam\u00edlia Bolsonaro. Estes \u00faltimos s\u00e3o os mesmos idiotas que invadiram o plen\u00e1rio da C\u00e2mara, n\u00e3o tomaram uma surra da Pol\u00edcia Legislativa, e ainda confundiram a bandeira do Jap\u00e3o com a antiga Uni\u00e3o Sovi\u00e9tica.<br \/>\nAl\u00e9m do pesadelo pol\u00edtico que o esgoto da internet brasileira liberou h\u00e1 mais de dois anos, estamos diante de alguns impasses. Vejamos:<br \/>\nAs 10 Medidas contra a corrup\u00e7\u00e3o, se aprovadas, implicam em um aumento das prerrogativas do Minist\u00e9rio P\u00fablico sobre a sociedade, especificamente condicionando todo o servi\u00e7o p\u00fablico ao bel prazer de jovens procuradores. Estes &#8220;meninos do Brasil&#8221;, se creem plenipotenci\u00e1rios, meritocr\u00e1ticos, s\u00e3o bons de concurso e n\u00e3o entendem quase nada das din\u00e2micas reais do Brasil profundo e perif\u00e9rico. S\u00e3o, em geral, colonizados, liberais e american\u00f3filos (vide padr\u00e3o For\u00e7a Tarefa da Lava Jato).<br \/>\nJ\u00e1 a oposi\u00e7\u00e3o ao projeto das 10 Medidas n\u00e3o vem pela sociedade indignada e sim pelos plutocratas, corruptos e oligarcas que deram o golpe parlamentar e agora est\u00e3o apavorados com a dela\u00e7\u00e3o premiada da Odebrecht e suas consequ\u00eancias.<br \/>\nAo mesmo tempo, o senador Renan Calheiros (PMDB-AL) viu seu feiti\u00e7o voltar contra si. Renan comandou a emenda da lei de abuso de autoridade, em uma tentativa de conter a capacidade de mando do Judici\u00e1rio e do Minist\u00e9rio P\u00fablico. Como resposta, o STF desengavetou uma a\u00e7\u00e3o penal contra o coronel alagoano, nove anos depois, e trouxe o caso M\u00f4nica Veloso de volta ao notici\u00e1rio. Agora, batendo de frente com o Supremo, Renan amea\u00e7a que n\u00e3o vai cair sozinho e &#8220;se for preso, esvazia o Senado&#8221;.<br \/>\nDe sua parte, o governo usurpador de Temer e cia. est\u00e1 emparedado pelos &#8220;aliados&#8221; tucanos. Uma poss\u00edvel tentativa de apaziguar os \u00e2nimos do PSDB foi o fato do ministro Eliseu Padilha indicar um tucano para presidir a Vale, a segunda empresa mais importante do pa\u00eds depois da Petrobr\u00e1s. \u00c9 poss\u00edvel que existam duas grava\u00e7\u00f5es do ex-ministro da Cultura Marcelo Calero, uma que veio a p\u00fablico e outra guardada como segredo pol\u00edtico e provavelmente arma de negocia\u00e7\u00e3o entre as partes.<br \/>\nDiante do quadro de queda da farsa do golpe com nome de impeachment, a direita cibern\u00e9tica convoca um ato desesperado, despejando sobre o Minist\u00e9rio P\u00fablico Federal e em especial na For\u00e7a Tarefa da Lava jato, o cond\u00e3o para levar o Estado Brasileiro a ser definitivamente subordinado a um poder corporativo, ideologicamente vinculado ao direito comum anglo-sax\u00e3o.<br \/>\n<span class=\"intertit\"><strong>Segunda parte da an\u00e1lise dos protestos e da semana que antecedeu o domingo da direita cibern\u00e9tica<\/strong><\/span><br \/>\nPodemos interpretar o ato dos neoliberais e neofascistas de hoje como um gesto de desespero. A legitimidade do governo golpista est\u00e1 caindo, os blocos de poder no Pal\u00e1cio do Planalto est\u00e3o se engalfinhando e a op\u00e7\u00e3o de Temer tem vida curta. A escolha do usurpador \u00e9 de tipo Sun Tzu: &#8220;fazer o mal todo de uma s\u00f3 vez&#8221;; como n\u00e3o pode fazer por decreto, vai aplicando projetos de emenda constitucional (como a PEC 241 e 55) ou a MP da Deseduca\u00e7\u00e3o. Assim, o ex-homem de confian\u00e7a de Orestes Qu\u00e9rcia se apresenta como &#8220;parceiro leal&#8221; das elites que financiaram o golpe (como a FIESP) ou como interlocutor v\u00e1lido do viralatismo pr\u00f3-EUA.<br \/>\nEmbora convoquem para o mesmo dia e local, n\u00e3o h\u00e1 unidade nas direitas cibern\u00e9ticas. O viralatismo tem representa\u00e7\u00f5es v\u00e1rias, sendo que a mais leal destas est\u00e1 concentrada na For\u00e7a Tarefa da Lava Jato, cujo objetivo estrat\u00e9gico fora alcan\u00e7ado: quebrar a Petrobr\u00e1s e romper com o oligop\u00f3lio &#8220;nacional&#8221; das empresas de constru\u00e7\u00e3o pesada e conglomerados econ\u00f4micos complexos como a Odebrecht. A conta \u00e9 de chegada e n\u00e3o \u00e9 bonita. No capitalismo mundializado, uma pot\u00eancia m\u00e9dia como o Brasil seria &#8211; ou quase foi &#8211; precisa de empresas Transnacionais (TNCs) sob cobertura do Tesouro Nacional atrav\u00e9s de seu banco de fomento (no caso, o BNDES). Sem empresas TNCs e banco de fomento, simplesmente n\u00e3o tem como disputar espa\u00e7o no Sistema Internacional (SI).<br \/>\nO inverso \u00e9 verdadeiro do par\u00e1grafo acima. O viralatismo grudou como um caramujo no aparelho de Estado e faz do pa\u00eds uma col\u00f4nia de reprodu\u00e7\u00e3o interna. \u00c9 mais complexo do que enviar mais valia ou lucros n\u00e3o taxados para as matrizes, mas sim a subordina\u00e7\u00e3o de carreiras de Estado para a l\u00f3gica da proje\u00e7\u00e3o de poder colonial, hoje vinculada \u00e0 hegemonia cultural, financeira e militar dos EUA, sendo a hegemonia econ\u00f4mica mais pendente para a China. Ao quebrar as condi\u00e7\u00f5es de um crescimento econ\u00f4mico de tipo &#8220;capitalismo brasileiro&#8221; &#8211; como foi o lulismo &#8211; e menos ainda de um desenvolvimento aut\u00f4nomo &#8211; como nunca foi o lulismo &#8211; simplesmente o pa\u00eds se subordina \u00e0 presen\u00e7a externa, e quebra a espinha da Am\u00e9rica Latina ao meio.<br \/>\n<span class=\"intertit\"><strong>Dimens\u00f5es pol\u00edticas e substantivas da Opera\u00e7\u00e3o Lava Jato e a Rep\u00fablica de Curitiba <\/strong><\/span><br \/>\nAl\u00e9m das p\u00e9ssimas escolhas do modelo econ\u00f4mico de crescimento sem modifica\u00e7\u00e3o de vantagens comparativas onde o Brasil j\u00e1 se sobressa\u00eda, e a evidente ancoragem da agricultura de escala e na comoditiza\u00e7\u00e3o, sofremos os efeitos de aut\u00eantica sabotagem de economia capitalista. O PIB brasileiro encolheu mais de US$ 500 bilh\u00f5es no comparativo de 2014 para 2015. Antes que algum desavisado se tratar de argumento \u201clulista\u201d, afirmo o oposto, at\u00e9 porque esse analista n\u00e3o o \u00e9. Os dados s\u00e3o do IBGE e do FMI, e na propor\u00e7\u00e3o, \u201cencolhemos\u201d 24,6% na compara\u00e7\u00e3o da reelei\u00e7\u00e3o de 2014, para o fechamento de 2015. Realmente, a Opera\u00e7\u00e3o Lava Jato tem um papel fundamental \u2013 embora n\u00e3o \u00fanico &#8211; neste encolhimento.<br \/>\nNa cultura popular de onde venho, o que ocorre hoje \u00e9 isso. H\u00e1 uma s\u00edntese da quebra de paradigmas no processo investigativo. Dela\u00e7\u00e3o premiada \u00e9 caguetagem de luxo. J\u00e1 o delator premiado \u00e9 X9 de elite. A Teoria do dom\u00ednio do fato \u00e9 divaga\u00e7\u00e3o de \u201cjovens meritocr\u00e1ticos\u201d vestindo terno importado e brincando de justiceiro neoliberal. A \u201cRep\u00fablica de Curitiba\u201d est\u00e1 realmente em transe e S\u00e9rgio Moro quase dando \u201cpinote\u201d, indo para os EUA.<br \/>\nDiante da amea\u00e7a de autoex\u00edlio do l\u00edder da Lava Jato, a direita cibern\u00e9tica brasileira foi \u00e0s ruas no domingo para reclamar do efeito direto de suas mobiliza\u00e7\u00f5es pr\u00e9vias.<br \/>\n(<a href=\"http:\/\/www.estrategiaeanalise.com.br\">www.estrategiaeanalise.com.br<\/a> \/ <a href=\"mailto:blimarocha@gmail.com\">blimarocha@gmail.com<\/a> para E-mail e Facebook)<\/p>\n","protected":false},"excerpt":{"rendered":"<p>Bruno Lima Rocha\u00a0 Professor de ci\u00eancia pol\u00edtica e de rela\u00e7\u00f5es internacionais O Brasil avan\u00e7a a passos largos para o regresso A condi\u00e7\u00e3o \u00e9 bem essa. Sigo a tese de Lenio Streck, o Brasil vai de regresso, do Estado Social de Direito para o Estado Liberal de Direito (privado) e impulsionado por uma tecnocracia focada nas [&hellip;]<\/p>\n","protected":false},"author":4,"featured_media":42291,"comment_status":"open","ping_status":"closed","sticky":false,"template":"","format":"standard","meta":{"_jetpack_newsletter_access":"","_jetpack_dont_email_post_to_subs":false,"_jetpack_newsletter_tier_id":0,"_jetpack_memberships_contains_paywalled_content":false,"_jetpack_feature_clip_id":0,"_jetpack_memberships_contains_paid_content":false,"footnotes":"","jetpack_post_was_ever_published":false},"categories":[2011,2012],"tags":[],"class_list":["post-41986","post","type-post","status-publish","format-standard","has-post-thumbnail","hentry","category-destaque","category-debates"],"aioseo_notices":[],"aioseo_head":"\n\t\t<!-- All in One SEO 5.0.1.1 - aioseo.com -->\n\t<meta name=\"robots\" content=\"max-image-preview:large\" \/>\n\t<meta name=\"author\" content=\"da Reda\u00e7\u00e3o\"\/>\n\t<link rel=\"canonical\" href=\"https:\/\/www.jornalja.com.br\/arquivo\/analise-de-conjuntura-apos-o-domingo-de-protestos-das-direitas-brasileiras\/\" \/>\n\t<meta name=\"generator\" content=\"All in One SEO (AIOSEO) 5.0.1.1\" \/>\n\t\t<meta property=\"og:locale\" content=\"pt_BR\" \/>\n\t\t<meta property=\"og:site_name\" content=\"Arquivo | Jornal J\u00c1 | Porto Alegre\" \/>\n\t\t<meta property=\"og:type\" content=\"article\" \/>\n\t\t<meta property=\"og:title\" content=\"An\u00e1lise de conjuntura ap\u00f3s o domingo de \u201cprotestos\u201d das direitas brasileiras | Arquivo\" \/>\n\t\t<meta property=\"og:url\" content=\"https:\/\/www.jornalja.com.br\/arquivo\/analise-de-conjuntura-apos-o-domingo-de-protestos-das-direitas-brasileiras\/\" \/>\n\t\t<meta property=\"og:image\" content=\"https:\/\/www.jornalja.com.br\/economics\/wp-content\/uploads\/sites\/11\/2026\/08\/ja-folhaderosto-facebook.jpg\" \/>\n\t\t<meta property=\"og:image:secure_url\" content=\"https:\/\/www.jornalja.com.br\/economics\/wp-content\/uploads\/sites\/11\/2026\/08\/ja-folhaderosto-facebook.jpg\" \/>\n\t\t<meta property=\"article:published_time\" content=\"2016-12-13T01:49:06+00:00\" \/>\n\t\t<meta property=\"article:modified_time\" content=\"2016-12-13T01:49:06+00:00\" \/>\n\t\t<meta name=\"twitter:card\" content=\"summary\" \/>\n\t\t<meta name=\"twitter:title\" content=\"An\u00e1lise de conjuntura ap\u00f3s o domingo de \u201cprotestos\u201d das direitas brasileiras | Arquivo\" \/>\n\t\t<meta name=\"twitter:image\" content=\"https:\/\/www.jornalja.com.br\/economics\/wp-content\/uploads\/sites\/11\/2026\/08\/ja-folhaderosto-facebook.jpg\" \/>\n\t\t<script type=\"application\/ld+json\" class=\"aioseo-schema\">\n\t\t\t{\"@context\":\"https:\\\/\\\/schema.org\",\"@graph\":[{\"@type\":\"BlogPosting\",\"@id\":\"https:\\\/\\\/www.jornalja.com.br\\\/arquivo\\\/analise-de-conjuntura-apos-o-domingo-de-protestos-das-direitas-brasileiras\\\/#blogposting\",\"name\":\"An\\u00e1lise de conjuntura ap\\u00f3s o domingo de \\u201cprotestos\\u201d das direitas brasileiras | Arquivo\",\"headline\":\"An\\u00e1lise de conjuntura ap\\u00f3s o domingo de \\u201cprotestos\\u201d das direitas brasileiras\",\"author\":{\"@id\":\"https:\\\/\\\/www.jornalja.com.br\\\/arquivo\\\/author\\\/daredacao\\\/#author\"},\"publisher\":{\"@id\":\"https:\\\/\\\/www.jornalja.com.br\\\/arquivo\\\/#organization\"},\"image\":{\"@type\":\"ImageObject\",\"url\":42291},\"datePublished\":\"2016-12-12T22:49:06-02:00\",\"dateModified\":\"2016-12-12T22:49:06-02:00\",\"inLanguage\":\"pt-BR\",\"mainEntityOfPage\":{\"@id\":\"https:\\\/\\\/www.jornalja.com.br\\\/arquivo\\\/analise-de-conjuntura-apos-o-domingo-de-protestos-das-direitas-brasileiras\\\/#webpage\"},\"isPartOf\":{\"@id\":\"https:\\\/\\\/www.jornalja.com.br\\\/arquivo\\\/analise-de-conjuntura-apos-o-domingo-de-protestos-das-direitas-brasileiras\\\/#webpage\"},\"articleSection\":\"CDD-artigo em destaque, HOTSITE Comit\\u00ea pela Democracia\"},{\"@type\":\"BreadcrumbList\",\"@id\":\"https:\\\/\\\/www.jornalja.com.br\\\/arquivo\\\/analise-de-conjuntura-apos-o-domingo-de-protestos-das-direitas-brasileiras\\\/#breadcrumblist\",\"itemListElement\":[{\"@type\":\"ListItem\",\"@id\":\"https:\\\/\\\/www.jornalja.com.br\\\/arquivo#listItem\",\"position\":1,\"name\":\"Home\",\"item\":\"https:\\\/\\\/www.jornalja.com.br\\\/arquivo\",\"nextItem\":{\"@type\":\"ListItem\",\"@id\":\"https:\\\/\\\/www.jornalja.com.br\\\/arquivo\\\/category\\\/destaque\\\/#listItem\",\"name\":\"CDD-artigo em destaque\"}},{\"@type\":\"ListItem\",\"@id\":\"https:\\\/\\\/www.jornalja.com.br\\\/arquivo\\\/category\\\/destaque\\\/#listItem\",\"position\":2,\"name\":\"CDD-artigo em destaque\",\"item\":\"https:\\\/\\\/www.jornalja.com.br\\\/arquivo\\\/category\\\/destaque\\\/\",\"nextItem\":{\"@type\":\"ListItem\",\"@id\":\"https:\\\/\\\/www.jornalja.com.br\\\/arquivo\\\/analise-de-conjuntura-apos-o-domingo-de-protestos-das-direitas-brasileiras\\\/#listItem\",\"name\":\"An\\u00e1lise de conjuntura ap\\u00f3s o domingo de \\u201cprotestos\\u201d das direitas brasileiras\"},\"previousItem\":{\"@type\":\"ListItem\",\"@id\":\"https:\\\/\\\/www.jornalja.com.br\\\/arquivo#listItem\",\"name\":\"Home\"}},{\"@type\":\"ListItem\",\"@id\":\"https:\\\/\\\/www.jornalja.com.br\\\/arquivo\\\/analise-de-conjuntura-apos-o-domingo-de-protestos-das-direitas-brasileiras\\\/#listItem\",\"position\":3,\"name\":\"An\\u00e1lise de conjuntura ap\\u00f3s o domingo de \\u201cprotestos\\u201d das direitas brasileiras\",\"previousItem\":{\"@type\":\"ListItem\",\"@id\":\"https:\\\/\\\/www.jornalja.com.br\\\/arquivo\\\/category\\\/destaque\\\/#listItem\",\"name\":\"CDD-artigo em destaque\"}}]},{\"@type\":\"Organization\",\"@id\":\"https:\\\/\\\/www.jornalja.com.br\\\/arquivo\\\/#organization\",\"name\":\"Jornal J\\u00c1\",\"description\":\"Jornal J\\u00c1 | Porto Alegre\",\"url\":\"https:\\\/\\\/www.jornalja.com.br\\\/arquivo\\\/\",\"telephone\":\"+555133307272\",\"logo\":{\"@type\":\"ImageObject\",\"url\":\"https:\\\/\\\/www.jornalja.com.br\\\/wp-content\\\/uploads\\\/cards\\\/JAslogan.png\",\"@id\":\"https:\\\/\\\/www.jornalja.com.br\\\/arquivo\\\/analise-de-conjuntura-apos-o-domingo-de-protestos-das-direitas-brasileiras\\\/#organizationLogo\"},\"image\":{\"@id\":\"https:\\\/\\\/www.jornalja.com.br\\\/arquivo\\\/analise-de-conjuntura-apos-o-domingo-de-protestos-das-direitas-brasileiras\\\/#organizationLogo\"}},{\"@type\":\"Person\",\"@id\":\"https:\\\/\\\/www.jornalja.com.br\\\/arquivo\\\/author\\\/daredacao\\\/#author\",\"url\":\"https:\\\/\\\/www.jornalja.com.br\\\/arquivo\\\/author\\\/daredacao\\\/\",\"name\":\"da Reda\\u00e7\\u00e3o\",\"image\":{\"@type\":\"ImageObject\",\"@id\":\"https:\\\/\\\/www.jornalja.com.br\\\/arquivo\\\/analise-de-conjuntura-apos-o-domingo-de-protestos-das-direitas-brasileiras\\\/#authorImage\",\"url\":\"https:\\\/\\\/secure.gravatar.com\\\/avatar\\\/469fd857d6605ad19919d27ed29d35a968a25f6e8fd9318356bbb7f57aae9c65?s=96&d=mm&r=g\",\"width\":96,\"height\":96,\"caption\":\"da Reda\\u00e7\\u00e3o\"}},{\"@type\":\"WebPage\",\"@id\":\"https:\\\/\\\/www.jornalja.com.br\\\/arquivo\\\/analise-de-conjuntura-apos-o-domingo-de-protestos-das-direitas-brasileiras\\\/#webpage\",\"url\":\"https:\\\/\\\/www.jornalja.com.br\\\/arquivo\\\/analise-de-conjuntura-apos-o-domingo-de-protestos-das-direitas-brasileiras\\\/\",\"name\":\"An\\u00e1lise de conjuntura ap\\u00f3s o domingo de \\u201cprotestos\\u201d das direitas brasileiras | Arquivo\",\"inLanguage\":\"pt-BR\",\"isPartOf\":{\"@id\":\"https:\\\/\\\/www.jornalja.com.br\\\/arquivo\\\/#website\"},\"breadcrumb\":{\"@id\":\"https:\\\/\\\/www.jornalja.com.br\\\/arquivo\\\/analise-de-conjuntura-apos-o-domingo-de-protestos-das-direitas-brasileiras\\\/#breadcrumblist\"},\"author\":{\"@id\":\"https:\\\/\\\/www.jornalja.com.br\\\/arquivo\\\/author\\\/daredacao\\\/#author\"},\"creator\":{\"@id\":\"https:\\\/\\\/www.jornalja.com.br\\\/arquivo\\\/author\\\/daredacao\\\/#author\"},\"image\":{\"@type\":\"ImageObject\",\"url\":42291,\"@id\":\"https:\\\/\\\/www.jornalja.com.br\\\/arquivo\\\/analise-de-conjuntura-apos-o-domingo-de-protestos-das-direitas-brasileiras\\\/#mainImage\"},\"primaryImageOfPage\":{\"@id\":\"https:\\\/\\\/www.jornalja.com.br\\\/arquivo\\\/analise-de-conjuntura-apos-o-domingo-de-protestos-das-direitas-brasileiras\\\/#mainImage\"},\"datePublished\":\"2016-12-12T22:49:06-02:00\",\"dateModified\":\"2016-12-12T22:49:06-02:00\"},{\"@type\":\"WebSite\",\"@id\":\"https:\\\/\\\/www.jornalja.com.br\\\/arquivo\\\/#website\",\"url\":\"https:\\\/\\\/www.jornalja.com.br\\\/arquivo\\\/\",\"name\":\"Arquivo\",\"description\":\"Jornal J\\u00c1 | Porto Alegre\",\"inLanguage\":\"pt-BR\",\"publisher\":{\"@id\":\"https:\\\/\\\/www.jornalja.com.br\\\/arquivo\\\/#organization\"}}]}\n\t\t<\/script>\n\t\t<!-- All in One SEO -->\n\n","aioseo_head_json":{"title":"An\u00e1lise de conjuntura ap\u00f3s o domingo de \u201cprotestos\u201d das direitas brasileiras | Arquivo","description":"","canonical_url":"https:\/\/www.jornalja.com.br\/arquivo\/analise-de-conjuntura-apos-o-domingo-de-protestos-das-direitas-brasileiras\/","robots":"max-image-preview:large","keywords":"","webmasterTools":{"miscellaneous":""},"schema":{"@context":"https:\/\/schema.org","@graph":[{"@type":"BlogPosting","@id":"https:\/\/www.jornalja.com.br\/arquivo\/analise-de-conjuntura-apos-o-domingo-de-protestos-das-direitas-brasileiras\/#blogposting","name":"An\u00e1lise de conjuntura ap\u00f3s o domingo de \u201cprotestos\u201d das direitas brasileiras | Arquivo","headline":"An\u00e1lise de conjuntura ap\u00f3s o domingo de \u201cprotestos\u201d das direitas brasileiras","author":{"@id":"https:\/\/www.jornalja.com.br\/arquivo\/author\/daredacao\/#author"},"publisher":{"@id":"https:\/\/www.jornalja.com.br\/arquivo\/#organization"},"image":{"@type":"ImageObject","url":42291},"datePublished":"2016-12-12T22:49:06-02:00","dateModified":"2016-12-12T22:49:06-02:00","inLanguage":"pt-BR","mainEntityOfPage":{"@id":"https:\/\/www.jornalja.com.br\/arquivo\/analise-de-conjuntura-apos-o-domingo-de-protestos-das-direitas-brasileiras\/#webpage"},"isPartOf":{"@id":"https:\/\/www.jornalja.com.br\/arquivo\/analise-de-conjuntura-apos-o-domingo-de-protestos-das-direitas-brasileiras\/#webpage"},"articleSection":"CDD-artigo em destaque, HOTSITE Comit\u00ea pela Democracia"},{"@type":"BreadcrumbList","@id":"https:\/\/www.jornalja.com.br\/arquivo\/analise-de-conjuntura-apos-o-domingo-de-protestos-das-direitas-brasileiras\/#breadcrumblist","itemListElement":[{"@type":"ListItem","@id":"https:\/\/www.jornalja.com.br\/arquivo#listItem","position":1,"name":"Home","item":"https:\/\/www.jornalja.com.br\/arquivo","nextItem":{"@type":"ListItem","@id":"https:\/\/www.jornalja.com.br\/arquivo\/category\/destaque\/#listItem","name":"CDD-artigo em destaque"}},{"@type":"ListItem","@id":"https:\/\/www.jornalja.com.br\/arquivo\/category\/destaque\/#listItem","position":2,"name":"CDD-artigo em destaque","item":"https:\/\/www.jornalja.com.br\/arquivo\/category\/destaque\/","nextItem":{"@type":"ListItem","@id":"https:\/\/www.jornalja.com.br\/arquivo\/analise-de-conjuntura-apos-o-domingo-de-protestos-das-direitas-brasileiras\/#listItem","name":"An\u00e1lise de conjuntura ap\u00f3s o domingo de \u201cprotestos\u201d das direitas brasileiras"},"previousItem":{"@type":"ListItem","@id":"https:\/\/www.jornalja.com.br\/arquivo#listItem","name":"Home"}},{"@type":"ListItem","@id":"https:\/\/www.jornalja.com.br\/arquivo\/analise-de-conjuntura-apos-o-domingo-de-protestos-das-direitas-brasileiras\/#listItem","position":3,"name":"An\u00e1lise de conjuntura ap\u00f3s o domingo de \u201cprotestos\u201d das direitas brasileiras","previousItem":{"@type":"ListItem","@id":"https:\/\/www.jornalja.com.br\/arquivo\/category\/destaque\/#listItem","name":"CDD-artigo em destaque"}}]},{"@type":"Organization","@id":"https:\/\/www.jornalja.com.br\/arquivo\/#organization","name":"Jornal J\u00c1","description":"Jornal J\u00c1 | Porto Alegre","url":"https:\/\/www.jornalja.com.br\/arquivo\/","telephone":"+555133307272","logo":{"@type":"ImageObject","url":"https:\/\/www.jornalja.com.br\/wp-content\/uploads\/cards\/JAslogan.png","@id":"https:\/\/www.jornalja.com.br\/arquivo\/analise-de-conjuntura-apos-o-domingo-de-protestos-das-direitas-brasileiras\/#organizationLogo"},"image":{"@id":"https:\/\/www.jornalja.com.br\/arquivo\/analise-de-conjuntura-apos-o-domingo-de-protestos-das-direitas-brasileiras\/#organizationLogo"}},{"@type":"Person","@id":"https:\/\/www.jornalja.com.br\/arquivo\/author\/daredacao\/#author","url":"https:\/\/www.jornalja.com.br\/arquivo\/author\/daredacao\/","name":"da Reda\u00e7\u00e3o","image":{"@type":"ImageObject","@id":"https:\/\/www.jornalja.com.br\/arquivo\/analise-de-conjuntura-apos-o-domingo-de-protestos-das-direitas-brasileiras\/#authorImage","url":"https:\/\/secure.gravatar.com\/avatar\/469fd857d6605ad19919d27ed29d35a968a25f6e8fd9318356bbb7f57aae9c65?s=96&d=mm&r=g","width":96,"height":96,"caption":"da Reda\u00e7\u00e3o"}},{"@type":"WebPage","@id":"https:\/\/www.jornalja.com.br\/arquivo\/analise-de-conjuntura-apos-o-domingo-de-protestos-das-direitas-brasileiras\/#webpage","url":"https:\/\/www.jornalja.com.br\/arquivo\/analise-de-conjuntura-apos-o-domingo-de-protestos-das-direitas-brasileiras\/","name":"An\u00e1lise de conjuntura ap\u00f3s o domingo de \u201cprotestos\u201d das direitas brasileiras | Arquivo","inLanguage":"pt-BR","isPartOf":{"@id":"https:\/\/www.jornalja.com.br\/arquivo\/#website"},"breadcrumb":{"@id":"https:\/\/www.jornalja.com.br\/arquivo\/analise-de-conjuntura-apos-o-domingo-de-protestos-das-direitas-brasileiras\/#breadcrumblist"},"author":{"@id":"https:\/\/www.jornalja.com.br\/arquivo\/author\/daredacao\/#author"},"creator":{"@id":"https:\/\/www.jornalja.com.br\/arquivo\/author\/daredacao\/#author"},"image":{"@type":"ImageObject","url":42291,"@id":"https:\/\/www.jornalja.com.br\/arquivo\/analise-de-conjuntura-apos-o-domingo-de-protestos-das-direitas-brasileiras\/#mainImage"},"primaryImageOfPage":{"@id":"https:\/\/www.jornalja.com.br\/arquivo\/analise-de-conjuntura-apos-o-domingo-de-protestos-das-direitas-brasileiras\/#mainImage"},"datePublished":"2016-12-12T22:49:06-02:00","dateModified":"2016-12-12T22:49:06-02:00"},{"@type":"WebSite","@id":"https:\/\/www.jornalja.com.br\/arquivo\/#website","url":"https:\/\/www.jornalja.com.br\/arquivo\/","name":"Arquivo","description":"Jornal J\u00c1 | Porto Alegre","inLanguage":"pt-BR","publisher":{"@id":"https:\/\/www.jornalja.com.br\/arquivo\/#organization"}}]},"og:locale":"pt_BR","og:site_name":"Arquivo | Jornal J\u00c1 | Porto Alegre","og:type":"article","og:title":"An\u00e1lise de conjuntura ap\u00f3s o domingo de \u201cprotestos\u201d das direitas brasileiras | Arquivo","og:url":"https:\/\/www.jornalja.com.br\/arquivo\/analise-de-conjuntura-apos-o-domingo-de-protestos-das-direitas-brasileiras\/","og:image":"https:\/\/www.jornalja.com.br\/economics\/wp-content\/uploads\/sites\/11\/2026\/08\/ja-folhaderosto-facebook.jpg","og:image:secure_url":"https:\/\/www.jornalja.com.br\/economics\/wp-content\/uploads\/sites\/11\/2026\/08\/ja-folhaderosto-facebook.jpg","article:published_time":"2016-12-13T01:49:06+00:00","article:modified_time":"2016-12-13T01:49:06+00:00","twitter:card":"summary","twitter:title":"An\u00e1lise de conjuntura ap\u00f3s o domingo de \u201cprotestos\u201d das direitas brasileiras | Arquivo","twitter:image":"https:\/\/www.jornalja.com.br\/economics\/wp-content\/uploads\/sites\/11\/2026\/08\/ja-folhaderosto-facebook.jpg"},"aioseo_meta_data":{"post_id":"41986","title":null,"description":null,"keywords":null,"keyphrases":null,"primary_term":null,"canonical_url":null,"og_title":null,"og_description":null,"og_object_type":"default","og_image_type":"default","og_image_url":null,"og_image_width":null,"og_image_height":null,"og_image_custom_url":null,"og_image_custom_fields":null,"og_video":null,"og_custom_url":null,"og_article_section":null,"og_article_tags":null,"twitter_use_og":false,"twitter_card":"default","twitter_image_type":"default","twitter_image_url":null,"twitter_image_custom_url":null,"twitter_image_custom_fields":null,"twitter_title":null,"twitter_description":null,"schema":{"blockGraphs":[],"customGraphs":[],"default":{"data":{"Article":[],"Course":[],"Dataset":[],"FAQPage":[],"Movie":[],"Person":[],"Product":[],"ProductReview":[],"Car":[],"Recipe":[],"Service":[],"SoftwareApplication":[],"WebPage":[]},"graphName":"","isEnabled":true},"graphs":[],"defaultGraph":"","defaultPostTypeGraph":""},"schema_type":null,"schema_type_options":null,"pillar_content":false,"robots_default":true,"robots_noindex":false,"robots_noarchive":false,"robots_nosnippet":false,"robots_nofollow":false,"robots_noimageindex":false,"robots_noodp":false,"robots_notranslate":false,"robots_max_snippet":null,"robots_max_videopreview":null,"robots_max_imagepreview":"large","priority":null,"frequency":null,"location":null,"local_seo":null,"breadcrumb_settings":null,"limit_modified_date":false,"ai":null,"created":"2020-12-20 20:44:21","updated":"2025-07-19 18:38:12","seo_analyzer_scan_date":null,"focus_keyword":null,"additional_keywords":null,"truseo_locale":null},"jetpack_sharing_enabled":true,"jetpack-related-posts":[{"id":13124,"url":"https:\/\/www.jornalja.com.br\/arquivo\/sangue-latino-no-iecine\/","url_meta":{"origin":41986,"position":0},"title":"Sangue latino no IECINE","author":"da Reda\u00e7\u00e3o","date":"18 de maio de 2014","format":false,"excerpt":"Francisco Ribeiro O Instituto Estadual de Cinema (IECINE) tem a frente, desde abril \u00faltimo, um novo diretor, o cineasta colombiano Juan Zapata, 36, que substitui Luiz Alberto Cassol. Radicado h\u00e1 dez anos em Porto Alegre, Zapata tem diante de si o desafio de conduzir at\u00e9 o final do ano um\u2026","rel":"","context":"Em &quot;Cultura-Geral&quot;","block_context":{"text":"Cultura-Geral","link":"https:\/\/www.jornalja.com.br\/arquivo\/category\/materiasecundaria\/"},"img":{"alt_text":"","src":"","width":0,"height":0},"classes":[]},{"id":13109,"url":"https:\/\/www.jornalja.com.br\/arquivo\/judiciario-reconhece-poluicao-eletromagnetica\/","url_meta":{"origin":41986,"position":1},"title":"Judici\u00e1rio reconhece polui\u00e7\u00e3o eletromagn\u00e9tica","author":"Patr\u00edcia Marini","date":"16 de maio de 2014","format":false,"excerpt":"A\u00e7\u00e3o de duas associa\u00e7\u00f5es de moradores foi acolhida pelo Tribunal de Justi\u00e7a de S\u00e3o Paulo que. em decis\u00e3o in\u00e9dita, determinou a redu\u00e7\u00e3o do campo eletromagn\u00e9tico gerado pelas linhas de transmiss\u00e3o de energia que cortam os bairros City Boa\u00e7ava e Alto de Pinheiros. \u00c9 a primeira vez que um tribunal do\u2026","rel":"","context":"Em &quot;X.Categorias velhas&quot;","block_context":{"text":"X.Categorias velhas","link":"https:\/\/www.jornalja.com.br\/arquivo\/category\/x-categorias-velhas\/"},"img":{"alt_text":"","src":"","width":0,"height":0},"classes":[]},{"id":5440,"url":"https:\/\/www.jornalja.com.br\/arquivo\/casarao-da-venancio-destino-permanece-incerto\/","url_meta":{"origin":41986,"position":2},"title":"Estado ainda n\u00e3o sabe o que fazer com casar\u00e3o abandonado h\u00e1 20 anos","author":"Elmar Bones","date":"6 de julho de 2009","format":false,"excerpt":"O casar\u00e3o amarelo, numa esquina nobre de Porto Alegre (Ven\u00e2ncio Aires com Jo\u00e3o Pessoa), j\u00e1 abrigou uma escola. H\u00e1 duas d\u00e9cadas, pelo menos, est\u00e1 abandonado, porque seu propriet\u00e1rio, o governo do Estado do Rio Grande do Sul, n\u00e3o consegue achar um destino para ele. Planos n\u00e3o faltaram. O governador Ol\u00edvio\u2026","rel":"","context":"Em &quot;X.Categorias velhas&quot;","block_context":{"text":"X.Categorias velhas","link":"https:\/\/www.jornalja.com.br\/arquivo\/category\/x-categorias-velhas\/"},"img":{"alt_text":"geraldo1","src":"https:\/\/i0.wp.com\/www.jornalja.com.br\/wp-content\/uploads\/2009\/07\/geraldo1.jpg?resize=350%2C200&ssl=1","width":350,"height":200},"classes":[]},{"id":14241,"url":"https:\/\/www.jornalja.com.br\/arquivo\/o-guaiba-nas-imagens-poeticas-de-achutti\/","url_meta":{"origin":41986,"position":3},"title":"O Gua\u00edba nas imagens po\u00e9ticas de Achutti","author":"da Reda\u00e7\u00e3o","date":"18 de junho de 2014","format":false,"excerpt":"Em \u201cO Gua\u00edba por Achutti\u201d \u2013 obra financiada via Minist\u00e9rio da Cultura, produ\u00e7\u00e3o executiva de Pedro Longhi, e Fl\u00e1vio Wild como designer \u2013, o fot\u00f3grafo revela a beleza e as mazelas de um espa\u00e7o aqu\u00e1tico de \u00e1guas sempre renovadas, cheio de hist\u00f3rias e lendas como as das cidades que foram\u2026","rel":"","context":"Em &quot;Cultura-Geral&quot;","block_context":{"text":"Cultura-Geral","link":"https:\/\/www.jornalja.com.br\/arquivo\/category\/materiasecundaria\/"},"img":{"alt_text":"","src":"","width":0,"height":0},"classes":[]},{"id":13128,"url":"https:\/\/www.jornalja.com.br\/arquivo\/maconha-terra-diz-que-uso-medicinal-e-desculpa\/","url_meta":{"origin":41986,"position":4},"title":"Maconha: Terra diz que uso medicinal \u00e9 desculpa","author":"Patr\u00edcia Marini","date":"4 de junho de 2014","format":false,"excerpt":"A condi\u00e7\u00e3o de pol\u00edtico, em \u00e9poca de campanha de campanha eleitoral, tira for\u00e7a do discurso do m\u00e9dico Osmar Terra contra a legaliza\u00e7\u00e3o da maconha. A tese dele de que a libera\u00e7\u00e3o vai ampliar exponencialmente o consumo \u00e9 discutivel, o consumo \u00e9 corrente. Mas seus alertas quanto aos riscos tem que\u2026","rel":"","context":"Em &quot;X.Categorias velhas&quot;","block_context":{"text":"X.Categorias velhas","link":"https:\/\/www.jornalja.com.br\/arquivo\/category\/x-categorias-velhas\/"},"img":{"alt_text":"","src":"","width":0,"height":0},"classes":[]},{"id":13240,"url":"https:\/\/www.jornalja.com.br\/arquivo\/plano-diretor-estamos-construindo-o-caos\/","url_meta":{"origin":41986,"position":5},"title":"Plano diretor: &quot;Estamos construindo o caos&quot;","author":"Patr\u00edcia Marini","date":"26 de maio de 2014","format":false,"excerpt":"Desabafo que arquiteta Eliana Castilhos, delegada da Regi\u00e3o de Planejamento 1, postou nas redes sociais \u00e9 um testemunho do ambiente que se criou no Conselho do Plano Diretor de Porto Alegre, onde a aprova\u00e7\u00e3o de grandes empreendimentos \u00e9 empurrada guela abaixo dos conselheiros. Ao CMDUA Como delegada da Regi\u00e3o de\u2026","rel":"","context":"Em &quot;Geral&quot;","block_context":{"text":"Geral","link":"https:\/\/www.jornalja.com.br\/arquivo\/category\/geral\/"},"img":{"alt_text":"","src":"","width":0,"height":0},"classes":[]}],"jetpack_shortlink":"https:\/\/wp.me\/pbQjBd-aVc","jetpack_featured_media_url":"","_links":{"self":[{"href":"https:\/\/www.jornalja.com.br\/arquivo\/wp-json\/wp\/v2\/posts\/41986","targetHints":{"allow":["GET"]}}],"collection":[{"href":"https:\/\/www.jornalja.com.br\/arquivo\/wp-json\/wp\/v2\/posts"}],"about":[{"href":"https:\/\/www.jornalja.com.br\/arquivo\/wp-json\/wp\/v2\/types\/post"}],"author":[{"embeddable":true,"href":"https:\/\/www.jornalja.com.br\/arquivo\/wp-json\/wp\/v2\/users\/4"}],"replies":[{"embeddable":true,"href":"https:\/\/www.jornalja.com.br\/arquivo\/wp-json\/wp\/v2\/comments?post=41986"}],"version-history":[{"count":0,"href":"https:\/\/www.jornalja.com.br\/arquivo\/wp-json\/wp\/v2\/posts\/41986\/revisions"}],"wp:attachment":[{"href":"https:\/\/www.jornalja.com.br\/arquivo\/wp-json\/wp\/v2\/media?parent=41986"}],"wp:term":[{"taxonomy":"category","embeddable":true,"href":"https:\/\/www.jornalja.com.br\/arquivo\/wp-json\/wp\/v2\/categories?post=41986"},{"taxonomy":"post_tag","embeddable":true,"href":"https:\/\/www.jornalja.com.br\/arquivo\/wp-json\/wp\/v2\/tags?post=41986"}],"curies":[{"name":"wp","href":"https:\/\/api.w.org\/{rel}","templated":true}]}}