{"id":41990,"date":"2016-12-12T22:42:33","date_gmt":"2016-12-13T01:42:33","guid":{"rendered":"https:\/\/www.jornalja.com.br\/?p=41990"},"modified":"2016-12-12T22:42:33","modified_gmt":"2016-12-13T01:42:33","slug":"a-guerra-dos-intocaveis-convulsiona-o-pais","status":"publish","type":"post","link":"https:\/\/www.jornalja.com.br\/arquivo\/a-guerra-dos-intocaveis-convulsiona-o-pais\/","title":{"rendered":"A guerra dos intoc\u00e1veis convulsiona o pa\u00eds"},"content":{"rendered":"<p><span class=\"assina\">Jeferson Miola<\/span><br \/>\n<span class=\"descreve\">Integrante do Instituto de Debates, Estudos e Alternativas de Porto Alegre (Idea)<\/span><br \/>\nOs eventos que precederam a decis\u00e3o do juiz do STF Marco Aur\u00e9lio Mello de afastar Renan Calheiros da presid\u00eancia do Senado podem ser produto de mera e incr\u00edvel coincid\u00eancia. Mas podem, tamb\u00e9m, ser fruto do encadeamento de eventos sucessivos, ocorridos em meticulosa e nada ocasional sequ\u00eancia.<br \/>\nO epis\u00f3dio surpreende porque o autor desta dr\u00e1stica decis\u00e3o, o juiz Marco Aur\u00e9lio Mello, \u00e9 um dos dois \u00fanicos ju\u00edzes da atual composi\u00e7\u00e3o da suprema corte com postura e estatura compat\u00edvel com o cargo de juiz do STF. Ele \u00e9 um liberal-democrata que se destaca pelo zelo do Estado de Direito e pela defesa da Lei e da Constitui\u00e7\u00e3o.<br \/>\nUma explica\u00e7\u00e3o para a inusitada decis\u00e3o do Marco Aur\u00e9lio pode ser a press\u00e3o midi\u00e1tica. No domingo de v\u00e9spera da decis\u00e3o, a Globo refor\u00e7ou artificialmente as rid\u00edculas manifesta\u00e7\u00f5es que foram \u00e0s ruas n\u00e3o para pedir a cabe\u00e7a do golpista Temer e seu governo corrupto e entreguista, mas sim para derrubar Renan, porque ele ousou conter o contrabando da agenda fascista no projeto disfar\u00e7ado de medidas contra a corrup\u00e7\u00e3o.<br \/>\nO caso do Renan tem diferen\u00e7as substanciais com o do Eduardo Cunha. Em maio deste ano, o s\u00f3cio do Temer e do PSDB no golpe foi afastado da presid\u00eancia da C\u00e2mara dos Deputados e tamb\u00e9m impedido de continuar exercendo o mandato parlamentar. O afastamento do Cunha foi decidido pelo Plen\u00e1rio do STF em sess\u00e3o extraordin\u00e1ria, e n\u00e3o por decis\u00e3o liminar e monocr\u00e1tica do juiz Teori Zavascki, relator do caso.<br \/>\nA recorda\u00e7\u00e3o do calend\u00e1rio de eventos que precederam a ordem para afastar Renan ajuda a entender que este grave epis\u00f3dio que eleva a press\u00e3o e a temperatura da crise pol\u00edtica pode ser parte do perigoso jogo de poder tramado pelo sistema jur\u00eddico contra o Estado de Direito:<br \/>\n&#8211; a presidente do STF, ju\u00edza Carmem L\u00facia, colocou em vota\u00e7\u00e3o na sess\u00e3o de 03\/11\/2016 a a\u00e7\u00e3o judicial da Rede, que pro\u00edbe que autoridades que s\u00e3o r\u00e9us no Supremo ocupem cargos que est\u00e3o na linha de substitui\u00e7\u00e3o da Presid\u00eancia da Rep\u00fablica [presidentes da C\u00e2mara, do Senado e do STF]. O julgamento est\u00e1 inconcluso devido ao juiz Dias Toffoli que, inspirado no colega-guru Gilmar Mendes, pediu vistas ao processo;<br \/>\n&#8211; a C\u00e2mara dos Deputados, no gozo pleno das prerrogativas legislativas, na sess\u00e3o de 29 de novembro modifica o projeto de lei de combate \u00e0 corrup\u00e7\u00e3o proposto pelo minist\u00e9rio p\u00fablico [disfar\u00e7ado de iniciativa popular], removendo os abusos, arbitrariedades e ilegalidades que fariam o C\u00f3digo Penal brasileiro retroagir ao per\u00edodo da Inquisi\u00e7\u00e3o;<br \/>\n&#8211; em entrevista coletiva no dia 30\/11, procuradores da Lava Jato, esta quintess\u00eancia da moralidade p\u00fablica \u2013 que, por\u00e9m, s\u00e3o adeptos da pr\u00e1tica corrupta de receber sal\u00e1rios e regalias bem acima do teto constitucional \u2013 exorbitam das suas prerrogativas legais e funcionais e amea\u00e7am abandonar as investiga\u00e7\u00f5es de corrup\u00e7\u00e3o caso seus ideais fascistas n\u00e3o sejam integralmente convertidos em lei;<br \/>\n&#8211; no mesmo 30 de novembro, Renan \u00e9 tra\u00eddo por A\u00e9cio, PSDB, Juc\u00e1 [o grande s\u00f3cio do Temer], PP, PTB, PSB, PP, PMDB e outros senadores que, amedrontados com a rea\u00e7\u00e3o e amea\u00e7as dos justiceiros na m\u00eddia, romperam o compromisso com o requerimento de urg\u00eancia para a vota\u00e7\u00e3o do projeto das medidas contra a corrup\u00e7\u00e3o aprovadas na C\u00e2mara;<br \/>\n&#8211; Carmem L\u00facia tirou da tumba o processo aberto contra Renan ainda em 2007 [sobre pens\u00e3o paga por empreiteira \u00e0 mulher com quem ele teve uma filha numa rela\u00e7\u00e3o extraconjugal], e submeteu-o \u00e0 vota\u00e7\u00e3o do Plen\u00e1rio do STF em 01\/12\/2016. Por 8 votos a 3, Renan passou a ser r\u00e9u. Criou-se, dessa maneira, o requisito para sua remo\u00e7\u00e3o da presid\u00eancia do Senado, posto de onde ele resistiu ao avan\u00e7o fascista de promotores, procuradores, policiais e ju\u00edzes;<br \/>\n&#8211; no mesmo dia 01\/12, Renan promoveu debate no Senado sobre o projeto de lei que co\u00edbe o abuso de autoridade de ju\u00edzes, policiais, promotores e procuradores. No debate, o justiceiro S\u00e9rgio Moro viu suas teses e pr\u00e1ticas totalit\u00e1rias serem fragorosamente ridicularizadas e denunciadas por v\u00e1rios senadores, em especial Lindbergh Farias;<br \/>\n&#8211; no domingo 04\/12, por convoca\u00e7\u00e3o da for\u00e7a-tarefa da Lava Jato e da Rede Globo, cerca de 120 mil zumbis verde-amarelos em todo o pa\u00eds protestaram contra Renan, mas a favor do Temer e do Moro e seus colegas intoc\u00e1veis;<br \/>\n&#8211; na manh\u00e3 de 05\/12, Carmem L\u00facia faz um discurso enigm\u00e1tico, que antecipa os eventos que viriam a se suceder no dia. Numa prov\u00e1vel alus\u00e3o \u00e0 guerra aberta contra o Legislativo para manter os abusos do MP e do Judici\u00e1rio, ela declarou: \u201cou a democracia ou a guerra\u201d;<br \/>\n&#8211; \u00e0s 11:16 horas, a Rede protocola o pedido de afastamento do Renan Calheiros da presid\u00eancia do Senado. \u00c0s 15 horas deste intermin\u00e1vel dia 05\/12, Marco Aur\u00e9lio Mello profere sua decis\u00e3o liminar, e instala-se o caos jur\u00eddico e pol\u00edtico no pa\u00eds.<br \/>\nO objetivo principal foi alcan\u00e7ado \u2013 ficou completamente comprometida a vota\u00e7\u00e3o do projeto contra o abuso de autoridade, que estava na pauta de vota\u00e7\u00e3o do Senado deste dia 6\/12.<br \/>\nRenan Calheiros, como qualquer cidad\u00e3o brasileiro que comete il\u00edcitos, deve ser julgado, por\u00e9m em estrita observ\u00e2ncia ao devido processo legal e ao Estado de Direito. Mirar as armas de um poder de Estado contra o chefe de outro poder de Estado com o objetivo de fortalecer determinado poder corporativo \u00e9, todavia, uma vertente para o fascismo.<br \/>\n\u00c9 inaceit\u00e1vel o ativismo pol\u00edtico de segmentos do judici\u00e1rio, minist\u00e9rio p\u00fablico e pol\u00edcia federal, que carecem da legitimidade do sufr\u00e1gio popular para atuarem na arena pol\u00edtica.<br \/>\nA atua\u00e7\u00e3o irrespons\u00e1vel de tais segmentos, que se auto-atribuem fun\u00e7\u00f5es b\u00edblicas e se consideram intoc\u00e1veis, est\u00e1 convulsionando o pa\u00eds. Eles travam uma verdadeira guerra contra o Estado de Direito e contra a democracia para manter seus abusos e privil\u00e9gios.<br \/>\nCom o agravamento do colapso econ\u00f4mico provocado pelo governo golpista, a conflitividade social se somar\u00e1 \u00e0 conturba\u00e7\u00e3o jur\u00eddica e pol\u00edtica, e ent\u00e3o o pa\u00eds ser\u00e1 jogado no abismo.<\/p>\n","protected":false},"excerpt":{"rendered":"<p>Jeferson Miola Integrante do Instituto de Debates, Estudos e Alternativas de Porto Alegre (Idea) Os eventos que precederam a decis\u00e3o do juiz do STF Marco Aur\u00e9lio Mello de afastar Renan Calheiros da presid\u00eancia do Senado podem ser produto de mera e incr\u00edvel coincid\u00eancia. Mas podem, tamb\u00e9m, ser fruto do encadeamento de eventos sucessivos, ocorridos em [&hellip;]<\/p>\n","protected":false},"author":4,"featured_media":42289,"comment_status":"open","ping_status":"closed","sticky":false,"template":"","format":"standard","meta":{"_jetpack_newsletter_access":"","_jetpack_dont_email_post_to_subs":false,"_jetpack_newsletter_tier_id":0,"_jetpack_memberships_contains_paywalled_content":false,"_jetpack_feature_clip_id":0,"_jetpack_memberships_contains_paid_content":false,"footnotes":"","jetpack_post_was_ever_published":false},"categories":[2011,2012],"tags":[],"class_list":["post-41990","post","type-post","status-publish","format-standard","has-post-thumbnail","hentry","category-destaque","category-debates"],"aioseo_notices":[],"aioseo_head":"\n\t\t<!-- All in One SEO 5.0.1.1 - aioseo.com -->\n\t<meta name=\"robots\" content=\"max-image-preview:large\" \/>\n\t<meta name=\"author\" content=\"da Reda\u00e7\u00e3o\"\/>\n\t<link rel=\"canonical\" href=\"https:\/\/www.jornalja.com.br\/arquivo\/a-guerra-dos-intocaveis-convulsiona-o-pais\/\" \/>\n\t<meta name=\"generator\" content=\"All in One SEO (AIOSEO) 5.0.1.1\" \/>\n\t\t<meta property=\"og:locale\" content=\"pt_BR\" \/>\n\t\t<meta property=\"og:site_name\" content=\"Arquivo | Jornal J\u00c1 | Porto Alegre\" \/>\n\t\t<meta property=\"og:type\" content=\"article\" \/>\n\t\t<meta property=\"og:title\" content=\"A guerra dos intoc\u00e1veis convulsiona o pa\u00eds | Arquivo\" \/>\n\t\t<meta property=\"og:url\" content=\"https:\/\/www.jornalja.com.br\/arquivo\/a-guerra-dos-intocaveis-convulsiona-o-pais\/\" \/>\n\t\t<meta property=\"og:image\" content=\"https:\/\/www.jornalja.com.br\/economics\/wp-content\/uploads\/sites\/11\/2026\/08\/ja-folhaderosto-facebook.jpg\" \/>\n\t\t<meta property=\"og:image:secure_url\" content=\"https:\/\/www.jornalja.com.br\/economics\/wp-content\/uploads\/sites\/11\/2026\/08\/ja-folhaderosto-facebook.jpg\" \/>\n\t\t<meta property=\"article:published_time\" content=\"2016-12-13T01:42:33+00:00\" \/>\n\t\t<meta property=\"article:modified_time\" content=\"2016-12-13T01:42:33+00:00\" \/>\n\t\t<meta name=\"twitter:card\" content=\"summary\" \/>\n\t\t<meta name=\"twitter:title\" content=\"A guerra dos intoc\u00e1veis convulsiona o pa\u00eds | Arquivo\" \/>\n\t\t<meta name=\"twitter:image\" content=\"https:\/\/www.jornalja.com.br\/economics\/wp-content\/uploads\/sites\/11\/2026\/08\/ja-folhaderosto-facebook.jpg\" \/>\n\t\t<script type=\"application\/ld+json\" class=\"aioseo-schema\">\n\t\t\t{\"@context\":\"https:\\\/\\\/schema.org\",\"@graph\":[{\"@type\":\"BlogPosting\",\"@id\":\"https:\\\/\\\/www.jornalja.com.br\\\/arquivo\\\/a-guerra-dos-intocaveis-convulsiona-o-pais\\\/#blogposting\",\"name\":\"A guerra dos intoc\\u00e1veis convulsiona o pa\\u00eds | Arquivo\",\"headline\":\"A guerra dos intoc\\u00e1veis convulsiona o pa\\u00eds\",\"author\":{\"@id\":\"https:\\\/\\\/www.jornalja.com.br\\\/arquivo\\\/author\\\/daredacao\\\/#author\"},\"publisher\":{\"@id\":\"https:\\\/\\\/www.jornalja.com.br\\\/arquivo\\\/#organization\"},\"image\":{\"@type\":\"ImageObject\",\"url\":42289},\"datePublished\":\"2016-12-12T22:42:33-02:00\",\"dateModified\":\"2016-12-12T22:42:33-02:00\",\"inLanguage\":\"pt-BR\",\"mainEntityOfPage\":{\"@id\":\"https:\\\/\\\/www.jornalja.com.br\\\/arquivo\\\/a-guerra-dos-intocaveis-convulsiona-o-pais\\\/#webpage\"},\"isPartOf\":{\"@id\":\"https:\\\/\\\/www.jornalja.com.br\\\/arquivo\\\/a-guerra-dos-intocaveis-convulsiona-o-pais\\\/#webpage\"},\"articleSection\":\"CDD-artigo em destaque, HOTSITE Comit\\u00ea pela Democracia\"},{\"@type\":\"BreadcrumbList\",\"@id\":\"https:\\\/\\\/www.jornalja.com.br\\\/arquivo\\\/a-guerra-dos-intocaveis-convulsiona-o-pais\\\/#breadcrumblist\",\"itemListElement\":[{\"@type\":\"ListItem\",\"@id\":\"https:\\\/\\\/www.jornalja.com.br\\\/arquivo#listItem\",\"position\":1,\"name\":\"Home\",\"item\":\"https:\\\/\\\/www.jornalja.com.br\\\/arquivo\",\"nextItem\":{\"@type\":\"ListItem\",\"@id\":\"https:\\\/\\\/www.jornalja.com.br\\\/arquivo\\\/category\\\/destaque\\\/#listItem\",\"name\":\"CDD-artigo em destaque\"}},{\"@type\":\"ListItem\",\"@id\":\"https:\\\/\\\/www.jornalja.com.br\\\/arquivo\\\/category\\\/destaque\\\/#listItem\",\"position\":2,\"name\":\"CDD-artigo em destaque\",\"item\":\"https:\\\/\\\/www.jornalja.com.br\\\/arquivo\\\/category\\\/destaque\\\/\",\"nextItem\":{\"@type\":\"ListItem\",\"@id\":\"https:\\\/\\\/www.jornalja.com.br\\\/arquivo\\\/a-guerra-dos-intocaveis-convulsiona-o-pais\\\/#listItem\",\"name\":\"A guerra dos intoc\\u00e1veis convulsiona o pa\\u00eds\"},\"previousItem\":{\"@type\":\"ListItem\",\"@id\":\"https:\\\/\\\/www.jornalja.com.br\\\/arquivo#listItem\",\"name\":\"Home\"}},{\"@type\":\"ListItem\",\"@id\":\"https:\\\/\\\/www.jornalja.com.br\\\/arquivo\\\/a-guerra-dos-intocaveis-convulsiona-o-pais\\\/#listItem\",\"position\":3,\"name\":\"A guerra dos intoc\\u00e1veis convulsiona o pa\\u00eds\",\"previousItem\":{\"@type\":\"ListItem\",\"@id\":\"https:\\\/\\\/www.jornalja.com.br\\\/arquivo\\\/category\\\/destaque\\\/#listItem\",\"name\":\"CDD-artigo em destaque\"}}]},{\"@type\":\"Organization\",\"@id\":\"https:\\\/\\\/www.jornalja.com.br\\\/arquivo\\\/#organization\",\"name\":\"Jornal J\\u00c1\",\"description\":\"Jornal J\\u00c1 | Porto Alegre\",\"url\":\"https:\\\/\\\/www.jornalja.com.br\\\/arquivo\\\/\",\"telephone\":\"+555133307272\",\"logo\":{\"@type\":\"ImageObject\",\"url\":\"https:\\\/\\\/www.jornalja.com.br\\\/wp-content\\\/uploads\\\/cards\\\/JAslogan.png\",\"@id\":\"https:\\\/\\\/www.jornalja.com.br\\\/arquivo\\\/a-guerra-dos-intocaveis-convulsiona-o-pais\\\/#organizationLogo\"},\"image\":{\"@id\":\"https:\\\/\\\/www.jornalja.com.br\\\/arquivo\\\/a-guerra-dos-intocaveis-convulsiona-o-pais\\\/#organizationLogo\"}},{\"@type\":\"Person\",\"@id\":\"https:\\\/\\\/www.jornalja.com.br\\\/arquivo\\\/author\\\/daredacao\\\/#author\",\"url\":\"https:\\\/\\\/www.jornalja.com.br\\\/arquivo\\\/author\\\/daredacao\\\/\",\"name\":\"da Reda\\u00e7\\u00e3o\",\"image\":{\"@type\":\"ImageObject\",\"@id\":\"https:\\\/\\\/www.jornalja.com.br\\\/arquivo\\\/a-guerra-dos-intocaveis-convulsiona-o-pais\\\/#authorImage\",\"url\":\"https:\\\/\\\/secure.gravatar.com\\\/avatar\\\/469fd857d6605ad19919d27ed29d35a968a25f6e8fd9318356bbb7f57aae9c65?s=96&d=mm&r=g\",\"width\":96,\"height\":96,\"caption\":\"da Reda\\u00e7\\u00e3o\"}},{\"@type\":\"WebPage\",\"@id\":\"https:\\\/\\\/www.jornalja.com.br\\\/arquivo\\\/a-guerra-dos-intocaveis-convulsiona-o-pais\\\/#webpage\",\"url\":\"https:\\\/\\\/www.jornalja.com.br\\\/arquivo\\\/a-guerra-dos-intocaveis-convulsiona-o-pais\\\/\",\"name\":\"A guerra dos intoc\\u00e1veis convulsiona o pa\\u00eds | Arquivo\",\"inLanguage\":\"pt-BR\",\"isPartOf\":{\"@id\":\"https:\\\/\\\/www.jornalja.com.br\\\/arquivo\\\/#website\"},\"breadcrumb\":{\"@id\":\"https:\\\/\\\/www.jornalja.com.br\\\/arquivo\\\/a-guerra-dos-intocaveis-convulsiona-o-pais\\\/#breadcrumblist\"},\"author\":{\"@id\":\"https:\\\/\\\/www.jornalja.com.br\\\/arquivo\\\/author\\\/daredacao\\\/#author\"},\"creator\":{\"@id\":\"https:\\\/\\\/www.jornalja.com.br\\\/arquivo\\\/author\\\/daredacao\\\/#author\"},\"image\":{\"@type\":\"ImageObject\",\"url\":42289,\"@id\":\"https:\\\/\\\/www.jornalja.com.br\\\/arquivo\\\/a-guerra-dos-intocaveis-convulsiona-o-pais\\\/#mainImage\"},\"primaryImageOfPage\":{\"@id\":\"https:\\\/\\\/www.jornalja.com.br\\\/arquivo\\\/a-guerra-dos-intocaveis-convulsiona-o-pais\\\/#mainImage\"},\"datePublished\":\"2016-12-12T22:42:33-02:00\",\"dateModified\":\"2016-12-12T22:42:33-02:00\"},{\"@type\":\"WebSite\",\"@id\":\"https:\\\/\\\/www.jornalja.com.br\\\/arquivo\\\/#website\",\"url\":\"https:\\\/\\\/www.jornalja.com.br\\\/arquivo\\\/\",\"name\":\"Arquivo\",\"description\":\"Jornal J\\u00c1 | Porto Alegre\",\"inLanguage\":\"pt-BR\",\"publisher\":{\"@id\":\"https:\\\/\\\/www.jornalja.com.br\\\/arquivo\\\/#organization\"}}]}\n\t\t<\/script>\n\t\t<!-- All in One SEO -->\n\n","aioseo_head_json":{"title":"A guerra dos intoc\u00e1veis convulsiona o pa\u00eds | Arquivo","description":"","canonical_url":"https:\/\/www.jornalja.com.br\/arquivo\/a-guerra-dos-intocaveis-convulsiona-o-pais\/","robots":"max-image-preview:large","keywords":"","webmasterTools":{"miscellaneous":""},"schema":{"@context":"https:\/\/schema.org","@graph":[{"@type":"BlogPosting","@id":"https:\/\/www.jornalja.com.br\/arquivo\/a-guerra-dos-intocaveis-convulsiona-o-pais\/#blogposting","name":"A guerra dos intoc\u00e1veis convulsiona o pa\u00eds | Arquivo","headline":"A guerra dos intoc\u00e1veis convulsiona o pa\u00eds","author":{"@id":"https:\/\/www.jornalja.com.br\/arquivo\/author\/daredacao\/#author"},"publisher":{"@id":"https:\/\/www.jornalja.com.br\/arquivo\/#organization"},"image":{"@type":"ImageObject","url":42289},"datePublished":"2016-12-12T22:42:33-02:00","dateModified":"2016-12-12T22:42:33-02:00","inLanguage":"pt-BR","mainEntityOfPage":{"@id":"https:\/\/www.jornalja.com.br\/arquivo\/a-guerra-dos-intocaveis-convulsiona-o-pais\/#webpage"},"isPartOf":{"@id":"https:\/\/www.jornalja.com.br\/arquivo\/a-guerra-dos-intocaveis-convulsiona-o-pais\/#webpage"},"articleSection":"CDD-artigo em destaque, HOTSITE Comit\u00ea pela Democracia"},{"@type":"BreadcrumbList","@id":"https:\/\/www.jornalja.com.br\/arquivo\/a-guerra-dos-intocaveis-convulsiona-o-pais\/#breadcrumblist","itemListElement":[{"@type":"ListItem","@id":"https:\/\/www.jornalja.com.br\/arquivo#listItem","position":1,"name":"Home","item":"https:\/\/www.jornalja.com.br\/arquivo","nextItem":{"@type":"ListItem","@id":"https:\/\/www.jornalja.com.br\/arquivo\/category\/destaque\/#listItem","name":"CDD-artigo em destaque"}},{"@type":"ListItem","@id":"https:\/\/www.jornalja.com.br\/arquivo\/category\/destaque\/#listItem","position":2,"name":"CDD-artigo em destaque","item":"https:\/\/www.jornalja.com.br\/arquivo\/category\/destaque\/","nextItem":{"@type":"ListItem","@id":"https:\/\/www.jornalja.com.br\/arquivo\/a-guerra-dos-intocaveis-convulsiona-o-pais\/#listItem","name":"A guerra dos intoc\u00e1veis convulsiona o pa\u00eds"},"previousItem":{"@type":"ListItem","@id":"https:\/\/www.jornalja.com.br\/arquivo#listItem","name":"Home"}},{"@type":"ListItem","@id":"https:\/\/www.jornalja.com.br\/arquivo\/a-guerra-dos-intocaveis-convulsiona-o-pais\/#listItem","position":3,"name":"A guerra dos intoc\u00e1veis convulsiona o pa\u00eds","previousItem":{"@type":"ListItem","@id":"https:\/\/www.jornalja.com.br\/arquivo\/category\/destaque\/#listItem","name":"CDD-artigo em destaque"}}]},{"@type":"Organization","@id":"https:\/\/www.jornalja.com.br\/arquivo\/#organization","name":"Jornal J\u00c1","description":"Jornal J\u00c1 | Porto Alegre","url":"https:\/\/www.jornalja.com.br\/arquivo\/","telephone":"+555133307272","logo":{"@type":"ImageObject","url":"https:\/\/www.jornalja.com.br\/wp-content\/uploads\/cards\/JAslogan.png","@id":"https:\/\/www.jornalja.com.br\/arquivo\/a-guerra-dos-intocaveis-convulsiona-o-pais\/#organizationLogo"},"image":{"@id":"https:\/\/www.jornalja.com.br\/arquivo\/a-guerra-dos-intocaveis-convulsiona-o-pais\/#organizationLogo"}},{"@type":"Person","@id":"https:\/\/www.jornalja.com.br\/arquivo\/author\/daredacao\/#author","url":"https:\/\/www.jornalja.com.br\/arquivo\/author\/daredacao\/","name":"da Reda\u00e7\u00e3o","image":{"@type":"ImageObject","@id":"https:\/\/www.jornalja.com.br\/arquivo\/a-guerra-dos-intocaveis-convulsiona-o-pais\/#authorImage","url":"https:\/\/secure.gravatar.com\/avatar\/469fd857d6605ad19919d27ed29d35a968a25f6e8fd9318356bbb7f57aae9c65?s=96&d=mm&r=g","width":96,"height":96,"caption":"da Reda\u00e7\u00e3o"}},{"@type":"WebPage","@id":"https:\/\/www.jornalja.com.br\/arquivo\/a-guerra-dos-intocaveis-convulsiona-o-pais\/#webpage","url":"https:\/\/www.jornalja.com.br\/arquivo\/a-guerra-dos-intocaveis-convulsiona-o-pais\/","name":"A guerra dos intoc\u00e1veis convulsiona o pa\u00eds | Arquivo","inLanguage":"pt-BR","isPartOf":{"@id":"https:\/\/www.jornalja.com.br\/arquivo\/#website"},"breadcrumb":{"@id":"https:\/\/www.jornalja.com.br\/arquivo\/a-guerra-dos-intocaveis-convulsiona-o-pais\/#breadcrumblist"},"author":{"@id":"https:\/\/www.jornalja.com.br\/arquivo\/author\/daredacao\/#author"},"creator":{"@id":"https:\/\/www.jornalja.com.br\/arquivo\/author\/daredacao\/#author"},"image":{"@type":"ImageObject","url":42289,"@id":"https:\/\/www.jornalja.com.br\/arquivo\/a-guerra-dos-intocaveis-convulsiona-o-pais\/#mainImage"},"primaryImageOfPage":{"@id":"https:\/\/www.jornalja.com.br\/arquivo\/a-guerra-dos-intocaveis-convulsiona-o-pais\/#mainImage"},"datePublished":"2016-12-12T22:42:33-02:00","dateModified":"2016-12-12T22:42:33-02:00"},{"@type":"WebSite","@id":"https:\/\/www.jornalja.com.br\/arquivo\/#website","url":"https:\/\/www.jornalja.com.br\/arquivo\/","name":"Arquivo","description":"Jornal J\u00c1 | Porto Alegre","inLanguage":"pt-BR","publisher":{"@id":"https:\/\/www.jornalja.com.br\/arquivo\/#organization"}}]},"og:locale":"pt_BR","og:site_name":"Arquivo | Jornal J\u00c1 | Porto Alegre","og:type":"article","og:title":"A guerra dos intoc\u00e1veis convulsiona o pa\u00eds | Arquivo","og:url":"https:\/\/www.jornalja.com.br\/arquivo\/a-guerra-dos-intocaveis-convulsiona-o-pais\/","og:image":"https:\/\/www.jornalja.com.br\/economics\/wp-content\/uploads\/sites\/11\/2026\/08\/ja-folhaderosto-facebook.jpg","og:image:secure_url":"https:\/\/www.jornalja.com.br\/economics\/wp-content\/uploads\/sites\/11\/2026\/08\/ja-folhaderosto-facebook.jpg","article:published_time":"2016-12-13T01:42:33+00:00","article:modified_time":"2016-12-13T01:42:33+00:00","twitter:card":"summary","twitter:title":"A guerra dos intoc\u00e1veis convulsiona o pa\u00eds | Arquivo","twitter:image":"https:\/\/www.jornalja.com.br\/economics\/wp-content\/uploads\/sites\/11\/2026\/08\/ja-folhaderosto-facebook.jpg"},"aioseo_meta_data":{"post_id":"41990","title":null,"description":null,"keywords":null,"keyphrases":null,"primary_term":null,"canonical_url":null,"og_title":null,"og_description":null,"og_object_type":"default","og_image_type":"default","og_image_url":null,"og_image_width":null,"og_image_height":null,"og_image_custom_url":null,"og_image_custom_fields":null,"og_video":null,"og_custom_url":null,"og_article_section":null,"og_article_tags":null,"twitter_use_og":false,"twitter_card":"default","twitter_image_type":"default","twitter_image_url":null,"twitter_image_custom_url":null,"twitter_image_custom_fields":null,"twitter_title":null,"twitter_description":null,"schema":{"blockGraphs":[],"customGraphs":[],"default":{"data":{"Article":[],"Course":[],"Dataset":[],"FAQPage":[],"Movie":[],"Person":[],"Product":[],"ProductReview":[],"Car":[],"Recipe":[],"Service":[],"SoftwareApplication":[],"WebPage":[]},"graphName":"","isEnabled":true},"graphs":[],"defaultGraph":"","defaultPostTypeGraph":""},"schema_type":null,"schema_type_options":null,"pillar_content":false,"robots_default":true,"robots_noindex":false,"robots_noarchive":false,"robots_nosnippet":false,"robots_nofollow":false,"robots_noimageindex":false,"robots_noodp":false,"robots_notranslate":false,"robots_max_snippet":null,"robots_max_videopreview":null,"robots_max_imagepreview":"large","priority":null,"frequency":null,"location":null,"local_seo":null,"breadcrumb_settings":null,"limit_modified_date":false,"ai":null,"created":"2020-12-20 20:44:21","updated":"2025-07-19 18:38:12","seo_analyzer_scan_date":null,"focus_keyword":null,"additional_keywords":null,"truseo_locale":null},"jetpack_sharing_enabled":true,"jetpack-related-posts":[{"id":13109,"url":"https:\/\/www.jornalja.com.br\/arquivo\/judiciario-reconhece-poluicao-eletromagnetica\/","url_meta":{"origin":41990,"position":0},"title":"Judici\u00e1rio reconhece polui\u00e7\u00e3o eletromagn\u00e9tica","author":"Patr\u00edcia Marini","date":"16 de maio de 2014","format":false,"excerpt":"A\u00e7\u00e3o de duas associa\u00e7\u00f5es de moradores foi acolhida pelo Tribunal de Justi\u00e7a de S\u00e3o Paulo que. em decis\u00e3o in\u00e9dita, determinou a redu\u00e7\u00e3o do campo eletromagn\u00e9tico gerado pelas linhas de transmiss\u00e3o de energia que cortam os bairros City Boa\u00e7ava e Alto de Pinheiros. \u00c9 a primeira vez que um tribunal do\u2026","rel":"","context":"Em &quot;X.Categorias velhas&quot;","block_context":{"text":"X.Categorias velhas","link":"https:\/\/www.jornalja.com.br\/arquivo\/category\/x-categorias-velhas\/"},"img":{"alt_text":"","src":"","width":0,"height":0},"classes":[]},{"id":13124,"url":"https:\/\/www.jornalja.com.br\/arquivo\/sangue-latino-no-iecine\/","url_meta":{"origin":41990,"position":1},"title":"Sangue latino no IECINE","author":"da Reda\u00e7\u00e3o","date":"18 de maio de 2014","format":false,"excerpt":"Francisco Ribeiro O Instituto Estadual de Cinema (IECINE) tem a frente, desde abril \u00faltimo, um novo diretor, o cineasta colombiano Juan Zapata, 36, que substitui Luiz Alberto Cassol. Radicado h\u00e1 dez anos em Porto Alegre, Zapata tem diante de si o desafio de conduzir at\u00e9 o final do ano um\u2026","rel":"","context":"Em &quot;Cultura-Geral&quot;","block_context":{"text":"Cultura-Geral","link":"https:\/\/www.jornalja.com.br\/arquivo\/category\/materiasecundaria\/"},"img":{"alt_text":"","src":"","width":0,"height":0},"classes":[]},{"id":13128,"url":"https:\/\/www.jornalja.com.br\/arquivo\/maconha-terra-diz-que-uso-medicinal-e-desculpa\/","url_meta":{"origin":41990,"position":2},"title":"Maconha: Terra diz que uso medicinal \u00e9 desculpa","author":"Patr\u00edcia Marini","date":"4 de junho de 2014","format":false,"excerpt":"A condi\u00e7\u00e3o de pol\u00edtico, em \u00e9poca de campanha de campanha eleitoral, tira for\u00e7a do discurso do m\u00e9dico Osmar Terra contra a legaliza\u00e7\u00e3o da maconha. A tese dele de que a libera\u00e7\u00e3o vai ampliar exponencialmente o consumo \u00e9 discutivel, o consumo \u00e9 corrente. Mas seus alertas quanto aos riscos tem que\u2026","rel":"","context":"Em &quot;X.Categorias velhas&quot;","block_context":{"text":"X.Categorias velhas","link":"https:\/\/www.jornalja.com.br\/arquivo\/category\/x-categorias-velhas\/"},"img":{"alt_text":"","src":"","width":0,"height":0},"classes":[]},{"id":13101,"url":"https:\/\/www.jornalja.com.br\/arquivo\/morre-um-guerreiro-do-texto\/","url_meta":{"origin":41990,"position":3},"title":"Morre um guerreiro do texto","author":"Patr\u00edcia Marini","date":"14 de maio de 2014","format":false,"excerpt":"Por Ricardo Kotscho Reproduzido do blog do autor, 11\/5\/2014; t\u00edtulo original \u201cE l\u00e1 se foi o nosso Myltainho, guerreiro do texto\u201d. Mi\u00fado e franzino, meu amigo Myltainho era um valente e inconformado guerreiro na luta contra as injusti\u00e7as sociais, a hipocrisia, as maracutaias, o autoritarismo, a intoler\u00e2ncia, a viol\u00eancia, o\u2026","rel":"","context":"Em &quot;Geral&quot;","block_context":{"text":"Geral","link":"https:\/\/www.jornalja.com.br\/arquivo\/category\/geral\/"},"img":{"alt_text":"","src":"","width":0,"height":0},"classes":[]},{"id":13240,"url":"https:\/\/www.jornalja.com.br\/arquivo\/plano-diretor-estamos-construindo-o-caos\/","url_meta":{"origin":41990,"position":4},"title":"Plano diretor: &quot;Estamos construindo o caos&quot;","author":"Patr\u00edcia Marini","date":"26 de maio de 2014","format":false,"excerpt":"Desabafo que arquiteta Eliana Castilhos, delegada da Regi\u00e3o de Planejamento 1, postou nas redes sociais \u00e9 um testemunho do ambiente que se criou no Conselho do Plano Diretor de Porto Alegre, onde a aprova\u00e7\u00e3o de grandes empreendimentos \u00e9 empurrada guela abaixo dos conselheiros. Ao CMDUA Como delegada da Regi\u00e3o de\u2026","rel":"","context":"Em &quot;Geral&quot;","block_context":{"text":"Geral","link":"https:\/\/www.jornalja.com.br\/arquivo\/category\/geral\/"},"img":{"alt_text":"","src":"","width":0,"height":0},"classes":[]},{"id":13239,"url":"https:\/\/www.jornalja.com.br\/arquivo\/conselho-desdenha-do-plano-diretor\/","url_meta":{"origin":41990,"position":5},"title":"Porto Alegre: Conselho detona Plano Diretor","author":"Patr\u00edcia Marini","date":"25 de maio de 2014","format":false,"excerpt":"Den\u00fancia do arquiteto e \u00a0urbanista Ibir\u00e1 Santos Lucas. Ele diz que os conselheiros est\u00e3o votando com \"enorme irresponsabilidade\". \"Mudam regime com a maior naturalidade,,,regularizam absurdos de constru\u00e7\u00f5es irregulares... \"O CMDUA est\u00e1 flexibilizando a lei do plano diretor, de uma forma impactante na vida da cidade. Mudam regime com a maior\u2026","rel":"","context":"Em &quot;Geral&quot;","block_context":{"text":"Geral","link":"https:\/\/www.jornalja.com.br\/arquivo\/category\/geral\/"},"img":{"alt_text":"","src":"","width":0,"height":0},"classes":[]}],"jetpack_shortlink":"https:\/\/wp.me\/pbQjBd-aVg","jetpack_featured_media_url":"","_links":{"self":[{"href":"https:\/\/www.jornalja.com.br\/arquivo\/wp-json\/wp\/v2\/posts\/41990","targetHints":{"allow":["GET"]}}],"collection":[{"href":"https:\/\/www.jornalja.com.br\/arquivo\/wp-json\/wp\/v2\/posts"}],"about":[{"href":"https:\/\/www.jornalja.com.br\/arquivo\/wp-json\/wp\/v2\/types\/post"}],"author":[{"embeddable":true,"href":"https:\/\/www.jornalja.com.br\/arquivo\/wp-json\/wp\/v2\/users\/4"}],"replies":[{"embeddable":true,"href":"https:\/\/www.jornalja.com.br\/arquivo\/wp-json\/wp\/v2\/comments?post=41990"}],"version-history":[{"count":0,"href":"https:\/\/www.jornalja.com.br\/arquivo\/wp-json\/wp\/v2\/posts\/41990\/revisions"}],"wp:attachment":[{"href":"https:\/\/www.jornalja.com.br\/arquivo\/wp-json\/wp\/v2\/media?parent=41990"}],"wp:term":[{"taxonomy":"category","embeddable":true,"href":"https:\/\/www.jornalja.com.br\/arquivo\/wp-json\/wp\/v2\/categories?post=41990"},{"taxonomy":"post_tag","embeddable":true,"href":"https:\/\/www.jornalja.com.br\/arquivo\/wp-json\/wp\/v2\/tags?post=41990"}],"curies":[{"name":"wp","href":"https:\/\/api.w.org\/{rel}","templated":true}]}}