{"id":42001,"date":"2016-12-13T10:14:45","date_gmt":"2016-12-13T13:14:45","guid":{"rendered":"https:\/\/www.jornalja.com.br\/?p=42001"},"modified":"2016-12-13T10:14:45","modified_gmt":"2016-12-13T13:14:45","slug":"pesquisador-leva-19-anos-para-desvendar-os-misterios-de-kafka","status":"publish","type":"post","link":"https:\/\/www.jornalja.com.br\/arquivo\/pesquisador-leva-19-anos-para-desvendar-os-misterios-de-kafka\/","title":{"rendered":"Pesquisador leva 19 anos para desvendar os mist\u00e9rios de Kafka"},"content":{"rendered":"<p><strong>Carles Geli, do <em>El Pa\u00eds<\/em><\/strong><br \/>\nFoi no domingo 17 de novembro de 1912 que Franz Kafka experimentou a sensa\u00e7\u00e3o de n\u00e3o poder se levantar da cama, de n\u00e3o querer e n\u00e3o poder fazer nada, deprimido por n\u00e3o receber respostas de sua amada Felicia e pelo peso de arrastar o romance <em>O Desaparecido<\/em>, que n\u00e3o andava.<br \/>\n<img loading=\"lazy\" decoding=\"async\" class=\"wp-image-42303 alignright\" src=\"https:\/\/www.jornalja.com.br\/wp-content\/uploads\/2016\/12\/kafka-metamorfose.jpg\" alt=\"kafka-metamorfose\" width=\"304\" height=\"229\" \/>A imagem do homem transformado em animal, em um inseto que n\u00e3o serve para nada, a ouvia desde pequeno porque era um insulto comum de seu pai; tamb\u00e9m fazia pouco tempo que sua amad\u00edssima irm\u00e3 Ottla havia ficado pela primeira vez contra ele por sua pequena participa\u00e7\u00e3o na f\u00e1brica familiar; com o tempo, afloraria tamb\u00e9m uma latente fobia a ratos, isso sem contar que havia lido <em>Kondignog<\/em>, relato de um dinamarqu\u00eas, Johannes V. Jensen, onde uma pessoa se transforma em um horrendo e pr\u00e9-hist\u00f3rico animal&#8230; tudo isso condicionou e conduziu a um dos principais relatos da hist\u00f3ria da literatura, <em>A Metamorfose<\/em>. E detalhes como esses s\u00f3 podem ser conhecidos na Terra pelo alem\u00e3o Reiner Stach, que dedicou 19 anos de sua vida a saber praticamente tudo sobre o escritor tcheco, sabedoria que modelou em seu monumental (de forma e conte\u00fado) Kafka, 2.360 p\u00e1ginas, publicados em dois volumes encadernados pela editora Acantilado.<br \/>\n<figure id=\"attachment_42302\" aria-describedby=\"caption-attachment-42302\" style=\"width: 347px\" class=\"wp-caption alignleft\"><img loading=\"lazy\" decoding=\"async\" class=\" wp-image-42302\" src=\"https:\/\/www.jornalja.com.br\/wp-content\/uploads\/2016\/12\/kafka-reiner-stach.jpg\" alt=\"Reiner Stach com um exemplar da biografia \/ Divulga\u00e7\u00e3o\" width=\"347\" height=\"200\" \/><figcaption id=\"caption-attachment-42302\" class=\"wp-caption-text\">Reiner Stach com um exemplar da biografia \/ Divulga\u00e7\u00e3o<\/figcaption><\/figure><br \/>\nStach, talvez t\u00e3o \u201cperfeccionista compulsivo\u201d como ele mesmo define seu biografado, retorna at\u00e9 a Batalha da Montanha de 1620 para mesclar, em uma biografia exemplar, vida, obra, an\u00e1lise liter\u00e1ria, retrato psicol\u00f3gico, hist\u00f3ria e sociologia para n\u00e3o deixar zonas obscuras de Kafka. \u201cQuando pequeno pisava em paralelep\u00edpedos com cruzes que lembravam os executados dessa batalha; gra\u00e7as a ela, sua fam\u00edlia p\u00f4de emigrar do Leste \u00e0 \u00c1ustria\u201d, diz o bi\u00f3grafo que n\u00e3o hesita em destruir mitos, como o do testamenteiro salvador de uma obra que Kafka deixou escrito que deveria queimar quando ele morresse. \u201cSua amizade \u00e9 um grande mist\u00e9rio porque eram muito diferentes; al\u00e9m disso, n\u00e3o podemos confiar em Brod porque tergiversa muito: diz que adotou Kafka como amigo, mas foi o contr\u00e1rio; como editor, uma vez decidido a n\u00e3o destruir a obra, tomou algumas decis\u00f5es catastr\u00f3ficas: a edi\u00e7\u00e3o das obras era muito tempor\u00e1ria, como admitiu a princ\u00edpio, mas depois acabou presenteando os manuscritos a sua \u00faltima secret\u00e1ria, que os vendeu e dispersou; \u00e9 absurdo: salvou duas vezes, do fogo e dos nazistas, o original de <em>O Processo<\/em> e depois acabou o dando de presente\u201d.<br \/>\nKafka tamb\u00e9m n\u00e3o \u00e9, em sua opini\u00e3o, um personagem t\u00e3o incomum. \u201cExistem diversos relatos de pessoas que o conheceram e nenhuma diz que ele era desagrad\u00e1vel e estranho; pelo contr\u00e1rio, era encantador, simp\u00e1tico, talvez um pouco infantil e na\u00eff, e muito querido por seus colegas de escrit\u00f3rio&#8230; a imagem e a descri\u00e7\u00e3o de tipo estranho veio feita por algumas mulheres, as quais decepcionou, em boa parte porque nunca lhes dizia as coisas de forma clara: se debatia entre se casar e os ataques de p\u00e2nico de pensar que com essas ataduras n\u00e3o poderia escrever nunca mais; esse retrato se<br \/>\n<figure id=\"attachment_42300\" aria-describedby=\"caption-attachment-42300\" style=\"width: 298px\" class=\"wp-caption alignright\"><img loading=\"lazy\" decoding=\"async\" class=\" wp-image-42300\" src=\"https:\/\/www.jornalja.com.br\/wp-content\/uploads\/2016\/12\/kafka-milena-jesenska-franz-kafka-2.jpg\" alt=\"Milena Jesenk\u00e1: &quot;Um nu entre vestidos&quot;\" width=\"298\" height=\"170\" \/><figcaption id=\"caption-attachment-42300\" class=\"wp-caption-text\">Milena Jesenk\u00e1: &#8220;Um nu entre vestidos&#8221;<\/figcaption><\/figure><br \/>\ndeve especialmente a Milena Jesensk\u00e1, que disse que ele era um santo que vivia em outro mundo \u2018um nu entre vestidos\u2019: imagem bonita, mas equivocada porque Kafka era muito sens\u00edvel, mas n\u00e3o um ser indefeso\u201d. E a hist\u00f3ria de mastigar 70 vezes antes de engolir; esse homem pouco ativo sexualmente, mas com seis amantes e ass\u00edduo frequentador de prost\u00edbulos, por exemplo? \u201cSem d\u00favida era um homem singular, com algum tique neur\u00f3tico, como inspecionar sempre todos os colch\u00f5es para ver se estavam limpos, e fazer gin\u00e1stica milimetricamente como indicavam as ilustra\u00e7\u00f5es, mas o motivo se devia a querer fazer tudo perfeitamente, sem defeitos\u201d.<br \/>\nEsse empenho cartesiano, por outro lado, al\u00e9m de lev\u00e1-lo a destruir a maior parte de sua obra, era contr\u00e1rio ao seu processo de trabalho liter\u00e1rio. Stach exp\u00f5e, ap\u00f3s comparar os originais com as cartas e os di\u00e1rios, que a produ\u00e7\u00e3o de Kafka era como o fluxo das mar\u00e9s: trabalho obsessivo em poucas semanas, geralmente fruto de uma fa\u00edsca muito pict\u00f3rica baseada em acontecimentos reais, para depois se retrair em semanas e meses de seca criativa, como se o dep\u00f3sito cheio fosse se esvaziando de ideias. Isso explicaria a incapacidade de Kafka de nunca ter conclu\u00eddo uma obra longa, dentro de uma produ\u00e7\u00e3o que em 90% das vezes deixou inconclusa? \u201cUm romance n\u00e3o se improvisa, se planeja; s\u00f3 \u00e9 preciso ler os di\u00e1rios de Thomas Mann: escolha um tema, depois a trama, os protagonistas, pesquise temas hist\u00f3ricos relacionados e depois escreva; \u00e9 a ant\u00edtese de Kafka, que s\u00f3 fez algo parecido uma vez, em <em>Am\u00e9rica<\/em>; se olharmos os originais de <em>O Castelo<\/em>, por exemplo, v\u00ea-se que n\u00e3o sabe o que fazer com os tr\u00eas personagens, \u00e9 imposs\u00edvel se n\u00e3o foi feito um planejamento e menos ainda tentar faz\u00ea-lo de uma vez\u201d.<br \/>\nO bi\u00f3grafo \u00e9 dos que acreditam que <em>A Metamorfose<\/em> \u00e9 um texto com grande senso de humor. \u201cA mistura entre o horr\u00edvel, o triste e o c\u00f4mico \u00e9 nova, ele inventou, nenhum autor antes havia experimentado tal coisa, somente mais tarde a veremos em Samuel Beckett&#8230; Kafka, ap\u00f3s o asqueroso de imaginar um inseto de quase dois metros, imediatamente introduz o c\u00f4mico: isso lhe ocorreu, diz o protagonista, porque dorme pouco, trabalha muito e existem pessoas que fazem muito menos do que ele, mas que, no final, ir\u00e1 se levantar porque precisa ir \u00e0 esta\u00e7\u00e3o&#8230;, quando leitor j\u00e1 sabe que n\u00e3o poder\u00e1 sair da cama; e em <em>O Processo<\/em> ocorre algo semelhante, misturam-se comicidade e <em>thriller<\/em>: algu\u00e9m acorda e se v\u00ea rodeado em sua cama por pessoas uniformizadas que lhe comunicam que foi preso&#8230; e para consertar a situa\u00e7\u00e3o, a \u00fanica ideia que passa pela cabe\u00e7a do detido \u00e9 mostrar seu documento de ciclista&#8230;\u201d. Stach acredita que os professores de col\u00e9gio \u201cs\u00e3o est\u00fapidos: deveriam mostrar esse Kafka humor\u00edstico e n\u00e3o se empenhar no l\u00fagubre; \u00e9 preciso mostrar suas cartas e seus escritos no di\u00e1rio&#8230;\u201d.<br \/>\nO Kafka mais t\u00e9trico \u00e9 refor\u00e7ado com a interpreta\u00e7\u00e3o feita de <em>Na Col\u00f4nia Pena<\/em>l, lido por estudiosos como profecia do Terceiro Reich e do Holocausto. Nada mais equivocado: \u201cEsse t\u00edtulo \u00e9 uma exce\u00e7\u00e3o em sua obra; n\u00e3o existe um vest\u00edgio de humor, descreve torturas e processos muito desagrad\u00e1veis&#8230; Kafka viu tudo isso com a Primeira Guerra Mundial, n\u00e3o precisa de um Terceiro Reich\u201d. O que n\u00e3o quer dizer que a rela\u00e7\u00e3o de Kafka com a hist\u00f3ria contempor\u00e2nea fosse vol\u00favel e fr\u00e1gil como parece indicar seu m\u00edtico escrito no di\u00e1rio de 2 de agosto de 1914: \u201cHoje a Alemanha declarou guerra \u00e0 R\u00fassia. De tarde fui nadar\u201d. \u201cNunca esteve desconectado; mas falava todos os dias em todos os lugares sobre isso e ele precisava de seu \u00e2mbito pessoal; \u00e9 pouco comum que falasse sobre esse tipo de epis\u00f3dio; e mais, \u00e9 o \u00fanico acontecimento assim que aparece. N\u00e3o o faz nem no final da guerra\u201d.<br \/>\nStach contabilizou em 2003 mais de 130.000 sites que giravam ao redor de Kafka. \u201cAgora \u00e9 preciso multiplicar por 10\u201d, diz o bi\u00f3grafo que acredita que a literatura de Kafka \u00e9 mais compreendida hoje do que em sua \u00e9poca: ele foi lido mais ideologicamente, pelo lado da religi\u00e3o, da psican\u00e1lise e do existencialismo e, pelo contr\u00e1rio, agora \u00e9 lido mais literariamente, se ajusta mais ao que ele quis ser: \u201cum artista e n\u00e3o um cientista pol\u00edtico e um te\u00f3logo\u201d. E deixou alguma li\u00e7\u00e3o moral e pol\u00edtica de sua obra? \u201cSe olharmos <em>O Veredicto<\/em> e <em>O Castelo<\/em> vemos que as duas v\u00edtimas s\u00e3o fruto da crueldade de inst\u00e2ncias superiores; mas uma leitura mais atenta dos textos demonstra que tanto Joseph K como K se transformam em v\u00edtimas porque cooperam com o governo; a li\u00e7\u00e3o de Kafka \u00e9: n\u00e3o se deve cooperar&#8230; Kafka era um individualista; seus personagens s\u00e3o v\u00edtimas quando colaboram&#8230; Um governo depende da coopera\u00e7\u00e3o dos outros; e isso \u00e9 visto claramente nesse s\u00e9culo XXI: todas essas inger\u00eancias em nossa intimidade, esse controle de c\u00e2meras e de vigil\u00e2ncia na Internet e nos e-mails s\u00f3 funciona se abandonarmos voluntariamente nossa intimidade\u201d.<br \/>\n&nbsp;<\/p>\n","protected":false},"excerpt":{"rendered":"<p>Carles Geli, do El Pa\u00eds Foi no domingo 17 de novembro de 1912 que Franz Kafka experimentou a sensa\u00e7\u00e3o de n\u00e3o poder se levantar da cama, de n\u00e3o querer e n\u00e3o poder fazer nada, deprimido por n\u00e3o receber respostas de sua amada Felicia e pelo peso de arrastar o romance O Desaparecido, que n\u00e3o andava. [&hellip;]<\/p>\n","protected":false},"author":4,"featured_media":42301,"comment_status":"open","ping_status":"closed","sticky":false,"template":"","format":"standard","meta":{"_jetpack_newsletter_access":"","_jetpack_dont_email_post_to_subs":false,"_jetpack_newsletter_tier_id":0,"_jetpack_memberships_contains_paywalled_content":false,"_jetpack_feature_clip_id":0,"_jetpack_memberships_contains_paid_content":false,"footnotes":"","jetpack_post_was_ever_published":false},"categories":[11],"tags":[],"class_list":["post-42001","post","type-post","status-publish","format-standard","has-post-thumbnail","hentry","category-materiasecundaria"],"aioseo_notices":[],"aioseo_head":"\n\t\t<!-- All in One SEO 5.0.1.1 - aioseo.com -->\n\t<meta name=\"robots\" content=\"max-image-preview:large\" \/>\n\t<meta name=\"author\" content=\"da Reda\u00e7\u00e3o\"\/>\n\t<link rel=\"canonical\" href=\"https:\/\/www.jornalja.com.br\/arquivo\/pesquisador-leva-19-anos-para-desvendar-os-misterios-de-kafka\/\" \/>\n\t<meta name=\"generator\" content=\"All in One SEO (AIOSEO) 5.0.1.1\" \/>\n\t\t<meta property=\"og:locale\" content=\"pt_BR\" \/>\n\t\t<meta property=\"og:site_name\" content=\"Arquivo | Jornal J\u00c1 | Porto Alegre\" \/>\n\t\t<meta property=\"og:type\" content=\"article\" \/>\n\t\t<meta property=\"og:title\" content=\"Pesquisador leva 19 anos para desvendar os mist\u00e9rios de Kafka | Arquivo\" \/>\n\t\t<meta property=\"og:url\" content=\"https:\/\/www.jornalja.com.br\/arquivo\/pesquisador-leva-19-anos-para-desvendar-os-misterios-de-kafka\/\" \/>\n\t\t<meta property=\"og:image\" content=\"https:\/\/www.jornalja.com.br\/wp-content\/uploads\/2016\/12\/kafka-metamorfose.jpg\" \/>\n\t\t<meta property=\"og:image:secure_url\" content=\"https:\/\/www.jornalja.com.br\/wp-content\/uploads\/2016\/12\/kafka-metamorfose.jpg\" \/>\n\t\t<meta property=\"article:published_time\" content=\"2016-12-13T13:14:45+00:00\" \/>\n\t\t<meta property=\"article:modified_time\" content=\"2016-12-13T13:14:45+00:00\" \/>\n\t\t<meta name=\"twitter:card\" content=\"summary\" \/>\n\t\t<meta name=\"twitter:title\" content=\"Pesquisador leva 19 anos para desvendar os mist\u00e9rios de Kafka | Arquivo\" \/>\n\t\t<meta name=\"twitter:image\" content=\"https:\/\/www.jornalja.com.br\/economics\/wp-content\/uploads\/sites\/11\/2026\/08\/ja-folhaderosto-facebook.jpg\" \/>\n\t\t<script type=\"application\/ld+json\" class=\"aioseo-schema\">\n\t\t\t{\"@context\":\"https:\\\/\\\/schema.org\",\"@graph\":[{\"@type\":\"BlogPosting\",\"@id\":\"https:\\\/\\\/www.jornalja.com.br\\\/arquivo\\\/pesquisador-leva-19-anos-para-desvendar-os-misterios-de-kafka\\\/#blogposting\",\"name\":\"Pesquisador leva 19 anos para desvendar os mist\\u00e9rios de Kafka | Arquivo\",\"headline\":\"Pesquisador leva 19 anos para desvendar os mist\\u00e9rios de Kafka\",\"author\":{\"@id\":\"https:\\\/\\\/www.jornalja.com.br\\\/arquivo\\\/author\\\/daredacao\\\/#author\"},\"publisher\":{\"@id\":\"https:\\\/\\\/www.jornalja.com.br\\\/arquivo\\\/#organization\"},\"image\":{\"@type\":\"ImageObject\",\"url\":42301},\"datePublished\":\"2016-12-13T10:14:45-02:00\",\"dateModified\":\"2016-12-13T10:14:45-02:00\",\"inLanguage\":\"pt-BR\",\"mainEntityOfPage\":{\"@id\":\"https:\\\/\\\/www.jornalja.com.br\\\/arquivo\\\/pesquisador-leva-19-anos-para-desvendar-os-misterios-de-kafka\\\/#webpage\"},\"isPartOf\":{\"@id\":\"https:\\\/\\\/www.jornalja.com.br\\\/arquivo\\\/pesquisador-leva-19-anos-para-desvendar-os-misterios-de-kafka\\\/#webpage\"},\"articleSection\":\"Cultura-Geral\"},{\"@type\":\"BreadcrumbList\",\"@id\":\"https:\\\/\\\/www.jornalja.com.br\\\/arquivo\\\/pesquisador-leva-19-anos-para-desvendar-os-misterios-de-kafka\\\/#breadcrumblist\",\"itemListElement\":[{\"@type\":\"ListItem\",\"@id\":\"https:\\\/\\\/www.jornalja.com.br\\\/arquivo#listItem\",\"position\":1,\"name\":\"Home\",\"item\":\"https:\\\/\\\/www.jornalja.com.br\\\/arquivo\",\"nextItem\":{\"@type\":\"ListItem\",\"@id\":\"https:\\\/\\\/www.jornalja.com.br\\\/arquivo\\\/category\\\/materiasecundaria\\\/#listItem\",\"name\":\"Cultura-Geral\"}},{\"@type\":\"ListItem\",\"@id\":\"https:\\\/\\\/www.jornalja.com.br\\\/arquivo\\\/category\\\/materiasecundaria\\\/#listItem\",\"position\":2,\"name\":\"Cultura-Geral\",\"item\":\"https:\\\/\\\/www.jornalja.com.br\\\/arquivo\\\/category\\\/materiasecundaria\\\/\",\"nextItem\":{\"@type\":\"ListItem\",\"@id\":\"https:\\\/\\\/www.jornalja.com.br\\\/arquivo\\\/pesquisador-leva-19-anos-para-desvendar-os-misterios-de-kafka\\\/#listItem\",\"name\":\"Pesquisador leva 19 anos para desvendar os mist\\u00e9rios de Kafka\"},\"previousItem\":{\"@type\":\"ListItem\",\"@id\":\"https:\\\/\\\/www.jornalja.com.br\\\/arquivo#listItem\",\"name\":\"Home\"}},{\"@type\":\"ListItem\",\"@id\":\"https:\\\/\\\/www.jornalja.com.br\\\/arquivo\\\/pesquisador-leva-19-anos-para-desvendar-os-misterios-de-kafka\\\/#listItem\",\"position\":3,\"name\":\"Pesquisador leva 19 anos para desvendar os mist\\u00e9rios de Kafka\",\"previousItem\":{\"@type\":\"ListItem\",\"@id\":\"https:\\\/\\\/www.jornalja.com.br\\\/arquivo\\\/category\\\/materiasecundaria\\\/#listItem\",\"name\":\"Cultura-Geral\"}}]},{\"@type\":\"Organization\",\"@id\":\"https:\\\/\\\/www.jornalja.com.br\\\/arquivo\\\/#organization\",\"name\":\"Jornal J\\u00c1\",\"description\":\"Jornal J\\u00c1 | Porto Alegre\",\"url\":\"https:\\\/\\\/www.jornalja.com.br\\\/arquivo\\\/\",\"telephone\":\"+555133307272\",\"logo\":{\"@type\":\"ImageObject\",\"url\":\"https:\\\/\\\/www.jornalja.com.br\\\/wp-content\\\/uploads\\\/cards\\\/JAslogan.png\",\"@id\":\"https:\\\/\\\/www.jornalja.com.br\\\/arquivo\\\/pesquisador-leva-19-anos-para-desvendar-os-misterios-de-kafka\\\/#organizationLogo\"},\"image\":{\"@id\":\"https:\\\/\\\/www.jornalja.com.br\\\/arquivo\\\/pesquisador-leva-19-anos-para-desvendar-os-misterios-de-kafka\\\/#organizationLogo\"}},{\"@type\":\"Person\",\"@id\":\"https:\\\/\\\/www.jornalja.com.br\\\/arquivo\\\/author\\\/daredacao\\\/#author\",\"url\":\"https:\\\/\\\/www.jornalja.com.br\\\/arquivo\\\/author\\\/daredacao\\\/\",\"name\":\"da Reda\\u00e7\\u00e3o\",\"image\":{\"@type\":\"ImageObject\",\"@id\":\"https:\\\/\\\/www.jornalja.com.br\\\/arquivo\\\/pesquisador-leva-19-anos-para-desvendar-os-misterios-de-kafka\\\/#authorImage\",\"url\":\"https:\\\/\\\/secure.gravatar.com\\\/avatar\\\/469fd857d6605ad19919d27ed29d35a968a25f6e8fd9318356bbb7f57aae9c65?s=96&d=mm&r=g\",\"width\":96,\"height\":96,\"caption\":\"da Reda\\u00e7\\u00e3o\"}},{\"@type\":\"WebPage\",\"@id\":\"https:\\\/\\\/www.jornalja.com.br\\\/arquivo\\\/pesquisador-leva-19-anos-para-desvendar-os-misterios-de-kafka\\\/#webpage\",\"url\":\"https:\\\/\\\/www.jornalja.com.br\\\/arquivo\\\/pesquisador-leva-19-anos-para-desvendar-os-misterios-de-kafka\\\/\",\"name\":\"Pesquisador leva 19 anos para desvendar os mist\\u00e9rios de Kafka | Arquivo\",\"inLanguage\":\"pt-BR\",\"isPartOf\":{\"@id\":\"https:\\\/\\\/www.jornalja.com.br\\\/arquivo\\\/#website\"},\"breadcrumb\":{\"@id\":\"https:\\\/\\\/www.jornalja.com.br\\\/arquivo\\\/pesquisador-leva-19-anos-para-desvendar-os-misterios-de-kafka\\\/#breadcrumblist\"},\"author\":{\"@id\":\"https:\\\/\\\/www.jornalja.com.br\\\/arquivo\\\/author\\\/daredacao\\\/#author\"},\"creator\":{\"@id\":\"https:\\\/\\\/www.jornalja.com.br\\\/arquivo\\\/author\\\/daredacao\\\/#author\"},\"image\":{\"@type\":\"ImageObject\",\"url\":42301,\"@id\":\"https:\\\/\\\/www.jornalja.com.br\\\/arquivo\\\/pesquisador-leva-19-anos-para-desvendar-os-misterios-de-kafka\\\/#mainImage\"},\"primaryImageOfPage\":{\"@id\":\"https:\\\/\\\/www.jornalja.com.br\\\/arquivo\\\/pesquisador-leva-19-anos-para-desvendar-os-misterios-de-kafka\\\/#mainImage\"},\"datePublished\":\"2016-12-13T10:14:45-02:00\",\"dateModified\":\"2016-12-13T10:14:45-02:00\"},{\"@type\":\"WebSite\",\"@id\":\"https:\\\/\\\/www.jornalja.com.br\\\/arquivo\\\/#website\",\"url\":\"https:\\\/\\\/www.jornalja.com.br\\\/arquivo\\\/\",\"name\":\"Arquivo\",\"description\":\"Jornal J\\u00c1 | Porto Alegre\",\"inLanguage\":\"pt-BR\",\"publisher\":{\"@id\":\"https:\\\/\\\/www.jornalja.com.br\\\/arquivo\\\/#organization\"}}]}\n\t\t<\/script>\n\t\t<!-- All in One SEO -->\n\n","aioseo_head_json":{"title":"Pesquisador leva 19 anos para desvendar os mist\u00e9rios de Kafka | Arquivo","description":"","canonical_url":"https:\/\/www.jornalja.com.br\/arquivo\/pesquisador-leva-19-anos-para-desvendar-os-misterios-de-kafka\/","robots":"max-image-preview:large","keywords":"","webmasterTools":{"miscellaneous":""},"schema":{"@context":"https:\/\/schema.org","@graph":[{"@type":"BlogPosting","@id":"https:\/\/www.jornalja.com.br\/arquivo\/pesquisador-leva-19-anos-para-desvendar-os-misterios-de-kafka\/#blogposting","name":"Pesquisador leva 19 anos para desvendar os mist\u00e9rios de Kafka | Arquivo","headline":"Pesquisador leva 19 anos para desvendar os mist\u00e9rios de Kafka","author":{"@id":"https:\/\/www.jornalja.com.br\/arquivo\/author\/daredacao\/#author"},"publisher":{"@id":"https:\/\/www.jornalja.com.br\/arquivo\/#organization"},"image":{"@type":"ImageObject","url":42301},"datePublished":"2016-12-13T10:14:45-02:00","dateModified":"2016-12-13T10:14:45-02:00","inLanguage":"pt-BR","mainEntityOfPage":{"@id":"https:\/\/www.jornalja.com.br\/arquivo\/pesquisador-leva-19-anos-para-desvendar-os-misterios-de-kafka\/#webpage"},"isPartOf":{"@id":"https:\/\/www.jornalja.com.br\/arquivo\/pesquisador-leva-19-anos-para-desvendar-os-misterios-de-kafka\/#webpage"},"articleSection":"Cultura-Geral"},{"@type":"BreadcrumbList","@id":"https:\/\/www.jornalja.com.br\/arquivo\/pesquisador-leva-19-anos-para-desvendar-os-misterios-de-kafka\/#breadcrumblist","itemListElement":[{"@type":"ListItem","@id":"https:\/\/www.jornalja.com.br\/arquivo#listItem","position":1,"name":"Home","item":"https:\/\/www.jornalja.com.br\/arquivo","nextItem":{"@type":"ListItem","@id":"https:\/\/www.jornalja.com.br\/arquivo\/category\/materiasecundaria\/#listItem","name":"Cultura-Geral"}},{"@type":"ListItem","@id":"https:\/\/www.jornalja.com.br\/arquivo\/category\/materiasecundaria\/#listItem","position":2,"name":"Cultura-Geral","item":"https:\/\/www.jornalja.com.br\/arquivo\/category\/materiasecundaria\/","nextItem":{"@type":"ListItem","@id":"https:\/\/www.jornalja.com.br\/arquivo\/pesquisador-leva-19-anos-para-desvendar-os-misterios-de-kafka\/#listItem","name":"Pesquisador leva 19 anos para desvendar os mist\u00e9rios de Kafka"},"previousItem":{"@type":"ListItem","@id":"https:\/\/www.jornalja.com.br\/arquivo#listItem","name":"Home"}},{"@type":"ListItem","@id":"https:\/\/www.jornalja.com.br\/arquivo\/pesquisador-leva-19-anos-para-desvendar-os-misterios-de-kafka\/#listItem","position":3,"name":"Pesquisador leva 19 anos para desvendar os mist\u00e9rios de Kafka","previousItem":{"@type":"ListItem","@id":"https:\/\/www.jornalja.com.br\/arquivo\/category\/materiasecundaria\/#listItem","name":"Cultura-Geral"}}]},{"@type":"Organization","@id":"https:\/\/www.jornalja.com.br\/arquivo\/#organization","name":"Jornal J\u00c1","description":"Jornal J\u00c1 | Porto Alegre","url":"https:\/\/www.jornalja.com.br\/arquivo\/","telephone":"+555133307272","logo":{"@type":"ImageObject","url":"https:\/\/www.jornalja.com.br\/wp-content\/uploads\/cards\/JAslogan.png","@id":"https:\/\/www.jornalja.com.br\/arquivo\/pesquisador-leva-19-anos-para-desvendar-os-misterios-de-kafka\/#organizationLogo"},"image":{"@id":"https:\/\/www.jornalja.com.br\/arquivo\/pesquisador-leva-19-anos-para-desvendar-os-misterios-de-kafka\/#organizationLogo"}},{"@type":"Person","@id":"https:\/\/www.jornalja.com.br\/arquivo\/author\/daredacao\/#author","url":"https:\/\/www.jornalja.com.br\/arquivo\/author\/daredacao\/","name":"da Reda\u00e7\u00e3o","image":{"@type":"ImageObject","@id":"https:\/\/www.jornalja.com.br\/arquivo\/pesquisador-leva-19-anos-para-desvendar-os-misterios-de-kafka\/#authorImage","url":"https:\/\/secure.gravatar.com\/avatar\/469fd857d6605ad19919d27ed29d35a968a25f6e8fd9318356bbb7f57aae9c65?s=96&d=mm&r=g","width":96,"height":96,"caption":"da Reda\u00e7\u00e3o"}},{"@type":"WebPage","@id":"https:\/\/www.jornalja.com.br\/arquivo\/pesquisador-leva-19-anos-para-desvendar-os-misterios-de-kafka\/#webpage","url":"https:\/\/www.jornalja.com.br\/arquivo\/pesquisador-leva-19-anos-para-desvendar-os-misterios-de-kafka\/","name":"Pesquisador leva 19 anos para desvendar os mist\u00e9rios de Kafka | Arquivo","inLanguage":"pt-BR","isPartOf":{"@id":"https:\/\/www.jornalja.com.br\/arquivo\/#website"},"breadcrumb":{"@id":"https:\/\/www.jornalja.com.br\/arquivo\/pesquisador-leva-19-anos-para-desvendar-os-misterios-de-kafka\/#breadcrumblist"},"author":{"@id":"https:\/\/www.jornalja.com.br\/arquivo\/author\/daredacao\/#author"},"creator":{"@id":"https:\/\/www.jornalja.com.br\/arquivo\/author\/daredacao\/#author"},"image":{"@type":"ImageObject","url":42301,"@id":"https:\/\/www.jornalja.com.br\/arquivo\/pesquisador-leva-19-anos-para-desvendar-os-misterios-de-kafka\/#mainImage"},"primaryImageOfPage":{"@id":"https:\/\/www.jornalja.com.br\/arquivo\/pesquisador-leva-19-anos-para-desvendar-os-misterios-de-kafka\/#mainImage"},"datePublished":"2016-12-13T10:14:45-02:00","dateModified":"2016-12-13T10:14:45-02:00"},{"@type":"WebSite","@id":"https:\/\/www.jornalja.com.br\/arquivo\/#website","url":"https:\/\/www.jornalja.com.br\/arquivo\/","name":"Arquivo","description":"Jornal J\u00c1 | Porto Alegre","inLanguage":"pt-BR","publisher":{"@id":"https:\/\/www.jornalja.com.br\/arquivo\/#organization"}}]},"og:locale":"pt_BR","og:site_name":"Arquivo | Jornal J\u00c1 | Porto Alegre","og:type":"article","og:title":"Pesquisador leva 19 anos para desvendar os mist\u00e9rios de Kafka | Arquivo","og:url":"https:\/\/www.jornalja.com.br\/arquivo\/pesquisador-leva-19-anos-para-desvendar-os-misterios-de-kafka\/","og:image":"https:\/\/www.jornalja.com.br\/wp-content\/uploads\/2016\/12\/kafka-metamorfose.jpg","og:image:secure_url":"https:\/\/www.jornalja.com.br\/wp-content\/uploads\/2016\/12\/kafka-metamorfose.jpg","article:published_time":"2016-12-13T13:14:45+00:00","article:modified_time":"2016-12-13T13:14:45+00:00","twitter:card":"summary","twitter:title":"Pesquisador leva 19 anos para desvendar os mist\u00e9rios de Kafka | Arquivo","twitter:image":"https:\/\/www.jornalja.com.br\/economics\/wp-content\/uploads\/sites\/11\/2026\/08\/ja-folhaderosto-facebook.jpg"},"aioseo_meta_data":{"post_id":"42001","title":null,"description":null,"keywords":null,"keyphrases":null,"primary_term":null,"canonical_url":null,"og_title":null,"og_description":null,"og_object_type":"default","og_image_type":"default","og_image_url":null,"og_image_width":null,"og_image_height":null,"og_image_custom_url":null,"og_image_custom_fields":null,"og_video":null,"og_custom_url":null,"og_article_section":null,"og_article_tags":null,"twitter_use_og":false,"twitter_card":"default","twitter_image_type":"default","twitter_image_url":null,"twitter_image_custom_url":null,"twitter_image_custom_fields":null,"twitter_title":null,"twitter_description":null,"schema":{"blockGraphs":[],"customGraphs":[],"default":{"data":{"Article":[],"Course":[],"Dataset":[],"FAQPage":[],"Movie":[],"Person":[],"Product":[],"ProductReview":[],"Car":[],"Recipe":[],"Service":[],"SoftwareApplication":[],"WebPage":[]},"graphName":"","isEnabled":true},"graphs":[],"defaultGraph":"","defaultPostTypeGraph":""},"schema_type":null,"schema_type_options":null,"pillar_content":false,"robots_default":true,"robots_noindex":false,"robots_noarchive":false,"robots_nosnippet":false,"robots_nofollow":false,"robots_noimageindex":false,"robots_noodp":false,"robots_notranslate":false,"robots_max_snippet":null,"robots_max_videopreview":null,"robots_max_imagepreview":"large","priority":null,"frequency":null,"location":null,"local_seo":null,"breadcrumb_settings":null,"limit_modified_date":false,"ai":null,"created":"2020-12-20 20:44:21","updated":"2025-07-19 18:38:12","seo_analyzer_scan_date":null,"focus_keyword":null,"additional_keywords":null,"truseo_locale":null},"jetpack_sharing_enabled":true,"jetpack-related-posts":[{"id":13240,"url":"https:\/\/www.jornalja.com.br\/arquivo\/plano-diretor-estamos-construindo-o-caos\/","url_meta":{"origin":42001,"position":0},"title":"Plano diretor: &quot;Estamos construindo o caos&quot;","author":"Patr\u00edcia Marini","date":"26 de maio de 2014","format":false,"excerpt":"Desabafo que arquiteta Eliana Castilhos, delegada da Regi\u00e3o de Planejamento 1, postou nas redes sociais \u00e9 um testemunho do ambiente que se criou no Conselho do Plano Diretor de Porto Alegre, onde a aprova\u00e7\u00e3o de grandes empreendimentos \u00e9 empurrada guela abaixo dos conselheiros. Ao CMDUA Como delegada da Regi\u00e3o de\u2026","rel":"","context":"Em &quot;Geral&quot;","block_context":{"text":"Geral","link":"https:\/\/www.jornalja.com.br\/arquivo\/category\/geral\/"},"img":{"alt_text":"","src":"","width":0,"height":0},"classes":[]},{"id":5440,"url":"https:\/\/www.jornalja.com.br\/arquivo\/casarao-da-venancio-destino-permanece-incerto\/","url_meta":{"origin":42001,"position":1},"title":"Estado ainda n\u00e3o sabe o que fazer com casar\u00e3o abandonado h\u00e1 20 anos","author":"Elmar Bones","date":"6 de julho de 2009","format":false,"excerpt":"O casar\u00e3o amarelo, numa esquina nobre de Porto Alegre (Ven\u00e2ncio Aires com Jo\u00e3o Pessoa), j\u00e1 abrigou uma escola. H\u00e1 duas d\u00e9cadas, pelo menos, est\u00e1 abandonado, porque seu propriet\u00e1rio, o governo do Estado do Rio Grande do Sul, n\u00e3o consegue achar um destino para ele. Planos n\u00e3o faltaram. O governador Ol\u00edvio\u2026","rel":"","context":"Em &quot;X.Categorias velhas&quot;","block_context":{"text":"X.Categorias velhas","link":"https:\/\/www.jornalja.com.br\/arquivo\/category\/x-categorias-velhas\/"},"img":{"alt_text":"geraldo1","src":"https:\/\/i0.wp.com\/www.jornalja.com.br\/wp-content\/uploads\/2009\/07\/geraldo1.jpg?resize=350%2C200&ssl=1","width":350,"height":200},"classes":[]},{"id":13239,"url":"https:\/\/www.jornalja.com.br\/arquivo\/conselho-desdenha-do-plano-diretor\/","url_meta":{"origin":42001,"position":2},"title":"Porto Alegre: Conselho detona Plano Diretor","author":"Patr\u00edcia Marini","date":"25 de maio de 2014","format":false,"excerpt":"Den\u00fancia do arquiteto e \u00a0urbanista Ibir\u00e1 Santos Lucas. Ele diz que os conselheiros est\u00e3o votando com \"enorme irresponsabilidade\". \"Mudam regime com a maior naturalidade,,,regularizam absurdos de constru\u00e7\u00f5es irregulares... \"O CMDUA est\u00e1 flexibilizando a lei do plano diretor, de uma forma impactante na vida da cidade. Mudam regime com a maior\u2026","rel":"","context":"Em &quot;Geral&quot;","block_context":{"text":"Geral","link":"https:\/\/www.jornalja.com.br\/arquivo\/category\/geral\/"},"img":{"alt_text":"","src":"","width":0,"height":0},"classes":[]},{"id":14241,"url":"https:\/\/www.jornalja.com.br\/arquivo\/o-guaiba-nas-imagens-poeticas-de-achutti\/","url_meta":{"origin":42001,"position":3},"title":"O Gua\u00edba nas imagens po\u00e9ticas de Achutti","author":"da Reda\u00e7\u00e3o","date":"18 de junho de 2014","format":false,"excerpt":"Em \u201cO Gua\u00edba por Achutti\u201d \u2013 obra financiada via Minist\u00e9rio da Cultura, produ\u00e7\u00e3o executiva de Pedro Longhi, e Fl\u00e1vio Wild como designer \u2013, o fot\u00f3grafo revela a beleza e as mazelas de um espa\u00e7o aqu\u00e1tico de \u00e1guas sempre renovadas, cheio de hist\u00f3rias e lendas como as das cidades que foram\u2026","rel":"","context":"Em &quot;Cultura-Geral&quot;","block_context":{"text":"Cultura-Geral","link":"https:\/\/www.jornalja.com.br\/arquivo\/category\/materiasecundaria\/"},"img":{"alt_text":"","src":"","width":0,"height":0},"classes":[]},{"id":13101,"url":"https:\/\/www.jornalja.com.br\/arquivo\/morre-um-guerreiro-do-texto\/","url_meta":{"origin":42001,"position":4},"title":"Morre um guerreiro do texto","author":"Patr\u00edcia Marini","date":"14 de maio de 2014","format":false,"excerpt":"Por Ricardo Kotscho Reproduzido do blog do autor, 11\/5\/2014; t\u00edtulo original \u201cE l\u00e1 se foi o nosso Myltainho, guerreiro do texto\u201d. Mi\u00fado e franzino, meu amigo Myltainho era um valente e inconformado guerreiro na luta contra as injusti\u00e7as sociais, a hipocrisia, as maracutaias, o autoritarismo, a intoler\u00e2ncia, a viol\u00eancia, o\u2026","rel":"","context":"Em &quot;Geral&quot;","block_context":{"text":"Geral","link":"https:\/\/www.jornalja.com.br\/arquivo\/category\/geral\/"},"img":{"alt_text":"","src":"","width":0,"height":0},"classes":[]},{"id":13124,"url":"https:\/\/www.jornalja.com.br\/arquivo\/sangue-latino-no-iecine\/","url_meta":{"origin":42001,"position":5},"title":"Sangue latino no IECINE","author":"da Reda\u00e7\u00e3o","date":"18 de maio de 2014","format":false,"excerpt":"Francisco Ribeiro O Instituto Estadual de Cinema (IECINE) tem a frente, desde abril \u00faltimo, um novo diretor, o cineasta colombiano Juan Zapata, 36, que substitui Luiz Alberto Cassol. Radicado h\u00e1 dez anos em Porto Alegre, Zapata tem diante de si o desafio de conduzir at\u00e9 o final do ano um\u2026","rel":"","context":"Em &quot;Cultura-Geral&quot;","block_context":{"text":"Cultura-Geral","link":"https:\/\/www.jornalja.com.br\/arquivo\/category\/materiasecundaria\/"},"img":{"alt_text":"","src":"","width":0,"height":0},"classes":[]}],"jetpack_shortlink":"https:\/\/wp.me\/pbQjBd-aVr","jetpack_featured_media_url":"","_links":{"self":[{"href":"https:\/\/www.jornalja.com.br\/arquivo\/wp-json\/wp\/v2\/posts\/42001","targetHints":{"allow":["GET"]}}],"collection":[{"href":"https:\/\/www.jornalja.com.br\/arquivo\/wp-json\/wp\/v2\/posts"}],"about":[{"href":"https:\/\/www.jornalja.com.br\/arquivo\/wp-json\/wp\/v2\/types\/post"}],"author":[{"embeddable":true,"href":"https:\/\/www.jornalja.com.br\/arquivo\/wp-json\/wp\/v2\/users\/4"}],"replies":[{"embeddable":true,"href":"https:\/\/www.jornalja.com.br\/arquivo\/wp-json\/wp\/v2\/comments?post=42001"}],"version-history":[{"count":0,"href":"https:\/\/www.jornalja.com.br\/arquivo\/wp-json\/wp\/v2\/posts\/42001\/revisions"}],"wp:attachment":[{"href":"https:\/\/www.jornalja.com.br\/arquivo\/wp-json\/wp\/v2\/media?parent=42001"}],"wp:term":[{"taxonomy":"category","embeddable":true,"href":"https:\/\/www.jornalja.com.br\/arquivo\/wp-json\/wp\/v2\/categories?post=42001"},{"taxonomy":"post_tag","embeddable":true,"href":"https:\/\/www.jornalja.com.br\/arquivo\/wp-json\/wp\/v2\/tags?post=42001"}],"curies":[{"name":"wp","href":"https:\/\/api.w.org\/{rel}","templated":true}]}}