{"id":42024,"date":"2016-12-07T17:28:27","date_gmt":"2016-12-07T20:28:27","guid":{"rendered":"https:\/\/www.jornalja.com.br\/?p=42024"},"modified":"2016-12-07T17:28:27","modified_gmt":"2016-12-07T20:28:27","slug":"seguranca-fiscalizacao-e-calcamento-do-entorno-sao-a-demandas-dos-usuarios-do-parque","status":"publish","type":"post","link":"https:\/\/www.jornalja.com.br\/arquivo\/seguranca-fiscalizacao-e-calcamento-do-entorno-sao-a-demandas-dos-usuarios-do-parque\/","title":{"rendered":"Seguran\u00e7a e fiscaliza\u00e7\u00e3o s\u00e3o demandas dos usu\u00e1rios da Reden\u00e7\u00e3o"},"content":{"rendered":"<p>O Conselho dos Usu\u00e1rios do Parque Farroupilha se reuniu nesta ter\u00e7a-feira para fazer o balan\u00e7o do ano e projetar as prioridades para 2017. Seguran\u00e7a, que \u00e9 um tema recorrente, fiscaliza\u00e7\u00e3o em rela\u00e7\u00e3o a camel\u00f4s e feiras irregulares e problemas com o cal\u00e7amento da Jos\u00e9 Bonif\u00e1cio foram as principais demandas.<br \/>\nA reuni\u00e3o foi realizada na Casa dos Conselhos e contou com a presen\u00e7a de representantes da Associa\u00e7\u00e3o dos Amigos do Parque Farroupilha, da Associa\u00e7\u00e3o dos Amigos do Bom Fim, da Associa\u00e7\u00e3o do Mercado Bom Fim, dos artes\u00e3os do Brique, al\u00e9m de um representante da SMOV (Secretaria Municipal de Obras e Via\u00e7\u00e3o). Roberto Jakubaszko, dos Amigos do Parque, afirmou que todas as Secretarias que t\u00eam rela\u00e7\u00e3o com o parque foram convidadas a participar.<br \/>\nJakubaszko convidou todas as entidades a constru\u00edrem a agenda de anivers\u00e1rio do parque. No dia 24 de outubro de 2017, a Reden\u00e7\u00e3o completa 210 anos. A data marca a ced\u00eancia do terreno para o Munic\u00edpio pelo ent\u00e3o governador Paulo Gama no ano de 1807 &#8211; o parque tem ainda<a href=\"https:\/\/www.jornalja.com.br\/os-80-anos-do-parque-farroupilha\/\" target=\"_blank\" rel=\"noopener noreferrer\"> outra \u201cdata de nascimento\u201d, 20 de setembro de 1935<\/a>, quando foi inaugurado o plano de melhoramentos da antiga \u00e1rea da v\u00e1rzea, juntamente \u00e0 exposi\u00e7\u00e3o do Centen\u00e1rio Farroupilha. A programa\u00e7\u00e3o come\u00e7ou na data dos 209 anos e vai se estender pelo per\u00edodo de um ano.<br \/>\nOs representantes do Brique cobraram uma melhor ilumina\u00e7\u00e3o da avenida Jos\u00e9 Bonif\u00e1cio e reclamaram do cal\u00e7amento. Nos espa\u00e7os onde h\u00e1 \u00e1rvores, com a eros\u00e3o acabam se formando buracos que atrapalham a circula\u00e7\u00e3o dos pedestres. \u201cEsta avenida de quase 600 metros \u00e9 o cart\u00e3o de visitas da cidade\u201d, defendeu um deles.<br \/>\nRodrigo Kandrik, da SMOV, lembrou que estes espa\u00e7os j\u00e1 foram cobertos com saibro a pedido de outros artes\u00e3os, mas reconheceu que o material acabou cedendo com as chuvas e se comprometeu a verificar a disponibilidade de cobrir estes espa\u00e7os com brita.<br \/>\nEduardo Couto, do Mercado do Bom Fim, elogiou duas melhorias que agradaram os comerciantes: a reforma da ilumina\u00e7\u00e3o, conclu\u00edda h\u00e1 poucos dias, e os reparos realizados no cal\u00e7amento. Entretanto, frizou que permanece a necessidade de se fazer um projeto maior de reforma do piso. Ele criticou a falta de controle da SMIC sobre o com\u00e9rcio irregular no entorno do local.<br \/>\nCarlos Alexandre Randazzo, presidente da Associa\u00e7\u00e3o dos Amigos do Bom Fim, lembrou que a feira localizada ao lado do mercado foi criada para ser uma entidade e que, \u00e0 \u00e9poca, contou com apoio da associa\u00e7\u00e3o, mas lamentou a falta de controle por parte do poder p\u00fablico.<br \/>\nEm rela\u00e7\u00e3o \u00e0 seguran\u00e7a, foi comemorada a reabertura, pela Guarda Municipal, do postinho policial comunit\u00e1rio, na esquina da Osvaldo Aranha com a Jos\u00e9 Bonif\u00e1cio, que originalmente foi ocupado pela Brigada Militar. O recente an\u00fancio do Secret\u00e1rio Estadual de Seguran\u00e7a, Cezar Schimer, de que a <a href=\"https:\/\/www.jornalja.com.br\/exercito-vai-patrulhar-a-redencao\/\" target=\"_blank\" rel=\"noopener noreferrer\">o Ex\u00e9rcito ajudar\u00e1 no patrulhamento do parque <\/a>tamb\u00e9m est\u00e1 sendo visto com bons olhos.<\/p>\n","protected":false},"excerpt":{"rendered":"<p>O Conselho dos Usu\u00e1rios do Parque Farroupilha se reuniu nesta ter\u00e7a-feira para fazer o balan\u00e7o do ano e projetar as prioridades para 2017. Seguran\u00e7a, que \u00e9 um tema recorrente, fiscaliza\u00e7\u00e3o em rela\u00e7\u00e3o a camel\u00f4s e feiras irregulares e problemas com o cal\u00e7amento da Jos\u00e9 Bonif\u00e1cio foram as principais demandas. A reuni\u00e3o foi realizada na Casa [&hellip;]<\/p>\n","protected":false},"author":4,"featured_media":36571,"comment_status":"open","ping_status":"closed","sticky":false,"template":"","format":"standard","meta":{"_jetpack_newsletter_access":"","_jetpack_dont_email_post_to_subs":false,"_jetpack_newsletter_tier_id":0,"_jetpack_memberships_contains_paywalled_content":false,"_jetpack_feature_clip_id":0,"_jetpack_memberships_contains_paid_content":false,"footnotes":"","jetpack_post_was_ever_published":false},"categories":[11,2020],"tags":[],"class_list":["post-42024","post","type-post","status-publish","format-standard","has-post-thumbnail","hentry","category-materiasecundaria","category-culturamanchete"],"aioseo_notices":[],"aioseo_head":"\n\t\t<!-- All in One SEO 5.0.1.1 - aioseo.com -->\n\t<meta name=\"robots\" content=\"max-image-preview:large\" \/>\n\t<meta name=\"author\" content=\"da Reda\u00e7\u00e3o\"\/>\n\t<link rel=\"canonical\" href=\"https:\/\/www.jornalja.com.br\/arquivo\/seguranca-fiscalizacao-e-calcamento-do-entorno-sao-a-demandas-dos-usuarios-do-parque\/\" \/>\n\t<meta name=\"generator\" content=\"All in One SEO (AIOSEO) 5.0.1.1\" \/>\n\t\t<meta property=\"og:locale\" content=\"pt_BR\" \/>\n\t\t<meta property=\"og:site_name\" content=\"Arquivo | Jornal J\u00c1 | Porto Alegre\" \/>\n\t\t<meta property=\"og:type\" content=\"article\" \/>\n\t\t<meta property=\"og:title\" content=\"Seguran\u00e7a e fiscaliza\u00e7\u00e3o s\u00e3o demandas dos usu\u00e1rios da Reden\u00e7\u00e3o | Arquivo\" \/>\n\t\t<meta property=\"og:url\" content=\"https:\/\/www.jornalja.com.br\/arquivo\/seguranca-fiscalizacao-e-calcamento-do-entorno-sao-a-demandas-dos-usuarios-do-parque\/\" \/>\n\t\t<meta property=\"og:image\" content=\"https:\/\/www.jornalja.com.br\/economics\/wp-content\/uploads\/sites\/11\/2026\/08\/ja-folhaderosto-facebook.jpg\" \/>\n\t\t<meta property=\"og:image:secure_url\" content=\"https:\/\/www.jornalja.com.br\/economics\/wp-content\/uploads\/sites\/11\/2026\/08\/ja-folhaderosto-facebook.jpg\" \/>\n\t\t<meta property=\"article:published_time\" content=\"2016-12-07T20:28:27+00:00\" \/>\n\t\t<meta property=\"article:modified_time\" content=\"2016-12-07T20:28:27+00:00\" \/>\n\t\t<meta name=\"twitter:card\" content=\"summary\" \/>\n\t\t<meta name=\"twitter:title\" content=\"Seguran\u00e7a e fiscaliza\u00e7\u00e3o s\u00e3o demandas dos usu\u00e1rios da Reden\u00e7\u00e3o | Arquivo\" \/>\n\t\t<meta name=\"twitter:image\" content=\"https:\/\/www.jornalja.com.br\/economics\/wp-content\/uploads\/sites\/11\/2026\/08\/ja-folhaderosto-facebook.jpg\" \/>\n\t\t<script type=\"application\/ld+json\" class=\"aioseo-schema\">\n\t\t\t{\"@context\":\"https:\\\/\\\/schema.org\",\"@graph\":[{\"@type\":\"BlogPosting\",\"@id\":\"https:\\\/\\\/www.jornalja.com.br\\\/arquivo\\\/seguranca-fiscalizacao-e-calcamento-do-entorno-sao-a-demandas-dos-usuarios-do-parque\\\/#blogposting\",\"name\":\"Seguran\\u00e7a e fiscaliza\\u00e7\\u00e3o s\\u00e3o demandas dos usu\\u00e1rios da Reden\\u00e7\\u00e3o | Arquivo\",\"headline\":\"Seguran\\u00e7a e fiscaliza\\u00e7\\u00e3o s\\u00e3o demandas dos usu\\u00e1rios da Reden\\u00e7\\u00e3o\",\"author\":{\"@id\":\"https:\\\/\\\/www.jornalja.com.br\\\/arquivo\\\/author\\\/daredacao\\\/#author\"},\"publisher\":{\"@id\":\"https:\\\/\\\/www.jornalja.com.br\\\/arquivo\\\/#organization\"},\"image\":{\"@type\":\"ImageObject\",\"url\":36571},\"datePublished\":\"2016-12-07T17:28:27-02:00\",\"dateModified\":\"2016-12-07T17:28:27-02:00\",\"inLanguage\":\"pt-BR\",\"mainEntityOfPage\":{\"@id\":\"https:\\\/\\\/www.jornalja.com.br\\\/arquivo\\\/seguranca-fiscalizacao-e-calcamento-do-entorno-sao-a-demandas-dos-usuarios-do-parque\\\/#webpage\"},\"isPartOf\":{\"@id\":\"https:\\\/\\\/www.jornalja.com.br\\\/arquivo\\\/seguranca-fiscalizacao-e-calcamento-do-entorno-sao-a-demandas-dos-usuarios-do-parque\\\/#webpage\"},\"articleSection\":\"Cultura-Geral, Cultura-Manchete\"},{\"@type\":\"BreadcrumbList\",\"@id\":\"https:\\\/\\\/www.jornalja.com.br\\\/arquivo\\\/seguranca-fiscalizacao-e-calcamento-do-entorno-sao-a-demandas-dos-usuarios-do-parque\\\/#breadcrumblist\",\"itemListElement\":[{\"@type\":\"ListItem\",\"@id\":\"https:\\\/\\\/www.jornalja.com.br\\\/arquivo#listItem\",\"position\":1,\"name\":\"Home\",\"item\":\"https:\\\/\\\/www.jornalja.com.br\\\/arquivo\",\"nextItem\":{\"@type\":\"ListItem\",\"@id\":\"https:\\\/\\\/www.jornalja.com.br\\\/arquivo\\\/category\\\/materiasecundaria\\\/#listItem\",\"name\":\"Cultura-Geral\"}},{\"@type\":\"ListItem\",\"@id\":\"https:\\\/\\\/www.jornalja.com.br\\\/arquivo\\\/category\\\/materiasecundaria\\\/#listItem\",\"position\":2,\"name\":\"Cultura-Geral\",\"item\":\"https:\\\/\\\/www.jornalja.com.br\\\/arquivo\\\/category\\\/materiasecundaria\\\/\",\"nextItem\":{\"@type\":\"ListItem\",\"@id\":\"https:\\\/\\\/www.jornalja.com.br\\\/arquivo\\\/seguranca-fiscalizacao-e-calcamento-do-entorno-sao-a-demandas-dos-usuarios-do-parque\\\/#listItem\",\"name\":\"Seguran\\u00e7a e fiscaliza\\u00e7\\u00e3o s\\u00e3o demandas dos usu\\u00e1rios da Reden\\u00e7\\u00e3o\"},\"previousItem\":{\"@type\":\"ListItem\",\"@id\":\"https:\\\/\\\/www.jornalja.com.br\\\/arquivo#listItem\",\"name\":\"Home\"}},{\"@type\":\"ListItem\",\"@id\":\"https:\\\/\\\/www.jornalja.com.br\\\/arquivo\\\/seguranca-fiscalizacao-e-calcamento-do-entorno-sao-a-demandas-dos-usuarios-do-parque\\\/#listItem\",\"position\":3,\"name\":\"Seguran\\u00e7a e fiscaliza\\u00e7\\u00e3o s\\u00e3o demandas dos usu\\u00e1rios da Reden\\u00e7\\u00e3o\",\"previousItem\":{\"@type\":\"ListItem\",\"@id\":\"https:\\\/\\\/www.jornalja.com.br\\\/arquivo\\\/category\\\/materiasecundaria\\\/#listItem\",\"name\":\"Cultura-Geral\"}}]},{\"@type\":\"Organization\",\"@id\":\"https:\\\/\\\/www.jornalja.com.br\\\/arquivo\\\/#organization\",\"name\":\"Jornal J\\u00c1\",\"description\":\"Jornal J\\u00c1 | Porto Alegre\",\"url\":\"https:\\\/\\\/www.jornalja.com.br\\\/arquivo\\\/\",\"telephone\":\"+555133307272\",\"logo\":{\"@type\":\"ImageObject\",\"url\":\"https:\\\/\\\/www.jornalja.com.br\\\/wp-content\\\/uploads\\\/cards\\\/JAslogan.png\",\"@id\":\"https:\\\/\\\/www.jornalja.com.br\\\/arquivo\\\/seguranca-fiscalizacao-e-calcamento-do-entorno-sao-a-demandas-dos-usuarios-do-parque\\\/#organizationLogo\"},\"image\":{\"@id\":\"https:\\\/\\\/www.jornalja.com.br\\\/arquivo\\\/seguranca-fiscalizacao-e-calcamento-do-entorno-sao-a-demandas-dos-usuarios-do-parque\\\/#organizationLogo\"}},{\"@type\":\"Person\",\"@id\":\"https:\\\/\\\/www.jornalja.com.br\\\/arquivo\\\/author\\\/daredacao\\\/#author\",\"url\":\"https:\\\/\\\/www.jornalja.com.br\\\/arquivo\\\/author\\\/daredacao\\\/\",\"name\":\"da Reda\\u00e7\\u00e3o\",\"image\":{\"@type\":\"ImageObject\",\"@id\":\"https:\\\/\\\/www.jornalja.com.br\\\/arquivo\\\/seguranca-fiscalizacao-e-calcamento-do-entorno-sao-a-demandas-dos-usuarios-do-parque\\\/#authorImage\",\"url\":\"https:\\\/\\\/secure.gravatar.com\\\/avatar\\\/469fd857d6605ad19919d27ed29d35a968a25f6e8fd9318356bbb7f57aae9c65?s=96&d=mm&r=g\",\"width\":96,\"height\":96,\"caption\":\"da Reda\\u00e7\\u00e3o\"}},{\"@type\":\"WebPage\",\"@id\":\"https:\\\/\\\/www.jornalja.com.br\\\/arquivo\\\/seguranca-fiscalizacao-e-calcamento-do-entorno-sao-a-demandas-dos-usuarios-do-parque\\\/#webpage\",\"url\":\"https:\\\/\\\/www.jornalja.com.br\\\/arquivo\\\/seguranca-fiscalizacao-e-calcamento-do-entorno-sao-a-demandas-dos-usuarios-do-parque\\\/\",\"name\":\"Seguran\\u00e7a e fiscaliza\\u00e7\\u00e3o s\\u00e3o demandas dos usu\\u00e1rios da Reden\\u00e7\\u00e3o | Arquivo\",\"inLanguage\":\"pt-BR\",\"isPartOf\":{\"@id\":\"https:\\\/\\\/www.jornalja.com.br\\\/arquivo\\\/#website\"},\"breadcrumb\":{\"@id\":\"https:\\\/\\\/www.jornalja.com.br\\\/arquivo\\\/seguranca-fiscalizacao-e-calcamento-do-entorno-sao-a-demandas-dos-usuarios-do-parque\\\/#breadcrumblist\"},\"author\":{\"@id\":\"https:\\\/\\\/www.jornalja.com.br\\\/arquivo\\\/author\\\/daredacao\\\/#author\"},\"creator\":{\"@id\":\"https:\\\/\\\/www.jornalja.com.br\\\/arquivo\\\/author\\\/daredacao\\\/#author\"},\"image\":{\"@type\":\"ImageObject\",\"url\":36571,\"@id\":\"https:\\\/\\\/www.jornalja.com.br\\\/arquivo\\\/seguranca-fiscalizacao-e-calcamento-do-entorno-sao-a-demandas-dos-usuarios-do-parque\\\/#mainImage\"},\"primaryImageOfPage\":{\"@id\":\"https:\\\/\\\/www.jornalja.com.br\\\/arquivo\\\/seguranca-fiscalizacao-e-calcamento-do-entorno-sao-a-demandas-dos-usuarios-do-parque\\\/#mainImage\"},\"datePublished\":\"2016-12-07T17:28:27-02:00\",\"dateModified\":\"2016-12-07T17:28:27-02:00\"},{\"@type\":\"WebSite\",\"@id\":\"https:\\\/\\\/www.jornalja.com.br\\\/arquivo\\\/#website\",\"url\":\"https:\\\/\\\/www.jornalja.com.br\\\/arquivo\\\/\",\"name\":\"Arquivo\",\"description\":\"Jornal J\\u00c1 | Porto Alegre\",\"inLanguage\":\"pt-BR\",\"publisher\":{\"@id\":\"https:\\\/\\\/www.jornalja.com.br\\\/arquivo\\\/#organization\"}}]}\n\t\t<\/script>\n\t\t<!-- All in One SEO -->\n\n","aioseo_head_json":{"title":"Seguran\u00e7a e fiscaliza\u00e7\u00e3o s\u00e3o demandas dos usu\u00e1rios da Reden\u00e7\u00e3o | Arquivo","description":"","canonical_url":"https:\/\/www.jornalja.com.br\/arquivo\/seguranca-fiscalizacao-e-calcamento-do-entorno-sao-a-demandas-dos-usuarios-do-parque\/","robots":"max-image-preview:large","keywords":"","webmasterTools":{"miscellaneous":""},"schema":{"@context":"https:\/\/schema.org","@graph":[{"@type":"BlogPosting","@id":"https:\/\/www.jornalja.com.br\/arquivo\/seguranca-fiscalizacao-e-calcamento-do-entorno-sao-a-demandas-dos-usuarios-do-parque\/#blogposting","name":"Seguran\u00e7a e fiscaliza\u00e7\u00e3o s\u00e3o demandas dos usu\u00e1rios da Reden\u00e7\u00e3o | Arquivo","headline":"Seguran\u00e7a e fiscaliza\u00e7\u00e3o s\u00e3o demandas dos usu\u00e1rios da Reden\u00e7\u00e3o","author":{"@id":"https:\/\/www.jornalja.com.br\/arquivo\/author\/daredacao\/#author"},"publisher":{"@id":"https:\/\/www.jornalja.com.br\/arquivo\/#organization"},"image":{"@type":"ImageObject","url":36571},"datePublished":"2016-12-07T17:28:27-02:00","dateModified":"2016-12-07T17:28:27-02:00","inLanguage":"pt-BR","mainEntityOfPage":{"@id":"https:\/\/www.jornalja.com.br\/arquivo\/seguranca-fiscalizacao-e-calcamento-do-entorno-sao-a-demandas-dos-usuarios-do-parque\/#webpage"},"isPartOf":{"@id":"https:\/\/www.jornalja.com.br\/arquivo\/seguranca-fiscalizacao-e-calcamento-do-entorno-sao-a-demandas-dos-usuarios-do-parque\/#webpage"},"articleSection":"Cultura-Geral, Cultura-Manchete"},{"@type":"BreadcrumbList","@id":"https:\/\/www.jornalja.com.br\/arquivo\/seguranca-fiscalizacao-e-calcamento-do-entorno-sao-a-demandas-dos-usuarios-do-parque\/#breadcrumblist","itemListElement":[{"@type":"ListItem","@id":"https:\/\/www.jornalja.com.br\/arquivo#listItem","position":1,"name":"Home","item":"https:\/\/www.jornalja.com.br\/arquivo","nextItem":{"@type":"ListItem","@id":"https:\/\/www.jornalja.com.br\/arquivo\/category\/materiasecundaria\/#listItem","name":"Cultura-Geral"}},{"@type":"ListItem","@id":"https:\/\/www.jornalja.com.br\/arquivo\/category\/materiasecundaria\/#listItem","position":2,"name":"Cultura-Geral","item":"https:\/\/www.jornalja.com.br\/arquivo\/category\/materiasecundaria\/","nextItem":{"@type":"ListItem","@id":"https:\/\/www.jornalja.com.br\/arquivo\/seguranca-fiscalizacao-e-calcamento-do-entorno-sao-a-demandas-dos-usuarios-do-parque\/#listItem","name":"Seguran\u00e7a e fiscaliza\u00e7\u00e3o s\u00e3o demandas dos usu\u00e1rios da Reden\u00e7\u00e3o"},"previousItem":{"@type":"ListItem","@id":"https:\/\/www.jornalja.com.br\/arquivo#listItem","name":"Home"}},{"@type":"ListItem","@id":"https:\/\/www.jornalja.com.br\/arquivo\/seguranca-fiscalizacao-e-calcamento-do-entorno-sao-a-demandas-dos-usuarios-do-parque\/#listItem","position":3,"name":"Seguran\u00e7a e fiscaliza\u00e7\u00e3o s\u00e3o demandas dos usu\u00e1rios da Reden\u00e7\u00e3o","previousItem":{"@type":"ListItem","@id":"https:\/\/www.jornalja.com.br\/arquivo\/category\/materiasecundaria\/#listItem","name":"Cultura-Geral"}}]},{"@type":"Organization","@id":"https:\/\/www.jornalja.com.br\/arquivo\/#organization","name":"Jornal J\u00c1","description":"Jornal J\u00c1 | Porto Alegre","url":"https:\/\/www.jornalja.com.br\/arquivo\/","telephone":"+555133307272","logo":{"@type":"ImageObject","url":"https:\/\/www.jornalja.com.br\/wp-content\/uploads\/cards\/JAslogan.png","@id":"https:\/\/www.jornalja.com.br\/arquivo\/seguranca-fiscalizacao-e-calcamento-do-entorno-sao-a-demandas-dos-usuarios-do-parque\/#organizationLogo"},"image":{"@id":"https:\/\/www.jornalja.com.br\/arquivo\/seguranca-fiscalizacao-e-calcamento-do-entorno-sao-a-demandas-dos-usuarios-do-parque\/#organizationLogo"}},{"@type":"Person","@id":"https:\/\/www.jornalja.com.br\/arquivo\/author\/daredacao\/#author","url":"https:\/\/www.jornalja.com.br\/arquivo\/author\/daredacao\/","name":"da Reda\u00e7\u00e3o","image":{"@type":"ImageObject","@id":"https:\/\/www.jornalja.com.br\/arquivo\/seguranca-fiscalizacao-e-calcamento-do-entorno-sao-a-demandas-dos-usuarios-do-parque\/#authorImage","url":"https:\/\/secure.gravatar.com\/avatar\/469fd857d6605ad19919d27ed29d35a968a25f6e8fd9318356bbb7f57aae9c65?s=96&d=mm&r=g","width":96,"height":96,"caption":"da Reda\u00e7\u00e3o"}},{"@type":"WebPage","@id":"https:\/\/www.jornalja.com.br\/arquivo\/seguranca-fiscalizacao-e-calcamento-do-entorno-sao-a-demandas-dos-usuarios-do-parque\/#webpage","url":"https:\/\/www.jornalja.com.br\/arquivo\/seguranca-fiscalizacao-e-calcamento-do-entorno-sao-a-demandas-dos-usuarios-do-parque\/","name":"Seguran\u00e7a e fiscaliza\u00e7\u00e3o s\u00e3o demandas dos usu\u00e1rios da Reden\u00e7\u00e3o | Arquivo","inLanguage":"pt-BR","isPartOf":{"@id":"https:\/\/www.jornalja.com.br\/arquivo\/#website"},"breadcrumb":{"@id":"https:\/\/www.jornalja.com.br\/arquivo\/seguranca-fiscalizacao-e-calcamento-do-entorno-sao-a-demandas-dos-usuarios-do-parque\/#breadcrumblist"},"author":{"@id":"https:\/\/www.jornalja.com.br\/arquivo\/author\/daredacao\/#author"},"creator":{"@id":"https:\/\/www.jornalja.com.br\/arquivo\/author\/daredacao\/#author"},"image":{"@type":"ImageObject","url":36571,"@id":"https:\/\/www.jornalja.com.br\/arquivo\/seguranca-fiscalizacao-e-calcamento-do-entorno-sao-a-demandas-dos-usuarios-do-parque\/#mainImage"},"primaryImageOfPage":{"@id":"https:\/\/www.jornalja.com.br\/arquivo\/seguranca-fiscalizacao-e-calcamento-do-entorno-sao-a-demandas-dos-usuarios-do-parque\/#mainImage"},"datePublished":"2016-12-07T17:28:27-02:00","dateModified":"2016-12-07T17:28:27-02:00"},{"@type":"WebSite","@id":"https:\/\/www.jornalja.com.br\/arquivo\/#website","url":"https:\/\/www.jornalja.com.br\/arquivo\/","name":"Arquivo","description":"Jornal J\u00c1 | Porto Alegre","inLanguage":"pt-BR","publisher":{"@id":"https:\/\/www.jornalja.com.br\/arquivo\/#organization"}}]},"og:locale":"pt_BR","og:site_name":"Arquivo | Jornal J\u00c1 | Porto Alegre","og:type":"article","og:title":"Seguran\u00e7a e fiscaliza\u00e7\u00e3o s\u00e3o demandas dos usu\u00e1rios da Reden\u00e7\u00e3o | Arquivo","og:url":"https:\/\/www.jornalja.com.br\/arquivo\/seguranca-fiscalizacao-e-calcamento-do-entorno-sao-a-demandas-dos-usuarios-do-parque\/","og:image":"https:\/\/www.jornalja.com.br\/economics\/wp-content\/uploads\/sites\/11\/2026\/08\/ja-folhaderosto-facebook.jpg","og:image:secure_url":"https:\/\/www.jornalja.com.br\/economics\/wp-content\/uploads\/sites\/11\/2026\/08\/ja-folhaderosto-facebook.jpg","article:published_time":"2016-12-07T20:28:27+00:00","article:modified_time":"2016-12-07T20:28:27+00:00","twitter:card":"summary","twitter:title":"Seguran\u00e7a e fiscaliza\u00e7\u00e3o s\u00e3o demandas dos usu\u00e1rios da Reden\u00e7\u00e3o | Arquivo","twitter:image":"https:\/\/www.jornalja.com.br\/economics\/wp-content\/uploads\/sites\/11\/2026\/08\/ja-folhaderosto-facebook.jpg"},"aioseo_meta_data":{"post_id":"42024","title":null,"description":null,"keywords":null,"keyphrases":null,"primary_term":null,"canonical_url":null,"og_title":null,"og_description":null,"og_object_type":"default","og_image_type":"default","og_image_url":null,"og_image_width":null,"og_image_height":null,"og_image_custom_url":null,"og_image_custom_fields":null,"og_video":null,"og_custom_url":null,"og_article_section":null,"og_article_tags":null,"twitter_use_og":false,"twitter_card":"default","twitter_image_type":"default","twitter_image_url":null,"twitter_image_custom_url":null,"twitter_image_custom_fields":null,"twitter_title":null,"twitter_description":null,"schema":{"blockGraphs":[],"customGraphs":[],"default":{"data":{"Article":[],"Course":[],"Dataset":[],"FAQPage":[],"Movie":[],"Person":[],"Product":[],"ProductReview":[],"Car":[],"Recipe":[],"Service":[],"SoftwareApplication":[],"WebPage":[]},"graphName":"","isEnabled":true},"graphs":[],"defaultGraph":"","defaultPostTypeGraph":""},"schema_type":null,"schema_type_options":null,"pillar_content":false,"robots_default":true,"robots_noindex":false,"robots_noarchive":false,"robots_nosnippet":false,"robots_nofollow":false,"robots_noimageindex":false,"robots_noodp":false,"robots_notranslate":false,"robots_max_snippet":null,"robots_max_videopreview":null,"robots_max_imagepreview":"large","priority":null,"frequency":null,"location":null,"local_seo":null,"breadcrumb_settings":null,"limit_modified_date":false,"ai":null,"created":"2020-12-20 20:44:21","updated":"2025-07-19 18:33:55","seo_analyzer_scan_date":null,"focus_keyword":null,"additional_keywords":null,"truseo_locale":null},"jetpack_sharing_enabled":true,"jetpack-related-posts":[{"id":13101,"url":"https:\/\/www.jornalja.com.br\/arquivo\/morre-um-guerreiro-do-texto\/","url_meta":{"origin":42024,"position":0},"title":"Morre um guerreiro do texto","author":"Patr\u00edcia Marini","date":"14 de maio de 2014","format":false,"excerpt":"Por Ricardo Kotscho Reproduzido do blog do autor, 11\/5\/2014; t\u00edtulo original \u201cE l\u00e1 se foi o nosso Myltainho, guerreiro do texto\u201d. Mi\u00fado e franzino, meu amigo Myltainho era um valente e inconformado guerreiro na luta contra as injusti\u00e7as sociais, a hipocrisia, as maracutaias, o autoritarismo, a intoler\u00e2ncia, a viol\u00eancia, o\u2026","rel":"","context":"Em &quot;Geral&quot;","block_context":{"text":"Geral","link":"https:\/\/www.jornalja.com.br\/arquivo\/category\/geral\/"},"img":{"alt_text":"","src":"","width":0,"height":0},"classes":[]},{"id":13240,"url":"https:\/\/www.jornalja.com.br\/arquivo\/plano-diretor-estamos-construindo-o-caos\/","url_meta":{"origin":42024,"position":1},"title":"Plano diretor: &quot;Estamos construindo o caos&quot;","author":"Patr\u00edcia Marini","date":"26 de maio de 2014","format":false,"excerpt":"Desabafo que arquiteta Eliana Castilhos, delegada da Regi\u00e3o de Planejamento 1, postou nas redes sociais \u00e9 um testemunho do ambiente que se criou no Conselho do Plano Diretor de Porto Alegre, onde a aprova\u00e7\u00e3o de grandes empreendimentos \u00e9 empurrada guela abaixo dos conselheiros. Ao CMDUA Como delegada da Regi\u00e3o de\u2026","rel":"","context":"Em &quot;Geral&quot;","block_context":{"text":"Geral","link":"https:\/\/www.jornalja.com.br\/arquivo\/category\/geral\/"},"img":{"alt_text":"","src":"","width":0,"height":0},"classes":[]},{"id":13124,"url":"https:\/\/www.jornalja.com.br\/arquivo\/sangue-latino-no-iecine\/","url_meta":{"origin":42024,"position":2},"title":"Sangue latino no IECINE","author":"da Reda\u00e7\u00e3o","date":"18 de maio de 2014","format":false,"excerpt":"Francisco Ribeiro O Instituto Estadual de Cinema (IECINE) tem a frente, desde abril \u00faltimo, um novo diretor, o cineasta colombiano Juan Zapata, 36, que substitui Luiz Alberto Cassol. Radicado h\u00e1 dez anos em Porto Alegre, Zapata tem diante de si o desafio de conduzir at\u00e9 o final do ano um\u2026","rel":"","context":"Em &quot;Cultura-Geral&quot;","block_context":{"text":"Cultura-Geral","link":"https:\/\/www.jornalja.com.br\/arquivo\/category\/materiasecundaria\/"},"img":{"alt_text":"","src":"","width":0,"height":0},"classes":[]},{"id":14241,"url":"https:\/\/www.jornalja.com.br\/arquivo\/o-guaiba-nas-imagens-poeticas-de-achutti\/","url_meta":{"origin":42024,"position":3},"title":"O Gua\u00edba nas imagens po\u00e9ticas de Achutti","author":"da Reda\u00e7\u00e3o","date":"18 de junho de 2014","format":false,"excerpt":"Em \u201cO Gua\u00edba por Achutti\u201d \u2013 obra financiada via Minist\u00e9rio da Cultura, produ\u00e7\u00e3o executiva de Pedro Longhi, e Fl\u00e1vio Wild como designer \u2013, o fot\u00f3grafo revela a beleza e as mazelas de um espa\u00e7o aqu\u00e1tico de \u00e1guas sempre renovadas, cheio de hist\u00f3rias e lendas como as das cidades que foram\u2026","rel":"","context":"Em &quot;Cultura-Geral&quot;","block_context":{"text":"Cultura-Geral","link":"https:\/\/www.jornalja.com.br\/arquivo\/category\/materiasecundaria\/"},"img":{"alt_text":"","src":"","width":0,"height":0},"classes":[]},{"id":13239,"url":"https:\/\/www.jornalja.com.br\/arquivo\/conselho-desdenha-do-plano-diretor\/","url_meta":{"origin":42024,"position":4},"title":"Porto Alegre: Conselho detona Plano Diretor","author":"Patr\u00edcia Marini","date":"25 de maio de 2014","format":false,"excerpt":"Den\u00fancia do arquiteto e \u00a0urbanista Ibir\u00e1 Santos Lucas. Ele diz que os conselheiros est\u00e3o votando com \"enorme irresponsabilidade\". \"Mudam regime com a maior naturalidade,,,regularizam absurdos de constru\u00e7\u00f5es irregulares... \"O CMDUA est\u00e1 flexibilizando a lei do plano diretor, de uma forma impactante na vida da cidade. Mudam regime com a maior\u2026","rel":"","context":"Em &quot;Geral&quot;","block_context":{"text":"Geral","link":"https:\/\/www.jornalja.com.br\/arquivo\/category\/geral\/"},"img":{"alt_text":"","src":"","width":0,"height":0},"classes":[]},{"id":5440,"url":"https:\/\/www.jornalja.com.br\/arquivo\/casarao-da-venancio-destino-permanece-incerto\/","url_meta":{"origin":42024,"position":5},"title":"Estado ainda n\u00e3o sabe o que fazer com casar\u00e3o abandonado h\u00e1 20 anos","author":"Elmar Bones","date":"6 de julho de 2009","format":false,"excerpt":"O casar\u00e3o amarelo, numa esquina nobre de Porto Alegre (Ven\u00e2ncio Aires com Jo\u00e3o Pessoa), j\u00e1 abrigou uma escola. H\u00e1 duas d\u00e9cadas, pelo menos, est\u00e1 abandonado, porque seu propriet\u00e1rio, o governo do Estado do Rio Grande do Sul, n\u00e3o consegue achar um destino para ele. Planos n\u00e3o faltaram. O governador Ol\u00edvio\u2026","rel":"","context":"Em &quot;X.Categorias velhas&quot;","block_context":{"text":"X.Categorias velhas","link":"https:\/\/www.jornalja.com.br\/arquivo\/category\/x-categorias-velhas\/"},"img":{"alt_text":"geraldo1","src":"https:\/\/i0.wp.com\/www.jornalja.com.br\/wp-content\/uploads\/2009\/07\/geraldo1.jpg?resize=350%2C200&ssl=1","width":350,"height":200},"classes":[]}],"jetpack_shortlink":"https:\/\/wp.me\/pbQjBd-aVO","jetpack_featured_media_url":"","_links":{"self":[{"href":"https:\/\/www.jornalja.com.br\/arquivo\/wp-json\/wp\/v2\/posts\/42024","targetHints":{"allow":["GET"]}}],"collection":[{"href":"https:\/\/www.jornalja.com.br\/arquivo\/wp-json\/wp\/v2\/posts"}],"about":[{"href":"https:\/\/www.jornalja.com.br\/arquivo\/wp-json\/wp\/v2\/types\/post"}],"author":[{"embeddable":true,"href":"https:\/\/www.jornalja.com.br\/arquivo\/wp-json\/wp\/v2\/users\/4"}],"replies":[{"embeddable":true,"href":"https:\/\/www.jornalja.com.br\/arquivo\/wp-json\/wp\/v2\/comments?post=42024"}],"version-history":[{"count":0,"href":"https:\/\/www.jornalja.com.br\/arquivo\/wp-json\/wp\/v2\/posts\/42024\/revisions"}],"wp:attachment":[{"href":"https:\/\/www.jornalja.com.br\/arquivo\/wp-json\/wp\/v2\/media?parent=42024"}],"wp:term":[{"taxonomy":"category","embeddable":true,"href":"https:\/\/www.jornalja.com.br\/arquivo\/wp-json\/wp\/v2\/categories?post=42024"},{"taxonomy":"post_tag","embeddable":true,"href":"https:\/\/www.jornalja.com.br\/arquivo\/wp-json\/wp\/v2\/tags?post=42024"}],"curies":[{"name":"wp","href":"https:\/\/api.w.org\/{rel}","templated":true}]}}