{"id":42035,"date":"2016-12-08T11:00:18","date_gmt":"2016-12-08T14:00:18","guid":{"rendered":"https:\/\/www.jornalja.com.br\/?p=42035"},"modified":"2016-12-08T11:00:18","modified_gmt":"2016-12-08T14:00:18","slug":"servidores-iniciam-ofensiva-para-derrubar-o-pacote-de-sartori","status":"publish","type":"post","link":"https:\/\/www.jornalja.com.br\/arquivo\/servidores-iniciam-ofensiva-para-derrubar-o-pacote-de-sartori\/","title":{"rendered":"Servidores iniciam ofensiva para derrubar o pacote de Sartori"},"content":{"rendered":"<p>O semin\u00e1rio sobre o papel das funda\u00e7\u00f5es, no Plaza, e o refor\u00e7o da mobiliza\u00e7\u00e3o na Pra\u00e7a da Matriz, em frente ao Pal\u00e1cio Piratini, marcaram, na tarde de quarta-feira, o in\u00edcio da ofensiva final dos sindicatos dos servidores p\u00fablicos para derrubar o pacote o governador Jos\u00e9 Ivo Sartori \u00a0(PMDB) que vai a vota\u00e7\u00e3o na Assembleia.<br \/>\nO conjunto de Projetos de Lei (PL) e de Emenda Constitucional (PEC) proposto pelo governador prev\u00ea a extin\u00e7\u00e3o de funda\u00e7\u00f5es, demiss\u00e3o de funcion\u00e1rios e privatiza\u00e7\u00f5es.<br \/>\nO principal argumento contra o pacote \u00e9 que ele vai causar um enorme estrago nos servi\u00e7os p\u00fablicos estaduais, com impacto quase nulo na redu\u00e7\u00e3o do d\u00e9ficit, uma vez que esses \u00f3rg\u00e3os a serem extintos n\u00e3o representam mais do que 0,4% do or\u00e7amento.<br \/>\n<figure id=\"attachment_41612\" aria-describedby=\"caption-attachment-41612\" style=\"width: 352px\" class=\"wp-caption alignleft\"><img decoding=\"async\" class=\" wp-image-41612\" src=\"https:\/\/www.jornalja.com.br\/wp-content\/uploads\/2016\/11\/Thais-Ratier.-Manifesta\u00e7\u00e3o-contra-o-pacote-do-Sartori-6.jpg\" alt=\"Pal\u00e1cio o governo isolado por grades \/ Thais Ratier\/J\u00c1\" width=\"352\" height=\"239\" \/><figcaption id=\"caption-attachment-41612\" class=\"wp-caption-text\">Pal\u00e1cio o governo isolado por grades \/ Thais Ratier\/J\u00c1<\/figcaption><\/figure><br \/>\nQuase na mesma hora que encerrava o semin\u00e1rio das funda\u00e7\u00f5es, um buzina\u00e7o come\u00e7ava na frente do port\u00e3o de entrada do Pal\u00e1cio Piratini, que est\u00e1 isolado por grades. A porta de entrada da Assembleia Legislativa tamb\u00e9m permanece fechada. A entrada na Casa do Povo \u00e9 restrita, por uma entrada lateral, protegida por grades e por seguran\u00e7as da Casa.<br \/>\nMesmo assim muitos servidores ocuparam as galerias do plen\u00e1rio e assistiram ao Grande Expediente realizado pela deputada Miriam Marroni (PT) contra a privatiza\u00e7\u00e3o da CEEE, da Sulg\u00e1s, da CRM e a extin\u00e7\u00e3o da Superintend\u00eancia de Portos e Hidrovias (SPH).<br \/>\nEnquanto isso, grupos de servidores promoviam \u201ctranca\u00e7os\u201d na rua que d\u00e1 acesso \u00e0 entrada da Assembleia, portando faixas, cartazes e distribuindo panfletos aos motoristas. No interior da pra\u00e7a da Matriz, t\u00e9cnicos da Funda\u00e7\u00e3o Zoobot\u00e2nica montaram uma mini-exposi\u00e7\u00e3o, mostrando o que faz a institui\u00e7\u00e3o e o acervo cient\u00edfico que acumulou ao longo de quatro d\u00e9cadas.<br \/>\nAs mobiliza\u00e7\u00f5es ganham intensidade na tarde desta quinta-feira, quando em assembl\u00e9ia na Pra\u00e7a da Matriz, o Cpers decide sobre a greve geral. Nos pr\u00f3ximos dias est\u00e3o programados abra\u00e7os, caminhadas, vig\u00edlias e, no dia 13, quando o Senado vota em segunda sess\u00e3o a PEC 55, uma greve geral.<br \/>\n&nbsp;<br \/>\n&nbsp;<\/p>\n<div id=\"attachment_358152\" class=\"wp-caption aligncenter\"><\/div>\n<p>&nbsp;<\/p>\n","protected":false},"excerpt":{"rendered":"<p>O semin\u00e1rio sobre o papel das funda\u00e7\u00f5es, no Plaza, e o refor\u00e7o da mobiliza\u00e7\u00e3o na Pra\u00e7a da Matriz, em frente ao Pal\u00e1cio Piratini, marcaram, na tarde de quarta-feira, o in\u00edcio da ofensiva final dos sindicatos dos servidores p\u00fablicos para derrubar o pacote o governador Jos\u00e9 Ivo Sartori \u00a0(PMDB) que vai a vota\u00e7\u00e3o na Assembleia. O [&hellip;]<\/p>\n","protected":false},"author":4,"featured_media":42063,"comment_status":"open","ping_status":"closed","sticky":false,"template":"","format":"standard","meta":{"_jetpack_memberships_contains_paid_content":false,"footnotes":""},"categories":[26],"tags":[],"class_list":["post-42035","post","type-post","status-publish","format-standard","has-post-thumbnail","hentry","category-geral"],"aioseo_notices":[],"jetpack_featured_media_url":"","jetpack_sharing_enabled":true,"jetpack-related-posts":[],"jetpack_shortlink":"https:\/\/wp.me\/pbQjBd-aVZ","_links":{"self":[{"href":"https:\/\/www.jornalja.com.br\/arquivo\/wp-json\/wp\/v2\/posts\/42035","targetHints":{"allow":["GET"]}}],"collection":[{"href":"https:\/\/www.jornalja.com.br\/arquivo\/wp-json\/wp\/v2\/posts"}],"about":[{"href":"https:\/\/www.jornalja.com.br\/arquivo\/wp-json\/wp\/v2\/types\/post"}],"author":[{"embeddable":true,"href":"https:\/\/www.jornalja.com.br\/arquivo\/wp-json\/wp\/v2\/users\/4"}],"replies":[{"embeddable":true,"href":"https:\/\/www.jornalja.com.br\/arquivo\/wp-json\/wp\/v2\/comments?post=42035"}],"version-history":[{"count":0,"href":"https:\/\/www.jornalja.com.br\/arquivo\/wp-json\/wp\/v2\/posts\/42035\/revisions"}],"wp:featuredmedia":[{"embeddable":true,"href":"https:\/\/www.jornalja.com.br\/arquivo\/wp-json\/"}],"wp:attachment":[{"href":"https:\/\/www.jornalja.com.br\/arquivo\/wp-json\/wp\/v2\/media?parent=42035"}],"wp:term":[{"taxonomy":"category","embeddable":true,"href":"https:\/\/www.jornalja.com.br\/arquivo\/wp-json\/wp\/v2\/categories?post=42035"},{"taxonomy":"post_tag","embeddable":true,"href":"https:\/\/www.jornalja.com.br\/arquivo\/wp-json\/wp\/v2\/tags?post=42035"}],"curies":[{"name":"wp","href":"https:\/\/api.w.org\/{rel}","templated":true}]}}