{"id":42184,"date":"2016-12-11T23:08:23","date_gmt":"2016-12-12T02:08:23","guid":{"rendered":"https:\/\/www.jornalja.com.br\/?p=42184"},"modified":"2016-12-11T23:08:23","modified_gmt":"2016-12-12T02:08:23","slug":"a-petroquimica-entrou-no-rio-grande-do-sul-pela-cientec","status":"publish","type":"post","link":"https:\/\/www.jornalja.com.br\/arquivo\/a-petroquimica-entrou-no-rio-grande-do-sul-pela-cientec\/","title":{"rendered":"A petroqu\u00edmica entrou no Rio Grande do Sul pela Cientec"},"content":{"rendered":"<p><span class=\"assina\">ELMAR BONES<\/span><br \/>\nComo rep\u00f3rter, conheci os pioneiros que trabalharam no projeto de um p\u00f3lo petroqu\u00edmico no Rio Grande do Sul, na Funda\u00e7\u00e3o de Ci\u00eancia e Tecnologia.<br \/>\nFoi ali, apesar da incipiente estrutura, que um pequeno grupo de pesquisadores desenvolveu o primeiro estudo de viabilidade, que seria o principal instrumento do governo (e dos ga\u00fachos, porque a certa altura tornou-se uma causa estadual), para conquistar o polo.<br \/>\n<figure id=\"attachment_42193\" aria-describedby=\"caption-attachment-42193\" style=\"width: 247px\" class=\"wp-caption alignleft\"><img loading=\"lazy\" decoding=\"async\" class=\"size-full wp-image-42193\" src=\"https:\/\/www.jornalja.com.br\/wp-content\/uploads\/2016\/12\/Mayer-Avruch-em-1976.jpg\" alt=\"Mayer Avruch em 1976, quando era presidente do Cientec \/ Acervo J\u00c1\" width=\"247\" height=\"233\" \/><figcaption id=\"caption-attachment-42193\" class=\"wp-caption-text\">Mayer Avruch em 1976, quando era presidente do Cientec \/ Acervo J\u00c1<\/figcaption><\/figure><br \/>\nO estudo foi conclu\u00eddo em abril de 1974 por tr\u00eas funcion\u00e1rios da Cientec: Mayer Avruch, economista e presidente da funda\u00e7\u00e3o, Orion Hertes Cabral, engenheiro qu\u00edmico e diretor executivo e \u00c9lio Falc\u00e3o Vieira, economista e coordenador da pesquisa.<br \/>\nFoi encadernado num grosso volume de capa vermelha com o t\u00edtulo: \u201cPolo Petroqu\u00edmico do Rio Grande do Sul \u2013 Estudo Preliminar\u201d. Ao que consta, est\u00e1 arquivado na biblioteca do BRDE, em Porto Alegre.<br \/>\nNo palanque das autoridades, em 1983, quando o polo foi inaugurado, havia dois presidentes da Rep\u00fablica (Geisel que saia, Figueiredo que entrava) tr\u00eas governadores\u00a0 e todos os ministros do governo rec\u00e9m empossado. Nem um dos pioneiros.<br \/>\nNestes tempos de f\u00faria, em que se pretende extinguir estruturas como a Cientec num golpe de caneta, vale a pena lembrar um pouco da hist\u00f3ria:<br \/>\n<img loading=\"lazy\" decoding=\"async\" class=\"wp-image-42198 alignleft\" src=\"https:\/\/www.jornalja.com.br\/wp-content\/uploads\/2016\/12\/petroquimicacj-300x430.jpg\" alt=\"petroquimicacj-300x430\" width=\"183\" height=\"258\" \/>A PALAVRA PETROQU\u00cdMICA*<br \/>\n\u201c<em>A soja dominava o notici\u00e1rio econ\u00f4mico local quando a palavra petroqu\u00edmica come\u00e7ou a aparecer com regularidade nos jornais de Porto Alegre, no in\u00edcio de 1972.<\/em><br \/>\n<em>Nos primeiros dias daquele ano, o Correio do Povo noticiou a cria\u00e7\u00e3o de um \u201cgrupo t\u00e9cnico do governo\u201d para estudar a viabilidade de um polo petroqu\u00edmico no Rio Grande do Sul \u00a0\u00a0<\/em><br \/>\n<em>A nota do jornal assinalava que \u201ca petroqu\u00edmica \u00e9 um dos ramos mais din\u00e2micos da ind\u00fastria moderna\u201d, capaz de dar um novo rumo ao desenvolvimento do Rio Grande do Sul, ainda \u201cmuito dependente da produ\u00e7\u00e3o agropecu\u00e1ria\u201d.<\/em><br \/>\n<em>O decreto que deu origem \u00e0 not\u00edcia\u00a0 era a primeira vit\u00f3ria numa batalha silenciosa travada por um pequeno grupo de economistas, no interior do governo estadual. Eram quatro ou cinco abnegados que, n\u00e3o raro, eram motivos de piada entre os colegas.<\/em><br \/>\n<em>Eram homens de planejamento, sabiam que no interior do governo se discutia a cria\u00e7\u00e3o de um terceiro polo petroqu\u00edmico no pais. Viram nisso uma oportunidade para um Estado que se debatia em busca de caminhos para o desenvolvimento.<\/em><br \/>\n<em>Havia um polo pioneiro em S\u00e3o Paulo, outro em constru\u00e7\u00e3o na Bahia. O\u00a0 terceiro poderia ser no Rio Grande do Sul, por que n\u00e3o?<\/em><br \/>\n<em>Mayer Avruch era o inspirador do grupo. Aos 43 anos, ele tinha a cabeleira precocemente branca, mas seu rosto era jovial e seu discurso otimista.\u00a0 Tinha vinte anos\u00a0 de servi\u00e7o p\u00fablico e h\u00e1 mais de dez insistia na petroqu\u00edmica como caminho para acelerar a industrializa\u00e7\u00e3o do Rio Grande do Sul, com reflexos em toda a regi\u00e3o Sul.<\/em><br \/>\n<em>(&#8230;) Havia um estudo pioneiro, incomplerto, feito em 1965 por economistas do BRDE, sobre a ind\u00fastria qu\u00edmica. Mostrava o acelerado crescimento que ela registrava no Brasil e as limita\u00e7\u00f5es que tinha no Rio Grande do Sul, onde a mat\u00e9ria prima era toda importada de S\u00e3o Paulo. Esse foi o ponto de partida do grupo de Avruch, em 1972.<\/em><br \/>\n<em>Sua primeira tarefa foi criar um n\u00facleo de pesquisa com a transforma\u00e7\u00e3o do velho e aut\u00e1rquico Instituto Tecnol\u00f3gico do Estado numa Funda\u00e7\u00e3o de Ciencia e Tecnologia, Cientec, para poder receber dinheiro de empresas e aplicar em pesquisas e projetos. \u201cO Triches (governador Euclides Triches ) me mandou para a Cientec para fazer coisas para o futuro, me deu verbas e disse:\u201dequipa aquilo l\u00e1\u201d. <\/em><br \/>\n<em>&#8220;Foi atrav\u00e9s da Cientec que conseguimos contratar o Instituto Franc\u00eas do Petr\u00f3leo, mandar gente para o exterior, acumular conhecimento l\u00e1 dentro\u201d. <\/em><br \/>\n<em>Num folder distribu\u00eddo em 1972, a Cientec oferecia \u201ctecnologia qu\u00edmica\u201d como o motor que poderia acelerar a ind\u00fastria. \u201c\u00c9 o instrumento que o Rio Grande do Sul que o rio grande do sul necessita para enfrentar (sic)\u00a0\u00a0 o acelerado e cont\u00ednuo desenvolvimento brasieiro. <\/em><br \/>\n<em>Oferecia pesquisas, an\u00e1lises e ensaios em 17 ramos da ind\u00fastria qu\u00edmica, al\u00e9m de servi\u00e7os de consultoria e projetos. Exibia uma lista de 34 clientes privados e estatais que j\u00e1 usavam seus servi\u00e7os de \u00a0consultoria e projetos, entre as quais estavam A\u00e7os Finos Piratini, Petrobr\u00e1s, Esso Brasileira de Petr\u00f3leo,\u00a0 Ind\u00fastria Celulose Riograndense e Siderurgica Riograndense\u201d.\u00a0\u00a0\u00a0\u00a0\u00a0\u00a0<\/em><br \/>\n<em>*<strong>Do livro \u201cA Petroqu\u00edmica Faz Hist\u00f3ria\u201d, de Elmar Bones e S\u00e9rgio Lagranha, J\u00c1 Editores, 2008 \u00a0<\/strong><\/em><br \/>\n&nbsp;<\/p>\n","protected":false},"excerpt":{"rendered":"<p>ELMAR BONES Como rep\u00f3rter, conheci os pioneiros que trabalharam no projeto de um p\u00f3lo petroqu\u00edmico no Rio Grande do Sul, na Funda\u00e7\u00e3o de Ci\u00eancia e Tecnologia. Foi ali, apesar da incipiente estrutura, que um pequeno grupo de pesquisadores desenvolveu o primeiro estudo de viabilidade, que seria o principal instrumento do governo (e dos ga\u00fachos, porque [&hellip;]<\/p>\n","protected":false},"author":4,"featured_media":42195,"comment_status":"open","ping_status":"closed","sticky":false,"template":"","format":"standard","meta":{"_jetpack_newsletter_access":"","_jetpack_dont_email_post_to_subs":false,"_jetpack_newsletter_tier_id":0,"_jetpack_memberships_contains_paywalled_content":false,"_jetpack_feature_clip_id":0,"_jetpack_memberships_contains_paid_content":false,"footnotes":"","jetpack_post_was_ever_published":false},"categories":[26],"tags":[],"class_list":["post-42184","post","type-post","status-publish","format-standard","has-post-thumbnail","hentry","category-geral"],"aioseo_notices":[],"aioseo_head":"\n\t\t<!-- All in One SEO 5.0.1.1 - aioseo.com -->\n\t<meta name=\"robots\" content=\"max-image-preview:large\" \/>\n\t<meta name=\"author\" content=\"da Reda\u00e7\u00e3o\"\/>\n\t<link rel=\"canonical\" href=\"https:\/\/www.jornalja.com.br\/arquivo\/a-petroquimica-entrou-no-rio-grande-do-sul-pela-cientec\/\" \/>\n\t<meta name=\"generator\" content=\"All in One SEO (AIOSEO) 5.0.1.1\" \/>\n\t\t<meta property=\"og:locale\" content=\"pt_BR\" \/>\n\t\t<meta property=\"og:site_name\" content=\"Arquivo | Jornal J\u00c1 | Porto Alegre\" \/>\n\t\t<meta property=\"og:type\" content=\"article\" \/>\n\t\t<meta property=\"og:title\" content=\"A petroqu\u00edmica entrou no Rio Grande do Sul pela Cientec | Arquivo\" \/>\n\t\t<meta property=\"og:url\" content=\"https:\/\/www.jornalja.com.br\/arquivo\/a-petroquimica-entrou-no-rio-grande-do-sul-pela-cientec\/\" \/>\n\t\t<meta property=\"og:image\" content=\"https:\/\/www.jornalja.com.br\/wp-content\/uploads\/2016\/12\/Mayer-Avruch-em-1976.jpg\" \/>\n\t\t<meta property=\"og:image:secure_url\" content=\"https:\/\/www.jornalja.com.br\/wp-content\/uploads\/2016\/12\/Mayer-Avruch-em-1976.jpg\" \/>\n\t\t<meta property=\"article:published_time\" content=\"2016-12-12T02:08:23+00:00\" \/>\n\t\t<meta property=\"article:modified_time\" content=\"2016-12-12T02:08:23+00:00\" \/>\n\t\t<meta name=\"twitter:card\" content=\"summary\" \/>\n\t\t<meta name=\"twitter:title\" content=\"A petroqu\u00edmica entrou no Rio Grande do Sul pela Cientec | Arquivo\" \/>\n\t\t<meta name=\"twitter:image\" content=\"https:\/\/www.jornalja.com.br\/economics\/wp-content\/uploads\/sites\/11\/2026\/08\/ja-folhaderosto-facebook.jpg\" \/>\n\t\t<script type=\"application\/ld+json\" class=\"aioseo-schema\">\n\t\t\t{\"@context\":\"https:\\\/\\\/schema.org\",\"@graph\":[{\"@type\":\"BlogPosting\",\"@id\":\"https:\\\/\\\/www.jornalja.com.br\\\/arquivo\\\/a-petroquimica-entrou-no-rio-grande-do-sul-pela-cientec\\\/#blogposting\",\"name\":\"A petroqu\\u00edmica entrou no Rio Grande do Sul pela Cientec | Arquivo\",\"headline\":\"A petroqu\\u00edmica entrou no Rio Grande do Sul pela Cientec\",\"author\":{\"@id\":\"https:\\\/\\\/www.jornalja.com.br\\\/arquivo\\\/author\\\/daredacao\\\/#author\"},\"publisher\":{\"@id\":\"https:\\\/\\\/www.jornalja.com.br\\\/arquivo\\\/#organization\"},\"image\":{\"@type\":\"ImageObject\",\"url\":42195},\"datePublished\":\"2016-12-11T23:08:23-02:00\",\"dateModified\":\"2016-12-11T23:08:23-02:00\",\"inLanguage\":\"pt-BR\",\"mainEntityOfPage\":{\"@id\":\"https:\\\/\\\/www.jornalja.com.br\\\/arquivo\\\/a-petroquimica-entrou-no-rio-grande-do-sul-pela-cientec\\\/#webpage\"},\"isPartOf\":{\"@id\":\"https:\\\/\\\/www.jornalja.com.br\\\/arquivo\\\/a-petroquimica-entrou-no-rio-grande-do-sul-pela-cientec\\\/#webpage\"},\"articleSection\":\"Geral\"},{\"@type\":\"BreadcrumbList\",\"@id\":\"https:\\\/\\\/www.jornalja.com.br\\\/arquivo\\\/a-petroquimica-entrou-no-rio-grande-do-sul-pela-cientec\\\/#breadcrumblist\",\"itemListElement\":[{\"@type\":\"ListItem\",\"@id\":\"https:\\\/\\\/www.jornalja.com.br\\\/arquivo#listItem\",\"position\":1,\"name\":\"Home\",\"item\":\"https:\\\/\\\/www.jornalja.com.br\\\/arquivo\",\"nextItem\":{\"@type\":\"ListItem\",\"@id\":\"https:\\\/\\\/www.jornalja.com.br\\\/arquivo\\\/category\\\/geral\\\/#listItem\",\"name\":\"Geral\"}},{\"@type\":\"ListItem\",\"@id\":\"https:\\\/\\\/www.jornalja.com.br\\\/arquivo\\\/category\\\/geral\\\/#listItem\",\"position\":2,\"name\":\"Geral\",\"item\":\"https:\\\/\\\/www.jornalja.com.br\\\/arquivo\\\/category\\\/geral\\\/\",\"nextItem\":{\"@type\":\"ListItem\",\"@id\":\"https:\\\/\\\/www.jornalja.com.br\\\/arquivo\\\/a-petroquimica-entrou-no-rio-grande-do-sul-pela-cientec\\\/#listItem\",\"name\":\"A petroqu\\u00edmica entrou no Rio Grande do Sul pela Cientec\"},\"previousItem\":{\"@type\":\"ListItem\",\"@id\":\"https:\\\/\\\/www.jornalja.com.br\\\/arquivo#listItem\",\"name\":\"Home\"}},{\"@type\":\"ListItem\",\"@id\":\"https:\\\/\\\/www.jornalja.com.br\\\/arquivo\\\/a-petroquimica-entrou-no-rio-grande-do-sul-pela-cientec\\\/#listItem\",\"position\":3,\"name\":\"A petroqu\\u00edmica entrou no Rio Grande do Sul pela Cientec\",\"previousItem\":{\"@type\":\"ListItem\",\"@id\":\"https:\\\/\\\/www.jornalja.com.br\\\/arquivo\\\/category\\\/geral\\\/#listItem\",\"name\":\"Geral\"}}]},{\"@type\":\"Organization\",\"@id\":\"https:\\\/\\\/www.jornalja.com.br\\\/arquivo\\\/#organization\",\"name\":\"Jornal J\\u00c1\",\"description\":\"Jornal J\\u00c1 | Porto Alegre\",\"url\":\"https:\\\/\\\/www.jornalja.com.br\\\/arquivo\\\/\",\"telephone\":\"+555133307272\",\"logo\":{\"@type\":\"ImageObject\",\"url\":\"https:\\\/\\\/www.jornalja.com.br\\\/wp-content\\\/uploads\\\/cards\\\/JAslogan.png\",\"@id\":\"https:\\\/\\\/www.jornalja.com.br\\\/arquivo\\\/a-petroquimica-entrou-no-rio-grande-do-sul-pela-cientec\\\/#organizationLogo\"},\"image\":{\"@id\":\"https:\\\/\\\/www.jornalja.com.br\\\/arquivo\\\/a-petroquimica-entrou-no-rio-grande-do-sul-pela-cientec\\\/#organizationLogo\"}},{\"@type\":\"Person\",\"@id\":\"https:\\\/\\\/www.jornalja.com.br\\\/arquivo\\\/author\\\/daredacao\\\/#author\",\"url\":\"https:\\\/\\\/www.jornalja.com.br\\\/arquivo\\\/author\\\/daredacao\\\/\",\"name\":\"da Reda\\u00e7\\u00e3o\",\"image\":{\"@type\":\"ImageObject\",\"@id\":\"https:\\\/\\\/www.jornalja.com.br\\\/arquivo\\\/a-petroquimica-entrou-no-rio-grande-do-sul-pela-cientec\\\/#authorImage\",\"url\":\"https:\\\/\\\/secure.gravatar.com\\\/avatar\\\/469fd857d6605ad19919d27ed29d35a968a25f6e8fd9318356bbb7f57aae9c65?s=96&d=mm&r=g\",\"width\":96,\"height\":96,\"caption\":\"da Reda\\u00e7\\u00e3o\"}},{\"@type\":\"WebPage\",\"@id\":\"https:\\\/\\\/www.jornalja.com.br\\\/arquivo\\\/a-petroquimica-entrou-no-rio-grande-do-sul-pela-cientec\\\/#webpage\",\"url\":\"https:\\\/\\\/www.jornalja.com.br\\\/arquivo\\\/a-petroquimica-entrou-no-rio-grande-do-sul-pela-cientec\\\/\",\"name\":\"A petroqu\\u00edmica entrou no Rio Grande do Sul pela Cientec | Arquivo\",\"inLanguage\":\"pt-BR\",\"isPartOf\":{\"@id\":\"https:\\\/\\\/www.jornalja.com.br\\\/arquivo\\\/#website\"},\"breadcrumb\":{\"@id\":\"https:\\\/\\\/www.jornalja.com.br\\\/arquivo\\\/a-petroquimica-entrou-no-rio-grande-do-sul-pela-cientec\\\/#breadcrumblist\"},\"author\":{\"@id\":\"https:\\\/\\\/www.jornalja.com.br\\\/arquivo\\\/author\\\/daredacao\\\/#author\"},\"creator\":{\"@id\":\"https:\\\/\\\/www.jornalja.com.br\\\/arquivo\\\/author\\\/daredacao\\\/#author\"},\"image\":{\"@type\":\"ImageObject\",\"url\":42195,\"@id\":\"https:\\\/\\\/www.jornalja.com.br\\\/arquivo\\\/a-petroquimica-entrou-no-rio-grande-do-sul-pela-cientec\\\/#mainImage\"},\"primaryImageOfPage\":{\"@id\":\"https:\\\/\\\/www.jornalja.com.br\\\/arquivo\\\/a-petroquimica-entrou-no-rio-grande-do-sul-pela-cientec\\\/#mainImage\"},\"datePublished\":\"2016-12-11T23:08:23-02:00\",\"dateModified\":\"2016-12-11T23:08:23-02:00\"},{\"@type\":\"WebSite\",\"@id\":\"https:\\\/\\\/www.jornalja.com.br\\\/arquivo\\\/#website\",\"url\":\"https:\\\/\\\/www.jornalja.com.br\\\/arquivo\\\/\",\"name\":\"Arquivo\",\"description\":\"Jornal J\\u00c1 | Porto Alegre\",\"inLanguage\":\"pt-BR\",\"publisher\":{\"@id\":\"https:\\\/\\\/www.jornalja.com.br\\\/arquivo\\\/#organization\"}}]}\n\t\t<\/script>\n\t\t<!-- All in One SEO -->\n\n","aioseo_head_json":{"title":"A petroqu\u00edmica entrou no Rio Grande do Sul pela Cientec | Arquivo","description":"","canonical_url":"https:\/\/www.jornalja.com.br\/arquivo\/a-petroquimica-entrou-no-rio-grande-do-sul-pela-cientec\/","robots":"max-image-preview:large","keywords":"","webmasterTools":{"miscellaneous":""},"schema":{"@context":"https:\/\/schema.org","@graph":[{"@type":"BlogPosting","@id":"https:\/\/www.jornalja.com.br\/arquivo\/a-petroquimica-entrou-no-rio-grande-do-sul-pela-cientec\/#blogposting","name":"A petroqu\u00edmica entrou no Rio Grande do Sul pela Cientec | Arquivo","headline":"A petroqu\u00edmica entrou no Rio Grande do Sul pela Cientec","author":{"@id":"https:\/\/www.jornalja.com.br\/arquivo\/author\/daredacao\/#author"},"publisher":{"@id":"https:\/\/www.jornalja.com.br\/arquivo\/#organization"},"image":{"@type":"ImageObject","url":42195},"datePublished":"2016-12-11T23:08:23-02:00","dateModified":"2016-12-11T23:08:23-02:00","inLanguage":"pt-BR","mainEntityOfPage":{"@id":"https:\/\/www.jornalja.com.br\/arquivo\/a-petroquimica-entrou-no-rio-grande-do-sul-pela-cientec\/#webpage"},"isPartOf":{"@id":"https:\/\/www.jornalja.com.br\/arquivo\/a-petroquimica-entrou-no-rio-grande-do-sul-pela-cientec\/#webpage"},"articleSection":"Geral"},{"@type":"BreadcrumbList","@id":"https:\/\/www.jornalja.com.br\/arquivo\/a-petroquimica-entrou-no-rio-grande-do-sul-pela-cientec\/#breadcrumblist","itemListElement":[{"@type":"ListItem","@id":"https:\/\/www.jornalja.com.br\/arquivo#listItem","position":1,"name":"Home","item":"https:\/\/www.jornalja.com.br\/arquivo","nextItem":{"@type":"ListItem","@id":"https:\/\/www.jornalja.com.br\/arquivo\/category\/geral\/#listItem","name":"Geral"}},{"@type":"ListItem","@id":"https:\/\/www.jornalja.com.br\/arquivo\/category\/geral\/#listItem","position":2,"name":"Geral","item":"https:\/\/www.jornalja.com.br\/arquivo\/category\/geral\/","nextItem":{"@type":"ListItem","@id":"https:\/\/www.jornalja.com.br\/arquivo\/a-petroquimica-entrou-no-rio-grande-do-sul-pela-cientec\/#listItem","name":"A petroqu\u00edmica entrou no Rio Grande do Sul pela Cientec"},"previousItem":{"@type":"ListItem","@id":"https:\/\/www.jornalja.com.br\/arquivo#listItem","name":"Home"}},{"@type":"ListItem","@id":"https:\/\/www.jornalja.com.br\/arquivo\/a-petroquimica-entrou-no-rio-grande-do-sul-pela-cientec\/#listItem","position":3,"name":"A petroqu\u00edmica entrou no Rio Grande do Sul pela Cientec","previousItem":{"@type":"ListItem","@id":"https:\/\/www.jornalja.com.br\/arquivo\/category\/geral\/#listItem","name":"Geral"}}]},{"@type":"Organization","@id":"https:\/\/www.jornalja.com.br\/arquivo\/#organization","name":"Jornal J\u00c1","description":"Jornal J\u00c1 | Porto Alegre","url":"https:\/\/www.jornalja.com.br\/arquivo\/","telephone":"+555133307272","logo":{"@type":"ImageObject","url":"https:\/\/www.jornalja.com.br\/wp-content\/uploads\/cards\/JAslogan.png","@id":"https:\/\/www.jornalja.com.br\/arquivo\/a-petroquimica-entrou-no-rio-grande-do-sul-pela-cientec\/#organizationLogo"},"image":{"@id":"https:\/\/www.jornalja.com.br\/arquivo\/a-petroquimica-entrou-no-rio-grande-do-sul-pela-cientec\/#organizationLogo"}},{"@type":"Person","@id":"https:\/\/www.jornalja.com.br\/arquivo\/author\/daredacao\/#author","url":"https:\/\/www.jornalja.com.br\/arquivo\/author\/daredacao\/","name":"da Reda\u00e7\u00e3o","image":{"@type":"ImageObject","@id":"https:\/\/www.jornalja.com.br\/arquivo\/a-petroquimica-entrou-no-rio-grande-do-sul-pela-cientec\/#authorImage","url":"https:\/\/secure.gravatar.com\/avatar\/469fd857d6605ad19919d27ed29d35a968a25f6e8fd9318356bbb7f57aae9c65?s=96&d=mm&r=g","width":96,"height":96,"caption":"da Reda\u00e7\u00e3o"}},{"@type":"WebPage","@id":"https:\/\/www.jornalja.com.br\/arquivo\/a-petroquimica-entrou-no-rio-grande-do-sul-pela-cientec\/#webpage","url":"https:\/\/www.jornalja.com.br\/arquivo\/a-petroquimica-entrou-no-rio-grande-do-sul-pela-cientec\/","name":"A petroqu\u00edmica entrou no Rio Grande do Sul pela Cientec | Arquivo","inLanguage":"pt-BR","isPartOf":{"@id":"https:\/\/www.jornalja.com.br\/arquivo\/#website"},"breadcrumb":{"@id":"https:\/\/www.jornalja.com.br\/arquivo\/a-petroquimica-entrou-no-rio-grande-do-sul-pela-cientec\/#breadcrumblist"},"author":{"@id":"https:\/\/www.jornalja.com.br\/arquivo\/author\/daredacao\/#author"},"creator":{"@id":"https:\/\/www.jornalja.com.br\/arquivo\/author\/daredacao\/#author"},"image":{"@type":"ImageObject","url":42195,"@id":"https:\/\/www.jornalja.com.br\/arquivo\/a-petroquimica-entrou-no-rio-grande-do-sul-pela-cientec\/#mainImage"},"primaryImageOfPage":{"@id":"https:\/\/www.jornalja.com.br\/arquivo\/a-petroquimica-entrou-no-rio-grande-do-sul-pela-cientec\/#mainImage"},"datePublished":"2016-12-11T23:08:23-02:00","dateModified":"2016-12-11T23:08:23-02:00"},{"@type":"WebSite","@id":"https:\/\/www.jornalja.com.br\/arquivo\/#website","url":"https:\/\/www.jornalja.com.br\/arquivo\/","name":"Arquivo","description":"Jornal J\u00c1 | Porto Alegre","inLanguage":"pt-BR","publisher":{"@id":"https:\/\/www.jornalja.com.br\/arquivo\/#organization"}}]},"og:locale":"pt_BR","og:site_name":"Arquivo | Jornal J\u00c1 | Porto Alegre","og:type":"article","og:title":"A petroqu\u00edmica entrou no Rio Grande do Sul pela Cientec | Arquivo","og:url":"https:\/\/www.jornalja.com.br\/arquivo\/a-petroquimica-entrou-no-rio-grande-do-sul-pela-cientec\/","og:image":"https:\/\/www.jornalja.com.br\/wp-content\/uploads\/2016\/12\/Mayer-Avruch-em-1976.jpg","og:image:secure_url":"https:\/\/www.jornalja.com.br\/wp-content\/uploads\/2016\/12\/Mayer-Avruch-em-1976.jpg","article:published_time":"2016-12-12T02:08:23+00:00","article:modified_time":"2016-12-12T02:08:23+00:00","twitter:card":"summary","twitter:title":"A petroqu\u00edmica entrou no Rio Grande do Sul pela Cientec | Arquivo","twitter:image":"https:\/\/www.jornalja.com.br\/economics\/wp-content\/uploads\/sites\/11\/2026\/08\/ja-folhaderosto-facebook.jpg"},"aioseo_meta_data":{"post_id":"42184","title":null,"description":null,"keywords":null,"keyphrases":null,"primary_term":null,"canonical_url":null,"og_title":null,"og_description":null,"og_object_type":"default","og_image_type":"default","og_image_url":null,"og_image_width":null,"og_image_height":null,"og_image_custom_url":null,"og_image_custom_fields":null,"og_video":null,"og_custom_url":null,"og_article_section":null,"og_article_tags":null,"twitter_use_og":false,"twitter_card":"default","twitter_image_type":"default","twitter_image_url":null,"twitter_image_custom_url":null,"twitter_image_custom_fields":null,"twitter_title":null,"twitter_description":null,"schema":{"blockGraphs":[],"customGraphs":[],"default":{"data":{"Article":[],"Course":[],"Dataset":[],"FAQPage":[],"Movie":[],"Person":[],"Product":[],"ProductReview":[],"Car":[],"Recipe":[],"Service":[],"SoftwareApplication":[],"WebPage":[]},"graphName":"","isEnabled":true},"graphs":[],"defaultGraph":"","defaultPostTypeGraph":""},"schema_type":null,"schema_type_options":null,"pillar_content":false,"robots_default":true,"robots_noindex":false,"robots_noarchive":false,"robots_nosnippet":false,"robots_nofollow":false,"robots_noimageindex":false,"robots_noodp":false,"robots_notranslate":false,"robots_max_snippet":null,"robots_max_videopreview":null,"robots_max_imagepreview":"large","priority":null,"frequency":null,"location":null,"local_seo":null,"breadcrumb_settings":null,"limit_modified_date":false,"ai":null,"created":"2020-12-20 20:44:21","updated":"2025-07-19 18:36:22","seo_analyzer_scan_date":null,"focus_keyword":null,"additional_keywords":null,"truseo_locale":null},"jetpack_sharing_enabled":true,"jetpack-related-posts":[{"id":13128,"url":"https:\/\/www.jornalja.com.br\/arquivo\/maconha-terra-diz-que-uso-medicinal-e-desculpa\/","url_meta":{"origin":42184,"position":0},"title":"Maconha: Terra diz que uso medicinal \u00e9 desculpa","author":"Patr\u00edcia Marini","date":"4 de junho de 2014","format":false,"excerpt":"A condi\u00e7\u00e3o de pol\u00edtico, em \u00e9poca de campanha de campanha eleitoral, tira for\u00e7a do discurso do m\u00e9dico Osmar Terra contra a legaliza\u00e7\u00e3o da maconha. A tese dele de que a libera\u00e7\u00e3o vai ampliar exponencialmente o consumo \u00e9 discutivel, o consumo \u00e9 corrente. Mas seus alertas quanto aos riscos tem que\u2026","rel":"","context":"Em &quot;X.Categorias velhas&quot;","block_context":{"text":"X.Categorias velhas","link":"https:\/\/www.jornalja.com.br\/arquivo\/category\/x-categorias-velhas\/"},"img":{"alt_text":"","src":"","width":0,"height":0},"classes":[]},{"id":14241,"url":"https:\/\/www.jornalja.com.br\/arquivo\/o-guaiba-nas-imagens-poeticas-de-achutti\/","url_meta":{"origin":42184,"position":1},"title":"O Gua\u00edba nas imagens po\u00e9ticas de Achutti","author":"da Reda\u00e7\u00e3o","date":"18 de junho de 2014","format":false,"excerpt":"Em \u201cO Gua\u00edba por Achutti\u201d \u2013 obra financiada via Minist\u00e9rio da Cultura, produ\u00e7\u00e3o executiva de Pedro Longhi, e Fl\u00e1vio Wild como designer \u2013, o fot\u00f3grafo revela a beleza e as mazelas de um espa\u00e7o aqu\u00e1tico de \u00e1guas sempre renovadas, cheio de hist\u00f3rias e lendas como as das cidades que foram\u2026","rel":"","context":"Em &quot;Cultura-Geral&quot;","block_context":{"text":"Cultura-Geral","link":"https:\/\/www.jornalja.com.br\/arquivo\/category\/materiasecundaria\/"},"img":{"alt_text":"","src":"","width":0,"height":0},"classes":[]},{"id":13240,"url":"https:\/\/www.jornalja.com.br\/arquivo\/plano-diretor-estamos-construindo-o-caos\/","url_meta":{"origin":42184,"position":2},"title":"Plano diretor: &quot;Estamos construindo o caos&quot;","author":"Patr\u00edcia Marini","date":"26 de maio de 2014","format":false,"excerpt":"Desabafo que arquiteta Eliana Castilhos, delegada da Regi\u00e3o de Planejamento 1, postou nas redes sociais \u00e9 um testemunho do ambiente que se criou no Conselho do Plano Diretor de Porto Alegre, onde a aprova\u00e7\u00e3o de grandes empreendimentos \u00e9 empurrada guela abaixo dos conselheiros. Ao CMDUA Como delegada da Regi\u00e3o de\u2026","rel":"","context":"Em &quot;Geral&quot;","block_context":{"text":"Geral","link":"https:\/\/www.jornalja.com.br\/arquivo\/category\/geral\/"},"img":{"alt_text":"","src":"","width":0,"height":0},"classes":[]},{"id":13124,"url":"https:\/\/www.jornalja.com.br\/arquivo\/sangue-latino-no-iecine\/","url_meta":{"origin":42184,"position":3},"title":"Sangue latino no IECINE","author":"da Reda\u00e7\u00e3o","date":"18 de maio de 2014","format":false,"excerpt":"Francisco Ribeiro O Instituto Estadual de Cinema (IECINE) tem a frente, desde abril \u00faltimo, um novo diretor, o cineasta colombiano Juan Zapata, 36, que substitui Luiz Alberto Cassol. Radicado h\u00e1 dez anos em Porto Alegre, Zapata tem diante de si o desafio de conduzir at\u00e9 o final do ano um\u2026","rel":"","context":"Em &quot;Cultura-Geral&quot;","block_context":{"text":"Cultura-Geral","link":"https:\/\/www.jornalja.com.br\/arquivo\/category\/materiasecundaria\/"},"img":{"alt_text":"","src":"","width":0,"height":0},"classes":[]},{"id":13109,"url":"https:\/\/www.jornalja.com.br\/arquivo\/judiciario-reconhece-poluicao-eletromagnetica\/","url_meta":{"origin":42184,"position":4},"title":"Judici\u00e1rio reconhece polui\u00e7\u00e3o eletromagn\u00e9tica","author":"Patr\u00edcia Marini","date":"16 de maio de 2014","format":false,"excerpt":"A\u00e7\u00e3o de duas associa\u00e7\u00f5es de moradores foi acolhida pelo Tribunal de Justi\u00e7a de S\u00e3o Paulo que. em decis\u00e3o in\u00e9dita, determinou a redu\u00e7\u00e3o do campo eletromagn\u00e9tico gerado pelas linhas de transmiss\u00e3o de energia que cortam os bairros City Boa\u00e7ava e Alto de Pinheiros. \u00c9 a primeira vez que um tribunal do\u2026","rel":"","context":"Em &quot;X.Categorias velhas&quot;","block_context":{"text":"X.Categorias velhas","link":"https:\/\/www.jornalja.com.br\/arquivo\/category\/x-categorias-velhas\/"},"img":{"alt_text":"","src":"","width":0,"height":0},"classes":[]},{"id":12960,"url":"https:\/\/www.jornalja.com.br\/arquivo\/populacao-culpa-empresas-pela-greve-dos-rodoviarios\/","url_meta":{"origin":42184,"position":5},"title":"Popula\u00e7\u00e3o culpa empresas pela greve","author":"Patr\u00edcia Marini","date":"14 de fevereiro de 2014","format":false,"excerpt":"Pesquisa divulgada na edi\u00e7\u00e3o do jornal Metro desta sexta-feira,14, comprova o velho ditado: \u00e9 poss\u00edvel enganar muitos por algum tempo, mas n\u00e3o \u00e9 poss\u00edvel enganar a todos o tempo inteiro. A principal revela\u00e7\u00e3o foi que 59,8% dos entrevistados apontaram as empresas como as principais respons\u00e1veis pela grave e 46% culparam\u2026","rel":"","context":"Em &quot;X.Categorias velhas&quot;","block_context":{"text":"X.Categorias velhas","link":"https:\/\/www.jornalja.com.br\/arquivo\/category\/x-categorias-velhas\/"},"img":{"alt_text":"","src":"","width":0,"height":0},"classes":[]}],"jetpack_shortlink":"https:\/\/wp.me\/pbQjBd-aYo","jetpack_featured_media_url":"","_links":{"self":[{"href":"https:\/\/www.jornalja.com.br\/arquivo\/wp-json\/wp\/v2\/posts\/42184","targetHints":{"allow":["GET"]}}],"collection":[{"href":"https:\/\/www.jornalja.com.br\/arquivo\/wp-json\/wp\/v2\/posts"}],"about":[{"href":"https:\/\/www.jornalja.com.br\/arquivo\/wp-json\/wp\/v2\/types\/post"}],"author":[{"embeddable":true,"href":"https:\/\/www.jornalja.com.br\/arquivo\/wp-json\/wp\/v2\/users\/4"}],"replies":[{"embeddable":true,"href":"https:\/\/www.jornalja.com.br\/arquivo\/wp-json\/wp\/v2\/comments?post=42184"}],"version-history":[{"count":0,"href":"https:\/\/www.jornalja.com.br\/arquivo\/wp-json\/wp\/v2\/posts\/42184\/revisions"}],"wp:attachment":[{"href":"https:\/\/www.jornalja.com.br\/arquivo\/wp-json\/wp\/v2\/media?parent=42184"}],"wp:term":[{"taxonomy":"category","embeddable":true,"href":"https:\/\/www.jornalja.com.br\/arquivo\/wp-json\/wp\/v2\/categories?post=42184"},{"taxonomy":"post_tag","embeddable":true,"href":"https:\/\/www.jornalja.com.br\/arquivo\/wp-json\/wp\/v2\/tags?post=42184"}],"curies":[{"name":"wp","href":"https:\/\/api.w.org\/{rel}","templated":true}]}}