{"id":42212,"date":"2016-12-12T09:38:40","date_gmt":"2016-12-12T12:38:40","guid":{"rendered":"https:\/\/www.jornalja.com.br\/?p=42212"},"modified":"2016-12-12T09:38:40","modified_gmt":"2016-12-12T12:38:40","slug":"queda-de-michel-temer-e-o-assunto-da-semana-em-brasilia","status":"publish","type":"post","link":"https:\/\/www.jornalja.com.br\/arquivo\/queda-de-michel-temer-e-o-assunto-da-semana-em-brasilia\/","title":{"rendered":"Queda de Michel Temer \u00e9 o assunto da semana em Bras\u00edlia"},"content":{"rendered":"<p>Michel Temer enfrenta a pior semana desde que tomou posse, depois do impeachment de Dilma Rousseff.<br \/>\nA dela\u00e7\u00e3o de Cl\u00e1udio Melo Filho, diretor da Odebrecht, que ocupou o notici\u00e1rio no fim de semana, pode tornar insustent\u00e1vel a situa\u00e7\u00e3o do presidente, j\u00e1 desgastado pela dificuldade em aprovar seus projetos de ajuste no Congresso e pelo agravamento da crise econ\u00f4mica.<br \/>\nUma pesquisa do Datafolha, feita antes da divulga\u00e7\u00e3o da dela\u00e7\u00e3o de Melo Filho, j\u00e1 mostra a popularidade de Temer em queda livre. \u00a0Apenas 15% ainda acreditam em seu governo, enquanto os que o consideram ruim ou p\u00e9ssimo chega aos 51%.<br \/>\nNesse contexto, a repercuss\u00e3o das revela\u00e7\u00f5es do ex-diretor da Odebrecht podem ser o empurr\u00e3o que falta para desestabilizar o governo.<br \/>\nNa dela\u00e7\u00e3o de Cl\u00e1udio Melo Filho, ex-diretor de rela\u00e7\u00f5es institucionais da Odebrecht, s\u00e3o citados 51 pol\u00edticos de 11 partidos que recebiam propina. O nome de Michel Temer aparece mais de 40 vezes, inclusive numa reuni\u00e3o no Pal\u00e1cio Jaburu, quando ele pediu dinheiro a Marcelo Odebrecht (que teria liberado R$ 10 milh\u00f5es).<br \/>\nO delator detalha como cerca de 22 milh\u00f5es de reais foram dispendidos\u00a0 para aprovar 14 medidas provis\u00f3rias de interesse da empresa. E n\u00e3o deixa\u00a0d\u00favidas: o n\u00facleo \u00e9 formado por figuras not\u00f3rias do PMDB.<br \/>\nNo Senado, Renan Calheiros, Romero Juc\u00e1, Eun\u00edcio Oliveira.<br \/>\nNa C\u00e2mara, a lideran\u00e7a \u00e9 de Temer e seus operadores s\u00e3o Eliseu Padilha, Moreira Franco.\u201d\u00c9 um grupo organizado e liderado por Michel Temer\u201d.<br \/>\n&#8220;Quem fala com os agentes privados \u00e9 Padilha. Centraliza as arrecada\u00e7\u00f5es e deixa claro muitas vezes que fala em nome de Michel Temer&#8221;.<br \/>\nNo depoimento de 82 p\u00e1ginas, o diretor mostra como havia uma rela\u00e7\u00e3o simbi\u00f3tica entre esses grupos e a Odebrecht, formando o que se chamou de PMDBrecht.<br \/>\nA dela\u00e7\u00e3o ainda n\u00e3o foi homologada (pode portanto ser anulada) e a divulga\u00e7\u00e3o de seu conte\u00fado decorre de um vazamento ilegal. Mas o estrago na opini\u00e3o p\u00fablica est\u00e1 feito e com isso mesmo grupos que t\u00eam dado sustenta\u00e7\u00e3o ao governo Temer come\u00e7am a mudar de posi\u00e7\u00e3o.<br \/>\nO caso mais significativo \u00e9 a postura da Rede Globo, que j\u00e1 d\u00e1 sinais de ter abandonado o presidente interino.<br \/>\nIsso fica claro n\u00e3o s\u00f3 pelo grande destaque dado \u00e0s den\u00fancias do diretor da Odebrecht, que cita 41 vezes o nome de Temer, mas pelo tr\u00e2nsito que os ve\u00edculos da Globo come\u00e7am a dar \u00e0s noticias sobre novas elei\u00e7\u00f5es para a Presid\u00eancia.<br \/>\nO nome do ex-ministro Nelson Jobim voltou ao notici\u00e1rio como uma alternativa, no caso de uma elei\u00e7\u00e3o indireta para resolver a crise.<br \/>\nTamb\u00e9m a proposta de altera\u00e7\u00e3o da Constitui\u00e7\u00e3o para permitir elei\u00e7\u00e3o direta at\u00e9 seis meses antes do fim do mandato voltou a ser cogitada.<br \/>\nUm projeto de emenda constitucional de autoria do deputado Miro Teixeira que estava engavetado na Comiss\u00e3o de Constitui\u00e7\u00e3o e Justi\u00e7a desde junho pode ser retomado.<br \/>\nO projeto j\u00e1 tem parecer favor\u00e1vel do relator, Esperidi\u00e3o Amin, e n\u00e3o foi levado \u00e0 vota\u00e7\u00e3o na Comiss\u00e3o por press\u00e3o da Casa Civil, segundo o deputado catarinense.<br \/>\nPara barrar esse processo, o governo anunciou no in\u00edcio da manh\u00e3 desta segunda um pacote de medidas para aquecer a economia. Os pr\u00f3ximos dias ser\u00e3o decisivos.<\/p>\n","protected":false},"excerpt":{"rendered":"<p>Michel Temer enfrenta a pior semana desde que tomou posse, depois do impeachment de Dilma Rousseff. A dela\u00e7\u00e3o de Cl\u00e1udio Melo Filho, diretor da Odebrecht, que ocupou o notici\u00e1rio no fim de semana, pode tornar insustent\u00e1vel a situa\u00e7\u00e3o do presidente, j\u00e1 desgastado pela dificuldade em aprovar seus projetos de ajuste no Congresso e pelo agravamento [&hellip;]<\/p>\n","protected":false},"author":4,"featured_media":41774,"comment_status":"open","ping_status":"closed","sticky":false,"template":"","format":"standard","meta":{"_jetpack_newsletter_access":"","_jetpack_dont_email_post_to_subs":false,"_jetpack_newsletter_tier_id":0,"_jetpack_memberships_contains_paywalled_content":false,"_jetpack_feature_clip_id":0,"_jetpack_memberships_contains_paid_content":false,"footnotes":"","jetpack_post_was_ever_published":false},"categories":[26],"tags":[],"class_list":["post-42212","post","type-post","status-publish","format-standard","has-post-thumbnail","hentry","category-geral"],"aioseo_notices":[],"aioseo_head":"\n\t\t<!-- All in One SEO 5.0.1.1 - aioseo.com -->\n\t<meta name=\"robots\" content=\"max-image-preview:large\" \/>\n\t<meta name=\"author\" content=\"da Reda\u00e7\u00e3o\"\/>\n\t<link rel=\"canonical\" href=\"https:\/\/www.jornalja.com.br\/arquivo\/queda-de-michel-temer-e-o-assunto-da-semana-em-brasilia\/\" \/>\n\t<meta name=\"generator\" content=\"All in One SEO (AIOSEO) 5.0.1.1\" \/>\n\t\t<meta property=\"og:locale\" content=\"pt_BR\" \/>\n\t\t<meta property=\"og:site_name\" content=\"Arquivo | Jornal J\u00c1 | Porto Alegre\" \/>\n\t\t<meta property=\"og:type\" content=\"article\" \/>\n\t\t<meta property=\"og:title\" content=\"Queda de Michel Temer \u00e9 o assunto da semana em Bras\u00edlia | Arquivo\" \/>\n\t\t<meta property=\"og:url\" content=\"https:\/\/www.jornalja.com.br\/arquivo\/queda-de-michel-temer-e-o-assunto-da-semana-em-brasilia\/\" \/>\n\t\t<meta property=\"og:image\" content=\"https:\/\/www.jornalja.com.br\/economics\/wp-content\/uploads\/sites\/11\/2026\/08\/ja-folhaderosto-facebook.jpg\" \/>\n\t\t<meta property=\"og:image:secure_url\" content=\"https:\/\/www.jornalja.com.br\/economics\/wp-content\/uploads\/sites\/11\/2026\/08\/ja-folhaderosto-facebook.jpg\" \/>\n\t\t<meta property=\"article:published_time\" content=\"2016-12-12T12:38:40+00:00\" \/>\n\t\t<meta property=\"article:modified_time\" content=\"2016-12-12T12:38:40+00:00\" \/>\n\t\t<meta name=\"twitter:card\" content=\"summary\" \/>\n\t\t<meta name=\"twitter:title\" content=\"Queda de Michel Temer \u00e9 o assunto da semana em Bras\u00edlia | Arquivo\" \/>\n\t\t<meta name=\"twitter:image\" content=\"https:\/\/www.jornalja.com.br\/economics\/wp-content\/uploads\/sites\/11\/2026\/08\/ja-folhaderosto-facebook.jpg\" \/>\n\t\t<script type=\"application\/ld+json\" class=\"aioseo-schema\">\n\t\t\t{\"@context\":\"https:\\\/\\\/schema.org\",\"@graph\":[{\"@type\":\"BlogPosting\",\"@id\":\"https:\\\/\\\/www.jornalja.com.br\\\/arquivo\\\/queda-de-michel-temer-e-o-assunto-da-semana-em-brasilia\\\/#blogposting\",\"name\":\"Queda de Michel Temer \\u00e9 o assunto da semana em Bras\\u00edlia | Arquivo\",\"headline\":\"Queda de Michel Temer \\u00e9 o assunto da semana em Bras\\u00edlia\",\"author\":{\"@id\":\"https:\\\/\\\/www.jornalja.com.br\\\/arquivo\\\/author\\\/daredacao\\\/#author\"},\"publisher\":{\"@id\":\"https:\\\/\\\/www.jornalja.com.br\\\/arquivo\\\/#organization\"},\"image\":{\"@type\":\"ImageObject\",\"url\":41774},\"datePublished\":\"2016-12-12T09:38:40-02:00\",\"dateModified\":\"2016-12-12T09:38:40-02:00\",\"inLanguage\":\"pt-BR\",\"commentCount\":1,\"mainEntityOfPage\":{\"@id\":\"https:\\\/\\\/www.jornalja.com.br\\\/arquivo\\\/queda-de-michel-temer-e-o-assunto-da-semana-em-brasilia\\\/#webpage\"},\"isPartOf\":{\"@id\":\"https:\\\/\\\/www.jornalja.com.br\\\/arquivo\\\/queda-de-michel-temer-e-o-assunto-da-semana-em-brasilia\\\/#webpage\"},\"articleSection\":\"Geral\"},{\"@type\":\"BreadcrumbList\",\"@id\":\"https:\\\/\\\/www.jornalja.com.br\\\/arquivo\\\/queda-de-michel-temer-e-o-assunto-da-semana-em-brasilia\\\/#breadcrumblist\",\"itemListElement\":[{\"@type\":\"ListItem\",\"@id\":\"https:\\\/\\\/www.jornalja.com.br\\\/arquivo#listItem\",\"position\":1,\"name\":\"Home\",\"item\":\"https:\\\/\\\/www.jornalja.com.br\\\/arquivo\",\"nextItem\":{\"@type\":\"ListItem\",\"@id\":\"https:\\\/\\\/www.jornalja.com.br\\\/arquivo\\\/category\\\/geral\\\/#listItem\",\"name\":\"Geral\"}},{\"@type\":\"ListItem\",\"@id\":\"https:\\\/\\\/www.jornalja.com.br\\\/arquivo\\\/category\\\/geral\\\/#listItem\",\"position\":2,\"name\":\"Geral\",\"item\":\"https:\\\/\\\/www.jornalja.com.br\\\/arquivo\\\/category\\\/geral\\\/\",\"nextItem\":{\"@type\":\"ListItem\",\"@id\":\"https:\\\/\\\/www.jornalja.com.br\\\/arquivo\\\/queda-de-michel-temer-e-o-assunto-da-semana-em-brasilia\\\/#listItem\",\"name\":\"Queda de Michel Temer \\u00e9 o assunto da semana em Bras\\u00edlia\"},\"previousItem\":{\"@type\":\"ListItem\",\"@id\":\"https:\\\/\\\/www.jornalja.com.br\\\/arquivo#listItem\",\"name\":\"Home\"}},{\"@type\":\"ListItem\",\"@id\":\"https:\\\/\\\/www.jornalja.com.br\\\/arquivo\\\/queda-de-michel-temer-e-o-assunto-da-semana-em-brasilia\\\/#listItem\",\"position\":3,\"name\":\"Queda de Michel Temer \\u00e9 o assunto da semana em Bras\\u00edlia\",\"previousItem\":{\"@type\":\"ListItem\",\"@id\":\"https:\\\/\\\/www.jornalja.com.br\\\/arquivo\\\/category\\\/geral\\\/#listItem\",\"name\":\"Geral\"}}]},{\"@type\":\"Organization\",\"@id\":\"https:\\\/\\\/www.jornalja.com.br\\\/arquivo\\\/#organization\",\"name\":\"Jornal J\\u00c1\",\"description\":\"Jornal J\\u00c1 | Porto Alegre\",\"url\":\"https:\\\/\\\/www.jornalja.com.br\\\/arquivo\\\/\",\"telephone\":\"+555133307272\",\"logo\":{\"@type\":\"ImageObject\",\"url\":\"https:\\\/\\\/www.jornalja.com.br\\\/wp-content\\\/uploads\\\/cards\\\/JAslogan.png\",\"@id\":\"https:\\\/\\\/www.jornalja.com.br\\\/arquivo\\\/queda-de-michel-temer-e-o-assunto-da-semana-em-brasilia\\\/#organizationLogo\"},\"image\":{\"@id\":\"https:\\\/\\\/www.jornalja.com.br\\\/arquivo\\\/queda-de-michel-temer-e-o-assunto-da-semana-em-brasilia\\\/#organizationLogo\"}},{\"@type\":\"Person\",\"@id\":\"https:\\\/\\\/www.jornalja.com.br\\\/arquivo\\\/author\\\/daredacao\\\/#author\",\"url\":\"https:\\\/\\\/www.jornalja.com.br\\\/arquivo\\\/author\\\/daredacao\\\/\",\"name\":\"da Reda\\u00e7\\u00e3o\",\"image\":{\"@type\":\"ImageObject\",\"@id\":\"https:\\\/\\\/www.jornalja.com.br\\\/arquivo\\\/queda-de-michel-temer-e-o-assunto-da-semana-em-brasilia\\\/#authorImage\",\"url\":\"https:\\\/\\\/secure.gravatar.com\\\/avatar\\\/469fd857d6605ad19919d27ed29d35a968a25f6e8fd9318356bbb7f57aae9c65?s=96&d=mm&r=g\",\"width\":96,\"height\":96,\"caption\":\"da Reda\\u00e7\\u00e3o\"}},{\"@type\":\"WebPage\",\"@id\":\"https:\\\/\\\/www.jornalja.com.br\\\/arquivo\\\/queda-de-michel-temer-e-o-assunto-da-semana-em-brasilia\\\/#webpage\",\"url\":\"https:\\\/\\\/www.jornalja.com.br\\\/arquivo\\\/queda-de-michel-temer-e-o-assunto-da-semana-em-brasilia\\\/\",\"name\":\"Queda de Michel Temer \\u00e9 o assunto da semana em Bras\\u00edlia | Arquivo\",\"inLanguage\":\"pt-BR\",\"isPartOf\":{\"@id\":\"https:\\\/\\\/www.jornalja.com.br\\\/arquivo\\\/#website\"},\"breadcrumb\":{\"@id\":\"https:\\\/\\\/www.jornalja.com.br\\\/arquivo\\\/queda-de-michel-temer-e-o-assunto-da-semana-em-brasilia\\\/#breadcrumblist\"},\"author\":{\"@id\":\"https:\\\/\\\/www.jornalja.com.br\\\/arquivo\\\/author\\\/daredacao\\\/#author\"},\"creator\":{\"@id\":\"https:\\\/\\\/www.jornalja.com.br\\\/arquivo\\\/author\\\/daredacao\\\/#author\"},\"image\":{\"@type\":\"ImageObject\",\"url\":41774,\"@id\":\"https:\\\/\\\/www.jornalja.com.br\\\/arquivo\\\/queda-de-michel-temer-e-o-assunto-da-semana-em-brasilia\\\/#mainImage\"},\"primaryImageOfPage\":{\"@id\":\"https:\\\/\\\/www.jornalja.com.br\\\/arquivo\\\/queda-de-michel-temer-e-o-assunto-da-semana-em-brasilia\\\/#mainImage\"},\"datePublished\":\"2016-12-12T09:38:40-02:00\",\"dateModified\":\"2016-12-12T09:38:40-02:00\"},{\"@type\":\"WebSite\",\"@id\":\"https:\\\/\\\/www.jornalja.com.br\\\/arquivo\\\/#website\",\"url\":\"https:\\\/\\\/www.jornalja.com.br\\\/arquivo\\\/\",\"name\":\"Arquivo\",\"description\":\"Jornal J\\u00c1 | Porto Alegre\",\"inLanguage\":\"pt-BR\",\"publisher\":{\"@id\":\"https:\\\/\\\/www.jornalja.com.br\\\/arquivo\\\/#organization\"}}]}\n\t\t<\/script>\n\t\t<!-- All in One SEO -->\n\n","aioseo_head_json":{"title":"Queda de Michel Temer \u00e9 o assunto da semana em Bras\u00edlia | Arquivo","description":"","canonical_url":"https:\/\/www.jornalja.com.br\/arquivo\/queda-de-michel-temer-e-o-assunto-da-semana-em-brasilia\/","robots":"max-image-preview:large","keywords":"","webmasterTools":{"miscellaneous":""},"schema":{"@context":"https:\/\/schema.org","@graph":[{"@type":"BlogPosting","@id":"https:\/\/www.jornalja.com.br\/arquivo\/queda-de-michel-temer-e-o-assunto-da-semana-em-brasilia\/#blogposting","name":"Queda de Michel Temer \u00e9 o assunto da semana em Bras\u00edlia | Arquivo","headline":"Queda de Michel Temer \u00e9 o assunto da semana em Bras\u00edlia","author":{"@id":"https:\/\/www.jornalja.com.br\/arquivo\/author\/daredacao\/#author"},"publisher":{"@id":"https:\/\/www.jornalja.com.br\/arquivo\/#organization"},"image":{"@type":"ImageObject","url":41774},"datePublished":"2016-12-12T09:38:40-02:00","dateModified":"2016-12-12T09:38:40-02:00","inLanguage":"pt-BR","commentCount":1,"mainEntityOfPage":{"@id":"https:\/\/www.jornalja.com.br\/arquivo\/queda-de-michel-temer-e-o-assunto-da-semana-em-brasilia\/#webpage"},"isPartOf":{"@id":"https:\/\/www.jornalja.com.br\/arquivo\/queda-de-michel-temer-e-o-assunto-da-semana-em-brasilia\/#webpage"},"articleSection":"Geral"},{"@type":"BreadcrumbList","@id":"https:\/\/www.jornalja.com.br\/arquivo\/queda-de-michel-temer-e-o-assunto-da-semana-em-brasilia\/#breadcrumblist","itemListElement":[{"@type":"ListItem","@id":"https:\/\/www.jornalja.com.br\/arquivo#listItem","position":1,"name":"Home","item":"https:\/\/www.jornalja.com.br\/arquivo","nextItem":{"@type":"ListItem","@id":"https:\/\/www.jornalja.com.br\/arquivo\/category\/geral\/#listItem","name":"Geral"}},{"@type":"ListItem","@id":"https:\/\/www.jornalja.com.br\/arquivo\/category\/geral\/#listItem","position":2,"name":"Geral","item":"https:\/\/www.jornalja.com.br\/arquivo\/category\/geral\/","nextItem":{"@type":"ListItem","@id":"https:\/\/www.jornalja.com.br\/arquivo\/queda-de-michel-temer-e-o-assunto-da-semana-em-brasilia\/#listItem","name":"Queda de Michel Temer \u00e9 o assunto da semana em Bras\u00edlia"},"previousItem":{"@type":"ListItem","@id":"https:\/\/www.jornalja.com.br\/arquivo#listItem","name":"Home"}},{"@type":"ListItem","@id":"https:\/\/www.jornalja.com.br\/arquivo\/queda-de-michel-temer-e-o-assunto-da-semana-em-brasilia\/#listItem","position":3,"name":"Queda de Michel Temer \u00e9 o assunto da semana em Bras\u00edlia","previousItem":{"@type":"ListItem","@id":"https:\/\/www.jornalja.com.br\/arquivo\/category\/geral\/#listItem","name":"Geral"}}]},{"@type":"Organization","@id":"https:\/\/www.jornalja.com.br\/arquivo\/#organization","name":"Jornal J\u00c1","description":"Jornal J\u00c1 | Porto Alegre","url":"https:\/\/www.jornalja.com.br\/arquivo\/","telephone":"+555133307272","logo":{"@type":"ImageObject","url":"https:\/\/www.jornalja.com.br\/wp-content\/uploads\/cards\/JAslogan.png","@id":"https:\/\/www.jornalja.com.br\/arquivo\/queda-de-michel-temer-e-o-assunto-da-semana-em-brasilia\/#organizationLogo"},"image":{"@id":"https:\/\/www.jornalja.com.br\/arquivo\/queda-de-michel-temer-e-o-assunto-da-semana-em-brasilia\/#organizationLogo"}},{"@type":"Person","@id":"https:\/\/www.jornalja.com.br\/arquivo\/author\/daredacao\/#author","url":"https:\/\/www.jornalja.com.br\/arquivo\/author\/daredacao\/","name":"da Reda\u00e7\u00e3o","image":{"@type":"ImageObject","@id":"https:\/\/www.jornalja.com.br\/arquivo\/queda-de-michel-temer-e-o-assunto-da-semana-em-brasilia\/#authorImage","url":"https:\/\/secure.gravatar.com\/avatar\/469fd857d6605ad19919d27ed29d35a968a25f6e8fd9318356bbb7f57aae9c65?s=96&d=mm&r=g","width":96,"height":96,"caption":"da Reda\u00e7\u00e3o"}},{"@type":"WebPage","@id":"https:\/\/www.jornalja.com.br\/arquivo\/queda-de-michel-temer-e-o-assunto-da-semana-em-brasilia\/#webpage","url":"https:\/\/www.jornalja.com.br\/arquivo\/queda-de-michel-temer-e-o-assunto-da-semana-em-brasilia\/","name":"Queda de Michel Temer \u00e9 o assunto da semana em Bras\u00edlia | Arquivo","inLanguage":"pt-BR","isPartOf":{"@id":"https:\/\/www.jornalja.com.br\/arquivo\/#website"},"breadcrumb":{"@id":"https:\/\/www.jornalja.com.br\/arquivo\/queda-de-michel-temer-e-o-assunto-da-semana-em-brasilia\/#breadcrumblist"},"author":{"@id":"https:\/\/www.jornalja.com.br\/arquivo\/author\/daredacao\/#author"},"creator":{"@id":"https:\/\/www.jornalja.com.br\/arquivo\/author\/daredacao\/#author"},"image":{"@type":"ImageObject","url":41774,"@id":"https:\/\/www.jornalja.com.br\/arquivo\/queda-de-michel-temer-e-o-assunto-da-semana-em-brasilia\/#mainImage"},"primaryImageOfPage":{"@id":"https:\/\/www.jornalja.com.br\/arquivo\/queda-de-michel-temer-e-o-assunto-da-semana-em-brasilia\/#mainImage"},"datePublished":"2016-12-12T09:38:40-02:00","dateModified":"2016-12-12T09:38:40-02:00"},{"@type":"WebSite","@id":"https:\/\/www.jornalja.com.br\/arquivo\/#website","url":"https:\/\/www.jornalja.com.br\/arquivo\/","name":"Arquivo","description":"Jornal J\u00c1 | Porto Alegre","inLanguage":"pt-BR","publisher":{"@id":"https:\/\/www.jornalja.com.br\/arquivo\/#organization"}}]},"og:locale":"pt_BR","og:site_name":"Arquivo | Jornal J\u00c1 | Porto Alegre","og:type":"article","og:title":"Queda de Michel Temer \u00e9 o assunto da semana em Bras\u00edlia | Arquivo","og:url":"https:\/\/www.jornalja.com.br\/arquivo\/queda-de-michel-temer-e-o-assunto-da-semana-em-brasilia\/","og:image":"https:\/\/www.jornalja.com.br\/economics\/wp-content\/uploads\/sites\/11\/2026\/08\/ja-folhaderosto-facebook.jpg","og:image:secure_url":"https:\/\/www.jornalja.com.br\/economics\/wp-content\/uploads\/sites\/11\/2026\/08\/ja-folhaderosto-facebook.jpg","article:published_time":"2016-12-12T12:38:40+00:00","article:modified_time":"2016-12-12T12:38:40+00:00","twitter:card":"summary","twitter:title":"Queda de Michel Temer \u00e9 o assunto da semana em Bras\u00edlia | Arquivo","twitter:image":"https:\/\/www.jornalja.com.br\/economics\/wp-content\/uploads\/sites\/11\/2026\/08\/ja-folhaderosto-facebook.jpg"},"aioseo_meta_data":{"post_id":"42212","title":null,"description":null,"keywords":null,"keyphrases":null,"primary_term":null,"canonical_url":null,"og_title":null,"og_description":null,"og_object_type":"default","og_image_type":"default","og_image_url":null,"og_image_width":null,"og_image_height":null,"og_image_custom_url":null,"og_image_custom_fields":null,"og_video":null,"og_custom_url":null,"og_article_section":null,"og_article_tags":null,"twitter_use_og":false,"twitter_card":"default","twitter_image_type":"default","twitter_image_url":null,"twitter_image_custom_url":null,"twitter_image_custom_fields":null,"twitter_title":null,"twitter_description":null,"schema":{"blockGraphs":[],"customGraphs":[],"default":{"data":{"Article":[],"Course":[],"Dataset":[],"FAQPage":[],"Movie":[],"Person":[],"Product":[],"ProductReview":[],"Car":[],"Recipe":[],"Service":[],"SoftwareApplication":[],"WebPage":[]},"graphName":"","isEnabled":true},"graphs":[],"defaultGraph":"","defaultPostTypeGraph":""},"schema_type":null,"schema_type_options":null,"pillar_content":false,"robots_default":true,"robots_noindex":false,"robots_noarchive":false,"robots_nosnippet":false,"robots_nofollow":false,"robots_noimageindex":false,"robots_noodp":false,"robots_notranslate":false,"robots_max_snippet":null,"robots_max_videopreview":null,"robots_max_imagepreview":"large","priority":null,"frequency":null,"location":null,"local_seo":null,"breadcrumb_settings":null,"limit_modified_date":false,"ai":null,"created":"2020-12-20 20:44:21","updated":"2025-07-19 18:36:22","seo_analyzer_scan_date":null,"focus_keyword":null,"additional_keywords":null,"truseo_locale":null},"jetpack_sharing_enabled":true,"jetpack-related-posts":[{"id":5440,"url":"https:\/\/www.jornalja.com.br\/arquivo\/casarao-da-venancio-destino-permanece-incerto\/","url_meta":{"origin":42212,"position":0},"title":"Estado ainda n\u00e3o sabe o que fazer com casar\u00e3o abandonado h\u00e1 20 anos","author":"Elmar Bones","date":"6 de julho de 2009","format":false,"excerpt":"O casar\u00e3o amarelo, numa esquina nobre de Porto Alegre (Ven\u00e2ncio Aires com Jo\u00e3o Pessoa), j\u00e1 abrigou uma escola. H\u00e1 duas d\u00e9cadas, pelo menos, est\u00e1 abandonado, porque seu propriet\u00e1rio, o governo do Estado do Rio Grande do Sul, n\u00e3o consegue achar um destino para ele. Planos n\u00e3o faltaram. O governador Ol\u00edvio\u2026","rel":"","context":"Em &quot;X.Categorias velhas&quot;","block_context":{"text":"X.Categorias velhas","link":"https:\/\/www.jornalja.com.br\/arquivo\/category\/x-categorias-velhas\/"},"img":{"alt_text":"geraldo1","src":"https:\/\/i0.wp.com\/www.jornalja.com.br\/wp-content\/uploads\/2009\/07\/geraldo1.jpg?resize=350%2C200&ssl=1","width":350,"height":200},"classes":[]},{"id":14241,"url":"https:\/\/www.jornalja.com.br\/arquivo\/o-guaiba-nas-imagens-poeticas-de-achutti\/","url_meta":{"origin":42212,"position":1},"title":"O Gua\u00edba nas imagens po\u00e9ticas de Achutti","author":"da Reda\u00e7\u00e3o","date":"18 de junho de 2014","format":false,"excerpt":"Em \u201cO Gua\u00edba por Achutti\u201d \u2013 obra financiada via Minist\u00e9rio da Cultura, produ\u00e7\u00e3o executiva de Pedro Longhi, e Fl\u00e1vio Wild como designer \u2013, o fot\u00f3grafo revela a beleza e as mazelas de um espa\u00e7o aqu\u00e1tico de \u00e1guas sempre renovadas, cheio de hist\u00f3rias e lendas como as das cidades que foram\u2026","rel":"","context":"Em &quot;Cultura-Geral&quot;","block_context":{"text":"Cultura-Geral","link":"https:\/\/www.jornalja.com.br\/arquivo\/category\/materiasecundaria\/"},"img":{"alt_text":"","src":"","width":0,"height":0},"classes":[]},{"id":13124,"url":"https:\/\/www.jornalja.com.br\/arquivo\/sangue-latino-no-iecine\/","url_meta":{"origin":42212,"position":2},"title":"Sangue latino no IECINE","author":"da Reda\u00e7\u00e3o","date":"18 de maio de 2014","format":false,"excerpt":"Francisco Ribeiro O Instituto Estadual de Cinema (IECINE) tem a frente, desde abril \u00faltimo, um novo diretor, o cineasta colombiano Juan Zapata, 36, que substitui Luiz Alberto Cassol. Radicado h\u00e1 dez anos em Porto Alegre, Zapata tem diante de si o desafio de conduzir at\u00e9 o final do ano um\u2026","rel":"","context":"Em &quot;Cultura-Geral&quot;","block_context":{"text":"Cultura-Geral","link":"https:\/\/www.jornalja.com.br\/arquivo\/category\/materiasecundaria\/"},"img":{"alt_text":"","src":"","width":0,"height":0},"classes":[]},{"id":13240,"url":"https:\/\/www.jornalja.com.br\/arquivo\/plano-diretor-estamos-construindo-o-caos\/","url_meta":{"origin":42212,"position":3},"title":"Plano diretor: &quot;Estamos construindo o caos&quot;","author":"Patr\u00edcia Marini","date":"26 de maio de 2014","format":false,"excerpt":"Desabafo que arquiteta Eliana Castilhos, delegada da Regi\u00e3o de Planejamento 1, postou nas redes sociais \u00e9 um testemunho do ambiente que se criou no Conselho do Plano Diretor de Porto Alegre, onde a aprova\u00e7\u00e3o de grandes empreendimentos \u00e9 empurrada guela abaixo dos conselheiros. Ao CMDUA Como delegada da Regi\u00e3o de\u2026","rel":"","context":"Em &quot;Geral&quot;","block_context":{"text":"Geral","link":"https:\/\/www.jornalja.com.br\/arquivo\/category\/geral\/"},"img":{"alt_text":"","src":"","width":0,"height":0},"classes":[]},{"id":13239,"url":"https:\/\/www.jornalja.com.br\/arquivo\/conselho-desdenha-do-plano-diretor\/","url_meta":{"origin":42212,"position":4},"title":"Porto Alegre: Conselho detona Plano Diretor","author":"Patr\u00edcia Marini","date":"25 de maio de 2014","format":false,"excerpt":"Den\u00fancia do arquiteto e \u00a0urbanista Ibir\u00e1 Santos Lucas. Ele diz que os conselheiros est\u00e3o votando com \"enorme irresponsabilidade\". \"Mudam regime com a maior naturalidade,,,regularizam absurdos de constru\u00e7\u00f5es irregulares... \"O CMDUA est\u00e1 flexibilizando a lei do plano diretor, de uma forma impactante na vida da cidade. Mudam regime com a maior\u2026","rel":"","context":"Em &quot;Geral&quot;","block_context":{"text":"Geral","link":"https:\/\/www.jornalja.com.br\/arquivo\/category\/geral\/"},"img":{"alt_text":"","src":"","width":0,"height":0},"classes":[]},{"id":13109,"url":"https:\/\/www.jornalja.com.br\/arquivo\/judiciario-reconhece-poluicao-eletromagnetica\/","url_meta":{"origin":42212,"position":5},"title":"Judici\u00e1rio reconhece polui\u00e7\u00e3o eletromagn\u00e9tica","author":"Patr\u00edcia Marini","date":"16 de maio de 2014","format":false,"excerpt":"A\u00e7\u00e3o de duas associa\u00e7\u00f5es de moradores foi acolhida pelo Tribunal de Justi\u00e7a de S\u00e3o Paulo que. em decis\u00e3o in\u00e9dita, determinou a redu\u00e7\u00e3o do campo eletromagn\u00e9tico gerado pelas linhas de transmiss\u00e3o de energia que cortam os bairros City Boa\u00e7ava e Alto de Pinheiros. \u00c9 a primeira vez que um tribunal do\u2026","rel":"","context":"Em &quot;X.Categorias velhas&quot;","block_context":{"text":"X.Categorias velhas","link":"https:\/\/www.jornalja.com.br\/arquivo\/category\/x-categorias-velhas\/"},"img":{"alt_text":"","src":"","width":0,"height":0},"classes":[]}],"jetpack_shortlink":"https:\/\/wp.me\/pbQjBd-aYQ","jetpack_featured_media_url":"","_links":{"self":[{"href":"https:\/\/www.jornalja.com.br\/arquivo\/wp-json\/wp\/v2\/posts\/42212","targetHints":{"allow":["GET"]}}],"collection":[{"href":"https:\/\/www.jornalja.com.br\/arquivo\/wp-json\/wp\/v2\/posts"}],"about":[{"href":"https:\/\/www.jornalja.com.br\/arquivo\/wp-json\/wp\/v2\/types\/post"}],"author":[{"embeddable":true,"href":"https:\/\/www.jornalja.com.br\/arquivo\/wp-json\/wp\/v2\/users\/4"}],"replies":[{"embeddable":true,"href":"https:\/\/www.jornalja.com.br\/arquivo\/wp-json\/wp\/v2\/comments?post=42212"}],"version-history":[{"count":0,"href":"https:\/\/www.jornalja.com.br\/arquivo\/wp-json\/wp\/v2\/posts\/42212\/revisions"}],"wp:attachment":[{"href":"https:\/\/www.jornalja.com.br\/arquivo\/wp-json\/wp\/v2\/media?parent=42212"}],"wp:term":[{"taxonomy":"category","embeddable":true,"href":"https:\/\/www.jornalja.com.br\/arquivo\/wp-json\/wp\/v2\/categories?post=42212"},{"taxonomy":"post_tag","embeddable":true,"href":"https:\/\/www.jornalja.com.br\/arquivo\/wp-json\/wp\/v2\/tags?post=42212"}],"curies":[{"name":"wp","href":"https:\/\/api.w.org\/{rel}","templated":true}]}}