{"id":42219,"date":"2016-12-12T16:14:27","date_gmt":"2016-12-12T19:14:27","guid":{"rendered":"https:\/\/www.jornalja.com.br\/?p=42219"},"modified":"2016-12-12T16:14:27","modified_gmt":"2016-12-12T19:14:27","slug":"abraco-a-fundacao-piratini-mobiliza-comunidade-cultural","status":"publish","type":"post","link":"https:\/\/www.jornalja.com.br\/arquivo\/abraco-a-fundacao-piratini-mobiliza-comunidade-cultural\/","title":{"rendered":"Abra\u00e7o \u00e0 Funda\u00e7\u00e3o Piratini mobiliza comunidade cultural"},"content":{"rendered":"<p>O abra\u00e7o \u00e0 sede da TVE e da FM Cultura reuniu servidores de todas as funda\u00e7\u00f5es amea\u00e7adas de extin\u00e7\u00e3o e demonstrou a unidade na mobiliza\u00e7\u00e3o contra o pacote de cortes que tramita na Assembleia Legislativa.<br \/>\nO evento reuniu cerca de 200 pessoas no alto do Morro Santa Tereza, entre servidores das funda\u00e7\u00f5es, artistas, produtores culturais, jornalistas e radialistas.<br \/>\nO Governo do Estado alega que a economia com a extin\u00e7\u00e3o das emissoras de r\u00e1dio e televis\u00e3o p\u00fablicas seria de R$ 28 milh\u00f5es ao ano.<br \/>\nOs apoiadores da Funda\u00e7\u00e3o Piratini defendem que as emissoras p\u00fablicas cumprem um importante papel na divulga\u00e7\u00e3o da cultura produzida no estado, dando espa\u00e7o para artistas locais de diversos estilos. A diversidade da programa\u00e7\u00e3o \u00e9 outro argumento.<br \/>\nO Programa Na\u00e7\u00e3o, por exemplo, um dos principais da programa\u00e7\u00e3o da TVE, transmitido em rede nacional, \u00e9 refer\u00eancia por abordar a cultura negra.<br \/>\nNa continuidade da programa\u00e7\u00e3o, o movimento realiza <a href=\"http:\/\/www.facebook.com\/events\/230911187334042\/\" target=\"_blank\" rel=\"noopener noreferrer\">um abra\u00e7o ao Cientec<\/a>, na manh\u00e3 desta quarta-feira. O evento est\u00e1 marcado para as 9h, na sede do Cientec, na Washington Luiz, 675.<br \/>\n<img loading=\"lazy\" decoding=\"async\" class=\"alignnone wp-image-42225 size-full\" src=\"https:\/\/www.jornalja.com.br\/wp-content\/uploads\/2016\/12\/Abra\u00e7o-TVE-funda\u00e7\u00f5es.-Matheus-Chaparini.jpg\" alt=\"abraco-tve-fundacoes-matheus-chaparini\" width=\"725\" height=\"408\" \/> <img loading=\"lazy\" decoding=\"async\" class=\"alignnone wp-image-42220 size-full\" src=\"https:\/\/www.jornalja.com.br\/wp-content\/uploads\/2016\/12\/Abra\u00e7o-TVE-funda\u00e7\u00f5es.-Matheus-Chaparini-2.jpg\" alt=\"abraco-tve-fundacoes-matheus-chaparini-2\" width=\"725\" height=\"408\" \/> <img loading=\"lazy\" decoding=\"async\" class=\"alignnone wp-image-42224 size-full\" src=\"https:\/\/www.jornalja.com.br\/wp-content\/uploads\/2016\/12\/Abra\u00e7o-TVE-funda\u00e7\u00f5es.-Matheus-Chaparini-6.jpg\" alt=\"abraco-tve-fundacoes-matheus-chaparini-6\" width=\"725\" height=\"408\" \/> <img loading=\"lazy\" decoding=\"async\" class=\"alignnone wp-image-42221 size-full\" src=\"https:\/\/www.jornalja.com.br\/wp-content\/uploads\/2016\/12\/Abra\u00e7o-TVE-funda\u00e7\u00f5es.-Matheus-Chaparini-3.jpg\" alt=\"abraco-tve-fundacoes-matheus-chaparini-3\" width=\"725\" height=\"408\" \/><\/p>\n","protected":false},"excerpt":{"rendered":"<p>O abra\u00e7o \u00e0 sede da TVE e da FM Cultura reuniu servidores de todas as funda\u00e7\u00f5es amea\u00e7adas de extin\u00e7\u00e3o e demonstrou a unidade na mobiliza\u00e7\u00e3o contra o pacote de cortes que tramita na Assembleia Legislativa. O evento reuniu cerca de 200 pessoas no alto do Morro Santa Tereza, entre servidores das funda\u00e7\u00f5es, artistas, produtores culturais, [&hellip;]<\/p>\n","protected":false},"author":4,"featured_media":42222,"comment_status":"open","ping_status":"closed","sticky":false,"template":"","format":"standard","meta":{"_jetpack_newsletter_access":"","_jetpack_dont_email_post_to_subs":false,"_jetpack_newsletter_tier_id":0,"_jetpack_memberships_contains_paywalled_content":false,"_jetpack_feature_clip_id":0,"_jetpack_memberships_contains_paid_content":false,"footnotes":"","jetpack_post_was_ever_published":false},"categories":[26],"tags":[],"class_list":["post-42219","post","type-post","status-publish","format-standard","has-post-thumbnail","hentry","category-geral"],"aioseo_notices":[],"aioseo_head":"\n\t\t<!-- All in One SEO 5.0.1.1 - aioseo.com -->\n\t<meta name=\"robots\" content=\"max-image-preview:large\" \/>\n\t<meta name=\"author\" content=\"da Reda\u00e7\u00e3o\"\/>\n\t<link rel=\"canonical\" href=\"https:\/\/www.jornalja.com.br\/arquivo\/abraco-a-fundacao-piratini-mobiliza-comunidade-cultural\/\" \/>\n\t<meta name=\"generator\" content=\"All in One SEO (AIOSEO) 5.0.1.1\" \/>\n\t\t<meta property=\"og:locale\" content=\"pt_BR\" \/>\n\t\t<meta property=\"og:site_name\" content=\"Arquivo | Jornal J\u00c1 | Porto Alegre\" \/>\n\t\t<meta property=\"og:type\" content=\"article\" \/>\n\t\t<meta property=\"og:title\" content=\"Abra\u00e7o \u00e0 Funda\u00e7\u00e3o Piratini mobiliza comunidade cultural | Arquivo\" \/>\n\t\t<meta property=\"og:url\" content=\"https:\/\/www.jornalja.com.br\/arquivo\/abraco-a-fundacao-piratini-mobiliza-comunidade-cultural\/\" \/>\n\t\t<meta property=\"og:image\" content=\"https:\/\/www.jornalja.com.br\/wp-content\/uploads\/2016\/12\/Abra\u00e7o-TVE-funda\u00e7\u00f5es.-Matheus-Chaparini.jpg\" \/>\n\t\t<meta property=\"og:image:secure_url\" content=\"https:\/\/www.jornalja.com.br\/wp-content\/uploads\/2016\/12\/Abra\u00e7o-TVE-funda\u00e7\u00f5es.-Matheus-Chaparini.jpg\" \/>\n\t\t<meta property=\"article:published_time\" content=\"2016-12-12T19:14:27+00:00\" \/>\n\t\t<meta property=\"article:modified_time\" content=\"2016-12-12T19:14:27+00:00\" \/>\n\t\t<meta name=\"twitter:card\" content=\"summary\" \/>\n\t\t<meta name=\"twitter:title\" content=\"Abra\u00e7o \u00e0 Funda\u00e7\u00e3o Piratini mobiliza comunidade cultural | Arquivo\" \/>\n\t\t<meta name=\"twitter:image\" content=\"https:\/\/www.jornalja.com.br\/economics\/wp-content\/uploads\/sites\/11\/2026\/08\/ja-folhaderosto-facebook.jpg\" \/>\n\t\t<script type=\"application\/ld+json\" class=\"aioseo-schema\">\n\t\t\t{\"@context\":\"https:\\\/\\\/schema.org\",\"@graph\":[{\"@type\":\"BlogPosting\",\"@id\":\"https:\\\/\\\/www.jornalja.com.br\\\/arquivo\\\/abraco-a-fundacao-piratini-mobiliza-comunidade-cultural\\\/#blogposting\",\"name\":\"Abra\\u00e7o \\u00e0 Funda\\u00e7\\u00e3o Piratini mobiliza comunidade cultural | Arquivo\",\"headline\":\"Abra\\u00e7o \\u00e0 Funda\\u00e7\\u00e3o Piratini mobiliza comunidade cultural\",\"author\":{\"@id\":\"https:\\\/\\\/www.jornalja.com.br\\\/arquivo\\\/author\\\/daredacao\\\/#author\"},\"publisher\":{\"@id\":\"https:\\\/\\\/www.jornalja.com.br\\\/arquivo\\\/#organization\"},\"image\":{\"@type\":\"ImageObject\",\"url\":42222},\"datePublished\":\"2016-12-12T16:14:27-02:00\",\"dateModified\":\"2016-12-12T16:14:27-02:00\",\"inLanguage\":\"pt-BR\",\"mainEntityOfPage\":{\"@id\":\"https:\\\/\\\/www.jornalja.com.br\\\/arquivo\\\/abraco-a-fundacao-piratini-mobiliza-comunidade-cultural\\\/#webpage\"},\"isPartOf\":{\"@id\":\"https:\\\/\\\/www.jornalja.com.br\\\/arquivo\\\/abraco-a-fundacao-piratini-mobiliza-comunidade-cultural\\\/#webpage\"},\"articleSection\":\"Geral\"},{\"@type\":\"BreadcrumbList\",\"@id\":\"https:\\\/\\\/www.jornalja.com.br\\\/arquivo\\\/abraco-a-fundacao-piratini-mobiliza-comunidade-cultural\\\/#breadcrumblist\",\"itemListElement\":[{\"@type\":\"ListItem\",\"@id\":\"https:\\\/\\\/www.jornalja.com.br\\\/arquivo#listItem\",\"position\":1,\"name\":\"Home\",\"item\":\"https:\\\/\\\/www.jornalja.com.br\\\/arquivo\",\"nextItem\":{\"@type\":\"ListItem\",\"@id\":\"https:\\\/\\\/www.jornalja.com.br\\\/arquivo\\\/category\\\/geral\\\/#listItem\",\"name\":\"Geral\"}},{\"@type\":\"ListItem\",\"@id\":\"https:\\\/\\\/www.jornalja.com.br\\\/arquivo\\\/category\\\/geral\\\/#listItem\",\"position\":2,\"name\":\"Geral\",\"item\":\"https:\\\/\\\/www.jornalja.com.br\\\/arquivo\\\/category\\\/geral\\\/\",\"nextItem\":{\"@type\":\"ListItem\",\"@id\":\"https:\\\/\\\/www.jornalja.com.br\\\/arquivo\\\/abraco-a-fundacao-piratini-mobiliza-comunidade-cultural\\\/#listItem\",\"name\":\"Abra\\u00e7o \\u00e0 Funda\\u00e7\\u00e3o Piratini mobiliza comunidade cultural\"},\"previousItem\":{\"@type\":\"ListItem\",\"@id\":\"https:\\\/\\\/www.jornalja.com.br\\\/arquivo#listItem\",\"name\":\"Home\"}},{\"@type\":\"ListItem\",\"@id\":\"https:\\\/\\\/www.jornalja.com.br\\\/arquivo\\\/abraco-a-fundacao-piratini-mobiliza-comunidade-cultural\\\/#listItem\",\"position\":3,\"name\":\"Abra\\u00e7o \\u00e0 Funda\\u00e7\\u00e3o Piratini mobiliza comunidade cultural\",\"previousItem\":{\"@type\":\"ListItem\",\"@id\":\"https:\\\/\\\/www.jornalja.com.br\\\/arquivo\\\/category\\\/geral\\\/#listItem\",\"name\":\"Geral\"}}]},{\"@type\":\"Organization\",\"@id\":\"https:\\\/\\\/www.jornalja.com.br\\\/arquivo\\\/#organization\",\"name\":\"Jornal J\\u00c1\",\"description\":\"Jornal J\\u00c1 | Porto Alegre\",\"url\":\"https:\\\/\\\/www.jornalja.com.br\\\/arquivo\\\/\",\"telephone\":\"+555133307272\",\"logo\":{\"@type\":\"ImageObject\",\"url\":\"https:\\\/\\\/www.jornalja.com.br\\\/wp-content\\\/uploads\\\/cards\\\/JAslogan.png\",\"@id\":\"https:\\\/\\\/www.jornalja.com.br\\\/arquivo\\\/abraco-a-fundacao-piratini-mobiliza-comunidade-cultural\\\/#organizationLogo\"},\"image\":{\"@id\":\"https:\\\/\\\/www.jornalja.com.br\\\/arquivo\\\/abraco-a-fundacao-piratini-mobiliza-comunidade-cultural\\\/#organizationLogo\"}},{\"@type\":\"Person\",\"@id\":\"https:\\\/\\\/www.jornalja.com.br\\\/arquivo\\\/author\\\/daredacao\\\/#author\",\"url\":\"https:\\\/\\\/www.jornalja.com.br\\\/arquivo\\\/author\\\/daredacao\\\/\",\"name\":\"da Reda\\u00e7\\u00e3o\",\"image\":{\"@type\":\"ImageObject\",\"@id\":\"https:\\\/\\\/www.jornalja.com.br\\\/arquivo\\\/abraco-a-fundacao-piratini-mobiliza-comunidade-cultural\\\/#authorImage\",\"url\":\"https:\\\/\\\/secure.gravatar.com\\\/avatar\\\/469fd857d6605ad19919d27ed29d35a968a25f6e8fd9318356bbb7f57aae9c65?s=96&d=mm&r=g\",\"width\":96,\"height\":96,\"caption\":\"da Reda\\u00e7\\u00e3o\"}},{\"@type\":\"WebPage\",\"@id\":\"https:\\\/\\\/www.jornalja.com.br\\\/arquivo\\\/abraco-a-fundacao-piratini-mobiliza-comunidade-cultural\\\/#webpage\",\"url\":\"https:\\\/\\\/www.jornalja.com.br\\\/arquivo\\\/abraco-a-fundacao-piratini-mobiliza-comunidade-cultural\\\/\",\"name\":\"Abra\\u00e7o \\u00e0 Funda\\u00e7\\u00e3o Piratini mobiliza comunidade cultural | Arquivo\",\"inLanguage\":\"pt-BR\",\"isPartOf\":{\"@id\":\"https:\\\/\\\/www.jornalja.com.br\\\/arquivo\\\/#website\"},\"breadcrumb\":{\"@id\":\"https:\\\/\\\/www.jornalja.com.br\\\/arquivo\\\/abraco-a-fundacao-piratini-mobiliza-comunidade-cultural\\\/#breadcrumblist\"},\"author\":{\"@id\":\"https:\\\/\\\/www.jornalja.com.br\\\/arquivo\\\/author\\\/daredacao\\\/#author\"},\"creator\":{\"@id\":\"https:\\\/\\\/www.jornalja.com.br\\\/arquivo\\\/author\\\/daredacao\\\/#author\"},\"image\":{\"@type\":\"ImageObject\",\"url\":42222,\"@id\":\"https:\\\/\\\/www.jornalja.com.br\\\/arquivo\\\/abraco-a-fundacao-piratini-mobiliza-comunidade-cultural\\\/#mainImage\"},\"primaryImageOfPage\":{\"@id\":\"https:\\\/\\\/www.jornalja.com.br\\\/arquivo\\\/abraco-a-fundacao-piratini-mobiliza-comunidade-cultural\\\/#mainImage\"},\"datePublished\":\"2016-12-12T16:14:27-02:00\",\"dateModified\":\"2016-12-12T16:14:27-02:00\"},{\"@type\":\"WebSite\",\"@id\":\"https:\\\/\\\/www.jornalja.com.br\\\/arquivo\\\/#website\",\"url\":\"https:\\\/\\\/www.jornalja.com.br\\\/arquivo\\\/\",\"name\":\"Arquivo\",\"description\":\"Jornal J\\u00c1 | Porto Alegre\",\"inLanguage\":\"pt-BR\",\"publisher\":{\"@id\":\"https:\\\/\\\/www.jornalja.com.br\\\/arquivo\\\/#organization\"}}]}\n\t\t<\/script>\n\t\t<!-- All in One SEO -->\n\n","aioseo_head_json":{"title":"Abra\u00e7o \u00e0 Funda\u00e7\u00e3o Piratini mobiliza comunidade cultural | Arquivo","description":"","canonical_url":"https:\/\/www.jornalja.com.br\/arquivo\/abraco-a-fundacao-piratini-mobiliza-comunidade-cultural\/","robots":"max-image-preview:large","keywords":"","webmasterTools":{"miscellaneous":""},"schema":{"@context":"https:\/\/schema.org","@graph":[{"@type":"BlogPosting","@id":"https:\/\/www.jornalja.com.br\/arquivo\/abraco-a-fundacao-piratini-mobiliza-comunidade-cultural\/#blogposting","name":"Abra\u00e7o \u00e0 Funda\u00e7\u00e3o Piratini mobiliza comunidade cultural | Arquivo","headline":"Abra\u00e7o \u00e0 Funda\u00e7\u00e3o Piratini mobiliza comunidade cultural","author":{"@id":"https:\/\/www.jornalja.com.br\/arquivo\/author\/daredacao\/#author"},"publisher":{"@id":"https:\/\/www.jornalja.com.br\/arquivo\/#organization"},"image":{"@type":"ImageObject","url":42222},"datePublished":"2016-12-12T16:14:27-02:00","dateModified":"2016-12-12T16:14:27-02:00","inLanguage":"pt-BR","mainEntityOfPage":{"@id":"https:\/\/www.jornalja.com.br\/arquivo\/abraco-a-fundacao-piratini-mobiliza-comunidade-cultural\/#webpage"},"isPartOf":{"@id":"https:\/\/www.jornalja.com.br\/arquivo\/abraco-a-fundacao-piratini-mobiliza-comunidade-cultural\/#webpage"},"articleSection":"Geral"},{"@type":"BreadcrumbList","@id":"https:\/\/www.jornalja.com.br\/arquivo\/abraco-a-fundacao-piratini-mobiliza-comunidade-cultural\/#breadcrumblist","itemListElement":[{"@type":"ListItem","@id":"https:\/\/www.jornalja.com.br\/arquivo#listItem","position":1,"name":"Home","item":"https:\/\/www.jornalja.com.br\/arquivo","nextItem":{"@type":"ListItem","@id":"https:\/\/www.jornalja.com.br\/arquivo\/category\/geral\/#listItem","name":"Geral"}},{"@type":"ListItem","@id":"https:\/\/www.jornalja.com.br\/arquivo\/category\/geral\/#listItem","position":2,"name":"Geral","item":"https:\/\/www.jornalja.com.br\/arquivo\/category\/geral\/","nextItem":{"@type":"ListItem","@id":"https:\/\/www.jornalja.com.br\/arquivo\/abraco-a-fundacao-piratini-mobiliza-comunidade-cultural\/#listItem","name":"Abra\u00e7o \u00e0 Funda\u00e7\u00e3o Piratini mobiliza comunidade cultural"},"previousItem":{"@type":"ListItem","@id":"https:\/\/www.jornalja.com.br\/arquivo#listItem","name":"Home"}},{"@type":"ListItem","@id":"https:\/\/www.jornalja.com.br\/arquivo\/abraco-a-fundacao-piratini-mobiliza-comunidade-cultural\/#listItem","position":3,"name":"Abra\u00e7o \u00e0 Funda\u00e7\u00e3o Piratini mobiliza comunidade cultural","previousItem":{"@type":"ListItem","@id":"https:\/\/www.jornalja.com.br\/arquivo\/category\/geral\/#listItem","name":"Geral"}}]},{"@type":"Organization","@id":"https:\/\/www.jornalja.com.br\/arquivo\/#organization","name":"Jornal J\u00c1","description":"Jornal J\u00c1 | Porto Alegre","url":"https:\/\/www.jornalja.com.br\/arquivo\/","telephone":"+555133307272","logo":{"@type":"ImageObject","url":"https:\/\/www.jornalja.com.br\/wp-content\/uploads\/cards\/JAslogan.png","@id":"https:\/\/www.jornalja.com.br\/arquivo\/abraco-a-fundacao-piratini-mobiliza-comunidade-cultural\/#organizationLogo"},"image":{"@id":"https:\/\/www.jornalja.com.br\/arquivo\/abraco-a-fundacao-piratini-mobiliza-comunidade-cultural\/#organizationLogo"}},{"@type":"Person","@id":"https:\/\/www.jornalja.com.br\/arquivo\/author\/daredacao\/#author","url":"https:\/\/www.jornalja.com.br\/arquivo\/author\/daredacao\/","name":"da Reda\u00e7\u00e3o","image":{"@type":"ImageObject","@id":"https:\/\/www.jornalja.com.br\/arquivo\/abraco-a-fundacao-piratini-mobiliza-comunidade-cultural\/#authorImage","url":"https:\/\/secure.gravatar.com\/avatar\/469fd857d6605ad19919d27ed29d35a968a25f6e8fd9318356bbb7f57aae9c65?s=96&d=mm&r=g","width":96,"height":96,"caption":"da Reda\u00e7\u00e3o"}},{"@type":"WebPage","@id":"https:\/\/www.jornalja.com.br\/arquivo\/abraco-a-fundacao-piratini-mobiliza-comunidade-cultural\/#webpage","url":"https:\/\/www.jornalja.com.br\/arquivo\/abraco-a-fundacao-piratini-mobiliza-comunidade-cultural\/","name":"Abra\u00e7o \u00e0 Funda\u00e7\u00e3o Piratini mobiliza comunidade cultural | Arquivo","inLanguage":"pt-BR","isPartOf":{"@id":"https:\/\/www.jornalja.com.br\/arquivo\/#website"},"breadcrumb":{"@id":"https:\/\/www.jornalja.com.br\/arquivo\/abraco-a-fundacao-piratini-mobiliza-comunidade-cultural\/#breadcrumblist"},"author":{"@id":"https:\/\/www.jornalja.com.br\/arquivo\/author\/daredacao\/#author"},"creator":{"@id":"https:\/\/www.jornalja.com.br\/arquivo\/author\/daredacao\/#author"},"image":{"@type":"ImageObject","url":42222,"@id":"https:\/\/www.jornalja.com.br\/arquivo\/abraco-a-fundacao-piratini-mobiliza-comunidade-cultural\/#mainImage"},"primaryImageOfPage":{"@id":"https:\/\/www.jornalja.com.br\/arquivo\/abraco-a-fundacao-piratini-mobiliza-comunidade-cultural\/#mainImage"},"datePublished":"2016-12-12T16:14:27-02:00","dateModified":"2016-12-12T16:14:27-02:00"},{"@type":"WebSite","@id":"https:\/\/www.jornalja.com.br\/arquivo\/#website","url":"https:\/\/www.jornalja.com.br\/arquivo\/","name":"Arquivo","description":"Jornal J\u00c1 | Porto Alegre","inLanguage":"pt-BR","publisher":{"@id":"https:\/\/www.jornalja.com.br\/arquivo\/#organization"}}]},"og:locale":"pt_BR","og:site_name":"Arquivo | Jornal J\u00c1 | Porto Alegre","og:type":"article","og:title":"Abra\u00e7o \u00e0 Funda\u00e7\u00e3o Piratini mobiliza comunidade cultural | Arquivo","og:url":"https:\/\/www.jornalja.com.br\/arquivo\/abraco-a-fundacao-piratini-mobiliza-comunidade-cultural\/","og:image":"https:\/\/www.jornalja.com.br\/wp-content\/uploads\/2016\/12\/Abra\u00e7o-TVE-funda\u00e7\u00f5es.-Matheus-Chaparini.jpg","og:image:secure_url":"https:\/\/www.jornalja.com.br\/wp-content\/uploads\/2016\/12\/Abra\u00e7o-TVE-funda\u00e7\u00f5es.-Matheus-Chaparini.jpg","article:published_time":"2016-12-12T19:14:27+00:00","article:modified_time":"2016-12-12T19:14:27+00:00","twitter:card":"summary","twitter:title":"Abra\u00e7o \u00e0 Funda\u00e7\u00e3o Piratini mobiliza comunidade cultural | Arquivo","twitter:image":"https:\/\/www.jornalja.com.br\/economics\/wp-content\/uploads\/sites\/11\/2026\/08\/ja-folhaderosto-facebook.jpg"},"aioseo_meta_data":{"post_id":"42219","title":null,"description":null,"keywords":null,"keyphrases":null,"primary_term":null,"canonical_url":null,"og_title":null,"og_description":null,"og_object_type":"default","og_image_type":"default","og_image_url":null,"og_image_width":null,"og_image_height":null,"og_image_custom_url":null,"og_image_custom_fields":null,"og_video":null,"og_custom_url":null,"og_article_section":null,"og_article_tags":null,"twitter_use_og":false,"twitter_card":"default","twitter_image_type":"default","twitter_image_url":null,"twitter_image_custom_url":null,"twitter_image_custom_fields":null,"twitter_title":null,"twitter_description":null,"schema":{"blockGraphs":[],"customGraphs":[],"default":{"data":{"Article":[],"Course":[],"Dataset":[],"FAQPage":[],"Movie":[],"Person":[],"Product":[],"ProductReview":[],"Car":[],"Recipe":[],"Service":[],"SoftwareApplication":[],"WebPage":[]},"graphName":"","isEnabled":true},"graphs":[],"defaultGraph":"","defaultPostTypeGraph":""},"schema_type":null,"schema_type_options":null,"pillar_content":false,"robots_default":true,"robots_noindex":false,"robots_noarchive":false,"robots_nosnippet":false,"robots_nofollow":false,"robots_noimageindex":false,"robots_noodp":false,"robots_notranslate":false,"robots_max_snippet":null,"robots_max_videopreview":null,"robots_max_imagepreview":"large","priority":null,"frequency":null,"location":null,"local_seo":null,"breadcrumb_settings":null,"limit_modified_date":false,"ai":null,"created":"2020-12-20 20:44:21","updated":"2025-07-19 18:36:22","seo_analyzer_scan_date":null,"focus_keyword":null,"additional_keywords":null,"truseo_locale":null},"jetpack_sharing_enabled":true,"jetpack-related-posts":[{"id":14241,"url":"https:\/\/www.jornalja.com.br\/arquivo\/o-guaiba-nas-imagens-poeticas-de-achutti\/","url_meta":{"origin":42219,"position":0},"title":"O Gua\u00edba nas imagens po\u00e9ticas de Achutti","author":"da Reda\u00e7\u00e3o","date":"18 de junho de 2014","format":false,"excerpt":"Em \u201cO Gua\u00edba por Achutti\u201d \u2013 obra financiada via Minist\u00e9rio da Cultura, produ\u00e7\u00e3o executiva de Pedro Longhi, e Fl\u00e1vio Wild como designer \u2013, o fot\u00f3grafo revela a beleza e as mazelas de um espa\u00e7o aqu\u00e1tico de \u00e1guas sempre renovadas, cheio de hist\u00f3rias e lendas como as das cidades que foram\u2026","rel":"","context":"Em &quot;Cultura-Geral&quot;","block_context":{"text":"Cultura-Geral","link":"https:\/\/www.jornalja.com.br\/arquivo\/category\/materiasecundaria\/"},"img":{"alt_text":"","src":"","width":0,"height":0},"classes":[]},{"id":13124,"url":"https:\/\/www.jornalja.com.br\/arquivo\/sangue-latino-no-iecine\/","url_meta":{"origin":42219,"position":1},"title":"Sangue latino no IECINE","author":"da Reda\u00e7\u00e3o","date":"18 de maio de 2014","format":false,"excerpt":"Francisco Ribeiro O Instituto Estadual de Cinema (IECINE) tem a frente, desde abril \u00faltimo, um novo diretor, o cineasta colombiano Juan Zapata, 36, que substitui Luiz Alberto Cassol. Radicado h\u00e1 dez anos em Porto Alegre, Zapata tem diante de si o desafio de conduzir at\u00e9 o final do ano um\u2026","rel":"","context":"Em &quot;Cultura-Geral&quot;","block_context":{"text":"Cultura-Geral","link":"https:\/\/www.jornalja.com.br\/arquivo\/category\/materiasecundaria\/"},"img":{"alt_text":"","src":"","width":0,"height":0},"classes":[]},{"id":5440,"url":"https:\/\/www.jornalja.com.br\/arquivo\/casarao-da-venancio-destino-permanece-incerto\/","url_meta":{"origin":42219,"position":2},"title":"Estado ainda n\u00e3o sabe o que fazer com casar\u00e3o abandonado h\u00e1 20 anos","author":"Elmar Bones","date":"6 de julho de 2009","format":false,"excerpt":"O casar\u00e3o amarelo, numa esquina nobre de Porto Alegre (Ven\u00e2ncio Aires com Jo\u00e3o Pessoa), j\u00e1 abrigou uma escola. H\u00e1 duas d\u00e9cadas, pelo menos, est\u00e1 abandonado, porque seu propriet\u00e1rio, o governo do Estado do Rio Grande do Sul, n\u00e3o consegue achar um destino para ele. Planos n\u00e3o faltaram. O governador Ol\u00edvio\u2026","rel":"","context":"Em &quot;X.Categorias velhas&quot;","block_context":{"text":"X.Categorias velhas","link":"https:\/\/www.jornalja.com.br\/arquivo\/category\/x-categorias-velhas\/"},"img":{"alt_text":"geraldo1","src":"https:\/\/i0.wp.com\/www.jornalja.com.br\/wp-content\/uploads\/2009\/07\/geraldo1.jpg?resize=350%2C200&ssl=1","width":350,"height":200},"classes":[]},{"id":13109,"url":"https:\/\/www.jornalja.com.br\/arquivo\/judiciario-reconhece-poluicao-eletromagnetica\/","url_meta":{"origin":42219,"position":3},"title":"Judici\u00e1rio reconhece polui\u00e7\u00e3o eletromagn\u00e9tica","author":"Patr\u00edcia Marini","date":"16 de maio de 2014","format":false,"excerpt":"A\u00e7\u00e3o de duas associa\u00e7\u00f5es de moradores foi acolhida pelo Tribunal de Justi\u00e7a de S\u00e3o Paulo que. em decis\u00e3o in\u00e9dita, determinou a redu\u00e7\u00e3o do campo eletromagn\u00e9tico gerado pelas linhas de transmiss\u00e3o de energia que cortam os bairros City Boa\u00e7ava e Alto de Pinheiros. \u00c9 a primeira vez que um tribunal do\u2026","rel":"","context":"Em &quot;X.Categorias velhas&quot;","block_context":{"text":"X.Categorias velhas","link":"https:\/\/www.jornalja.com.br\/arquivo\/category\/x-categorias-velhas\/"},"img":{"alt_text":"","src":"","width":0,"height":0},"classes":[]},{"id":12960,"url":"https:\/\/www.jornalja.com.br\/arquivo\/populacao-culpa-empresas-pela-greve-dos-rodoviarios\/","url_meta":{"origin":42219,"position":4},"title":"Popula\u00e7\u00e3o culpa empresas pela greve","author":"Patr\u00edcia Marini","date":"14 de fevereiro de 2014","format":false,"excerpt":"Pesquisa divulgada na edi\u00e7\u00e3o do jornal Metro desta sexta-feira,14, comprova o velho ditado: \u00e9 poss\u00edvel enganar muitos por algum tempo, mas n\u00e3o \u00e9 poss\u00edvel enganar a todos o tempo inteiro. A principal revela\u00e7\u00e3o foi que 59,8% dos entrevistados apontaram as empresas como as principais respons\u00e1veis pela grave e 46% culparam\u2026","rel":"","context":"Em &quot;X.Categorias velhas&quot;","block_context":{"text":"X.Categorias velhas","link":"https:\/\/www.jornalja.com.br\/arquivo\/category\/x-categorias-velhas\/"},"img":{"alt_text":"","src":"","width":0,"height":0},"classes":[]}],"jetpack_shortlink":"https:\/\/wp.me\/pbQjBd-aYX","jetpack_featured_media_url":"","_links":{"self":[{"href":"https:\/\/www.jornalja.com.br\/arquivo\/wp-json\/wp\/v2\/posts\/42219","targetHints":{"allow":["GET"]}}],"collection":[{"href":"https:\/\/www.jornalja.com.br\/arquivo\/wp-json\/wp\/v2\/posts"}],"about":[{"href":"https:\/\/www.jornalja.com.br\/arquivo\/wp-json\/wp\/v2\/types\/post"}],"author":[{"embeddable":true,"href":"https:\/\/www.jornalja.com.br\/arquivo\/wp-json\/wp\/v2\/users\/4"}],"replies":[{"embeddable":true,"href":"https:\/\/www.jornalja.com.br\/arquivo\/wp-json\/wp\/v2\/comments?post=42219"}],"version-history":[{"count":0,"href":"https:\/\/www.jornalja.com.br\/arquivo\/wp-json\/wp\/v2\/posts\/42219\/revisions"}],"wp:attachment":[{"href":"https:\/\/www.jornalja.com.br\/arquivo\/wp-json\/wp\/v2\/media?parent=42219"}],"wp:term":[{"taxonomy":"category","embeddable":true,"href":"https:\/\/www.jornalja.com.br\/arquivo\/wp-json\/wp\/v2\/categories?post=42219"},{"taxonomy":"post_tag","embeddable":true,"href":"https:\/\/www.jornalja.com.br\/arquivo\/wp-json\/wp\/v2\/tags?post=42219"}],"curies":[{"name":"wp","href":"https:\/\/api.w.org\/{rel}","templated":true}]}}