{"id":42241,"date":"2016-12-12T19:26:07","date_gmt":"2016-12-12T22:26:07","guid":{"rendered":"https:\/\/www.jornalja.com.br\/?p=42241"},"modified":"2016-12-12T19:26:07","modified_gmt":"2016-12-12T22:26:07","slug":"briga-de-adolescentes-no-julinho-vira-caso-de-policia","status":"publish","type":"post","link":"https:\/\/www.jornalja.com.br\/arquivo\/briga-de-adolescentes-no-julinho-vira-caso-de-policia\/","title":{"rendered":"Briga de adolescentes no Julinho vira caso de pol\u00edcia"},"content":{"rendered":"<p><em>Atualizado \u00e0s 23h57 com v\u00eddeo gravado por aluno<\/em><br \/>\nUma briga entre dois alunos na hora do recreio acabou numa violenta confus\u00e3o no Julinho (Escola Estadual J\u00falio de Castilhos) na manh\u00e3 desta segunda-feira. Sem saber como contornar a situa\u00e7\u00e3o, a diretoria chamou a Brigada Militar, e pelo menos sete adolescentes ficaram feridos, todos menores de idade.<br \/>\nNo in\u00edcio da tarde, em frente ao Hospital de Ponto Socorro, estudantes que aguardavam os colegas feridos serem atendidos relataram que um aluno \u201ccome\u00e7ou a implicar com outro, menor do que ele\u201d, na aula de Educa\u00e7\u00e3o F\u00edsica, logo antes do intervalo, quando a implic\u00e2ncia virou agress\u00e3o f\u00edsica.<br \/>\nContaram que outros partiram em defesa do que estava em desvantagem f\u00edsica, e o garoto que iniciou a confus\u00e3o acabou apanhando, ningu\u00e9m veio em defesa dele. Foi quando chegaram tr\u00eas viaturas. Seis brigadianos tentaram deter o autor da confus\u00e3o, que resistiu, e um policial teria lhe dado uma bofetada. \u201cA\u00ed ele come\u00e7ou a apanhar da pol\u00edcia.\u201d<br \/>\nEm seguida levaram-no para uma sala, e um grupo de colegas aglomerou-se em frente \u00e0 porta fechada. Ao sa\u00edrem com o detido, os brigadianos teriam tido uma rea\u00e7\u00e3o violenta, abrindo caminho com os cassetetes.<br \/>\n\u201cN\u00e3o vi, mas colegas viram que foi um brigadiano que quebrou o vidro da janela\u201d, diz a presidente do Gr\u00eamio Estudantil, Brisa Monteiro D\u2019\u00c1vila, 17 anos. Um dos alunos chegou a desmaiar e foi para o HPS de t\u00e1xi, os demais foram a p\u00e9.<br \/>\nN\u00e3o havia nenhum representante do Conselho Tutelar nem mulheres policiais na opera\u00e7\u00e3o. Dois professores, de Filosofia e de Sociologia, demandados pelo Gr\u00eamio estudantil, acompanharam os alunos na chegada ao HPS.<br \/>\nDo Julinho, os estudantes foram prestar queixa e fazer exame de corpo de delito no Pal\u00e1cio da Pol\u00edcia: IML em greve. Ent\u00e3o dirigiram-se \u00e0 d\u00e9cima Delegacia de Pol\u00edcia Civil, na rua Jacinto Gomes, a mais pr\u00f3xima do hospital: opera\u00e7\u00e3o padr\u00e3o. S\u00f3 registrariam a queixa dos feridos, que ainda estavam sendo atendidos no HPS, onde alguns deles tiveram prontu\u00e1rio de agress\u00e3o, outros de simples casos cl\u00ednicos.<br \/>\n<figure id=\"attachment_42244\" aria-describedby=\"caption-attachment-42244\" style=\"width: 213px\" class=\"wp-caption alignleft\"><img loading=\"lazy\" decoding=\"async\" class=\" wp-image-42244\" src=\"https:\/\/www.jornalja.com.br\/wp-content\/uploads\/2016\/12\/IMG_1506.jpg\" alt=\"Adriana Paz, representante dos pais de alunos no Conselho Escolar \/ PM\/J\u00c1\" width=\"213\" height=\"143\" \/><figcaption id=\"caption-attachment-42244\" class=\"wp-caption-text\">Adriana Paz, representante dos pais de alunos no Conselho Escolar \/ PM\/J\u00c1<\/figcaption><\/figure><br \/>\nO rapaz que desmaiou foi um dos primeiros a ser liberado, e saiu com o pai direto para casa, n\u00e3o quis registrar queixa. \u201cMuitos que moram em bairros da periferia t\u00eam receio de retalia\u00e7\u00f5es\u201d, diz Adriana Paz, m\u00e3e de aluno e representante dos pais de alunos no Conselho Escolar do Julinho, que tem reuni\u00e3o previamente agendada para as 18 horas desta ter\u00e7a-feira (13). \u201cA responsabilidade \u00e9 da Dire\u00e7\u00e3o da escola\u201d, avalia Adriana. O assunto vai entrar na reuni\u00e3o no Conselho, mesmo que n\u00e3o esteja previsto na pauta.<br \/>\nS\u00f3 mais tarde o\u00a0caso acabou sendo encaminhado ao Departamento Estadual da Crian\u00e7a e do Adolescente (Deca), que registrou a apresenta\u00e7\u00e3o de um adolescente, segundo divulgou a R\u00e1dio Gua\u00edba. Conforme a delegada Adriana Muncio, o tumulto maior come\u00e7ou quando a BM tentou retirar o estudante da escola, o que levou os PMs a chamarem refor\u00e7o.<br \/>\nUm v\u00eddeo feito por um aluno registrou em parte o ocorrido e foi postado no Facebook.\u00a0Quem tem conta na rede social \u00a0pode conferir <a href=\"http:\/\/www.facebook.com\/ClaudinhaF\/videos\/10211572345243025\/\" target=\"_blank\" rel=\"noopener noreferrer\">clicando aqui<\/a>.<\/p>\n","protected":false},"excerpt":{"rendered":"<p>Atualizado \u00e0s 23h57 com v\u00eddeo gravado por aluno Uma briga entre dois alunos na hora do recreio acabou numa violenta confus\u00e3o no Julinho (Escola Estadual J\u00falio de Castilhos) na manh\u00e3 desta segunda-feira. Sem saber como contornar a situa\u00e7\u00e3o, a diretoria chamou a Brigada Militar, e pelo menos sete adolescentes ficaram feridos, todos menores de idade. [&hellip;]<\/p>\n","protected":false},"author":4,"featured_media":42243,"comment_status":"open","ping_status":"closed","sticky":false,"template":"","format":"standard","meta":{"_jetpack_newsletter_access":"","_jetpack_dont_email_post_to_subs":false,"_jetpack_newsletter_tier_id":0,"_jetpack_memberships_contains_paywalled_content":false,"_jetpack_feature_clip_id":0,"_jetpack_memberships_contains_paid_content":false,"footnotes":"","jetpack_post_was_ever_published":false},"categories":[26],"tags":[],"class_list":["post-42241","post","type-post","status-publish","format-standard","has-post-thumbnail","hentry","category-geral"],"aioseo_notices":[],"aioseo_head":"\n\t\t<!-- All in One SEO 5.0.1.1 - aioseo.com -->\n\t<meta name=\"robots\" content=\"max-image-preview:large\" \/>\n\t<meta name=\"author\" content=\"da Reda\u00e7\u00e3o\"\/>\n\t<link rel=\"canonical\" href=\"https:\/\/www.jornalja.com.br\/arquivo\/briga-de-adolescentes-no-julinho-vira-caso-de-policia\/\" \/>\n\t<meta name=\"generator\" content=\"All in One SEO (AIOSEO) 5.0.1.1\" \/>\n\t\t<meta property=\"og:locale\" content=\"pt_BR\" \/>\n\t\t<meta property=\"og:site_name\" content=\"Arquivo | Jornal J\u00c1 | Porto Alegre\" \/>\n\t\t<meta property=\"og:type\" content=\"article\" \/>\n\t\t<meta property=\"og:title\" content=\"Briga de adolescentes no Julinho vira caso de pol\u00edcia | Arquivo\" \/>\n\t\t<meta property=\"og:url\" content=\"https:\/\/www.jornalja.com.br\/arquivo\/briga-de-adolescentes-no-julinho-vira-caso-de-policia\/\" \/>\n\t\t<meta property=\"og:image\" content=\"https:\/\/www.jornalja.com.br\/wp-content\/uploads\/2016\/12\/IMG_1506.jpg\" \/>\n\t\t<meta property=\"og:image:secure_url\" content=\"https:\/\/www.jornalja.com.br\/wp-content\/uploads\/2016\/12\/IMG_1506.jpg\" \/>\n\t\t<meta property=\"article:published_time\" content=\"2016-12-12T22:26:07+00:00\" \/>\n\t\t<meta property=\"article:modified_time\" content=\"2016-12-12T22:26:07+00:00\" \/>\n\t\t<meta name=\"twitter:card\" content=\"summary\" \/>\n\t\t<meta name=\"twitter:title\" content=\"Briga de adolescentes no Julinho vira caso de pol\u00edcia | Arquivo\" \/>\n\t\t<meta name=\"twitter:image\" content=\"https:\/\/www.jornalja.com.br\/economics\/wp-content\/uploads\/sites\/11\/2026\/08\/ja-folhaderosto-facebook.jpg\" \/>\n\t\t<script type=\"application\/ld+json\" class=\"aioseo-schema\">\n\t\t\t{\"@context\":\"https:\\\/\\\/schema.org\",\"@graph\":[{\"@type\":\"BlogPosting\",\"@id\":\"https:\\\/\\\/www.jornalja.com.br\\\/arquivo\\\/briga-de-adolescentes-no-julinho-vira-caso-de-policia\\\/#blogposting\",\"name\":\"Briga de adolescentes no Julinho vira caso de pol\\u00edcia | Arquivo\",\"headline\":\"Briga de adolescentes no Julinho vira caso de pol\\u00edcia\",\"author\":{\"@id\":\"https:\\\/\\\/www.jornalja.com.br\\\/arquivo\\\/author\\\/daredacao\\\/#author\"},\"publisher\":{\"@id\":\"https:\\\/\\\/www.jornalja.com.br\\\/arquivo\\\/#organization\"},\"image\":{\"@type\":\"ImageObject\",\"url\":42243},\"datePublished\":\"2016-12-12T19:26:07-02:00\",\"dateModified\":\"2016-12-12T19:26:07-02:00\",\"inLanguage\":\"pt-BR\",\"mainEntityOfPage\":{\"@id\":\"https:\\\/\\\/www.jornalja.com.br\\\/arquivo\\\/briga-de-adolescentes-no-julinho-vira-caso-de-policia\\\/#webpage\"},\"isPartOf\":{\"@id\":\"https:\\\/\\\/www.jornalja.com.br\\\/arquivo\\\/briga-de-adolescentes-no-julinho-vira-caso-de-policia\\\/#webpage\"},\"articleSection\":\"Geral\"},{\"@type\":\"BreadcrumbList\",\"@id\":\"https:\\\/\\\/www.jornalja.com.br\\\/arquivo\\\/briga-de-adolescentes-no-julinho-vira-caso-de-policia\\\/#breadcrumblist\",\"itemListElement\":[{\"@type\":\"ListItem\",\"@id\":\"https:\\\/\\\/www.jornalja.com.br\\\/arquivo#listItem\",\"position\":1,\"name\":\"Home\",\"item\":\"https:\\\/\\\/www.jornalja.com.br\\\/arquivo\",\"nextItem\":{\"@type\":\"ListItem\",\"@id\":\"https:\\\/\\\/www.jornalja.com.br\\\/arquivo\\\/category\\\/geral\\\/#listItem\",\"name\":\"Geral\"}},{\"@type\":\"ListItem\",\"@id\":\"https:\\\/\\\/www.jornalja.com.br\\\/arquivo\\\/category\\\/geral\\\/#listItem\",\"position\":2,\"name\":\"Geral\",\"item\":\"https:\\\/\\\/www.jornalja.com.br\\\/arquivo\\\/category\\\/geral\\\/\",\"nextItem\":{\"@type\":\"ListItem\",\"@id\":\"https:\\\/\\\/www.jornalja.com.br\\\/arquivo\\\/briga-de-adolescentes-no-julinho-vira-caso-de-policia\\\/#listItem\",\"name\":\"Briga de adolescentes no Julinho vira caso de pol\\u00edcia\"},\"previousItem\":{\"@type\":\"ListItem\",\"@id\":\"https:\\\/\\\/www.jornalja.com.br\\\/arquivo#listItem\",\"name\":\"Home\"}},{\"@type\":\"ListItem\",\"@id\":\"https:\\\/\\\/www.jornalja.com.br\\\/arquivo\\\/briga-de-adolescentes-no-julinho-vira-caso-de-policia\\\/#listItem\",\"position\":3,\"name\":\"Briga de adolescentes no Julinho vira caso de pol\\u00edcia\",\"previousItem\":{\"@type\":\"ListItem\",\"@id\":\"https:\\\/\\\/www.jornalja.com.br\\\/arquivo\\\/category\\\/geral\\\/#listItem\",\"name\":\"Geral\"}}]},{\"@type\":\"Organization\",\"@id\":\"https:\\\/\\\/www.jornalja.com.br\\\/arquivo\\\/#organization\",\"name\":\"Jornal J\\u00c1\",\"description\":\"Jornal J\\u00c1 | Porto Alegre\",\"url\":\"https:\\\/\\\/www.jornalja.com.br\\\/arquivo\\\/\",\"telephone\":\"+555133307272\",\"logo\":{\"@type\":\"ImageObject\",\"url\":\"https:\\\/\\\/www.jornalja.com.br\\\/wp-content\\\/uploads\\\/cards\\\/JAslogan.png\",\"@id\":\"https:\\\/\\\/www.jornalja.com.br\\\/arquivo\\\/briga-de-adolescentes-no-julinho-vira-caso-de-policia\\\/#organizationLogo\"},\"image\":{\"@id\":\"https:\\\/\\\/www.jornalja.com.br\\\/arquivo\\\/briga-de-adolescentes-no-julinho-vira-caso-de-policia\\\/#organizationLogo\"}},{\"@type\":\"Person\",\"@id\":\"https:\\\/\\\/www.jornalja.com.br\\\/arquivo\\\/author\\\/daredacao\\\/#author\",\"url\":\"https:\\\/\\\/www.jornalja.com.br\\\/arquivo\\\/author\\\/daredacao\\\/\",\"name\":\"da Reda\\u00e7\\u00e3o\",\"image\":{\"@type\":\"ImageObject\",\"@id\":\"https:\\\/\\\/www.jornalja.com.br\\\/arquivo\\\/briga-de-adolescentes-no-julinho-vira-caso-de-policia\\\/#authorImage\",\"url\":\"https:\\\/\\\/secure.gravatar.com\\\/avatar\\\/469fd857d6605ad19919d27ed29d35a968a25f6e8fd9318356bbb7f57aae9c65?s=96&d=mm&r=g\",\"width\":96,\"height\":96,\"caption\":\"da Reda\\u00e7\\u00e3o\"}},{\"@type\":\"WebPage\",\"@id\":\"https:\\\/\\\/www.jornalja.com.br\\\/arquivo\\\/briga-de-adolescentes-no-julinho-vira-caso-de-policia\\\/#webpage\",\"url\":\"https:\\\/\\\/www.jornalja.com.br\\\/arquivo\\\/briga-de-adolescentes-no-julinho-vira-caso-de-policia\\\/\",\"name\":\"Briga de adolescentes no Julinho vira caso de pol\\u00edcia | Arquivo\",\"inLanguage\":\"pt-BR\",\"isPartOf\":{\"@id\":\"https:\\\/\\\/www.jornalja.com.br\\\/arquivo\\\/#website\"},\"breadcrumb\":{\"@id\":\"https:\\\/\\\/www.jornalja.com.br\\\/arquivo\\\/briga-de-adolescentes-no-julinho-vira-caso-de-policia\\\/#breadcrumblist\"},\"author\":{\"@id\":\"https:\\\/\\\/www.jornalja.com.br\\\/arquivo\\\/author\\\/daredacao\\\/#author\"},\"creator\":{\"@id\":\"https:\\\/\\\/www.jornalja.com.br\\\/arquivo\\\/author\\\/daredacao\\\/#author\"},\"image\":{\"@type\":\"ImageObject\",\"url\":42243,\"@id\":\"https:\\\/\\\/www.jornalja.com.br\\\/arquivo\\\/briga-de-adolescentes-no-julinho-vira-caso-de-policia\\\/#mainImage\"},\"primaryImageOfPage\":{\"@id\":\"https:\\\/\\\/www.jornalja.com.br\\\/arquivo\\\/briga-de-adolescentes-no-julinho-vira-caso-de-policia\\\/#mainImage\"},\"datePublished\":\"2016-12-12T19:26:07-02:00\",\"dateModified\":\"2016-12-12T19:26:07-02:00\"},{\"@type\":\"WebSite\",\"@id\":\"https:\\\/\\\/www.jornalja.com.br\\\/arquivo\\\/#website\",\"url\":\"https:\\\/\\\/www.jornalja.com.br\\\/arquivo\\\/\",\"name\":\"Arquivo\",\"description\":\"Jornal J\\u00c1 | Porto Alegre\",\"inLanguage\":\"pt-BR\",\"publisher\":{\"@id\":\"https:\\\/\\\/www.jornalja.com.br\\\/arquivo\\\/#organization\"}}]}\n\t\t<\/script>\n\t\t<!-- All in One SEO -->\n\n","aioseo_head_json":{"title":"Briga de adolescentes no Julinho vira caso de pol\u00edcia | Arquivo","description":"","canonical_url":"https:\/\/www.jornalja.com.br\/arquivo\/briga-de-adolescentes-no-julinho-vira-caso-de-policia\/","robots":"max-image-preview:large","keywords":"","webmasterTools":{"miscellaneous":""},"schema":{"@context":"https:\/\/schema.org","@graph":[{"@type":"BlogPosting","@id":"https:\/\/www.jornalja.com.br\/arquivo\/briga-de-adolescentes-no-julinho-vira-caso-de-policia\/#blogposting","name":"Briga de adolescentes no Julinho vira caso de pol\u00edcia | Arquivo","headline":"Briga de adolescentes no Julinho vira caso de pol\u00edcia","author":{"@id":"https:\/\/www.jornalja.com.br\/arquivo\/author\/daredacao\/#author"},"publisher":{"@id":"https:\/\/www.jornalja.com.br\/arquivo\/#organization"},"image":{"@type":"ImageObject","url":42243},"datePublished":"2016-12-12T19:26:07-02:00","dateModified":"2016-12-12T19:26:07-02:00","inLanguage":"pt-BR","mainEntityOfPage":{"@id":"https:\/\/www.jornalja.com.br\/arquivo\/briga-de-adolescentes-no-julinho-vira-caso-de-policia\/#webpage"},"isPartOf":{"@id":"https:\/\/www.jornalja.com.br\/arquivo\/briga-de-adolescentes-no-julinho-vira-caso-de-policia\/#webpage"},"articleSection":"Geral"},{"@type":"BreadcrumbList","@id":"https:\/\/www.jornalja.com.br\/arquivo\/briga-de-adolescentes-no-julinho-vira-caso-de-policia\/#breadcrumblist","itemListElement":[{"@type":"ListItem","@id":"https:\/\/www.jornalja.com.br\/arquivo#listItem","position":1,"name":"Home","item":"https:\/\/www.jornalja.com.br\/arquivo","nextItem":{"@type":"ListItem","@id":"https:\/\/www.jornalja.com.br\/arquivo\/category\/geral\/#listItem","name":"Geral"}},{"@type":"ListItem","@id":"https:\/\/www.jornalja.com.br\/arquivo\/category\/geral\/#listItem","position":2,"name":"Geral","item":"https:\/\/www.jornalja.com.br\/arquivo\/category\/geral\/","nextItem":{"@type":"ListItem","@id":"https:\/\/www.jornalja.com.br\/arquivo\/briga-de-adolescentes-no-julinho-vira-caso-de-policia\/#listItem","name":"Briga de adolescentes no Julinho vira caso de pol\u00edcia"},"previousItem":{"@type":"ListItem","@id":"https:\/\/www.jornalja.com.br\/arquivo#listItem","name":"Home"}},{"@type":"ListItem","@id":"https:\/\/www.jornalja.com.br\/arquivo\/briga-de-adolescentes-no-julinho-vira-caso-de-policia\/#listItem","position":3,"name":"Briga de adolescentes no Julinho vira caso de pol\u00edcia","previousItem":{"@type":"ListItem","@id":"https:\/\/www.jornalja.com.br\/arquivo\/category\/geral\/#listItem","name":"Geral"}}]},{"@type":"Organization","@id":"https:\/\/www.jornalja.com.br\/arquivo\/#organization","name":"Jornal J\u00c1","description":"Jornal J\u00c1 | Porto Alegre","url":"https:\/\/www.jornalja.com.br\/arquivo\/","telephone":"+555133307272","logo":{"@type":"ImageObject","url":"https:\/\/www.jornalja.com.br\/wp-content\/uploads\/cards\/JAslogan.png","@id":"https:\/\/www.jornalja.com.br\/arquivo\/briga-de-adolescentes-no-julinho-vira-caso-de-policia\/#organizationLogo"},"image":{"@id":"https:\/\/www.jornalja.com.br\/arquivo\/briga-de-adolescentes-no-julinho-vira-caso-de-policia\/#organizationLogo"}},{"@type":"Person","@id":"https:\/\/www.jornalja.com.br\/arquivo\/author\/daredacao\/#author","url":"https:\/\/www.jornalja.com.br\/arquivo\/author\/daredacao\/","name":"da Reda\u00e7\u00e3o","image":{"@type":"ImageObject","@id":"https:\/\/www.jornalja.com.br\/arquivo\/briga-de-adolescentes-no-julinho-vira-caso-de-policia\/#authorImage","url":"https:\/\/secure.gravatar.com\/avatar\/469fd857d6605ad19919d27ed29d35a968a25f6e8fd9318356bbb7f57aae9c65?s=96&d=mm&r=g","width":96,"height":96,"caption":"da Reda\u00e7\u00e3o"}},{"@type":"WebPage","@id":"https:\/\/www.jornalja.com.br\/arquivo\/briga-de-adolescentes-no-julinho-vira-caso-de-policia\/#webpage","url":"https:\/\/www.jornalja.com.br\/arquivo\/briga-de-adolescentes-no-julinho-vira-caso-de-policia\/","name":"Briga de adolescentes no Julinho vira caso de pol\u00edcia | Arquivo","inLanguage":"pt-BR","isPartOf":{"@id":"https:\/\/www.jornalja.com.br\/arquivo\/#website"},"breadcrumb":{"@id":"https:\/\/www.jornalja.com.br\/arquivo\/briga-de-adolescentes-no-julinho-vira-caso-de-policia\/#breadcrumblist"},"author":{"@id":"https:\/\/www.jornalja.com.br\/arquivo\/author\/daredacao\/#author"},"creator":{"@id":"https:\/\/www.jornalja.com.br\/arquivo\/author\/daredacao\/#author"},"image":{"@type":"ImageObject","url":42243,"@id":"https:\/\/www.jornalja.com.br\/arquivo\/briga-de-adolescentes-no-julinho-vira-caso-de-policia\/#mainImage"},"primaryImageOfPage":{"@id":"https:\/\/www.jornalja.com.br\/arquivo\/briga-de-adolescentes-no-julinho-vira-caso-de-policia\/#mainImage"},"datePublished":"2016-12-12T19:26:07-02:00","dateModified":"2016-12-12T19:26:07-02:00"},{"@type":"WebSite","@id":"https:\/\/www.jornalja.com.br\/arquivo\/#website","url":"https:\/\/www.jornalja.com.br\/arquivo\/","name":"Arquivo","description":"Jornal J\u00c1 | Porto Alegre","inLanguage":"pt-BR","publisher":{"@id":"https:\/\/www.jornalja.com.br\/arquivo\/#organization"}}]},"og:locale":"pt_BR","og:site_name":"Arquivo | Jornal J\u00c1 | Porto Alegre","og:type":"article","og:title":"Briga de adolescentes no Julinho vira caso de pol\u00edcia | Arquivo","og:url":"https:\/\/www.jornalja.com.br\/arquivo\/briga-de-adolescentes-no-julinho-vira-caso-de-policia\/","og:image":"https:\/\/www.jornalja.com.br\/wp-content\/uploads\/2016\/12\/IMG_1506.jpg","og:image:secure_url":"https:\/\/www.jornalja.com.br\/wp-content\/uploads\/2016\/12\/IMG_1506.jpg","article:published_time":"2016-12-12T22:26:07+00:00","article:modified_time":"2016-12-12T22:26:07+00:00","twitter:card":"summary","twitter:title":"Briga de adolescentes no Julinho vira caso de pol\u00edcia | Arquivo","twitter:image":"https:\/\/www.jornalja.com.br\/economics\/wp-content\/uploads\/sites\/11\/2026\/08\/ja-folhaderosto-facebook.jpg"},"aioseo_meta_data":{"post_id":"42241","title":null,"description":null,"keywords":null,"keyphrases":null,"primary_term":null,"canonical_url":null,"og_title":null,"og_description":null,"og_object_type":"default","og_image_type":"default","og_image_url":null,"og_image_width":null,"og_image_height":null,"og_image_custom_url":null,"og_image_custom_fields":null,"og_video":null,"og_custom_url":null,"og_article_section":null,"og_article_tags":null,"twitter_use_og":false,"twitter_card":"default","twitter_image_type":"default","twitter_image_url":null,"twitter_image_custom_url":null,"twitter_image_custom_fields":null,"twitter_title":null,"twitter_description":null,"schema":{"blockGraphs":[],"customGraphs":[],"default":{"data":{"Article":[],"Course":[],"Dataset":[],"FAQPage":[],"Movie":[],"Person":[],"Product":[],"ProductReview":[],"Car":[],"Recipe":[],"Service":[],"SoftwareApplication":[],"WebPage":[]},"graphName":"","isEnabled":true},"graphs":[]},"schema_type":null,"schema_type_options":null,"pillar_content":false,"robots_default":true,"robots_noindex":false,"robots_noarchive":false,"robots_nosnippet":false,"robots_nofollow":false,"robots_noimageindex":false,"robots_noodp":false,"robots_notranslate":false,"robots_max_snippet":null,"robots_max_videopreview":null,"robots_max_imagepreview":"large","priority":null,"frequency":null,"location":null,"local_seo":null,"breadcrumb_settings":null,"limit_modified_date":false,"ai":null,"created":"2020-12-20 20:44:21","updated":"2025-07-19 18:36:22","seo_analyzer_scan_date":null,"focus_keyword":null,"additional_keywords":null,"truseo_locale":null},"jetpack_sharing_enabled":true,"jetpack-related-posts":[{"id":14241,"url":"https:\/\/www.jornalja.com.br\/arquivo\/o-guaiba-nas-imagens-poeticas-de-achutti\/","url_meta":{"origin":42241,"position":0},"title":"O Gua\u00edba nas imagens po\u00e9ticas de Achutti","author":"da Reda\u00e7\u00e3o","date":"18 de junho de 2014","format":false,"excerpt":"Em \u201cO Gua\u00edba por Achutti\u201d \u2013 obra financiada via Minist\u00e9rio da Cultura, produ\u00e7\u00e3o executiva de Pedro Longhi, e Fl\u00e1vio Wild como designer \u2013, o fot\u00f3grafo revela a beleza e as mazelas de um espa\u00e7o aqu\u00e1tico de \u00e1guas sempre renovadas, cheio de hist\u00f3rias e lendas como as das cidades que foram\u2026","rel":"","context":"Em &quot;Cultura-Geral&quot;","block_context":{"text":"Cultura-Geral","link":"https:\/\/www.jornalja.com.br\/arquivo\/category\/materiasecundaria\/"},"img":{"alt_text":"","src":"","width":0,"height":0},"classes":[]},{"id":5440,"url":"https:\/\/www.jornalja.com.br\/arquivo\/casarao-da-venancio-destino-permanece-incerto\/","url_meta":{"origin":42241,"position":1},"title":"Estado ainda n\u00e3o sabe o que fazer com casar\u00e3o abandonado h\u00e1 20 anos","author":"Elmar Bones","date":"6 de julho de 2009","format":false,"excerpt":"O casar\u00e3o amarelo, numa esquina nobre de Porto Alegre (Ven\u00e2ncio Aires com Jo\u00e3o Pessoa), j\u00e1 abrigou uma escola. H\u00e1 duas d\u00e9cadas, pelo menos, est\u00e1 abandonado, porque seu propriet\u00e1rio, o governo do Estado do Rio Grande do Sul, n\u00e3o consegue achar um destino para ele. Planos n\u00e3o faltaram. O governador Ol\u00edvio\u2026","rel":"","context":"Em &quot;X.Categorias velhas&quot;","block_context":{"text":"X.Categorias velhas","link":"https:\/\/www.jornalja.com.br\/arquivo\/category\/x-categorias-velhas\/"},"img":{"alt_text":"geraldo1","src":"https:\/\/i0.wp.com\/www.jornalja.com.br\/wp-content\/uploads\/2009\/07\/geraldo1.jpg?resize=350%2C200&ssl=1","width":350,"height":200},"classes":[]},{"id":13124,"url":"https:\/\/www.jornalja.com.br\/arquivo\/sangue-latino-no-iecine\/","url_meta":{"origin":42241,"position":2},"title":"Sangue latino no IECINE","author":"da Reda\u00e7\u00e3o","date":"18 de maio de 2014","format":false,"excerpt":"Francisco Ribeiro O Instituto Estadual de Cinema (IECINE) tem a frente, desde abril \u00faltimo, um novo diretor, o cineasta colombiano Juan Zapata, 36, que substitui Luiz Alberto Cassol. Radicado h\u00e1 dez anos em Porto Alegre, Zapata tem diante de si o desafio de conduzir at\u00e9 o final do ano um\u2026","rel":"","context":"Em &quot;Cultura-Geral&quot;","block_context":{"text":"Cultura-Geral","link":"https:\/\/www.jornalja.com.br\/arquivo\/category\/materiasecundaria\/"},"img":{"alt_text":"","src":"","width":0,"height":0},"classes":[]},{"id":13101,"url":"https:\/\/www.jornalja.com.br\/arquivo\/morre-um-guerreiro-do-texto\/","url_meta":{"origin":42241,"position":3},"title":"Morre um guerreiro do texto","author":"Patr\u00edcia Marini","date":"14 de maio de 2014","format":false,"excerpt":"Por Ricardo Kotscho Reproduzido do blog do autor, 11\/5\/2014; t\u00edtulo original \u201cE l\u00e1 se foi o nosso Myltainho, guerreiro do texto\u201d. Mi\u00fado e franzino, meu amigo Myltainho era um valente e inconformado guerreiro na luta contra as injusti\u00e7as sociais, a hipocrisia, as maracutaias, o autoritarismo, a intoler\u00e2ncia, a viol\u00eancia, o\u2026","rel":"","context":"Em &quot;Geral&quot;","block_context":{"text":"Geral","link":"https:\/\/www.jornalja.com.br\/arquivo\/category\/geral\/"},"img":{"alt_text":"","src":"","width":0,"height":0},"classes":[]},{"id":13109,"url":"https:\/\/www.jornalja.com.br\/arquivo\/judiciario-reconhece-poluicao-eletromagnetica\/","url_meta":{"origin":42241,"position":4},"title":"Judici\u00e1rio reconhece polui\u00e7\u00e3o eletromagn\u00e9tica","author":"Patr\u00edcia Marini","date":"16 de maio de 2014","format":false,"excerpt":"A\u00e7\u00e3o de duas associa\u00e7\u00f5es de moradores foi acolhida pelo Tribunal de Justi\u00e7a de S\u00e3o Paulo que. em decis\u00e3o in\u00e9dita, determinou a redu\u00e7\u00e3o do campo eletromagn\u00e9tico gerado pelas linhas de transmiss\u00e3o de energia que cortam os bairros City Boa\u00e7ava e Alto de Pinheiros. \u00c9 a primeira vez que um tribunal do\u2026","rel":"","context":"Em &quot;X.Categorias velhas&quot;","block_context":{"text":"X.Categorias velhas","link":"https:\/\/www.jornalja.com.br\/arquivo\/category\/x-categorias-velhas\/"},"img":{"alt_text":"","src":"","width":0,"height":0},"classes":[]},{"id":13240,"url":"https:\/\/www.jornalja.com.br\/arquivo\/plano-diretor-estamos-construindo-o-caos\/","url_meta":{"origin":42241,"position":5},"title":"Plano diretor: &quot;Estamos construindo o caos&quot;","author":"Patr\u00edcia Marini","date":"26 de maio de 2014","format":false,"excerpt":"Desabafo que arquiteta Eliana Castilhos, delegada da Regi\u00e3o de Planejamento 1, postou nas redes sociais \u00e9 um testemunho do ambiente que se criou no Conselho do Plano Diretor de Porto Alegre, onde a aprova\u00e7\u00e3o de grandes empreendimentos \u00e9 empurrada guela abaixo dos conselheiros. Ao CMDUA Como delegada da Regi\u00e3o de\u2026","rel":"","context":"Em &quot;Geral&quot;","block_context":{"text":"Geral","link":"https:\/\/www.jornalja.com.br\/arquivo\/category\/geral\/"},"img":{"alt_text":"","src":"","width":0,"height":0},"classes":[]}],"jetpack_shortlink":"https:\/\/wp.me\/pbQjBd-aZj","jetpack_featured_media_url":"","_links":{"self":[{"href":"https:\/\/www.jornalja.com.br\/arquivo\/wp-json\/wp\/v2\/posts\/42241","targetHints":{"allow":["GET"]}}],"collection":[{"href":"https:\/\/www.jornalja.com.br\/arquivo\/wp-json\/wp\/v2\/posts"}],"about":[{"href":"https:\/\/www.jornalja.com.br\/arquivo\/wp-json\/wp\/v2\/types\/post"}],"author":[{"embeddable":true,"href":"https:\/\/www.jornalja.com.br\/arquivo\/wp-json\/wp\/v2\/users\/4"}],"replies":[{"embeddable":true,"href":"https:\/\/www.jornalja.com.br\/arquivo\/wp-json\/wp\/v2\/comments?post=42241"}],"version-history":[{"count":0,"href":"https:\/\/www.jornalja.com.br\/arquivo\/wp-json\/wp\/v2\/posts\/42241\/revisions"}],"wp:attachment":[{"href":"https:\/\/www.jornalja.com.br\/arquivo\/wp-json\/wp\/v2\/media?parent=42241"}],"wp:term":[{"taxonomy":"category","embeddable":true,"href":"https:\/\/www.jornalja.com.br\/arquivo\/wp-json\/wp\/v2\/categories?post=42241"},{"taxonomy":"post_tag","embeddable":true,"href":"https:\/\/www.jornalja.com.br\/arquivo\/wp-json\/wp\/v2\/tags?post=42241"}],"curies":[{"name":"wp","href":"https:\/\/api.w.org\/{rel}","templated":true}]}}