{"id":42296,"date":"2016-12-13T09:47:08","date_gmt":"2016-12-13T12:47:08","guid":{"rendered":"https:\/\/www.jornalja.com.br\/?p=42296"},"modified":"2016-12-13T09:47:08","modified_gmt":"2016-12-13T12:47:08","slug":"senado-vota-pec-dos-gastos-com-protestos-em-todo-o-pais","status":"publish","type":"post","link":"https:\/\/www.jornalja.com.br\/arquivo\/senado-vota-pec-dos-gastos-com-protestos-em-todo-o-pais\/","title":{"rendered":"Senado aprova PEC dos gastos com protestos em todo o pa\u00eds"},"content":{"rendered":"<p>Manifesta\u00e7\u00f5es de rua em todos os Estados pedem a rejei\u00e7\u00e3o da Proposta de Emenda \u00e0 Constiui\u00e7\u00e3o (PEC) 55, que congela os gastos p\u00fablicos pelos pr\u00f3ximos 20 anos no Brasil.<br \/>\nPesquisa do Datafolha, divulgada hoje, constata que 60% dos brasileiros s\u00e3o contra a medida, que \u00e9 um dos pontos centrais do pacote de ajuste fiscal proposto pelo governo de Michel Temer.<br \/>\nMesmo assim o Senado votou e aprovou a\u00a0PEC 55 em segundo turno nesta ter\u00e7a.<br \/>\nNa primeira vota\u00e7\u00e3o, a PEC foi aprovada por 61 votos a 14, em 30 de novembro. Agora foram 53 votos a favor e 16 contra. Na primeira vota\u00e7\u00e3o, foram 61 a 14.<br \/>\nDois trechos da proposta tinham sido destacados para serem votados separadamente, numa tentativa da oposi\u00e7\u00e3o de modificar o texto.<br \/>\nO primeiro destaque tratava da limita\u00e7\u00e3o de despesas obrigat\u00f3rias, em particular o sal\u00e1rio m\u00ednimo. A oposi\u00e7\u00e3o queria retirar um trecho do texto que falava na despesa com o m\u00ednimo, de modo que ele n\u00e3o fosse afetado pelos limites or\u00e7ament\u00e1rias impostos pela PEC. Por 52 votos a favor e 20 contra os senadores optaram por manter o texto original e n\u00e3o retirar o trecho proposto.<br \/>\nO segundo destaque tentava modificar a proposta para garantir um limite m\u00ednimo de gastos com sa\u00fade e educa\u00e7\u00e3o, mas tamb\u00e9m foi rejeitado por 52 votos contr\u00e1rios e 19 favor\u00e1veis \u00e0 modifica\u00e7\u00e3o do texto.<br \/>\nUma vit\u00f3ria que tira o governo Temer do sufoco que viveu nos \u00faltimos dias, depois do vazamento da dele\u00e7\u00e3o de Cl\u00e1udio Melo Filho, ex-diretor da Odebrecht, que implicou Temer e seus principais homens no governo.<br \/>\nEstudantes, integrantes de movimentos populares, entre outros grupos, participaram dos protestos contra a proposta.<br \/>\nEm Porto Alegre, as manifesta\u00e7\u00f5es come\u00e7aram \u00e0s 7h \u00a0da manh\u00e3 no centro, com o bloqueio parcial da avenida Jo\u00e3o Pessoa.<br \/>\nMais tarde, estudantes bloquearam a Avenida Bento Gon\u00e7alves, no sentido bairro-Centro, em frente \u00e0 Universidade Federal do Rio Grande do Sul.<br \/>\nOs manifestantes atearam fogo numa barricada feita com entulho e pneus. O Batalh\u00e3o de Choque da Brigada Militar foi acionado e os policiais usaram bombas de efeito moral para afastar os manifestantes.<\/p>\n<div class=\"mc-column content-text active-extra-styles\" data-block-type=\"unstyled\">\n<p class=\"content-text__container \" data-track-category=\"Link no Texto\" data-track-links=\"\">Confira o voto de cada senador, conforme o site do Senado Federal:<\/p>\n<\/div>\n<div class=\"mc-column content-media content-media--normal\" data-block-type=\"backstage-photo\">\n<div class=\"content-media__container\">\n<div class=\"content-media__image-centered\">\n<div class=\"progressive-img\"><img decoding=\"async\" class=\"progressive-draft\" title=\" (Foto: )\" src=\"image\/jpeg;base64,\/9j\/4AAQSkZJRgABAQAAAQABAAD\/2wBDAAMCAgMCAgMDAwMEAwMEBQgFBQQEBQoHBwYIDAoMDAsKCwsNDhIQDQ4RDgsLEBYQERMUFRUVDA8XGBYUGBIUFRT\/2wBDAQMEBAUEBQkFBQkUDQsNFBQUFBQUFBQUFBQUFBQUFBQUFBQUFBQUFBQUFBQUFBQUFBQUFBQUFBQUFBQUFBQUFBT\/wgARCAAjABkDASIAAhEBAxEB\/8QAGgABAAMAAwAAAAAAAAAAAAAABAADBQECCP\/EABYBAQEBAAAAAAAAAAAAAAAAAAABAv\/aAAwDAQACEAMQAAAB9AvReyPR6XLnU2CNZQ1nGZJqOTJm\/wD\/xAAgEAABAwQCAwAAAAAAAAAAAAABAAIDBBESExAiITJC\/9oACAEBAAEFAjFOytjmmatjb7Wo2wb1HHzFOXMB8K\/WntoHqsAqZgzc2xX\/xAAWEQADAAAAAAAAAAAAAAAAAAABICH\/2gAIAQMBAT8BEb\/\/xAAXEQEAAwAAAAAAAAAAAAAAAAABECAx\/9oACAECAQE\/AaGMf\/\/EACIQAAAFAwQDAAAAAAAAAAAAAAABAgMhEBExEkFxgQQUMv\/aAAgBAQAGPwLyV+2qy7aGjwkERqbXbMyLqVp4cH0Qd7ERV3kws907Vd5MPdgqYCytE1\/\/xAAhEAACAgICAQUAAAAAAAAAAAABIQARMWEQQVGBkaHR8f\/aAAgBAQABPyEByV6oKM0+4DLBN9UtM0icJn6sANhtcEDFQ1M9D2laEvO\/DDuplAJeJeOBbApggXdlqfE4L0eYiDJ6wQAENGVP\/9oADAMBAAIAAwAAABCmB2z6D\/\/EABgRAQADAQAAAAAAAAAAAAAAAAEQESAx\/9oACAEDAQE\/EACsPSP\/xAAUEQEAAAAAAAAAAAAAAAAAAAAg\/9oACAECAQE\/EEP\/xAAiEAEAAgICAgEFAAAAAAAAAAABESEAMUFhUXEQobHR4fH\/2gAIAQEAAT8QEi6gttJTtNDeOUwLYd6DvjjGQPZJrsCo9Z\/C44BKvZcRXjRhnAChGNLU7P4yP6MYIgMRwqIa6x3G5gIAYXzMfTJaJIWIOPWTjHQQiKm+e8IiKjUhlXeHZ4fb4SFiSjhXeVxIkkDbZgUsRSBzkPGf\/9k=\" alt=\" (Foto: )\" \/><img decoding=\"async\" class=\"image content-media__image\" title=\" (Foto: )\" src=\"http:\/\/s2.glbimg.com\/90gptBsQEXRs7izvK5CZ7-RCuPw=\/0x0:620x880\/984x0\/smart\/filters:strip_icc()\/i.s3.glbimg.com\/v1\/AUTH_59edd422c0c84a879bd37670ae4f538a\/internal_photos\/bs\/2016\/O\/I\/u51pC0Qted68q4rK1Vyw\/senadores1.jpg\" alt=\" (Foto: )\" \/><\/div>\n<\/div>\n<div class=\"content-media__description-centered \">\n<p class=\"content-media__description \"><i class=\"content-media__description__icon theme-color-primary\"><\/i><span class=\"content-media__description__caption\">(Foto: )<\/span><\/p>\n<\/div>\n<\/div>\n<\/div>\n<div class=\"mc-column content-media content-media--normal\" data-block-type=\"backstage-photo\">\n<div class=\"content-media__container\">\n<div class=\"content-media__image-centered\">\n<div class=\"progressive-img\"><img decoding=\"async\" class=\"progressive-draft\" title=\" (Foto: )\" src=\"image\/jpeg;base64,\/9j\/4AAQSkZJRgABAQAAAQABAAD\/2wBDAAMCAgMCAgMDAwMEAwMEBQgFBQQEBQoHBwYIDAoMDAsKCwsNDhIQDQ4RDgsLEBYQERMUFRUVDA8XGBYUGBIUFRT\/2wBDAQMEBAUEBQkFBQkUDQsNFBQUFBQUFBQUFBQUFBQUFBQUFBQUFBQUFBQUFBQUFBQUFBQUFBQUFBQUFBQUFBQUFBT\/wgARCAAjABkDASIAAhEBAxEB\/8QAGAABAAMBAAAAAAAAAAAAAAAABAADBQj\/xAAWAQEBAQAAAAAAAAAAAAAAAAAAAQL\/2gAMAwEAAhADEAAAAel6LRorSIszxrGaayMKgSajEyZv\/8QAIBAAAQMDBQEAAAAAAAAAAAAAAgABAwQRExIhMjRCMf\/aAAgBAQABBQKeVyUc0wtka+QVs40+0I8bLzB1x4rzT9dvieMdNGAuBjZ1\/8QAFhEAAwAAAAAAAAAAAAAAAAAAECBB\/9oACAEDAQE\/AUo\/\/8QAFhEAAwAAAAAAAAAAAAAAAAAAECBB\/9oACAECAQE\/AUg\/\/8QAIhAAAQMDAwUAAAAAAAAAAAAAAQACAxAhcRESQTEyUYGD\/9oACAEBAAY\/Aixjtj+DqEATG\/zdauft+i7gpclS35KFJclS5KFJclS+0KOt1TrIU\/\/EACEQAAICAQMFAQAAAAAAAAAAAAABESExEFGhQWFxscHx\/9oACAEBAAE\/IV0UuywbnFlmyV2JPCWD90fwsu007gkz3RDZGKoHMHg6TNcG\/Ri\/U42ikC5N9xIujdoQgpS8kH\/\/2gAMAwEAAgADAAAAENZIWPnP\/8QAFhEAAwAAAAAAAAAAAAAAAAAAECBB\/9oACAEDAQE\/EEgf\/8QAFxEAAwEAAAAAAAAAAAAAAAAAARAgMf\/aAAgBAgEBPxCBtf\/EACEQAQADAAICAgMBAAAAAAAAAAEAESExQWGBUbEQkfHw\/9oACAEBAAE\/EBKk0ApyUr14IgKUUhesH11FV+8cNcgZ7J\/CzAlpZfb\/AFRIbotPKH9cwaAVXQdoufzCahdvdrsPOdWqwzqEKtK\/X4BVNDxd8xKMDbbfKNr8PqVHwHA9nlYZVpdDmwOaBgj5lfif\/9k=\" alt=\" (Foto: )\" \/><img decoding=\"async\" class=\"image content-media__image\" title=\" (Foto: )\" src=\"http:\/\/s2.glbimg.com\/XF5iuLxNrjmKKwXXS0ByR72fBCU=\/0x0:620x880\/984x0\/smart\/filters:strip_icc()\/i.s3.glbimg.com\/v1\/AUTH_59edd422c0c84a879bd37670ae4f538a\/internal_photos\/bs\/2016\/T\/j\/Uqtwh9SXAqD2186li3ng\/senadores2.jpg\" alt=\" (Foto: )\" \/><\/div>\n<\/div>\n<div class=\"content-media__description-centered \">\n<p class=\"content-media__description \"><i class=\"content-media__description__icon theme-color-primary\"><\/i><span class=\"content-media__description__caption\">(Foto: )<\/span><\/p>\n<\/div>\n<\/div>\n<\/div>\n<div class=\"mc-column content-media content-media--normal\" data-block-type=\"backstage-photo\">\n<div class=\"content-media__container\">\n<div class=\"content-media__image-centered\">\n<div class=\"progressive-img\"><img decoding=\"async\" class=\"progressive-draft\" title=\" (Foto: )\" src=\"image\/jpeg;base64,\/9j\/4AAQSkZJRgABAQAAAQABAAD\/2wBDAAMCAgMCAgMDAwMEAwMEBQgFBQQEBQoHBwYIDAoMDAsKCwsNDhIQDQ4RDgsLEBYQERMUFRUVDA8XGBYUGBIUFRT\/2wBDAQMEBAUEBQkFBQkUDQsNFBQUFBQUFBQUFBQUFBQUFBQUFBQUFBQUFBQUFBQUFBQUFBQUFBQUFBQUFBQUFBQUFBT\/wgARCAAQABkDASIAAhEBAxEB\/8QAFgABAQEAAAAAAAAAAAAAAAAAAwUI\/8QAFQEBAQAAAAAAAAAAAAAAAAAAAAH\/2gAMAwEAAhADEAAAAdKiqINE3P\/EABoQAAIDAQEAAAAAAAAAAAAAAAECAAMTEQT\/2gAIAQEAAQUCvuJld1yjQd1SWq6svnKLmZwT\/8QAFBEBAAAAAAAAAAAAAAAAAAAAEP\/aAAgBAwEBPwE\/\/8QAFBEBAAAAAAAAAAAAAAAAAAAAEP\/aAAgBAgEBPwE\/\/8QAHxAAAgIBBAMAAAAAAAAAAAAAAQIAERIDECExMkFx\/9oACAEBAAY\/AiiNg\/o2IATpvXZuWz4\/NSeQnC5KTZhxoE98mDqtv\/\/EACAQAQACAQIHAAAAAAAAAAAAAAEAESExYUFRcZGhsfH\/2gAIAQEAAT8hJLNyZIoc3F7RVpu6DU+nKIjABw63Caw66PcMGudr4m0T\/9oADAMBAAIAAwAAABBZj\/\/EABQRAQAAAAAAAAAAAAAAAAAAABD\/2gAIAQMBAT8QP\/\/EABURAQEAAAAAAAAAAAAAAAAAABAR\/9oACAECAQE\/EIf\/xAAeEAEAAgICAwEAAAAAAAAAAAABABExQSFhUXHxsf\/aAAgBAQABPxDhyBMUyU3rojQ8TgF3gOdai1q8YNZAarsnycc76o2rZXbxL2xIShvGQ8+YKxQeZv2f2fKn\/9k=\" alt=\" (Foto: )\" \/><\/div>\n<\/div>\n<\/div>\n<\/div>\n<p>&nbsp;<\/p>\n","protected":false},"excerpt":{"rendered":"<p>Manifesta\u00e7\u00f5es de rua em todos os Estados pedem a rejei\u00e7\u00e3o da Proposta de Emenda \u00e0 Constiui\u00e7\u00e3o (PEC) 55, que congela os gastos p\u00fablicos pelos pr\u00f3ximos 20 anos no Brasil. Pesquisa do Datafolha, divulgada hoje, constata que 60% dos brasileiros s\u00e3o contra a medida, que \u00e9 um dos pontos centrais do pacote de ajuste fiscal proposto [&hellip;]<\/p>\n","protected":false},"author":4,"featured_media":42297,"comment_status":"open","ping_status":"closed","sticky":false,"template":"","format":"standard","meta":{"_jetpack_newsletter_access":"","_jetpack_dont_email_post_to_subs":false,"_jetpack_newsletter_tier_id":0,"_jetpack_memberships_contains_paywalled_content":false,"_jetpack_feature_clip_id":0,"_jetpack_memberships_contains_paid_content":false,"footnotes":"","jetpack_post_was_ever_published":false},"categories":[26],"tags":[],"class_list":["post-42296","post","type-post","status-publish","format-standard","has-post-thumbnail","hentry","category-geral"],"aioseo_notices":[],"aioseo_head":"\n\t\t<!-- All in One SEO 5.0.1.1 - aioseo.com -->\n\t<meta name=\"robots\" content=\"max-image-preview:large\" \/>\n\t<meta name=\"author\" content=\"da Reda\u00e7\u00e3o\"\/>\n\t<link rel=\"canonical\" href=\"https:\/\/www.jornalja.com.br\/arquivo\/senado-vota-pec-dos-gastos-com-protestos-em-todo-o-pais\/\" \/>\n\t<meta name=\"generator\" content=\"All in One SEO (AIOSEO) 5.0.1.1\" \/>\n\t\t<meta property=\"og:locale\" content=\"pt_BR\" \/>\n\t\t<meta property=\"og:site_name\" content=\"Arquivo | Jornal J\u00c1 | Porto Alegre\" \/>\n\t\t<meta property=\"og:type\" content=\"article\" \/>\n\t\t<meta property=\"og:title\" content=\"Senado aprova PEC dos gastos com protestos em todo o pa\u00eds | Arquivo\" \/>\n\t\t<meta property=\"og:url\" content=\"https:\/\/www.jornalja.com.br\/arquivo\/senado-vota-pec-dos-gastos-com-protestos-em-todo-o-pais\/\" \/>\n\t\t<meta property=\"og:image\" content=\"https:\/\/www.jornalja.com.br\/arquivo\/image\/jpeg;base64,\/9j\/4AAQSkZJRgABAQAAAQABAAD\/2wBDAAMCAgMCAgMDAwMEAwMEBQgFBQQEBQoHBwYIDAoMDAsKCwsNDhIQDQ4RDgsLEBYQERMUFRUVDA8XGBYUGBIUFRT\/2wBDAQMEBAUEBQkFBQkUDQsNFBQUFBQUFBQUFBQUFBQUFBQUFBQUFBQUFBQUFBQUFBQUFBQUFBQUFBQUFBQUFBQUFBT\/wgARCAAjABkDASIAAhEBAxEB\/8QAGgABAAMAAwAAAAAAAAAAAAAABAADBQECCP\/EABYBAQEBAAAAAAAAAAAAAAAAAAABAv\/aAAwDAQACEAMQAAAB9AvReyPR6XLnU2CNZQ1nGZJqOTJm\/wD\/xAAgEAABAwQCAwAAAAAAAAAAAAABAAIDBBESExAiITJC\/9oACAEBAAEFAjFOytjmmatjb7Wo2wb1HHzFOXMB8K\/WntoHqsAqZgzc2xX\/xAAWEQADAAAAAAAAAAAAAAAAAAABICH\/2gAIAQMBAT8BEb\/\/xAAXEQEAAwAAAAAAAAAAAAAAAAABECAx\/9oACAECAQE\/AaGMf\/\/EACIQAAAFAwQDAAAAAAAAAAAAAAABAgMhEBExEkFxgQQUMv\/aAAgBAQAGPwLyV+2qy7aGjwkERqbXbMyLqVp4cH0Qd7ERV3kws907Vd5MPdgqYCytE1\/\/xAAhEAACAgICAQUAAAAAAAAAAAABIQARMWEQQVGBkaHR8f\/aAAgBAQABPyEByV6oKM0+4DLBN9UtM0icJn6sANhtcEDFQ1M9D2laEvO\/DDuplAJeJeOBbApggXdlqfE4L0eYiDJ6wQAENGVP\/9oADAMBAAIAAwAAABCmB2z6D\/\/EABgRAQADAQAAAAAAAAAAAAAAAAEQESAx\/9oACAEDAQE\/EACsPSP\/xAAUEQEAAAAAAAAAAAAAAAAAAAAg\/9oACAECAQE\/EEP\/xAAiEAEAAgICAgEFAAAAAAAAAAABESEAMUFhUXEQobHR4fH\/2gAIAQEAAT8QEi6gttJTtNDeOUwLYd6DvjjGQPZJrsCo9Z\/C44BKvZcRXjRhnAChGNLU7P4yP6MYIgMRwqIa6x3G5gIAYXzMfTJaJIWIOPWTjHQQiKm+e8IiKjUhlXeHZ4fb4SFiSjhXeVxIkkDbZgUsRSBzkPGf\/9k=\" \/>\n\t\t<meta property=\"og:image:secure_url\" content=\"https:\/\/www.jornalja.com.br\/arquivo\/image\/jpeg;base64,\/9j\/4AAQSkZJRgABAQAAAQABAAD\/2wBDAAMCAgMCAgMDAwMEAwMEBQgFBQQEBQoHBwYIDAoMDAsKCwsNDhIQDQ4RDgsLEBYQERMUFRUVDA8XGBYUGBIUFRT\/2wBDAQMEBAUEBQkFBQkUDQsNFBQUFBQUFBQUFBQUFBQUFBQUFBQUFBQUFBQUFBQUFBQUFBQUFBQUFBQUFBQUFBQUFBT\/wgARCAAjABkDASIAAhEBAxEB\/8QAGgABAAMAAwAAAAAAAAAAAAAABAADBQECCP\/EABYBAQEBAAAAAAAAAAAAAAAAAAABAv\/aAAwDAQACEAMQAAAB9AvReyPR6XLnU2CNZQ1nGZJqOTJm\/wD\/xAAgEAABAwQCAwAAAAAAAAAAAAABAAIDBBESExAiITJC\/9oACAEBAAEFAjFOytjmmatjb7Wo2wb1HHzFOXMB8K\/WntoHqsAqZgzc2xX\/xAAWEQADAAAAAAAAAAAAAAAAAAABICH\/2gAIAQMBAT8BEb\/\/xAAXEQEAAwAAAAAAAAAAAAAAAAABECAx\/9oACAECAQE\/AaGMf\/\/EACIQAAAFAwQDAAAAAAAAAAAAAAABAgMhEBExEkFxgQQUMv\/aAAgBAQAGPwLyV+2qy7aGjwkERqbXbMyLqVp4cH0Qd7ERV3kws907Vd5MPdgqYCytE1\/\/xAAhEAACAgICAQUAAAAAAAAAAAABIQARMWEQQVGBkaHR8f\/aAAgBAQABPyEByV6oKM0+4DLBN9UtM0icJn6sANhtcEDFQ1M9D2laEvO\/DDuplAJeJeOBbApggXdlqfE4L0eYiDJ6wQAENGVP\/9oADAMBAAIAAwAAABCmB2z6D\/\/EABgRAQADAQAAAAAAAAAAAAAAAAEQESAx\/9oACAEDAQE\/EACsPSP\/xAAUEQEAAAAAAAAAAAAAAAAAAAAg\/9oACAECAQE\/EEP\/xAAiEAEAAgICAgEFAAAAAAAAAAABESEAMUFhUXEQobHR4fH\/2gAIAQEAAT8QEi6gttJTtNDeOUwLYd6DvjjGQPZJrsCo9Z\/C44BKvZcRXjRhnAChGNLU7P4yP6MYIgMRwqIa6x3G5gIAYXzMfTJaJIWIOPWTjHQQiKm+e8IiKjUhlXeHZ4fb4SFiSjhXeVxIkkDbZgUsRSBzkPGf\/9k=\" \/>\n\t\t<meta property=\"article:published_time\" content=\"2016-12-13T12:47:08+00:00\" \/>\n\t\t<meta property=\"article:modified_time\" content=\"2016-12-13T12:47:08+00:00\" \/>\n\t\t<meta name=\"twitter:card\" content=\"summary\" \/>\n\t\t<meta name=\"twitter:title\" content=\"Senado aprova PEC dos gastos com protestos em todo o pa\u00eds | Arquivo\" \/>\n\t\t<meta name=\"twitter:image\" content=\"https:\/\/www.jornalja.com.br\/economics\/wp-content\/uploads\/sites\/11\/2026\/08\/ja-folhaderosto-facebook.jpg\" \/>\n\t\t<script type=\"application\/ld+json\" class=\"aioseo-schema\">\n\t\t\t{\"@context\":\"https:\\\/\\\/schema.org\",\"@graph\":[{\"@type\":\"BlogPosting\",\"@id\":\"https:\\\/\\\/www.jornalja.com.br\\\/arquivo\\\/senado-vota-pec-dos-gastos-com-protestos-em-todo-o-pais\\\/#blogposting\",\"name\":\"Senado aprova PEC dos gastos com protestos em todo o pa\\u00eds | Arquivo\",\"headline\":\"Senado aprova PEC dos gastos com protestos em todo o pa\\u00eds\",\"author\":{\"@id\":\"https:\\\/\\\/www.jornalja.com.br\\\/arquivo\\\/author\\\/daredacao\\\/#author\"},\"publisher\":{\"@id\":\"https:\\\/\\\/www.jornalja.com.br\\\/arquivo\\\/#organization\"},\"image\":{\"@type\":\"ImageObject\",\"url\":42297},\"datePublished\":\"2016-12-13T09:47:08-02:00\",\"dateModified\":\"2016-12-13T09:47:08-02:00\",\"inLanguage\":\"pt-BR\",\"mainEntityOfPage\":{\"@id\":\"https:\\\/\\\/www.jornalja.com.br\\\/arquivo\\\/senado-vota-pec-dos-gastos-com-protestos-em-todo-o-pais\\\/#webpage\"},\"isPartOf\":{\"@id\":\"https:\\\/\\\/www.jornalja.com.br\\\/arquivo\\\/senado-vota-pec-dos-gastos-com-protestos-em-todo-o-pais\\\/#webpage\"},\"articleSection\":\"Geral\"},{\"@type\":\"BreadcrumbList\",\"@id\":\"https:\\\/\\\/www.jornalja.com.br\\\/arquivo\\\/senado-vota-pec-dos-gastos-com-protestos-em-todo-o-pais\\\/#breadcrumblist\",\"itemListElement\":[{\"@type\":\"ListItem\",\"@id\":\"https:\\\/\\\/www.jornalja.com.br\\\/arquivo#listItem\",\"position\":1,\"name\":\"Home\",\"item\":\"https:\\\/\\\/www.jornalja.com.br\\\/arquivo\",\"nextItem\":{\"@type\":\"ListItem\",\"@id\":\"https:\\\/\\\/www.jornalja.com.br\\\/arquivo\\\/category\\\/geral\\\/#listItem\",\"name\":\"Geral\"}},{\"@type\":\"ListItem\",\"@id\":\"https:\\\/\\\/www.jornalja.com.br\\\/arquivo\\\/category\\\/geral\\\/#listItem\",\"position\":2,\"name\":\"Geral\",\"item\":\"https:\\\/\\\/www.jornalja.com.br\\\/arquivo\\\/category\\\/geral\\\/\",\"nextItem\":{\"@type\":\"ListItem\",\"@id\":\"https:\\\/\\\/www.jornalja.com.br\\\/arquivo\\\/senado-vota-pec-dos-gastos-com-protestos-em-todo-o-pais\\\/#listItem\",\"name\":\"Senado aprova PEC dos gastos com protestos em todo o pa\\u00eds\"},\"previousItem\":{\"@type\":\"ListItem\",\"@id\":\"https:\\\/\\\/www.jornalja.com.br\\\/arquivo#listItem\",\"name\":\"Home\"}},{\"@type\":\"ListItem\",\"@id\":\"https:\\\/\\\/www.jornalja.com.br\\\/arquivo\\\/senado-vota-pec-dos-gastos-com-protestos-em-todo-o-pais\\\/#listItem\",\"position\":3,\"name\":\"Senado aprova PEC dos gastos com protestos em todo o pa\\u00eds\",\"previousItem\":{\"@type\":\"ListItem\",\"@id\":\"https:\\\/\\\/www.jornalja.com.br\\\/arquivo\\\/category\\\/geral\\\/#listItem\",\"name\":\"Geral\"}}]},{\"@type\":\"Organization\",\"@id\":\"https:\\\/\\\/www.jornalja.com.br\\\/arquivo\\\/#organization\",\"name\":\"Jornal J\\u00c1\",\"description\":\"Jornal J\\u00c1 | Porto Alegre\",\"url\":\"https:\\\/\\\/www.jornalja.com.br\\\/arquivo\\\/\",\"telephone\":\"+555133307272\",\"logo\":{\"@type\":\"ImageObject\",\"url\":\"https:\\\/\\\/www.jornalja.com.br\\\/wp-content\\\/uploads\\\/cards\\\/JAslogan.png\",\"@id\":\"https:\\\/\\\/www.jornalja.com.br\\\/arquivo\\\/senado-vota-pec-dos-gastos-com-protestos-em-todo-o-pais\\\/#organizationLogo\"},\"image\":{\"@id\":\"https:\\\/\\\/www.jornalja.com.br\\\/arquivo\\\/senado-vota-pec-dos-gastos-com-protestos-em-todo-o-pais\\\/#organizationLogo\"}},{\"@type\":\"Person\",\"@id\":\"https:\\\/\\\/www.jornalja.com.br\\\/arquivo\\\/author\\\/daredacao\\\/#author\",\"url\":\"https:\\\/\\\/www.jornalja.com.br\\\/arquivo\\\/author\\\/daredacao\\\/\",\"name\":\"da Reda\\u00e7\\u00e3o\",\"image\":{\"@type\":\"ImageObject\",\"@id\":\"https:\\\/\\\/www.jornalja.com.br\\\/arquivo\\\/senado-vota-pec-dos-gastos-com-protestos-em-todo-o-pais\\\/#authorImage\",\"url\":\"https:\\\/\\\/secure.gravatar.com\\\/avatar\\\/469fd857d6605ad19919d27ed29d35a968a25f6e8fd9318356bbb7f57aae9c65?s=96&d=mm&r=g\",\"width\":96,\"height\":96,\"caption\":\"da Reda\\u00e7\\u00e3o\"}},{\"@type\":\"WebPage\",\"@id\":\"https:\\\/\\\/www.jornalja.com.br\\\/arquivo\\\/senado-vota-pec-dos-gastos-com-protestos-em-todo-o-pais\\\/#webpage\",\"url\":\"https:\\\/\\\/www.jornalja.com.br\\\/arquivo\\\/senado-vota-pec-dos-gastos-com-protestos-em-todo-o-pais\\\/\",\"name\":\"Senado aprova PEC dos gastos com protestos em todo o pa\\u00eds | Arquivo\",\"inLanguage\":\"pt-BR\",\"isPartOf\":{\"@id\":\"https:\\\/\\\/www.jornalja.com.br\\\/arquivo\\\/#website\"},\"breadcrumb\":{\"@id\":\"https:\\\/\\\/www.jornalja.com.br\\\/arquivo\\\/senado-vota-pec-dos-gastos-com-protestos-em-todo-o-pais\\\/#breadcrumblist\"},\"author\":{\"@id\":\"https:\\\/\\\/www.jornalja.com.br\\\/arquivo\\\/author\\\/daredacao\\\/#author\"},\"creator\":{\"@id\":\"https:\\\/\\\/www.jornalja.com.br\\\/arquivo\\\/author\\\/daredacao\\\/#author\"},\"image\":{\"@type\":\"ImageObject\",\"url\":42297,\"@id\":\"https:\\\/\\\/www.jornalja.com.br\\\/arquivo\\\/senado-vota-pec-dos-gastos-com-protestos-em-todo-o-pais\\\/#mainImage\"},\"primaryImageOfPage\":{\"@id\":\"https:\\\/\\\/www.jornalja.com.br\\\/arquivo\\\/senado-vota-pec-dos-gastos-com-protestos-em-todo-o-pais\\\/#mainImage\"},\"datePublished\":\"2016-12-13T09:47:08-02:00\",\"dateModified\":\"2016-12-13T09:47:08-02:00\"},{\"@type\":\"WebSite\",\"@id\":\"https:\\\/\\\/www.jornalja.com.br\\\/arquivo\\\/#website\",\"url\":\"https:\\\/\\\/www.jornalja.com.br\\\/arquivo\\\/\",\"name\":\"Arquivo\",\"description\":\"Jornal J\\u00c1 | Porto Alegre\",\"inLanguage\":\"pt-BR\",\"publisher\":{\"@id\":\"https:\\\/\\\/www.jornalja.com.br\\\/arquivo\\\/#organization\"}}]}\n\t\t<\/script>\n\t\t<!-- All in One SEO -->\n\n","aioseo_head_json":{"title":"Senado aprova PEC dos gastos com protestos em todo o pa\u00eds | Arquivo","description":"","canonical_url":"https:\/\/www.jornalja.com.br\/arquivo\/senado-vota-pec-dos-gastos-com-protestos-em-todo-o-pais\/","robots":"max-image-preview:large","keywords":"","webmasterTools":{"miscellaneous":""},"schema":{"@context":"https:\/\/schema.org","@graph":[{"@type":"BlogPosting","@id":"https:\/\/www.jornalja.com.br\/arquivo\/senado-vota-pec-dos-gastos-com-protestos-em-todo-o-pais\/#blogposting","name":"Senado aprova PEC dos gastos com protestos em todo o pa\u00eds | Arquivo","headline":"Senado aprova PEC dos gastos com protestos em todo o pa\u00eds","author":{"@id":"https:\/\/www.jornalja.com.br\/arquivo\/author\/daredacao\/#author"},"publisher":{"@id":"https:\/\/www.jornalja.com.br\/arquivo\/#organization"},"image":{"@type":"ImageObject","url":42297},"datePublished":"2016-12-13T09:47:08-02:00","dateModified":"2016-12-13T09:47:08-02:00","inLanguage":"pt-BR","mainEntityOfPage":{"@id":"https:\/\/www.jornalja.com.br\/arquivo\/senado-vota-pec-dos-gastos-com-protestos-em-todo-o-pais\/#webpage"},"isPartOf":{"@id":"https:\/\/www.jornalja.com.br\/arquivo\/senado-vota-pec-dos-gastos-com-protestos-em-todo-o-pais\/#webpage"},"articleSection":"Geral"},{"@type":"BreadcrumbList","@id":"https:\/\/www.jornalja.com.br\/arquivo\/senado-vota-pec-dos-gastos-com-protestos-em-todo-o-pais\/#breadcrumblist","itemListElement":[{"@type":"ListItem","@id":"https:\/\/www.jornalja.com.br\/arquivo#listItem","position":1,"name":"Home","item":"https:\/\/www.jornalja.com.br\/arquivo","nextItem":{"@type":"ListItem","@id":"https:\/\/www.jornalja.com.br\/arquivo\/category\/geral\/#listItem","name":"Geral"}},{"@type":"ListItem","@id":"https:\/\/www.jornalja.com.br\/arquivo\/category\/geral\/#listItem","position":2,"name":"Geral","item":"https:\/\/www.jornalja.com.br\/arquivo\/category\/geral\/","nextItem":{"@type":"ListItem","@id":"https:\/\/www.jornalja.com.br\/arquivo\/senado-vota-pec-dos-gastos-com-protestos-em-todo-o-pais\/#listItem","name":"Senado aprova PEC dos gastos com protestos em todo o pa\u00eds"},"previousItem":{"@type":"ListItem","@id":"https:\/\/www.jornalja.com.br\/arquivo#listItem","name":"Home"}},{"@type":"ListItem","@id":"https:\/\/www.jornalja.com.br\/arquivo\/senado-vota-pec-dos-gastos-com-protestos-em-todo-o-pais\/#listItem","position":3,"name":"Senado aprova PEC dos gastos com protestos em todo o pa\u00eds","previousItem":{"@type":"ListItem","@id":"https:\/\/www.jornalja.com.br\/arquivo\/category\/geral\/#listItem","name":"Geral"}}]},{"@type":"Organization","@id":"https:\/\/www.jornalja.com.br\/arquivo\/#organization","name":"Jornal J\u00c1","description":"Jornal J\u00c1 | Porto Alegre","url":"https:\/\/www.jornalja.com.br\/arquivo\/","telephone":"+555133307272","logo":{"@type":"ImageObject","url":"https:\/\/www.jornalja.com.br\/wp-content\/uploads\/cards\/JAslogan.png","@id":"https:\/\/www.jornalja.com.br\/arquivo\/senado-vota-pec-dos-gastos-com-protestos-em-todo-o-pais\/#organizationLogo"},"image":{"@id":"https:\/\/www.jornalja.com.br\/arquivo\/senado-vota-pec-dos-gastos-com-protestos-em-todo-o-pais\/#organizationLogo"}},{"@type":"Person","@id":"https:\/\/www.jornalja.com.br\/arquivo\/author\/daredacao\/#author","url":"https:\/\/www.jornalja.com.br\/arquivo\/author\/daredacao\/","name":"da Reda\u00e7\u00e3o","image":{"@type":"ImageObject","@id":"https:\/\/www.jornalja.com.br\/arquivo\/senado-vota-pec-dos-gastos-com-protestos-em-todo-o-pais\/#authorImage","url":"https:\/\/secure.gravatar.com\/avatar\/469fd857d6605ad19919d27ed29d35a968a25f6e8fd9318356bbb7f57aae9c65?s=96&d=mm&r=g","width":96,"height":96,"caption":"da Reda\u00e7\u00e3o"}},{"@type":"WebPage","@id":"https:\/\/www.jornalja.com.br\/arquivo\/senado-vota-pec-dos-gastos-com-protestos-em-todo-o-pais\/#webpage","url":"https:\/\/www.jornalja.com.br\/arquivo\/senado-vota-pec-dos-gastos-com-protestos-em-todo-o-pais\/","name":"Senado aprova PEC dos gastos com protestos em todo o pa\u00eds | Arquivo","inLanguage":"pt-BR","isPartOf":{"@id":"https:\/\/www.jornalja.com.br\/arquivo\/#website"},"breadcrumb":{"@id":"https:\/\/www.jornalja.com.br\/arquivo\/senado-vota-pec-dos-gastos-com-protestos-em-todo-o-pais\/#breadcrumblist"},"author":{"@id":"https:\/\/www.jornalja.com.br\/arquivo\/author\/daredacao\/#author"},"creator":{"@id":"https:\/\/www.jornalja.com.br\/arquivo\/author\/daredacao\/#author"},"image":{"@type":"ImageObject","url":42297,"@id":"https:\/\/www.jornalja.com.br\/arquivo\/senado-vota-pec-dos-gastos-com-protestos-em-todo-o-pais\/#mainImage"},"primaryImageOfPage":{"@id":"https:\/\/www.jornalja.com.br\/arquivo\/senado-vota-pec-dos-gastos-com-protestos-em-todo-o-pais\/#mainImage"},"datePublished":"2016-12-13T09:47:08-02:00","dateModified":"2016-12-13T09:47:08-02:00"},{"@type":"WebSite","@id":"https:\/\/www.jornalja.com.br\/arquivo\/#website","url":"https:\/\/www.jornalja.com.br\/arquivo\/","name":"Arquivo","description":"Jornal J\u00c1 | Porto Alegre","inLanguage":"pt-BR","publisher":{"@id":"https:\/\/www.jornalja.com.br\/arquivo\/#organization"}}]},"og:locale":"pt_BR","og:site_name":"Arquivo | Jornal J\u00c1 | Porto Alegre","og:type":"article","og:title":"Senado aprova PEC dos gastos com protestos em todo o pa\u00eds | Arquivo","og:url":"https:\/\/www.jornalja.com.br\/arquivo\/senado-vota-pec-dos-gastos-com-protestos-em-todo-o-pais\/","og:image":"https:\/\/www.jornalja.com.br\/arquivo\/image\/jpeg;base64,\/9j\/4AAQSkZJRgABAQAAAQABAAD\/2wBDAAMCAgMCAgMDAwMEAwMEBQgFBQQEBQoHBwYIDAoMDAsKCwsNDhIQDQ4RDgsLEBYQERMUFRUVDA8XGBYUGBIUFRT\/2wBDAQMEBAUEBQkFBQkUDQsNFBQUFBQUFBQUFBQUFBQUFBQUFBQUFBQUFBQUFBQUFBQUFBQUFBQUFBQUFBQUFBQUFBT\/wgARCAAjABkDASIAAhEBAxEB\/8QAGgABAAMAAwAAAAAAAAAAAAAABAADBQECCP\/EABYBAQEBAAAAAAAAAAAAAAAAAAABAv\/aAAwDAQACEAMQAAAB9AvReyPR6XLnU2CNZQ1nGZJqOTJm\/wD\/xAAgEAABAwQCAwAAAAAAAAAAAAABAAIDBBESExAiITJC\/9oACAEBAAEFAjFOytjmmatjb7Wo2wb1HHzFOXMB8K\/WntoHqsAqZgzc2xX\/xAAWEQADAAAAAAAAAAAAAAAAAAABICH\/2gAIAQMBAT8BEb\/\/xAAXEQEAAwAAAAAAAAAAAAAAAAABECAx\/9oACAECAQE\/AaGMf\/\/EACIQAAAFAwQDAAAAAAAAAAAAAAABAgMhEBExEkFxgQQUMv\/aAAgBAQAGPwLyV+2qy7aGjwkERqbXbMyLqVp4cH0Qd7ERV3kws907Vd5MPdgqYCytE1\/\/xAAhEAACAgICAQUAAAAAAAAAAAABIQARMWEQQVGBkaHR8f\/aAAgBAQABPyEByV6oKM0+4DLBN9UtM0icJn6sANhtcEDFQ1M9D2laEvO\/DDuplAJeJeOBbApggXdlqfE4L0eYiDJ6wQAENGVP\/9oADAMBAAIAAwAAABCmB2z6D\/\/EABgRAQADAQAAAAAAAAAAAAAAAAEQESAx\/9oACAEDAQE\/EACsPSP\/xAAUEQEAAAAAAAAAAAAAAAAAAAAg\/9oACAECAQE\/EEP\/xAAiEAEAAgICAgEFAAAAAAAAAAABESEAMUFhUXEQobHR4fH\/2gAIAQEAAT8QEi6gttJTtNDeOUwLYd6DvjjGQPZJrsCo9Z\/C44BKvZcRXjRhnAChGNLU7P4yP6MYIgMRwqIa6x3G5gIAYXzMfTJaJIWIOPWTjHQQiKm+e8IiKjUhlXeHZ4fb4SFiSjhXeVxIkkDbZgUsRSBzkPGf\/9k=","og:image:secure_url":"https:\/\/www.jornalja.com.br\/arquivo\/image\/jpeg;base64,\/9j\/4AAQSkZJRgABAQAAAQABAAD\/2wBDAAMCAgMCAgMDAwMEAwMEBQgFBQQEBQoHBwYIDAoMDAsKCwsNDhIQDQ4RDgsLEBYQERMUFRUVDA8XGBYUGBIUFRT\/2wBDAQMEBAUEBQkFBQkUDQsNFBQUFBQUFBQUFBQUFBQUFBQUFBQUFBQUFBQUFBQUFBQUFBQUFBQUFBQUFBQUFBQUFBT\/wgARCAAjABkDASIAAhEBAxEB\/8QAGgABAAMAAwAAAAAAAAAAAAAABAADBQECCP\/EABYBAQEBAAAAAAAAAAAAAAAAAAABAv\/aAAwDAQACEAMQAAAB9AvReyPR6XLnU2CNZQ1nGZJqOTJm\/wD\/xAAgEAABAwQCAwAAAAAAAAAAAAABAAIDBBESExAiITJC\/9oACAEBAAEFAjFOytjmmatjb7Wo2wb1HHzFOXMB8K\/WntoHqsAqZgzc2xX\/xAAWEQADAAAAAAAAAAAAAAAAAAABICH\/2gAIAQMBAT8BEb\/\/xAAXEQEAAwAAAAAAAAAAAAAAAAABECAx\/9oACAECAQE\/AaGMf\/\/EACIQAAAFAwQDAAAAAAAAAAAAAAABAgMhEBExEkFxgQQUMv\/aAAgBAQAGPwLyV+2qy7aGjwkERqbXbMyLqVp4cH0Qd7ERV3kws907Vd5MPdgqYCytE1\/\/xAAhEAACAgICAQUAAAAAAAAAAAABIQARMWEQQVGBkaHR8f\/aAAgBAQABPyEByV6oKM0+4DLBN9UtM0icJn6sANhtcEDFQ1M9D2laEvO\/DDuplAJeJeOBbApggXdlqfE4L0eYiDJ6wQAENGVP\/9oADAMBAAIAAwAAABCmB2z6D\/\/EABgRAQADAQAAAAAAAAAAAAAAAAEQESAx\/9oACAEDAQE\/EACsPSP\/xAAUEQEAAAAAAAAAAAAAAAAAAAAg\/9oACAECAQE\/EEP\/xAAiEAEAAgICAgEFAAAAAAAAAAABESEAMUFhUXEQobHR4fH\/2gAIAQEAAT8QEi6gttJTtNDeOUwLYd6DvjjGQPZJrsCo9Z\/C44BKvZcRXjRhnAChGNLU7P4yP6MYIgMRwqIa6x3G5gIAYXzMfTJaJIWIOPWTjHQQiKm+e8IiKjUhlXeHZ4fb4SFiSjhXeVxIkkDbZgUsRSBzkPGf\/9k=","article:published_time":"2016-12-13T12:47:08+00:00","article:modified_time":"2016-12-13T12:47:08+00:00","twitter:card":"summary","twitter:title":"Senado aprova PEC dos gastos com protestos em todo o pa\u00eds | Arquivo","twitter:image":"https:\/\/www.jornalja.com.br\/economics\/wp-content\/uploads\/sites\/11\/2026\/08\/ja-folhaderosto-facebook.jpg"},"aioseo_meta_data":{"post_id":"42296","title":null,"description":null,"keywords":null,"keyphrases":null,"primary_term":null,"canonical_url":null,"og_title":null,"og_description":null,"og_object_type":"default","og_image_type":"default","og_image_url":null,"og_image_width":null,"og_image_height":null,"og_image_custom_url":null,"og_image_custom_fields":null,"og_video":null,"og_custom_url":null,"og_article_section":null,"og_article_tags":null,"twitter_use_og":false,"twitter_card":"default","twitter_image_type":"default","twitter_image_url":null,"twitter_image_custom_url":null,"twitter_image_custom_fields":null,"twitter_title":null,"twitter_description":null,"schema":{"blockGraphs":[],"customGraphs":[],"default":{"data":{"Article":[],"Course":[],"Dataset":[],"FAQPage":[],"Movie":[],"Person":[],"Product":[],"ProductReview":[],"Car":[],"Recipe":[],"Service":[],"SoftwareApplication":[],"WebPage":[]},"graphName":"","isEnabled":true},"graphs":[],"defaultGraph":"","defaultPostTypeGraph":""},"schema_type":null,"schema_type_options":null,"pillar_content":false,"robots_default":true,"robots_noindex":false,"robots_noarchive":false,"robots_nosnippet":false,"robots_nofollow":false,"robots_noimageindex":false,"robots_noodp":false,"robots_notranslate":false,"robots_max_snippet":null,"robots_max_videopreview":null,"robots_max_imagepreview":"large","priority":null,"frequency":null,"location":null,"local_seo":null,"breadcrumb_settings":null,"limit_modified_date":false,"ai":null,"created":"2020-12-20 20:44:21","updated":"2025-07-19 18:38:12","seo_analyzer_scan_date":null,"focus_keyword":null,"additional_keywords":null,"truseo_locale":null},"jetpack_sharing_enabled":true,"jetpack-related-posts":[{"id":13240,"url":"https:\/\/www.jornalja.com.br\/arquivo\/plano-diretor-estamos-construindo-o-caos\/","url_meta":{"origin":42296,"position":0},"title":"Plano diretor: &quot;Estamos construindo o caos&quot;","author":"Patr\u00edcia Marini","date":"26 de maio de 2014","format":false,"excerpt":"Desabafo que arquiteta Eliana Castilhos, delegada da Regi\u00e3o de Planejamento 1, postou nas redes sociais \u00e9 um testemunho do ambiente que se criou no Conselho do Plano Diretor de Porto Alegre, onde a aprova\u00e7\u00e3o de grandes empreendimentos \u00e9 empurrada guela abaixo dos conselheiros. Ao CMDUA Como delegada da Regi\u00e3o de\u2026","rel":"","context":"Em &quot;Geral&quot;","block_context":{"text":"Geral","link":"https:\/\/www.jornalja.com.br\/arquivo\/category\/geral\/"},"img":{"alt_text":"","src":"","width":0,"height":0},"classes":[]},{"id":13239,"url":"https:\/\/www.jornalja.com.br\/arquivo\/conselho-desdenha-do-plano-diretor\/","url_meta":{"origin":42296,"position":1},"title":"Porto Alegre: Conselho detona Plano Diretor","author":"Patr\u00edcia Marini","date":"25 de maio de 2014","format":false,"excerpt":"Den\u00fancia do arquiteto e \u00a0urbanista Ibir\u00e1 Santos Lucas. Ele diz que os conselheiros est\u00e3o votando com \"enorme irresponsabilidade\". \"Mudam regime com a maior naturalidade,,,regularizam absurdos de constru\u00e7\u00f5es irregulares... \"O CMDUA est\u00e1 flexibilizando a lei do plano diretor, de uma forma impactante na vida da cidade. Mudam regime com a maior\u2026","rel":"","context":"Em &quot;Geral&quot;","block_context":{"text":"Geral","link":"https:\/\/www.jornalja.com.br\/arquivo\/category\/geral\/"},"img":{"alt_text":"","src":"","width":0,"height":0},"classes":[]},{"id":13109,"url":"https:\/\/www.jornalja.com.br\/arquivo\/judiciario-reconhece-poluicao-eletromagnetica\/","url_meta":{"origin":42296,"position":2},"title":"Judici\u00e1rio reconhece polui\u00e7\u00e3o eletromagn\u00e9tica","author":"Patr\u00edcia Marini","date":"16 de maio de 2014","format":false,"excerpt":"A\u00e7\u00e3o de duas associa\u00e7\u00f5es de moradores foi acolhida pelo Tribunal de Justi\u00e7a de S\u00e3o Paulo que. em decis\u00e3o in\u00e9dita, determinou a redu\u00e7\u00e3o do campo eletromagn\u00e9tico gerado pelas linhas de transmiss\u00e3o de energia que cortam os bairros City Boa\u00e7ava e Alto de Pinheiros. \u00c9 a primeira vez que um tribunal do\u2026","rel":"","context":"Em &quot;X.Categorias velhas&quot;","block_context":{"text":"X.Categorias velhas","link":"https:\/\/www.jornalja.com.br\/arquivo\/category\/x-categorias-velhas\/"},"img":{"alt_text":"","src":"","width":0,"height":0},"classes":[]},{"id":1280,"url":"https:\/\/www.jornalja.com.br\/arquivo\/o-menino-que-se-tornou-brizola\/","url_meta":{"origin":42296,"position":3},"title":"O Menino que se Tornou Brizola","author":"da Reda\u00e7\u00e3o","date":"28 de julho de 2008","format":false,"excerpt":"Autor: Cleber Dioni A vida de Leonel Brizola, com \u00eanfase para os primeiros anos em Porto Alegre, at\u00e9 o ex\u00edlio no Uruguai e a volta, quinze anos depois. \u00a0\"...\u00c9ramos todos jovens e nos identific\u00e1vamos com aquela massa an\u00f4nima a percorrer as ruas de Porto Alegre, gritando 'Get\u00falio', 'Get\u00falio' e empunhando\u2026","rel":"","context":"Em &quot;Livros&quot;","block_context":{"text":"Livros","link":"https:\/\/www.jornalja.com.br\/arquivo\/category\/livros\/"},"img":{"alt_text":"","src":"https:\/\/i0.wp.com\/www.jornalja.com.br\/wp-content\/uploads\/2008\/07\/brizola.gif?resize=350%2C200&ssl=1","width":350,"height":200},"classes":[]},{"id":5440,"url":"https:\/\/www.jornalja.com.br\/arquivo\/casarao-da-venancio-destino-permanece-incerto\/","url_meta":{"origin":42296,"position":4},"title":"Estado ainda n\u00e3o sabe o que fazer com casar\u00e3o abandonado h\u00e1 20 anos","author":"Elmar Bones","date":"6 de julho de 2009","format":false,"excerpt":"O casar\u00e3o amarelo, numa esquina nobre de Porto Alegre (Ven\u00e2ncio Aires com Jo\u00e3o Pessoa), j\u00e1 abrigou uma escola. H\u00e1 duas d\u00e9cadas, pelo menos, est\u00e1 abandonado, porque seu propriet\u00e1rio, o governo do Estado do Rio Grande do Sul, n\u00e3o consegue achar um destino para ele. Planos n\u00e3o faltaram. O governador Ol\u00edvio\u2026","rel":"","context":"Em &quot;X.Categorias velhas&quot;","block_context":{"text":"X.Categorias velhas","link":"https:\/\/www.jornalja.com.br\/arquivo\/category\/x-categorias-velhas\/"},"img":{"alt_text":"geraldo1","src":"https:\/\/i0.wp.com\/www.jornalja.com.br\/wp-content\/uploads\/2009\/07\/geraldo1.jpg?resize=350%2C200&ssl=1","width":350,"height":200},"classes":[]},{"id":13101,"url":"https:\/\/www.jornalja.com.br\/arquivo\/morre-um-guerreiro-do-texto\/","url_meta":{"origin":42296,"position":5},"title":"Morre um guerreiro do texto","author":"Patr\u00edcia Marini","date":"14 de maio de 2014","format":false,"excerpt":"Por Ricardo Kotscho Reproduzido do blog do autor, 11\/5\/2014; t\u00edtulo original \u201cE l\u00e1 se foi o nosso Myltainho, guerreiro do texto\u201d. Mi\u00fado e franzino, meu amigo Myltainho era um valente e inconformado guerreiro na luta contra as injusti\u00e7as sociais, a hipocrisia, as maracutaias, o autoritarismo, a intoler\u00e2ncia, a viol\u00eancia, o\u2026","rel":"","context":"Em &quot;Geral&quot;","block_context":{"text":"Geral","link":"https:\/\/www.jornalja.com.br\/arquivo\/category\/geral\/"},"img":{"alt_text":"","src":"","width":0,"height":0},"classes":[]}],"jetpack_shortlink":"https:\/\/wp.me\/pbQjBd-b0c","jetpack_featured_media_url":"","_links":{"self":[{"href":"https:\/\/www.jornalja.com.br\/arquivo\/wp-json\/wp\/v2\/posts\/42296","targetHints":{"allow":["GET"]}}],"collection":[{"href":"https:\/\/www.jornalja.com.br\/arquivo\/wp-json\/wp\/v2\/posts"}],"about":[{"href":"https:\/\/www.jornalja.com.br\/arquivo\/wp-json\/wp\/v2\/types\/post"}],"author":[{"embeddable":true,"href":"https:\/\/www.jornalja.com.br\/arquivo\/wp-json\/wp\/v2\/users\/4"}],"replies":[{"embeddable":true,"href":"https:\/\/www.jornalja.com.br\/arquivo\/wp-json\/wp\/v2\/comments?post=42296"}],"version-history":[{"count":0,"href":"https:\/\/www.jornalja.com.br\/arquivo\/wp-json\/wp\/v2\/posts\/42296\/revisions"}],"wp:attachment":[{"href":"https:\/\/www.jornalja.com.br\/arquivo\/wp-json\/wp\/v2\/media?parent=42296"}],"wp:term":[{"taxonomy":"category","embeddable":true,"href":"https:\/\/www.jornalja.com.br\/arquivo\/wp-json\/wp\/v2\/categories?post=42296"},{"taxonomy":"post_tag","embeddable":true,"href":"https:\/\/www.jornalja.com.br\/arquivo\/wp-json\/wp\/v2\/tags?post=42296"}],"curies":[{"name":"wp","href":"https:\/\/api.w.org\/{rel}","templated":true}]}}