{"id":42308,"date":"2016-12-13T10:48:07","date_gmt":"2016-12-13T13:48:07","guid":{"rendered":"https:\/\/www.jornalja.com.br\/?p=42308"},"modified":"2016-12-13T10:48:07","modified_gmt":"2016-12-13T13:48:07","slug":"mp-cria-grupo-para-buscar-solucoes-para-os-moradores-de-rua","status":"publish","type":"post","link":"https:\/\/www.jornalja.com.br\/arquivo\/mp-cria-grupo-para-buscar-solucoes-para-os-moradores-de-rua\/","title":{"rendered":"MP cria grupo para buscar solu\u00e7\u00f5es para os moradores de rua"},"content":{"rendered":"<p>O Minist\u00e9rio P\u00fablico criou, no in\u00edcio deste m\u00eas, um grupo de trabalho para buscar, juntamente com outras entidades e \u00f3rg\u00e3os envolvidos, solu\u00e7\u00f5es para a quest\u00e3o dos moradores de rua em Porto Alegre.<br \/>\n<figure id=\"attachment_42311\" aria-describedby=\"caption-attachment-42311\" style=\"width: 256px\" class=\"wp-caption alignleft\"><img loading=\"lazy\" decoding=\"async\" class=\" wp-image-42311\" src=\"https:\/\/www.jornalja.com.br\/wp-content\/uploads\/2016\/12\/43303_640_480__morrua5228.jpg\" alt=\"D\u00e9bora Menegat, Mauro Souza, Ivana Battaglin e Daniel Martini\" width=\"256\" height=\"173\" \/><figcaption id=\"caption-attachment-42311\" class=\"wp-caption-text\">D\u00e9bora Menegat, Mauro Souza, Ivana Battaglin e Daniel Martini<\/figcaption><\/figure><br \/>\n\u201cNossa ideia \u00e9 reunir, al\u00e9m de Munic\u00edpio e representantes da popula\u00e7\u00e3o de rua, ONGs e volunt\u00e1rios que prestam assist\u00eancia a essas pessoas\u201d, disse o coordenador do Centro de Apoio Operacional dos Direitos Humanos, Mauro Souza, que participa do GT juntamente com promotores de Justi\u00e7a das \u00e1reas do meio ambiente e ordem urban\u00edstica.<br \/>\n<figure id=\"attachment_38952\" aria-describedby=\"caption-attachment-38952\" style=\"width: 317px\" class=\"wp-caption alignright\"><img loading=\"lazy\" decoding=\"async\" class=\" wp-image-38952\" src=\"https:\/\/www.jornalja.com.br\/wp-content\/uploads\/2016\/09\/morar-8-viaduto.jpg\" alt=\"Sob o viaduto Ot\u00e1vio Rocha, no centro hist\u00f3rico\" width=\"317\" height=\"419\" \/><figcaption id=\"caption-attachment-38952\" class=\"wp-caption-text\">Cerca de 80 pessoas estavam vivendo sob o viaduto<\/figcaption><\/figure><br \/>\nEm reuni\u00e3o ocorrida nesta segunda-feira, 12, na sede do MP, foram ouvidos os respons\u00e1veis pela a\u00e7\u00e3o ocorrida no \u00faltimo s\u00e1bado, 10, debaixo do Viaduto Ot\u00e1vio Rocha, na Avenida Borges de Medeiros, no centro da Capital. O local era habitado por cerca de 80 pessoas.<br \/>\nNa ocasi\u00e3o, tanto representantes do Departamento Municipal de Limpeza Urbana quanto dos moradores de rua foram ouvidos pelos promotores de Justi\u00e7a presentes.<br \/>\nO GT se reunir\u00e1 novamente na pr\u00f3xima segunda-feira, 19, com o objetivo de identificar e realizar a\u00e7\u00f5es que atendam as necessidades dessa popula\u00e7\u00e3o ao mesmo tempo em que sejam preservados locais de uso comum, como monumentos e pra\u00e7as.<br \/>\n<figure id=\"attachment_42309\" aria-describedby=\"caption-attachment-42309\" style=\"width: 173px\" class=\"wp-caption alignleft\"><img loading=\"lazy\" decoding=\"async\" class=\" wp-image-42309\" src=\"https:\/\/www.jornalja.com.br\/wp-content\/uploads\/2016\/12\/IMG_1497.jpg\" alt=\"O viaduto, ap\u00f3s a remo\u00e7\u00e3o\" width=\"173\" height=\"255\" \/><figcaption id=\"caption-attachment-42309\" class=\"wp-caption-text\">O viaduto, ap\u00f3s a remo\u00e7\u00e3o<\/figcaption><\/figure><br \/>\n\u201cPretendemos buscar, com o Munic\u00edpio, espa\u00e7os pr\u00f3ximos ao centro da cidade que possam ser ocupados\u201d, disse Mauro Souza, lembrando que o MP j\u00e1 realizou diversas a\u00e7\u00f5es para atender aos moradores de rua, como a atua\u00e7\u00e3o para abertura de vagas em albergues e reabertura do restaurante popular.<br \/>\nParticiparam da reuni\u00e3o os coordenadores dos Centros de Apoio Operacionais da Ordem Urban\u00edstica e Quest\u00f5es Fundi\u00e1rias, D\u00e9bora Menegat, e de Defesa do Meio Ambiente, Daniel Martini; a as promotoras Ivana Battaglin, dos Direitos Humanos de Porto Alegre, e Ana Marchesan, do Meio Ambiente; a procuradora do Munic\u00edpio Andrea Vizzotto; o diretor da Fasc, Marcelo Soares; o diretor de limpeza e coleta do DMLU, Felipe Kowal; e os representantes dos moradores de rua Veridiana Farias Machado e Richard Campos, do Movimento da Popula\u00e7\u00e3o de Rua.<br \/>\n&nbsp;<\/p>\n","protected":false},"excerpt":{"rendered":"<p>O Minist\u00e9rio P\u00fablico criou, no in\u00edcio deste m\u00eas, um grupo de trabalho para buscar, juntamente com outras entidades e \u00f3rg\u00e3os envolvidos, solu\u00e7\u00f5es para a quest\u00e3o dos moradores de rua em Porto Alegre. \u201cNossa ideia \u00e9 reunir, al\u00e9m de Munic\u00edpio e representantes da popula\u00e7\u00e3o de rua, ONGs e volunt\u00e1rios que prestam assist\u00eancia a essas pessoas\u201d, disse [&hellip;]<\/p>\n","protected":false},"author":4,"featured_media":42312,"comment_status":"open","ping_status":"closed","sticky":false,"template":"","format":"standard","meta":{"_jetpack_newsletter_access":"","_jetpack_dont_email_post_to_subs":false,"_jetpack_newsletter_tier_id":0,"_jetpack_memberships_contains_paywalled_content":false,"_jetpack_feature_clip_id":0,"_jetpack_memberships_contains_paid_content":false,"footnotes":"","jetpack_post_was_ever_published":false},"categories":[26],"tags":[],"class_list":["post-42308","post","type-post","status-publish","format-standard","has-post-thumbnail","hentry","category-geral"],"aioseo_notices":[],"aioseo_head":"\n\t\t<!-- All in One SEO 5.0.1.1 - aioseo.com -->\n\t<meta name=\"robots\" content=\"max-image-preview:large\" \/>\n\t<meta name=\"author\" content=\"da Reda\u00e7\u00e3o\"\/>\n\t<link rel=\"canonical\" href=\"https:\/\/www.jornalja.com.br\/arquivo\/mp-cria-grupo-para-buscar-solucoes-para-os-moradores-de-rua\/\" \/>\n\t<meta name=\"generator\" content=\"All in One SEO (AIOSEO) 5.0.1.1\" \/>\n\t\t<meta property=\"og:locale\" content=\"pt_BR\" \/>\n\t\t<meta property=\"og:site_name\" content=\"Arquivo | Jornal J\u00c1 | Porto Alegre\" \/>\n\t\t<meta property=\"og:type\" content=\"article\" \/>\n\t\t<meta property=\"og:title\" content=\"MP cria grupo para buscar solu\u00e7\u00f5es para os moradores de rua | Arquivo\" \/>\n\t\t<meta property=\"og:url\" content=\"https:\/\/www.jornalja.com.br\/arquivo\/mp-cria-grupo-para-buscar-solucoes-para-os-moradores-de-rua\/\" \/>\n\t\t<meta property=\"og:image\" content=\"https:\/\/www.jornalja.com.br\/wp-content\/uploads\/2016\/12\/43303_640_480__morrua5228.jpg\" \/>\n\t\t<meta property=\"og:image:secure_url\" content=\"https:\/\/www.jornalja.com.br\/wp-content\/uploads\/2016\/12\/43303_640_480__morrua5228.jpg\" \/>\n\t\t<meta property=\"article:published_time\" content=\"2016-12-13T13:48:07+00:00\" \/>\n\t\t<meta property=\"article:modified_time\" content=\"2016-12-13T13:48:07+00:00\" \/>\n\t\t<meta name=\"twitter:card\" content=\"summary\" \/>\n\t\t<meta name=\"twitter:title\" content=\"MP cria grupo para buscar solu\u00e7\u00f5es para os moradores de rua | Arquivo\" \/>\n\t\t<meta name=\"twitter:image\" content=\"https:\/\/www.jornalja.com.br\/economics\/wp-content\/uploads\/sites\/11\/2026\/08\/ja-folhaderosto-facebook.jpg\" \/>\n\t\t<script type=\"application\/ld+json\" class=\"aioseo-schema\">\n\t\t\t{\"@context\":\"https:\\\/\\\/schema.org\",\"@graph\":[{\"@type\":\"BlogPosting\",\"@id\":\"https:\\\/\\\/www.jornalja.com.br\\\/arquivo\\\/mp-cria-grupo-para-buscar-solucoes-para-os-moradores-de-rua\\\/#blogposting\",\"name\":\"MP cria grupo para buscar solu\\u00e7\\u00f5es para os moradores de rua | Arquivo\",\"headline\":\"MP cria grupo para buscar solu\\u00e7\\u00f5es para os moradores de rua\",\"author\":{\"@id\":\"https:\\\/\\\/www.jornalja.com.br\\\/arquivo\\\/author\\\/daredacao\\\/#author\"},\"publisher\":{\"@id\":\"https:\\\/\\\/www.jornalja.com.br\\\/arquivo\\\/#organization\"},\"image\":{\"@type\":\"ImageObject\",\"url\":42312},\"datePublished\":\"2016-12-13T10:48:07-02:00\",\"dateModified\":\"2016-12-13T10:48:07-02:00\",\"inLanguage\":\"pt-BR\",\"mainEntityOfPage\":{\"@id\":\"https:\\\/\\\/www.jornalja.com.br\\\/arquivo\\\/mp-cria-grupo-para-buscar-solucoes-para-os-moradores-de-rua\\\/#webpage\"},\"isPartOf\":{\"@id\":\"https:\\\/\\\/www.jornalja.com.br\\\/arquivo\\\/mp-cria-grupo-para-buscar-solucoes-para-os-moradores-de-rua\\\/#webpage\"},\"articleSection\":\"Geral\"},{\"@type\":\"BreadcrumbList\",\"@id\":\"https:\\\/\\\/www.jornalja.com.br\\\/arquivo\\\/mp-cria-grupo-para-buscar-solucoes-para-os-moradores-de-rua\\\/#breadcrumblist\",\"itemListElement\":[{\"@type\":\"ListItem\",\"@id\":\"https:\\\/\\\/www.jornalja.com.br\\\/arquivo#listItem\",\"position\":1,\"name\":\"Home\",\"item\":\"https:\\\/\\\/www.jornalja.com.br\\\/arquivo\",\"nextItem\":{\"@type\":\"ListItem\",\"@id\":\"https:\\\/\\\/www.jornalja.com.br\\\/arquivo\\\/category\\\/geral\\\/#listItem\",\"name\":\"Geral\"}},{\"@type\":\"ListItem\",\"@id\":\"https:\\\/\\\/www.jornalja.com.br\\\/arquivo\\\/category\\\/geral\\\/#listItem\",\"position\":2,\"name\":\"Geral\",\"item\":\"https:\\\/\\\/www.jornalja.com.br\\\/arquivo\\\/category\\\/geral\\\/\",\"nextItem\":{\"@type\":\"ListItem\",\"@id\":\"https:\\\/\\\/www.jornalja.com.br\\\/arquivo\\\/mp-cria-grupo-para-buscar-solucoes-para-os-moradores-de-rua\\\/#listItem\",\"name\":\"MP cria grupo para buscar solu\\u00e7\\u00f5es para os moradores de rua\"},\"previousItem\":{\"@type\":\"ListItem\",\"@id\":\"https:\\\/\\\/www.jornalja.com.br\\\/arquivo#listItem\",\"name\":\"Home\"}},{\"@type\":\"ListItem\",\"@id\":\"https:\\\/\\\/www.jornalja.com.br\\\/arquivo\\\/mp-cria-grupo-para-buscar-solucoes-para-os-moradores-de-rua\\\/#listItem\",\"position\":3,\"name\":\"MP cria grupo para buscar solu\\u00e7\\u00f5es para os moradores de rua\",\"previousItem\":{\"@type\":\"ListItem\",\"@id\":\"https:\\\/\\\/www.jornalja.com.br\\\/arquivo\\\/category\\\/geral\\\/#listItem\",\"name\":\"Geral\"}}]},{\"@type\":\"Organization\",\"@id\":\"https:\\\/\\\/www.jornalja.com.br\\\/arquivo\\\/#organization\",\"name\":\"Jornal J\\u00c1\",\"description\":\"Jornal J\\u00c1 | Porto Alegre\",\"url\":\"https:\\\/\\\/www.jornalja.com.br\\\/arquivo\\\/\",\"telephone\":\"+555133307272\",\"logo\":{\"@type\":\"ImageObject\",\"url\":\"https:\\\/\\\/www.jornalja.com.br\\\/wp-content\\\/uploads\\\/cards\\\/JAslogan.png\",\"@id\":\"https:\\\/\\\/www.jornalja.com.br\\\/arquivo\\\/mp-cria-grupo-para-buscar-solucoes-para-os-moradores-de-rua\\\/#organizationLogo\"},\"image\":{\"@id\":\"https:\\\/\\\/www.jornalja.com.br\\\/arquivo\\\/mp-cria-grupo-para-buscar-solucoes-para-os-moradores-de-rua\\\/#organizationLogo\"}},{\"@type\":\"Person\",\"@id\":\"https:\\\/\\\/www.jornalja.com.br\\\/arquivo\\\/author\\\/daredacao\\\/#author\",\"url\":\"https:\\\/\\\/www.jornalja.com.br\\\/arquivo\\\/author\\\/daredacao\\\/\",\"name\":\"da Reda\\u00e7\\u00e3o\",\"image\":{\"@type\":\"ImageObject\",\"@id\":\"https:\\\/\\\/www.jornalja.com.br\\\/arquivo\\\/mp-cria-grupo-para-buscar-solucoes-para-os-moradores-de-rua\\\/#authorImage\",\"url\":\"https:\\\/\\\/secure.gravatar.com\\\/avatar\\\/469fd857d6605ad19919d27ed29d35a968a25f6e8fd9318356bbb7f57aae9c65?s=96&d=mm&r=g\",\"width\":96,\"height\":96,\"caption\":\"da Reda\\u00e7\\u00e3o\"}},{\"@type\":\"WebPage\",\"@id\":\"https:\\\/\\\/www.jornalja.com.br\\\/arquivo\\\/mp-cria-grupo-para-buscar-solucoes-para-os-moradores-de-rua\\\/#webpage\",\"url\":\"https:\\\/\\\/www.jornalja.com.br\\\/arquivo\\\/mp-cria-grupo-para-buscar-solucoes-para-os-moradores-de-rua\\\/\",\"name\":\"MP cria grupo para buscar solu\\u00e7\\u00f5es para os moradores de rua | Arquivo\",\"inLanguage\":\"pt-BR\",\"isPartOf\":{\"@id\":\"https:\\\/\\\/www.jornalja.com.br\\\/arquivo\\\/#website\"},\"breadcrumb\":{\"@id\":\"https:\\\/\\\/www.jornalja.com.br\\\/arquivo\\\/mp-cria-grupo-para-buscar-solucoes-para-os-moradores-de-rua\\\/#breadcrumblist\"},\"author\":{\"@id\":\"https:\\\/\\\/www.jornalja.com.br\\\/arquivo\\\/author\\\/daredacao\\\/#author\"},\"creator\":{\"@id\":\"https:\\\/\\\/www.jornalja.com.br\\\/arquivo\\\/author\\\/daredacao\\\/#author\"},\"image\":{\"@type\":\"ImageObject\",\"url\":42312,\"@id\":\"https:\\\/\\\/www.jornalja.com.br\\\/arquivo\\\/mp-cria-grupo-para-buscar-solucoes-para-os-moradores-de-rua\\\/#mainImage\"},\"primaryImageOfPage\":{\"@id\":\"https:\\\/\\\/www.jornalja.com.br\\\/arquivo\\\/mp-cria-grupo-para-buscar-solucoes-para-os-moradores-de-rua\\\/#mainImage\"},\"datePublished\":\"2016-12-13T10:48:07-02:00\",\"dateModified\":\"2016-12-13T10:48:07-02:00\"},{\"@type\":\"WebSite\",\"@id\":\"https:\\\/\\\/www.jornalja.com.br\\\/arquivo\\\/#website\",\"url\":\"https:\\\/\\\/www.jornalja.com.br\\\/arquivo\\\/\",\"name\":\"Arquivo\",\"description\":\"Jornal J\\u00c1 | Porto Alegre\",\"inLanguage\":\"pt-BR\",\"publisher\":{\"@id\":\"https:\\\/\\\/www.jornalja.com.br\\\/arquivo\\\/#organization\"}}]}\n\t\t<\/script>\n\t\t<!-- All in One SEO -->\n\n","aioseo_head_json":{"title":"MP cria grupo para buscar solu\u00e7\u00f5es para os moradores de rua | Arquivo","description":"","canonical_url":"https:\/\/www.jornalja.com.br\/arquivo\/mp-cria-grupo-para-buscar-solucoes-para-os-moradores-de-rua\/","robots":"max-image-preview:large","keywords":"","webmasterTools":{"miscellaneous":""},"schema":{"@context":"https:\/\/schema.org","@graph":[{"@type":"BlogPosting","@id":"https:\/\/www.jornalja.com.br\/arquivo\/mp-cria-grupo-para-buscar-solucoes-para-os-moradores-de-rua\/#blogposting","name":"MP cria grupo para buscar solu\u00e7\u00f5es para os moradores de rua | Arquivo","headline":"MP cria grupo para buscar solu\u00e7\u00f5es para os moradores de rua","author":{"@id":"https:\/\/www.jornalja.com.br\/arquivo\/author\/daredacao\/#author"},"publisher":{"@id":"https:\/\/www.jornalja.com.br\/arquivo\/#organization"},"image":{"@type":"ImageObject","url":42312},"datePublished":"2016-12-13T10:48:07-02:00","dateModified":"2016-12-13T10:48:07-02:00","inLanguage":"pt-BR","mainEntityOfPage":{"@id":"https:\/\/www.jornalja.com.br\/arquivo\/mp-cria-grupo-para-buscar-solucoes-para-os-moradores-de-rua\/#webpage"},"isPartOf":{"@id":"https:\/\/www.jornalja.com.br\/arquivo\/mp-cria-grupo-para-buscar-solucoes-para-os-moradores-de-rua\/#webpage"},"articleSection":"Geral"},{"@type":"BreadcrumbList","@id":"https:\/\/www.jornalja.com.br\/arquivo\/mp-cria-grupo-para-buscar-solucoes-para-os-moradores-de-rua\/#breadcrumblist","itemListElement":[{"@type":"ListItem","@id":"https:\/\/www.jornalja.com.br\/arquivo#listItem","position":1,"name":"Home","item":"https:\/\/www.jornalja.com.br\/arquivo","nextItem":{"@type":"ListItem","@id":"https:\/\/www.jornalja.com.br\/arquivo\/category\/geral\/#listItem","name":"Geral"}},{"@type":"ListItem","@id":"https:\/\/www.jornalja.com.br\/arquivo\/category\/geral\/#listItem","position":2,"name":"Geral","item":"https:\/\/www.jornalja.com.br\/arquivo\/category\/geral\/","nextItem":{"@type":"ListItem","@id":"https:\/\/www.jornalja.com.br\/arquivo\/mp-cria-grupo-para-buscar-solucoes-para-os-moradores-de-rua\/#listItem","name":"MP cria grupo para buscar solu\u00e7\u00f5es para os moradores de rua"},"previousItem":{"@type":"ListItem","@id":"https:\/\/www.jornalja.com.br\/arquivo#listItem","name":"Home"}},{"@type":"ListItem","@id":"https:\/\/www.jornalja.com.br\/arquivo\/mp-cria-grupo-para-buscar-solucoes-para-os-moradores-de-rua\/#listItem","position":3,"name":"MP cria grupo para buscar solu\u00e7\u00f5es para os moradores de rua","previousItem":{"@type":"ListItem","@id":"https:\/\/www.jornalja.com.br\/arquivo\/category\/geral\/#listItem","name":"Geral"}}]},{"@type":"Organization","@id":"https:\/\/www.jornalja.com.br\/arquivo\/#organization","name":"Jornal J\u00c1","description":"Jornal J\u00c1 | Porto Alegre","url":"https:\/\/www.jornalja.com.br\/arquivo\/","telephone":"+555133307272","logo":{"@type":"ImageObject","url":"https:\/\/www.jornalja.com.br\/wp-content\/uploads\/cards\/JAslogan.png","@id":"https:\/\/www.jornalja.com.br\/arquivo\/mp-cria-grupo-para-buscar-solucoes-para-os-moradores-de-rua\/#organizationLogo"},"image":{"@id":"https:\/\/www.jornalja.com.br\/arquivo\/mp-cria-grupo-para-buscar-solucoes-para-os-moradores-de-rua\/#organizationLogo"}},{"@type":"Person","@id":"https:\/\/www.jornalja.com.br\/arquivo\/author\/daredacao\/#author","url":"https:\/\/www.jornalja.com.br\/arquivo\/author\/daredacao\/","name":"da Reda\u00e7\u00e3o","image":{"@type":"ImageObject","@id":"https:\/\/www.jornalja.com.br\/arquivo\/mp-cria-grupo-para-buscar-solucoes-para-os-moradores-de-rua\/#authorImage","url":"https:\/\/secure.gravatar.com\/avatar\/469fd857d6605ad19919d27ed29d35a968a25f6e8fd9318356bbb7f57aae9c65?s=96&d=mm&r=g","width":96,"height":96,"caption":"da Reda\u00e7\u00e3o"}},{"@type":"WebPage","@id":"https:\/\/www.jornalja.com.br\/arquivo\/mp-cria-grupo-para-buscar-solucoes-para-os-moradores-de-rua\/#webpage","url":"https:\/\/www.jornalja.com.br\/arquivo\/mp-cria-grupo-para-buscar-solucoes-para-os-moradores-de-rua\/","name":"MP cria grupo para buscar solu\u00e7\u00f5es para os moradores de rua | Arquivo","inLanguage":"pt-BR","isPartOf":{"@id":"https:\/\/www.jornalja.com.br\/arquivo\/#website"},"breadcrumb":{"@id":"https:\/\/www.jornalja.com.br\/arquivo\/mp-cria-grupo-para-buscar-solucoes-para-os-moradores-de-rua\/#breadcrumblist"},"author":{"@id":"https:\/\/www.jornalja.com.br\/arquivo\/author\/daredacao\/#author"},"creator":{"@id":"https:\/\/www.jornalja.com.br\/arquivo\/author\/daredacao\/#author"},"image":{"@type":"ImageObject","url":42312,"@id":"https:\/\/www.jornalja.com.br\/arquivo\/mp-cria-grupo-para-buscar-solucoes-para-os-moradores-de-rua\/#mainImage"},"primaryImageOfPage":{"@id":"https:\/\/www.jornalja.com.br\/arquivo\/mp-cria-grupo-para-buscar-solucoes-para-os-moradores-de-rua\/#mainImage"},"datePublished":"2016-12-13T10:48:07-02:00","dateModified":"2016-12-13T10:48:07-02:00"},{"@type":"WebSite","@id":"https:\/\/www.jornalja.com.br\/arquivo\/#website","url":"https:\/\/www.jornalja.com.br\/arquivo\/","name":"Arquivo","description":"Jornal J\u00c1 | Porto Alegre","inLanguage":"pt-BR","publisher":{"@id":"https:\/\/www.jornalja.com.br\/arquivo\/#organization"}}]},"og:locale":"pt_BR","og:site_name":"Arquivo | Jornal J\u00c1 | Porto Alegre","og:type":"article","og:title":"MP cria grupo para buscar solu\u00e7\u00f5es para os moradores de rua | Arquivo","og:url":"https:\/\/www.jornalja.com.br\/arquivo\/mp-cria-grupo-para-buscar-solucoes-para-os-moradores-de-rua\/","og:image":"https:\/\/www.jornalja.com.br\/wp-content\/uploads\/2016\/12\/43303_640_480__morrua5228.jpg","og:image:secure_url":"https:\/\/www.jornalja.com.br\/wp-content\/uploads\/2016\/12\/43303_640_480__morrua5228.jpg","article:published_time":"2016-12-13T13:48:07+00:00","article:modified_time":"2016-12-13T13:48:07+00:00","twitter:card":"summary","twitter:title":"MP cria grupo para buscar solu\u00e7\u00f5es para os moradores de rua | Arquivo","twitter:image":"https:\/\/www.jornalja.com.br\/economics\/wp-content\/uploads\/sites\/11\/2026\/08\/ja-folhaderosto-facebook.jpg"},"aioseo_meta_data":{"post_id":"42308","title":null,"description":null,"keywords":null,"keyphrases":null,"primary_term":null,"canonical_url":null,"og_title":null,"og_description":null,"og_object_type":"default","og_image_type":"default","og_image_url":null,"og_image_width":null,"og_image_height":null,"og_image_custom_url":null,"og_image_custom_fields":null,"og_video":null,"og_custom_url":null,"og_article_section":null,"og_article_tags":null,"twitter_use_og":false,"twitter_card":"default","twitter_image_type":"default","twitter_image_url":null,"twitter_image_custom_url":null,"twitter_image_custom_fields":null,"twitter_title":null,"twitter_description":null,"schema":{"blockGraphs":[],"customGraphs":[],"default":{"data":{"Article":[],"Course":[],"Dataset":[],"FAQPage":[],"Movie":[],"Person":[],"Product":[],"ProductReview":[],"Car":[],"Recipe":[],"Service":[],"SoftwareApplication":[],"WebPage":[]},"graphName":"","isEnabled":true},"graphs":[],"defaultGraph":"","defaultPostTypeGraph":""},"schema_type":null,"schema_type_options":null,"pillar_content":false,"robots_default":true,"robots_noindex":false,"robots_noarchive":false,"robots_nosnippet":false,"robots_nofollow":false,"robots_noimageindex":false,"robots_noodp":false,"robots_notranslate":false,"robots_max_snippet":null,"robots_max_videopreview":null,"robots_max_imagepreview":"large","priority":null,"frequency":null,"location":null,"local_seo":null,"breadcrumb_settings":null,"limit_modified_date":false,"ai":null,"created":"2020-12-20 20:44:21","updated":"2025-07-19 18:38:12","seo_analyzer_scan_date":null,"focus_keyword":null,"additional_keywords":null,"truseo_locale":null},"jetpack_sharing_enabled":true,"jetpack-related-posts":[{"id":13124,"url":"https:\/\/www.jornalja.com.br\/arquivo\/sangue-latino-no-iecine\/","url_meta":{"origin":42308,"position":0},"title":"Sangue latino no IECINE","author":"da Reda\u00e7\u00e3o","date":"18 de maio de 2014","format":false,"excerpt":"Francisco Ribeiro O Instituto Estadual de Cinema (IECINE) tem a frente, desde abril \u00faltimo, um novo diretor, o cineasta colombiano Juan Zapata, 36, que substitui Luiz Alberto Cassol. Radicado h\u00e1 dez anos em Porto Alegre, Zapata tem diante de si o desafio de conduzir at\u00e9 o final do ano um\u2026","rel":"","context":"Em &quot;Cultura-Geral&quot;","block_context":{"text":"Cultura-Geral","link":"https:\/\/www.jornalja.com.br\/arquivo\/category\/materiasecundaria\/"},"img":{"alt_text":"","src":"","width":0,"height":0},"classes":[]},{"id":13109,"url":"https:\/\/www.jornalja.com.br\/arquivo\/judiciario-reconhece-poluicao-eletromagnetica\/","url_meta":{"origin":42308,"position":1},"title":"Judici\u00e1rio reconhece polui\u00e7\u00e3o eletromagn\u00e9tica","author":"Patr\u00edcia Marini","date":"16 de maio de 2014","format":false,"excerpt":"A\u00e7\u00e3o de duas associa\u00e7\u00f5es de moradores foi acolhida pelo Tribunal de Justi\u00e7a de S\u00e3o Paulo que. em decis\u00e3o in\u00e9dita, determinou a redu\u00e7\u00e3o do campo eletromagn\u00e9tico gerado pelas linhas de transmiss\u00e3o de energia que cortam os bairros City Boa\u00e7ava e Alto de Pinheiros. \u00c9 a primeira vez que um tribunal do\u2026","rel":"","context":"Em &quot;X.Categorias velhas&quot;","block_context":{"text":"X.Categorias velhas","link":"https:\/\/www.jornalja.com.br\/arquivo\/category\/x-categorias-velhas\/"},"img":{"alt_text":"","src":"","width":0,"height":0},"classes":[]},{"id":13240,"url":"https:\/\/www.jornalja.com.br\/arquivo\/plano-diretor-estamos-construindo-o-caos\/","url_meta":{"origin":42308,"position":2},"title":"Plano diretor: &quot;Estamos construindo o caos&quot;","author":"Patr\u00edcia Marini","date":"26 de maio de 2014","format":false,"excerpt":"Desabafo que arquiteta Eliana Castilhos, delegada da Regi\u00e3o de Planejamento 1, postou nas redes sociais \u00e9 um testemunho do ambiente que se criou no Conselho do Plano Diretor de Porto Alegre, onde a aprova\u00e7\u00e3o de grandes empreendimentos \u00e9 empurrada guela abaixo dos conselheiros. Ao CMDUA Como delegada da Regi\u00e3o de\u2026","rel":"","context":"Em &quot;Geral&quot;","block_context":{"text":"Geral","link":"https:\/\/www.jornalja.com.br\/arquivo\/category\/geral\/"},"img":{"alt_text":"","src":"","width":0,"height":0},"classes":[]},{"id":13101,"url":"https:\/\/www.jornalja.com.br\/arquivo\/morre-um-guerreiro-do-texto\/","url_meta":{"origin":42308,"position":3},"title":"Morre um guerreiro do texto","author":"Patr\u00edcia Marini","date":"14 de maio de 2014","format":false,"excerpt":"Por Ricardo Kotscho Reproduzido do blog do autor, 11\/5\/2014; t\u00edtulo original \u201cE l\u00e1 se foi o nosso Myltainho, guerreiro do texto\u201d. Mi\u00fado e franzino, meu amigo Myltainho era um valente e inconformado guerreiro na luta contra as injusti\u00e7as sociais, a hipocrisia, as maracutaias, o autoritarismo, a intoler\u00e2ncia, a viol\u00eancia, o\u2026","rel":"","context":"Em &quot;Geral&quot;","block_context":{"text":"Geral","link":"https:\/\/www.jornalja.com.br\/arquivo\/category\/geral\/"},"img":{"alt_text":"","src":"","width":0,"height":0},"classes":[]},{"id":5440,"url":"https:\/\/www.jornalja.com.br\/arquivo\/casarao-da-venancio-destino-permanece-incerto\/","url_meta":{"origin":42308,"position":4},"title":"Estado ainda n\u00e3o sabe o que fazer com casar\u00e3o abandonado h\u00e1 20 anos","author":"Elmar Bones","date":"6 de julho de 2009","format":false,"excerpt":"O casar\u00e3o amarelo, numa esquina nobre de Porto Alegre (Ven\u00e2ncio Aires com Jo\u00e3o Pessoa), j\u00e1 abrigou uma escola. H\u00e1 duas d\u00e9cadas, pelo menos, est\u00e1 abandonado, porque seu propriet\u00e1rio, o governo do Estado do Rio Grande do Sul, n\u00e3o consegue achar um destino para ele. Planos n\u00e3o faltaram. O governador Ol\u00edvio\u2026","rel":"","context":"Em &quot;X.Categorias velhas&quot;","block_context":{"text":"X.Categorias velhas","link":"https:\/\/www.jornalja.com.br\/arquivo\/category\/x-categorias-velhas\/"},"img":{"alt_text":"geraldo1","src":"https:\/\/i0.wp.com\/www.jornalja.com.br\/wp-content\/uploads\/2009\/07\/geraldo1.jpg?resize=350%2C200&ssl=1","width":350,"height":200},"classes":[]},{"id":13239,"url":"https:\/\/www.jornalja.com.br\/arquivo\/conselho-desdenha-do-plano-diretor\/","url_meta":{"origin":42308,"position":5},"title":"Porto Alegre: Conselho detona Plano Diretor","author":"Patr\u00edcia Marini","date":"25 de maio de 2014","format":false,"excerpt":"Den\u00fancia do arquiteto e \u00a0urbanista Ibir\u00e1 Santos Lucas. Ele diz que os conselheiros est\u00e3o votando com \"enorme irresponsabilidade\". \"Mudam regime com a maior naturalidade,,,regularizam absurdos de constru\u00e7\u00f5es irregulares... \"O CMDUA est\u00e1 flexibilizando a lei do plano diretor, de uma forma impactante na vida da cidade. Mudam regime com a maior\u2026","rel":"","context":"Em &quot;Geral&quot;","block_context":{"text":"Geral","link":"https:\/\/www.jornalja.com.br\/arquivo\/category\/geral\/"},"img":{"alt_text":"","src":"","width":0,"height":0},"classes":[]}],"jetpack_shortlink":"https:\/\/wp.me\/pbQjBd-b0o","jetpack_featured_media_url":"","_links":{"self":[{"href":"https:\/\/www.jornalja.com.br\/arquivo\/wp-json\/wp\/v2\/posts\/42308","targetHints":{"allow":["GET"]}}],"collection":[{"href":"https:\/\/www.jornalja.com.br\/arquivo\/wp-json\/wp\/v2\/posts"}],"about":[{"href":"https:\/\/www.jornalja.com.br\/arquivo\/wp-json\/wp\/v2\/types\/post"}],"author":[{"embeddable":true,"href":"https:\/\/www.jornalja.com.br\/arquivo\/wp-json\/wp\/v2\/users\/4"}],"replies":[{"embeddable":true,"href":"https:\/\/www.jornalja.com.br\/arquivo\/wp-json\/wp\/v2\/comments?post=42308"}],"version-history":[{"count":0,"href":"https:\/\/www.jornalja.com.br\/arquivo\/wp-json\/wp\/v2\/posts\/42308\/revisions"}],"wp:attachment":[{"href":"https:\/\/www.jornalja.com.br\/arquivo\/wp-json\/wp\/v2\/media?parent=42308"}],"wp:term":[{"taxonomy":"category","embeddable":true,"href":"https:\/\/www.jornalja.com.br\/arquivo\/wp-json\/wp\/v2\/categories?post=42308"},{"taxonomy":"post_tag","embeddable":true,"href":"https:\/\/www.jornalja.com.br\/arquivo\/wp-json\/wp\/v2\/tags?post=42308"}],"curies":[{"name":"wp","href":"https:\/\/api.w.org\/{rel}","templated":true}]}}