{"id":42366,"date":"2016-12-14T08:12:59","date_gmt":"2016-12-14T11:12:59","guid":{"rendered":"https:\/\/www.jornalja.com.br\/?p=42366"},"modified":"2016-12-14T08:12:59","modified_gmt":"2016-12-14T11:12:59","slug":"numero-de-prisoes-em-brasilia-pode-chegar-a-100","status":"publish","type":"post","link":"https:\/\/www.jornalja.com.br\/arquivo\/numero-de-prisoes-em-brasilia-pode-chegar-a-100\/","title":{"rendered":"N\u00famero de pris\u00f5es em Brasilia pode chegar a 100"},"content":{"rendered":"<p>Ainda n\u00e3o se tem n\u00famero oficial das pessoas, maioria estudantes presos em Brasilia nos protestos contra a PEC 55, aprovada pelo Senado nesta ter\u00e7a-feira,13.<br \/>\nForam levados para o Departamento de Pol\u00edcia Especializada (DPE) e est\u00e3o sendo enquadrados na Lei de Seguran\u00e7a Nacional. Apenas advogados est\u00e3o podendo entrar na DPE.<br \/>\nSegundo o 247, s\u00e3o perto de 100 pessoas. Segundo o G1, \u00a0&#8220;s\u00e3o pelo menos 75&#8221;.<br \/>\nA policia militar do Distrito Federal distribuiu foto de um policial ferido, sangrando, para \u00a0provar que a viol\u00eancia partiu dos manifestantes.<br \/>\nDe acordo com a pol\u00edcia, os manifestantes\u00a0presos incendiaram um \u00f4nibus, picha\u00e7\u00f5es de pr\u00e9dios p\u00fablicos, promoveram depreda\u00e7\u00f5es a pr\u00e9dios dos bancos do Brasil e de Bras\u00edlia e ataques a uma concession\u00e1ria no in\u00edcio da Asa Norte.<br \/>\nO protesto come\u00e7ou pouco depois\u00a0 da aprova\u00e7\u00e3o do projeto. A PM estimou em 2 mil estudantes e ativistas pol\u00edticos. O efetivo de seguran\u00e7a somava 3,5 mil policias militares e civis, bombeiros e agentes de tr\u00e2nsito.<br \/>\nA pol\u00edcia acusa os manifestantes come\u00e7arem a jogar paus e pedras contra as tropas, que reagiram com g\u00e1s lacrimog\u00eaneo. Segundo a pol\u00edcia, oito policiais ficaram feridos.<br \/>\nOs protestos contra a decis\u00e3o do Senado ocorreram em 15 estados.<br \/>\nA Frente Brasil Popular distribuiu a seguinte nota:<br \/>\n<em>A FRENTE BRASIL POPULAR DF condena a opera\u00e7\u00e3o de guerra dos governos de Michel Temer e Rodrigo Rollemberg, por meio da Pol\u00edcia Militar do Distrito Federal, da Pol\u00edcia Legislativa, do Gabinete de Seguran\u00e7a Institucional e do Minist\u00e9rio da Justi\u00e7a, contra a manifesta\u00e7\u00e3o de rep\u00fadio \u00e0 retirada de direitos.<\/em><br \/>\n<em>Cerca de 3 mil manifestantes foram reprimidos pelo aparato militar, \u00a0que colocou 2 mil soldados, \u00a0com tropa de choque, \u00a0cavalaria e armamento pesado, contra movimentos populares da cidade e do campo, sindicalistas e estudantes.<\/em><br \/>\n<em>A repress\u00e3o colocou uma barreira na altura da Catedral para constranger os manifestantes e impedir que chegassem mais pr\u00f3ximos do Congresso. E se \u00a0aproveitou de uma confus\u00e3o isolada para atacar, reprimir e dispersar o ato.<\/em><br \/>\n<em>Diante da viol\u00eancia do aparato militar, a maioria dos manifestantes recuou, enquanto uma minoria resistiu. A pol\u00edcia avan\u00e7ou, \u00a0jogando bombas, balas de borrachas e ocupando espa\u00e7os com cavalaria, carros e batalh\u00f5es. \u00a0Na confus\u00e3o, jovens black blocs cometeram excessos, o que cria um c\u00edrculo vicioso de viol\u00eancia. Estamos levantando o n\u00famero de manifestantes presos e acompanhando por meio da rede de advogados populares. \u00a0<\/em><br \/>\n<em>Um governo ileg\u00edtimo e constitu\u00eddo por meio de um golpe n\u00e3o tem como conviver com manifesta\u00e7\u00f5es democr\u00e1ticas. O direito de manifesta\u00e7\u00e3o est\u00e1 em suspens\u00e3o em Bras\u00edlia. \u00a0<\/em><br \/>\n<em>O plano do governo Temer \u00e9 fechar a Esplanada e impedir protestos para impor o programa neoliberal, independente do clamor das ruas. O governador Rollemberg \u00e9 conivente com as aspira\u00e7\u00f5es autorit\u00e1rias do governo golpista e atua na linha de frente da repress\u00e3o.<\/em><br \/>\n<em>Precisamos resistir ao avan\u00e7o do Estado de Exce\u00e7\u00e3o. Vamos intensificar a resist\u00eancia ao programa de retirada de direitos, \u00a0destrui\u00e7\u00e3o do Estado social, \u00a0privatiza\u00e7\u00f5es e desnacionaliza\u00e7\u00e3o dos nossos recursos naturais.<\/em><\/p>\n","protected":false},"excerpt":{"rendered":"<p>Ainda n\u00e3o se tem n\u00famero oficial das pessoas, maioria estudantes presos em Brasilia nos protestos contra a PEC 55, aprovada pelo Senado nesta ter\u00e7a-feira,13. Foram levados para o Departamento de Pol\u00edcia Especializada (DPE) e est\u00e3o sendo enquadrados na Lei de Seguran\u00e7a Nacional. Apenas advogados est\u00e3o podendo entrar na DPE. Segundo o 247, s\u00e3o perto de [&hellip;]<\/p>\n","protected":false},"author":4,"featured_media":42371,"comment_status":"open","ping_status":"closed","sticky":false,"template":"","format":"standard","meta":{"_jetpack_newsletter_access":"","_jetpack_dont_email_post_to_subs":false,"_jetpack_newsletter_tier_id":0,"_jetpack_memberships_contains_paywalled_content":false,"_jetpack_feature_clip_id":0,"_jetpack_memberships_contains_paid_content":false,"footnotes":"","jetpack_post_was_ever_published":false},"categories":[26],"tags":[],"class_list":["post-42366","post","type-post","status-publish","format-standard","has-post-thumbnail","hentry","category-geral"],"aioseo_notices":[],"aioseo_head":"\n\t\t<!-- All in One SEO 5.0.1.1 - aioseo.com -->\n\t<meta name=\"robots\" content=\"max-image-preview:large\" \/>\n\t<meta name=\"author\" content=\"da Reda\u00e7\u00e3o\"\/>\n\t<link rel=\"canonical\" href=\"https:\/\/www.jornalja.com.br\/arquivo\/numero-de-prisoes-em-brasilia-pode-chegar-a-100\/\" \/>\n\t<meta name=\"generator\" content=\"All in One SEO (AIOSEO) 5.0.1.1\" \/>\n\t\t<meta property=\"og:locale\" content=\"pt_BR\" \/>\n\t\t<meta property=\"og:site_name\" content=\"Arquivo | Jornal J\u00c1 | Porto Alegre\" \/>\n\t\t<meta property=\"og:type\" content=\"article\" \/>\n\t\t<meta property=\"og:title\" content=\"N\u00famero de pris\u00f5es em Brasilia pode chegar a 100 | Arquivo\" \/>\n\t\t<meta property=\"og:url\" content=\"https:\/\/www.jornalja.com.br\/arquivo\/numero-de-prisoes-em-brasilia-pode-chegar-a-100\/\" \/>\n\t\t<meta property=\"og:image\" content=\"https:\/\/www.jornalja.com.br\/economics\/wp-content\/uploads\/sites\/11\/2026\/08\/ja-folhaderosto-facebook.jpg\" \/>\n\t\t<meta property=\"og:image:secure_url\" content=\"https:\/\/www.jornalja.com.br\/economics\/wp-content\/uploads\/sites\/11\/2026\/08\/ja-folhaderosto-facebook.jpg\" \/>\n\t\t<meta property=\"article:published_time\" content=\"2016-12-14T11:12:59+00:00\" \/>\n\t\t<meta property=\"article:modified_time\" content=\"2016-12-14T11:12:59+00:00\" \/>\n\t\t<meta name=\"twitter:card\" content=\"summary\" \/>\n\t\t<meta name=\"twitter:title\" content=\"N\u00famero de pris\u00f5es em Brasilia pode chegar a 100 | Arquivo\" \/>\n\t\t<meta name=\"twitter:image\" content=\"https:\/\/www.jornalja.com.br\/economics\/wp-content\/uploads\/sites\/11\/2026\/08\/ja-folhaderosto-facebook.jpg\" \/>\n\t\t<script type=\"application\/ld+json\" class=\"aioseo-schema\">\n\t\t\t{\"@context\":\"https:\\\/\\\/schema.org\",\"@graph\":[{\"@type\":\"BlogPosting\",\"@id\":\"https:\\\/\\\/www.jornalja.com.br\\\/arquivo\\\/numero-de-prisoes-em-brasilia-pode-chegar-a-100\\\/#blogposting\",\"name\":\"N\\u00famero de pris\\u00f5es em Brasilia pode chegar a 100 | Arquivo\",\"headline\":\"N\\u00famero de pris\\u00f5es em Brasilia pode chegar a 100\",\"author\":{\"@id\":\"https:\\\/\\\/www.jornalja.com.br\\\/arquivo\\\/author\\\/daredacao\\\/#author\"},\"publisher\":{\"@id\":\"https:\\\/\\\/www.jornalja.com.br\\\/arquivo\\\/#organization\"},\"image\":{\"@type\":\"ImageObject\",\"url\":42371},\"datePublished\":\"2016-12-14T08:12:59-02:00\",\"dateModified\":\"2016-12-14T08:12:59-02:00\",\"inLanguage\":\"pt-BR\",\"mainEntityOfPage\":{\"@id\":\"https:\\\/\\\/www.jornalja.com.br\\\/arquivo\\\/numero-de-prisoes-em-brasilia-pode-chegar-a-100\\\/#webpage\"},\"isPartOf\":{\"@id\":\"https:\\\/\\\/www.jornalja.com.br\\\/arquivo\\\/numero-de-prisoes-em-brasilia-pode-chegar-a-100\\\/#webpage\"},\"articleSection\":\"Geral\"},{\"@type\":\"BreadcrumbList\",\"@id\":\"https:\\\/\\\/www.jornalja.com.br\\\/arquivo\\\/numero-de-prisoes-em-brasilia-pode-chegar-a-100\\\/#breadcrumblist\",\"itemListElement\":[{\"@type\":\"ListItem\",\"@id\":\"https:\\\/\\\/www.jornalja.com.br\\\/arquivo#listItem\",\"position\":1,\"name\":\"Home\",\"item\":\"https:\\\/\\\/www.jornalja.com.br\\\/arquivo\",\"nextItem\":{\"@type\":\"ListItem\",\"@id\":\"https:\\\/\\\/www.jornalja.com.br\\\/arquivo\\\/category\\\/geral\\\/#listItem\",\"name\":\"Geral\"}},{\"@type\":\"ListItem\",\"@id\":\"https:\\\/\\\/www.jornalja.com.br\\\/arquivo\\\/category\\\/geral\\\/#listItem\",\"position\":2,\"name\":\"Geral\",\"item\":\"https:\\\/\\\/www.jornalja.com.br\\\/arquivo\\\/category\\\/geral\\\/\",\"nextItem\":{\"@type\":\"ListItem\",\"@id\":\"https:\\\/\\\/www.jornalja.com.br\\\/arquivo\\\/numero-de-prisoes-em-brasilia-pode-chegar-a-100\\\/#listItem\",\"name\":\"N\\u00famero de pris\\u00f5es em Brasilia pode chegar a 100\"},\"previousItem\":{\"@type\":\"ListItem\",\"@id\":\"https:\\\/\\\/www.jornalja.com.br\\\/arquivo#listItem\",\"name\":\"Home\"}},{\"@type\":\"ListItem\",\"@id\":\"https:\\\/\\\/www.jornalja.com.br\\\/arquivo\\\/numero-de-prisoes-em-brasilia-pode-chegar-a-100\\\/#listItem\",\"position\":3,\"name\":\"N\\u00famero de pris\\u00f5es em Brasilia pode chegar a 100\",\"previousItem\":{\"@type\":\"ListItem\",\"@id\":\"https:\\\/\\\/www.jornalja.com.br\\\/arquivo\\\/category\\\/geral\\\/#listItem\",\"name\":\"Geral\"}}]},{\"@type\":\"Organization\",\"@id\":\"https:\\\/\\\/www.jornalja.com.br\\\/arquivo\\\/#organization\",\"name\":\"Jornal J\\u00c1\",\"description\":\"Jornal J\\u00c1 | Porto Alegre\",\"url\":\"https:\\\/\\\/www.jornalja.com.br\\\/arquivo\\\/\",\"telephone\":\"+555133307272\",\"logo\":{\"@type\":\"ImageObject\",\"url\":\"https:\\\/\\\/www.jornalja.com.br\\\/wp-content\\\/uploads\\\/cards\\\/JAslogan.png\",\"@id\":\"https:\\\/\\\/www.jornalja.com.br\\\/arquivo\\\/numero-de-prisoes-em-brasilia-pode-chegar-a-100\\\/#organizationLogo\"},\"image\":{\"@id\":\"https:\\\/\\\/www.jornalja.com.br\\\/arquivo\\\/numero-de-prisoes-em-brasilia-pode-chegar-a-100\\\/#organizationLogo\"}},{\"@type\":\"Person\",\"@id\":\"https:\\\/\\\/www.jornalja.com.br\\\/arquivo\\\/author\\\/daredacao\\\/#author\",\"url\":\"https:\\\/\\\/www.jornalja.com.br\\\/arquivo\\\/author\\\/daredacao\\\/\",\"name\":\"da Reda\\u00e7\\u00e3o\",\"image\":{\"@type\":\"ImageObject\",\"@id\":\"https:\\\/\\\/www.jornalja.com.br\\\/arquivo\\\/numero-de-prisoes-em-brasilia-pode-chegar-a-100\\\/#authorImage\",\"url\":\"https:\\\/\\\/secure.gravatar.com\\\/avatar\\\/469fd857d6605ad19919d27ed29d35a968a25f6e8fd9318356bbb7f57aae9c65?s=96&d=mm&r=g\",\"width\":96,\"height\":96,\"caption\":\"da Reda\\u00e7\\u00e3o\"}},{\"@type\":\"WebPage\",\"@id\":\"https:\\\/\\\/www.jornalja.com.br\\\/arquivo\\\/numero-de-prisoes-em-brasilia-pode-chegar-a-100\\\/#webpage\",\"url\":\"https:\\\/\\\/www.jornalja.com.br\\\/arquivo\\\/numero-de-prisoes-em-brasilia-pode-chegar-a-100\\\/\",\"name\":\"N\\u00famero de pris\\u00f5es em Brasilia pode chegar a 100 | Arquivo\",\"inLanguage\":\"pt-BR\",\"isPartOf\":{\"@id\":\"https:\\\/\\\/www.jornalja.com.br\\\/arquivo\\\/#website\"},\"breadcrumb\":{\"@id\":\"https:\\\/\\\/www.jornalja.com.br\\\/arquivo\\\/numero-de-prisoes-em-brasilia-pode-chegar-a-100\\\/#breadcrumblist\"},\"author\":{\"@id\":\"https:\\\/\\\/www.jornalja.com.br\\\/arquivo\\\/author\\\/daredacao\\\/#author\"},\"creator\":{\"@id\":\"https:\\\/\\\/www.jornalja.com.br\\\/arquivo\\\/author\\\/daredacao\\\/#author\"},\"image\":{\"@type\":\"ImageObject\",\"url\":42371,\"@id\":\"https:\\\/\\\/www.jornalja.com.br\\\/arquivo\\\/numero-de-prisoes-em-brasilia-pode-chegar-a-100\\\/#mainImage\"},\"primaryImageOfPage\":{\"@id\":\"https:\\\/\\\/www.jornalja.com.br\\\/arquivo\\\/numero-de-prisoes-em-brasilia-pode-chegar-a-100\\\/#mainImage\"},\"datePublished\":\"2016-12-14T08:12:59-02:00\",\"dateModified\":\"2016-12-14T08:12:59-02:00\"},{\"@type\":\"WebSite\",\"@id\":\"https:\\\/\\\/www.jornalja.com.br\\\/arquivo\\\/#website\",\"url\":\"https:\\\/\\\/www.jornalja.com.br\\\/arquivo\\\/\",\"name\":\"Arquivo\",\"description\":\"Jornal J\\u00c1 | Porto Alegre\",\"inLanguage\":\"pt-BR\",\"publisher\":{\"@id\":\"https:\\\/\\\/www.jornalja.com.br\\\/arquivo\\\/#organization\"}}]}\n\t\t<\/script>\n\t\t<!-- All in One SEO -->\n\n","aioseo_head_json":{"title":"N\u00famero de pris\u00f5es em Brasilia pode chegar a 100 | Arquivo","description":"","canonical_url":"https:\/\/www.jornalja.com.br\/arquivo\/numero-de-prisoes-em-brasilia-pode-chegar-a-100\/","robots":"max-image-preview:large","keywords":"","webmasterTools":{"miscellaneous":""},"schema":{"@context":"https:\/\/schema.org","@graph":[{"@type":"BlogPosting","@id":"https:\/\/www.jornalja.com.br\/arquivo\/numero-de-prisoes-em-brasilia-pode-chegar-a-100\/#blogposting","name":"N\u00famero de pris\u00f5es em Brasilia pode chegar a 100 | Arquivo","headline":"N\u00famero de pris\u00f5es em Brasilia pode chegar a 100","author":{"@id":"https:\/\/www.jornalja.com.br\/arquivo\/author\/daredacao\/#author"},"publisher":{"@id":"https:\/\/www.jornalja.com.br\/arquivo\/#organization"},"image":{"@type":"ImageObject","url":42371},"datePublished":"2016-12-14T08:12:59-02:00","dateModified":"2016-12-14T08:12:59-02:00","inLanguage":"pt-BR","mainEntityOfPage":{"@id":"https:\/\/www.jornalja.com.br\/arquivo\/numero-de-prisoes-em-brasilia-pode-chegar-a-100\/#webpage"},"isPartOf":{"@id":"https:\/\/www.jornalja.com.br\/arquivo\/numero-de-prisoes-em-brasilia-pode-chegar-a-100\/#webpage"},"articleSection":"Geral"},{"@type":"BreadcrumbList","@id":"https:\/\/www.jornalja.com.br\/arquivo\/numero-de-prisoes-em-brasilia-pode-chegar-a-100\/#breadcrumblist","itemListElement":[{"@type":"ListItem","@id":"https:\/\/www.jornalja.com.br\/arquivo#listItem","position":1,"name":"Home","item":"https:\/\/www.jornalja.com.br\/arquivo","nextItem":{"@type":"ListItem","@id":"https:\/\/www.jornalja.com.br\/arquivo\/category\/geral\/#listItem","name":"Geral"}},{"@type":"ListItem","@id":"https:\/\/www.jornalja.com.br\/arquivo\/category\/geral\/#listItem","position":2,"name":"Geral","item":"https:\/\/www.jornalja.com.br\/arquivo\/category\/geral\/","nextItem":{"@type":"ListItem","@id":"https:\/\/www.jornalja.com.br\/arquivo\/numero-de-prisoes-em-brasilia-pode-chegar-a-100\/#listItem","name":"N\u00famero de pris\u00f5es em Brasilia pode chegar a 100"},"previousItem":{"@type":"ListItem","@id":"https:\/\/www.jornalja.com.br\/arquivo#listItem","name":"Home"}},{"@type":"ListItem","@id":"https:\/\/www.jornalja.com.br\/arquivo\/numero-de-prisoes-em-brasilia-pode-chegar-a-100\/#listItem","position":3,"name":"N\u00famero de pris\u00f5es em Brasilia pode chegar a 100","previousItem":{"@type":"ListItem","@id":"https:\/\/www.jornalja.com.br\/arquivo\/category\/geral\/#listItem","name":"Geral"}}]},{"@type":"Organization","@id":"https:\/\/www.jornalja.com.br\/arquivo\/#organization","name":"Jornal J\u00c1","description":"Jornal J\u00c1 | Porto Alegre","url":"https:\/\/www.jornalja.com.br\/arquivo\/","telephone":"+555133307272","logo":{"@type":"ImageObject","url":"https:\/\/www.jornalja.com.br\/wp-content\/uploads\/cards\/JAslogan.png","@id":"https:\/\/www.jornalja.com.br\/arquivo\/numero-de-prisoes-em-brasilia-pode-chegar-a-100\/#organizationLogo"},"image":{"@id":"https:\/\/www.jornalja.com.br\/arquivo\/numero-de-prisoes-em-brasilia-pode-chegar-a-100\/#organizationLogo"}},{"@type":"Person","@id":"https:\/\/www.jornalja.com.br\/arquivo\/author\/daredacao\/#author","url":"https:\/\/www.jornalja.com.br\/arquivo\/author\/daredacao\/","name":"da Reda\u00e7\u00e3o","image":{"@type":"ImageObject","@id":"https:\/\/www.jornalja.com.br\/arquivo\/numero-de-prisoes-em-brasilia-pode-chegar-a-100\/#authorImage","url":"https:\/\/secure.gravatar.com\/avatar\/469fd857d6605ad19919d27ed29d35a968a25f6e8fd9318356bbb7f57aae9c65?s=96&d=mm&r=g","width":96,"height":96,"caption":"da Reda\u00e7\u00e3o"}},{"@type":"WebPage","@id":"https:\/\/www.jornalja.com.br\/arquivo\/numero-de-prisoes-em-brasilia-pode-chegar-a-100\/#webpage","url":"https:\/\/www.jornalja.com.br\/arquivo\/numero-de-prisoes-em-brasilia-pode-chegar-a-100\/","name":"N\u00famero de pris\u00f5es em Brasilia pode chegar a 100 | Arquivo","inLanguage":"pt-BR","isPartOf":{"@id":"https:\/\/www.jornalja.com.br\/arquivo\/#website"},"breadcrumb":{"@id":"https:\/\/www.jornalja.com.br\/arquivo\/numero-de-prisoes-em-brasilia-pode-chegar-a-100\/#breadcrumblist"},"author":{"@id":"https:\/\/www.jornalja.com.br\/arquivo\/author\/daredacao\/#author"},"creator":{"@id":"https:\/\/www.jornalja.com.br\/arquivo\/author\/daredacao\/#author"},"image":{"@type":"ImageObject","url":42371,"@id":"https:\/\/www.jornalja.com.br\/arquivo\/numero-de-prisoes-em-brasilia-pode-chegar-a-100\/#mainImage"},"primaryImageOfPage":{"@id":"https:\/\/www.jornalja.com.br\/arquivo\/numero-de-prisoes-em-brasilia-pode-chegar-a-100\/#mainImage"},"datePublished":"2016-12-14T08:12:59-02:00","dateModified":"2016-12-14T08:12:59-02:00"},{"@type":"WebSite","@id":"https:\/\/www.jornalja.com.br\/arquivo\/#website","url":"https:\/\/www.jornalja.com.br\/arquivo\/","name":"Arquivo","description":"Jornal J\u00c1 | Porto Alegre","inLanguage":"pt-BR","publisher":{"@id":"https:\/\/www.jornalja.com.br\/arquivo\/#organization"}}]},"og:locale":"pt_BR","og:site_name":"Arquivo | Jornal J\u00c1 | Porto Alegre","og:type":"article","og:title":"N\u00famero de pris\u00f5es em Brasilia pode chegar a 100 | Arquivo","og:url":"https:\/\/www.jornalja.com.br\/arquivo\/numero-de-prisoes-em-brasilia-pode-chegar-a-100\/","og:image":"https:\/\/www.jornalja.com.br\/economics\/wp-content\/uploads\/sites\/11\/2026\/08\/ja-folhaderosto-facebook.jpg","og:image:secure_url":"https:\/\/www.jornalja.com.br\/economics\/wp-content\/uploads\/sites\/11\/2026\/08\/ja-folhaderosto-facebook.jpg","article:published_time":"2016-12-14T11:12:59+00:00","article:modified_time":"2016-12-14T11:12:59+00:00","twitter:card":"summary","twitter:title":"N\u00famero de pris\u00f5es em Brasilia pode chegar a 100 | Arquivo","twitter:image":"https:\/\/www.jornalja.com.br\/economics\/wp-content\/uploads\/sites\/11\/2026\/08\/ja-folhaderosto-facebook.jpg"},"aioseo_meta_data":{"post_id":"42366","title":null,"description":null,"keywords":null,"keyphrases":null,"primary_term":null,"canonical_url":null,"og_title":null,"og_description":null,"og_object_type":"default","og_image_type":"default","og_image_url":null,"og_image_width":null,"og_image_height":null,"og_image_custom_url":null,"og_image_custom_fields":null,"og_video":null,"og_custom_url":null,"og_article_section":null,"og_article_tags":null,"twitter_use_og":false,"twitter_card":"default","twitter_image_type":"default","twitter_image_url":null,"twitter_image_custom_url":null,"twitter_image_custom_fields":null,"twitter_title":null,"twitter_description":null,"schema":{"blockGraphs":[],"customGraphs":[],"default":{"data":{"Article":[],"Course":[],"Dataset":[],"FAQPage":[],"Movie":[],"Person":[],"Product":[],"ProductReview":[],"Car":[],"Recipe":[],"Service":[],"SoftwareApplication":[],"WebPage":[]},"graphName":"","isEnabled":true},"graphs":[],"defaultGraph":"","defaultPostTypeGraph":""},"schema_type":null,"schema_type_options":null,"pillar_content":false,"robots_default":true,"robots_noindex":false,"robots_noarchive":false,"robots_nosnippet":false,"robots_nofollow":false,"robots_noimageindex":false,"robots_noodp":false,"robots_notranslate":false,"robots_max_snippet":null,"robots_max_videopreview":null,"robots_max_imagepreview":"large","priority":null,"frequency":null,"location":null,"local_seo":null,"breadcrumb_settings":null,"limit_modified_date":false,"ai":null,"created":"2020-12-20 20:44:21","updated":"2025-07-19 18:39:01","seo_analyzer_scan_date":null,"focus_keyword":null,"additional_keywords":null,"truseo_locale":null},"jetpack_sharing_enabled":true,"jetpack-related-posts":[{"id":5440,"url":"https:\/\/www.jornalja.com.br\/arquivo\/casarao-da-venancio-destino-permanece-incerto\/","url_meta":{"origin":42366,"position":0},"title":"Estado ainda n\u00e3o sabe o que fazer com casar\u00e3o abandonado h\u00e1 20 anos","author":"Elmar Bones","date":"6 de julho de 2009","format":false,"excerpt":"O casar\u00e3o amarelo, numa esquina nobre de Porto Alegre (Ven\u00e2ncio Aires com Jo\u00e3o Pessoa), j\u00e1 abrigou uma escola. H\u00e1 duas d\u00e9cadas, pelo menos, est\u00e1 abandonado, porque seu propriet\u00e1rio, o governo do Estado do Rio Grande do Sul, n\u00e3o consegue achar um destino para ele. Planos n\u00e3o faltaram. O governador Ol\u00edvio\u2026","rel":"","context":"Em &quot;X.Categorias velhas&quot;","block_context":{"text":"X.Categorias velhas","link":"https:\/\/www.jornalja.com.br\/arquivo\/category\/x-categorias-velhas\/"},"img":{"alt_text":"geraldo1","src":"https:\/\/i0.wp.com\/www.jornalja.com.br\/wp-content\/uploads\/2009\/07\/geraldo1.jpg?resize=350%2C200&ssl=1","width":350,"height":200},"classes":[]},{"id":13240,"url":"https:\/\/www.jornalja.com.br\/arquivo\/plano-diretor-estamos-construindo-o-caos\/","url_meta":{"origin":42366,"position":1},"title":"Plano diretor: &quot;Estamos construindo o caos&quot;","author":"Patr\u00edcia Marini","date":"26 de maio de 2014","format":false,"excerpt":"Desabafo que arquiteta Eliana Castilhos, delegada da Regi\u00e3o de Planejamento 1, postou nas redes sociais \u00e9 um testemunho do ambiente que se criou no Conselho do Plano Diretor de Porto Alegre, onde a aprova\u00e7\u00e3o de grandes empreendimentos \u00e9 empurrada guela abaixo dos conselheiros. Ao CMDUA Como delegada da Regi\u00e3o de\u2026","rel":"","context":"Em &quot;Geral&quot;","block_context":{"text":"Geral","link":"https:\/\/www.jornalja.com.br\/arquivo\/category\/geral\/"},"img":{"alt_text":"","src":"","width":0,"height":0},"classes":[]},{"id":13239,"url":"https:\/\/www.jornalja.com.br\/arquivo\/conselho-desdenha-do-plano-diretor\/","url_meta":{"origin":42366,"position":2},"title":"Porto Alegre: Conselho detona Plano Diretor","author":"Patr\u00edcia Marini","date":"25 de maio de 2014","format":false,"excerpt":"Den\u00fancia do arquiteto e \u00a0urbanista Ibir\u00e1 Santos Lucas. Ele diz que os conselheiros est\u00e3o votando com \"enorme irresponsabilidade\". \"Mudam regime com a maior naturalidade,,,regularizam absurdos de constru\u00e7\u00f5es irregulares... \"O CMDUA est\u00e1 flexibilizando a lei do plano diretor, de uma forma impactante na vida da cidade. Mudam regime com a maior\u2026","rel":"","context":"Em &quot;Geral&quot;","block_context":{"text":"Geral","link":"https:\/\/www.jornalja.com.br\/arquivo\/category\/geral\/"},"img":{"alt_text":"","src":"","width":0,"height":0},"classes":[]},{"id":13109,"url":"https:\/\/www.jornalja.com.br\/arquivo\/judiciario-reconhece-poluicao-eletromagnetica\/","url_meta":{"origin":42366,"position":3},"title":"Judici\u00e1rio reconhece polui\u00e7\u00e3o eletromagn\u00e9tica","author":"Patr\u00edcia Marini","date":"16 de maio de 2014","format":false,"excerpt":"A\u00e7\u00e3o de duas associa\u00e7\u00f5es de moradores foi acolhida pelo Tribunal de Justi\u00e7a de S\u00e3o Paulo que. em decis\u00e3o in\u00e9dita, determinou a redu\u00e7\u00e3o do campo eletromagn\u00e9tico gerado pelas linhas de transmiss\u00e3o de energia que cortam os bairros City Boa\u00e7ava e Alto de Pinheiros. \u00c9 a primeira vez que um tribunal do\u2026","rel":"","context":"Em &quot;X.Categorias velhas&quot;","block_context":{"text":"X.Categorias velhas","link":"https:\/\/www.jornalja.com.br\/arquivo\/category\/x-categorias-velhas\/"},"img":{"alt_text":"","src":"","width":0,"height":0},"classes":[]},{"id":13124,"url":"https:\/\/www.jornalja.com.br\/arquivo\/sangue-latino-no-iecine\/","url_meta":{"origin":42366,"position":4},"title":"Sangue latino no IECINE","author":"da Reda\u00e7\u00e3o","date":"18 de maio de 2014","format":false,"excerpt":"Francisco Ribeiro O Instituto Estadual de Cinema (IECINE) tem a frente, desde abril \u00faltimo, um novo diretor, o cineasta colombiano Juan Zapata, 36, que substitui Luiz Alberto Cassol. Radicado h\u00e1 dez anos em Porto Alegre, Zapata tem diante de si o desafio de conduzir at\u00e9 o final do ano um\u2026","rel":"","context":"Em &quot;Cultura-Geral&quot;","block_context":{"text":"Cultura-Geral","link":"https:\/\/www.jornalja.com.br\/arquivo\/category\/materiasecundaria\/"},"img":{"alt_text":"","src":"","width":0,"height":0},"classes":[]},{"id":14241,"url":"https:\/\/www.jornalja.com.br\/arquivo\/o-guaiba-nas-imagens-poeticas-de-achutti\/","url_meta":{"origin":42366,"position":5},"title":"O Gua\u00edba nas imagens po\u00e9ticas de Achutti","author":"da Reda\u00e7\u00e3o","date":"18 de junho de 2014","format":false,"excerpt":"Em \u201cO Gua\u00edba por Achutti\u201d \u2013 obra financiada via Minist\u00e9rio da Cultura, produ\u00e7\u00e3o executiva de Pedro Longhi, e Fl\u00e1vio Wild como designer \u2013, o fot\u00f3grafo revela a beleza e as mazelas de um espa\u00e7o aqu\u00e1tico de \u00e1guas sempre renovadas, cheio de hist\u00f3rias e lendas como as das cidades que foram\u2026","rel":"","context":"Em &quot;Cultura-Geral&quot;","block_context":{"text":"Cultura-Geral","link":"https:\/\/www.jornalja.com.br\/arquivo\/category\/materiasecundaria\/"},"img":{"alt_text":"","src":"","width":0,"height":0},"classes":[]}],"jetpack_shortlink":"https:\/\/wp.me\/pbQjBd-b1k","jetpack_featured_media_url":"","_links":{"self":[{"href":"https:\/\/www.jornalja.com.br\/arquivo\/wp-json\/wp\/v2\/posts\/42366","targetHints":{"allow":["GET"]}}],"collection":[{"href":"https:\/\/www.jornalja.com.br\/arquivo\/wp-json\/wp\/v2\/posts"}],"about":[{"href":"https:\/\/www.jornalja.com.br\/arquivo\/wp-json\/wp\/v2\/types\/post"}],"author":[{"embeddable":true,"href":"https:\/\/www.jornalja.com.br\/arquivo\/wp-json\/wp\/v2\/users\/4"}],"replies":[{"embeddable":true,"href":"https:\/\/www.jornalja.com.br\/arquivo\/wp-json\/wp\/v2\/comments?post=42366"}],"version-history":[{"count":0,"href":"https:\/\/www.jornalja.com.br\/arquivo\/wp-json\/wp\/v2\/posts\/42366\/revisions"}],"wp:attachment":[{"href":"https:\/\/www.jornalja.com.br\/arquivo\/wp-json\/wp\/v2\/media?parent=42366"}],"wp:term":[{"taxonomy":"category","embeddable":true,"href":"https:\/\/www.jornalja.com.br\/arquivo\/wp-json\/wp\/v2\/categories?post=42366"},{"taxonomy":"post_tag","embeddable":true,"href":"https:\/\/www.jornalja.com.br\/arquivo\/wp-json\/wp\/v2\/tags?post=42366"}],"curies":[{"name":"wp","href":"https:\/\/api.w.org\/{rel}","templated":true}]}}