{"id":42373,"date":"2016-12-14T09:53:04","date_gmt":"2016-12-14T12:53:04","guid":{"rendered":"https:\/\/www.jornalja.com.br\/?p=42373"},"modified":"2016-12-14T09:53:04","modified_gmt":"2016-12-14T12:53:04","slug":"violencia-em-protestos-aumenta-tensao-as-vesperas-da-votacao-do-pacote","status":"publish","type":"post","link":"https:\/\/www.jornalja.com.br\/arquivo\/violencia-em-protestos-aumenta-tensao-as-vesperas-da-votacao-do-pacote\/","title":{"rendered":"Viol\u00eancia em protestos aumenta tens\u00e3o \u00e0s vesperas da vota\u00e7\u00e3o do pacote"},"content":{"rendered":"<p>Bombas de g\u00e1s, balas de borracha, cavalaria, batalh\u00e3o de choque. Mais uma vez o centro de Porto Alegre viveu um clima de guerra nesta ter\u00e7a-feira 13.<br \/>\nA tens\u00e3o come\u00e7ou a se formar na Pra\u00e7a da Matriz, \u00a0ocupada por funcion\u00e1rios p\u00fablicos desde que o governador Sartori anunciou seu pacote para cortar funda\u00e7\u00f5es e autarquias e privatizar estatais.<br \/>\nDesde o in\u00edcio da tarde,\u00a0 milhares de servidores se concentraram na pra\u00e7a, diante da Assembleia Legislativa e do Pal\u00e1cio Piratini.<br \/>\nUm caminh\u00e3o de som come\u00e7ou a transmitir discursos agressivos contra o pacote estadual e contra limita\u00e7\u00e3o de gastos federais, que no mesmo momento estava sendo aprovada em Brasilia.<br \/>\nFoguetes, buzinas, gritos, bandeiras, palavras de ordem. Um contingente da tropa de choque se mantinha a poucos metros da manifesta\u00e7\u00e3o. As grades colocadas diante do pal\u00e1cio foram derrubadas. Um boneco foi queimado na entrada do pr\u00e9dio.<br \/>\nMas o ato encerrou-se por volta das 17\u00a0 horas, sem incidentes. Uma parte dos manifestantes deslocou-se para a Esquina Democr\u00e1tica onde come\u00e7ava um protesto contra a PEC 55 aprovada no Senado.<br \/>\nCerca de tr\u00eas mil pessoas se concentravam na avenida Borges de Medeiros, quando a manifesta\u00e7\u00e3o come\u00e7ou a deslocar-se, \u00e0 frente os estudantes que participam de ocupa\u00e7\u00f5es em escolas com tambores e muitas faixas e cartazes.<br \/>\nAlguns mascarados, com escudos feitos de peda\u00e7os de madeira se movimentam \u00e0 frente da caminhada, que segue pela avenida Julio de Castilhos at\u00e9 o Camel\u00f3dromo. Gritam em coro: \u201cTrabalhador, presta aten\u00e7\u00e3o, s\u00e3o 20 anos sem sa\u00fade e educa\u00e7\u00e3o\u201d. Avan\u00e7ando pela Dr. Flores, entram na \u00a0\u00a0Salgado Filho e alcan\u00e7am novamente a avenida Borges de Medeiros. Uma tentativa de entrar na Riachuelo na dire\u00e7\u00e3o da Pra\u00e7a da Matriz foi barrada pelo Batalh\u00e3o de Choque, com bombas de g\u00e1s e balas de borracha. Os manifestantes recuam e na correria mascarados lan\u00e7am pedras contra as vidra\u00e7as de ag\u00eancias banc\u00e1rias.<br \/>\nReduzidos \u00e0 metade, os manifestantes seguem pela Borges em dire\u00e7\u00e3o \u00e0 cidade baixa. No caminho, grupos que vem atr\u00e1s, a maioria com o rosto coberto derrubam e queimam containers de lixo. A fuma\u00e7a escura cobre a avenida. Um pelot\u00e3o de cavalaria surge na esquina, um helic\u00f3pero da BM sobrevoa a \u00e1rea, carros do grupo t\u00e1tico se posicionam. Quando a passeada alcan\u00e7a a avenida Loureiro da Silva ela j\u00e1 estava bloqueada pela EPTC. Uma fogueira com caixas de madeira, no meio da avenida, deflagrou a rea\u00e7\u00e3o. A tropa atacou e dispersou a manifesta\u00e7\u00e3o. Grupos seguiram pela Jos\u00e9 do Patroc\u00ednio. Viraram a queimaram v\u00e1rios cont\u00eainers de lixo e duas ag\u00eancias banc\u00e1rias foram atacadas com pedras.<br \/>\nTamb\u00e9m houve depreda\u00e7\u00f5es e confronto com a pol\u00edcia na Avenida Paulista, em S\u00e3o Paulo, onde uma pessoa foi presa.<br \/>\n<img loading=\"lazy\" decoding=\"async\" class=\"alignnone wp-image-42406 size-full\" src=\"https:\/\/www.jornalja.com.br\/wp-content\/uploads\/2016\/12\/Fotos-4-ato-contra-a-PEC.-Thais-Ratier-1.jpg\" alt=\"fotos-4-ato-contra-a-pec-thais-ratier-1\" width=\"725\" height=\"485\" \/> <img loading=\"lazy\" decoding=\"async\" class=\"alignnone wp-image-42405 size-full\" src=\"https:\/\/www.jornalja.com.br\/wp-content\/uploads\/2016\/12\/Fotos-4-ato-contra-a-PEC.-Thais-Ratier-2.jpg\" alt=\"fotos-4-ato-contra-a-pec-thais-ratier-2\" width=\"725\" height=\"487\" \/> <img loading=\"lazy\" decoding=\"async\" class=\"alignnone wp-image-42407 size-full\" src=\"https:\/\/www.jornalja.com.br\/wp-content\/uploads\/2016\/12\/Fotos-4-ato-contra-a-PEC.-Thais-Ratier-6-1.jpg\" alt=\"fotos-4-ato-contra-a-pec-thais-ratier-6\" width=\"725\" height=\"485\" \/><br \/>\n<figure id=\"attachment_42403\" aria-describedby=\"caption-attachment-42403\" style=\"width: 725px\" class=\"wp-caption alignnone\"><img loading=\"lazy\" decoding=\"async\" class=\"wp-image-42403 size-full\" src=\"https:\/\/www.jornalja.com.br\/wp-content\/uploads\/2016\/12\/Fotos-4-ato-contra-a-PEC.-Thais-Ratier-5.jpg\" alt=\"Fotos Thais Ratier\" width=\"725\" height=\"485\" \/><figcaption id=\"caption-attachment-42403\" class=\"wp-caption-text\">Fotos Thais Ratier<\/figcaption><\/figure><\/p>\n","protected":false},"excerpt":{"rendered":"<p>Bombas de g\u00e1s, balas de borracha, cavalaria, batalh\u00e3o de choque. Mais uma vez o centro de Porto Alegre viveu um clima de guerra nesta ter\u00e7a-feira 13. A tens\u00e3o come\u00e7ou a se formar na Pra\u00e7a da Matriz, \u00a0ocupada por funcion\u00e1rios p\u00fablicos desde que o governador Sartori anunciou seu pacote para cortar funda\u00e7\u00f5es e autarquias e privatizar [&hellip;]<\/p>\n","protected":false},"author":4,"featured_media":42404,"comment_status":"open","ping_status":"closed","sticky":false,"template":"","format":"standard","meta":{"_jetpack_newsletter_access":"","_jetpack_dont_email_post_to_subs":false,"_jetpack_newsletter_tier_id":0,"_jetpack_memberships_contains_paywalled_content":false,"_jetpack_feature_clip_id":0,"_jetpack_memberships_contains_paid_content":false,"footnotes":"","jetpack_post_was_ever_published":false},"categories":[26],"tags":[],"class_list":["post-42373","post","type-post","status-publish","format-standard","has-post-thumbnail","hentry","category-geral"],"aioseo_notices":[],"aioseo_head":"\n\t\t<!-- All in One SEO 5.0.1.1 - aioseo.com -->\n\t<meta name=\"robots\" content=\"max-image-preview:large\" \/>\n\t<meta name=\"author\" content=\"da Reda\u00e7\u00e3o\"\/>\n\t<link rel=\"canonical\" href=\"https:\/\/www.jornalja.com.br\/arquivo\/violencia-em-protestos-aumenta-tensao-as-vesperas-da-votacao-do-pacote\/\" \/>\n\t<meta name=\"generator\" content=\"All in One SEO (AIOSEO) 5.0.1.1\" \/>\n\t\t<meta property=\"og:locale\" content=\"pt_BR\" \/>\n\t\t<meta property=\"og:site_name\" content=\"Arquivo | Jornal J\u00c1 | Porto Alegre\" \/>\n\t\t<meta property=\"og:type\" content=\"article\" \/>\n\t\t<meta property=\"og:title\" content=\"Viol\u00eancia em protestos aumenta tens\u00e3o \u00e0s vesperas da vota\u00e7\u00e3o do pacote | Arquivo\" \/>\n\t\t<meta property=\"og:url\" content=\"https:\/\/www.jornalja.com.br\/arquivo\/violencia-em-protestos-aumenta-tensao-as-vesperas-da-votacao-do-pacote\/\" \/>\n\t\t<meta property=\"og:image\" content=\"https:\/\/www.jornalja.com.br\/wp-content\/uploads\/2016\/12\/Fotos-4-ato-contra-a-PEC.-Thais-Ratier-1.jpg\" \/>\n\t\t<meta property=\"og:image:secure_url\" content=\"https:\/\/www.jornalja.com.br\/wp-content\/uploads\/2016\/12\/Fotos-4-ato-contra-a-PEC.-Thais-Ratier-1.jpg\" \/>\n\t\t<meta property=\"article:published_time\" content=\"2016-12-14T12:53:04+00:00\" \/>\n\t\t<meta property=\"article:modified_time\" content=\"2016-12-14T12:53:04+00:00\" \/>\n\t\t<meta name=\"twitter:card\" content=\"summary\" \/>\n\t\t<meta name=\"twitter:title\" content=\"Viol\u00eancia em protestos aumenta tens\u00e3o \u00e0s vesperas da vota\u00e7\u00e3o do pacote | Arquivo\" \/>\n\t\t<meta name=\"twitter:image\" content=\"https:\/\/www.jornalja.com.br\/economics\/wp-content\/uploads\/sites\/11\/2026\/08\/ja-folhaderosto-facebook.jpg\" \/>\n\t\t<script type=\"application\/ld+json\" class=\"aioseo-schema\">\n\t\t\t{\"@context\":\"https:\\\/\\\/schema.org\",\"@graph\":[{\"@type\":\"BlogPosting\",\"@id\":\"https:\\\/\\\/www.jornalja.com.br\\\/arquivo\\\/violencia-em-protestos-aumenta-tensao-as-vesperas-da-votacao-do-pacote\\\/#blogposting\",\"name\":\"Viol\\u00eancia em protestos aumenta tens\\u00e3o \\u00e0s vesperas da vota\\u00e7\\u00e3o do pacote | Arquivo\",\"headline\":\"Viol\\u00eancia em protestos aumenta tens\\u00e3o \\u00e0s vesperas da vota\\u00e7\\u00e3o do pacote\",\"author\":{\"@id\":\"https:\\\/\\\/www.jornalja.com.br\\\/arquivo\\\/author\\\/daredacao\\\/#author\"},\"publisher\":{\"@id\":\"https:\\\/\\\/www.jornalja.com.br\\\/arquivo\\\/#organization\"},\"image\":{\"@type\":\"ImageObject\",\"url\":42404},\"datePublished\":\"2016-12-14T09:53:04-02:00\",\"dateModified\":\"2016-12-14T09:53:04-02:00\",\"inLanguage\":\"pt-BR\",\"mainEntityOfPage\":{\"@id\":\"https:\\\/\\\/www.jornalja.com.br\\\/arquivo\\\/violencia-em-protestos-aumenta-tensao-as-vesperas-da-votacao-do-pacote\\\/#webpage\"},\"isPartOf\":{\"@id\":\"https:\\\/\\\/www.jornalja.com.br\\\/arquivo\\\/violencia-em-protestos-aumenta-tensao-as-vesperas-da-votacao-do-pacote\\\/#webpage\"},\"articleSection\":\"Geral\"},{\"@type\":\"BreadcrumbList\",\"@id\":\"https:\\\/\\\/www.jornalja.com.br\\\/arquivo\\\/violencia-em-protestos-aumenta-tensao-as-vesperas-da-votacao-do-pacote\\\/#breadcrumblist\",\"itemListElement\":[{\"@type\":\"ListItem\",\"@id\":\"https:\\\/\\\/www.jornalja.com.br\\\/arquivo#listItem\",\"position\":1,\"name\":\"Home\",\"item\":\"https:\\\/\\\/www.jornalja.com.br\\\/arquivo\",\"nextItem\":{\"@type\":\"ListItem\",\"@id\":\"https:\\\/\\\/www.jornalja.com.br\\\/arquivo\\\/category\\\/geral\\\/#listItem\",\"name\":\"Geral\"}},{\"@type\":\"ListItem\",\"@id\":\"https:\\\/\\\/www.jornalja.com.br\\\/arquivo\\\/category\\\/geral\\\/#listItem\",\"position\":2,\"name\":\"Geral\",\"item\":\"https:\\\/\\\/www.jornalja.com.br\\\/arquivo\\\/category\\\/geral\\\/\",\"nextItem\":{\"@type\":\"ListItem\",\"@id\":\"https:\\\/\\\/www.jornalja.com.br\\\/arquivo\\\/violencia-em-protestos-aumenta-tensao-as-vesperas-da-votacao-do-pacote\\\/#listItem\",\"name\":\"Viol\\u00eancia em protestos aumenta tens\\u00e3o \\u00e0s vesperas da vota\\u00e7\\u00e3o do pacote\"},\"previousItem\":{\"@type\":\"ListItem\",\"@id\":\"https:\\\/\\\/www.jornalja.com.br\\\/arquivo#listItem\",\"name\":\"Home\"}},{\"@type\":\"ListItem\",\"@id\":\"https:\\\/\\\/www.jornalja.com.br\\\/arquivo\\\/violencia-em-protestos-aumenta-tensao-as-vesperas-da-votacao-do-pacote\\\/#listItem\",\"position\":3,\"name\":\"Viol\\u00eancia em protestos aumenta tens\\u00e3o \\u00e0s vesperas da vota\\u00e7\\u00e3o do pacote\",\"previousItem\":{\"@type\":\"ListItem\",\"@id\":\"https:\\\/\\\/www.jornalja.com.br\\\/arquivo\\\/category\\\/geral\\\/#listItem\",\"name\":\"Geral\"}}]},{\"@type\":\"Organization\",\"@id\":\"https:\\\/\\\/www.jornalja.com.br\\\/arquivo\\\/#organization\",\"name\":\"Jornal J\\u00c1\",\"description\":\"Jornal J\\u00c1 | Porto Alegre\",\"url\":\"https:\\\/\\\/www.jornalja.com.br\\\/arquivo\\\/\",\"telephone\":\"+555133307272\",\"logo\":{\"@type\":\"ImageObject\",\"url\":\"https:\\\/\\\/www.jornalja.com.br\\\/wp-content\\\/uploads\\\/cards\\\/JAslogan.png\",\"@id\":\"https:\\\/\\\/www.jornalja.com.br\\\/arquivo\\\/violencia-em-protestos-aumenta-tensao-as-vesperas-da-votacao-do-pacote\\\/#organizationLogo\"},\"image\":{\"@id\":\"https:\\\/\\\/www.jornalja.com.br\\\/arquivo\\\/violencia-em-protestos-aumenta-tensao-as-vesperas-da-votacao-do-pacote\\\/#organizationLogo\"}},{\"@type\":\"Person\",\"@id\":\"https:\\\/\\\/www.jornalja.com.br\\\/arquivo\\\/author\\\/daredacao\\\/#author\",\"url\":\"https:\\\/\\\/www.jornalja.com.br\\\/arquivo\\\/author\\\/daredacao\\\/\",\"name\":\"da Reda\\u00e7\\u00e3o\",\"image\":{\"@type\":\"ImageObject\",\"@id\":\"https:\\\/\\\/www.jornalja.com.br\\\/arquivo\\\/violencia-em-protestos-aumenta-tensao-as-vesperas-da-votacao-do-pacote\\\/#authorImage\",\"url\":\"https:\\\/\\\/secure.gravatar.com\\\/avatar\\\/469fd857d6605ad19919d27ed29d35a968a25f6e8fd9318356bbb7f57aae9c65?s=96&d=mm&r=g\",\"width\":96,\"height\":96,\"caption\":\"da Reda\\u00e7\\u00e3o\"}},{\"@type\":\"WebPage\",\"@id\":\"https:\\\/\\\/www.jornalja.com.br\\\/arquivo\\\/violencia-em-protestos-aumenta-tensao-as-vesperas-da-votacao-do-pacote\\\/#webpage\",\"url\":\"https:\\\/\\\/www.jornalja.com.br\\\/arquivo\\\/violencia-em-protestos-aumenta-tensao-as-vesperas-da-votacao-do-pacote\\\/\",\"name\":\"Viol\\u00eancia em protestos aumenta tens\\u00e3o \\u00e0s vesperas da vota\\u00e7\\u00e3o do pacote | Arquivo\",\"inLanguage\":\"pt-BR\",\"isPartOf\":{\"@id\":\"https:\\\/\\\/www.jornalja.com.br\\\/arquivo\\\/#website\"},\"breadcrumb\":{\"@id\":\"https:\\\/\\\/www.jornalja.com.br\\\/arquivo\\\/violencia-em-protestos-aumenta-tensao-as-vesperas-da-votacao-do-pacote\\\/#breadcrumblist\"},\"author\":{\"@id\":\"https:\\\/\\\/www.jornalja.com.br\\\/arquivo\\\/author\\\/daredacao\\\/#author\"},\"creator\":{\"@id\":\"https:\\\/\\\/www.jornalja.com.br\\\/arquivo\\\/author\\\/daredacao\\\/#author\"},\"image\":{\"@type\":\"ImageObject\",\"url\":42404,\"@id\":\"https:\\\/\\\/www.jornalja.com.br\\\/arquivo\\\/violencia-em-protestos-aumenta-tensao-as-vesperas-da-votacao-do-pacote\\\/#mainImage\"},\"primaryImageOfPage\":{\"@id\":\"https:\\\/\\\/www.jornalja.com.br\\\/arquivo\\\/violencia-em-protestos-aumenta-tensao-as-vesperas-da-votacao-do-pacote\\\/#mainImage\"},\"datePublished\":\"2016-12-14T09:53:04-02:00\",\"dateModified\":\"2016-12-14T09:53:04-02:00\"},{\"@type\":\"WebSite\",\"@id\":\"https:\\\/\\\/www.jornalja.com.br\\\/arquivo\\\/#website\",\"url\":\"https:\\\/\\\/www.jornalja.com.br\\\/arquivo\\\/\",\"name\":\"Arquivo\",\"description\":\"Jornal J\\u00c1 | Porto Alegre\",\"inLanguage\":\"pt-BR\",\"publisher\":{\"@id\":\"https:\\\/\\\/www.jornalja.com.br\\\/arquivo\\\/#organization\"}}]}\n\t\t<\/script>\n\t\t<!-- All in One SEO -->\n\n","aioseo_head_json":{"title":"Viol\u00eancia em protestos aumenta tens\u00e3o \u00e0s vesperas da vota\u00e7\u00e3o do pacote | Arquivo","description":"","canonical_url":"https:\/\/www.jornalja.com.br\/arquivo\/violencia-em-protestos-aumenta-tensao-as-vesperas-da-votacao-do-pacote\/","robots":"max-image-preview:large","keywords":"","webmasterTools":{"miscellaneous":""},"schema":{"@context":"https:\/\/schema.org","@graph":[{"@type":"BlogPosting","@id":"https:\/\/www.jornalja.com.br\/arquivo\/violencia-em-protestos-aumenta-tensao-as-vesperas-da-votacao-do-pacote\/#blogposting","name":"Viol\u00eancia em protestos aumenta tens\u00e3o \u00e0s vesperas da vota\u00e7\u00e3o do pacote | Arquivo","headline":"Viol\u00eancia em protestos aumenta tens\u00e3o \u00e0s vesperas da vota\u00e7\u00e3o do pacote","author":{"@id":"https:\/\/www.jornalja.com.br\/arquivo\/author\/daredacao\/#author"},"publisher":{"@id":"https:\/\/www.jornalja.com.br\/arquivo\/#organization"},"image":{"@type":"ImageObject","url":42404},"datePublished":"2016-12-14T09:53:04-02:00","dateModified":"2016-12-14T09:53:04-02:00","inLanguage":"pt-BR","mainEntityOfPage":{"@id":"https:\/\/www.jornalja.com.br\/arquivo\/violencia-em-protestos-aumenta-tensao-as-vesperas-da-votacao-do-pacote\/#webpage"},"isPartOf":{"@id":"https:\/\/www.jornalja.com.br\/arquivo\/violencia-em-protestos-aumenta-tensao-as-vesperas-da-votacao-do-pacote\/#webpage"},"articleSection":"Geral"},{"@type":"BreadcrumbList","@id":"https:\/\/www.jornalja.com.br\/arquivo\/violencia-em-protestos-aumenta-tensao-as-vesperas-da-votacao-do-pacote\/#breadcrumblist","itemListElement":[{"@type":"ListItem","@id":"https:\/\/www.jornalja.com.br\/arquivo#listItem","position":1,"name":"Home","item":"https:\/\/www.jornalja.com.br\/arquivo","nextItem":{"@type":"ListItem","@id":"https:\/\/www.jornalja.com.br\/arquivo\/category\/geral\/#listItem","name":"Geral"}},{"@type":"ListItem","@id":"https:\/\/www.jornalja.com.br\/arquivo\/category\/geral\/#listItem","position":2,"name":"Geral","item":"https:\/\/www.jornalja.com.br\/arquivo\/category\/geral\/","nextItem":{"@type":"ListItem","@id":"https:\/\/www.jornalja.com.br\/arquivo\/violencia-em-protestos-aumenta-tensao-as-vesperas-da-votacao-do-pacote\/#listItem","name":"Viol\u00eancia em protestos aumenta tens\u00e3o \u00e0s vesperas da vota\u00e7\u00e3o do pacote"},"previousItem":{"@type":"ListItem","@id":"https:\/\/www.jornalja.com.br\/arquivo#listItem","name":"Home"}},{"@type":"ListItem","@id":"https:\/\/www.jornalja.com.br\/arquivo\/violencia-em-protestos-aumenta-tensao-as-vesperas-da-votacao-do-pacote\/#listItem","position":3,"name":"Viol\u00eancia em protestos aumenta tens\u00e3o \u00e0s vesperas da vota\u00e7\u00e3o do pacote","previousItem":{"@type":"ListItem","@id":"https:\/\/www.jornalja.com.br\/arquivo\/category\/geral\/#listItem","name":"Geral"}}]},{"@type":"Organization","@id":"https:\/\/www.jornalja.com.br\/arquivo\/#organization","name":"Jornal J\u00c1","description":"Jornal J\u00c1 | Porto Alegre","url":"https:\/\/www.jornalja.com.br\/arquivo\/","telephone":"+555133307272","logo":{"@type":"ImageObject","url":"https:\/\/www.jornalja.com.br\/wp-content\/uploads\/cards\/JAslogan.png","@id":"https:\/\/www.jornalja.com.br\/arquivo\/violencia-em-protestos-aumenta-tensao-as-vesperas-da-votacao-do-pacote\/#organizationLogo"},"image":{"@id":"https:\/\/www.jornalja.com.br\/arquivo\/violencia-em-protestos-aumenta-tensao-as-vesperas-da-votacao-do-pacote\/#organizationLogo"}},{"@type":"Person","@id":"https:\/\/www.jornalja.com.br\/arquivo\/author\/daredacao\/#author","url":"https:\/\/www.jornalja.com.br\/arquivo\/author\/daredacao\/","name":"da Reda\u00e7\u00e3o","image":{"@type":"ImageObject","@id":"https:\/\/www.jornalja.com.br\/arquivo\/violencia-em-protestos-aumenta-tensao-as-vesperas-da-votacao-do-pacote\/#authorImage","url":"https:\/\/secure.gravatar.com\/avatar\/469fd857d6605ad19919d27ed29d35a968a25f6e8fd9318356bbb7f57aae9c65?s=96&d=mm&r=g","width":96,"height":96,"caption":"da Reda\u00e7\u00e3o"}},{"@type":"WebPage","@id":"https:\/\/www.jornalja.com.br\/arquivo\/violencia-em-protestos-aumenta-tensao-as-vesperas-da-votacao-do-pacote\/#webpage","url":"https:\/\/www.jornalja.com.br\/arquivo\/violencia-em-protestos-aumenta-tensao-as-vesperas-da-votacao-do-pacote\/","name":"Viol\u00eancia em protestos aumenta tens\u00e3o \u00e0s vesperas da vota\u00e7\u00e3o do pacote | Arquivo","inLanguage":"pt-BR","isPartOf":{"@id":"https:\/\/www.jornalja.com.br\/arquivo\/#website"},"breadcrumb":{"@id":"https:\/\/www.jornalja.com.br\/arquivo\/violencia-em-protestos-aumenta-tensao-as-vesperas-da-votacao-do-pacote\/#breadcrumblist"},"author":{"@id":"https:\/\/www.jornalja.com.br\/arquivo\/author\/daredacao\/#author"},"creator":{"@id":"https:\/\/www.jornalja.com.br\/arquivo\/author\/daredacao\/#author"},"image":{"@type":"ImageObject","url":42404,"@id":"https:\/\/www.jornalja.com.br\/arquivo\/violencia-em-protestos-aumenta-tensao-as-vesperas-da-votacao-do-pacote\/#mainImage"},"primaryImageOfPage":{"@id":"https:\/\/www.jornalja.com.br\/arquivo\/violencia-em-protestos-aumenta-tensao-as-vesperas-da-votacao-do-pacote\/#mainImage"},"datePublished":"2016-12-14T09:53:04-02:00","dateModified":"2016-12-14T09:53:04-02:00"},{"@type":"WebSite","@id":"https:\/\/www.jornalja.com.br\/arquivo\/#website","url":"https:\/\/www.jornalja.com.br\/arquivo\/","name":"Arquivo","description":"Jornal J\u00c1 | Porto Alegre","inLanguage":"pt-BR","publisher":{"@id":"https:\/\/www.jornalja.com.br\/arquivo\/#organization"}}]},"og:locale":"pt_BR","og:site_name":"Arquivo | Jornal J\u00c1 | Porto Alegre","og:type":"article","og:title":"Viol\u00eancia em protestos aumenta tens\u00e3o \u00e0s vesperas da vota\u00e7\u00e3o do pacote | Arquivo","og:url":"https:\/\/www.jornalja.com.br\/arquivo\/violencia-em-protestos-aumenta-tensao-as-vesperas-da-votacao-do-pacote\/","og:image":"https:\/\/www.jornalja.com.br\/wp-content\/uploads\/2016\/12\/Fotos-4-ato-contra-a-PEC.-Thais-Ratier-1.jpg","og:image:secure_url":"https:\/\/www.jornalja.com.br\/wp-content\/uploads\/2016\/12\/Fotos-4-ato-contra-a-PEC.-Thais-Ratier-1.jpg","article:published_time":"2016-12-14T12:53:04+00:00","article:modified_time":"2016-12-14T12:53:04+00:00","twitter:card":"summary","twitter:title":"Viol\u00eancia em protestos aumenta tens\u00e3o \u00e0s vesperas da vota\u00e7\u00e3o do pacote | Arquivo","twitter:image":"https:\/\/www.jornalja.com.br\/economics\/wp-content\/uploads\/sites\/11\/2026\/08\/ja-folhaderosto-facebook.jpg"},"aioseo_meta_data":{"post_id":"42373","title":null,"description":null,"keywords":null,"keyphrases":null,"primary_term":null,"canonical_url":null,"og_title":null,"og_description":null,"og_object_type":"default","og_image_type":"default","og_image_url":null,"og_image_width":null,"og_image_height":null,"og_image_custom_url":null,"og_image_custom_fields":null,"og_video":null,"og_custom_url":null,"og_article_section":null,"og_article_tags":null,"twitter_use_og":false,"twitter_card":"default","twitter_image_type":"default","twitter_image_url":null,"twitter_image_custom_url":null,"twitter_image_custom_fields":null,"twitter_title":null,"twitter_description":null,"schema":{"blockGraphs":[],"customGraphs":[],"default":{"data":{"Article":[],"Course":[],"Dataset":[],"FAQPage":[],"Movie":[],"Person":[],"Product":[],"ProductReview":[],"Car":[],"Recipe":[],"Service":[],"SoftwareApplication":[],"WebPage":[]},"graphName":"","isEnabled":true},"graphs":[],"defaultGraph":"","defaultPostTypeGraph":""},"schema_type":null,"schema_type_options":null,"pillar_content":false,"robots_default":true,"robots_noindex":false,"robots_noarchive":false,"robots_nosnippet":false,"robots_nofollow":false,"robots_noimageindex":false,"robots_noodp":false,"robots_notranslate":false,"robots_max_snippet":null,"robots_max_videopreview":null,"robots_max_imagepreview":"large","priority":null,"frequency":null,"location":null,"local_seo":null,"breadcrumb_settings":null,"limit_modified_date":false,"ai":null,"created":"2020-12-20 20:44:21","updated":"2025-07-19 18:39:01","seo_analyzer_scan_date":null,"focus_keyword":null,"additional_keywords":null,"truseo_locale":null},"jetpack_sharing_enabled":true,"jetpack-related-posts":[{"id":13124,"url":"https:\/\/www.jornalja.com.br\/arquivo\/sangue-latino-no-iecine\/","url_meta":{"origin":42373,"position":0},"title":"Sangue latino no IECINE","author":"da Reda\u00e7\u00e3o","date":"18 de maio de 2014","format":false,"excerpt":"Francisco Ribeiro O Instituto Estadual de Cinema (IECINE) tem a frente, desde abril \u00faltimo, um novo diretor, o cineasta colombiano Juan Zapata, 36, que substitui Luiz Alberto Cassol. Radicado h\u00e1 dez anos em Porto Alegre, Zapata tem diante de si o desafio de conduzir at\u00e9 o final do ano um\u2026","rel":"","context":"Em &quot;Cultura-Geral&quot;","block_context":{"text":"Cultura-Geral","link":"https:\/\/www.jornalja.com.br\/arquivo\/category\/materiasecundaria\/"},"img":{"alt_text":"","src":"","width":0,"height":0},"classes":[]},{"id":13101,"url":"https:\/\/www.jornalja.com.br\/arquivo\/morre-um-guerreiro-do-texto\/","url_meta":{"origin":42373,"position":1},"title":"Morre um guerreiro do texto","author":"Patr\u00edcia Marini","date":"14 de maio de 2014","format":false,"excerpt":"Por Ricardo Kotscho Reproduzido do blog do autor, 11\/5\/2014; t\u00edtulo original \u201cE l\u00e1 se foi o nosso Myltainho, guerreiro do texto\u201d. Mi\u00fado e franzino, meu amigo Myltainho era um valente e inconformado guerreiro na luta contra as injusti\u00e7as sociais, a hipocrisia, as maracutaias, o autoritarismo, a intoler\u00e2ncia, a viol\u00eancia, o\u2026","rel":"","context":"Em &quot;Geral&quot;","block_context":{"text":"Geral","link":"https:\/\/www.jornalja.com.br\/arquivo\/category\/geral\/"},"img":{"alt_text":"","src":"","width":0,"height":0},"classes":[]},{"id":13128,"url":"https:\/\/www.jornalja.com.br\/arquivo\/maconha-terra-diz-que-uso-medicinal-e-desculpa\/","url_meta":{"origin":42373,"position":2},"title":"Maconha: Terra diz que uso medicinal \u00e9 desculpa","author":"Patr\u00edcia Marini","date":"4 de junho de 2014","format":false,"excerpt":"A condi\u00e7\u00e3o de pol\u00edtico, em \u00e9poca de campanha de campanha eleitoral, tira for\u00e7a do discurso do m\u00e9dico Osmar Terra contra a legaliza\u00e7\u00e3o da maconha. A tese dele de que a libera\u00e7\u00e3o vai ampliar exponencialmente o consumo \u00e9 discutivel, o consumo \u00e9 corrente. Mas seus alertas quanto aos riscos tem que\u2026","rel":"","context":"Em &quot;X.Categorias velhas&quot;","block_context":{"text":"X.Categorias velhas","link":"https:\/\/www.jornalja.com.br\/arquivo\/category\/x-categorias-velhas\/"},"img":{"alt_text":"","src":"","width":0,"height":0},"classes":[]},{"id":13240,"url":"https:\/\/www.jornalja.com.br\/arquivo\/plano-diretor-estamos-construindo-o-caos\/","url_meta":{"origin":42373,"position":3},"title":"Plano diretor: &quot;Estamos construindo o caos&quot;","author":"Patr\u00edcia Marini","date":"26 de maio de 2014","format":false,"excerpt":"Desabafo que arquiteta Eliana Castilhos, delegada da Regi\u00e3o de Planejamento 1, postou nas redes sociais \u00e9 um testemunho do ambiente que se criou no Conselho do Plano Diretor de Porto Alegre, onde a aprova\u00e7\u00e3o de grandes empreendimentos \u00e9 empurrada guela abaixo dos conselheiros. Ao CMDUA Como delegada da Regi\u00e3o de\u2026","rel":"","context":"Em &quot;Geral&quot;","block_context":{"text":"Geral","link":"https:\/\/www.jornalja.com.br\/arquivo\/category\/geral\/"},"img":{"alt_text":"","src":"","width":0,"height":0},"classes":[]},{"id":13109,"url":"https:\/\/www.jornalja.com.br\/arquivo\/judiciario-reconhece-poluicao-eletromagnetica\/","url_meta":{"origin":42373,"position":4},"title":"Judici\u00e1rio reconhece polui\u00e7\u00e3o eletromagn\u00e9tica","author":"Patr\u00edcia Marini","date":"16 de maio de 2014","format":false,"excerpt":"A\u00e7\u00e3o de duas associa\u00e7\u00f5es de moradores foi acolhida pelo Tribunal de Justi\u00e7a de S\u00e3o Paulo que. em decis\u00e3o in\u00e9dita, determinou a redu\u00e7\u00e3o do campo eletromagn\u00e9tico gerado pelas linhas de transmiss\u00e3o de energia que cortam os bairros City Boa\u00e7ava e Alto de Pinheiros. \u00c9 a primeira vez que um tribunal do\u2026","rel":"","context":"Em &quot;X.Categorias velhas&quot;","block_context":{"text":"X.Categorias velhas","link":"https:\/\/www.jornalja.com.br\/arquivo\/category\/x-categorias-velhas\/"},"img":{"alt_text":"","src":"","width":0,"height":0},"classes":[]}],"jetpack_shortlink":"https:\/\/wp.me\/pbQjBd-b1r","jetpack_featured_media_url":"","_links":{"self":[{"href":"https:\/\/www.jornalja.com.br\/arquivo\/wp-json\/wp\/v2\/posts\/42373","targetHints":{"allow":["GET"]}}],"collection":[{"href":"https:\/\/www.jornalja.com.br\/arquivo\/wp-json\/wp\/v2\/posts"}],"about":[{"href":"https:\/\/www.jornalja.com.br\/arquivo\/wp-json\/wp\/v2\/types\/post"}],"author":[{"embeddable":true,"href":"https:\/\/www.jornalja.com.br\/arquivo\/wp-json\/wp\/v2\/users\/4"}],"replies":[{"embeddable":true,"href":"https:\/\/www.jornalja.com.br\/arquivo\/wp-json\/wp\/v2\/comments?post=42373"}],"version-history":[{"count":0,"href":"https:\/\/www.jornalja.com.br\/arquivo\/wp-json\/wp\/v2\/posts\/42373\/revisions"}],"wp:attachment":[{"href":"https:\/\/www.jornalja.com.br\/arquivo\/wp-json\/wp\/v2\/media?parent=42373"}],"wp:term":[{"taxonomy":"category","embeddable":true,"href":"https:\/\/www.jornalja.com.br\/arquivo\/wp-json\/wp\/v2\/categories?post=42373"},{"taxonomy":"post_tag","embeddable":true,"href":"https:\/\/www.jornalja.com.br\/arquivo\/wp-json\/wp\/v2\/tags?post=42373"}],"curies":[{"name":"wp","href":"https:\/\/api.w.org\/{rel}","templated":true}]}}