{"id":42382,"date":"2016-12-14T13:17:00","date_gmt":"2016-12-14T16:17:00","guid":{"rendered":"https:\/\/www.jornalja.com.br\/?p=42382"},"modified":"2016-12-14T13:17:00","modified_gmt":"2016-12-14T16:17:00","slug":"justica-determina-pagamento-do-13o-ate-o-dia-20","status":"publish","type":"post","link":"https:\/\/www.jornalja.com.br\/arquivo\/justica-determina-pagamento-do-13o-ate-o-dia-20\/","title":{"rendered":"Justi\u00e7a determina pagamento do 13\u00ba at\u00e9 o dia 20"},"content":{"rendered":"<p>A 1\u00aa Vara da Fazenda P\u00fablica de Porto Alegre acatou, nessa quarta-feira (14), o pedido de tutela de urg\u00eancia, na a\u00e7\u00e3o encaminhada pelo sindicato dos servidores municipais (Simpa) para garantir o direito ao 13\u00ba sal\u00e1rio e remunera\u00e7\u00e3o de dezembro dentro dos prazos legais.<br \/>\nO Simpa recorreu \u00e0 Justi\u00e7a, \u00e0 C\u00e2mara de Vereadores e e ao Tribunal de Conta<span class=\"text_exposed_show\">s, depois da amea\u00e7a de atraso no pagamento anunciada pelo prefeito Jos\u00e9 Fortunati no in\u00edcio do m\u00eas.\u00a0Ontem (13), com apoio das lideran\u00e7as na C\u00e2mara e aval do TCE, ele voltou atr\u00e1s e confirmou a retomada do desconto para pagamento antecipado do IPTU 2017 em dezembro, que havia sido contestada pelo prefeito eleito, Nelson Marchezan Junior. H\u00e1 28 anos o munic\u00edpio d\u00e1 desconto para quem adianta o pagamento do IPTU.<\/span><br \/>\n<span class=\"text_exposed_show\">No despacho, a ju\u00edza Vera Regina Cornelius da Rocha Moraes destacou: \u201cdiante dos fatos alegados e a documenta\u00e7\u00e3o acostada, presentes os pressupostos de probabilidade de direito e perigo de dano, frente o car\u00e1ter alimentar da verba. (&#8230;) defiro o pedido de tutela de urg\u00eancia, determinando que os r\u00e9us, Munic\u00edpio de Porto Alegre, Previmpa, DMLU, DEMHAB e FASC, realizem o pagamento do valor integral do 13\u00ba sal\u00e1rio\/gratifica\u00e7\u00e3o natalina aos servidores p\u00fablicos municipais ativos e inativos at\u00e9 o dia 20 de dezembro de 2016, bem como a remunera\u00e7\u00e3o e os proventos do m\u00eas de dezembro at\u00e9 o \u00faltimo dia \u00fatil do corrente ano. O pedido de bloqueio de valores ser\u00e1 examinado posteriormente, caso noticiado o descumprimento da presente ordem&#8221;.\u00a0<\/span><br \/>\nEm assembleia geral realizada na tarde dessa ter\u00e7a-feira (13), a categoria decidiu entrar em estado de greve e permanecer mobilizada at\u00e9 que o pagamento do 13\u00ba sal\u00e1rio seja efetivado, no dia 20. Se n\u00e3o pagar, entram em greve no dia seguinte.<br \/>\n<figure id=\"attachment_42385\" aria-describedby=\"caption-attachment-42385\" style=\"width: 384px\" class=\"wp-caption alignright\"><img loading=\"lazy\" decoding=\"async\" class=\" wp-image-42385\" src=\"https:\/\/www.jornalja.com.br\/wp-content\/uploads\/2016\/12\/Simpa-no-Pa\u00e7o-13-12-16.jpg\" alt=\"Depois da assembleia, caminharam at\u00e9 o Pa\u00e7o Municipal \/ Foto Simpa\" width=\"384\" height=\"258\" \/><figcaption id=\"caption-attachment-42385\" class=\"wp-caption-text\">Depois da assembleia, caminharam at\u00e9 o Pa\u00e7o Municipal \/ Simpa<\/figcaption><\/figure><br \/>\nOs municip\u00e1rios tamb\u00e9m votaram <span class=\"text_exposed_show\">pela coleta de assinaturas para uma a\u00e7\u00e3o popular que pede auditoria nas contas da Prefeitura. <\/span><br \/>\n<span class=\"text_exposed_show\">Cerca de 2.600 municip\u00e1rios que estavam na assembleia sa\u00edram em caminhada at\u00e9 o Pa\u00e7o Municipal, onde a dire\u00e7\u00e3o do Sindicato foi recebida pelo vice-prefeito e informou a posi\u00e7\u00e3o deliberada.<\/span><br \/>\n<span class=\"text_exposed_show\">Durante o trajeto tamb\u00e9m houve manifesta\u00e7\u00e3o de apoio aos servidores do estado, que est\u00e3o com recebendo seus sal\u00e1rios em parcelas, e rep\u00fadio \u00e0 aprova\u00e7\u00e3o, no Senado, do texto da PEC 55 (PEC da Morte), que congela os investimentos p\u00fablicos por 20 anos.<br \/>\n<\/span><\/p>\n","protected":false},"excerpt":{"rendered":"<p>A 1\u00aa Vara da Fazenda P\u00fablica de Porto Alegre acatou, nessa quarta-feira (14), o pedido de tutela de urg\u00eancia, na a\u00e7\u00e3o encaminhada pelo sindicato dos servidores municipais (Simpa) para garantir o direito ao 13\u00ba sal\u00e1rio e remunera\u00e7\u00e3o de dezembro dentro dos prazos legais. O Simpa recorreu \u00e0 Justi\u00e7a, \u00e0 C\u00e2mara de Vereadores e e ao [&hellip;]<\/p>\n","protected":false},"author":4,"featured_media":42384,"comment_status":"open","ping_status":"closed","sticky":false,"template":"","format":"standard","meta":{"_jetpack_newsletter_access":"","_jetpack_dont_email_post_to_subs":false,"_jetpack_newsletter_tier_id":0,"_jetpack_memberships_contains_paywalled_content":false,"_jetpack_feature_clip_id":0,"_jetpack_memberships_contains_paid_content":false,"footnotes":"","jetpack_post_was_ever_published":false},"categories":[26],"tags":[],"class_list":["post-42382","post","type-post","status-publish","format-standard","has-post-thumbnail","hentry","category-geral"],"aioseo_notices":[],"aioseo_head":"\n\t\t<!-- All in One SEO 5.0.1.1 - aioseo.com -->\n\t<meta name=\"robots\" content=\"max-image-preview:large\" \/>\n\t<meta name=\"author\" content=\"da Reda\u00e7\u00e3o\"\/>\n\t<link rel=\"canonical\" href=\"https:\/\/www.jornalja.com.br\/arquivo\/justica-determina-pagamento-do-13o-ate-o-dia-20\/\" \/>\n\t<meta name=\"generator\" content=\"All in One SEO (AIOSEO) 5.0.1.1\" \/>\n\t\t<meta property=\"og:locale\" content=\"pt_BR\" \/>\n\t\t<meta property=\"og:site_name\" content=\"Arquivo | Jornal J\u00c1 | Porto Alegre\" \/>\n\t\t<meta property=\"og:type\" content=\"article\" \/>\n\t\t<meta property=\"og:title\" content=\"Justi\u00e7a determina pagamento do 13\u00ba at\u00e9 o dia 20 | Arquivo\" \/>\n\t\t<meta property=\"og:url\" content=\"https:\/\/www.jornalja.com.br\/arquivo\/justica-determina-pagamento-do-13o-ate-o-dia-20\/\" \/>\n\t\t<meta property=\"og:image\" content=\"https:\/\/www.jornalja.com.br\/wp-content\/uploads\/2016\/12\/Simpa-no-Pa\u00e7o-13-12-16.jpg\" \/>\n\t\t<meta property=\"og:image:secure_url\" content=\"https:\/\/www.jornalja.com.br\/wp-content\/uploads\/2016\/12\/Simpa-no-Pa\u00e7o-13-12-16.jpg\" \/>\n\t\t<meta property=\"article:published_time\" content=\"2016-12-14T16:17:00+00:00\" \/>\n\t\t<meta property=\"article:modified_time\" content=\"2016-12-14T16:17:00+00:00\" \/>\n\t\t<meta name=\"twitter:card\" content=\"summary\" \/>\n\t\t<meta name=\"twitter:title\" content=\"Justi\u00e7a determina pagamento do 13\u00ba at\u00e9 o dia 20 | Arquivo\" \/>\n\t\t<meta name=\"twitter:image\" content=\"https:\/\/www.jornalja.com.br\/economics\/wp-content\/uploads\/sites\/11\/2026\/08\/ja-folhaderosto-facebook.jpg\" \/>\n\t\t<script type=\"application\/ld+json\" class=\"aioseo-schema\">\n\t\t\t{\"@context\":\"https:\\\/\\\/schema.org\",\"@graph\":[{\"@type\":\"BlogPosting\",\"@id\":\"https:\\\/\\\/www.jornalja.com.br\\\/arquivo\\\/justica-determina-pagamento-do-13o-ate-o-dia-20\\\/#blogposting\",\"name\":\"Justi\\u00e7a determina pagamento do 13\\u00ba at\\u00e9 o dia 20 | Arquivo\",\"headline\":\"Justi\\u00e7a determina pagamento do 13\\u00ba at\\u00e9 o dia 20\",\"author\":{\"@id\":\"https:\\\/\\\/www.jornalja.com.br\\\/arquivo\\\/author\\\/daredacao\\\/#author\"},\"publisher\":{\"@id\":\"https:\\\/\\\/www.jornalja.com.br\\\/arquivo\\\/#organization\"},\"image\":{\"@type\":\"ImageObject\",\"url\":42384},\"datePublished\":\"2016-12-14T13:17:00-02:00\",\"dateModified\":\"2016-12-14T13:17:00-02:00\",\"inLanguage\":\"pt-BR\",\"mainEntityOfPage\":{\"@id\":\"https:\\\/\\\/www.jornalja.com.br\\\/arquivo\\\/justica-determina-pagamento-do-13o-ate-o-dia-20\\\/#webpage\"},\"isPartOf\":{\"@id\":\"https:\\\/\\\/www.jornalja.com.br\\\/arquivo\\\/justica-determina-pagamento-do-13o-ate-o-dia-20\\\/#webpage\"},\"articleSection\":\"Geral\"},{\"@type\":\"BreadcrumbList\",\"@id\":\"https:\\\/\\\/www.jornalja.com.br\\\/arquivo\\\/justica-determina-pagamento-do-13o-ate-o-dia-20\\\/#breadcrumblist\",\"itemListElement\":[{\"@type\":\"ListItem\",\"@id\":\"https:\\\/\\\/www.jornalja.com.br\\\/arquivo#listItem\",\"position\":1,\"name\":\"Home\",\"item\":\"https:\\\/\\\/www.jornalja.com.br\\\/arquivo\",\"nextItem\":{\"@type\":\"ListItem\",\"@id\":\"https:\\\/\\\/www.jornalja.com.br\\\/arquivo\\\/category\\\/geral\\\/#listItem\",\"name\":\"Geral\"}},{\"@type\":\"ListItem\",\"@id\":\"https:\\\/\\\/www.jornalja.com.br\\\/arquivo\\\/category\\\/geral\\\/#listItem\",\"position\":2,\"name\":\"Geral\",\"item\":\"https:\\\/\\\/www.jornalja.com.br\\\/arquivo\\\/category\\\/geral\\\/\",\"nextItem\":{\"@type\":\"ListItem\",\"@id\":\"https:\\\/\\\/www.jornalja.com.br\\\/arquivo\\\/justica-determina-pagamento-do-13o-ate-o-dia-20\\\/#listItem\",\"name\":\"Justi\\u00e7a determina pagamento do 13\\u00ba at\\u00e9 o dia 20\"},\"previousItem\":{\"@type\":\"ListItem\",\"@id\":\"https:\\\/\\\/www.jornalja.com.br\\\/arquivo#listItem\",\"name\":\"Home\"}},{\"@type\":\"ListItem\",\"@id\":\"https:\\\/\\\/www.jornalja.com.br\\\/arquivo\\\/justica-determina-pagamento-do-13o-ate-o-dia-20\\\/#listItem\",\"position\":3,\"name\":\"Justi\\u00e7a determina pagamento do 13\\u00ba at\\u00e9 o dia 20\",\"previousItem\":{\"@type\":\"ListItem\",\"@id\":\"https:\\\/\\\/www.jornalja.com.br\\\/arquivo\\\/category\\\/geral\\\/#listItem\",\"name\":\"Geral\"}}]},{\"@type\":\"Organization\",\"@id\":\"https:\\\/\\\/www.jornalja.com.br\\\/arquivo\\\/#organization\",\"name\":\"Jornal J\\u00c1\",\"description\":\"Jornal J\\u00c1 | Porto Alegre\",\"url\":\"https:\\\/\\\/www.jornalja.com.br\\\/arquivo\\\/\",\"telephone\":\"+555133307272\",\"logo\":{\"@type\":\"ImageObject\",\"url\":\"https:\\\/\\\/www.jornalja.com.br\\\/wp-content\\\/uploads\\\/cards\\\/JAslogan.png\",\"@id\":\"https:\\\/\\\/www.jornalja.com.br\\\/arquivo\\\/justica-determina-pagamento-do-13o-ate-o-dia-20\\\/#organizationLogo\"},\"image\":{\"@id\":\"https:\\\/\\\/www.jornalja.com.br\\\/arquivo\\\/justica-determina-pagamento-do-13o-ate-o-dia-20\\\/#organizationLogo\"}},{\"@type\":\"Person\",\"@id\":\"https:\\\/\\\/www.jornalja.com.br\\\/arquivo\\\/author\\\/daredacao\\\/#author\",\"url\":\"https:\\\/\\\/www.jornalja.com.br\\\/arquivo\\\/author\\\/daredacao\\\/\",\"name\":\"da Reda\\u00e7\\u00e3o\",\"image\":{\"@type\":\"ImageObject\",\"@id\":\"https:\\\/\\\/www.jornalja.com.br\\\/arquivo\\\/justica-determina-pagamento-do-13o-ate-o-dia-20\\\/#authorImage\",\"url\":\"https:\\\/\\\/secure.gravatar.com\\\/avatar\\\/469fd857d6605ad19919d27ed29d35a968a25f6e8fd9318356bbb7f57aae9c65?s=96&d=mm&r=g\",\"width\":96,\"height\":96,\"caption\":\"da Reda\\u00e7\\u00e3o\"}},{\"@type\":\"WebPage\",\"@id\":\"https:\\\/\\\/www.jornalja.com.br\\\/arquivo\\\/justica-determina-pagamento-do-13o-ate-o-dia-20\\\/#webpage\",\"url\":\"https:\\\/\\\/www.jornalja.com.br\\\/arquivo\\\/justica-determina-pagamento-do-13o-ate-o-dia-20\\\/\",\"name\":\"Justi\\u00e7a determina pagamento do 13\\u00ba at\\u00e9 o dia 20 | Arquivo\",\"inLanguage\":\"pt-BR\",\"isPartOf\":{\"@id\":\"https:\\\/\\\/www.jornalja.com.br\\\/arquivo\\\/#website\"},\"breadcrumb\":{\"@id\":\"https:\\\/\\\/www.jornalja.com.br\\\/arquivo\\\/justica-determina-pagamento-do-13o-ate-o-dia-20\\\/#breadcrumblist\"},\"author\":{\"@id\":\"https:\\\/\\\/www.jornalja.com.br\\\/arquivo\\\/author\\\/daredacao\\\/#author\"},\"creator\":{\"@id\":\"https:\\\/\\\/www.jornalja.com.br\\\/arquivo\\\/author\\\/daredacao\\\/#author\"},\"image\":{\"@type\":\"ImageObject\",\"url\":42384,\"@id\":\"https:\\\/\\\/www.jornalja.com.br\\\/arquivo\\\/justica-determina-pagamento-do-13o-ate-o-dia-20\\\/#mainImage\"},\"primaryImageOfPage\":{\"@id\":\"https:\\\/\\\/www.jornalja.com.br\\\/arquivo\\\/justica-determina-pagamento-do-13o-ate-o-dia-20\\\/#mainImage\"},\"datePublished\":\"2016-12-14T13:17:00-02:00\",\"dateModified\":\"2016-12-14T13:17:00-02:00\"},{\"@type\":\"WebSite\",\"@id\":\"https:\\\/\\\/www.jornalja.com.br\\\/arquivo\\\/#website\",\"url\":\"https:\\\/\\\/www.jornalja.com.br\\\/arquivo\\\/\",\"name\":\"Arquivo\",\"description\":\"Jornal J\\u00c1 | Porto Alegre\",\"inLanguage\":\"pt-BR\",\"publisher\":{\"@id\":\"https:\\\/\\\/www.jornalja.com.br\\\/arquivo\\\/#organization\"}}]}\n\t\t<\/script>\n\t\t<!-- All in One SEO -->\n\n","aioseo_head_json":{"title":"Justi\u00e7a determina pagamento do 13\u00ba at\u00e9 o dia 20 | Arquivo","description":"","canonical_url":"https:\/\/www.jornalja.com.br\/arquivo\/justica-determina-pagamento-do-13o-ate-o-dia-20\/","robots":"max-image-preview:large","keywords":"","webmasterTools":{"miscellaneous":""},"schema":{"@context":"https:\/\/schema.org","@graph":[{"@type":"BlogPosting","@id":"https:\/\/www.jornalja.com.br\/arquivo\/justica-determina-pagamento-do-13o-ate-o-dia-20\/#blogposting","name":"Justi\u00e7a determina pagamento do 13\u00ba at\u00e9 o dia 20 | Arquivo","headline":"Justi\u00e7a determina pagamento do 13\u00ba at\u00e9 o dia 20","author":{"@id":"https:\/\/www.jornalja.com.br\/arquivo\/author\/daredacao\/#author"},"publisher":{"@id":"https:\/\/www.jornalja.com.br\/arquivo\/#organization"},"image":{"@type":"ImageObject","url":42384},"datePublished":"2016-12-14T13:17:00-02:00","dateModified":"2016-12-14T13:17:00-02:00","inLanguage":"pt-BR","mainEntityOfPage":{"@id":"https:\/\/www.jornalja.com.br\/arquivo\/justica-determina-pagamento-do-13o-ate-o-dia-20\/#webpage"},"isPartOf":{"@id":"https:\/\/www.jornalja.com.br\/arquivo\/justica-determina-pagamento-do-13o-ate-o-dia-20\/#webpage"},"articleSection":"Geral"},{"@type":"BreadcrumbList","@id":"https:\/\/www.jornalja.com.br\/arquivo\/justica-determina-pagamento-do-13o-ate-o-dia-20\/#breadcrumblist","itemListElement":[{"@type":"ListItem","@id":"https:\/\/www.jornalja.com.br\/arquivo#listItem","position":1,"name":"Home","item":"https:\/\/www.jornalja.com.br\/arquivo","nextItem":{"@type":"ListItem","@id":"https:\/\/www.jornalja.com.br\/arquivo\/category\/geral\/#listItem","name":"Geral"}},{"@type":"ListItem","@id":"https:\/\/www.jornalja.com.br\/arquivo\/category\/geral\/#listItem","position":2,"name":"Geral","item":"https:\/\/www.jornalja.com.br\/arquivo\/category\/geral\/","nextItem":{"@type":"ListItem","@id":"https:\/\/www.jornalja.com.br\/arquivo\/justica-determina-pagamento-do-13o-ate-o-dia-20\/#listItem","name":"Justi\u00e7a determina pagamento do 13\u00ba at\u00e9 o dia 20"},"previousItem":{"@type":"ListItem","@id":"https:\/\/www.jornalja.com.br\/arquivo#listItem","name":"Home"}},{"@type":"ListItem","@id":"https:\/\/www.jornalja.com.br\/arquivo\/justica-determina-pagamento-do-13o-ate-o-dia-20\/#listItem","position":3,"name":"Justi\u00e7a determina pagamento do 13\u00ba at\u00e9 o dia 20","previousItem":{"@type":"ListItem","@id":"https:\/\/www.jornalja.com.br\/arquivo\/category\/geral\/#listItem","name":"Geral"}}]},{"@type":"Organization","@id":"https:\/\/www.jornalja.com.br\/arquivo\/#organization","name":"Jornal J\u00c1","description":"Jornal J\u00c1 | Porto Alegre","url":"https:\/\/www.jornalja.com.br\/arquivo\/","telephone":"+555133307272","logo":{"@type":"ImageObject","url":"https:\/\/www.jornalja.com.br\/wp-content\/uploads\/cards\/JAslogan.png","@id":"https:\/\/www.jornalja.com.br\/arquivo\/justica-determina-pagamento-do-13o-ate-o-dia-20\/#organizationLogo"},"image":{"@id":"https:\/\/www.jornalja.com.br\/arquivo\/justica-determina-pagamento-do-13o-ate-o-dia-20\/#organizationLogo"}},{"@type":"Person","@id":"https:\/\/www.jornalja.com.br\/arquivo\/author\/daredacao\/#author","url":"https:\/\/www.jornalja.com.br\/arquivo\/author\/daredacao\/","name":"da Reda\u00e7\u00e3o","image":{"@type":"ImageObject","@id":"https:\/\/www.jornalja.com.br\/arquivo\/justica-determina-pagamento-do-13o-ate-o-dia-20\/#authorImage","url":"https:\/\/secure.gravatar.com\/avatar\/469fd857d6605ad19919d27ed29d35a968a25f6e8fd9318356bbb7f57aae9c65?s=96&d=mm&r=g","width":96,"height":96,"caption":"da Reda\u00e7\u00e3o"}},{"@type":"WebPage","@id":"https:\/\/www.jornalja.com.br\/arquivo\/justica-determina-pagamento-do-13o-ate-o-dia-20\/#webpage","url":"https:\/\/www.jornalja.com.br\/arquivo\/justica-determina-pagamento-do-13o-ate-o-dia-20\/","name":"Justi\u00e7a determina pagamento do 13\u00ba at\u00e9 o dia 20 | Arquivo","inLanguage":"pt-BR","isPartOf":{"@id":"https:\/\/www.jornalja.com.br\/arquivo\/#website"},"breadcrumb":{"@id":"https:\/\/www.jornalja.com.br\/arquivo\/justica-determina-pagamento-do-13o-ate-o-dia-20\/#breadcrumblist"},"author":{"@id":"https:\/\/www.jornalja.com.br\/arquivo\/author\/daredacao\/#author"},"creator":{"@id":"https:\/\/www.jornalja.com.br\/arquivo\/author\/daredacao\/#author"},"image":{"@type":"ImageObject","url":42384,"@id":"https:\/\/www.jornalja.com.br\/arquivo\/justica-determina-pagamento-do-13o-ate-o-dia-20\/#mainImage"},"primaryImageOfPage":{"@id":"https:\/\/www.jornalja.com.br\/arquivo\/justica-determina-pagamento-do-13o-ate-o-dia-20\/#mainImage"},"datePublished":"2016-12-14T13:17:00-02:00","dateModified":"2016-12-14T13:17:00-02:00"},{"@type":"WebSite","@id":"https:\/\/www.jornalja.com.br\/arquivo\/#website","url":"https:\/\/www.jornalja.com.br\/arquivo\/","name":"Arquivo","description":"Jornal J\u00c1 | Porto Alegre","inLanguage":"pt-BR","publisher":{"@id":"https:\/\/www.jornalja.com.br\/arquivo\/#organization"}}]},"og:locale":"pt_BR","og:site_name":"Arquivo | Jornal J\u00c1 | Porto Alegre","og:type":"article","og:title":"Justi\u00e7a determina pagamento do 13\u00ba at\u00e9 o dia 20 | Arquivo","og:url":"https:\/\/www.jornalja.com.br\/arquivo\/justica-determina-pagamento-do-13o-ate-o-dia-20\/","og:image":"https:\/\/www.jornalja.com.br\/wp-content\/uploads\/2016\/12\/Simpa-no-Pa\u00e7o-13-12-16.jpg","og:image:secure_url":"https:\/\/www.jornalja.com.br\/wp-content\/uploads\/2016\/12\/Simpa-no-Pa\u00e7o-13-12-16.jpg","article:published_time":"2016-12-14T16:17:00+00:00","article:modified_time":"2016-12-14T16:17:00+00:00","twitter:card":"summary","twitter:title":"Justi\u00e7a determina pagamento do 13\u00ba at\u00e9 o dia 20 | Arquivo","twitter:image":"https:\/\/www.jornalja.com.br\/economics\/wp-content\/uploads\/sites\/11\/2026\/08\/ja-folhaderosto-facebook.jpg"},"aioseo_meta_data":{"post_id":"42382","title":null,"description":null,"keywords":null,"keyphrases":null,"primary_term":null,"canonical_url":null,"og_title":null,"og_description":null,"og_object_type":"default","og_image_type":"default","og_image_url":null,"og_image_width":null,"og_image_height":null,"og_image_custom_url":null,"og_image_custom_fields":null,"og_video":null,"og_custom_url":null,"og_article_section":null,"og_article_tags":null,"twitter_use_og":false,"twitter_card":"default","twitter_image_type":"default","twitter_image_url":null,"twitter_image_custom_url":null,"twitter_image_custom_fields":null,"twitter_title":null,"twitter_description":null,"schema":{"blockGraphs":[],"customGraphs":[],"default":{"data":{"Article":[],"Course":[],"Dataset":[],"FAQPage":[],"Movie":[],"Person":[],"Product":[],"ProductReview":[],"Car":[],"Recipe":[],"Service":[],"SoftwareApplication":[],"WebPage":[]},"graphName":"","isEnabled":true},"graphs":[]},"schema_type":null,"schema_type_options":null,"pillar_content":false,"robots_default":true,"robots_noindex":false,"robots_noarchive":false,"robots_nosnippet":false,"robots_nofollow":false,"robots_noimageindex":false,"robots_noodp":false,"robots_notranslate":false,"robots_max_snippet":null,"robots_max_videopreview":null,"robots_max_imagepreview":"large","priority":null,"frequency":null,"location":null,"local_seo":null,"breadcrumb_settings":null,"limit_modified_date":false,"ai":null,"created":"2020-12-20 20:44:21","updated":"2025-07-19 18:39:01","seo_analyzer_scan_date":null,"focus_keyword":null,"additional_keywords":null,"truseo_locale":null},"jetpack_sharing_enabled":true,"jetpack-related-posts":[{"id":13109,"url":"https:\/\/www.jornalja.com.br\/arquivo\/judiciario-reconhece-poluicao-eletromagnetica\/","url_meta":{"origin":42382,"position":0},"title":"Judici\u00e1rio reconhece polui\u00e7\u00e3o eletromagn\u00e9tica","author":"Patr\u00edcia Marini","date":"16 de maio de 2014","format":false,"excerpt":"A\u00e7\u00e3o de duas associa\u00e7\u00f5es de moradores foi acolhida pelo Tribunal de Justi\u00e7a de S\u00e3o Paulo que. em decis\u00e3o in\u00e9dita, determinou a redu\u00e7\u00e3o do campo eletromagn\u00e9tico gerado pelas linhas de transmiss\u00e3o de energia que cortam os bairros City Boa\u00e7ava e Alto de Pinheiros. \u00c9 a primeira vez que um tribunal do\u2026","rel":"","context":"Em &quot;X.Categorias velhas&quot;","block_context":{"text":"X.Categorias velhas","link":"https:\/\/www.jornalja.com.br\/arquivo\/category\/x-categorias-velhas\/"},"img":{"alt_text":"","src":"","width":0,"height":0},"classes":[]},{"id":13240,"url":"https:\/\/www.jornalja.com.br\/arquivo\/plano-diretor-estamos-construindo-o-caos\/","url_meta":{"origin":42382,"position":1},"title":"Plano diretor: &quot;Estamos construindo o caos&quot;","author":"Patr\u00edcia Marini","date":"26 de maio de 2014","format":false,"excerpt":"Desabafo que arquiteta Eliana Castilhos, delegada da Regi\u00e3o de Planejamento 1, postou nas redes sociais \u00e9 um testemunho do ambiente que se criou no Conselho do Plano Diretor de Porto Alegre, onde a aprova\u00e7\u00e3o de grandes empreendimentos \u00e9 empurrada guela abaixo dos conselheiros. Ao CMDUA Como delegada da Regi\u00e3o de\u2026","rel":"","context":"Em &quot;Geral&quot;","block_context":{"text":"Geral","link":"https:\/\/www.jornalja.com.br\/arquivo\/category\/geral\/"},"img":{"alt_text":"","src":"","width":0,"height":0},"classes":[]},{"id":5440,"url":"https:\/\/www.jornalja.com.br\/arquivo\/casarao-da-venancio-destino-permanece-incerto\/","url_meta":{"origin":42382,"position":2},"title":"Estado ainda n\u00e3o sabe o que fazer com casar\u00e3o abandonado h\u00e1 20 anos","author":"Elmar Bones","date":"6 de julho de 2009","format":false,"excerpt":"O casar\u00e3o amarelo, numa esquina nobre de Porto Alegre (Ven\u00e2ncio Aires com Jo\u00e3o Pessoa), j\u00e1 abrigou uma escola. H\u00e1 duas d\u00e9cadas, pelo menos, est\u00e1 abandonado, porque seu propriet\u00e1rio, o governo do Estado do Rio Grande do Sul, n\u00e3o consegue achar um destino para ele. Planos n\u00e3o faltaram. O governador Ol\u00edvio\u2026","rel":"","context":"Em &quot;X.Categorias velhas&quot;","block_context":{"text":"X.Categorias velhas","link":"https:\/\/www.jornalja.com.br\/arquivo\/category\/x-categorias-velhas\/"},"img":{"alt_text":"geraldo1","src":"https:\/\/i0.wp.com\/www.jornalja.com.br\/wp-content\/uploads\/2009\/07\/geraldo1.jpg?resize=350%2C200&ssl=1","width":350,"height":200},"classes":[]},{"id":13101,"url":"https:\/\/www.jornalja.com.br\/arquivo\/morre-um-guerreiro-do-texto\/","url_meta":{"origin":42382,"position":3},"title":"Morre um guerreiro do texto","author":"Patr\u00edcia Marini","date":"14 de maio de 2014","format":false,"excerpt":"Por Ricardo Kotscho Reproduzido do blog do autor, 11\/5\/2014; t\u00edtulo original \u201cE l\u00e1 se foi o nosso Myltainho, guerreiro do texto\u201d. Mi\u00fado e franzino, meu amigo Myltainho era um valente e inconformado guerreiro na luta contra as injusti\u00e7as sociais, a hipocrisia, as maracutaias, o autoritarismo, a intoler\u00e2ncia, a viol\u00eancia, o\u2026","rel":"","context":"Em &quot;Geral&quot;","block_context":{"text":"Geral","link":"https:\/\/www.jornalja.com.br\/arquivo\/category\/geral\/"},"img":{"alt_text":"","src":"","width":0,"height":0},"classes":[]},{"id":14241,"url":"https:\/\/www.jornalja.com.br\/arquivo\/o-guaiba-nas-imagens-poeticas-de-achutti\/","url_meta":{"origin":42382,"position":4},"title":"O Gua\u00edba nas imagens po\u00e9ticas de Achutti","author":"da Reda\u00e7\u00e3o","date":"18 de junho de 2014","format":false,"excerpt":"Em \u201cO Gua\u00edba por Achutti\u201d \u2013 obra financiada via Minist\u00e9rio da Cultura, produ\u00e7\u00e3o executiva de Pedro Longhi, e Fl\u00e1vio Wild como designer \u2013, o fot\u00f3grafo revela a beleza e as mazelas de um espa\u00e7o aqu\u00e1tico de \u00e1guas sempre renovadas, cheio de hist\u00f3rias e lendas como as das cidades que foram\u2026","rel":"","context":"Em &quot;Cultura-Geral&quot;","block_context":{"text":"Cultura-Geral","link":"https:\/\/www.jornalja.com.br\/arquivo\/category\/materiasecundaria\/"},"img":{"alt_text":"","src":"","width":0,"height":0},"classes":[]}],"jetpack_shortlink":"https:\/\/wp.me\/pbQjBd-b1A","jetpack_featured_media_url":"","_links":{"self":[{"href":"https:\/\/www.jornalja.com.br\/arquivo\/wp-json\/wp\/v2\/posts\/42382","targetHints":{"allow":["GET"]}}],"collection":[{"href":"https:\/\/www.jornalja.com.br\/arquivo\/wp-json\/wp\/v2\/posts"}],"about":[{"href":"https:\/\/www.jornalja.com.br\/arquivo\/wp-json\/wp\/v2\/types\/post"}],"author":[{"embeddable":true,"href":"https:\/\/www.jornalja.com.br\/arquivo\/wp-json\/wp\/v2\/users\/4"}],"replies":[{"embeddable":true,"href":"https:\/\/www.jornalja.com.br\/arquivo\/wp-json\/wp\/v2\/comments?post=42382"}],"version-history":[{"count":0,"href":"https:\/\/www.jornalja.com.br\/arquivo\/wp-json\/wp\/v2\/posts\/42382\/revisions"}],"wp:attachment":[{"href":"https:\/\/www.jornalja.com.br\/arquivo\/wp-json\/wp\/v2\/media?parent=42382"}],"wp:term":[{"taxonomy":"category","embeddable":true,"href":"https:\/\/www.jornalja.com.br\/arquivo\/wp-json\/wp\/v2\/categories?post=42382"},{"taxonomy":"post_tag","embeddable":true,"href":"https:\/\/www.jornalja.com.br\/arquivo\/wp-json\/wp\/v2\/tags?post=42382"}],"curies":[{"name":"wp","href":"https:\/\/api.w.org\/{rel}","templated":true}]}}