{"id":42423,"date":"2016-12-15T17:39:35","date_gmt":"2016-12-15T20:39:35","guid":{"rendered":"https:\/\/www.jornalja.com.br\/?p=42423"},"modified":"2016-12-15T17:39:35","modified_gmt":"2016-12-15T20:39:35","slug":"fernandes-vieira-e-joao-telles-terao-aplicacao-de-inseticida-nesta-sexta","status":"publish","type":"post","link":"https:\/\/www.jornalja.com.br\/arquivo\/fernandes-vieira-e-joao-telles-terao-aplicacao-de-inseticida-nesta-sexta\/","title":{"rendered":"Fernandes Vieira e Jo\u00e3o Telles ter\u00e3o aplica\u00e7\u00e3o de inseticida nesta sexta"},"content":{"rendered":"<p>A primeira aplica\u00e7\u00e3o de inseticida da cidade do segundo semestre ser\u00e1 feita nesta sexta-feira, 16, no bairro Bom Fim, por causa de caso suspeito de zika importado. Trechos das ruas Fernandes Vieira (dois lados da rua) e General Jo\u00e3o Telles (lado par), entre Vasco da Gama e Henrique Dias. A paciente mora no Rio de Janeiro e veio a Porto Alegre visitar familiares.<br \/>\nA a\u00e7\u00e3o ser\u00e1 coordenada pela Equipe de Vigil\u00e2ncia de Roedores e Vetores da Coordenadoria Geral de Vigil\u00e2ncia em Sa\u00fade da Secretaria Municipal de Sa\u00fade (EVRV\/CGVS\/SMS) e tem in\u00edcio previsto para as 9h30, na rua Fernandes Vieira.<br \/>\nA opera\u00e7\u00e3o tem como objetivo matar mosquitos adultos que estejam no raio de 50 metros a partir da resid\u00eancia onde o paciente est\u00e1 hospedado. O raio de 50m \u00e9 utilizado sempre que as aplica\u00e7\u00f5es de inseticida s\u00e3o feitas por suspeita de zika ou chikungunya. Casos confirmados de dengue t\u00eam aplica\u00e7\u00e3o em raio superior, de 150m. Porto Alegre teve confirmados em 2016 um total de 301 casos aut\u00f3ctones e 53 importados de dengue; 30 importados de chikungunya; e 15 aut\u00f3ctones e 12 importados de zika.<br \/>\nO site<a href=\"http:\/\/www.ondeestaoaedes.com.br\/default.php\" target=\"_blank\" rel=\"noopener noreferrer\"> Onde est\u00e1 o Aedes<\/a>, da Prefeitura de Porto Alegre traz diversas informa\u00e7\u00f5es sobre o mosquito e as doen\u00e7as transmitidas. A p\u00e1gina traz not\u00edcias, dicas de como prevenir a prolifera\u00e7\u00e3o em casa e boletins atualizados semanalmente com a situa\u00e7\u00e3o do Aedes na cidade.<br \/>\n<span class=\"intertit\">Veja como ser\u00e1 a aplica\u00e7\u00e3o<\/span><br \/>\n-A aplica\u00e7\u00e3o ser\u00e1 nos p\u00e1tios e \u00e1reas abertas das casas, n\u00e3o no interior das resid\u00eancias. Portas e janelas devem ficar abertas. Apartamentos t\u00e9rreos ser\u00e3o visitados apenas se tiverem p\u00e1tio.<br \/>\n&#8211; Alimentos (frutas e hortali\u00e7as) que estiverem no p\u00e1tio s\u00f3 podem ser utilizados para consumo ap\u00f3s uma semana da aplica\u00e7\u00e3o.<br \/>\n&#8211; Os moradores devem informar aos aplicadores a presen\u00e7a de aves e r\u00e9pteis (ex.: tartarugas, iguanas) como animais de estima\u00e7\u00e3o, que n\u00e3o devem ficar expostos ao inseticida.<br \/>\n&#8211; A aplica\u00e7\u00e3o ser\u00e1 de deltametrina (um piretroide), mesmo inseticida utilizado nos produtos de uso dom\u00e9stico, \u00e0 base de \u00e1gua, com baixa toxicidade para seres humanos e mam\u00edferos em geral.<br \/>\n<span class=\"intertit\">Dias quentes aumentam o \u00edndice de prolifera\u00e7\u00e3o<\/span><br \/>\nComo os dias t\u00eam sido mais quentes e o \u00edndice de infesta\u00e7\u00e3o de f\u00eameas do Aedes aegypti tem aumentado desde o in\u00edcio do m\u00eas, o m\u00e9dico veterin\u00e1rio Luiz Felippe Kunz J\u00fanior, da EVRV, destaca a import\u00e2ncia das medidas de preven\u00e7\u00e3o e controle das larvas dos mosquitos serem adotadas pelos moradores do bairro. Em Porto Alegre, a maior parte dos criadouros do mosquito vetor da dengue, zika e chikungunya \u00e9 encontrada em im\u00f3veis residenciais.<br \/>\nO cuidado semanal no im\u00f3vel contribui com a elimina\u00e7\u00e3o de larvas. Os moradores da regi\u00e3o devem verificar com mais aten\u00e7\u00e3o nos p\u00e1tios, incluindo vasos, ralos pluviais e calhas, e o interior das resid\u00eancias e estabelecimentos comerciais, eliminando qualquer foco de \u00e1gua e diminuindo, desta forma, o risco de transmiss\u00e3o viral.<\/p>\n","protected":false},"excerpt":{"rendered":"<p>A primeira aplica\u00e7\u00e3o de inseticida da cidade do segundo semestre ser\u00e1 feita nesta sexta-feira, 16, no bairro Bom Fim, por causa de caso suspeito de zika importado. Trechos das ruas Fernandes Vieira (dois lados da rua) e General Jo\u00e3o Telles (lado par), entre Vasco da Gama e Henrique Dias. A paciente mora no Rio de [&hellip;]<\/p>\n","protected":false},"author":4,"featured_media":42424,"comment_status":"open","ping_status":"closed","sticky":false,"template":"","format":"standard","meta":{"_jetpack_newsletter_access":"","_jetpack_dont_email_post_to_subs":false,"_jetpack_newsletter_tier_id":0,"_jetpack_memberships_contains_paywalled_content":false,"_jetpack_feature_clip_id":0,"_jetpack_memberships_contains_paid_content":false,"footnotes":"","jetpack_post_was_ever_published":false},"categories":[2016],"tags":[],"class_list":["post-42423","post","type-post","status-publish","format-standard","has-post-thumbnail","hentry","category-materia-vencida"],"aioseo_notices":[],"aioseo_head":"\n\t\t<!-- All in One SEO 5.0.1.1 - aioseo.com -->\n\t<meta name=\"robots\" content=\"max-image-preview:large\" \/>\n\t<meta name=\"author\" content=\"da Reda\u00e7\u00e3o\"\/>\n\t<link rel=\"canonical\" href=\"https:\/\/www.jornalja.com.br\/arquivo\/fernandes-vieira-e-joao-telles-terao-aplicacao-de-inseticida-nesta-sexta\/\" \/>\n\t<meta name=\"generator\" content=\"All in One SEO (AIOSEO) 5.0.1.1\" \/>\n\t\t<meta property=\"og:locale\" content=\"pt_BR\" \/>\n\t\t<meta property=\"og:site_name\" content=\"Arquivo | Jornal J\u00c1 | Porto Alegre\" \/>\n\t\t<meta property=\"og:type\" content=\"article\" \/>\n\t\t<meta property=\"og:title\" content=\"Fernandes Vieira e Jo\u00e3o Telles ter\u00e3o aplica\u00e7\u00e3o de inseticida nesta sexta | Arquivo\" \/>\n\t\t<meta property=\"og:url\" content=\"https:\/\/www.jornalja.com.br\/arquivo\/fernandes-vieira-e-joao-telles-terao-aplicacao-de-inseticida-nesta-sexta\/\" \/>\n\t\t<meta property=\"og:image\" content=\"https:\/\/www.jornalja.com.br\/economics\/wp-content\/uploads\/sites\/11\/2026\/08\/ja-folhaderosto-facebook.jpg\" \/>\n\t\t<meta property=\"og:image:secure_url\" content=\"https:\/\/www.jornalja.com.br\/economics\/wp-content\/uploads\/sites\/11\/2026\/08\/ja-folhaderosto-facebook.jpg\" \/>\n\t\t<meta property=\"article:published_time\" content=\"2016-12-15T20:39:35+00:00\" \/>\n\t\t<meta property=\"article:modified_time\" content=\"2016-12-15T20:39:35+00:00\" \/>\n\t\t<meta name=\"twitter:card\" content=\"summary\" \/>\n\t\t<meta name=\"twitter:title\" content=\"Fernandes Vieira e Jo\u00e3o Telles ter\u00e3o aplica\u00e7\u00e3o de inseticida nesta sexta | Arquivo\" \/>\n\t\t<meta name=\"twitter:image\" content=\"https:\/\/www.jornalja.com.br\/economics\/wp-content\/uploads\/sites\/11\/2026\/08\/ja-folhaderosto-facebook.jpg\" \/>\n\t\t<script type=\"application\/ld+json\" class=\"aioseo-schema\">\n\t\t\t{\"@context\":\"https:\\\/\\\/schema.org\",\"@graph\":[{\"@type\":\"BlogPosting\",\"@id\":\"https:\\\/\\\/www.jornalja.com.br\\\/arquivo\\\/fernandes-vieira-e-joao-telles-terao-aplicacao-de-inseticida-nesta-sexta\\\/#blogposting\",\"name\":\"Fernandes Vieira e Jo\\u00e3o Telles ter\\u00e3o aplica\\u00e7\\u00e3o de inseticida nesta sexta | Arquivo\",\"headline\":\"Fernandes Vieira e Jo\\u00e3o Telles ter\\u00e3o aplica\\u00e7\\u00e3o de inseticida nesta sexta\",\"author\":{\"@id\":\"https:\\\/\\\/www.jornalja.com.br\\\/arquivo\\\/author\\\/daredacao\\\/#author\"},\"publisher\":{\"@id\":\"https:\\\/\\\/www.jornalja.com.br\\\/arquivo\\\/#organization\"},\"image\":{\"@type\":\"ImageObject\",\"url\":42424},\"datePublished\":\"2016-12-15T17:39:35-02:00\",\"dateModified\":\"2016-12-15T17:39:35-02:00\",\"inLanguage\":\"pt-BR\",\"mainEntityOfPage\":{\"@id\":\"https:\\\/\\\/www.jornalja.com.br\\\/arquivo\\\/fernandes-vieira-e-joao-telles-terao-aplicacao-de-inseticida-nesta-sexta\\\/#webpage\"},\"isPartOf\":{\"@id\":\"https:\\\/\\\/www.jornalja.com.br\\\/arquivo\\\/fernandes-vieira-e-joao-telles-terao-aplicacao-de-inseticida-nesta-sexta\\\/#webpage\"},\"articleSection\":\"Mat\\u00e9ria vencida\"},{\"@type\":\"BreadcrumbList\",\"@id\":\"https:\\\/\\\/www.jornalja.com.br\\\/arquivo\\\/fernandes-vieira-e-joao-telles-terao-aplicacao-de-inseticida-nesta-sexta\\\/#breadcrumblist\",\"itemListElement\":[{\"@type\":\"ListItem\",\"@id\":\"https:\\\/\\\/www.jornalja.com.br\\\/arquivo#listItem\",\"position\":1,\"name\":\"Home\",\"item\":\"https:\\\/\\\/www.jornalja.com.br\\\/arquivo\",\"nextItem\":{\"@type\":\"ListItem\",\"@id\":\"https:\\\/\\\/www.jornalja.com.br\\\/arquivo\\\/category\\\/materia-vencida\\\/#listItem\",\"name\":\"Mat\\u00e9ria vencida\"}},{\"@type\":\"ListItem\",\"@id\":\"https:\\\/\\\/www.jornalja.com.br\\\/arquivo\\\/category\\\/materia-vencida\\\/#listItem\",\"position\":2,\"name\":\"Mat\\u00e9ria vencida\",\"item\":\"https:\\\/\\\/www.jornalja.com.br\\\/arquivo\\\/category\\\/materia-vencida\\\/\",\"nextItem\":{\"@type\":\"ListItem\",\"@id\":\"https:\\\/\\\/www.jornalja.com.br\\\/arquivo\\\/fernandes-vieira-e-joao-telles-terao-aplicacao-de-inseticida-nesta-sexta\\\/#listItem\",\"name\":\"Fernandes Vieira e Jo\\u00e3o Telles ter\\u00e3o aplica\\u00e7\\u00e3o de inseticida nesta sexta\"},\"previousItem\":{\"@type\":\"ListItem\",\"@id\":\"https:\\\/\\\/www.jornalja.com.br\\\/arquivo#listItem\",\"name\":\"Home\"}},{\"@type\":\"ListItem\",\"@id\":\"https:\\\/\\\/www.jornalja.com.br\\\/arquivo\\\/fernandes-vieira-e-joao-telles-terao-aplicacao-de-inseticida-nesta-sexta\\\/#listItem\",\"position\":3,\"name\":\"Fernandes Vieira e Jo\\u00e3o Telles ter\\u00e3o aplica\\u00e7\\u00e3o de inseticida nesta sexta\",\"previousItem\":{\"@type\":\"ListItem\",\"@id\":\"https:\\\/\\\/www.jornalja.com.br\\\/arquivo\\\/category\\\/materia-vencida\\\/#listItem\",\"name\":\"Mat\\u00e9ria vencida\"}}]},{\"@type\":\"Organization\",\"@id\":\"https:\\\/\\\/www.jornalja.com.br\\\/arquivo\\\/#organization\",\"name\":\"Jornal J\\u00c1\",\"description\":\"Jornal J\\u00c1 | Porto Alegre\",\"url\":\"https:\\\/\\\/www.jornalja.com.br\\\/arquivo\\\/\",\"telephone\":\"+555133307272\",\"logo\":{\"@type\":\"ImageObject\",\"url\":\"https:\\\/\\\/www.jornalja.com.br\\\/wp-content\\\/uploads\\\/cards\\\/JAslogan.png\",\"@id\":\"https:\\\/\\\/www.jornalja.com.br\\\/arquivo\\\/fernandes-vieira-e-joao-telles-terao-aplicacao-de-inseticida-nesta-sexta\\\/#organizationLogo\"},\"image\":{\"@id\":\"https:\\\/\\\/www.jornalja.com.br\\\/arquivo\\\/fernandes-vieira-e-joao-telles-terao-aplicacao-de-inseticida-nesta-sexta\\\/#organizationLogo\"}},{\"@type\":\"Person\",\"@id\":\"https:\\\/\\\/www.jornalja.com.br\\\/arquivo\\\/author\\\/daredacao\\\/#author\",\"url\":\"https:\\\/\\\/www.jornalja.com.br\\\/arquivo\\\/author\\\/daredacao\\\/\",\"name\":\"da Reda\\u00e7\\u00e3o\",\"image\":{\"@type\":\"ImageObject\",\"@id\":\"https:\\\/\\\/www.jornalja.com.br\\\/arquivo\\\/fernandes-vieira-e-joao-telles-terao-aplicacao-de-inseticida-nesta-sexta\\\/#authorImage\",\"url\":\"https:\\\/\\\/secure.gravatar.com\\\/avatar\\\/469fd857d6605ad19919d27ed29d35a968a25f6e8fd9318356bbb7f57aae9c65?s=96&d=mm&r=g\",\"width\":96,\"height\":96,\"caption\":\"da Reda\\u00e7\\u00e3o\"}},{\"@type\":\"WebPage\",\"@id\":\"https:\\\/\\\/www.jornalja.com.br\\\/arquivo\\\/fernandes-vieira-e-joao-telles-terao-aplicacao-de-inseticida-nesta-sexta\\\/#webpage\",\"url\":\"https:\\\/\\\/www.jornalja.com.br\\\/arquivo\\\/fernandes-vieira-e-joao-telles-terao-aplicacao-de-inseticida-nesta-sexta\\\/\",\"name\":\"Fernandes Vieira e Jo\\u00e3o Telles ter\\u00e3o aplica\\u00e7\\u00e3o de inseticida nesta sexta | Arquivo\",\"inLanguage\":\"pt-BR\",\"isPartOf\":{\"@id\":\"https:\\\/\\\/www.jornalja.com.br\\\/arquivo\\\/#website\"},\"breadcrumb\":{\"@id\":\"https:\\\/\\\/www.jornalja.com.br\\\/arquivo\\\/fernandes-vieira-e-joao-telles-terao-aplicacao-de-inseticida-nesta-sexta\\\/#breadcrumblist\"},\"author\":{\"@id\":\"https:\\\/\\\/www.jornalja.com.br\\\/arquivo\\\/author\\\/daredacao\\\/#author\"},\"creator\":{\"@id\":\"https:\\\/\\\/www.jornalja.com.br\\\/arquivo\\\/author\\\/daredacao\\\/#author\"},\"image\":{\"@type\":\"ImageObject\",\"url\":42424,\"@id\":\"https:\\\/\\\/www.jornalja.com.br\\\/arquivo\\\/fernandes-vieira-e-joao-telles-terao-aplicacao-de-inseticida-nesta-sexta\\\/#mainImage\"},\"primaryImageOfPage\":{\"@id\":\"https:\\\/\\\/www.jornalja.com.br\\\/arquivo\\\/fernandes-vieira-e-joao-telles-terao-aplicacao-de-inseticida-nesta-sexta\\\/#mainImage\"},\"datePublished\":\"2016-12-15T17:39:35-02:00\",\"dateModified\":\"2016-12-15T17:39:35-02:00\"},{\"@type\":\"WebSite\",\"@id\":\"https:\\\/\\\/www.jornalja.com.br\\\/arquivo\\\/#website\",\"url\":\"https:\\\/\\\/www.jornalja.com.br\\\/arquivo\\\/\",\"name\":\"Arquivo\",\"description\":\"Jornal J\\u00c1 | Porto Alegre\",\"inLanguage\":\"pt-BR\",\"publisher\":{\"@id\":\"https:\\\/\\\/www.jornalja.com.br\\\/arquivo\\\/#organization\"}}]}\n\t\t<\/script>\n\t\t<!-- All in One SEO -->\n\n","aioseo_head_json":{"title":"Fernandes Vieira e Jo\u00e3o Telles ter\u00e3o aplica\u00e7\u00e3o de inseticida nesta sexta | Arquivo","description":"","canonical_url":"https:\/\/www.jornalja.com.br\/arquivo\/fernandes-vieira-e-joao-telles-terao-aplicacao-de-inseticida-nesta-sexta\/","robots":"max-image-preview:large","keywords":"","webmasterTools":{"miscellaneous":""},"schema":{"@context":"https:\/\/schema.org","@graph":[{"@type":"BlogPosting","@id":"https:\/\/www.jornalja.com.br\/arquivo\/fernandes-vieira-e-joao-telles-terao-aplicacao-de-inseticida-nesta-sexta\/#blogposting","name":"Fernandes Vieira e Jo\u00e3o Telles ter\u00e3o aplica\u00e7\u00e3o de inseticida nesta sexta | Arquivo","headline":"Fernandes Vieira e Jo\u00e3o Telles ter\u00e3o aplica\u00e7\u00e3o de inseticida nesta sexta","author":{"@id":"https:\/\/www.jornalja.com.br\/arquivo\/author\/daredacao\/#author"},"publisher":{"@id":"https:\/\/www.jornalja.com.br\/arquivo\/#organization"},"image":{"@type":"ImageObject","url":42424},"datePublished":"2016-12-15T17:39:35-02:00","dateModified":"2016-12-15T17:39:35-02:00","inLanguage":"pt-BR","mainEntityOfPage":{"@id":"https:\/\/www.jornalja.com.br\/arquivo\/fernandes-vieira-e-joao-telles-terao-aplicacao-de-inseticida-nesta-sexta\/#webpage"},"isPartOf":{"@id":"https:\/\/www.jornalja.com.br\/arquivo\/fernandes-vieira-e-joao-telles-terao-aplicacao-de-inseticida-nesta-sexta\/#webpage"},"articleSection":"Mat\u00e9ria vencida"},{"@type":"BreadcrumbList","@id":"https:\/\/www.jornalja.com.br\/arquivo\/fernandes-vieira-e-joao-telles-terao-aplicacao-de-inseticida-nesta-sexta\/#breadcrumblist","itemListElement":[{"@type":"ListItem","@id":"https:\/\/www.jornalja.com.br\/arquivo#listItem","position":1,"name":"Home","item":"https:\/\/www.jornalja.com.br\/arquivo","nextItem":{"@type":"ListItem","@id":"https:\/\/www.jornalja.com.br\/arquivo\/category\/materia-vencida\/#listItem","name":"Mat\u00e9ria vencida"}},{"@type":"ListItem","@id":"https:\/\/www.jornalja.com.br\/arquivo\/category\/materia-vencida\/#listItem","position":2,"name":"Mat\u00e9ria vencida","item":"https:\/\/www.jornalja.com.br\/arquivo\/category\/materia-vencida\/","nextItem":{"@type":"ListItem","@id":"https:\/\/www.jornalja.com.br\/arquivo\/fernandes-vieira-e-joao-telles-terao-aplicacao-de-inseticida-nesta-sexta\/#listItem","name":"Fernandes Vieira e Jo\u00e3o Telles ter\u00e3o aplica\u00e7\u00e3o de inseticida nesta sexta"},"previousItem":{"@type":"ListItem","@id":"https:\/\/www.jornalja.com.br\/arquivo#listItem","name":"Home"}},{"@type":"ListItem","@id":"https:\/\/www.jornalja.com.br\/arquivo\/fernandes-vieira-e-joao-telles-terao-aplicacao-de-inseticida-nesta-sexta\/#listItem","position":3,"name":"Fernandes Vieira e Jo\u00e3o Telles ter\u00e3o aplica\u00e7\u00e3o de inseticida nesta sexta","previousItem":{"@type":"ListItem","@id":"https:\/\/www.jornalja.com.br\/arquivo\/category\/materia-vencida\/#listItem","name":"Mat\u00e9ria vencida"}}]},{"@type":"Organization","@id":"https:\/\/www.jornalja.com.br\/arquivo\/#organization","name":"Jornal J\u00c1","description":"Jornal J\u00c1 | Porto Alegre","url":"https:\/\/www.jornalja.com.br\/arquivo\/","telephone":"+555133307272","logo":{"@type":"ImageObject","url":"https:\/\/www.jornalja.com.br\/wp-content\/uploads\/cards\/JAslogan.png","@id":"https:\/\/www.jornalja.com.br\/arquivo\/fernandes-vieira-e-joao-telles-terao-aplicacao-de-inseticida-nesta-sexta\/#organizationLogo"},"image":{"@id":"https:\/\/www.jornalja.com.br\/arquivo\/fernandes-vieira-e-joao-telles-terao-aplicacao-de-inseticida-nesta-sexta\/#organizationLogo"}},{"@type":"Person","@id":"https:\/\/www.jornalja.com.br\/arquivo\/author\/daredacao\/#author","url":"https:\/\/www.jornalja.com.br\/arquivo\/author\/daredacao\/","name":"da Reda\u00e7\u00e3o","image":{"@type":"ImageObject","@id":"https:\/\/www.jornalja.com.br\/arquivo\/fernandes-vieira-e-joao-telles-terao-aplicacao-de-inseticida-nesta-sexta\/#authorImage","url":"https:\/\/secure.gravatar.com\/avatar\/469fd857d6605ad19919d27ed29d35a968a25f6e8fd9318356bbb7f57aae9c65?s=96&d=mm&r=g","width":96,"height":96,"caption":"da Reda\u00e7\u00e3o"}},{"@type":"WebPage","@id":"https:\/\/www.jornalja.com.br\/arquivo\/fernandes-vieira-e-joao-telles-terao-aplicacao-de-inseticida-nesta-sexta\/#webpage","url":"https:\/\/www.jornalja.com.br\/arquivo\/fernandes-vieira-e-joao-telles-terao-aplicacao-de-inseticida-nesta-sexta\/","name":"Fernandes Vieira e Jo\u00e3o Telles ter\u00e3o aplica\u00e7\u00e3o de inseticida nesta sexta | Arquivo","inLanguage":"pt-BR","isPartOf":{"@id":"https:\/\/www.jornalja.com.br\/arquivo\/#website"},"breadcrumb":{"@id":"https:\/\/www.jornalja.com.br\/arquivo\/fernandes-vieira-e-joao-telles-terao-aplicacao-de-inseticida-nesta-sexta\/#breadcrumblist"},"author":{"@id":"https:\/\/www.jornalja.com.br\/arquivo\/author\/daredacao\/#author"},"creator":{"@id":"https:\/\/www.jornalja.com.br\/arquivo\/author\/daredacao\/#author"},"image":{"@type":"ImageObject","url":42424,"@id":"https:\/\/www.jornalja.com.br\/arquivo\/fernandes-vieira-e-joao-telles-terao-aplicacao-de-inseticida-nesta-sexta\/#mainImage"},"primaryImageOfPage":{"@id":"https:\/\/www.jornalja.com.br\/arquivo\/fernandes-vieira-e-joao-telles-terao-aplicacao-de-inseticida-nesta-sexta\/#mainImage"},"datePublished":"2016-12-15T17:39:35-02:00","dateModified":"2016-12-15T17:39:35-02:00"},{"@type":"WebSite","@id":"https:\/\/www.jornalja.com.br\/arquivo\/#website","url":"https:\/\/www.jornalja.com.br\/arquivo\/","name":"Arquivo","description":"Jornal J\u00c1 | Porto Alegre","inLanguage":"pt-BR","publisher":{"@id":"https:\/\/www.jornalja.com.br\/arquivo\/#organization"}}]},"og:locale":"pt_BR","og:site_name":"Arquivo | Jornal J\u00c1 | Porto Alegre","og:type":"article","og:title":"Fernandes Vieira e Jo\u00e3o Telles ter\u00e3o aplica\u00e7\u00e3o de inseticida nesta sexta | Arquivo","og:url":"https:\/\/www.jornalja.com.br\/arquivo\/fernandes-vieira-e-joao-telles-terao-aplicacao-de-inseticida-nesta-sexta\/","og:image":"https:\/\/www.jornalja.com.br\/economics\/wp-content\/uploads\/sites\/11\/2026\/08\/ja-folhaderosto-facebook.jpg","og:image:secure_url":"https:\/\/www.jornalja.com.br\/economics\/wp-content\/uploads\/sites\/11\/2026\/08\/ja-folhaderosto-facebook.jpg","article:published_time":"2016-12-15T20:39:35+00:00","article:modified_time":"2016-12-15T20:39:35+00:00","twitter:card":"summary","twitter:title":"Fernandes Vieira e Jo\u00e3o Telles ter\u00e3o aplica\u00e7\u00e3o de inseticida nesta sexta | Arquivo","twitter:image":"https:\/\/www.jornalja.com.br\/economics\/wp-content\/uploads\/sites\/11\/2026\/08\/ja-folhaderosto-facebook.jpg"},"aioseo_meta_data":{"post_id":"42423","title":null,"description":null,"keywords":null,"keyphrases":null,"primary_term":null,"canonical_url":null,"og_title":null,"og_description":null,"og_object_type":"default","og_image_type":"default","og_image_url":null,"og_image_width":null,"og_image_height":null,"og_image_custom_url":null,"og_image_custom_fields":null,"og_video":null,"og_custom_url":null,"og_article_section":null,"og_article_tags":null,"twitter_use_og":false,"twitter_card":"default","twitter_image_type":"default","twitter_image_url":null,"twitter_image_custom_url":null,"twitter_image_custom_fields":null,"twitter_title":null,"twitter_description":null,"schema":{"blockGraphs":[],"customGraphs":[],"default":{"data":{"Article":[],"Course":[],"Dataset":[],"FAQPage":[],"Movie":[],"Person":[],"Product":[],"ProductReview":[],"Car":[],"Recipe":[],"Service":[],"SoftwareApplication":[],"WebPage":[]},"graphName":"","isEnabled":true},"graphs":[],"defaultGraph":"","defaultPostTypeGraph":""},"schema_type":null,"schema_type_options":null,"pillar_content":false,"robots_default":true,"robots_noindex":false,"robots_noarchive":false,"robots_nosnippet":false,"robots_nofollow":false,"robots_noimageindex":false,"robots_noodp":false,"robots_notranslate":false,"robots_max_snippet":null,"robots_max_videopreview":null,"robots_max_imagepreview":"large","priority":null,"frequency":null,"location":null,"local_seo":null,"breadcrumb_settings":null,"limit_modified_date":false,"ai":null,"created":"2020-12-20 20:44:21","updated":"2025-07-19 18:41:23","seo_analyzer_scan_date":null,"focus_keyword":null,"additional_keywords":null,"truseo_locale":null},"jetpack_sharing_enabled":true,"jetpack-related-posts":[{"id":12960,"url":"https:\/\/www.jornalja.com.br\/arquivo\/populacao-culpa-empresas-pela-greve-dos-rodoviarios\/","url_meta":{"origin":42423,"position":0},"title":"Popula\u00e7\u00e3o culpa empresas pela greve","author":"Patr\u00edcia Marini","date":"14 de fevereiro de 2014","format":false,"excerpt":"Pesquisa divulgada na edi\u00e7\u00e3o do jornal Metro desta sexta-feira,14, comprova o velho ditado: \u00e9 poss\u00edvel enganar muitos por algum tempo, mas n\u00e3o \u00e9 poss\u00edvel enganar a todos o tempo inteiro. A principal revela\u00e7\u00e3o foi que 59,8% dos entrevistados apontaram as empresas como as principais respons\u00e1veis pela grave e 46% culparam\u2026","rel":"","context":"Em &quot;X.Categorias velhas&quot;","block_context":{"text":"X.Categorias velhas","link":"https:\/\/www.jornalja.com.br\/arquivo\/category\/x-categorias-velhas\/"},"img":{"alt_text":"","src":"","width":0,"height":0},"classes":[]},{"id":5440,"url":"https:\/\/www.jornalja.com.br\/arquivo\/casarao-da-venancio-destino-permanece-incerto\/","url_meta":{"origin":42423,"position":1},"title":"Estado ainda n\u00e3o sabe o que fazer com casar\u00e3o abandonado h\u00e1 20 anos","author":"Elmar Bones","date":"6 de julho de 2009","format":false,"excerpt":"O casar\u00e3o amarelo, numa esquina nobre de Porto Alegre (Ven\u00e2ncio Aires com Jo\u00e3o Pessoa), j\u00e1 abrigou uma escola. H\u00e1 duas d\u00e9cadas, pelo menos, est\u00e1 abandonado, porque seu propriet\u00e1rio, o governo do Estado do Rio Grande do Sul, n\u00e3o consegue achar um destino para ele. Planos n\u00e3o faltaram. O governador Ol\u00edvio\u2026","rel":"","context":"Em &quot;X.Categorias velhas&quot;","block_context":{"text":"X.Categorias velhas","link":"https:\/\/www.jornalja.com.br\/arquivo\/category\/x-categorias-velhas\/"},"img":{"alt_text":"geraldo1","src":"https:\/\/i0.wp.com\/www.jornalja.com.br\/wp-content\/uploads\/2009\/07\/geraldo1.jpg?resize=350%2C200&ssl=1","width":350,"height":200},"classes":[]},{"id":13124,"url":"https:\/\/www.jornalja.com.br\/arquivo\/sangue-latino-no-iecine\/","url_meta":{"origin":42423,"position":2},"title":"Sangue latino no IECINE","author":"da Reda\u00e7\u00e3o","date":"18 de maio de 2014","format":false,"excerpt":"Francisco Ribeiro O Instituto Estadual de Cinema (IECINE) tem a frente, desde abril \u00faltimo, um novo diretor, o cineasta colombiano Juan Zapata, 36, que substitui Luiz Alberto Cassol. Radicado h\u00e1 dez anos em Porto Alegre, Zapata tem diante de si o desafio de conduzir at\u00e9 o final do ano um\u2026","rel":"","context":"Em &quot;Cultura-Geral&quot;","block_context":{"text":"Cultura-Geral","link":"https:\/\/www.jornalja.com.br\/arquivo\/category\/materiasecundaria\/"},"img":{"alt_text":"","src":"","width":0,"height":0},"classes":[]},{"id":13101,"url":"https:\/\/www.jornalja.com.br\/arquivo\/morre-um-guerreiro-do-texto\/","url_meta":{"origin":42423,"position":3},"title":"Morre um guerreiro do texto","author":"Patr\u00edcia Marini","date":"14 de maio de 2014","format":false,"excerpt":"Por Ricardo Kotscho Reproduzido do blog do autor, 11\/5\/2014; t\u00edtulo original \u201cE l\u00e1 se foi o nosso Myltainho, guerreiro do texto\u201d. Mi\u00fado e franzino, meu amigo Myltainho era um valente e inconformado guerreiro na luta contra as injusti\u00e7as sociais, a hipocrisia, as maracutaias, o autoritarismo, a intoler\u00e2ncia, a viol\u00eancia, o\u2026","rel":"","context":"Em &quot;Geral&quot;","block_context":{"text":"Geral","link":"https:\/\/www.jornalja.com.br\/arquivo\/category\/geral\/"},"img":{"alt_text":"","src":"","width":0,"height":0},"classes":[]},{"id":13109,"url":"https:\/\/www.jornalja.com.br\/arquivo\/judiciario-reconhece-poluicao-eletromagnetica\/","url_meta":{"origin":42423,"position":4},"title":"Judici\u00e1rio reconhece polui\u00e7\u00e3o eletromagn\u00e9tica","author":"Patr\u00edcia Marini","date":"16 de maio de 2014","format":false,"excerpt":"A\u00e7\u00e3o de duas associa\u00e7\u00f5es de moradores foi acolhida pelo Tribunal de Justi\u00e7a de S\u00e3o Paulo que. em decis\u00e3o in\u00e9dita, determinou a redu\u00e7\u00e3o do campo eletromagn\u00e9tico gerado pelas linhas de transmiss\u00e3o de energia que cortam os bairros City Boa\u00e7ava e Alto de Pinheiros. \u00c9 a primeira vez que um tribunal do\u2026","rel":"","context":"Em &quot;X.Categorias velhas&quot;","block_context":{"text":"X.Categorias velhas","link":"https:\/\/www.jornalja.com.br\/arquivo\/category\/x-categorias-velhas\/"},"img":{"alt_text":"","src":"","width":0,"height":0},"classes":[]},{"id":13128,"url":"https:\/\/www.jornalja.com.br\/arquivo\/maconha-terra-diz-que-uso-medicinal-e-desculpa\/","url_meta":{"origin":42423,"position":5},"title":"Maconha: Terra diz que uso medicinal \u00e9 desculpa","author":"Patr\u00edcia Marini","date":"4 de junho de 2014","format":false,"excerpt":"A condi\u00e7\u00e3o de pol\u00edtico, em \u00e9poca de campanha de campanha eleitoral, tira for\u00e7a do discurso do m\u00e9dico Osmar Terra contra a legaliza\u00e7\u00e3o da maconha. A tese dele de que a libera\u00e7\u00e3o vai ampliar exponencialmente o consumo \u00e9 discutivel, o consumo \u00e9 corrente. Mas seus alertas quanto aos riscos tem que\u2026","rel":"","context":"Em &quot;X.Categorias velhas&quot;","block_context":{"text":"X.Categorias velhas","link":"https:\/\/www.jornalja.com.br\/arquivo\/category\/x-categorias-velhas\/"},"img":{"alt_text":"","src":"","width":0,"height":0},"classes":[]}],"jetpack_shortlink":"https:\/\/wp.me\/pbQjBd-b2f","jetpack_featured_media_url":"","_links":{"self":[{"href":"https:\/\/www.jornalja.com.br\/arquivo\/wp-json\/wp\/v2\/posts\/42423","targetHints":{"allow":["GET"]}}],"collection":[{"href":"https:\/\/www.jornalja.com.br\/arquivo\/wp-json\/wp\/v2\/posts"}],"about":[{"href":"https:\/\/www.jornalja.com.br\/arquivo\/wp-json\/wp\/v2\/types\/post"}],"author":[{"embeddable":true,"href":"https:\/\/www.jornalja.com.br\/arquivo\/wp-json\/wp\/v2\/users\/4"}],"replies":[{"embeddable":true,"href":"https:\/\/www.jornalja.com.br\/arquivo\/wp-json\/wp\/v2\/comments?post=42423"}],"version-history":[{"count":0,"href":"https:\/\/www.jornalja.com.br\/arquivo\/wp-json\/wp\/v2\/posts\/42423\/revisions"}],"wp:attachment":[{"href":"https:\/\/www.jornalja.com.br\/arquivo\/wp-json\/wp\/v2\/media?parent=42423"}],"wp:term":[{"taxonomy":"category","embeddable":true,"href":"https:\/\/www.jornalja.com.br\/arquivo\/wp-json\/wp\/v2\/categories?post=42423"},{"taxonomy":"post_tag","embeddable":true,"href":"https:\/\/www.jornalja.com.br\/arquivo\/wp-json\/wp\/v2\/tags?post=42423"}],"curies":[{"name":"wp","href":"https:\/\/api.w.org\/{rel}","templated":true}]}}