{"id":42445,"date":"2016-12-16T13:29:16","date_gmt":"2016-12-16T16:29:16","guid":{"rendered":"https:\/\/www.jornalja.com.br\/?p=42445"},"modified":"2016-12-16T13:29:16","modified_gmt":"2016-12-16T16:29:16","slug":"ja-e-finalista-em-tres-categorias-do-premio-ari-banrisul-de-jornalismo","status":"publish","type":"post","link":"https:\/\/www.jornalja.com.br\/arquivo\/ja-e-finalista-em-tres-categorias-do-premio-ari-banrisul-de-jornalismo\/","title":{"rendered":"J\u00c1 \u00e9 finalista em tr\u00eas categorias do Pr\u00eamio ARI-Banrisul de Jornalismo"},"content":{"rendered":"<p>Ap\u00f3s avalia\u00e7\u00e3o pela Comiss\u00e3o Julgadora dos 367 trabalhos inscritos no Pr\u00eamio ARI \u2013 Banrisul de Jornalismo de 2016, a entidade divulga os 5 finalistas de cada categoria. A cerim\u00f4nia de premia\u00e7\u00e3o ser\u00e1 dia 19 deste m\u00eas.<br \/>\n<strong>JORNALISMO IMPRESSO<\/strong><br \/>\n01) Reportagem Geral<br \/>\na) S\u00c9RIE OSSOS DO OF\u00cdCIO \u2013 Adair dos Santos, ABC Domingo<br \/>\nb) REFUGIADOS DO TR\u00c1FICO \u2013 Renato Nunes Dorneles, Di\u00e1rio Ga\u00facho<br \/>\nc) CENAS DE GUERRA, SONHOS DE PAZ \u2013 Leticia Duarte, Zero Hora<br \/>\n<strong>d)<\/strong> <strong>REP\u00d3RTER QUE FILMOU A\u00c7\u00c3O DA BM FOI INDICIADO POR QUATRO<\/strong><br \/>\n<strong>CRIMES \u2013 Matheus Vasconcellos Chaparini, Jornal J\u00c1<\/strong><br \/>\ne) BAGD\u00c1, 7 DIAS NA METR\u00d3POLI MAIS PERIGOSA DO MUNDO \u2013<br \/>\nRodrigo Guimar\u00e3es Lopes, Zero Hora<br \/>\n<strong>02) Reportagem Econ\u00f4mica<\/strong><br \/>\na) COLHEITA URBANA \u2013 Joana Colussi, Zero Hora<br \/>\nb) DO CR\u00c9DITO FARTO AO CALOTE, A DERROCADA DO BADESUL \u2013<br \/>\nCarlos Rollsing Braga, Zero Hora<br \/>\nc) MAIS VELHO E COM POUCO DINHEIRO \u2013 Carlos Eduardo Caldas de Souza,<br \/>\nZero Hora<br \/>\nd) \u00c0 ESPERA DE UM MILAGRE \u2013 COMO A CRISE CHEGOU AOS MUNIC\u00cdPIOS<br \/>\nGA\u00daCHOS \u2013 Juliana Bublitz, Zero Hora<br \/>\ne) UMA D\u00c9CADA DE POLO NAVAL \u2013 Michele de Carvalho Ferreira, Di\u00e1rio<br \/>\nPopular<br \/>\n<strong>03) Reportagem Esportiva<\/strong><br \/>\na) GA\u00daCHOS PARAOL\u00cdMPICOS \u2013 Cristiel Rossi Gasparetto ,Zero Hora<br \/>\nb) APITA O \u00c1RBITRO: VIDA EM JOGO \u2013 Gustavo Henrique Henemann, Jornal<br \/>\nNH<br \/>\nc) SOFRER \u00c9 MEU ESPORTE \u2013 Andr\u00e9 Maluf Baibich, Zero Hora<br \/>\nd) OS 40 ANOS DE UM TIME ILUMINADO \u2013 O PRIMEIRO BRASILEIR\u00c3O<br \/>\nCONQUISTADO PELO INTER \u2013 Leandro Behs, Zero Hora<br \/>\ne) UM LE\u00c3O POR DIA: HIST\u00d3RIAS DE EX-JOGADORES DA DUPLA GRE-NAL<br \/>\nQUE LUTAM CONTRA A FALTA DE DINHEIRO \u2013 Sergio Fernando Tributini<br \/>\nVillar, Zero Hora<br \/>\n<strong>04) Reportagem Cultural<\/strong><br \/>\na) PICASSO VAI \u00c0 FASE \u2013 Larissa Franke Roso, Zero Hora<br \/>\nb) MUSEU ESTADUAL DO CARV\u00c3O COMPLETA TRINTA ANOS EM COMPASSO<br \/>\nDE ABANDONO \u2013 Rafael Silveira Gloria, Nonada Jornalismo Travessia<br \/>\n<strong>c) REP\u00daBLICA RIO-GRANDENSE: AS POL\u00caMICAS QUE O TEMPO N\u00c3O APAGOU<\/strong><br \/>\n<strong>\u2013 Elmar Bones da Costa, Editora J\u00c1<\/strong><br \/>\nd) 20 ANOS SEM IVANI RIBEIRO \u2013 Rog\u00e9rio de Oliveira Barbosa, R\u00e1dio Esta\u00e7\u00e3o<br \/>\nWeb<br \/>\ne) PARTIURS \u2013 Mariana Motta Pessin, RBS TV<br \/>\nf) O CIRCO \u2013 L\u00e9o Flores Vieira Nunes, TVE RS<br \/>\ng) MOINHOS FAZEM HIST\u00d3RIA \u2013 Filipe Peixoto da Silva, Band TV Porto<br \/>\nAlegre<br \/>\n<strong>05) Cr\u00f4nica<\/strong><br \/>\na) N\u00d3S E OS PALHA\u00c7OS \u2013 Andr\u00e9 Carlos Moraes, Jornal VS<br \/>\nb) VAI TER SHORTINHO SIM \u2013 Claudia Laitano, Zero Hora<br \/>\nc) OS DOIS BRASIS DE MARIANA \u2013 Marcelo Jos\u00e9 Gonzatto da Silva, Zero Hora<br \/>\nd) PARA QUE SERVE UM VELHO \u2013 Paulo Germano Moreira Boa Nova, Zero<br \/>\nHora<br \/>\ne) PARA AL\u00c9M DAS PANDORGAS \u2013 Paulo Ricardo Cunha Mendes, Correio do<br \/>\nPovo<br \/>\n<strong>06) Fotojornalismo<\/strong><br \/>\na) O MAR EM F\u00daRIA \u2013 Juarez Machado, Jornal NH<br \/>\nb) MARCAS DE UM FEN\u00d4MENO RARO \u2013 Mauro Adornes Schaefer,Correio do<br \/>\nPovo<br \/>\nc) O ENCONTRO DE DOIS SUPER-HER\u00d3IS \u2013 Bruno Schmidt Alencastro, Zero<br \/>\nHora<br \/>\nd) INVERS\u00c3O DE PAP\u00c9IS \u2013 J\u00falio Cesar Bello Cordeiro, Jornal Zero Hora<br \/>\ne) MARIANA \u2013 RECOME\u00c7O NO CAOS \u2013 Bruno Schimidt Alencastro, Zero Hora<br \/>\n<strong>07) Planejamento Gr\u00e1fico\/Charge\/Ilustra\u00e7\u00e3o\/Infografia<\/strong><br \/>\na) CONVIC\u00c7\u00c3O \u2013 Gilmar de Oliveira Fraga ,Zero Hora<br \/>\nb) APRENDENDO COM OS ERROS \u2013 Jos\u00e9 Paulo Zarif Figueiredo, Jornal ABC<br \/>\nDomingo<br \/>\nc) OFTALMOLOGISTA (charge) \u2013 Alexandre de Oliveira, Di\u00e1rio Ga\u00facho<br \/>\nd) ESCOLA SEM PARTIDO \u2013 Neltair Rebes Abreu ,Jornal Extra Classe<br \/>\ne) PROJETO GR\u00c1FICO + DOMINGO \u2013 Jonathas de Almeida Costa<br \/>\n<strong>RADIOJORNALISMO<\/strong><br \/>\n<strong>01) Reportagem Geral<\/strong><br \/>\na) BLITZ NO TRANSPORTE P\u00daBLICO METROPOLITANO &#8211; Luiz Alcides Teixeira<br \/>\nMartins, R\u00e1dio Ga\u00facha<br \/>\nb) A INSIST\u00caNCIA DO TRABALHO INFANTIL \u2013 Eduardo de Matos Silva, R\u00e1dio<br \/>\nGa\u00facha<br \/>\nc) REGIME SEMPRE ABERTO \u2013 Luiz Alcides Teixeira Martins, R\u00e1dio Ga\u00facha<br \/>\nd) DIZEM QUE SOU LOUCO: UM RETRATO DA ATEN\u00c7\u00c3O EM SA\u00daDE DO<br \/>\nESTADO \u2013 Ananda Muller ,R\u00e1dio Gua\u00edba<br \/>\ne) OS DESAFIOS DO EMPREGO NA CRISE \u2013 Eduardo de Matos Silva, R\u00e1dio<br \/>\nGa\u00facha<br \/>\n<strong>02) Reportagem Esportiva<\/strong><br \/>\na) JOGO SUJO \u2013 Jos\u00e9 Renato da Silva Freitas Andrade Ribeiro ,R\u00e1dio Santa<br \/>\nCruz<br \/>\nb) INTER CAMPE\u00c3O DA AM\u00c9RICA: ESPECIAL 10 ANOS \u2013 Marcelo Beust<br \/>\nSalzano, R\u00e1dio Bandeirantes.<br \/>\nc) CORON\u00c9IS DO FUTEBOL \u2013 PARTE 2 \u2013 Rodrigo Martins de Oliveira,R\u00e1dio<br \/>\nGa\u00facha<br \/>\n<strong>TELEJORNALISMO<\/strong><br \/>\n<strong>01) Reportagem Geral<\/strong><br \/>\na) TRAVESTIS E TRANSEXUAIS EM PORTO ALEGRE \u2013 Ang\u00ealica Coronel Couto,<br \/>\nTVE RS<br \/>\nb) FLAGRANTE DI\u00c1RIO: ESTUDANTE \u00c9 V\u00cdTIMA DE LADR\u00c3O E TAMB\u00c9M DA<br \/>\nIMPUNIDADE \u2013 Marcelo Chemale Selistre Silva, SBT RS<br \/>\nc) S\u00c9RIE PERIGO VELADO \u2013 Andrei dos Santos Rossetto, SBT RS<br \/>\nd) TVE REP\u00d3RTER \u2013 A CULTURA DO ESTUPRO, Ang\u00ealica Coronel Couto, TVE<br \/>\nRS<br \/>\ne) S\u00c9RIE TETOS DE PAPEL \u2013 Marcelo Chemale Selistre Silva,SBT RS<br \/>\n<strong>02)Reportagem Esportiva<\/strong><br \/>\na) ADEUS MONUMENTAL \u2013 Glauco de Oliveira Pasa, RBS TV<br \/>\nb) GERA\u00c7\u00c3O LIBERTADORES \u2013 Maximiliano Correa Pereira,BAND TV<br \/>\nc) GA\u00daCHO DEIXA AS RUAS E VIRA SONHO OL\u00cdMPICO \u2013 Kelly Teixeira da<br \/>\nCosta RBS TV<br \/>\nd) OS LIBERTADORES \u2013 Lucas Os\u00f3rio Rizzatti,RBS TV<br \/>\ne) ESPECIAL 10 ANOS DA BATALHA DOS AFLITOS \u2013 Fernando Becker, RBS TV<br \/>\n<strong>WEBJORNALISMO<\/strong><br \/>\na) S\u00c9RIE OSSOS DO OF\u00cdCIO \u2013 Adair dos Santos, Sites dos Jornais do Grupo<br \/>\nSinos<br \/>\nb) INTENSO CAIO \u2013 20 ANOS SEM CAIO FERNANDO ABREU \u2013 Patricia<br \/>\nComunello, Jornal do Com\u00e9rcio<br \/>\nc) AS MARCAS DO BULLYING \u2013 Larissa Franke Roso, Zero Hora<br \/>\nd) 40 ANOS DA MAIS VERMELHA DAS TARDES \u2013 Leonardo Oliveira da<br \/>\nSilva,Zero Hora<br \/>\n<strong>e) DOSSI\u00ca CAIS MAU\u00c1 \u2013 Naira Hofmeister de Araujo, Jornal J\u00c1<\/strong><br \/>\n<strong>JORNALISMO UNIVERSIT\u00c1RIO IMPRESSO \u2013 MAT\u00c9RIAS DIVERSAS<\/strong><br \/>\na) CAIU NA REDE \u00c9 BOLA \u2013 Isabella M\u00e9rcio Pereira, Expresso Popular- PUCRS<br \/>\nb) OS \u00daLTIMOS DA FILA \u2013 Betina Nunes Sampaio, Revista Exce\u00e7\u00e3o- UNISC<br \/>\nc)QUARENTA E OITO \u2013 Tiago Bianchi-PUCRS<br \/>\n<strong>JORNALISMO UNIVERSIT\u00c1RIO R\u00c1DIO \u2013 MAT\u00c9RIAS DIVERSAS<\/strong><br \/>\na)BOLA COME\u00c7A COM B: OS CAMINHOS DA SEGUNDA DIVIS\u00c3O \u2013<br \/>\nGabriel Grins Rigoni, UFRGS<br \/>\nb)TRADU\u00c7\u00c3O COMO RESSUREI\u00c7\u00c3O \u2013 Lu\u00edsa Os\u00f3rio Rizzatti,UFRGS<br \/>\n<strong>JORNALISMO UNIVERSIT\u00c1RIO TELE \u2013 MAT\u00c9RIAS DIVERSAS<\/strong><br \/>\na)S\u00c9RIE PELOTAS DO SAL AO A\u00c7\u00daCAR \u2013 Augustine Timm, TV UCPel<br \/>\nb)MULTIPONTO \u2013 OCUPA\u00c7\u00d5ES NAS ESCOLAS P\u00daBLICAS \u2013 James de Mello<br \/>\nRodrigues, UniTV<br \/>\n<strong>JORNALISMO UNIVERSIT\u00c1RIO WEB \u2013 MAT\u00c9RIAS DIVERSAS<\/strong><br \/>\na)MULHERES DA TIO ZECA: POL\u00cdTICAS P\u00daBLICAS DE PREVEN\u00c7\u00c3O AO ZIKA<br \/>\nV\u00cdRUS EM PORTO ALEGRE \u2013 Amanda Iegli Tech,ULBRA<br \/>\nb)RETRATOS DA ESCRAVID\u00c3O \u2013 R\u00e9gis de Oliveira J\u00fanior,UNISC<br \/>\n<strong>CONTRIBUI\u00c7\u00c3O ESPECIAL A COMUNICA\u00c7\u00c3O<\/strong><br \/>\n<strong>PR\u00caMIO ANTONIO GONZALEZ<\/strong><br \/>\nTV ASSEMBLEIA<br \/>\nGDI &#8211; Grupo RBS<br \/>\nLIVRO OS GIGANTES ESTIVERAM AQUI \u2013 ANDR\u00c9 MALINOSKI<\/p>\n","protected":false},"excerpt":{"rendered":"<p>Ap\u00f3s avalia\u00e7\u00e3o pela Comiss\u00e3o Julgadora dos 367 trabalhos inscritos no Pr\u00eamio ARI \u2013 Banrisul de Jornalismo de 2016, a entidade divulga os 5 finalistas de cada categoria. A cerim\u00f4nia de premia\u00e7\u00e3o ser\u00e1 dia 19 deste m\u00eas. JORNALISMO IMPRESSO 01) Reportagem Geral a) S\u00c9RIE OSSOS DO OF\u00cdCIO \u2013 Adair dos Santos, ABC Domingo b) REFUGIADOS DO [&hellip;]<\/p>\n","protected":false},"author":4,"featured_media":42446,"comment_status":"open","ping_status":"closed","sticky":false,"template":"","format":"standard","meta":{"_jetpack_newsletter_access":"","_jetpack_dont_email_post_to_subs":false,"_jetpack_newsletter_tier_id":0,"_jetpack_memberships_contains_paywalled_content":false,"_jetpack_feature_clip_id":0,"_jetpack_memberships_contains_paid_content":false,"footnotes":"","jetpack_post_was_ever_published":false},"categories":[26],"tags":[],"class_list":["post-42445","post","type-post","status-publish","format-standard","has-post-thumbnail","hentry","category-geral"],"aioseo_notices":[],"aioseo_head":"\n\t\t<!-- All in One SEO 5.0.1.1 - aioseo.com -->\n\t<meta name=\"robots\" content=\"max-image-preview:large\" \/>\n\t<meta name=\"author\" content=\"da Reda\u00e7\u00e3o\"\/>\n\t<link rel=\"canonical\" href=\"https:\/\/www.jornalja.com.br\/arquivo\/ja-e-finalista-em-tres-categorias-do-premio-ari-banrisul-de-jornalismo\/\" \/>\n\t<meta name=\"generator\" content=\"All in One SEO (AIOSEO) 5.0.1.1\" \/>\n\t\t<meta property=\"og:locale\" content=\"pt_BR\" \/>\n\t\t<meta property=\"og:site_name\" content=\"Arquivo | Jornal J\u00c1 | Porto Alegre\" \/>\n\t\t<meta property=\"og:type\" content=\"article\" \/>\n\t\t<meta property=\"og:title\" content=\"J\u00c1 \u00e9 finalista em tr\u00eas categorias do Pr\u00eamio ARI-Banrisul de Jornalismo | Arquivo\" \/>\n\t\t<meta property=\"og:url\" content=\"https:\/\/www.jornalja.com.br\/arquivo\/ja-e-finalista-em-tres-categorias-do-premio-ari-banrisul-de-jornalismo\/\" \/>\n\t\t<meta property=\"og:image\" content=\"https:\/\/www.jornalja.com.br\/economics\/wp-content\/uploads\/sites\/11\/2026\/08\/ja-folhaderosto-facebook.jpg\" \/>\n\t\t<meta property=\"og:image:secure_url\" content=\"https:\/\/www.jornalja.com.br\/economics\/wp-content\/uploads\/sites\/11\/2026\/08\/ja-folhaderosto-facebook.jpg\" \/>\n\t\t<meta property=\"article:published_time\" content=\"2016-12-16T16:29:16+00:00\" \/>\n\t\t<meta property=\"article:modified_time\" content=\"2016-12-16T16:29:16+00:00\" \/>\n\t\t<meta name=\"twitter:card\" content=\"summary\" \/>\n\t\t<meta name=\"twitter:title\" content=\"J\u00c1 \u00e9 finalista em tr\u00eas categorias do Pr\u00eamio ARI-Banrisul de Jornalismo | Arquivo\" \/>\n\t\t<meta name=\"twitter:image\" content=\"https:\/\/www.jornalja.com.br\/economics\/wp-content\/uploads\/sites\/11\/2026\/08\/ja-folhaderosto-facebook.jpg\" \/>\n\t\t<script type=\"application\/ld+json\" class=\"aioseo-schema\">\n\t\t\t{\"@context\":\"https:\\\/\\\/schema.org\",\"@graph\":[{\"@type\":\"BlogPosting\",\"@id\":\"https:\\\/\\\/www.jornalja.com.br\\\/arquivo\\\/ja-e-finalista-em-tres-categorias-do-premio-ari-banrisul-de-jornalismo\\\/#blogposting\",\"name\":\"J\\u00c1 \\u00e9 finalista em tr\\u00eas categorias do Pr\\u00eamio ARI-Banrisul de Jornalismo | Arquivo\",\"headline\":\"J\\u00c1 \\u00e9 finalista em tr\\u00eas categorias do Pr\\u00eamio ARI-Banrisul de Jornalismo\",\"author\":{\"@id\":\"https:\\\/\\\/www.jornalja.com.br\\\/arquivo\\\/author\\\/daredacao\\\/#author\"},\"publisher\":{\"@id\":\"https:\\\/\\\/www.jornalja.com.br\\\/arquivo\\\/#organization\"},\"image\":{\"@type\":\"ImageObject\",\"url\":42446},\"datePublished\":\"2016-12-16T13:29:16-02:00\",\"dateModified\":\"2016-12-16T13:29:16-02:00\",\"inLanguage\":\"pt-BR\",\"mainEntityOfPage\":{\"@id\":\"https:\\\/\\\/www.jornalja.com.br\\\/arquivo\\\/ja-e-finalista-em-tres-categorias-do-premio-ari-banrisul-de-jornalismo\\\/#webpage\"},\"isPartOf\":{\"@id\":\"https:\\\/\\\/www.jornalja.com.br\\\/arquivo\\\/ja-e-finalista-em-tres-categorias-do-premio-ari-banrisul-de-jornalismo\\\/#webpage\"},\"articleSection\":\"Geral\"},{\"@type\":\"BreadcrumbList\",\"@id\":\"https:\\\/\\\/www.jornalja.com.br\\\/arquivo\\\/ja-e-finalista-em-tres-categorias-do-premio-ari-banrisul-de-jornalismo\\\/#breadcrumblist\",\"itemListElement\":[{\"@type\":\"ListItem\",\"@id\":\"https:\\\/\\\/www.jornalja.com.br\\\/arquivo#listItem\",\"position\":1,\"name\":\"Home\",\"item\":\"https:\\\/\\\/www.jornalja.com.br\\\/arquivo\",\"nextItem\":{\"@type\":\"ListItem\",\"@id\":\"https:\\\/\\\/www.jornalja.com.br\\\/arquivo\\\/category\\\/geral\\\/#listItem\",\"name\":\"Geral\"}},{\"@type\":\"ListItem\",\"@id\":\"https:\\\/\\\/www.jornalja.com.br\\\/arquivo\\\/category\\\/geral\\\/#listItem\",\"position\":2,\"name\":\"Geral\",\"item\":\"https:\\\/\\\/www.jornalja.com.br\\\/arquivo\\\/category\\\/geral\\\/\",\"nextItem\":{\"@type\":\"ListItem\",\"@id\":\"https:\\\/\\\/www.jornalja.com.br\\\/arquivo\\\/ja-e-finalista-em-tres-categorias-do-premio-ari-banrisul-de-jornalismo\\\/#listItem\",\"name\":\"J\\u00c1 \\u00e9 finalista em tr\\u00eas categorias do Pr\\u00eamio ARI-Banrisul de Jornalismo\"},\"previousItem\":{\"@type\":\"ListItem\",\"@id\":\"https:\\\/\\\/www.jornalja.com.br\\\/arquivo#listItem\",\"name\":\"Home\"}},{\"@type\":\"ListItem\",\"@id\":\"https:\\\/\\\/www.jornalja.com.br\\\/arquivo\\\/ja-e-finalista-em-tres-categorias-do-premio-ari-banrisul-de-jornalismo\\\/#listItem\",\"position\":3,\"name\":\"J\\u00c1 \\u00e9 finalista em tr\\u00eas categorias do Pr\\u00eamio ARI-Banrisul de Jornalismo\",\"previousItem\":{\"@type\":\"ListItem\",\"@id\":\"https:\\\/\\\/www.jornalja.com.br\\\/arquivo\\\/category\\\/geral\\\/#listItem\",\"name\":\"Geral\"}}]},{\"@type\":\"Organization\",\"@id\":\"https:\\\/\\\/www.jornalja.com.br\\\/arquivo\\\/#organization\",\"name\":\"Jornal J\\u00c1\",\"description\":\"Jornal J\\u00c1 | Porto Alegre\",\"url\":\"https:\\\/\\\/www.jornalja.com.br\\\/arquivo\\\/\",\"telephone\":\"+555133307272\",\"logo\":{\"@type\":\"ImageObject\",\"url\":\"https:\\\/\\\/www.jornalja.com.br\\\/wp-content\\\/uploads\\\/cards\\\/JAslogan.png\",\"@id\":\"https:\\\/\\\/www.jornalja.com.br\\\/arquivo\\\/ja-e-finalista-em-tres-categorias-do-premio-ari-banrisul-de-jornalismo\\\/#organizationLogo\"},\"image\":{\"@id\":\"https:\\\/\\\/www.jornalja.com.br\\\/arquivo\\\/ja-e-finalista-em-tres-categorias-do-premio-ari-banrisul-de-jornalismo\\\/#organizationLogo\"}},{\"@type\":\"Person\",\"@id\":\"https:\\\/\\\/www.jornalja.com.br\\\/arquivo\\\/author\\\/daredacao\\\/#author\",\"url\":\"https:\\\/\\\/www.jornalja.com.br\\\/arquivo\\\/author\\\/daredacao\\\/\",\"name\":\"da Reda\\u00e7\\u00e3o\",\"image\":{\"@type\":\"ImageObject\",\"@id\":\"https:\\\/\\\/www.jornalja.com.br\\\/arquivo\\\/ja-e-finalista-em-tres-categorias-do-premio-ari-banrisul-de-jornalismo\\\/#authorImage\",\"url\":\"https:\\\/\\\/secure.gravatar.com\\\/avatar\\\/469fd857d6605ad19919d27ed29d35a968a25f6e8fd9318356bbb7f57aae9c65?s=96&d=mm&r=g\",\"width\":96,\"height\":96,\"caption\":\"da Reda\\u00e7\\u00e3o\"}},{\"@type\":\"WebPage\",\"@id\":\"https:\\\/\\\/www.jornalja.com.br\\\/arquivo\\\/ja-e-finalista-em-tres-categorias-do-premio-ari-banrisul-de-jornalismo\\\/#webpage\",\"url\":\"https:\\\/\\\/www.jornalja.com.br\\\/arquivo\\\/ja-e-finalista-em-tres-categorias-do-premio-ari-banrisul-de-jornalismo\\\/\",\"name\":\"J\\u00c1 \\u00e9 finalista em tr\\u00eas categorias do Pr\\u00eamio ARI-Banrisul de Jornalismo | Arquivo\",\"inLanguage\":\"pt-BR\",\"isPartOf\":{\"@id\":\"https:\\\/\\\/www.jornalja.com.br\\\/arquivo\\\/#website\"},\"breadcrumb\":{\"@id\":\"https:\\\/\\\/www.jornalja.com.br\\\/arquivo\\\/ja-e-finalista-em-tres-categorias-do-premio-ari-banrisul-de-jornalismo\\\/#breadcrumblist\"},\"author\":{\"@id\":\"https:\\\/\\\/www.jornalja.com.br\\\/arquivo\\\/author\\\/daredacao\\\/#author\"},\"creator\":{\"@id\":\"https:\\\/\\\/www.jornalja.com.br\\\/arquivo\\\/author\\\/daredacao\\\/#author\"},\"image\":{\"@type\":\"ImageObject\",\"url\":42446,\"@id\":\"https:\\\/\\\/www.jornalja.com.br\\\/arquivo\\\/ja-e-finalista-em-tres-categorias-do-premio-ari-banrisul-de-jornalismo\\\/#mainImage\"},\"primaryImageOfPage\":{\"@id\":\"https:\\\/\\\/www.jornalja.com.br\\\/arquivo\\\/ja-e-finalista-em-tres-categorias-do-premio-ari-banrisul-de-jornalismo\\\/#mainImage\"},\"datePublished\":\"2016-12-16T13:29:16-02:00\",\"dateModified\":\"2016-12-16T13:29:16-02:00\"},{\"@type\":\"WebSite\",\"@id\":\"https:\\\/\\\/www.jornalja.com.br\\\/arquivo\\\/#website\",\"url\":\"https:\\\/\\\/www.jornalja.com.br\\\/arquivo\\\/\",\"name\":\"Arquivo\",\"description\":\"Jornal J\\u00c1 | Porto Alegre\",\"inLanguage\":\"pt-BR\",\"publisher\":{\"@id\":\"https:\\\/\\\/www.jornalja.com.br\\\/arquivo\\\/#organization\"}}]}\n\t\t<\/script>\n\t\t<!-- All in One SEO -->\n\n","aioseo_head_json":{"title":"J\u00c1 \u00e9 finalista em tr\u00eas categorias do Pr\u00eamio ARI-Banrisul de Jornalismo | Arquivo","description":"","canonical_url":"https:\/\/www.jornalja.com.br\/arquivo\/ja-e-finalista-em-tres-categorias-do-premio-ari-banrisul-de-jornalismo\/","robots":"max-image-preview:large","keywords":"","webmasterTools":{"miscellaneous":""},"schema":{"@context":"https:\/\/schema.org","@graph":[{"@type":"BlogPosting","@id":"https:\/\/www.jornalja.com.br\/arquivo\/ja-e-finalista-em-tres-categorias-do-premio-ari-banrisul-de-jornalismo\/#blogposting","name":"J\u00c1 \u00e9 finalista em tr\u00eas categorias do Pr\u00eamio ARI-Banrisul de Jornalismo | Arquivo","headline":"J\u00c1 \u00e9 finalista em tr\u00eas categorias do Pr\u00eamio ARI-Banrisul de Jornalismo","author":{"@id":"https:\/\/www.jornalja.com.br\/arquivo\/author\/daredacao\/#author"},"publisher":{"@id":"https:\/\/www.jornalja.com.br\/arquivo\/#organization"},"image":{"@type":"ImageObject","url":42446},"datePublished":"2016-12-16T13:29:16-02:00","dateModified":"2016-12-16T13:29:16-02:00","inLanguage":"pt-BR","mainEntityOfPage":{"@id":"https:\/\/www.jornalja.com.br\/arquivo\/ja-e-finalista-em-tres-categorias-do-premio-ari-banrisul-de-jornalismo\/#webpage"},"isPartOf":{"@id":"https:\/\/www.jornalja.com.br\/arquivo\/ja-e-finalista-em-tres-categorias-do-premio-ari-banrisul-de-jornalismo\/#webpage"},"articleSection":"Geral"},{"@type":"BreadcrumbList","@id":"https:\/\/www.jornalja.com.br\/arquivo\/ja-e-finalista-em-tres-categorias-do-premio-ari-banrisul-de-jornalismo\/#breadcrumblist","itemListElement":[{"@type":"ListItem","@id":"https:\/\/www.jornalja.com.br\/arquivo#listItem","position":1,"name":"Home","item":"https:\/\/www.jornalja.com.br\/arquivo","nextItem":{"@type":"ListItem","@id":"https:\/\/www.jornalja.com.br\/arquivo\/category\/geral\/#listItem","name":"Geral"}},{"@type":"ListItem","@id":"https:\/\/www.jornalja.com.br\/arquivo\/category\/geral\/#listItem","position":2,"name":"Geral","item":"https:\/\/www.jornalja.com.br\/arquivo\/category\/geral\/","nextItem":{"@type":"ListItem","@id":"https:\/\/www.jornalja.com.br\/arquivo\/ja-e-finalista-em-tres-categorias-do-premio-ari-banrisul-de-jornalismo\/#listItem","name":"J\u00c1 \u00e9 finalista em tr\u00eas categorias do Pr\u00eamio ARI-Banrisul de Jornalismo"},"previousItem":{"@type":"ListItem","@id":"https:\/\/www.jornalja.com.br\/arquivo#listItem","name":"Home"}},{"@type":"ListItem","@id":"https:\/\/www.jornalja.com.br\/arquivo\/ja-e-finalista-em-tres-categorias-do-premio-ari-banrisul-de-jornalismo\/#listItem","position":3,"name":"J\u00c1 \u00e9 finalista em tr\u00eas categorias do Pr\u00eamio ARI-Banrisul de Jornalismo","previousItem":{"@type":"ListItem","@id":"https:\/\/www.jornalja.com.br\/arquivo\/category\/geral\/#listItem","name":"Geral"}}]},{"@type":"Organization","@id":"https:\/\/www.jornalja.com.br\/arquivo\/#organization","name":"Jornal J\u00c1","description":"Jornal J\u00c1 | Porto Alegre","url":"https:\/\/www.jornalja.com.br\/arquivo\/","telephone":"+555133307272","logo":{"@type":"ImageObject","url":"https:\/\/www.jornalja.com.br\/wp-content\/uploads\/cards\/JAslogan.png","@id":"https:\/\/www.jornalja.com.br\/arquivo\/ja-e-finalista-em-tres-categorias-do-premio-ari-banrisul-de-jornalismo\/#organizationLogo"},"image":{"@id":"https:\/\/www.jornalja.com.br\/arquivo\/ja-e-finalista-em-tres-categorias-do-premio-ari-banrisul-de-jornalismo\/#organizationLogo"}},{"@type":"Person","@id":"https:\/\/www.jornalja.com.br\/arquivo\/author\/daredacao\/#author","url":"https:\/\/www.jornalja.com.br\/arquivo\/author\/daredacao\/","name":"da Reda\u00e7\u00e3o","image":{"@type":"ImageObject","@id":"https:\/\/www.jornalja.com.br\/arquivo\/ja-e-finalista-em-tres-categorias-do-premio-ari-banrisul-de-jornalismo\/#authorImage","url":"https:\/\/secure.gravatar.com\/avatar\/469fd857d6605ad19919d27ed29d35a968a25f6e8fd9318356bbb7f57aae9c65?s=96&d=mm&r=g","width":96,"height":96,"caption":"da Reda\u00e7\u00e3o"}},{"@type":"WebPage","@id":"https:\/\/www.jornalja.com.br\/arquivo\/ja-e-finalista-em-tres-categorias-do-premio-ari-banrisul-de-jornalismo\/#webpage","url":"https:\/\/www.jornalja.com.br\/arquivo\/ja-e-finalista-em-tres-categorias-do-premio-ari-banrisul-de-jornalismo\/","name":"J\u00c1 \u00e9 finalista em tr\u00eas categorias do Pr\u00eamio ARI-Banrisul de Jornalismo | Arquivo","inLanguage":"pt-BR","isPartOf":{"@id":"https:\/\/www.jornalja.com.br\/arquivo\/#website"},"breadcrumb":{"@id":"https:\/\/www.jornalja.com.br\/arquivo\/ja-e-finalista-em-tres-categorias-do-premio-ari-banrisul-de-jornalismo\/#breadcrumblist"},"author":{"@id":"https:\/\/www.jornalja.com.br\/arquivo\/author\/daredacao\/#author"},"creator":{"@id":"https:\/\/www.jornalja.com.br\/arquivo\/author\/daredacao\/#author"},"image":{"@type":"ImageObject","url":42446,"@id":"https:\/\/www.jornalja.com.br\/arquivo\/ja-e-finalista-em-tres-categorias-do-premio-ari-banrisul-de-jornalismo\/#mainImage"},"primaryImageOfPage":{"@id":"https:\/\/www.jornalja.com.br\/arquivo\/ja-e-finalista-em-tres-categorias-do-premio-ari-banrisul-de-jornalismo\/#mainImage"},"datePublished":"2016-12-16T13:29:16-02:00","dateModified":"2016-12-16T13:29:16-02:00"},{"@type":"WebSite","@id":"https:\/\/www.jornalja.com.br\/arquivo\/#website","url":"https:\/\/www.jornalja.com.br\/arquivo\/","name":"Arquivo","description":"Jornal J\u00c1 | Porto Alegre","inLanguage":"pt-BR","publisher":{"@id":"https:\/\/www.jornalja.com.br\/arquivo\/#organization"}}]},"og:locale":"pt_BR","og:site_name":"Arquivo | Jornal J\u00c1 | Porto Alegre","og:type":"article","og:title":"J\u00c1 \u00e9 finalista em tr\u00eas categorias do Pr\u00eamio ARI-Banrisul de Jornalismo | Arquivo","og:url":"https:\/\/www.jornalja.com.br\/arquivo\/ja-e-finalista-em-tres-categorias-do-premio-ari-banrisul-de-jornalismo\/","og:image":"https:\/\/www.jornalja.com.br\/economics\/wp-content\/uploads\/sites\/11\/2026\/08\/ja-folhaderosto-facebook.jpg","og:image:secure_url":"https:\/\/www.jornalja.com.br\/economics\/wp-content\/uploads\/sites\/11\/2026\/08\/ja-folhaderosto-facebook.jpg","article:published_time":"2016-12-16T16:29:16+00:00","article:modified_time":"2016-12-16T16:29:16+00:00","twitter:card":"summary","twitter:title":"J\u00c1 \u00e9 finalista em tr\u00eas categorias do Pr\u00eamio ARI-Banrisul de Jornalismo | Arquivo","twitter:image":"https:\/\/www.jornalja.com.br\/economics\/wp-content\/uploads\/sites\/11\/2026\/08\/ja-folhaderosto-facebook.jpg"},"aioseo_meta_data":{"post_id":"42445","title":null,"description":null,"keywords":null,"keyphrases":null,"primary_term":null,"canonical_url":null,"og_title":null,"og_description":null,"og_object_type":"default","og_image_type":"default","og_image_url":null,"og_image_width":null,"og_image_height":null,"og_image_custom_url":null,"og_image_custom_fields":null,"og_video":null,"og_custom_url":null,"og_article_section":null,"og_article_tags":null,"twitter_use_og":false,"twitter_card":"default","twitter_image_type":"default","twitter_image_url":null,"twitter_image_custom_url":null,"twitter_image_custom_fields":null,"twitter_title":null,"twitter_description":null,"schema":{"blockGraphs":[],"customGraphs":[],"default":{"data":{"Article":[],"Course":[],"Dataset":[],"FAQPage":[],"Movie":[],"Person":[],"Product":[],"ProductReview":[],"Car":[],"Recipe":[],"Service":[],"SoftwareApplication":[],"WebPage":[]},"graphName":"","isEnabled":true},"graphs":[],"defaultGraph":"","defaultPostTypeGraph":""},"schema_type":null,"schema_type_options":null,"pillar_content":false,"robots_default":true,"robots_noindex":false,"robots_noarchive":false,"robots_nosnippet":false,"robots_nofollow":false,"robots_noimageindex":false,"robots_noodp":false,"robots_notranslate":false,"robots_max_snippet":null,"robots_max_videopreview":null,"robots_max_imagepreview":"large","priority":null,"frequency":null,"location":null,"local_seo":null,"breadcrumb_settings":null,"limit_modified_date":false,"ai":null,"created":"2020-12-20 20:44:21","updated":"2025-07-19 18:41:23","seo_analyzer_scan_date":null,"focus_keyword":null,"additional_keywords":null,"truseo_locale":null},"jetpack_sharing_enabled":true,"jetpack-related-posts":[{"id":13101,"url":"https:\/\/www.jornalja.com.br\/arquivo\/morre-um-guerreiro-do-texto\/","url_meta":{"origin":42445,"position":0},"title":"Morre um guerreiro do texto","author":"Patr\u00edcia Marini","date":"14 de maio de 2014","format":false,"excerpt":"Por Ricardo Kotscho Reproduzido do blog do autor, 11\/5\/2014; t\u00edtulo original \u201cE l\u00e1 se foi o nosso Myltainho, guerreiro do texto\u201d. Mi\u00fado e franzino, meu amigo Myltainho era um valente e inconformado guerreiro na luta contra as injusti\u00e7as sociais, a hipocrisia, as maracutaias, o autoritarismo, a intoler\u00e2ncia, a viol\u00eancia, o\u2026","rel":"","context":"Em &quot;Geral&quot;","block_context":{"text":"Geral","link":"https:\/\/www.jornalja.com.br\/arquivo\/category\/geral\/"},"img":{"alt_text":"","src":"","width":0,"height":0},"classes":[]},{"id":12960,"url":"https:\/\/www.jornalja.com.br\/arquivo\/populacao-culpa-empresas-pela-greve-dos-rodoviarios\/","url_meta":{"origin":42445,"position":1},"title":"Popula\u00e7\u00e3o culpa empresas pela greve","author":"Patr\u00edcia Marini","date":"14 de fevereiro de 2014","format":false,"excerpt":"Pesquisa divulgada na edi\u00e7\u00e3o do jornal Metro desta sexta-feira,14, comprova o velho ditado: \u00e9 poss\u00edvel enganar muitos por algum tempo, mas n\u00e3o \u00e9 poss\u00edvel enganar a todos o tempo inteiro. A principal revela\u00e7\u00e3o foi que 59,8% dos entrevistados apontaram as empresas como as principais respons\u00e1veis pela grave e 46% culparam\u2026","rel":"","context":"Em &quot;X.Categorias velhas&quot;","block_context":{"text":"X.Categorias velhas","link":"https:\/\/www.jornalja.com.br\/arquivo\/category\/x-categorias-velhas\/"},"img":{"alt_text":"","src":"","width":0,"height":0},"classes":[]},{"id":13124,"url":"https:\/\/www.jornalja.com.br\/arquivo\/sangue-latino-no-iecine\/","url_meta":{"origin":42445,"position":2},"title":"Sangue latino no IECINE","author":"da Reda\u00e7\u00e3o","date":"18 de maio de 2014","format":false,"excerpt":"Francisco Ribeiro O Instituto Estadual de Cinema (IECINE) tem a frente, desde abril \u00faltimo, um novo diretor, o cineasta colombiano Juan Zapata, 36, que substitui Luiz Alberto Cassol. Radicado h\u00e1 dez anos em Porto Alegre, Zapata tem diante de si o desafio de conduzir at\u00e9 o final do ano um\u2026","rel":"","context":"Em &quot;Cultura-Geral&quot;","block_context":{"text":"Cultura-Geral","link":"https:\/\/www.jornalja.com.br\/arquivo\/category\/materiasecundaria\/"},"img":{"alt_text":"","src":"","width":0,"height":0},"classes":[]},{"id":14241,"url":"https:\/\/www.jornalja.com.br\/arquivo\/o-guaiba-nas-imagens-poeticas-de-achutti\/","url_meta":{"origin":42445,"position":3},"title":"O Gua\u00edba nas imagens po\u00e9ticas de Achutti","author":"da Reda\u00e7\u00e3o","date":"18 de junho de 2014","format":false,"excerpt":"Em \u201cO Gua\u00edba por Achutti\u201d \u2013 obra financiada via Minist\u00e9rio da Cultura, produ\u00e7\u00e3o executiva de Pedro Longhi, e Fl\u00e1vio Wild como designer \u2013, o fot\u00f3grafo revela a beleza e as mazelas de um espa\u00e7o aqu\u00e1tico de \u00e1guas sempre renovadas, cheio de hist\u00f3rias e lendas como as das cidades que foram\u2026","rel":"","context":"Em &quot;Cultura-Geral&quot;","block_context":{"text":"Cultura-Geral","link":"https:\/\/www.jornalja.com.br\/arquivo\/category\/materiasecundaria\/"},"img":{"alt_text":"","src":"","width":0,"height":0},"classes":[]},{"id":5440,"url":"https:\/\/www.jornalja.com.br\/arquivo\/casarao-da-venancio-destino-permanece-incerto\/","url_meta":{"origin":42445,"position":4},"title":"Estado ainda n\u00e3o sabe o que fazer com casar\u00e3o abandonado h\u00e1 20 anos","author":"Elmar Bones","date":"6 de julho de 2009","format":false,"excerpt":"O casar\u00e3o amarelo, numa esquina nobre de Porto Alegre (Ven\u00e2ncio Aires com Jo\u00e3o Pessoa), j\u00e1 abrigou uma escola. H\u00e1 duas d\u00e9cadas, pelo menos, est\u00e1 abandonado, porque seu propriet\u00e1rio, o governo do Estado do Rio Grande do Sul, n\u00e3o consegue achar um destino para ele. Planos n\u00e3o faltaram. O governador Ol\u00edvio\u2026","rel":"","context":"Em &quot;X.Categorias velhas&quot;","block_context":{"text":"X.Categorias velhas","link":"https:\/\/www.jornalja.com.br\/arquivo\/category\/x-categorias-velhas\/"},"img":{"alt_text":"geraldo1","src":"https:\/\/i0.wp.com\/www.jornalja.com.br\/wp-content\/uploads\/2009\/07\/geraldo1.jpg?resize=350%2C200&ssl=1","width":350,"height":200},"classes":[]},{"id":13128,"url":"https:\/\/www.jornalja.com.br\/arquivo\/maconha-terra-diz-que-uso-medicinal-e-desculpa\/","url_meta":{"origin":42445,"position":5},"title":"Maconha: Terra diz que uso medicinal \u00e9 desculpa","author":"Patr\u00edcia Marini","date":"4 de junho de 2014","format":false,"excerpt":"A condi\u00e7\u00e3o de pol\u00edtico, em \u00e9poca de campanha de campanha eleitoral, tira for\u00e7a do discurso do m\u00e9dico Osmar Terra contra a legaliza\u00e7\u00e3o da maconha. A tese dele de que a libera\u00e7\u00e3o vai ampliar exponencialmente o consumo \u00e9 discutivel, o consumo \u00e9 corrente. Mas seus alertas quanto aos riscos tem que\u2026","rel":"","context":"Em &quot;X.Categorias velhas&quot;","block_context":{"text":"X.Categorias velhas","link":"https:\/\/www.jornalja.com.br\/arquivo\/category\/x-categorias-velhas\/"},"img":{"alt_text":"","src":"","width":0,"height":0},"classes":[]}],"jetpack_shortlink":"https:\/\/wp.me\/pbQjBd-b2B","jetpack_featured_media_url":"","_links":{"self":[{"href":"https:\/\/www.jornalja.com.br\/arquivo\/wp-json\/wp\/v2\/posts\/42445","targetHints":{"allow":["GET"]}}],"collection":[{"href":"https:\/\/www.jornalja.com.br\/arquivo\/wp-json\/wp\/v2\/posts"}],"about":[{"href":"https:\/\/www.jornalja.com.br\/arquivo\/wp-json\/wp\/v2\/types\/post"}],"author":[{"embeddable":true,"href":"https:\/\/www.jornalja.com.br\/arquivo\/wp-json\/wp\/v2\/users\/4"}],"replies":[{"embeddable":true,"href":"https:\/\/www.jornalja.com.br\/arquivo\/wp-json\/wp\/v2\/comments?post=42445"}],"version-history":[{"count":0,"href":"https:\/\/www.jornalja.com.br\/arquivo\/wp-json\/wp\/v2\/posts\/42445\/revisions"}],"wp:attachment":[{"href":"https:\/\/www.jornalja.com.br\/arquivo\/wp-json\/wp\/v2\/media?parent=42445"}],"wp:term":[{"taxonomy":"category","embeddable":true,"href":"https:\/\/www.jornalja.com.br\/arquivo\/wp-json\/wp\/v2\/categories?post=42445"},{"taxonomy":"post_tag","embeddable":true,"href":"https:\/\/www.jornalja.com.br\/arquivo\/wp-json\/wp\/v2\/tags?post=42445"}],"curies":[{"name":"wp","href":"https:\/\/api.w.org\/{rel}","templated":true}]}}