{"id":42451,"date":"2016-12-16T17:49:45","date_gmt":"2016-12-16T20:49:45","guid":{"rendered":"https:\/\/www.jornalja.com.br\/?p=42451"},"modified":"2016-12-16T17:49:45","modified_gmt":"2016-12-16T20:49:45","slug":"as-novas-caras-do-clube-de-cultura","status":"publish","type":"post","link":"https:\/\/www.jornalja.com.br\/arquivo\/as-novas-caras-do-clube-de-cultura\/","title":{"rendered":"As novas caras do Clube de Cultura"},"content":{"rendered":"<p><span class=\"assina\">Matheus Chaparini<\/span><br \/>\nO primeiro show profissional do Nei Lisboa foi l\u00e1. De onde tamb\u00e9m saiu um dos primeiros filmes produzidos no Rio Grande do Sul, Vento Norte, de 1951, dirigido por Salom\u00e3o Scliar. Em um dos anivers\u00e1rios, quem cantou foi Elis Regina. Os quadros nas paredes lembram pe\u00e7as de Caio Fernando Abreu. E tudo isso no cora\u00e7\u00e3o do Bom Fim. \u00c9 indiscut\u00edvel: o Clube de Cultura tem hist\u00f3ria.<br \/>\nTodas estas gl\u00f3rias passadas inspiram a constru\u00e7\u00e3o do presente do Clube. Desde o come\u00e7o de 2016, um grupo de associados vem tocando uma s\u00e9rie de atividades com cinema, m\u00fasica, literatura, debates ecol\u00f3gicos e outros. N\u00e3o se pode dizer que \u00e9 uma retomada, pois, como lembra T\u00e2nia Baumann, filha do famoso comandante, o Clube de Cultura nunca parou. \u201cNem na ditadura\u201d, garante ela, que se criou no local, onde hoje realiza cursos de dan\u00e7a para crian\u00e7as adolescentes. Podemos dizer ent\u00e3o que \u00e9 uma nova tomada de f\u00f4lego.<br \/>\nA outra filha de Hans Baumann, Carolina, \u00e9 primeira-tesoureira do Clube, eleita para a gest\u00e3o 2017\/2018 em assembleia realizada em 3 dezembro. Apesar de ter uma rela\u00e7\u00e3o antiga com o Clube, ela s\u00f3 se associou recentemente. A dire\u00e7\u00e3o \u00e9 formada por 6 pessoas: Mozart Dutra, presidente; Airan Milititsky, vice; Carla Menegaz, primeira secret\u00e1ria, Claus Farina, segunda secret\u00e1ria; Carolina Baumann, primeira tesoureira e Carlos Ribeiro, segundo tesoureiro. H\u00e1 ainda um conselho deliberativo formado 15 integrantes e cinco suplentes e um conselho fiscal com tr\u00eas associados.<br \/>\n<figure id=\"attachment_42456\" aria-describedby=\"caption-attachment-42456\" style=\"width: 725px\" class=\"wp-caption alignnone\"><img loading=\"lazy\" decoding=\"async\" class=\"wp-image-42456 size-full\" src=\"https:\/\/www.jornalja.com.br\/wp-content\/uploads\/2016\/12\/IMG-20161216-WA0010.jpg\" alt=\"O historiador, em evento sobre a hist\u00f3ria do Clube de Cultura \/ Alan Foyd Gipsztejn\" width=\"725\" height=\"408\" \/><figcaption id=\"caption-attachment-42456\" class=\"wp-caption-text\">O historiador Airan Aguiar, em evento sobre a hist\u00f3ria do Clube de Cultura \/ Alan Floyd Gipsztejn<\/figcaption><\/figure><br \/>\nO Clube de Cultura foi criado em 1950, no mesmo local, no n\u00famero 1853 da rua Ramiro Barcelos. At\u00e9 1957 o terreno tinha apenas uma casa, compartilhada com a sinagoga que atualmente fica na rua Henrique Dias. S\u00f3 ent\u00e3o veio a sede, e na sequ\u00eancia o edif\u00edcio, que leva o mesmo nome. \u201cFoi a primeira experi\u00eancia do que a gente hoje chama de crowndounding\u201d, define Mozart Dutra. O grupo era formado por judeus intelectuais, na maioria comunistas e anarquistas.<br \/>\n\u201cO pessoal do Clube sempre foi revolucion\u00e1rio, mas sempre foi uma resist\u00eancia n\u00e3o pela guerra, mas pela cultura, pela consci\u00eancia, pela arte. Esse ide\u00e1rio segue\u201d, define Carolina Baumann.<br \/>\nAo longo de mais de meio s\u00e9culo, o clube abrigou em sua sede diversas iniciativas culturais como a Coompor (Cooperativa dos M\u00fasicos de Porto Alegre), o Teatro Escola, de Z\u00e9 Ad\u00e3o Barbosa, a Editora Deriva, o Ateneu Libert\u00e1rio Batalha da V\u00e1rzea, Frente Ga\u00facha de Solidariedade ao Povo Palestino e at\u00e9 mesmo a reda\u00e7\u00e3o deste jornal que o leitor tem agora diante de seus olhos.<br \/>\nForam os espet\u00e1culos realizados pela Coompor que atrairam a aten\u00e7\u00e3o do hoje presidente Mozart Dutra, na d\u00e9cada de 80. A pioneira iniciativa de uma cooperativa de compositores gerou a grava\u00e7\u00e3o de um disco &#8211; Coompor canta Lupi &#8211; e turn\u00ea pelo estado. Mozart se afastou temporariamente e voltou no in\u00edcio do anos 2000. Seus desafios para os pr\u00f3ximos dois anos s\u00e3o consolidar e aumentar a agenda de atividades e atrair mais gente para o Clube. \u201cA \u00fanica maneira de a gente manter ativo o Clube \u00e9 agregando mais pessoas, e fazendo com que elas se inteirem das atividades e participem da constru\u00e7\u00e3o\u201d, afirma.<br \/>\n<span class=\"intertit\">Uma agenda maior para 2017<\/span><br \/>\nAo longo deste ano, foram realizados diversos ciclos de eventos. As Jornadas Ecol\u00f3gicas foram um bom exemplo, trazendo de volta \u00e0 pauta do Clube um tema antigo mas sempre atual. Na parte de cinema, a Guerra Civil Espanhola e as trilhas compostas pelo Pink Floyd para o cinema foram alguns dos motes. Recentemente foi inaugurada uma sala de leitura, que homenageia Hans Baumann.<br \/>\n<figure id=\"attachment_42455\" aria-describedby=\"caption-attachment-42455\" style=\"width: 725px\" class=\"wp-caption alignnone\"><img loading=\"lazy\" decoding=\"async\" class=\"wp-image-42455 size-full\" src=\"https:\/\/www.jornalja.com.br\/wp-content\/uploads\/2016\/12\/IMG-20161216-WA0003.jpg\" alt=\"as Jornadas Ecol\u00f3gicas foi uma das novidades de 2016 \/ Alan Foyd Gipsztejn\" width=\"725\" height=\"408\" \/><figcaption id=\"caption-attachment-42455\" class=\"wp-caption-text\">Evento de anivers\u00e1rio da sede do Clube, em novembro\u00a0\/ Alan Folyd Gipsztejn<\/figcaption><\/figure><br \/>\nO \u201ccomandante\u201d do Clube e outro comandante, o revolucion\u00e1rio cubano Fidel Castro, ser\u00e3o homenageados na festa de encerramento do ano, nesta sexta-feira, dia 16.<br \/>\nO grupo j\u00e1 trabalha na agenda para o ano que vem. Em janeiro, o projeto Outro Som, traz o cantor Esteban Hidalgo, apresentando milongas de Violeta Parra, Ataualpa Yupanqui e outros. O Festival do Livre Olhar, evento de cinema expandido, tamb\u00e9m passa pelo Clube em 2017. A professora de literatura Vera Haas prepara uma palestra sobre as leituras obrigat\u00f3rias do vestibular menos conhecidas. Tania Baumann far\u00e1 um curso de dan\u00e7a voltado para crian\u00e7as e adolescentes. O grupo Acronon, traz o projeto M\u00fasica, cinema e mem\u00f3ria, compondo e executando ao vivo trilhas sonoras em cima de filmes mudos.<br \/>\nN\u00e3o \u00e9 cobrado ingresso para as atividades, mas \u00e9 sugerida uma contribui\u00e7\u00e3o, geralmente em alimentos n\u00e3o perec\u00edveis. Desta forma, em tr\u00eas meses, foram arrecadados mais de 100 kg de alimentos, doados para uma aldeia Mbya Guarani, localizada no munic\u00edpio de Maquin\u00e9.<br \/>\nAl\u00e9m das reuni\u00f5es de diretoria e do conselho, \u00e0s segundas-feiras, \u00e0s 19h30, acontecem os encontros para construir a programa\u00e7\u00e3o.<\/p>\n","protected":false},"excerpt":{"rendered":"<p>Matheus Chaparini O primeiro show profissional do Nei Lisboa foi l\u00e1. De onde tamb\u00e9m saiu um dos primeiros filmes produzidos no Rio Grande do Sul, Vento Norte, de 1951, dirigido por Salom\u00e3o Scliar. Em um dos anivers\u00e1rios, quem cantou foi Elis Regina. Os quadros nas paredes lembram pe\u00e7as de Caio Fernando Abreu. E tudo isso [&hellip;]<\/p>\n","protected":false},"author":4,"featured_media":42453,"comment_status":"open","ping_status":"closed","sticky":false,"template":"","format":"standard","meta":{"_jetpack_newsletter_access":"","_jetpack_dont_email_post_to_subs":false,"_jetpack_newsletter_tier_id":0,"_jetpack_memberships_contains_paywalled_content":false,"_jetpack_feature_clip_id":0,"_jetpack_memberships_contains_paid_content":false,"footnotes":"","jetpack_post_was_ever_published":false},"categories":[26],"tags":[],"class_list":["post-42451","post","type-post","status-publish","format-standard","has-post-thumbnail","hentry","category-geral"],"aioseo_notices":[],"aioseo_head":"\n\t\t<!-- All in One SEO 5.0.1.1 - aioseo.com -->\n\t<meta name=\"robots\" content=\"max-image-preview:large\" \/>\n\t<meta name=\"author\" content=\"da Reda\u00e7\u00e3o\"\/>\n\t<link rel=\"canonical\" href=\"https:\/\/www.jornalja.com.br\/arquivo\/as-novas-caras-do-clube-de-cultura\/\" \/>\n\t<meta name=\"generator\" content=\"All in One SEO (AIOSEO) 5.0.1.1\" \/>\n\t\t<meta property=\"og:locale\" content=\"pt_BR\" \/>\n\t\t<meta property=\"og:site_name\" content=\"Arquivo | Jornal J\u00c1 | Porto Alegre\" \/>\n\t\t<meta property=\"og:type\" content=\"article\" \/>\n\t\t<meta property=\"og:title\" content=\"As novas caras do Clube de Cultura | Arquivo\" \/>\n\t\t<meta property=\"og:url\" content=\"https:\/\/www.jornalja.com.br\/arquivo\/as-novas-caras-do-clube-de-cultura\/\" \/>\n\t\t<meta property=\"og:image\" content=\"https:\/\/www.jornalja.com.br\/wp-content\/uploads\/2016\/12\/IMG-20161216-WA0010.jpg\" \/>\n\t\t<meta property=\"og:image:secure_url\" content=\"https:\/\/www.jornalja.com.br\/wp-content\/uploads\/2016\/12\/IMG-20161216-WA0010.jpg\" \/>\n\t\t<meta property=\"article:published_time\" content=\"2016-12-16T20:49:45+00:00\" \/>\n\t\t<meta property=\"article:modified_time\" content=\"2016-12-16T20:49:45+00:00\" \/>\n\t\t<meta name=\"twitter:card\" content=\"summary\" \/>\n\t\t<meta name=\"twitter:title\" content=\"As novas caras do Clube de Cultura | Arquivo\" \/>\n\t\t<meta name=\"twitter:image\" content=\"https:\/\/www.jornalja.com.br\/economics\/wp-content\/uploads\/sites\/11\/2026\/08\/ja-folhaderosto-facebook.jpg\" \/>\n\t\t<script type=\"application\/ld+json\" class=\"aioseo-schema\">\n\t\t\t{\"@context\":\"https:\\\/\\\/schema.org\",\"@graph\":[{\"@type\":\"BlogPosting\",\"@id\":\"https:\\\/\\\/www.jornalja.com.br\\\/arquivo\\\/as-novas-caras-do-clube-de-cultura\\\/#blogposting\",\"name\":\"As novas caras do Clube de Cultura | Arquivo\",\"headline\":\"As novas caras do Clube de Cultura\",\"author\":{\"@id\":\"https:\\\/\\\/www.jornalja.com.br\\\/arquivo\\\/author\\\/daredacao\\\/#author\"},\"publisher\":{\"@id\":\"https:\\\/\\\/www.jornalja.com.br\\\/arquivo\\\/#organization\"},\"image\":{\"@type\":\"ImageObject\",\"url\":42453},\"datePublished\":\"2016-12-16T17:49:45-02:00\",\"dateModified\":\"2016-12-16T17:49:45-02:00\",\"inLanguage\":\"pt-BR\",\"mainEntityOfPage\":{\"@id\":\"https:\\\/\\\/www.jornalja.com.br\\\/arquivo\\\/as-novas-caras-do-clube-de-cultura\\\/#webpage\"},\"isPartOf\":{\"@id\":\"https:\\\/\\\/www.jornalja.com.br\\\/arquivo\\\/as-novas-caras-do-clube-de-cultura\\\/#webpage\"},\"articleSection\":\"Geral\"},{\"@type\":\"BreadcrumbList\",\"@id\":\"https:\\\/\\\/www.jornalja.com.br\\\/arquivo\\\/as-novas-caras-do-clube-de-cultura\\\/#breadcrumblist\",\"itemListElement\":[{\"@type\":\"ListItem\",\"@id\":\"https:\\\/\\\/www.jornalja.com.br\\\/arquivo#listItem\",\"position\":1,\"name\":\"Home\",\"item\":\"https:\\\/\\\/www.jornalja.com.br\\\/arquivo\",\"nextItem\":{\"@type\":\"ListItem\",\"@id\":\"https:\\\/\\\/www.jornalja.com.br\\\/arquivo\\\/category\\\/geral\\\/#listItem\",\"name\":\"Geral\"}},{\"@type\":\"ListItem\",\"@id\":\"https:\\\/\\\/www.jornalja.com.br\\\/arquivo\\\/category\\\/geral\\\/#listItem\",\"position\":2,\"name\":\"Geral\",\"item\":\"https:\\\/\\\/www.jornalja.com.br\\\/arquivo\\\/category\\\/geral\\\/\",\"nextItem\":{\"@type\":\"ListItem\",\"@id\":\"https:\\\/\\\/www.jornalja.com.br\\\/arquivo\\\/as-novas-caras-do-clube-de-cultura\\\/#listItem\",\"name\":\"As novas caras do Clube de Cultura\"},\"previousItem\":{\"@type\":\"ListItem\",\"@id\":\"https:\\\/\\\/www.jornalja.com.br\\\/arquivo#listItem\",\"name\":\"Home\"}},{\"@type\":\"ListItem\",\"@id\":\"https:\\\/\\\/www.jornalja.com.br\\\/arquivo\\\/as-novas-caras-do-clube-de-cultura\\\/#listItem\",\"position\":3,\"name\":\"As novas caras do Clube de Cultura\",\"previousItem\":{\"@type\":\"ListItem\",\"@id\":\"https:\\\/\\\/www.jornalja.com.br\\\/arquivo\\\/category\\\/geral\\\/#listItem\",\"name\":\"Geral\"}}]},{\"@type\":\"Organization\",\"@id\":\"https:\\\/\\\/www.jornalja.com.br\\\/arquivo\\\/#organization\",\"name\":\"Jornal J\\u00c1\",\"description\":\"Jornal J\\u00c1 | Porto Alegre\",\"url\":\"https:\\\/\\\/www.jornalja.com.br\\\/arquivo\\\/\",\"telephone\":\"+555133307272\",\"logo\":{\"@type\":\"ImageObject\",\"url\":\"https:\\\/\\\/www.jornalja.com.br\\\/wp-content\\\/uploads\\\/cards\\\/JAslogan.png\",\"@id\":\"https:\\\/\\\/www.jornalja.com.br\\\/arquivo\\\/as-novas-caras-do-clube-de-cultura\\\/#organizationLogo\"},\"image\":{\"@id\":\"https:\\\/\\\/www.jornalja.com.br\\\/arquivo\\\/as-novas-caras-do-clube-de-cultura\\\/#organizationLogo\"}},{\"@type\":\"Person\",\"@id\":\"https:\\\/\\\/www.jornalja.com.br\\\/arquivo\\\/author\\\/daredacao\\\/#author\",\"url\":\"https:\\\/\\\/www.jornalja.com.br\\\/arquivo\\\/author\\\/daredacao\\\/\",\"name\":\"da Reda\\u00e7\\u00e3o\",\"image\":{\"@type\":\"ImageObject\",\"@id\":\"https:\\\/\\\/www.jornalja.com.br\\\/arquivo\\\/as-novas-caras-do-clube-de-cultura\\\/#authorImage\",\"url\":\"https:\\\/\\\/secure.gravatar.com\\\/avatar\\\/469fd857d6605ad19919d27ed29d35a968a25f6e8fd9318356bbb7f57aae9c65?s=96&d=mm&r=g\",\"width\":96,\"height\":96,\"caption\":\"da Reda\\u00e7\\u00e3o\"}},{\"@type\":\"WebPage\",\"@id\":\"https:\\\/\\\/www.jornalja.com.br\\\/arquivo\\\/as-novas-caras-do-clube-de-cultura\\\/#webpage\",\"url\":\"https:\\\/\\\/www.jornalja.com.br\\\/arquivo\\\/as-novas-caras-do-clube-de-cultura\\\/\",\"name\":\"As novas caras do Clube de Cultura | Arquivo\",\"inLanguage\":\"pt-BR\",\"isPartOf\":{\"@id\":\"https:\\\/\\\/www.jornalja.com.br\\\/arquivo\\\/#website\"},\"breadcrumb\":{\"@id\":\"https:\\\/\\\/www.jornalja.com.br\\\/arquivo\\\/as-novas-caras-do-clube-de-cultura\\\/#breadcrumblist\"},\"author\":{\"@id\":\"https:\\\/\\\/www.jornalja.com.br\\\/arquivo\\\/author\\\/daredacao\\\/#author\"},\"creator\":{\"@id\":\"https:\\\/\\\/www.jornalja.com.br\\\/arquivo\\\/author\\\/daredacao\\\/#author\"},\"image\":{\"@type\":\"ImageObject\",\"url\":42453,\"@id\":\"https:\\\/\\\/www.jornalja.com.br\\\/arquivo\\\/as-novas-caras-do-clube-de-cultura\\\/#mainImage\"},\"primaryImageOfPage\":{\"@id\":\"https:\\\/\\\/www.jornalja.com.br\\\/arquivo\\\/as-novas-caras-do-clube-de-cultura\\\/#mainImage\"},\"datePublished\":\"2016-12-16T17:49:45-02:00\",\"dateModified\":\"2016-12-16T17:49:45-02:00\"},{\"@type\":\"WebSite\",\"@id\":\"https:\\\/\\\/www.jornalja.com.br\\\/arquivo\\\/#website\",\"url\":\"https:\\\/\\\/www.jornalja.com.br\\\/arquivo\\\/\",\"name\":\"Arquivo\",\"description\":\"Jornal J\\u00c1 | Porto Alegre\",\"inLanguage\":\"pt-BR\",\"publisher\":{\"@id\":\"https:\\\/\\\/www.jornalja.com.br\\\/arquivo\\\/#organization\"}}]}\n\t\t<\/script>\n\t\t<!-- All in One SEO -->\n\n","aioseo_head_json":{"title":"As novas caras do Clube de Cultura | Arquivo","description":"","canonical_url":"https:\/\/www.jornalja.com.br\/arquivo\/as-novas-caras-do-clube-de-cultura\/","robots":"max-image-preview:large","keywords":"","webmasterTools":{"miscellaneous":""},"schema":{"@context":"https:\/\/schema.org","@graph":[{"@type":"BlogPosting","@id":"https:\/\/www.jornalja.com.br\/arquivo\/as-novas-caras-do-clube-de-cultura\/#blogposting","name":"As novas caras do Clube de Cultura | Arquivo","headline":"As novas caras do Clube de Cultura","author":{"@id":"https:\/\/www.jornalja.com.br\/arquivo\/author\/daredacao\/#author"},"publisher":{"@id":"https:\/\/www.jornalja.com.br\/arquivo\/#organization"},"image":{"@type":"ImageObject","url":42453},"datePublished":"2016-12-16T17:49:45-02:00","dateModified":"2016-12-16T17:49:45-02:00","inLanguage":"pt-BR","mainEntityOfPage":{"@id":"https:\/\/www.jornalja.com.br\/arquivo\/as-novas-caras-do-clube-de-cultura\/#webpage"},"isPartOf":{"@id":"https:\/\/www.jornalja.com.br\/arquivo\/as-novas-caras-do-clube-de-cultura\/#webpage"},"articleSection":"Geral"},{"@type":"BreadcrumbList","@id":"https:\/\/www.jornalja.com.br\/arquivo\/as-novas-caras-do-clube-de-cultura\/#breadcrumblist","itemListElement":[{"@type":"ListItem","@id":"https:\/\/www.jornalja.com.br\/arquivo#listItem","position":1,"name":"Home","item":"https:\/\/www.jornalja.com.br\/arquivo","nextItem":{"@type":"ListItem","@id":"https:\/\/www.jornalja.com.br\/arquivo\/category\/geral\/#listItem","name":"Geral"}},{"@type":"ListItem","@id":"https:\/\/www.jornalja.com.br\/arquivo\/category\/geral\/#listItem","position":2,"name":"Geral","item":"https:\/\/www.jornalja.com.br\/arquivo\/category\/geral\/","nextItem":{"@type":"ListItem","@id":"https:\/\/www.jornalja.com.br\/arquivo\/as-novas-caras-do-clube-de-cultura\/#listItem","name":"As novas caras do Clube de Cultura"},"previousItem":{"@type":"ListItem","@id":"https:\/\/www.jornalja.com.br\/arquivo#listItem","name":"Home"}},{"@type":"ListItem","@id":"https:\/\/www.jornalja.com.br\/arquivo\/as-novas-caras-do-clube-de-cultura\/#listItem","position":3,"name":"As novas caras do Clube de Cultura","previousItem":{"@type":"ListItem","@id":"https:\/\/www.jornalja.com.br\/arquivo\/category\/geral\/#listItem","name":"Geral"}}]},{"@type":"Organization","@id":"https:\/\/www.jornalja.com.br\/arquivo\/#organization","name":"Jornal J\u00c1","description":"Jornal J\u00c1 | Porto Alegre","url":"https:\/\/www.jornalja.com.br\/arquivo\/","telephone":"+555133307272","logo":{"@type":"ImageObject","url":"https:\/\/www.jornalja.com.br\/wp-content\/uploads\/cards\/JAslogan.png","@id":"https:\/\/www.jornalja.com.br\/arquivo\/as-novas-caras-do-clube-de-cultura\/#organizationLogo"},"image":{"@id":"https:\/\/www.jornalja.com.br\/arquivo\/as-novas-caras-do-clube-de-cultura\/#organizationLogo"}},{"@type":"Person","@id":"https:\/\/www.jornalja.com.br\/arquivo\/author\/daredacao\/#author","url":"https:\/\/www.jornalja.com.br\/arquivo\/author\/daredacao\/","name":"da Reda\u00e7\u00e3o","image":{"@type":"ImageObject","@id":"https:\/\/www.jornalja.com.br\/arquivo\/as-novas-caras-do-clube-de-cultura\/#authorImage","url":"https:\/\/secure.gravatar.com\/avatar\/469fd857d6605ad19919d27ed29d35a968a25f6e8fd9318356bbb7f57aae9c65?s=96&d=mm&r=g","width":96,"height":96,"caption":"da Reda\u00e7\u00e3o"}},{"@type":"WebPage","@id":"https:\/\/www.jornalja.com.br\/arquivo\/as-novas-caras-do-clube-de-cultura\/#webpage","url":"https:\/\/www.jornalja.com.br\/arquivo\/as-novas-caras-do-clube-de-cultura\/","name":"As novas caras do Clube de Cultura | Arquivo","inLanguage":"pt-BR","isPartOf":{"@id":"https:\/\/www.jornalja.com.br\/arquivo\/#website"},"breadcrumb":{"@id":"https:\/\/www.jornalja.com.br\/arquivo\/as-novas-caras-do-clube-de-cultura\/#breadcrumblist"},"author":{"@id":"https:\/\/www.jornalja.com.br\/arquivo\/author\/daredacao\/#author"},"creator":{"@id":"https:\/\/www.jornalja.com.br\/arquivo\/author\/daredacao\/#author"},"image":{"@type":"ImageObject","url":42453,"@id":"https:\/\/www.jornalja.com.br\/arquivo\/as-novas-caras-do-clube-de-cultura\/#mainImage"},"primaryImageOfPage":{"@id":"https:\/\/www.jornalja.com.br\/arquivo\/as-novas-caras-do-clube-de-cultura\/#mainImage"},"datePublished":"2016-12-16T17:49:45-02:00","dateModified":"2016-12-16T17:49:45-02:00"},{"@type":"WebSite","@id":"https:\/\/www.jornalja.com.br\/arquivo\/#website","url":"https:\/\/www.jornalja.com.br\/arquivo\/","name":"Arquivo","description":"Jornal J\u00c1 | Porto Alegre","inLanguage":"pt-BR","publisher":{"@id":"https:\/\/www.jornalja.com.br\/arquivo\/#organization"}}]},"og:locale":"pt_BR","og:site_name":"Arquivo | Jornal J\u00c1 | Porto Alegre","og:type":"article","og:title":"As novas caras do Clube de Cultura | Arquivo","og:url":"https:\/\/www.jornalja.com.br\/arquivo\/as-novas-caras-do-clube-de-cultura\/","og:image":"https:\/\/www.jornalja.com.br\/wp-content\/uploads\/2016\/12\/IMG-20161216-WA0010.jpg","og:image:secure_url":"https:\/\/www.jornalja.com.br\/wp-content\/uploads\/2016\/12\/IMG-20161216-WA0010.jpg","article:published_time":"2016-12-16T20:49:45+00:00","article:modified_time":"2016-12-16T20:49:45+00:00","twitter:card":"summary","twitter:title":"As novas caras do Clube de Cultura | Arquivo","twitter:image":"https:\/\/www.jornalja.com.br\/economics\/wp-content\/uploads\/sites\/11\/2026\/08\/ja-folhaderosto-facebook.jpg"},"aioseo_meta_data":{"post_id":"42451","title":null,"description":null,"keywords":null,"keyphrases":null,"primary_term":null,"canonical_url":null,"og_title":null,"og_description":null,"og_object_type":"default","og_image_type":"default","og_image_url":null,"og_image_width":null,"og_image_height":null,"og_image_custom_url":null,"og_image_custom_fields":null,"og_video":null,"og_custom_url":null,"og_article_section":null,"og_article_tags":null,"twitter_use_og":false,"twitter_card":"default","twitter_image_type":"default","twitter_image_url":null,"twitter_image_custom_url":null,"twitter_image_custom_fields":null,"twitter_title":null,"twitter_description":null,"schema":{"blockGraphs":[],"customGraphs":[],"default":{"data":{"Article":[],"Course":[],"Dataset":[],"FAQPage":[],"Movie":[],"Person":[],"Product":[],"ProductReview":[],"Car":[],"Recipe":[],"Service":[],"SoftwareApplication":[],"WebPage":[]},"graphName":"","isEnabled":true},"graphs":[],"defaultGraph":"","defaultPostTypeGraph":""},"schema_type":null,"schema_type_options":null,"pillar_content":false,"robots_default":true,"robots_noindex":false,"robots_noarchive":false,"robots_nosnippet":false,"robots_nofollow":false,"robots_noimageindex":false,"robots_noodp":false,"robots_notranslate":false,"robots_max_snippet":null,"robots_max_videopreview":null,"robots_max_imagepreview":"large","priority":null,"frequency":null,"location":null,"local_seo":null,"breadcrumb_settings":null,"limit_modified_date":false,"ai":null,"created":"2020-12-20 20:44:21","updated":"2025-07-19 18:41:23","seo_analyzer_scan_date":null,"focus_keyword":null,"additional_keywords":null,"truseo_locale":null},"jetpack_sharing_enabled":true,"jetpack-related-posts":[{"id":14241,"url":"https:\/\/www.jornalja.com.br\/arquivo\/o-guaiba-nas-imagens-poeticas-de-achutti\/","url_meta":{"origin":42451,"position":0},"title":"O Gua\u00edba nas imagens po\u00e9ticas de Achutti","author":"da Reda\u00e7\u00e3o","date":"18 de junho de 2014","format":false,"excerpt":"Em \u201cO Gua\u00edba por Achutti\u201d \u2013 obra financiada via Minist\u00e9rio da Cultura, produ\u00e7\u00e3o executiva de Pedro Longhi, e Fl\u00e1vio Wild como designer \u2013, o fot\u00f3grafo revela a beleza e as mazelas de um espa\u00e7o aqu\u00e1tico de \u00e1guas sempre renovadas, cheio de hist\u00f3rias e lendas como as das cidades que foram\u2026","rel":"","context":"Em &quot;Cultura-Geral&quot;","block_context":{"text":"Cultura-Geral","link":"https:\/\/www.jornalja.com.br\/arquivo\/category\/materiasecundaria\/"},"img":{"alt_text":"","src":"","width":0,"height":0},"classes":[]},{"id":13240,"url":"https:\/\/www.jornalja.com.br\/arquivo\/plano-diretor-estamos-construindo-o-caos\/","url_meta":{"origin":42451,"position":1},"title":"Plano diretor: &quot;Estamos construindo o caos&quot;","author":"Patr\u00edcia Marini","date":"26 de maio de 2014","format":false,"excerpt":"Desabafo que arquiteta Eliana Castilhos, delegada da Regi\u00e3o de Planejamento 1, postou nas redes sociais \u00e9 um testemunho do ambiente que se criou no Conselho do Plano Diretor de Porto Alegre, onde a aprova\u00e7\u00e3o de grandes empreendimentos \u00e9 empurrada guela abaixo dos conselheiros. Ao CMDUA Como delegada da Regi\u00e3o de\u2026","rel":"","context":"Em &quot;Geral&quot;","block_context":{"text":"Geral","link":"https:\/\/www.jornalja.com.br\/arquivo\/category\/geral\/"},"img":{"alt_text":"","src":"","width":0,"height":0},"classes":[]},{"id":13124,"url":"https:\/\/www.jornalja.com.br\/arquivo\/sangue-latino-no-iecine\/","url_meta":{"origin":42451,"position":2},"title":"Sangue latino no IECINE","author":"da Reda\u00e7\u00e3o","date":"18 de maio de 2014","format":false,"excerpt":"Francisco Ribeiro O Instituto Estadual de Cinema (IECINE) tem a frente, desde abril \u00faltimo, um novo diretor, o cineasta colombiano Juan Zapata, 36, que substitui Luiz Alberto Cassol. Radicado h\u00e1 dez anos em Porto Alegre, Zapata tem diante de si o desafio de conduzir at\u00e9 o final do ano um\u2026","rel":"","context":"Em &quot;Cultura-Geral&quot;","block_context":{"text":"Cultura-Geral","link":"https:\/\/www.jornalja.com.br\/arquivo\/category\/materiasecundaria\/"},"img":{"alt_text":"","src":"","width":0,"height":0},"classes":[]},{"id":13101,"url":"https:\/\/www.jornalja.com.br\/arquivo\/morre-um-guerreiro-do-texto\/","url_meta":{"origin":42451,"position":3},"title":"Morre um guerreiro do texto","author":"Patr\u00edcia Marini","date":"14 de maio de 2014","format":false,"excerpt":"Por Ricardo Kotscho Reproduzido do blog do autor, 11\/5\/2014; t\u00edtulo original \u201cE l\u00e1 se foi o nosso Myltainho, guerreiro do texto\u201d. Mi\u00fado e franzino, meu amigo Myltainho era um valente e inconformado guerreiro na luta contra as injusti\u00e7as sociais, a hipocrisia, as maracutaias, o autoritarismo, a intoler\u00e2ncia, a viol\u00eancia, o\u2026","rel":"","context":"Em &quot;Geral&quot;","block_context":{"text":"Geral","link":"https:\/\/www.jornalja.com.br\/arquivo\/category\/geral\/"},"img":{"alt_text":"","src":"","width":0,"height":0},"classes":[]},{"id":5440,"url":"https:\/\/www.jornalja.com.br\/arquivo\/casarao-da-venancio-destino-permanece-incerto\/","url_meta":{"origin":42451,"position":4},"title":"Estado ainda n\u00e3o sabe o que fazer com casar\u00e3o abandonado h\u00e1 20 anos","author":"Elmar Bones","date":"6 de julho de 2009","format":false,"excerpt":"O casar\u00e3o amarelo, numa esquina nobre de Porto Alegre (Ven\u00e2ncio Aires com Jo\u00e3o Pessoa), j\u00e1 abrigou uma escola. H\u00e1 duas d\u00e9cadas, pelo menos, est\u00e1 abandonado, porque seu propriet\u00e1rio, o governo do Estado do Rio Grande do Sul, n\u00e3o consegue achar um destino para ele. Planos n\u00e3o faltaram. O governador Ol\u00edvio\u2026","rel":"","context":"Em &quot;X.Categorias velhas&quot;","block_context":{"text":"X.Categorias velhas","link":"https:\/\/www.jornalja.com.br\/arquivo\/category\/x-categorias-velhas\/"},"img":{"alt_text":"geraldo1","src":"https:\/\/i0.wp.com\/www.jornalja.com.br\/wp-content\/uploads\/2009\/07\/geraldo1.jpg?resize=350%2C200&ssl=1","width":350,"height":200},"classes":[]},{"id":13128,"url":"https:\/\/www.jornalja.com.br\/arquivo\/maconha-terra-diz-que-uso-medicinal-e-desculpa\/","url_meta":{"origin":42451,"position":5},"title":"Maconha: Terra diz que uso medicinal \u00e9 desculpa","author":"Patr\u00edcia Marini","date":"4 de junho de 2014","format":false,"excerpt":"A condi\u00e7\u00e3o de pol\u00edtico, em \u00e9poca de campanha de campanha eleitoral, tira for\u00e7a do discurso do m\u00e9dico Osmar Terra contra a legaliza\u00e7\u00e3o da maconha. A tese dele de que a libera\u00e7\u00e3o vai ampliar exponencialmente o consumo \u00e9 discutivel, o consumo \u00e9 corrente. Mas seus alertas quanto aos riscos tem que\u2026","rel":"","context":"Em &quot;X.Categorias velhas&quot;","block_context":{"text":"X.Categorias velhas","link":"https:\/\/www.jornalja.com.br\/arquivo\/category\/x-categorias-velhas\/"},"img":{"alt_text":"","src":"","width":0,"height":0},"classes":[]}],"jetpack_shortlink":"https:\/\/wp.me\/pbQjBd-b2H","jetpack_featured_media_url":"","_links":{"self":[{"href":"https:\/\/www.jornalja.com.br\/arquivo\/wp-json\/wp\/v2\/posts\/42451","targetHints":{"allow":["GET"]}}],"collection":[{"href":"https:\/\/www.jornalja.com.br\/arquivo\/wp-json\/wp\/v2\/posts"}],"about":[{"href":"https:\/\/www.jornalja.com.br\/arquivo\/wp-json\/wp\/v2\/types\/post"}],"author":[{"embeddable":true,"href":"https:\/\/www.jornalja.com.br\/arquivo\/wp-json\/wp\/v2\/users\/4"}],"replies":[{"embeddable":true,"href":"https:\/\/www.jornalja.com.br\/arquivo\/wp-json\/wp\/v2\/comments?post=42451"}],"version-history":[{"count":0,"href":"https:\/\/www.jornalja.com.br\/arquivo\/wp-json\/wp\/v2\/posts\/42451\/revisions"}],"wp:attachment":[{"href":"https:\/\/www.jornalja.com.br\/arquivo\/wp-json\/wp\/v2\/media?parent=42451"}],"wp:term":[{"taxonomy":"category","embeddable":true,"href":"https:\/\/www.jornalja.com.br\/arquivo\/wp-json\/wp\/v2\/categories?post=42451"},{"taxonomy":"post_tag","embeddable":true,"href":"https:\/\/www.jornalja.com.br\/arquivo\/wp-json\/wp\/v2\/tags?post=42451"}],"curies":[{"name":"wp","href":"https:\/\/api.w.org\/{rel}","templated":true}]}}