{"id":42475,"date":"2016-12-17T13:11:32","date_gmt":"2016-12-17T16:11:32","guid":{"rendered":"https:\/\/www.jornalja.com.br\/?p=42475"},"modified":"2016-12-17T13:11:32","modified_gmt":"2016-12-17T16:11:32","slug":"cd-queijo-com-goiabada-sera-lancado-no-ocidente-bar","status":"publish","type":"post","link":"https:\/\/www.jornalja.com.br\/arquivo\/cd-queijo-com-goiabada-sera-lancado-no-ocidente-bar\/","title":{"rendered":"CD Queijo com Goiabada ser\u00e1 lan\u00e7ado no Ocidente Bar"},"content":{"rendered":"<p>&nbsp;<br \/>\nM\u00fasica brasileira, composi\u00e7\u00f5es autorais, um viol\u00e3o rico e muito bem executado e a presen\u00e7a c\u00eanica deslumbrante de um dos nossos grandes atores. Esse \u00e9 o espet\u00e1culo <em>Queijo com Goiabada<\/em>, agraciado com o Fumproarte, pr\u00eamio da Prefeitura Municipal de Porto Alegre, para a confec\u00e7\u00e3o de um disco hom\u00f4nimo, que ter\u00e1 lan\u00e7amento dia 19 de dezembro no Ocidente Bar.<br \/>\nDesenvolvido pelo cantor, compositor, violonista e psic\u00f3logo ga\u00facho Alexandre Missel a partir do show constru\u00eddo em parceria com o cantor, ator e compositor Ant\u00f4nio Carlos Falc\u00e3o, desde 2011, o disco e o show trazem uma mistura de ritmos como sambas, baladas, jazz e marchinhas. Adocicado e levemente amargo, feito alegria e nostalgia.<br \/>\nAtor, cantor, compositor, trabalhando na \u00e1rea art\u00edstica da capital ga\u00facha desde 1978, Ant\u00f4nio Carlos Falc\u00e3o teve sua estreia na m\u00fasica no disco \u201cSonho Solto\u201d, de L\u00e9o Ferlauto, que marcou toda uma gera\u00e7\u00e3o nos anos 80. Da viv\u00eancia do palco veio a cria\u00e7\u00e3o do seu personagem mais emblem\u00e1tico, que transita h\u00e1 mais de 30 anos pelos palcos do sul do Brasil: \u201cA doce Barbara Maria Bethania\u201d, com\u00e9dia musical inspirada na famosa cantora que provoca risos e emo\u00e7\u00f5es nas plateias. Inquieto, Falc\u00e3o quer provar de tudo um pouco e se aventura como cantor e compositor, atua nos palcos e tamb\u00e9m no cinema.<br \/>\nAlexandre \u00e9 um m\u00fasico que faz trilhas sonoras, participa de shows e recebe pr\u00eamios: foi o vencedor do 9\u00ba Festival de m\u00fasica de Porto Alegre em 2006. <em>Queijo com Goiabada<\/em> \u00e9 seu quarto disco. O primeiro, \u201cSublimantes\u201d, lan\u00e7ou informalmente com uma banda da faculdade de psicologia da UFRGS, onde se formou; depois vieram o segundo, com a Banda Missel\u00e2nia K, e o terceiro, com o grupo Entretantos, ao lado de Caio Martinez, Rodolfo Bitencout e Moreno Moraes.<br \/>\nO show do dia 19 reserva muitas surpresas, participa\u00e7\u00f5es especiais e um repert\u00f3rio de boas m\u00fasicas. No palco, acompanhando Missel (voz, viol\u00e3o e guitarra) e Falc\u00e3o (voz), estar\u00e3o os m\u00fasicos \u00c1tila Viana (baixo), Giovani Barbieri (teclado) e Bruno Coelho (percuss\u00e3o). Vale conferir essa iguaria!!!!<br \/>\n<strong>Queijo com Goiabada \u2013 show de lan\u00e7amento do disco<\/strong><br \/>\nDia 19 de dezembro, \u00e0s 21h<br \/>\nBar Ocidente \u2013 Av. Osvaldo Aranha, 960 \u2013 Bom Fim<br \/>\n<strong>Entrada franca<\/strong><\/p>\n","protected":false},"excerpt":{"rendered":"<p>&nbsp; M\u00fasica brasileira, composi\u00e7\u00f5es autorais, um viol\u00e3o rico e muito bem executado e a presen\u00e7a c\u00eanica deslumbrante de um dos nossos grandes atores. Esse \u00e9 o espet\u00e1culo Queijo com Goiabada, agraciado com o Fumproarte, pr\u00eamio da Prefeitura Municipal de Porto Alegre, para a confec\u00e7\u00e3o de um disco hom\u00f4nimo, que ter\u00e1 lan\u00e7amento dia 19 de dezembro [&hellip;]<\/p>\n","protected":false},"author":4,"featured_media":42476,"comment_status":"open","ping_status":"closed","sticky":false,"template":"","format":"standard","meta":{"_jetpack_newsletter_access":"","_jetpack_dont_email_post_to_subs":false,"_jetpack_newsletter_tier_id":0,"_jetpack_memberships_contains_paywalled_content":false,"_jetpack_feature_clip_id":0,"_jetpack_memberships_contains_paid_content":false,"footnotes":"","jetpack_post_was_ever_published":false},"categories":[26],"tags":[],"class_list":["post-42475","post","type-post","status-publish","format-standard","has-post-thumbnail","hentry","category-geral"],"aioseo_notices":[],"aioseo_head":"\n\t\t<!-- All in One SEO 5.0.1.1 - aioseo.com -->\n\t<meta name=\"robots\" content=\"max-image-preview:large\" \/>\n\t<meta name=\"author\" content=\"da Reda\u00e7\u00e3o\"\/>\n\t<link rel=\"canonical\" href=\"https:\/\/www.jornalja.com.br\/arquivo\/cd-queijo-com-goiabada-sera-lancado-no-ocidente-bar\/\" \/>\n\t<meta name=\"generator\" content=\"All in One SEO (AIOSEO) 5.0.1.1\" \/>\n\t\t<meta property=\"og:locale\" content=\"pt_BR\" \/>\n\t\t<meta property=\"og:site_name\" content=\"Arquivo | Jornal J\u00c1 | Porto Alegre\" \/>\n\t\t<meta property=\"og:type\" content=\"article\" \/>\n\t\t<meta property=\"og:title\" content=\"CD Queijo com Goiabada ser\u00e1 lan\u00e7ado no Ocidente Bar | Arquivo\" \/>\n\t\t<meta property=\"og:url\" content=\"https:\/\/www.jornalja.com.br\/arquivo\/cd-queijo-com-goiabada-sera-lancado-no-ocidente-bar\/\" \/>\n\t\t<meta property=\"og:image\" content=\"https:\/\/www.jornalja.com.br\/economics\/wp-content\/uploads\/sites\/11\/2026\/08\/ja-folhaderosto-facebook.jpg\" \/>\n\t\t<meta property=\"og:image:secure_url\" content=\"https:\/\/www.jornalja.com.br\/economics\/wp-content\/uploads\/sites\/11\/2026\/08\/ja-folhaderosto-facebook.jpg\" \/>\n\t\t<meta property=\"article:published_time\" content=\"2016-12-17T16:11:32+00:00\" \/>\n\t\t<meta property=\"article:modified_time\" content=\"2016-12-17T16:11:32+00:00\" \/>\n\t\t<meta name=\"twitter:card\" content=\"summary\" \/>\n\t\t<meta name=\"twitter:title\" content=\"CD Queijo com Goiabada ser\u00e1 lan\u00e7ado no Ocidente Bar | Arquivo\" \/>\n\t\t<meta name=\"twitter:image\" content=\"https:\/\/www.jornalja.com.br\/economics\/wp-content\/uploads\/sites\/11\/2026\/08\/ja-folhaderosto-facebook.jpg\" \/>\n\t\t<script type=\"application\/ld+json\" class=\"aioseo-schema\">\n\t\t\t{\"@context\":\"https:\\\/\\\/schema.org\",\"@graph\":[{\"@type\":\"BlogPosting\",\"@id\":\"https:\\\/\\\/www.jornalja.com.br\\\/arquivo\\\/cd-queijo-com-goiabada-sera-lancado-no-ocidente-bar\\\/#blogposting\",\"name\":\"CD Queijo com Goiabada ser\\u00e1 lan\\u00e7ado no Ocidente Bar | Arquivo\",\"headline\":\"CD Queijo com Goiabada ser\\u00e1 lan\\u00e7ado no Ocidente Bar\",\"author\":{\"@id\":\"https:\\\/\\\/www.jornalja.com.br\\\/arquivo\\\/author\\\/daredacao\\\/#author\"},\"publisher\":{\"@id\":\"https:\\\/\\\/www.jornalja.com.br\\\/arquivo\\\/#organization\"},\"image\":{\"@type\":\"ImageObject\",\"url\":42476},\"datePublished\":\"2016-12-17T13:11:32-02:00\",\"dateModified\":\"2016-12-17T13:11:32-02:00\",\"inLanguage\":\"pt-BR\",\"mainEntityOfPage\":{\"@id\":\"https:\\\/\\\/www.jornalja.com.br\\\/arquivo\\\/cd-queijo-com-goiabada-sera-lancado-no-ocidente-bar\\\/#webpage\"},\"isPartOf\":{\"@id\":\"https:\\\/\\\/www.jornalja.com.br\\\/arquivo\\\/cd-queijo-com-goiabada-sera-lancado-no-ocidente-bar\\\/#webpage\"},\"articleSection\":\"Geral\"},{\"@type\":\"BreadcrumbList\",\"@id\":\"https:\\\/\\\/www.jornalja.com.br\\\/arquivo\\\/cd-queijo-com-goiabada-sera-lancado-no-ocidente-bar\\\/#breadcrumblist\",\"itemListElement\":[{\"@type\":\"ListItem\",\"@id\":\"https:\\\/\\\/www.jornalja.com.br\\\/arquivo#listItem\",\"position\":1,\"name\":\"Home\",\"item\":\"https:\\\/\\\/www.jornalja.com.br\\\/arquivo\",\"nextItem\":{\"@type\":\"ListItem\",\"@id\":\"https:\\\/\\\/www.jornalja.com.br\\\/arquivo\\\/category\\\/geral\\\/#listItem\",\"name\":\"Geral\"}},{\"@type\":\"ListItem\",\"@id\":\"https:\\\/\\\/www.jornalja.com.br\\\/arquivo\\\/category\\\/geral\\\/#listItem\",\"position\":2,\"name\":\"Geral\",\"item\":\"https:\\\/\\\/www.jornalja.com.br\\\/arquivo\\\/category\\\/geral\\\/\",\"nextItem\":{\"@type\":\"ListItem\",\"@id\":\"https:\\\/\\\/www.jornalja.com.br\\\/arquivo\\\/cd-queijo-com-goiabada-sera-lancado-no-ocidente-bar\\\/#listItem\",\"name\":\"CD Queijo com Goiabada ser\\u00e1 lan\\u00e7ado no Ocidente Bar\"},\"previousItem\":{\"@type\":\"ListItem\",\"@id\":\"https:\\\/\\\/www.jornalja.com.br\\\/arquivo#listItem\",\"name\":\"Home\"}},{\"@type\":\"ListItem\",\"@id\":\"https:\\\/\\\/www.jornalja.com.br\\\/arquivo\\\/cd-queijo-com-goiabada-sera-lancado-no-ocidente-bar\\\/#listItem\",\"position\":3,\"name\":\"CD Queijo com Goiabada ser\\u00e1 lan\\u00e7ado no Ocidente Bar\",\"previousItem\":{\"@type\":\"ListItem\",\"@id\":\"https:\\\/\\\/www.jornalja.com.br\\\/arquivo\\\/category\\\/geral\\\/#listItem\",\"name\":\"Geral\"}}]},{\"@type\":\"Organization\",\"@id\":\"https:\\\/\\\/www.jornalja.com.br\\\/arquivo\\\/#organization\",\"name\":\"Jornal J\\u00c1\",\"description\":\"Jornal J\\u00c1 | Porto Alegre\",\"url\":\"https:\\\/\\\/www.jornalja.com.br\\\/arquivo\\\/\",\"telephone\":\"+555133307272\",\"logo\":{\"@type\":\"ImageObject\",\"url\":\"https:\\\/\\\/www.jornalja.com.br\\\/wp-content\\\/uploads\\\/cards\\\/JAslogan.png\",\"@id\":\"https:\\\/\\\/www.jornalja.com.br\\\/arquivo\\\/cd-queijo-com-goiabada-sera-lancado-no-ocidente-bar\\\/#organizationLogo\"},\"image\":{\"@id\":\"https:\\\/\\\/www.jornalja.com.br\\\/arquivo\\\/cd-queijo-com-goiabada-sera-lancado-no-ocidente-bar\\\/#organizationLogo\"}},{\"@type\":\"Person\",\"@id\":\"https:\\\/\\\/www.jornalja.com.br\\\/arquivo\\\/author\\\/daredacao\\\/#author\",\"url\":\"https:\\\/\\\/www.jornalja.com.br\\\/arquivo\\\/author\\\/daredacao\\\/\",\"name\":\"da Reda\\u00e7\\u00e3o\",\"image\":{\"@type\":\"ImageObject\",\"@id\":\"https:\\\/\\\/www.jornalja.com.br\\\/arquivo\\\/cd-queijo-com-goiabada-sera-lancado-no-ocidente-bar\\\/#authorImage\",\"url\":\"https:\\\/\\\/secure.gravatar.com\\\/avatar\\\/469fd857d6605ad19919d27ed29d35a968a25f6e8fd9318356bbb7f57aae9c65?s=96&d=mm&r=g\",\"width\":96,\"height\":96,\"caption\":\"da Reda\\u00e7\\u00e3o\"}},{\"@type\":\"WebPage\",\"@id\":\"https:\\\/\\\/www.jornalja.com.br\\\/arquivo\\\/cd-queijo-com-goiabada-sera-lancado-no-ocidente-bar\\\/#webpage\",\"url\":\"https:\\\/\\\/www.jornalja.com.br\\\/arquivo\\\/cd-queijo-com-goiabada-sera-lancado-no-ocidente-bar\\\/\",\"name\":\"CD Queijo com Goiabada ser\\u00e1 lan\\u00e7ado no Ocidente Bar | Arquivo\",\"inLanguage\":\"pt-BR\",\"isPartOf\":{\"@id\":\"https:\\\/\\\/www.jornalja.com.br\\\/arquivo\\\/#website\"},\"breadcrumb\":{\"@id\":\"https:\\\/\\\/www.jornalja.com.br\\\/arquivo\\\/cd-queijo-com-goiabada-sera-lancado-no-ocidente-bar\\\/#breadcrumblist\"},\"author\":{\"@id\":\"https:\\\/\\\/www.jornalja.com.br\\\/arquivo\\\/author\\\/daredacao\\\/#author\"},\"creator\":{\"@id\":\"https:\\\/\\\/www.jornalja.com.br\\\/arquivo\\\/author\\\/daredacao\\\/#author\"},\"image\":{\"@type\":\"ImageObject\",\"url\":42476,\"@id\":\"https:\\\/\\\/www.jornalja.com.br\\\/arquivo\\\/cd-queijo-com-goiabada-sera-lancado-no-ocidente-bar\\\/#mainImage\"},\"primaryImageOfPage\":{\"@id\":\"https:\\\/\\\/www.jornalja.com.br\\\/arquivo\\\/cd-queijo-com-goiabada-sera-lancado-no-ocidente-bar\\\/#mainImage\"},\"datePublished\":\"2016-12-17T13:11:32-02:00\",\"dateModified\":\"2016-12-17T13:11:32-02:00\"},{\"@type\":\"WebSite\",\"@id\":\"https:\\\/\\\/www.jornalja.com.br\\\/arquivo\\\/#website\",\"url\":\"https:\\\/\\\/www.jornalja.com.br\\\/arquivo\\\/\",\"name\":\"Arquivo\",\"description\":\"Jornal J\\u00c1 | Porto Alegre\",\"inLanguage\":\"pt-BR\",\"publisher\":{\"@id\":\"https:\\\/\\\/www.jornalja.com.br\\\/arquivo\\\/#organization\"}}]}\n\t\t<\/script>\n\t\t<!-- All in One SEO -->\n\n","aioseo_head_json":{"title":"CD Queijo com Goiabada ser\u00e1 lan\u00e7ado no Ocidente Bar | Arquivo","description":"","canonical_url":"https:\/\/www.jornalja.com.br\/arquivo\/cd-queijo-com-goiabada-sera-lancado-no-ocidente-bar\/","robots":"max-image-preview:large","keywords":"","webmasterTools":{"miscellaneous":""},"schema":{"@context":"https:\/\/schema.org","@graph":[{"@type":"BlogPosting","@id":"https:\/\/www.jornalja.com.br\/arquivo\/cd-queijo-com-goiabada-sera-lancado-no-ocidente-bar\/#blogposting","name":"CD Queijo com Goiabada ser\u00e1 lan\u00e7ado no Ocidente Bar | Arquivo","headline":"CD Queijo com Goiabada ser\u00e1 lan\u00e7ado no Ocidente Bar","author":{"@id":"https:\/\/www.jornalja.com.br\/arquivo\/author\/daredacao\/#author"},"publisher":{"@id":"https:\/\/www.jornalja.com.br\/arquivo\/#organization"},"image":{"@type":"ImageObject","url":42476},"datePublished":"2016-12-17T13:11:32-02:00","dateModified":"2016-12-17T13:11:32-02:00","inLanguage":"pt-BR","mainEntityOfPage":{"@id":"https:\/\/www.jornalja.com.br\/arquivo\/cd-queijo-com-goiabada-sera-lancado-no-ocidente-bar\/#webpage"},"isPartOf":{"@id":"https:\/\/www.jornalja.com.br\/arquivo\/cd-queijo-com-goiabada-sera-lancado-no-ocidente-bar\/#webpage"},"articleSection":"Geral"},{"@type":"BreadcrumbList","@id":"https:\/\/www.jornalja.com.br\/arquivo\/cd-queijo-com-goiabada-sera-lancado-no-ocidente-bar\/#breadcrumblist","itemListElement":[{"@type":"ListItem","@id":"https:\/\/www.jornalja.com.br\/arquivo#listItem","position":1,"name":"Home","item":"https:\/\/www.jornalja.com.br\/arquivo","nextItem":{"@type":"ListItem","@id":"https:\/\/www.jornalja.com.br\/arquivo\/category\/geral\/#listItem","name":"Geral"}},{"@type":"ListItem","@id":"https:\/\/www.jornalja.com.br\/arquivo\/category\/geral\/#listItem","position":2,"name":"Geral","item":"https:\/\/www.jornalja.com.br\/arquivo\/category\/geral\/","nextItem":{"@type":"ListItem","@id":"https:\/\/www.jornalja.com.br\/arquivo\/cd-queijo-com-goiabada-sera-lancado-no-ocidente-bar\/#listItem","name":"CD Queijo com Goiabada ser\u00e1 lan\u00e7ado no Ocidente Bar"},"previousItem":{"@type":"ListItem","@id":"https:\/\/www.jornalja.com.br\/arquivo#listItem","name":"Home"}},{"@type":"ListItem","@id":"https:\/\/www.jornalja.com.br\/arquivo\/cd-queijo-com-goiabada-sera-lancado-no-ocidente-bar\/#listItem","position":3,"name":"CD Queijo com Goiabada ser\u00e1 lan\u00e7ado no Ocidente Bar","previousItem":{"@type":"ListItem","@id":"https:\/\/www.jornalja.com.br\/arquivo\/category\/geral\/#listItem","name":"Geral"}}]},{"@type":"Organization","@id":"https:\/\/www.jornalja.com.br\/arquivo\/#organization","name":"Jornal J\u00c1","description":"Jornal J\u00c1 | Porto Alegre","url":"https:\/\/www.jornalja.com.br\/arquivo\/","telephone":"+555133307272","logo":{"@type":"ImageObject","url":"https:\/\/www.jornalja.com.br\/wp-content\/uploads\/cards\/JAslogan.png","@id":"https:\/\/www.jornalja.com.br\/arquivo\/cd-queijo-com-goiabada-sera-lancado-no-ocidente-bar\/#organizationLogo"},"image":{"@id":"https:\/\/www.jornalja.com.br\/arquivo\/cd-queijo-com-goiabada-sera-lancado-no-ocidente-bar\/#organizationLogo"}},{"@type":"Person","@id":"https:\/\/www.jornalja.com.br\/arquivo\/author\/daredacao\/#author","url":"https:\/\/www.jornalja.com.br\/arquivo\/author\/daredacao\/","name":"da Reda\u00e7\u00e3o","image":{"@type":"ImageObject","@id":"https:\/\/www.jornalja.com.br\/arquivo\/cd-queijo-com-goiabada-sera-lancado-no-ocidente-bar\/#authorImage","url":"https:\/\/secure.gravatar.com\/avatar\/469fd857d6605ad19919d27ed29d35a968a25f6e8fd9318356bbb7f57aae9c65?s=96&d=mm&r=g","width":96,"height":96,"caption":"da Reda\u00e7\u00e3o"}},{"@type":"WebPage","@id":"https:\/\/www.jornalja.com.br\/arquivo\/cd-queijo-com-goiabada-sera-lancado-no-ocidente-bar\/#webpage","url":"https:\/\/www.jornalja.com.br\/arquivo\/cd-queijo-com-goiabada-sera-lancado-no-ocidente-bar\/","name":"CD Queijo com Goiabada ser\u00e1 lan\u00e7ado no Ocidente Bar | Arquivo","inLanguage":"pt-BR","isPartOf":{"@id":"https:\/\/www.jornalja.com.br\/arquivo\/#website"},"breadcrumb":{"@id":"https:\/\/www.jornalja.com.br\/arquivo\/cd-queijo-com-goiabada-sera-lancado-no-ocidente-bar\/#breadcrumblist"},"author":{"@id":"https:\/\/www.jornalja.com.br\/arquivo\/author\/daredacao\/#author"},"creator":{"@id":"https:\/\/www.jornalja.com.br\/arquivo\/author\/daredacao\/#author"},"image":{"@type":"ImageObject","url":42476,"@id":"https:\/\/www.jornalja.com.br\/arquivo\/cd-queijo-com-goiabada-sera-lancado-no-ocidente-bar\/#mainImage"},"primaryImageOfPage":{"@id":"https:\/\/www.jornalja.com.br\/arquivo\/cd-queijo-com-goiabada-sera-lancado-no-ocidente-bar\/#mainImage"},"datePublished":"2016-12-17T13:11:32-02:00","dateModified":"2016-12-17T13:11:32-02:00"},{"@type":"WebSite","@id":"https:\/\/www.jornalja.com.br\/arquivo\/#website","url":"https:\/\/www.jornalja.com.br\/arquivo\/","name":"Arquivo","description":"Jornal J\u00c1 | Porto Alegre","inLanguage":"pt-BR","publisher":{"@id":"https:\/\/www.jornalja.com.br\/arquivo\/#organization"}}]},"og:locale":"pt_BR","og:site_name":"Arquivo | Jornal J\u00c1 | Porto Alegre","og:type":"article","og:title":"CD Queijo com Goiabada ser\u00e1 lan\u00e7ado no Ocidente Bar | Arquivo","og:url":"https:\/\/www.jornalja.com.br\/arquivo\/cd-queijo-com-goiabada-sera-lancado-no-ocidente-bar\/","og:image":"https:\/\/www.jornalja.com.br\/economics\/wp-content\/uploads\/sites\/11\/2026\/08\/ja-folhaderosto-facebook.jpg","og:image:secure_url":"https:\/\/www.jornalja.com.br\/economics\/wp-content\/uploads\/sites\/11\/2026\/08\/ja-folhaderosto-facebook.jpg","article:published_time":"2016-12-17T16:11:32+00:00","article:modified_time":"2016-12-17T16:11:32+00:00","twitter:card":"summary","twitter:title":"CD Queijo com Goiabada ser\u00e1 lan\u00e7ado no Ocidente Bar | Arquivo","twitter:image":"https:\/\/www.jornalja.com.br\/economics\/wp-content\/uploads\/sites\/11\/2026\/08\/ja-folhaderosto-facebook.jpg"},"aioseo_meta_data":{"post_id":"42475","title":null,"description":null,"keywords":null,"keyphrases":null,"primary_term":null,"canonical_url":null,"og_title":null,"og_description":null,"og_object_type":"default","og_image_type":"default","og_image_url":null,"og_image_width":null,"og_image_height":null,"og_image_custom_url":null,"og_image_custom_fields":null,"og_video":null,"og_custom_url":null,"og_article_section":null,"og_article_tags":null,"twitter_use_og":false,"twitter_card":"default","twitter_image_type":"default","twitter_image_url":null,"twitter_image_custom_url":null,"twitter_image_custom_fields":null,"twitter_title":null,"twitter_description":null,"schema":{"blockGraphs":[],"customGraphs":[],"default":{"data":{"Article":[],"Course":[],"Dataset":[],"FAQPage":[],"Movie":[],"Person":[],"Product":[],"ProductReview":[],"Car":[],"Recipe":[],"Service":[],"SoftwareApplication":[],"WebPage":[]},"graphName":"","isEnabled":true},"graphs":[],"defaultGraph":"","defaultPostTypeGraph":""},"schema_type":null,"schema_type_options":null,"pillar_content":false,"robots_default":true,"robots_noindex":false,"robots_noarchive":false,"robots_nosnippet":false,"robots_nofollow":false,"robots_noimageindex":false,"robots_noodp":false,"robots_notranslate":false,"robots_max_snippet":null,"robots_max_videopreview":null,"robots_max_imagepreview":"large","priority":null,"frequency":null,"location":null,"local_seo":null,"breadcrumb_settings":null,"limit_modified_date":false,"ai":null,"created":"2020-12-20 20:44:21","updated":"2025-07-19 18:46:52","seo_analyzer_scan_date":null,"focus_keyword":null,"additional_keywords":null,"truseo_locale":null},"jetpack_sharing_enabled":true,"jetpack-related-posts":[{"id":13124,"url":"https:\/\/www.jornalja.com.br\/arquivo\/sangue-latino-no-iecine\/","url_meta":{"origin":42475,"position":0},"title":"Sangue latino no IECINE","author":"da Reda\u00e7\u00e3o","date":"18 de maio de 2014","format":false,"excerpt":"Francisco Ribeiro O Instituto Estadual de Cinema (IECINE) tem a frente, desde abril \u00faltimo, um novo diretor, o cineasta colombiano Juan Zapata, 36, que substitui Luiz Alberto Cassol. Radicado h\u00e1 dez anos em Porto Alegre, Zapata tem diante de si o desafio de conduzir at\u00e9 o final do ano um\u2026","rel":"","context":"Em &quot;Cultura-Geral&quot;","block_context":{"text":"Cultura-Geral","link":"https:\/\/www.jornalja.com.br\/arquivo\/category\/materiasecundaria\/"},"img":{"alt_text":"","src":"","width":0,"height":0},"classes":[]}],"jetpack_shortlink":"https:\/\/wp.me\/pbQjBd-b35","jetpack_featured_media_url":"","_links":{"self":[{"href":"https:\/\/www.jornalja.com.br\/arquivo\/wp-json\/wp\/v2\/posts\/42475","targetHints":{"allow":["GET"]}}],"collection":[{"href":"https:\/\/www.jornalja.com.br\/arquivo\/wp-json\/wp\/v2\/posts"}],"about":[{"href":"https:\/\/www.jornalja.com.br\/arquivo\/wp-json\/wp\/v2\/types\/post"}],"author":[{"embeddable":true,"href":"https:\/\/www.jornalja.com.br\/arquivo\/wp-json\/wp\/v2\/users\/4"}],"replies":[{"embeddable":true,"href":"https:\/\/www.jornalja.com.br\/arquivo\/wp-json\/wp\/v2\/comments?post=42475"}],"version-history":[{"count":0,"href":"https:\/\/www.jornalja.com.br\/arquivo\/wp-json\/wp\/v2\/posts\/42475\/revisions"}],"wp:attachment":[{"href":"https:\/\/www.jornalja.com.br\/arquivo\/wp-json\/wp\/v2\/media?parent=42475"}],"wp:term":[{"taxonomy":"category","embeddable":true,"href":"https:\/\/www.jornalja.com.br\/arquivo\/wp-json\/wp\/v2\/categories?post=42475"},{"taxonomy":"post_tag","embeddable":true,"href":"https:\/\/www.jornalja.com.br\/arquivo\/wp-json\/wp\/v2\/tags?post=42475"}],"curies":[{"name":"wp","href":"https:\/\/api.w.org\/{rel}","templated":true}]}}