{"id":42501,"date":"2016-12-19T08:48:44","date_gmt":"2016-12-19T11:48:44","guid":{"rendered":"https:\/\/www.jornalja.com.br\/?p=42501"},"modified":"2016-12-19T08:48:44","modified_gmt":"2016-12-19T11:48:44","slug":"acordo-da-divida-um-pequeno-alivio-e-um-prolongado-arrocho","status":"publish","type":"post","link":"https:\/\/www.jornalja.com.br\/arquivo\/acordo-da-divida-um-pequeno-alivio-e-um-prolongado-arrocho\/","title":{"rendered":"Acordo da d\u00edvida: um pequeno al\u00edvio e um prolongado arrocho"},"content":{"rendered":"<p>O projeto de renegocia\u00e7\u00e3o da d\u00edvida dos Estados deve ser votado esta semanana C\u00e2mara dos Deputados. Ele j\u00e1 foi aprovado no Senado dia\u00a0 14,\u00a0 mas como houve mudan\u00e7as no texto original, ele volta \u00e0 C\u00e2mara para nova vota\u00e7\u00e3o.<br \/>\nO projeto amplia o prazo para pagamento das d\u00edvidas dos Estados com a Uni\u00e3o, muda o crit\u00e9rio de corre\u00e7\u00e3o, reduz o juro de 6% para 4% ao ano e suspende por tr\u00eas anos o pagamento das presta\u00e7\u00f5es mensais.<br \/>\nEm contrapartida, os estados tem que congelar seus gastos por dois anos, ampliar a privatiza\u00e7\u00e3o de empresas p\u00fablicas, reduzir as despesas com folha de pagamento e\u00a0 aumentar a contribui\u00e7\u00e3o previdenci\u00e1ria dos servidores ativos, entre outros pontos.<br \/>\nMat\u00e9ria complexa, que ainda n\u00e3o \u00e9 bem conhecida,\u00a0 foi examinada preliminarmente, a pedido do J\u00c1 pelo auditor externo no Tribunal de Contas do Estado, Josu\u00e9 Martins, que \u00e9 presidente do Sindicato dos Auditores.<br \/>\nNesta entrevista, ele sintetiza algumas conclus\u00f5es que tirou, ressaltando sempre que foi uma primeira leitura do projeto, que foi significativamente ampliado no Senado e ainda est\u00e1 em vota\u00e7\u00e3o.<br \/>\n<strong>O que \u00e9 esse projeto?<\/strong><br \/>\n\u00c9 uma lei que cria o chamado Regime de Recupera\u00e7\u00e3o Fiscal para Estados em situa\u00e7\u00e3o mais grave. N\u00e3o \u00e9 para todos, apenas aqueles que se enquadrarem em certos crit\u00e9rios \u2013 d\u00e9ficit, d\u00edvida, perda de receita. O Rio Grande do Sul se enquadra f\u00e1cilmente, Rio de Janeiro e Minas, tamb\u00e9m.<br \/>\n<strong>Suspende os pagamentos da d\u00edvida?<\/strong><br \/>\nSim. Permite a suspens\u00e3o dos contratos por 36 meses, prorrog\u00e1veis por mais 36 meses.<br \/>\n<strong>Seis anos no total?<\/strong><br \/>\nIsso n\u00e3o fica bem claro. Esse texto d\u00e1 a impress\u00e3o que foi feito \u00e0s pressas. Numa parte fala em 36 meses, prorrog\u00e1veis por mais 36, por\u00e9m, em outro trecho, adiante,\u00a0 refere novamente o prazo de 36 meses, sem mencionar a possibilidade de prorroga\u00e7\u00e3o. Tudo indica que \u00e9 isso: tr\u00eas anos, prorrog\u00e1veis por mais tr\u00eas. Mas ter\u00e1 que ser esclarecido.<br \/>\n<strong>Quais s\u00e3o as contrapartidas para esse al\u00edvio de seis anos.<\/strong><br \/>\nS\u00e3o muitas e dr\u00e1sticas. Uma delas \u00e9 o alinhamento do regime jur\u00eddico dos Estados ao da Uni\u00e3o, o que significa que vai cortar muitas vantagens que os Estados ainda mant\u00e9m, mas a Uni\u00e3o j\u00e1 cortou, como os avan\u00e7os e os tri\u00eanios. \u00a0 Nitidamente se busca enxugar a folha, que \u00e9 a maior rubrica do or\u00e7amento estadual.<br \/>\n<strong>Um ajuste dentro do ajuste?<\/strong><br \/>\nSim, torna a Lei de Responsabilidade Fiscal mais rigorosa ainda. Muda o crit\u00e9rio para calcular a despesa com pessoal, incluindo gastos que ficavam fora do calculo. Com isso, facilmente o limite de 60% de despesa com pessoal ser\u00e1 superado, o que exigir\u00e1 cortes para se enquadrar na lei.<br \/>\n<strong>Tem um prazo para esse ajuste?<\/strong><br \/>\nEstima-se que o ajuste se dar\u00e1 em 15 anos. Nesse per\u00edodo estar\u00e3o arrochados os sal\u00e1rios, a menos que haja um crescimento exponencial\u00a0 da receita, o que \u00e9 improv\u00e1vel em fun\u00e7\u00e3o das op\u00e7\u00f5es de pol\u00edtica econ\u00f4mica adotadas pelo Governo Federal. \u00a0N\u00e3o s\u00f3 isso: reajustes aprovados anteriormente mas n\u00e3o efetivados, ficam suspensos. Por exemplo, o pessoal da seguran\u00e7a aqui no Rio Grande do Sul vai perder parte do reajuste escalonado que obteve no governo anterior e que vai se completar em 2018. A parte que falta, ser\u00e1 cortada.<br \/>\n<strong>E a d\u00edvida em si, como fica?<\/strong><br \/>\nO acordo consolida o saldo que em final de 2015 era\u00a0de R$ 51,4 bilh\u00f5es, uma vez que uma das exig\u00eancias \u00e9 que o governador retire as duas a\u00e7\u00f5es que questionam a d\u00edvida e que tramitam no STF. Ambas argumentam que a d\u00edvida j\u00e1 est\u00e1 paga. Uma das a\u00e7\u00f5es baseia-se no entendimento que n\u00e3o cabe cobrar juro numa rela\u00e7\u00e3o entre entes federados.\u00a0N\u00e3o pode um ente lucrar sobre o outro. Ora, juro \u00e9 lucro sobre o capital emprestado. O governo hoje paga corre\u00e7\u00e3o pelo IGP-DI e mais 6% de juro ao ano. O juro n\u00e3o se justificaria\u00a0sequer\u00a0pelo risco, uma vez que a Uni\u00e3o tem prerrogativa de confiscar os valores em caso de n\u00e3o pagamento. Por essa interpreta\u00e7\u00e3o, a d\u00edvida j\u00e1 est\u00e1 paga desde maio de 2013. O Tribunal de Contas tem trabalho mostrando esse c\u00e1lculo.<br \/>\n<strong>Teria chance uma a\u00e7\u00e3o dessas?<\/strong><br \/>\nO grande argumento para exigir o pagamento \u00e9 que se a d\u00edvida n\u00e3o for paga a Uni\u00e3o vai quebrar, \u00a0vai haver um colapso do mundo financeiro. \u00c9 fal\u00e1cia. Pelos c\u00e1lculos que temos, se os Estados deixarem de pagar, a Uni\u00e3o ter\u00e1 uma perda\u00a0de 2,5 a 3 por cento de sua receita. Ningu\u00e9m quebra por perder tr\u00eas por cento da receita. Na verdade, a Uni\u00e3o est\u00e1 no lucro com essa d\u00edvida.<br \/>\n<strong>No lucro?<\/strong><br \/>\nA Secretaria Nacional do Tesouro nas presta\u00e7\u00f5es de contas anuais que faz ao TCU apresenta um quadro demonstrando quanto custa, em termos financeiros, essa d\u00edvida para a Uni\u00e3o e quanto ela recebe dos Estados como pagamento das d\u00edvidas. O custo total em 2013 foi de R$ 81 milh\u00f5es e o montante recebido chegou a\u00a0R$ 28,5 bilh\u00f5es. Custo em milh\u00f5es, receita em bilh\u00f5es. Um lucro estratosf\u00e9rico que s\u00f3 vem crescendo em favor da Uni\u00e3o.<br \/>\n<strong>Que mais perdem os Estados?<\/strong><br \/>\nAutonomia. A l\u00f3gica dessa nova lei \u00e9 aumentar a submiss\u00e3o dos Estados ao poder central. O acordo imp\u00f5e restri\u00e7\u00f5es graves do ponto de vista da autonomia dos Estados. \u00a0A\u00a0 Un\u00e3o pode por exemplo requisitar a entrega de patrimonio para quitar a d\u00edvida.\u00a0 O acordo anterior que resultou nesta situa\u00e7\u00e3o atual j\u00e1 restringia bastante a autonomia dos Estados, agora reduz\u00a0 ainda mais a capacidade de a\u00e7\u00e3o dos governos.<br \/>\n<strong>Quais s\u00e3o as vantagens desse acordo?<\/strong><br \/>\nA corre\u00e7\u00e3o ser\u00e1 feita por um \u00edndice menor, o IPCA, os juros caem de 6 para 4 por cento ao ano (h\u00e1 Estados que pagam 7,5%, o munic\u00edpio de S\u00e3o Paulo paga 9%, pela nova lei fica 4% para todo mundo). E os pagamentos ficam suspensos por 36 meses. D\u00e1 um al\u00edvio \u00a0moment\u00e2neo, mas no fundo mant\u00e9m o sufoco financeiro dos Estados, que ficam ainda mais dependentes da Uni\u00e3o.\u00a0 Na verdade, eles ficam de joelhos perante a Uni\u00e3o.<br \/>\n<strong>O que se diz \u00e9 que os Estados gastam mal&#8230;<\/strong><br \/>\nA verdade \u00e9 que n\u00e3o h\u00e1 uma gastan\u00e7a. O Rio Grande do Sul, por exemplo. No per\u00edodo imediatamente anterior \u00e0 renegocia\u00e7\u00e3o, entre 1994 e 1998, nossa d\u00edvida aumentou em R$ 30 bilh\u00f5es em valores atualizados. O analista desavisado imagina que houve entrada de recursos novos, mas nossa d\u00edvida cresceu em fun\u00e7\u00e3o da pol\u00edtica de juros altos praticada pela Uni\u00e3o para conter a infla\u00e7\u00e3o no contexto do plano real. Isso valeu para todos os demais entes federados. H\u00e1 realmente distor\u00e7\u00f5es, como sal\u00e1rios acima do teto, aux\u00edlios moradia e tudo mais, mas isso n\u00e3o tem nem de perto o peso que tem a d\u00edvida. O Estado nunca vai ter receita suficiente para honrar a divida a n\u00e3o ser que comprima despesas essenciais. Mas a quest\u00e3o \u00e9: essa d\u00edvida precisa se auditada. \u00c9 preciso conhecer sua forma\u00e7\u00e3o, origem e saber de sua regularidade. Sem isso ela tem se transformado num mecanismo de depend\u00eancia financeira dos Entes federados em rela\u00e7\u00e3o \u00e0 Uni\u00e3o.<br \/>\n<strong>Essa renegocia\u00e7\u00e3o \u00e9 ent\u00e3o pior do que a de 1998?<\/strong><br \/>\n\u00c9 um aprofundamento do acordo de 1998. N\u00e3o muda o rumo, aprofunda&#8230;D\u00e1 um f\u00f4lego para a atual gest\u00e3o, em troca de uma redu\u00e7\u00e3o brutal do tamanho maquina publica e tira a capacidade do Estado se recuperar.\u00a0 Em 1999, um ano depois do acordo, os \u00a0auditores do Tribunal de Contas \u00a0j\u00e1 alertavam que aquilo n\u00e3o tinha sido um bom neg\u00f3cio. Mostrava-se que no per\u00edodo anterior, de 1991 a 1997, o Estado comprometia 8% da sua receita l\u00edquida para pagar d\u00edvidas. Logo depois do acordo passou a comprometer 13% e, na m\u00e9dia, entre 1998 e 2015 esse comprometimento subiu para 16% da receita l\u00edquida.<br \/>\n<strong>A receita dos Estados tamb\u00e9m caiu, proporcionalmente&#8230;<\/strong><br \/>\nNa d\u00e9cada de 1960, os Estados no conjunto recebiam\u00a0 34% das receitas de impostos no pa\u00eds.\u00a0 Hoje n\u00e3o passa de 25%. \u00a0Desde a constitui\u00e7\u00e3o de 1988, os Estados ganham atribui\u00e7\u00f5es maiores\u00a0 e receitas menores. Nesse per\u00edodo, a Uni\u00e3o aumentou suas receitas criando tributos (CPMF, contribui\u00e7\u00f5es sobre lucro, etc) que n\u00e3o s\u00e3o partilhados com os Estados.<br \/>\n<strong>E nesse per\u00edodo em que o pagamento fica suspenso?<\/strong><br \/>\nAs presta\u00e7\u00f5es n\u00e3o s\u00e3o pagas, mas a corre\u00e7\u00e3o e os juros seguem incidindo e esse bolo vai para o saldo devedor, que deve dar um salto. O governo tem pago R$ 3,7 bilh\u00f5es ao ano, ele pode ficar seis anos sem pagar, ser\u00e3o mais ou menos 22 bilh\u00f5es, mais a corre\u00e7\u00e3o e juros, que se incorporam ao saldo devedor, que hoje \u00e9 quase\u00a0 52 bilh\u00f5es.<br \/>\n<strong>Mas o prazo para o pagamento tamb\u00e9m foi ampliado<\/strong><br \/>\nSim, o periodo do contrato foi ampliado por 20 anos, mas a\u00ed sem os 13% por cento de limite, o que significa que se o saldo devedor for muito grande, os desembolsos anuais podem ser maiores. O contrato original terminava em 2028. Se chegasse nessa data sem ter pago tudo, tinha mais dez anos para quitar sem a limita\u00e7\u00e3o dos 13%. Agora vai para 2048 e todo ele sem o limitador da presta\u00e7\u00e3o mensal.<\/p>\n","protected":false},"excerpt":{"rendered":"<p>O projeto de renegocia\u00e7\u00e3o da d\u00edvida dos Estados deve ser votado esta semanana C\u00e2mara dos Deputados. Ele j\u00e1 foi aprovado no Senado dia\u00a0 14,\u00a0 mas como houve mudan\u00e7as no texto original, ele volta \u00e0 C\u00e2mara para nova vota\u00e7\u00e3o. O projeto amplia o prazo para pagamento das d\u00edvidas dos Estados com a Uni\u00e3o, muda o crit\u00e9rio [&hellip;]<\/p>\n","protected":false},"author":4,"featured_media":42474,"comment_status":"open","ping_status":"closed","sticky":false,"template":"","format":"standard","meta":{"_jetpack_newsletter_access":"","_jetpack_dont_email_post_to_subs":false,"_jetpack_newsletter_tier_id":0,"_jetpack_memberships_contains_paywalled_content":false,"_jetpack_feature_clip_id":0,"_jetpack_memberships_contains_paid_content":false,"footnotes":"","jetpack_post_was_ever_published":false},"categories":[26],"tags":[],"class_list":["post-42501","post","type-post","status-publish","format-standard","has-post-thumbnail","hentry","category-geral"],"aioseo_notices":[],"aioseo_head":"\n\t\t<!-- All in One SEO 5.0.1.1 - aioseo.com -->\n\t<meta name=\"robots\" content=\"max-image-preview:large\" \/>\n\t<meta name=\"author\" content=\"da Reda\u00e7\u00e3o\"\/>\n\t<link rel=\"canonical\" href=\"https:\/\/www.jornalja.com.br\/arquivo\/acordo-da-divida-um-pequeno-alivio-e-um-prolongado-arrocho\/\" \/>\n\t<meta name=\"generator\" content=\"All in One SEO (AIOSEO) 5.0.1.1\" \/>\n\t\t<meta property=\"og:locale\" content=\"pt_BR\" \/>\n\t\t<meta property=\"og:site_name\" content=\"Arquivo | Jornal J\u00c1 | Porto Alegre\" \/>\n\t\t<meta property=\"og:type\" content=\"article\" \/>\n\t\t<meta property=\"og:title\" content=\"Acordo da d\u00edvida: um pequeno al\u00edvio e um prolongado arrocho | Arquivo\" \/>\n\t\t<meta property=\"og:url\" content=\"https:\/\/www.jornalja.com.br\/arquivo\/acordo-da-divida-um-pequeno-alivio-e-um-prolongado-arrocho\/\" \/>\n\t\t<meta property=\"og:image\" content=\"https:\/\/www.jornalja.com.br\/economics\/wp-content\/uploads\/sites\/11\/2026\/08\/ja-folhaderosto-facebook.jpg\" \/>\n\t\t<meta property=\"og:image:secure_url\" content=\"https:\/\/www.jornalja.com.br\/economics\/wp-content\/uploads\/sites\/11\/2026\/08\/ja-folhaderosto-facebook.jpg\" \/>\n\t\t<meta property=\"article:published_time\" content=\"2016-12-19T11:48:44+00:00\" \/>\n\t\t<meta property=\"article:modified_time\" content=\"2016-12-19T11:48:44+00:00\" \/>\n\t\t<meta name=\"twitter:card\" content=\"summary\" \/>\n\t\t<meta name=\"twitter:title\" content=\"Acordo da d\u00edvida: um pequeno al\u00edvio e um prolongado arrocho | Arquivo\" \/>\n\t\t<meta name=\"twitter:image\" content=\"https:\/\/www.jornalja.com.br\/economics\/wp-content\/uploads\/sites\/11\/2026\/08\/ja-folhaderosto-facebook.jpg\" \/>\n\t\t<script type=\"application\/ld+json\" class=\"aioseo-schema\">\n\t\t\t{\"@context\":\"https:\\\/\\\/schema.org\",\"@graph\":[{\"@type\":\"BlogPosting\",\"@id\":\"https:\\\/\\\/www.jornalja.com.br\\\/arquivo\\\/acordo-da-divida-um-pequeno-alivio-e-um-prolongado-arrocho\\\/#blogposting\",\"name\":\"Acordo da d\\u00edvida: um pequeno al\\u00edvio e um prolongado arrocho | Arquivo\",\"headline\":\"Acordo da d\\u00edvida: um pequeno al\\u00edvio e um prolongado arrocho\",\"author\":{\"@id\":\"https:\\\/\\\/www.jornalja.com.br\\\/arquivo\\\/author\\\/daredacao\\\/#author\"},\"publisher\":{\"@id\":\"https:\\\/\\\/www.jornalja.com.br\\\/arquivo\\\/#organization\"},\"image\":{\"@type\":\"ImageObject\",\"url\":42474},\"datePublished\":\"2016-12-19T08:48:44-02:00\",\"dateModified\":\"2016-12-19T08:48:44-02:00\",\"inLanguage\":\"pt-BR\",\"mainEntityOfPage\":{\"@id\":\"https:\\\/\\\/www.jornalja.com.br\\\/arquivo\\\/acordo-da-divida-um-pequeno-alivio-e-um-prolongado-arrocho\\\/#webpage\"},\"isPartOf\":{\"@id\":\"https:\\\/\\\/www.jornalja.com.br\\\/arquivo\\\/acordo-da-divida-um-pequeno-alivio-e-um-prolongado-arrocho\\\/#webpage\"},\"articleSection\":\"Geral\"},{\"@type\":\"BreadcrumbList\",\"@id\":\"https:\\\/\\\/www.jornalja.com.br\\\/arquivo\\\/acordo-da-divida-um-pequeno-alivio-e-um-prolongado-arrocho\\\/#breadcrumblist\",\"itemListElement\":[{\"@type\":\"ListItem\",\"@id\":\"https:\\\/\\\/www.jornalja.com.br\\\/arquivo#listItem\",\"position\":1,\"name\":\"Home\",\"item\":\"https:\\\/\\\/www.jornalja.com.br\\\/arquivo\",\"nextItem\":{\"@type\":\"ListItem\",\"@id\":\"https:\\\/\\\/www.jornalja.com.br\\\/arquivo\\\/category\\\/geral\\\/#listItem\",\"name\":\"Geral\"}},{\"@type\":\"ListItem\",\"@id\":\"https:\\\/\\\/www.jornalja.com.br\\\/arquivo\\\/category\\\/geral\\\/#listItem\",\"position\":2,\"name\":\"Geral\",\"item\":\"https:\\\/\\\/www.jornalja.com.br\\\/arquivo\\\/category\\\/geral\\\/\",\"nextItem\":{\"@type\":\"ListItem\",\"@id\":\"https:\\\/\\\/www.jornalja.com.br\\\/arquivo\\\/acordo-da-divida-um-pequeno-alivio-e-um-prolongado-arrocho\\\/#listItem\",\"name\":\"Acordo da d\\u00edvida: um pequeno al\\u00edvio e um prolongado arrocho\"},\"previousItem\":{\"@type\":\"ListItem\",\"@id\":\"https:\\\/\\\/www.jornalja.com.br\\\/arquivo#listItem\",\"name\":\"Home\"}},{\"@type\":\"ListItem\",\"@id\":\"https:\\\/\\\/www.jornalja.com.br\\\/arquivo\\\/acordo-da-divida-um-pequeno-alivio-e-um-prolongado-arrocho\\\/#listItem\",\"position\":3,\"name\":\"Acordo da d\\u00edvida: um pequeno al\\u00edvio e um prolongado arrocho\",\"previousItem\":{\"@type\":\"ListItem\",\"@id\":\"https:\\\/\\\/www.jornalja.com.br\\\/arquivo\\\/category\\\/geral\\\/#listItem\",\"name\":\"Geral\"}}]},{\"@type\":\"Organization\",\"@id\":\"https:\\\/\\\/www.jornalja.com.br\\\/arquivo\\\/#organization\",\"name\":\"Jornal J\\u00c1\",\"description\":\"Jornal J\\u00c1 | Porto Alegre\",\"url\":\"https:\\\/\\\/www.jornalja.com.br\\\/arquivo\\\/\",\"telephone\":\"+555133307272\",\"logo\":{\"@type\":\"ImageObject\",\"url\":\"https:\\\/\\\/www.jornalja.com.br\\\/wp-content\\\/uploads\\\/cards\\\/JAslogan.png\",\"@id\":\"https:\\\/\\\/www.jornalja.com.br\\\/arquivo\\\/acordo-da-divida-um-pequeno-alivio-e-um-prolongado-arrocho\\\/#organizationLogo\"},\"image\":{\"@id\":\"https:\\\/\\\/www.jornalja.com.br\\\/arquivo\\\/acordo-da-divida-um-pequeno-alivio-e-um-prolongado-arrocho\\\/#organizationLogo\"}},{\"@type\":\"Person\",\"@id\":\"https:\\\/\\\/www.jornalja.com.br\\\/arquivo\\\/author\\\/daredacao\\\/#author\",\"url\":\"https:\\\/\\\/www.jornalja.com.br\\\/arquivo\\\/author\\\/daredacao\\\/\",\"name\":\"da Reda\\u00e7\\u00e3o\",\"image\":{\"@type\":\"ImageObject\",\"@id\":\"https:\\\/\\\/www.jornalja.com.br\\\/arquivo\\\/acordo-da-divida-um-pequeno-alivio-e-um-prolongado-arrocho\\\/#authorImage\",\"url\":\"https:\\\/\\\/secure.gravatar.com\\\/avatar\\\/469fd857d6605ad19919d27ed29d35a968a25f6e8fd9318356bbb7f57aae9c65?s=96&d=mm&r=g\",\"width\":96,\"height\":96,\"caption\":\"da Reda\\u00e7\\u00e3o\"}},{\"@type\":\"WebPage\",\"@id\":\"https:\\\/\\\/www.jornalja.com.br\\\/arquivo\\\/acordo-da-divida-um-pequeno-alivio-e-um-prolongado-arrocho\\\/#webpage\",\"url\":\"https:\\\/\\\/www.jornalja.com.br\\\/arquivo\\\/acordo-da-divida-um-pequeno-alivio-e-um-prolongado-arrocho\\\/\",\"name\":\"Acordo da d\\u00edvida: um pequeno al\\u00edvio e um prolongado arrocho | Arquivo\",\"inLanguage\":\"pt-BR\",\"isPartOf\":{\"@id\":\"https:\\\/\\\/www.jornalja.com.br\\\/arquivo\\\/#website\"},\"breadcrumb\":{\"@id\":\"https:\\\/\\\/www.jornalja.com.br\\\/arquivo\\\/acordo-da-divida-um-pequeno-alivio-e-um-prolongado-arrocho\\\/#breadcrumblist\"},\"author\":{\"@id\":\"https:\\\/\\\/www.jornalja.com.br\\\/arquivo\\\/author\\\/daredacao\\\/#author\"},\"creator\":{\"@id\":\"https:\\\/\\\/www.jornalja.com.br\\\/arquivo\\\/author\\\/daredacao\\\/#author\"},\"image\":{\"@type\":\"ImageObject\",\"url\":42474,\"@id\":\"https:\\\/\\\/www.jornalja.com.br\\\/arquivo\\\/acordo-da-divida-um-pequeno-alivio-e-um-prolongado-arrocho\\\/#mainImage\"},\"primaryImageOfPage\":{\"@id\":\"https:\\\/\\\/www.jornalja.com.br\\\/arquivo\\\/acordo-da-divida-um-pequeno-alivio-e-um-prolongado-arrocho\\\/#mainImage\"},\"datePublished\":\"2016-12-19T08:48:44-02:00\",\"dateModified\":\"2016-12-19T08:48:44-02:00\"},{\"@type\":\"WebSite\",\"@id\":\"https:\\\/\\\/www.jornalja.com.br\\\/arquivo\\\/#website\",\"url\":\"https:\\\/\\\/www.jornalja.com.br\\\/arquivo\\\/\",\"name\":\"Arquivo\",\"description\":\"Jornal J\\u00c1 | Porto Alegre\",\"inLanguage\":\"pt-BR\",\"publisher\":{\"@id\":\"https:\\\/\\\/www.jornalja.com.br\\\/arquivo\\\/#organization\"}}]}\n\t\t<\/script>\n\t\t<!-- All in One SEO -->\n\n","aioseo_head_json":{"title":"Acordo da d\u00edvida: um pequeno al\u00edvio e um prolongado arrocho | Arquivo","description":"","canonical_url":"https:\/\/www.jornalja.com.br\/arquivo\/acordo-da-divida-um-pequeno-alivio-e-um-prolongado-arrocho\/","robots":"max-image-preview:large","keywords":"","webmasterTools":{"miscellaneous":""},"schema":{"@context":"https:\/\/schema.org","@graph":[{"@type":"BlogPosting","@id":"https:\/\/www.jornalja.com.br\/arquivo\/acordo-da-divida-um-pequeno-alivio-e-um-prolongado-arrocho\/#blogposting","name":"Acordo da d\u00edvida: um pequeno al\u00edvio e um prolongado arrocho | Arquivo","headline":"Acordo da d\u00edvida: um pequeno al\u00edvio e um prolongado arrocho","author":{"@id":"https:\/\/www.jornalja.com.br\/arquivo\/author\/daredacao\/#author"},"publisher":{"@id":"https:\/\/www.jornalja.com.br\/arquivo\/#organization"},"image":{"@type":"ImageObject","url":42474},"datePublished":"2016-12-19T08:48:44-02:00","dateModified":"2016-12-19T08:48:44-02:00","inLanguage":"pt-BR","mainEntityOfPage":{"@id":"https:\/\/www.jornalja.com.br\/arquivo\/acordo-da-divida-um-pequeno-alivio-e-um-prolongado-arrocho\/#webpage"},"isPartOf":{"@id":"https:\/\/www.jornalja.com.br\/arquivo\/acordo-da-divida-um-pequeno-alivio-e-um-prolongado-arrocho\/#webpage"},"articleSection":"Geral"},{"@type":"BreadcrumbList","@id":"https:\/\/www.jornalja.com.br\/arquivo\/acordo-da-divida-um-pequeno-alivio-e-um-prolongado-arrocho\/#breadcrumblist","itemListElement":[{"@type":"ListItem","@id":"https:\/\/www.jornalja.com.br\/arquivo#listItem","position":1,"name":"Home","item":"https:\/\/www.jornalja.com.br\/arquivo","nextItem":{"@type":"ListItem","@id":"https:\/\/www.jornalja.com.br\/arquivo\/category\/geral\/#listItem","name":"Geral"}},{"@type":"ListItem","@id":"https:\/\/www.jornalja.com.br\/arquivo\/category\/geral\/#listItem","position":2,"name":"Geral","item":"https:\/\/www.jornalja.com.br\/arquivo\/category\/geral\/","nextItem":{"@type":"ListItem","@id":"https:\/\/www.jornalja.com.br\/arquivo\/acordo-da-divida-um-pequeno-alivio-e-um-prolongado-arrocho\/#listItem","name":"Acordo da d\u00edvida: um pequeno al\u00edvio e um prolongado arrocho"},"previousItem":{"@type":"ListItem","@id":"https:\/\/www.jornalja.com.br\/arquivo#listItem","name":"Home"}},{"@type":"ListItem","@id":"https:\/\/www.jornalja.com.br\/arquivo\/acordo-da-divida-um-pequeno-alivio-e-um-prolongado-arrocho\/#listItem","position":3,"name":"Acordo da d\u00edvida: um pequeno al\u00edvio e um prolongado arrocho","previousItem":{"@type":"ListItem","@id":"https:\/\/www.jornalja.com.br\/arquivo\/category\/geral\/#listItem","name":"Geral"}}]},{"@type":"Organization","@id":"https:\/\/www.jornalja.com.br\/arquivo\/#organization","name":"Jornal J\u00c1","description":"Jornal J\u00c1 | Porto Alegre","url":"https:\/\/www.jornalja.com.br\/arquivo\/","telephone":"+555133307272","logo":{"@type":"ImageObject","url":"https:\/\/www.jornalja.com.br\/wp-content\/uploads\/cards\/JAslogan.png","@id":"https:\/\/www.jornalja.com.br\/arquivo\/acordo-da-divida-um-pequeno-alivio-e-um-prolongado-arrocho\/#organizationLogo"},"image":{"@id":"https:\/\/www.jornalja.com.br\/arquivo\/acordo-da-divida-um-pequeno-alivio-e-um-prolongado-arrocho\/#organizationLogo"}},{"@type":"Person","@id":"https:\/\/www.jornalja.com.br\/arquivo\/author\/daredacao\/#author","url":"https:\/\/www.jornalja.com.br\/arquivo\/author\/daredacao\/","name":"da Reda\u00e7\u00e3o","image":{"@type":"ImageObject","@id":"https:\/\/www.jornalja.com.br\/arquivo\/acordo-da-divida-um-pequeno-alivio-e-um-prolongado-arrocho\/#authorImage","url":"https:\/\/secure.gravatar.com\/avatar\/469fd857d6605ad19919d27ed29d35a968a25f6e8fd9318356bbb7f57aae9c65?s=96&d=mm&r=g","width":96,"height":96,"caption":"da Reda\u00e7\u00e3o"}},{"@type":"WebPage","@id":"https:\/\/www.jornalja.com.br\/arquivo\/acordo-da-divida-um-pequeno-alivio-e-um-prolongado-arrocho\/#webpage","url":"https:\/\/www.jornalja.com.br\/arquivo\/acordo-da-divida-um-pequeno-alivio-e-um-prolongado-arrocho\/","name":"Acordo da d\u00edvida: um pequeno al\u00edvio e um prolongado arrocho | Arquivo","inLanguage":"pt-BR","isPartOf":{"@id":"https:\/\/www.jornalja.com.br\/arquivo\/#website"},"breadcrumb":{"@id":"https:\/\/www.jornalja.com.br\/arquivo\/acordo-da-divida-um-pequeno-alivio-e-um-prolongado-arrocho\/#breadcrumblist"},"author":{"@id":"https:\/\/www.jornalja.com.br\/arquivo\/author\/daredacao\/#author"},"creator":{"@id":"https:\/\/www.jornalja.com.br\/arquivo\/author\/daredacao\/#author"},"image":{"@type":"ImageObject","url":42474,"@id":"https:\/\/www.jornalja.com.br\/arquivo\/acordo-da-divida-um-pequeno-alivio-e-um-prolongado-arrocho\/#mainImage"},"primaryImageOfPage":{"@id":"https:\/\/www.jornalja.com.br\/arquivo\/acordo-da-divida-um-pequeno-alivio-e-um-prolongado-arrocho\/#mainImage"},"datePublished":"2016-12-19T08:48:44-02:00","dateModified":"2016-12-19T08:48:44-02:00"},{"@type":"WebSite","@id":"https:\/\/www.jornalja.com.br\/arquivo\/#website","url":"https:\/\/www.jornalja.com.br\/arquivo\/","name":"Arquivo","description":"Jornal J\u00c1 | Porto Alegre","inLanguage":"pt-BR","publisher":{"@id":"https:\/\/www.jornalja.com.br\/arquivo\/#organization"}}]},"og:locale":"pt_BR","og:site_name":"Arquivo | Jornal J\u00c1 | Porto Alegre","og:type":"article","og:title":"Acordo da d\u00edvida: um pequeno al\u00edvio e um prolongado arrocho | Arquivo","og:url":"https:\/\/www.jornalja.com.br\/arquivo\/acordo-da-divida-um-pequeno-alivio-e-um-prolongado-arrocho\/","og:image":"https:\/\/www.jornalja.com.br\/economics\/wp-content\/uploads\/sites\/11\/2026\/08\/ja-folhaderosto-facebook.jpg","og:image:secure_url":"https:\/\/www.jornalja.com.br\/economics\/wp-content\/uploads\/sites\/11\/2026\/08\/ja-folhaderosto-facebook.jpg","article:published_time":"2016-12-19T11:48:44+00:00","article:modified_time":"2016-12-19T11:48:44+00:00","twitter:card":"summary","twitter:title":"Acordo da d\u00edvida: um pequeno al\u00edvio e um prolongado arrocho | Arquivo","twitter:image":"https:\/\/www.jornalja.com.br\/economics\/wp-content\/uploads\/sites\/11\/2026\/08\/ja-folhaderosto-facebook.jpg"},"aioseo_meta_data":{"post_id":"42501","title":null,"description":null,"keywords":null,"keyphrases":null,"primary_term":null,"canonical_url":null,"og_title":null,"og_description":null,"og_object_type":"default","og_image_type":"default","og_image_url":null,"og_image_width":null,"og_image_height":null,"og_image_custom_url":null,"og_image_custom_fields":null,"og_video":null,"og_custom_url":null,"og_article_section":null,"og_article_tags":null,"twitter_use_og":false,"twitter_card":"default","twitter_image_type":"default","twitter_image_url":null,"twitter_image_custom_url":null,"twitter_image_custom_fields":null,"twitter_title":null,"twitter_description":null,"schema":{"blockGraphs":[],"customGraphs":[],"default":{"data":{"Article":[],"Course":[],"Dataset":[],"FAQPage":[],"Movie":[],"Person":[],"Product":[],"ProductReview":[],"Car":[],"Recipe":[],"Service":[],"SoftwareApplication":[],"WebPage":[]},"graphName":"","isEnabled":true},"graphs":[],"defaultGraph":"","defaultPostTypeGraph":""},"schema_type":null,"schema_type_options":null,"pillar_content":false,"robots_default":true,"robots_noindex":false,"robots_noarchive":false,"robots_nosnippet":false,"robots_nofollow":false,"robots_noimageindex":false,"robots_noodp":false,"robots_notranslate":false,"robots_max_snippet":null,"robots_max_videopreview":null,"robots_max_imagepreview":"large","priority":null,"frequency":null,"location":null,"local_seo":null,"breadcrumb_settings":null,"limit_modified_date":false,"ai":null,"created":"2020-12-20 20:44:21","updated":"2025-07-19 18:46:52","seo_analyzer_scan_date":null,"focus_keyword":null,"additional_keywords":null,"truseo_locale":null},"jetpack_sharing_enabled":true,"jetpack-related-posts":[{"id":5440,"url":"https:\/\/www.jornalja.com.br\/arquivo\/casarao-da-venancio-destino-permanece-incerto\/","url_meta":{"origin":42501,"position":0},"title":"Estado ainda n\u00e3o sabe o que fazer com casar\u00e3o abandonado h\u00e1 20 anos","author":"Elmar Bones","date":"6 de julho de 2009","format":false,"excerpt":"O casar\u00e3o amarelo, numa esquina nobre de Porto Alegre (Ven\u00e2ncio Aires com Jo\u00e3o Pessoa), j\u00e1 abrigou uma escola. H\u00e1 duas d\u00e9cadas, pelo menos, est\u00e1 abandonado, porque seu propriet\u00e1rio, o governo do Estado do Rio Grande do Sul, n\u00e3o consegue achar um destino para ele. Planos n\u00e3o faltaram. O governador Ol\u00edvio\u2026","rel":"","context":"Em &quot;X.Categorias velhas&quot;","block_context":{"text":"X.Categorias velhas","link":"https:\/\/www.jornalja.com.br\/arquivo\/category\/x-categorias-velhas\/"},"img":{"alt_text":"geraldo1","src":"https:\/\/i0.wp.com\/www.jornalja.com.br\/wp-content\/uploads\/2009\/07\/geraldo1.jpg?resize=350%2C200&ssl=1","width":350,"height":200},"classes":[]},{"id":13240,"url":"https:\/\/www.jornalja.com.br\/arquivo\/plano-diretor-estamos-construindo-o-caos\/","url_meta":{"origin":42501,"position":1},"title":"Plano diretor: &quot;Estamos construindo o caos&quot;","author":"Patr\u00edcia Marini","date":"26 de maio de 2014","format":false,"excerpt":"Desabafo que arquiteta Eliana Castilhos, delegada da Regi\u00e3o de Planejamento 1, postou nas redes sociais \u00e9 um testemunho do ambiente que se criou no Conselho do Plano Diretor de Porto Alegre, onde a aprova\u00e7\u00e3o de grandes empreendimentos \u00e9 empurrada guela abaixo dos conselheiros. Ao CMDUA Como delegada da Regi\u00e3o de\u2026","rel":"","context":"Em &quot;Geral&quot;","block_context":{"text":"Geral","link":"https:\/\/www.jornalja.com.br\/arquivo\/category\/geral\/"},"img":{"alt_text":"","src":"","width":0,"height":0},"classes":[]},{"id":13124,"url":"https:\/\/www.jornalja.com.br\/arquivo\/sangue-latino-no-iecine\/","url_meta":{"origin":42501,"position":2},"title":"Sangue latino no IECINE","author":"da Reda\u00e7\u00e3o","date":"18 de maio de 2014","format":false,"excerpt":"Francisco Ribeiro O Instituto Estadual de Cinema (IECINE) tem a frente, desde abril \u00faltimo, um novo diretor, o cineasta colombiano Juan Zapata, 36, que substitui Luiz Alberto Cassol. Radicado h\u00e1 dez anos em Porto Alegre, Zapata tem diante de si o desafio de conduzir at\u00e9 o final do ano um\u2026","rel":"","context":"Em &quot;Cultura-Geral&quot;","block_context":{"text":"Cultura-Geral","link":"https:\/\/www.jornalja.com.br\/arquivo\/category\/materiasecundaria\/"},"img":{"alt_text":"","src":"","width":0,"height":0},"classes":[]},{"id":13109,"url":"https:\/\/www.jornalja.com.br\/arquivo\/judiciario-reconhece-poluicao-eletromagnetica\/","url_meta":{"origin":42501,"position":3},"title":"Judici\u00e1rio reconhece polui\u00e7\u00e3o eletromagn\u00e9tica","author":"Patr\u00edcia Marini","date":"16 de maio de 2014","format":false,"excerpt":"A\u00e7\u00e3o de duas associa\u00e7\u00f5es de moradores foi acolhida pelo Tribunal de Justi\u00e7a de S\u00e3o Paulo que. em decis\u00e3o in\u00e9dita, determinou a redu\u00e7\u00e3o do campo eletromagn\u00e9tico gerado pelas linhas de transmiss\u00e3o de energia que cortam os bairros City Boa\u00e7ava e Alto de Pinheiros. \u00c9 a primeira vez que um tribunal do\u2026","rel":"","context":"Em &quot;X.Categorias velhas&quot;","block_context":{"text":"X.Categorias velhas","link":"https:\/\/www.jornalja.com.br\/arquivo\/category\/x-categorias-velhas\/"},"img":{"alt_text":"","src":"","width":0,"height":0},"classes":[]},{"id":13128,"url":"https:\/\/www.jornalja.com.br\/arquivo\/maconha-terra-diz-que-uso-medicinal-e-desculpa\/","url_meta":{"origin":42501,"position":4},"title":"Maconha: Terra diz que uso medicinal \u00e9 desculpa","author":"Patr\u00edcia Marini","date":"4 de junho de 2014","format":false,"excerpt":"A condi\u00e7\u00e3o de pol\u00edtico, em \u00e9poca de campanha de campanha eleitoral, tira for\u00e7a do discurso do m\u00e9dico Osmar Terra contra a legaliza\u00e7\u00e3o da maconha. A tese dele de que a libera\u00e7\u00e3o vai ampliar exponencialmente o consumo \u00e9 discutivel, o consumo \u00e9 corrente. Mas seus alertas quanto aos riscos tem que\u2026","rel":"","context":"Em &quot;X.Categorias velhas&quot;","block_context":{"text":"X.Categorias velhas","link":"https:\/\/www.jornalja.com.br\/arquivo\/category\/x-categorias-velhas\/"},"img":{"alt_text":"","src":"","width":0,"height":0},"classes":[]},{"id":12960,"url":"https:\/\/www.jornalja.com.br\/arquivo\/populacao-culpa-empresas-pela-greve-dos-rodoviarios\/","url_meta":{"origin":42501,"position":5},"title":"Popula\u00e7\u00e3o culpa empresas pela greve","author":"Patr\u00edcia Marini","date":"14 de fevereiro de 2014","format":false,"excerpt":"Pesquisa divulgada na edi\u00e7\u00e3o do jornal Metro desta sexta-feira,14, comprova o velho ditado: \u00e9 poss\u00edvel enganar muitos por algum tempo, mas n\u00e3o \u00e9 poss\u00edvel enganar a todos o tempo inteiro. A principal revela\u00e7\u00e3o foi que 59,8% dos entrevistados apontaram as empresas como as principais respons\u00e1veis pela grave e 46% culparam\u2026","rel":"","context":"Em &quot;X.Categorias velhas&quot;","block_context":{"text":"X.Categorias velhas","link":"https:\/\/www.jornalja.com.br\/arquivo\/category\/x-categorias-velhas\/"},"img":{"alt_text":"","src":"","width":0,"height":0},"classes":[]}],"jetpack_shortlink":"https:\/\/wp.me\/pbQjBd-b3v","jetpack_featured_media_url":"","_links":{"self":[{"href":"https:\/\/www.jornalja.com.br\/arquivo\/wp-json\/wp\/v2\/posts\/42501","targetHints":{"allow":["GET"]}}],"collection":[{"href":"https:\/\/www.jornalja.com.br\/arquivo\/wp-json\/wp\/v2\/posts"}],"about":[{"href":"https:\/\/www.jornalja.com.br\/arquivo\/wp-json\/wp\/v2\/types\/post"}],"author":[{"embeddable":true,"href":"https:\/\/www.jornalja.com.br\/arquivo\/wp-json\/wp\/v2\/users\/4"}],"replies":[{"embeddable":true,"href":"https:\/\/www.jornalja.com.br\/arquivo\/wp-json\/wp\/v2\/comments?post=42501"}],"version-history":[{"count":0,"href":"https:\/\/www.jornalja.com.br\/arquivo\/wp-json\/wp\/v2\/posts\/42501\/revisions"}],"wp:attachment":[{"href":"https:\/\/www.jornalja.com.br\/arquivo\/wp-json\/wp\/v2\/media?parent=42501"}],"wp:term":[{"taxonomy":"category","embeddable":true,"href":"https:\/\/www.jornalja.com.br\/arquivo\/wp-json\/wp\/v2\/categories?post=42501"},{"taxonomy":"post_tag","embeddable":true,"href":"https:\/\/www.jornalja.com.br\/arquivo\/wp-json\/wp\/v2\/tags?post=42501"}],"curies":[{"name":"wp","href":"https:\/\/api.w.org\/{rel}","templated":true}]}}