{"id":42525,"date":"2016-12-20T14:22:45","date_gmt":"2016-12-20T17:22:45","guid":{"rendered":"https:\/\/www.jornalja.com.br\/?p=42525"},"modified":"2016-12-20T14:22:45","modified_gmt":"2016-12-20T17:22:45","slug":"deputados-comecam-sessao-pelo-projeto-que-acaba-com-fundacoes","status":"publish","type":"post","link":"https:\/\/www.jornalja.com.br\/arquivo\/deputados-comecam-sessao-pelo-projeto-que-acaba-com-fundacoes\/","title":{"rendered":"Deputados come\u00e7am sess\u00e3o pelo projeto que acaba com funda\u00e7\u00f5es"},"content":{"rendered":"<p>S\u00e3o nove as funda\u00e7\u00f5es que o governo Sartori quer fechar.\u00a0 O exterm\u00ednio delas est\u00e1 em tr\u00eas projeto de lei, que tramitaram na Assembleia Legislativa em regime de urg\u00eancia. Sartori quer tudo acabado ainda este ano.<br \/>\nEm tese, bastariam 15 votos, e esta parte do pacote estaria aprovada. Para um projeto de lei, \u00e9 suficiente a maioria simples de um quorum m\u00ednimo de 28 parlamentares: 14 votos mais um.\u00a0 E os projetos do Executivo t\u00eam passado sempre com mais de 30 votos.<br \/>\nDos tr\u00eas projetos de lei que preveem a extin\u00e7\u00e3o das nove funda\u00e7\u00f5es, o mais pol\u00eamico \u00e9 o PL 246, que atinge seis delas. Em parte transfere \u201cpara o mercado\u201d, em parte pretende\u00a0 \u201cincorporar\u201d os n\u00e3o celetistas ao quadro \u00a0de Secretarias de Estado o trabalho das funda\u00e7\u00f5es de Economia (FEE), a Piratini (emissoras p\u00fablicas TVE e FM Cultura), a Metroplan (mobilidade metropolitana e controle de cheias na regi\u00e3o, por exemplo), a Cientec (ci\u00eancia e tecnologia), a Zoobot\u00e2nica (pesquisas e conserva\u00e7\u00e3o ambiental) e Recursos Humanos (forma\u00e7\u00e3o de gestores p\u00fablicos, est\u00e1gios e concursos).<br \/>\nPelo acordo de l\u00edderes na segunda-feira (19), que definiu a ordem de vota\u00e7\u00e3o dos projetos, \u00a0PL 246 seria o d\u00e9cimo da lista. Mas hoje decidiram come\u00e7ar justamente por ele, a pedido do l\u00edder do governo, deputado Gabriel Souza (PMDB).<\/p>\n<p class=\"TEXT-ALIGN: justify; MARGIN: 0cm 0cm 0pt; TEXT-INDENT: 18pt\" align=\"justify\">Foram inclu\u00eddos outros dois projetos do Executivo que n\u00e3o constavam na pauta de vota\u00e7\u00f5es de ontem (<a href=\"http:\/\/proweb.procergs.com.br\/consulta_proposicao.asp?SiglaTipo=PEC&amp;NroProposicao=242&amp;AnoProposicao=2015\" target=\"_blank\" rel=\"noopener noreferrer\">PEC 242 2015<\/a>\u00a0e <a href=\"http:\/\/proweb.procergs.com.br\/consulta_proposicao.asp?SiglaTipo=PL&amp;NroProposicao=254&amp;AnoProposicao=2016\" target=\"_blank\" rel=\"noopener noreferrer\">PL 254 2016<\/a>).\u00a0Com isso, a pauta da sess\u00e3o desta ter\u00e7a\u00a0cont\u00e9m 23 projetos do Executivo e outras duas propostas do Judici\u00e1rio.<\/p>\n<p class=\"TEXT-ALIGN: justify; MARGIN: 0cm 0cm 0pt; TEXT-INDENT: 18pt\" align=\"justify\">Na quinta-feira (22), dever\u00e1 ocorrer uma nova reuni\u00e3o dos l\u00edderes para redefinir a Ordem do Dia,\u00a0j\u00e1 que dever\u00e3o compor a pauta de vota\u00e7\u00f5es, entre outras mat\u00e9rias, o projeto (<a href=\"http:\/\/proweb.procergs.com.br\/consulta_proposicao.asp?SiglaTipo=PR&amp;NroProposicao=27&amp;AnoProposicao=2016\" target=\"_blank\" rel=\"noopener noreferrer\">PR 27 2016<\/a>)\u00a0de cassa\u00e7\u00e3o do deputado M\u00e1rio Jardel (PSD), projetos de parlamentares e requerimentos para a suspens\u00e3o dos trabalhos de Comiss\u00f5es Especiais durante o recesso.<\/p>\n<p class=\"TEXT-ALIGN: justify; MARGIN: 0cm 0cm 0pt; TEXT-INDENT: 18pt\">Veja a nova ordem de vota\u00e7\u00e3o estipulada hoje, conforme divulgado pela Assembleia:<\/p>\n<ul>\n<li class=\"MARGIN: 0cm 0cm 0pt; mso-margin-top-alt: auto; mso-margin-bottom-alt: auto; mso-list: l0 level1 lfo1; tab-stops: list 36.0pt\"><a href=\"http:\/\/proweb.procergs.com.br\/consulta_proposicao.asp?SiglaTipo=PL&amp;NroProposicao=246&amp;AnoProposicao=2016\" target=\"_blank\" rel=\"noopener noreferrer\">PL 246 2016<\/a>, do Poder Executivo, que autoriza a extin\u00e7\u00e3o da Funda\u00e7\u00e3o Zoobot\u00e2nica, da Cientec, da FEE, da Metroplan, da Funda\u00e7\u00e3o Piratini e Funda\u00e7\u00e3o para o Desenvolvimento de Recursos Humanos \u2013 FDRH. Se aprovado, durante o processo de extin\u00e7\u00e3o, prev\u00ea que os empregados dessas Funda\u00e7\u00f5es tenham seus contratos de trabalho rescindidos, no prazo de at\u00e9 180 dias, com pagamento das respectivas verbas rescis\u00f3rias, na forma da legisla\u00e7\u00e3o trabalhista.<\/li>\n<li class=\"MARGIN: 0cm 0cm 0pt; mso-margin-top-alt: auto; mso-margin-bottom-alt: auto; mso-list: l0 level1 lfo1; tab-stops: list 36.0pt\"><a href=\"http:\/\/proweb.procergs.com.br\/consulta_proposicao.asp?SiglaTipo=PL&amp;NroProposicao=240&amp;AnoProposicao=2016\" target=\"_blank\" rel=\"noopener noreferrer\">PL 240 2016<\/a>, do Poder Executivo, que extingue a Funda\u00e7\u00e3o Instituto Ga\u00facho de Tradi\u00e7\u00e3o e Folclore &#8211; FIGTF e a Funda\u00e7\u00e3o Estadual de Pesquisa Agropecu\u00e1ria \u2013 Fepagro. A proposta prev\u00ea que as atribui\u00e7\u00f5es e compet\u00eancias da Fepagro passar\u00e3o a ser desempenhadas pela Secretaria da Agricultura, Pecu\u00e1ria e irriga\u00e7\u00e3o, enquanto as da FIGTF passar\u00e3o para a Secretaria da Cultura, Turismo, Esporte e Lazer. Os quadros de Pessoal das referidas Funda\u00e7\u00f5es ficam em extin\u00e7\u00e3o, passando tamb\u00e9m a vincular-se \u00e0quelas Secretarias. Ainda, que todos os bens das funda\u00e7\u00f5es extintas reverter\u00e3o ao patrim\u00f4nio do Estado, podendo ser alienados.<\/li>\n<li class=\"MARGIN: 0cm 0cm 0pt; mso-margin-top-alt: auto; mso-margin-bottom-alt: auto; mso-list: l0 level1 lfo1; tab-stops: list 36.0pt\"><a href=\"http:\/\/proweb.procergs.com.br\/consulta_proposicao.asp?SiglaTipo=PL&amp;NroProposicao=244&amp;AnoProposicao=2016\" target=\"_blank\" rel=\"noopener noreferrer\">PL 244 2016<\/a>, do Poder Executivo, que extingue a Companhia Rio-grandense de Artes Gr\u00e1ficas \u2013 Corag. Os servidores cedidos \u00e0 Corag dever\u00e3o retornar aos seus \u00f3rg\u00e3os ou entidades de origem. A rescis\u00e3o de contratos de trabalho dever\u00e1 ser realizada sob a forma incentivada, mediante crit\u00e9rios definidos pelo Conselho de Administra\u00e7\u00e3o, tendo como limite o percentual de 10% da receita operacional anual da companhia.<\/li>\n<li class=\"MARGIN: 0cm 0cm 0pt; mso-margin-top-alt: auto; mso-margin-bottom-alt: auto; mso-list: l0 level1 lfo1; tab-stops: list 36.0pt\"><a href=\"http:\/\/proweb.procergs.com.br\/consulta_proposicao.asp?SiglaTipo=PL&amp;NroProposicao=242&amp;AnoProposicao=2016\" target=\"_blank\" rel=\"noopener noreferrer\">PL 242 2016<\/a>, do Poder Executivo,\u00a0\u00a0alterando a Lei n\u00ba 14.644, de 18 de dezembro de 2014, que institui o Di\u00e1rio Oficial Eletr\u00f4nico do Estado como meio oficial de comunica\u00e7\u00e3o dos atos do Estado do Rio Grande do Sul, estabelecendo, entre outros t\u00f3picos, a dispensa de circula\u00e7\u00e3o do Di\u00e1rio Oficial do Estado na sua vers\u00e3o impressa.<\/li>\n<li class=\"MARGIN: 0cm 0cm 0pt; mso-margin-top-alt: auto; mso-margin-bottom-alt: auto; mso-list: l0 level1 lfo1; tab-stops: list 36.0pt\"><a href=\"http:\/\/proweb.procergs.com.br\/consulta_proposicao.asp?SiglaTipo=PL&amp;NroProposicao=251&amp;AnoProposicao=2016\" target=\"_blank\" rel=\"noopener noreferrer\">PL 251 2016<\/a>, do Poder Executivo, extinguindo a Superintend\u00eancia de Porto e Hidrovias de Porto Alegre \u2013 SPH.<\/li>\n<li class=\"MARGIN: 0cm 0cm 0pt; mso-margin-top-alt: auto; mso-margin-bottom-alt: auto; mso-list: l0 level1 lfo1; tab-stops: list 36.0pt\"><a href=\"http:\/\/proweb.procergs.com.br\/consulta_proposicao.asp?SiglaTipo=PL&amp;NroProposicao=301&amp;AnoProposicao=2015\" target=\"_blank\" rel=\"noopener noreferrer\">PL 301 2015<\/a>, do Poder Executivo, que extingue a Funda\u00e7\u00e3o Estadual de Produ\u00e7\u00e3o e Pesquisa em Sa\u00fade &#8211; Fepps.<\/li>\n<li><a href=\"http:\/\/proweb.procergs.com.br\/consulta_proposicao.asp?SiglaTipo=PEC&amp;NroProposicao=242&amp;AnoProposicao=2015\" target=\"_blank\" rel=\"noopener noreferrer\">PEC 242 2015<\/a>, que extingue a licen\u00e7a-pr\u00eamio assiduidade do servidor estadual, cria a licen\u00e7a capacita\u00e7\u00e3o, altera a reda\u00e7\u00e3o do \u00a7 4\u00ba do artigo 33 da Constitui\u00e7\u00e3o do Estado do Rio Grande do Sul e d\u00e1 outras provid\u00eancias.<\/li>\n<li class=\"MARGIN: 0cm 0cm 0pt; mso-margin-top-alt: auto; mso-margin-bottom-alt: auto; mso-list: l0 level1 lfo1; tab-stops: list 36.0pt\"><a href=\"http:\/\/proweb.procergs.com.br\/consulta_proposicao.asp?SiglaTipo=PL&amp;NroProposicao=250&amp;AnoProposicao=2016\" target=\"_blank\" rel=\"noopener noreferrer\">PL 250 2016<\/a>, do Poder Executivo, que introduz modifica\u00e7\u00f5es na de 2014, que disp\u00f5e sobre o Plano de Classifica\u00e7\u00e3o de Cargos e Vencimentos do Instituto-Geral de Per\u00edcias \u2013 IGP, visando \u00e0 retirada do regime de dedica\u00e7\u00e3o exclusiva dos servidores, bem como adaptando a lei \u00e0s necessidades t\u00e9cnico-cient\u00edficas da atividade pericial nos processos seletivos de novos servidores.<\/li>\n<li class=\"MARGIN: 0cm 0cm 0pt; mso-margin-top-alt: auto; mso-margin-bottom-alt: auto; mso-list: l0 level1 lfo1; tab-stops: list 36.0pt\"><a href=\"http:\/\/proweb.procergs.com.br\/consulta_proposicao.asp?SiglaTipo=PL&amp;NroProposicao=241&amp;AnoProposicao=2016\" target=\"_blank\" rel=\"noopener noreferrer\">PL 241 2016<\/a>, do Poder Executivo, alterando a Lei n\u00ba 10.996, de 18 de agosto de 1997, que estabelece benef\u00edcio ao servidor integrante dos \u00f3rg\u00e3os operacionais da Secretaria da Justi\u00e7a e da Seguran\u00e7a, ou ao seu benefici\u00e1rio, na ocorr\u00eancia dos eventos \u201cinvalidez permanente, total ou parcial, ou morte\u201d, ocorridos em servi\u00e7o. A proposta fixa o benef\u00edcio em 3.000\u00a0 UPFs. Emenda do deputado Bombeiro Bianchini (PPL), pretende 10.000 UPFs para o caso de morte e 3.000 UPFs aos casos de invalidez permanente total ou parcial.<\/li>\n<li class=\"MARGIN: 0cm 0cm 0pt; mso-margin-top-alt: auto; mso-margin-bottom-alt: auto; mso-list: l0 level1 lfo1; tab-stops: list 36.0pt\"><a href=\"http:\/\/proweb.procergs.com.br\/consulta_proposicao.asp?SiglaTipo=PLC&amp;NroProposicao=252&amp;AnoProposicao=2016\" target=\"_blank\" rel=\"noopener noreferrer\">PLC 252 2016<\/a>, do Poder Executivo, alterando as leis que disp\u00f5em sobre o Regime Pr\u00f3prio da Previd\u00eancia do Estado e sobre o Instituto de Previd\u00eancia do Estado, elevando para 14% a al\u00edquota da contribui\u00e7\u00e3o previdenci\u00e1ria mensal descontada dos segurados civis ativos, inativos e pensionistas. O projeto tamb\u00e9m busca aplicar o teto constitucional quando da percep\u00e7\u00e3o cumulativa de benef\u00edcio pens\u00e3o por morte com vencimentos, de maneira a corrigir, segundo o Executivo, distor\u00e7\u00e3o atualmente existente.<\/li>\n<li class=\"MARGIN: 0cm 0cm 0pt; mso-margin-top-alt: auto; mso-margin-bottom-alt: auto; mso-list: l0 level1 lfo1; tab-stops: list 36.0pt\"><a href=\"http:\/\/proweb.procergs.com.br\/consulta_proposicao.asp?SiglaTipo=PLC&amp;NroProposicao=253&amp;AnoProposicao=2016\" target=\"_blank\" rel=\"noopener noreferrer\">PLC 253 2016<\/a>, do Poder Executivo, que introduz altera\u00e7\u00e3o na lei que disp\u00f5e sobre o Regime Pr\u00f3prio de Previd\u00eancia Social dos Servidores Militares do Estado do Rio Grande do Sul e que instituiu o Fundo Previdenci\u00e1rio dos Servidores Militares, elevando para 14% a al\u00edquota da contribui\u00e7\u00e3o previdenci\u00e1ria mensal dos segurados militares ativos, inativos e pensionistas.<\/li>\n<li class=\"MARGIN: 0cm 0cm 0pt; TEXT-AUTOSPACE: ; mso-list: l0 level1 lfo1; tab-stops: list 36.0pt; mso-layout-grid-align: none\"><a href=\"http:\/\/proweb.procergs.com.br\/consulta_proposicao.asp?SiglaTipo=PEC&amp;NroProposicao=256&amp;AnoProposicao=2016\" target=\"_blank\" rel=\"noopener noreferrer\">PEC 256 2016<\/a>, do Poder Executivo, que altera a reda\u00e7\u00e3o do inciso II do artigo 27 da Constitui\u00e7\u00e3o do Estado, que trata de servidores representantes de sindicatos e associa\u00e7\u00f5es de servidores. A nova reda\u00e7\u00e3o dada ao referido inciso, prev\u00ea que aos representantes das entidades mencionadas o desempenho da atividade, atrav\u00e9s de licen\u00e7a sem remunera\u00e7\u00e3o e desde que mantida a contribui\u00e7\u00e3o previdenci\u00e1ria.<\/li>\n<li class=\"MARGIN: 0cm 0cm 0pt; mso-margin-top-alt: auto; mso-margin-bottom-alt: auto; mso-list: l0 level1 lfo1; tab-stops: list 36.0pt\"><a href=\"http:\/\/proweb.procergs.com.br\/consulta_proposicao.asp?SiglaTipo=PL&amp;NroProposicao=214&amp;AnoProposicao=2015\" target=\"_blank\" rel=\"noopener noreferrer\">PL 214 2015<\/a>, do Poder Executivo, que trata dos cr\u00e9ditos presumidos. Pela proposta, a apropria\u00e7\u00e3o de cr\u00e9ditos fiscais presumidos fica limitada, nos exerc\u00edcios de 2016 a 2018, ao valor correspondente a 70% do total de cr\u00e9ditos fiscais presumidos a apropriar.<\/li>\n<li class=\"MARGIN: 0cm 0cm 0pt; TEXT-AUTOSPACE: ; mso-list: l0 level1 lfo1; tab-stops: list 36.0pt; mso-layout-grid-align: none\"><a href=\"http:\/\/proweb.procergs.com.br\/consulta_proposicao.asp?SiglaTipo=PEC&amp;NroProposicao=255&amp;AnoProposicao=2016\" target=\"_blank\" rel=\"noopener noreferrer\">PEC 255 2016<\/a>, do Poder Executivo, alterando o artigo 129 da Constitui\u00e7\u00e3o do Estado, excluindo\u00a0a guarda externa dos pres\u00eddios das atribui\u00e7\u00f5es da Brigada Militar.<\/li>\n<li class=\"MARGIN: 0cm 0cm 0pt; mso-margin-top-alt: auto; mso-margin-bottom-alt: auto; mso-list: l0 level1 lfo1; tab-stops: list 36.0pt\"><a href=\"http:\/\/proweb.procergs.com.br\/consulta_proposicao.asp?SiglaTipo=PEC&amp;NroProposicao=261&amp;AnoProposicao=2016\" target=\"_blank\" rel=\"noopener noreferrer\">PEC 261 2016<\/a>, do Poder Executivo, que altera a reda\u00e7\u00e3o do artigo 37 da Constitui\u00e7\u00e3o do Estado do Rio Grande do Sul.<\/li>\n<li class=\"MARGIN: 0cm 0cm 0pt; TEXT-AUTOSPACE: ; mso-list: l0 level1 lfo1; tab-stops: list 36.0pt; mso-layout-grid-align: none\"><a href=\"http:\/\/proweb.procergs.com.br\/consulta_proposicao.asp?SiglaTipo=PLC&amp;NroProposicao=243&amp;AnoProposicao=2016\" target=\"_blank\" rel=\"noopener noreferrer\">PLC 243 2016<\/a>, do Poder Executivo, que introduz modifica\u00e7\u00e3o na Lei Complementar n\u00ba 10.990, de 18 de agosto de 1997, que disp\u00f5e sobre o Estatuto dos Militares Estaduais. A proposta prev\u00ea a veda\u00e7\u00e3o de averba\u00e7\u00e3o da licen\u00e7a especial em dobro, \u00e0 semelhan\u00e7a dos demais servidores, porquanto trata-se de tempo ficto, vedado pela Carta Magna, bem como a substitui\u00e7\u00e3o desse instituto para a licen\u00e7a capacita\u00e7\u00e3o, n\u00e3o cumul\u00e1vel. Com essa medida os militares aumentar\u00e3o em tr\u00eas anos o tempo de efetivo servi\u00e7o. Ainda, a proposta eleva a idade m\u00e1xima para reserva compuls\u00f3ria e para a reforma, ajustando-se ao novo requisito de ingresso dos Oficiais da Carreira de N\u00edvel Superior e \u00e0 realidade f\u00e1tica do tempo efetivo nas carreiras, possibilitando que a idade m\u00e1xima n\u00e3o seja um entrave \u00e0queles que tem condi\u00e7\u00f5es e decidam por permanecer na ativa. Outra mudan\u00e7a \u00e9 a exig\u00eancia de no m\u00ednimo vinte e cinco anos de efetivo servi\u00e7o militar como condi\u00e7\u00e3o para a passagem \u00e0 reserva. A regra anterior n\u00e3o previa limites de averba\u00e7\u00e3o de tempo p\u00fablico ou privado anteriormente exercido. \u201cCom essa medida, estar-se-\u00e1 valorizando o tempo especial e aumentando a presta\u00e7\u00e3o do servi\u00e7o especial\u201d, justifica o Executivo.<\/li>\n<li class=\"MARGIN: 0cm 0cm 0pt; mso-margin-top-alt: auto; mso-margin-bottom-alt: auto; mso-list: l0 level1 lfo1; tab-stops: list 36.0pt\"><a href=\"http:\/\/proweb.procergs.com.br\/consulta_proposicao.asp?SiglaTipo=PLC&amp;NroProposicao=245&amp;AnoProposicao=2016\" target=\"_blank\" rel=\"noopener noreferrer\">PLC 245 2016<\/a>, do Poder Executivo, que introduz altera\u00e7\u00f5es na Lei 2009, que disp\u00f5e sobre o Quadro Especial de Servidores Penitenci\u00e1rios do Estado do Rio Grande do Sul, da Superintend\u00eancia dos Servi\u00e7os Penitenci\u00e1rios \u2013 Susepe, visando \u00e0 retirada do regime de plant\u00e3o de 24 horas aos servidores do quadro, bem como qualificando as categorias funcionais do quadro como agentes prisionais, submetidos ao regime de dedica\u00e7\u00e3o exclusiva.<\/li>\n<li class=\"MARGIN: 0cm 0cm 0pt; mso-margin-top-alt: auto; mso-margin-bottom-alt: auto; mso-list: l0 level1 lfo1; tab-stops: list 36.0pt\"><a href=\"http:\/\/proweb.procergs.com.br\/consulta_proposicao.asp?SiglaTipo=PEC&amp;NroProposicao=260&amp;AnoProposicao=2016\" target=\"_blank\" rel=\"noopener noreferrer\">PEC 260 2016<\/a>, do Poder Executivo, que altera o artigo 156 da Constitui\u00e7\u00e3o do Estado do estabelecendo que os recursos or\u00e7ament\u00e1rio (duod\u00e9cimos) destinados ao Legislativo, ao Judici\u00e1rio, ao Minist\u00e9rio P\u00fablico, ao Tribunal de Contas\u00a0e \u00e0 Defensoria P\u00fablica dever\u00e3o ser proporcionais \u00e0 Receita Corrente L\u00edquida efetivamente arrecadada pelo Executivo, limitados aos montantes previstos nas dota\u00e7\u00f5es or\u00e7ament\u00e1rias.<\/li>\n<li class=\"MARGIN: 0cm 0cm 0pt; mso-margin-top-alt: auto; mso-margin-bottom-alt: auto; mso-list: l0 level1 lfo1; tab-stops: list 36.0pt\"><a href=\"http:\/\/proweb.procergs.com.br\/consulta_proposicao.asp?SiglaTipo=PEC&amp;NroProposicao=258&amp;AnoProposicao=2016\" target=\"_blank\" rel=\"noopener noreferrer\">PEC 258 2016<\/a>, do Poder Executivo, que extingue o direito aos adicionais por tempo de servi\u00e7o aos servidores estaduais.<\/li>\n<li class=\"MARGIN: 0cm 0cm 0pt; mso-margin-top-alt: auto; mso-margin-bottom-alt: auto; mso-list: l0 level1 lfo1; tab-stops: list 36.0pt\"><a href=\"http:\/\/proweb.procergs.com.br\/consulta_proposicao.asp?SiglaTipo=PEC&amp;NroProposicao=257&amp;AnoProposicao=2016\" target=\"_blank\" rel=\"noopener noreferrer\">PEC 257 2016<\/a>, do Poder Executivo, revogando o artigo constitucional que estabelece o \u00faltimo dia do m\u00eas para pagamento dos servidores p\u00fablicos, bem como a data de 20 de dezembro para o pagamento do 13\u00ba sal\u00e1rio.<\/li>\n<li class=\"MARGIN: 0cm 0cm 0pt; mso-margin-top-alt: auto; mso-margin-bottom-alt: auto; mso-list: l0 level1 lfo1; tab-stops: list 36.0pt\"><a href=\"http:\/\/proweb.procergs.com.br\/consulta_proposicao.asp?SiglaTipo=PEC&amp;NroProposicao=259&amp;AnoProposicao=2016\" target=\"_blank\" rel=\"noopener noreferrer\">PEC 259 2016<\/a>, do Poder Executivo, promovendo altera\u00e7\u00f5es na Constitui\u00e7\u00e3o Estadual, com o objetivo de retirar a necessidade de consulta plebiscit\u00e1ria para os casos de aliena\u00e7\u00e3o, transfer\u00eancia do controle acion\u00e1rio, cis\u00e3o, incorpora\u00e7\u00e3o, fus\u00e3o ou extin\u00e7\u00e3o da CEEE, da CRM e da Sulg\u00e1s.<\/li>\n<li class=\"MARGIN: 0cm 0cm 0pt; mso-margin-top-alt: auto; mso-margin-bottom-alt: auto; mso-list: l0 level1 lfo1; tab-stops: list 36.0pt\"><a href=\"http:\/\/proweb.procergs.com.br\/consulta_proposicao.asp?SiglaTipo=PL&amp;NroProposicao=195&amp;AnoProposicao=2016\" target=\"_blank\" rel=\"noopener noreferrer\">PL 195 2016<\/a>, do Poder Judici\u00e1rio dispondo sobre os emolumentos dos servi\u00e7os notariais e de registro, altera o Selo Digital de Fiscaliza\u00e7\u00e3o Notarial e Registral, o Fundo Notarial e Registral.<\/li>\n<li class=\"MARGIN: 0cm 0cm 0pt; mso-margin-top-alt: auto; mso-margin-bottom-alt: auto; mso-list: l0 level1 lfo1; tab-stops: list 36.0pt\"><a href=\"http:\/\/proweb.procergs.com.br\/consulta_proposicao.asp?SiglaTipo=PL&amp;NroProposicao=97&amp;AnoProposicao=2016\" target=\"_blank\" rel=\"noopener noreferrer\">PL 97 2016<\/a>, do Poder Judici\u00e1rio, dispondo sobre altera\u00e7\u00f5es na lei da Taxa \u00danica de Servi\u00e7os Judiciais.<\/li>\n<li class=\"MARGIN: 0cm 0cm 0pt; mso-margin-top-alt: auto; mso-margin-bottom-alt: auto; mso-list: l0 level1 lfo1; tab-stops: list 36.0pt\"><a href=\"http:\/\/proweb.procergs.com.br\/consulta_proposicao.asp?SiglaTipo=PL&amp;NroProposicao=248&amp;AnoProposicao=2016\" target=\"_blank\" rel=\"noopener noreferrer\">PL 248 2016<\/a>, do Poder Executivo, que cria uma gratifica\u00e7\u00e3o por desempenho de atividade prisional \u2013 GDAP- para os militares estaduais que prestam transitoriamente servi\u00e7os no sistema prisional do Estado. A GDAP, proporcional ao n\u00famero de dias trabalhados, ter\u00e3o os seguintes valores; Soldado \u2013 R$ 1.770,00; 3\u00ba, 2\u00ba e 1\u00ba Sargento, R$ 2.025,00; 2\u00ba e 1\u00ba Tenente, R$ 2.245,00, e Capit\u00e3o, Major, Tenente Coronel e Coronel, R$ R$ 2.454,00.<\/li>\n<li><a href=\"http:\/\/proweb.procergs.com.br\/consulta_proposicao.asp?SiglaTipo=PL&amp;NroProposicao=254&amp;AnoProposicao=2016\" target=\"_blank\" rel=\"noopener noreferrer\">PL 254 2016<\/a>, que altera a Lei n\u00ba 14.716, de 30 de julho de 2015, que disp\u00f5e sobre as diretrizes para a elabora\u00e7\u00e3o da Lei Or\u00e7ament\u00e1ria para o exerc\u00edcio econ\u00f4mico financeiro de 2016, e d\u00e1 outras provid\u00eancias.<\/li>\n<\/ul>\n<p>&nbsp;<\/p>\n","protected":false},"excerpt":{"rendered":"<p>S\u00e3o nove as funda\u00e7\u00f5es que o governo Sartori quer fechar.\u00a0 O exterm\u00ednio delas est\u00e1 em tr\u00eas projeto de lei, que tramitaram na Assembleia Legislativa em regime de urg\u00eancia. Sartori quer tudo acabado ainda este ano. Em tese, bastariam 15 votos, e esta parte do pacote estaria aprovada. Para um projeto de lei, \u00e9 suficiente a [&hellip;]<\/p>\n","protected":false},"author":4,"featured_media":42571,"comment_status":"open","ping_status":"closed","sticky":false,"template":"","format":"standard","meta":{"_jetpack_newsletter_access":"","_jetpack_dont_email_post_to_subs":false,"_jetpack_newsletter_tier_id":0,"_jetpack_memberships_contains_paywalled_content":false,"_jetpack_feature_clip_id":0,"_jetpack_memberships_contains_paid_content":false,"footnotes":"","jetpack_post_was_ever_published":false},"categories":[26],"tags":[],"class_list":["post-42525","post","type-post","status-publish","format-standard","has-post-thumbnail","hentry","category-geral"],"aioseo_notices":[],"aioseo_head":"\n\t\t<!-- All in One SEO 5.0.1.1 - aioseo.com -->\n\t<meta name=\"robots\" content=\"max-image-preview:large\" \/>\n\t<meta name=\"author\" content=\"da Reda\u00e7\u00e3o\"\/>\n\t<link rel=\"canonical\" href=\"https:\/\/www.jornalja.com.br\/arquivo\/deputados-comecam-sessao-pelo-projeto-que-acaba-com-fundacoes\/\" \/>\n\t<meta name=\"generator\" content=\"All in One SEO (AIOSEO) 5.0.1.1\" \/>\n\t\t<meta property=\"og:locale\" content=\"pt_BR\" \/>\n\t\t<meta property=\"og:site_name\" content=\"Arquivo | Jornal J\u00c1 | Porto Alegre\" \/>\n\t\t<meta property=\"og:type\" content=\"article\" \/>\n\t\t<meta property=\"og:title\" content=\"Deputados come\u00e7am sess\u00e3o pelo projeto que acaba com funda\u00e7\u00f5es | Arquivo\" \/>\n\t\t<meta property=\"og:url\" content=\"https:\/\/www.jornalja.com.br\/arquivo\/deputados-comecam-sessao-pelo-projeto-que-acaba-com-fundacoes\/\" \/>\n\t\t<meta property=\"og:image\" content=\"https:\/\/www.jornalja.com.br\/economics\/wp-content\/uploads\/sites\/11\/2026\/08\/ja-folhaderosto-facebook.jpg\" \/>\n\t\t<meta property=\"og:image:secure_url\" content=\"https:\/\/www.jornalja.com.br\/economics\/wp-content\/uploads\/sites\/11\/2026\/08\/ja-folhaderosto-facebook.jpg\" \/>\n\t\t<meta property=\"article:published_time\" content=\"2016-12-20T17:22:45+00:00\" \/>\n\t\t<meta property=\"article:modified_time\" content=\"2016-12-20T17:22:45+00:00\" \/>\n\t\t<meta name=\"twitter:card\" content=\"summary\" \/>\n\t\t<meta name=\"twitter:title\" content=\"Deputados come\u00e7am sess\u00e3o pelo projeto que acaba com funda\u00e7\u00f5es | Arquivo\" \/>\n\t\t<meta name=\"twitter:image\" content=\"https:\/\/www.jornalja.com.br\/economics\/wp-content\/uploads\/sites\/11\/2026\/08\/ja-folhaderosto-facebook.jpg\" \/>\n\t\t<script type=\"application\/ld+json\" class=\"aioseo-schema\">\n\t\t\t{\"@context\":\"https:\\\/\\\/schema.org\",\"@graph\":[{\"@type\":\"BlogPosting\",\"@id\":\"https:\\\/\\\/www.jornalja.com.br\\\/arquivo\\\/deputados-comecam-sessao-pelo-projeto-que-acaba-com-fundacoes\\\/#blogposting\",\"name\":\"Deputados come\\u00e7am sess\\u00e3o pelo projeto que acaba com funda\\u00e7\\u00f5es | Arquivo\",\"headline\":\"Deputados come\\u00e7am sess\\u00e3o pelo projeto que acaba com funda\\u00e7\\u00f5es\",\"author\":{\"@id\":\"https:\\\/\\\/www.jornalja.com.br\\\/arquivo\\\/author\\\/daredacao\\\/#author\"},\"publisher\":{\"@id\":\"https:\\\/\\\/www.jornalja.com.br\\\/arquivo\\\/#organization\"},\"image\":{\"@type\":\"ImageObject\",\"url\":42571},\"datePublished\":\"2016-12-20T14:22:45-02:00\",\"dateModified\":\"2016-12-20T14:22:45-02:00\",\"inLanguage\":\"pt-BR\",\"mainEntityOfPage\":{\"@id\":\"https:\\\/\\\/www.jornalja.com.br\\\/arquivo\\\/deputados-comecam-sessao-pelo-projeto-que-acaba-com-fundacoes\\\/#webpage\"},\"isPartOf\":{\"@id\":\"https:\\\/\\\/www.jornalja.com.br\\\/arquivo\\\/deputados-comecam-sessao-pelo-projeto-que-acaba-com-fundacoes\\\/#webpage\"},\"articleSection\":\"Geral\"},{\"@type\":\"BreadcrumbList\",\"@id\":\"https:\\\/\\\/www.jornalja.com.br\\\/arquivo\\\/deputados-comecam-sessao-pelo-projeto-que-acaba-com-fundacoes\\\/#breadcrumblist\",\"itemListElement\":[{\"@type\":\"ListItem\",\"@id\":\"https:\\\/\\\/www.jornalja.com.br\\\/arquivo#listItem\",\"position\":1,\"name\":\"Home\",\"item\":\"https:\\\/\\\/www.jornalja.com.br\\\/arquivo\",\"nextItem\":{\"@type\":\"ListItem\",\"@id\":\"https:\\\/\\\/www.jornalja.com.br\\\/arquivo\\\/category\\\/geral\\\/#listItem\",\"name\":\"Geral\"}},{\"@type\":\"ListItem\",\"@id\":\"https:\\\/\\\/www.jornalja.com.br\\\/arquivo\\\/category\\\/geral\\\/#listItem\",\"position\":2,\"name\":\"Geral\",\"item\":\"https:\\\/\\\/www.jornalja.com.br\\\/arquivo\\\/category\\\/geral\\\/\",\"nextItem\":{\"@type\":\"ListItem\",\"@id\":\"https:\\\/\\\/www.jornalja.com.br\\\/arquivo\\\/deputados-comecam-sessao-pelo-projeto-que-acaba-com-fundacoes\\\/#listItem\",\"name\":\"Deputados come\\u00e7am sess\\u00e3o pelo projeto que acaba com funda\\u00e7\\u00f5es\"},\"previousItem\":{\"@type\":\"ListItem\",\"@id\":\"https:\\\/\\\/www.jornalja.com.br\\\/arquivo#listItem\",\"name\":\"Home\"}},{\"@type\":\"ListItem\",\"@id\":\"https:\\\/\\\/www.jornalja.com.br\\\/arquivo\\\/deputados-comecam-sessao-pelo-projeto-que-acaba-com-fundacoes\\\/#listItem\",\"position\":3,\"name\":\"Deputados come\\u00e7am sess\\u00e3o pelo projeto que acaba com funda\\u00e7\\u00f5es\",\"previousItem\":{\"@type\":\"ListItem\",\"@id\":\"https:\\\/\\\/www.jornalja.com.br\\\/arquivo\\\/category\\\/geral\\\/#listItem\",\"name\":\"Geral\"}}]},{\"@type\":\"Organization\",\"@id\":\"https:\\\/\\\/www.jornalja.com.br\\\/arquivo\\\/#organization\",\"name\":\"Jornal J\\u00c1\",\"description\":\"Jornal J\\u00c1 | Porto Alegre\",\"url\":\"https:\\\/\\\/www.jornalja.com.br\\\/arquivo\\\/\",\"telephone\":\"+555133307272\",\"logo\":{\"@type\":\"ImageObject\",\"url\":\"https:\\\/\\\/www.jornalja.com.br\\\/wp-content\\\/uploads\\\/cards\\\/JAslogan.png\",\"@id\":\"https:\\\/\\\/www.jornalja.com.br\\\/arquivo\\\/deputados-comecam-sessao-pelo-projeto-que-acaba-com-fundacoes\\\/#organizationLogo\"},\"image\":{\"@id\":\"https:\\\/\\\/www.jornalja.com.br\\\/arquivo\\\/deputados-comecam-sessao-pelo-projeto-que-acaba-com-fundacoes\\\/#organizationLogo\"}},{\"@type\":\"Person\",\"@id\":\"https:\\\/\\\/www.jornalja.com.br\\\/arquivo\\\/author\\\/daredacao\\\/#author\",\"url\":\"https:\\\/\\\/www.jornalja.com.br\\\/arquivo\\\/author\\\/daredacao\\\/\",\"name\":\"da Reda\\u00e7\\u00e3o\",\"image\":{\"@type\":\"ImageObject\",\"@id\":\"https:\\\/\\\/www.jornalja.com.br\\\/arquivo\\\/deputados-comecam-sessao-pelo-projeto-que-acaba-com-fundacoes\\\/#authorImage\",\"url\":\"https:\\\/\\\/secure.gravatar.com\\\/avatar\\\/469fd857d6605ad19919d27ed29d35a968a25f6e8fd9318356bbb7f57aae9c65?s=96&d=mm&r=g\",\"width\":96,\"height\":96,\"caption\":\"da Reda\\u00e7\\u00e3o\"}},{\"@type\":\"WebPage\",\"@id\":\"https:\\\/\\\/www.jornalja.com.br\\\/arquivo\\\/deputados-comecam-sessao-pelo-projeto-que-acaba-com-fundacoes\\\/#webpage\",\"url\":\"https:\\\/\\\/www.jornalja.com.br\\\/arquivo\\\/deputados-comecam-sessao-pelo-projeto-que-acaba-com-fundacoes\\\/\",\"name\":\"Deputados come\\u00e7am sess\\u00e3o pelo projeto que acaba com funda\\u00e7\\u00f5es | Arquivo\",\"inLanguage\":\"pt-BR\",\"isPartOf\":{\"@id\":\"https:\\\/\\\/www.jornalja.com.br\\\/arquivo\\\/#website\"},\"breadcrumb\":{\"@id\":\"https:\\\/\\\/www.jornalja.com.br\\\/arquivo\\\/deputados-comecam-sessao-pelo-projeto-que-acaba-com-fundacoes\\\/#breadcrumblist\"},\"author\":{\"@id\":\"https:\\\/\\\/www.jornalja.com.br\\\/arquivo\\\/author\\\/daredacao\\\/#author\"},\"creator\":{\"@id\":\"https:\\\/\\\/www.jornalja.com.br\\\/arquivo\\\/author\\\/daredacao\\\/#author\"},\"image\":{\"@type\":\"ImageObject\",\"url\":42571,\"@id\":\"https:\\\/\\\/www.jornalja.com.br\\\/arquivo\\\/deputados-comecam-sessao-pelo-projeto-que-acaba-com-fundacoes\\\/#mainImage\"},\"primaryImageOfPage\":{\"@id\":\"https:\\\/\\\/www.jornalja.com.br\\\/arquivo\\\/deputados-comecam-sessao-pelo-projeto-que-acaba-com-fundacoes\\\/#mainImage\"},\"datePublished\":\"2016-12-20T14:22:45-02:00\",\"dateModified\":\"2016-12-20T14:22:45-02:00\"},{\"@type\":\"WebSite\",\"@id\":\"https:\\\/\\\/www.jornalja.com.br\\\/arquivo\\\/#website\",\"url\":\"https:\\\/\\\/www.jornalja.com.br\\\/arquivo\\\/\",\"name\":\"Arquivo\",\"description\":\"Jornal J\\u00c1 | Porto Alegre\",\"inLanguage\":\"pt-BR\",\"publisher\":{\"@id\":\"https:\\\/\\\/www.jornalja.com.br\\\/arquivo\\\/#organization\"}}]}\n\t\t<\/script>\n\t\t<!-- All in One SEO -->\n\n","aioseo_head_json":{"title":"Deputados come\u00e7am sess\u00e3o pelo projeto que acaba com funda\u00e7\u00f5es | Arquivo","description":"","canonical_url":"https:\/\/www.jornalja.com.br\/arquivo\/deputados-comecam-sessao-pelo-projeto-que-acaba-com-fundacoes\/","robots":"max-image-preview:large","keywords":"","webmasterTools":{"miscellaneous":""},"schema":{"@context":"https:\/\/schema.org","@graph":[{"@type":"BlogPosting","@id":"https:\/\/www.jornalja.com.br\/arquivo\/deputados-comecam-sessao-pelo-projeto-que-acaba-com-fundacoes\/#blogposting","name":"Deputados come\u00e7am sess\u00e3o pelo projeto que acaba com funda\u00e7\u00f5es | Arquivo","headline":"Deputados come\u00e7am sess\u00e3o pelo projeto que acaba com funda\u00e7\u00f5es","author":{"@id":"https:\/\/www.jornalja.com.br\/arquivo\/author\/daredacao\/#author"},"publisher":{"@id":"https:\/\/www.jornalja.com.br\/arquivo\/#organization"},"image":{"@type":"ImageObject","url":42571},"datePublished":"2016-12-20T14:22:45-02:00","dateModified":"2016-12-20T14:22:45-02:00","inLanguage":"pt-BR","mainEntityOfPage":{"@id":"https:\/\/www.jornalja.com.br\/arquivo\/deputados-comecam-sessao-pelo-projeto-que-acaba-com-fundacoes\/#webpage"},"isPartOf":{"@id":"https:\/\/www.jornalja.com.br\/arquivo\/deputados-comecam-sessao-pelo-projeto-que-acaba-com-fundacoes\/#webpage"},"articleSection":"Geral"},{"@type":"BreadcrumbList","@id":"https:\/\/www.jornalja.com.br\/arquivo\/deputados-comecam-sessao-pelo-projeto-que-acaba-com-fundacoes\/#breadcrumblist","itemListElement":[{"@type":"ListItem","@id":"https:\/\/www.jornalja.com.br\/arquivo#listItem","position":1,"name":"Home","item":"https:\/\/www.jornalja.com.br\/arquivo","nextItem":{"@type":"ListItem","@id":"https:\/\/www.jornalja.com.br\/arquivo\/category\/geral\/#listItem","name":"Geral"}},{"@type":"ListItem","@id":"https:\/\/www.jornalja.com.br\/arquivo\/category\/geral\/#listItem","position":2,"name":"Geral","item":"https:\/\/www.jornalja.com.br\/arquivo\/category\/geral\/","nextItem":{"@type":"ListItem","@id":"https:\/\/www.jornalja.com.br\/arquivo\/deputados-comecam-sessao-pelo-projeto-que-acaba-com-fundacoes\/#listItem","name":"Deputados come\u00e7am sess\u00e3o pelo projeto que acaba com funda\u00e7\u00f5es"},"previousItem":{"@type":"ListItem","@id":"https:\/\/www.jornalja.com.br\/arquivo#listItem","name":"Home"}},{"@type":"ListItem","@id":"https:\/\/www.jornalja.com.br\/arquivo\/deputados-comecam-sessao-pelo-projeto-que-acaba-com-fundacoes\/#listItem","position":3,"name":"Deputados come\u00e7am sess\u00e3o pelo projeto que acaba com funda\u00e7\u00f5es","previousItem":{"@type":"ListItem","@id":"https:\/\/www.jornalja.com.br\/arquivo\/category\/geral\/#listItem","name":"Geral"}}]},{"@type":"Organization","@id":"https:\/\/www.jornalja.com.br\/arquivo\/#organization","name":"Jornal J\u00c1","description":"Jornal J\u00c1 | Porto Alegre","url":"https:\/\/www.jornalja.com.br\/arquivo\/","telephone":"+555133307272","logo":{"@type":"ImageObject","url":"https:\/\/www.jornalja.com.br\/wp-content\/uploads\/cards\/JAslogan.png","@id":"https:\/\/www.jornalja.com.br\/arquivo\/deputados-comecam-sessao-pelo-projeto-que-acaba-com-fundacoes\/#organizationLogo"},"image":{"@id":"https:\/\/www.jornalja.com.br\/arquivo\/deputados-comecam-sessao-pelo-projeto-que-acaba-com-fundacoes\/#organizationLogo"}},{"@type":"Person","@id":"https:\/\/www.jornalja.com.br\/arquivo\/author\/daredacao\/#author","url":"https:\/\/www.jornalja.com.br\/arquivo\/author\/daredacao\/","name":"da Reda\u00e7\u00e3o","image":{"@type":"ImageObject","@id":"https:\/\/www.jornalja.com.br\/arquivo\/deputados-comecam-sessao-pelo-projeto-que-acaba-com-fundacoes\/#authorImage","url":"https:\/\/secure.gravatar.com\/avatar\/469fd857d6605ad19919d27ed29d35a968a25f6e8fd9318356bbb7f57aae9c65?s=96&d=mm&r=g","width":96,"height":96,"caption":"da Reda\u00e7\u00e3o"}},{"@type":"WebPage","@id":"https:\/\/www.jornalja.com.br\/arquivo\/deputados-comecam-sessao-pelo-projeto-que-acaba-com-fundacoes\/#webpage","url":"https:\/\/www.jornalja.com.br\/arquivo\/deputados-comecam-sessao-pelo-projeto-que-acaba-com-fundacoes\/","name":"Deputados come\u00e7am sess\u00e3o pelo projeto que acaba com funda\u00e7\u00f5es | Arquivo","inLanguage":"pt-BR","isPartOf":{"@id":"https:\/\/www.jornalja.com.br\/arquivo\/#website"},"breadcrumb":{"@id":"https:\/\/www.jornalja.com.br\/arquivo\/deputados-comecam-sessao-pelo-projeto-que-acaba-com-fundacoes\/#breadcrumblist"},"author":{"@id":"https:\/\/www.jornalja.com.br\/arquivo\/author\/daredacao\/#author"},"creator":{"@id":"https:\/\/www.jornalja.com.br\/arquivo\/author\/daredacao\/#author"},"image":{"@type":"ImageObject","url":42571,"@id":"https:\/\/www.jornalja.com.br\/arquivo\/deputados-comecam-sessao-pelo-projeto-que-acaba-com-fundacoes\/#mainImage"},"primaryImageOfPage":{"@id":"https:\/\/www.jornalja.com.br\/arquivo\/deputados-comecam-sessao-pelo-projeto-que-acaba-com-fundacoes\/#mainImage"},"datePublished":"2016-12-20T14:22:45-02:00","dateModified":"2016-12-20T14:22:45-02:00"},{"@type":"WebSite","@id":"https:\/\/www.jornalja.com.br\/arquivo\/#website","url":"https:\/\/www.jornalja.com.br\/arquivo\/","name":"Arquivo","description":"Jornal J\u00c1 | Porto Alegre","inLanguage":"pt-BR","publisher":{"@id":"https:\/\/www.jornalja.com.br\/arquivo\/#organization"}}]},"og:locale":"pt_BR","og:site_name":"Arquivo | Jornal J\u00c1 | Porto Alegre","og:type":"article","og:title":"Deputados come\u00e7am sess\u00e3o pelo projeto que acaba com funda\u00e7\u00f5es | Arquivo","og:url":"https:\/\/www.jornalja.com.br\/arquivo\/deputados-comecam-sessao-pelo-projeto-que-acaba-com-fundacoes\/","og:image":"https:\/\/www.jornalja.com.br\/economics\/wp-content\/uploads\/sites\/11\/2026\/08\/ja-folhaderosto-facebook.jpg","og:image:secure_url":"https:\/\/www.jornalja.com.br\/economics\/wp-content\/uploads\/sites\/11\/2026\/08\/ja-folhaderosto-facebook.jpg","article:published_time":"2016-12-20T17:22:45+00:00","article:modified_time":"2016-12-20T17:22:45+00:00","twitter:card":"summary","twitter:title":"Deputados come\u00e7am sess\u00e3o pelo projeto que acaba com funda\u00e7\u00f5es | Arquivo","twitter:image":"https:\/\/www.jornalja.com.br\/economics\/wp-content\/uploads\/sites\/11\/2026\/08\/ja-folhaderosto-facebook.jpg"},"aioseo_meta_data":{"post_id":"42525","title":null,"description":null,"keywords":null,"keyphrases":null,"primary_term":null,"canonical_url":null,"og_title":null,"og_description":null,"og_object_type":"default","og_image_type":"default","og_image_url":null,"og_image_width":null,"og_image_height":null,"og_image_custom_url":null,"og_image_custom_fields":null,"og_video":null,"og_custom_url":null,"og_article_section":null,"og_article_tags":null,"twitter_use_og":false,"twitter_card":"default","twitter_image_type":"default","twitter_image_url":null,"twitter_image_custom_url":null,"twitter_image_custom_fields":null,"twitter_title":null,"twitter_description":null,"schema":{"blockGraphs":[],"customGraphs":[],"default":{"data":{"Article":[],"Course":[],"Dataset":[],"FAQPage":[],"Movie":[],"Person":[],"Product":[],"ProductReview":[],"Car":[],"Recipe":[],"Service":[],"SoftwareApplication":[],"WebPage":[]},"graphName":"","isEnabled":true},"graphs":[],"defaultGraph":"","defaultPostTypeGraph":""},"schema_type":null,"schema_type_options":null,"pillar_content":false,"robots_default":true,"robots_noindex":false,"robots_noarchive":false,"robots_nosnippet":false,"robots_nofollow":false,"robots_noimageindex":false,"robots_noodp":false,"robots_notranslate":false,"robots_max_snippet":null,"robots_max_videopreview":null,"robots_max_imagepreview":"large","priority":null,"frequency":null,"location":null,"local_seo":null,"breadcrumb_settings":null,"limit_modified_date":false,"ai":null,"created":"2020-12-20 20:44:21","updated":"2025-07-19 18:46:52","seo_analyzer_scan_date":null,"focus_keyword":null,"additional_keywords":null,"truseo_locale":null},"jetpack_sharing_enabled":true,"jetpack-related-posts":[{"id":13239,"url":"https:\/\/www.jornalja.com.br\/arquivo\/conselho-desdenha-do-plano-diretor\/","url_meta":{"origin":42525,"position":0},"title":"Porto Alegre: Conselho detona Plano Diretor","author":"Patr\u00edcia Marini","date":"25 de maio de 2014","format":false,"excerpt":"Den\u00fancia do arquiteto e \u00a0urbanista Ibir\u00e1 Santos Lucas. Ele diz que os conselheiros est\u00e3o votando com \"enorme irresponsabilidade\". \"Mudam regime com a maior naturalidade,,,regularizam absurdos de constru\u00e7\u00f5es irregulares... \"O CMDUA est\u00e1 flexibilizando a lei do plano diretor, de uma forma impactante na vida da cidade. Mudam regime com a maior\u2026","rel":"","context":"Em &quot;Geral&quot;","block_context":{"text":"Geral","link":"https:\/\/www.jornalja.com.br\/arquivo\/category\/geral\/"},"img":{"alt_text":"","src":"","width":0,"height":0},"classes":[]},{"id":13240,"url":"https:\/\/www.jornalja.com.br\/arquivo\/plano-diretor-estamos-construindo-o-caos\/","url_meta":{"origin":42525,"position":1},"title":"Plano diretor: &quot;Estamos construindo o caos&quot;","author":"Patr\u00edcia Marini","date":"26 de maio de 2014","format":false,"excerpt":"Desabafo que arquiteta Eliana Castilhos, delegada da Regi\u00e3o de Planejamento 1, postou nas redes sociais \u00e9 um testemunho do ambiente que se criou no Conselho do Plano Diretor de Porto Alegre, onde a aprova\u00e7\u00e3o de grandes empreendimentos \u00e9 empurrada guela abaixo dos conselheiros. Ao CMDUA Como delegada da Regi\u00e3o de\u2026","rel":"","context":"Em &quot;Geral&quot;","block_context":{"text":"Geral","link":"https:\/\/www.jornalja.com.br\/arquivo\/category\/geral\/"},"img":{"alt_text":"","src":"","width":0,"height":0},"classes":[]},{"id":13124,"url":"https:\/\/www.jornalja.com.br\/arquivo\/sangue-latino-no-iecine\/","url_meta":{"origin":42525,"position":2},"title":"Sangue latino no IECINE","author":"da Reda\u00e7\u00e3o","date":"18 de maio de 2014","format":false,"excerpt":"Francisco Ribeiro O Instituto Estadual de Cinema (IECINE) tem a frente, desde abril \u00faltimo, um novo diretor, o cineasta colombiano Juan Zapata, 36, que substitui Luiz Alberto Cassol. Radicado h\u00e1 dez anos em Porto Alegre, Zapata tem diante de si o desafio de conduzir at\u00e9 o final do ano um\u2026","rel":"","context":"Em &quot;Cultura-Geral&quot;","block_context":{"text":"Cultura-Geral","link":"https:\/\/www.jornalja.com.br\/arquivo\/category\/materiasecundaria\/"},"img":{"alt_text":"","src":"","width":0,"height":0},"classes":[]},{"id":13109,"url":"https:\/\/www.jornalja.com.br\/arquivo\/judiciario-reconhece-poluicao-eletromagnetica\/","url_meta":{"origin":42525,"position":3},"title":"Judici\u00e1rio reconhece polui\u00e7\u00e3o eletromagn\u00e9tica","author":"Patr\u00edcia Marini","date":"16 de maio de 2014","format":false,"excerpt":"A\u00e7\u00e3o de duas associa\u00e7\u00f5es de moradores foi acolhida pelo Tribunal de Justi\u00e7a de S\u00e3o Paulo que. em decis\u00e3o in\u00e9dita, determinou a redu\u00e7\u00e3o do campo eletromagn\u00e9tico gerado pelas linhas de transmiss\u00e3o de energia que cortam os bairros City Boa\u00e7ava e Alto de Pinheiros. \u00c9 a primeira vez que um tribunal do\u2026","rel":"","context":"Em &quot;X.Categorias velhas&quot;","block_context":{"text":"X.Categorias velhas","link":"https:\/\/www.jornalja.com.br\/arquivo\/category\/x-categorias-velhas\/"},"img":{"alt_text":"","src":"","width":0,"height":0},"classes":[]},{"id":5440,"url":"https:\/\/www.jornalja.com.br\/arquivo\/casarao-da-venancio-destino-permanece-incerto\/","url_meta":{"origin":42525,"position":4},"title":"Estado ainda n\u00e3o sabe o que fazer com casar\u00e3o abandonado h\u00e1 20 anos","author":"Elmar Bones","date":"6 de julho de 2009","format":false,"excerpt":"O casar\u00e3o amarelo, numa esquina nobre de Porto Alegre (Ven\u00e2ncio Aires com Jo\u00e3o Pessoa), j\u00e1 abrigou uma escola. H\u00e1 duas d\u00e9cadas, pelo menos, est\u00e1 abandonado, porque seu propriet\u00e1rio, o governo do Estado do Rio Grande do Sul, n\u00e3o consegue achar um destino para ele. Planos n\u00e3o faltaram. O governador Ol\u00edvio\u2026","rel":"","context":"Em &quot;X.Categorias velhas&quot;","block_context":{"text":"X.Categorias velhas","link":"https:\/\/www.jornalja.com.br\/arquivo\/category\/x-categorias-velhas\/"},"img":{"alt_text":"geraldo1","src":"https:\/\/i0.wp.com\/www.jornalja.com.br\/wp-content\/uploads\/2009\/07\/geraldo1.jpg?resize=350%2C200&ssl=1","width":350,"height":200},"classes":[]},{"id":14241,"url":"https:\/\/www.jornalja.com.br\/arquivo\/o-guaiba-nas-imagens-poeticas-de-achutti\/","url_meta":{"origin":42525,"position":5},"title":"O Gua\u00edba nas imagens po\u00e9ticas de Achutti","author":"da Reda\u00e7\u00e3o","date":"18 de junho de 2014","format":false,"excerpt":"Em \u201cO Gua\u00edba por Achutti\u201d \u2013 obra financiada via Minist\u00e9rio da Cultura, produ\u00e7\u00e3o executiva de Pedro Longhi, e Fl\u00e1vio Wild como designer \u2013, o fot\u00f3grafo revela a beleza e as mazelas de um espa\u00e7o aqu\u00e1tico de \u00e1guas sempre renovadas, cheio de hist\u00f3rias e lendas como as das cidades que foram\u2026","rel":"","context":"Em &quot;Cultura-Geral&quot;","block_context":{"text":"Cultura-Geral","link":"https:\/\/www.jornalja.com.br\/arquivo\/category\/materiasecundaria\/"},"img":{"alt_text":"","src":"","width":0,"height":0},"classes":[]}],"jetpack_shortlink":"https:\/\/wp.me\/pbQjBd-b3T","jetpack_featured_media_url":"","_links":{"self":[{"href":"https:\/\/www.jornalja.com.br\/arquivo\/wp-json\/wp\/v2\/posts\/42525","targetHints":{"allow":["GET"]}}],"collection":[{"href":"https:\/\/www.jornalja.com.br\/arquivo\/wp-json\/wp\/v2\/posts"}],"about":[{"href":"https:\/\/www.jornalja.com.br\/arquivo\/wp-json\/wp\/v2\/types\/post"}],"author":[{"embeddable":true,"href":"https:\/\/www.jornalja.com.br\/arquivo\/wp-json\/wp\/v2\/users\/4"}],"replies":[{"embeddable":true,"href":"https:\/\/www.jornalja.com.br\/arquivo\/wp-json\/wp\/v2\/comments?post=42525"}],"version-history":[{"count":0,"href":"https:\/\/www.jornalja.com.br\/arquivo\/wp-json\/wp\/v2\/posts\/42525\/revisions"}],"wp:attachment":[{"href":"https:\/\/www.jornalja.com.br\/arquivo\/wp-json\/wp\/v2\/media?parent=42525"}],"wp:term":[{"taxonomy":"category","embeddable":true,"href":"https:\/\/www.jornalja.com.br\/arquivo\/wp-json\/wp\/v2\/categories?post=42525"},{"taxonomy":"post_tag","embeddable":true,"href":"https:\/\/www.jornalja.com.br\/arquivo\/wp-json\/wp\/v2\/tags?post=42525"}],"curies":[{"name":"wp","href":"https:\/\/api.w.org\/{rel}","templated":true}]}}