{"id":42534,"date":"2016-12-19T19:06:52","date_gmt":"2016-12-19T22:06:52","guid":{"rendered":"https:\/\/www.jornalja.com.br\/?p=42534"},"modified":"2016-12-19T19:06:52","modified_gmt":"2016-12-19T22:06:52","slug":"pacote-de-sartori-confrontos-com-policia-marcam-primeiro-dia-de-votacao","status":"publish","type":"post","link":"https:\/\/www.jornalja.com.br\/arquivo\/pacote-de-sartori-confrontos-com-policia-marcam-primeiro-dia-de-votacao\/","title":{"rendered":"Pacote de Sartori: confrontos com pol\u00edcia marcam primeiro dia de vota\u00e7\u00e3o"},"content":{"rendered":"<p>Um clima de guerra se instalou na tarde desta segunda-feira na Pra\u00e7a da Matriz, onde est\u00e3o os poderes do Estado &#8211; pal\u00e1cio do governo, Tribunal de Justi\u00e7a, Assembl\u00e9ia Legislativa e a C\u00faria Metropolitana &#8211; em Porto Alegre.<br \/>\nEnquanto o debate esquentava entre os deputados no plen\u00e1rio da Assembl\u00e9ia, bombas, pedras, gritos e correrias agitavam a pra\u00e7a.<br \/>\nO cartunista Latuff gravou um <a href=\"http:\/\/www.facebook.com\/realcarloslatuff\/videos\/741610765977543\/\" target=\"_blank\" rel=\"noopener noreferrer\">v\u00eddeo do momento em que bombas eram lan\u00e7adas.<\/a><br \/>\nA Assembleia Legislativa estava desde a noite anterior cercada, com forte aparato policial. Deputados relataram, inclusive, a presen\u00e7a de policias do Batalh\u00e3o de Choque dentro do pr\u00e9dio.<br \/>\nManifestantes contr\u00e1rios ao pacote que est\u00e1 em vota\u00e7\u00e3o se mant\u00e9m em vig\u00edlia h\u00e1 v\u00e1rios dias. Desde cedo da manh\u00e3 se ouviam os incessantes buzina\u00e7os.<br \/>\nAo longo da tarde, foram pelo menos tr\u00eas momentos de conflitos, com a Brigada Militar atirando bombas de efeito moral contra os manifestantes, que revidavam com algumas pedras.<br \/>\n<figure id=\"attachment_42550\" aria-describedby=\"caption-attachment-42550\" style=\"width: 725px\" class=\"wp-caption alignnone\"><img loading=\"lazy\" decoding=\"async\" class=\"wp-image-42550 size-full\" src=\"https:\/\/www.jornalja.com.br\/wp-content\/uploads\/2016\/12\/20161219_0008_Ato-de-Black-Blocs-na-Pra\u00e7a-da-Matriz_por_Ramiro-Furquim__OAF4990.jpg\" alt=\"Em pelo menos tr\u00eas momentos, a Pra\u00e7a da Matriz foi palco de conflitos \/ Ramiro Furquim\/Jornal J\u00e1\" width=\"725\" height=\"482\" \/><figcaption id=\"caption-attachment-42550\" class=\"wp-caption-text\">Em pelo menos tr\u00eas momentos, a Pra\u00e7a da Matriz foi palco de conflitos \/ Ramiro Furquim\/Jornal J\u00e1<\/figcaption><\/figure><br \/>\nMais tarde, os servidores foram dispersados pelas bombas e o confronto seguiu pelas ruas do centro, com os policias perseguindo grupos de jovens mascarados.<br \/>\nNo plen\u00e1rio da casa, a pauta avan\u00e7ou muito pouco. Um acordo de l\u00edderes garantiu a vota\u00e7\u00e3o ainda nesta segunda-feira. Por\u00e9m, at\u00e9 o final da tarde, os deputados se revezavam ao microfone, defendendo ou contestando os projetos.<br \/>\nNo in\u00edcio da noite, a maioria dos manifestantes tinham dispersado. Na pra\u00e7a permaneciam grupos de funcion\u00e1rios, a maior parte deles diante de um tel\u00e3o acompanhando os debates no plen\u00e1rio.<br \/>\nA sess\u00e3o deve avan\u00e7ar pela madrugada e a expectativa \u00e9 de que as vota\u00e7\u00f5es transcorram ao longo da semana.<br \/>\n<figure id=\"attachment_42546\" aria-describedby=\"caption-attachment-42546\" style=\"width: 725px\" class=\"wp-caption alignnone\"><img loading=\"lazy\" decoding=\"async\" class=\"wp-image-42546 size-full\" src=\"https:\/\/www.jornalja.com.br\/wp-content\/uploads\/2016\/12\/20161219_0004_Ato-de-Black-Blocs-na-Pra\u00e7a-da-Matriz_por_Ramiro-Furquim__OAF4942.jpg\" alt=\"2016.12.19 - Porto Alegre\/RS\/Brasil - Ato de black blocs na pra\u00e7a da Matriz \u00e9 dispersada pela Brigada Militar. Foto: Ramiro Furquim\/Jornal J\u00e1\" width=\"725\" height=\"482\" \/><figcaption id=\"caption-attachment-42546\" class=\"wp-caption-text\">Ramiro Furquim\/Jornal J\u00e1<\/figcaption><\/figure><br \/>\n<figure id=\"attachment_42545\" aria-describedby=\"caption-attachment-42545\" style=\"width: 725px\" class=\"wp-caption alignnone\"><img loading=\"lazy\" decoding=\"async\" class=\"wp-image-42545 size-full\" src=\"https:\/\/www.jornalja.com.br\/wp-content\/uploads\/2016\/12\/20161219_0003_Ato-de-Black-Blocs-na-Pra\u00e7a-da-Matriz_por_Ramiro-Furquim__OAF4931.jpg\" alt=\"2016.12.19 - Porto Alegre\/RS\/Brasil - Ato de black blocs na pra\u00e7a da Matriz \u00e9 dispersada pela Brigada Militar. Foto: Ramiro Furquim\/Jornal J\u00e1\" width=\"725\" height=\"482\" \/><figcaption id=\"caption-attachment-42545\" class=\"wp-caption-text\">Ramiro Furquim\/Jornal J\u00e1<\/figcaption><\/figure><br \/>\n<figure id=\"attachment_42541\" aria-describedby=\"caption-attachment-42541\" style=\"width: 725px\" class=\"wp-caption alignnone\"><img loading=\"lazy\" decoding=\"async\" class=\"wp-image-42541 size-full\" src=\"https:\/\/www.jornalja.com.br\/wp-content\/uploads\/2016\/12\/20161219_0019_Ato-de-Black-Blocs-na-Pra\u00e7a-da-Matriz_por_Ramiro-Furquim__OAF5068.jpg\" alt=\"2016.12.19 - Porto Alegre\/RS\/Brasil - Ato de black blocs na pra\u00e7a da Matriz \u00e9 dispersada pela Brigada Militar. Foto: Ramiro Furquim\/Jornal J\u00e1\" width=\"725\" height=\"482\" \/><figcaption id=\"caption-attachment-42541\" class=\"wp-caption-text\">Ramiro Furquim\/Jornal J\u00e1<\/figcaption><\/figure><br \/>\n<figure id=\"attachment_42542\" aria-describedby=\"caption-attachment-42542\" style=\"width: 725px\" class=\"wp-caption alignnone\"><img loading=\"lazy\" decoding=\"async\" class=\"wp-image-42542 size-full\" src=\"https:\/\/www.jornalja.com.br\/wp-content\/uploads\/2016\/12\/20161219_0020_Ato-de-Black-Blocs-na-Pra\u00e7a-da-Matriz_por_Ramiro-Furquim__OAF5088.jpg\" alt=\"2016.12.19 - Porto Alegre\/RS\/Brasil - Ato de black blocs na pra\u00e7a da Matriz \u00e9 dispersada pela Brigada Militar. Foto: Ramiro Furquim\/Jornal J\u00e1\" width=\"725\" height=\"482\" \/><figcaption id=\"caption-attachment-42542\" class=\"wp-caption-text\">Ramiro Furquim\/Jornal J\u00e1<\/figcaption><\/figure><br \/>\n<figure id=\"attachment_42554\" aria-describedby=\"caption-attachment-42554\" style=\"width: 725px\" class=\"wp-caption alignnone\"><img loading=\"lazy\" decoding=\"async\" class=\"wp-image-42554 size-full\" src=\"https:\/\/www.jornalja.com.br\/wp-content\/uploads\/2016\/12\/20161219_0012_Ato-de-Black-Blocs-na-Pra\u00e7a-da-Matriz_por_Ramiro-Furquim__OAF5008.jpg\" alt=\"2016.12.19 - Porto Alegre\/RS\/Brasil - Ato de black blocs na pra\u00e7a da Matriz \u00e9 dispersada pela Brigada Militar. Foto: Ramiro Furquim\/Jornal J\u00e1\" width=\"725\" height=\"482\" \/><figcaption id=\"caption-attachment-42554\" class=\"wp-caption-text\">Ramiro Furquim\/Jornal J\u00e1<\/figcaption><\/figure><br \/>\n<figure id=\"attachment_42543\" aria-describedby=\"caption-attachment-42543\" style=\"width: 725px\" class=\"wp-caption alignnone\"><img loading=\"lazy\" decoding=\"async\" class=\"wp-image-42543 size-full\" src=\"https:\/\/www.jornalja.com.br\/wp-content\/uploads\/2016\/12\/20161219_0001_Ato-de-Black-Blocs-na-Pra\u00e7a-da-Matriz_por_Ramiro-Furquim__OAF4914.jpg\" alt=\"2016.12.19 - Porto Alegre\/RS\/Brasil - Ato de black blocs na pra\u00e7a da Matriz \u00e9 dispersada pela Brigada Militar. Foto: Ramiro Furquim\/Jornal J\u00e1\" width=\"725\" height=\"482\" \/><figcaption id=\"caption-attachment-42543\" class=\"wp-caption-text\">Ramiro Furquim\/Jornal J\u00e1<\/figcaption><\/figure><br \/>\n<figure id=\"attachment_42549\" aria-describedby=\"caption-attachment-42549\" style=\"width: 725px\" class=\"wp-caption alignnone\"><img loading=\"lazy\" decoding=\"async\" class=\"wp-image-42549 size-full\" src=\"https:\/\/www.jornalja.com.br\/wp-content\/uploads\/2016\/12\/20161219_0007_Ato-de-Black-Blocs-na-Pra\u00e7a-da-Matriz_por_Ramiro-Furquim__OAF4983.jpg\" alt=\"Ramiro Furquim\/Jornal J\u00e1\" width=\"725\" height=\"482\" \/><figcaption id=\"caption-attachment-42549\" class=\"wp-caption-text\">Ramiro Furquim\/Jornal J\u00e1<\/figcaption><\/figure><\/p>\n","protected":false},"excerpt":{"rendered":"<p>Um clima de guerra se instalou na tarde desta segunda-feira na Pra\u00e7a da Matriz, onde est\u00e3o os poderes do Estado &#8211; pal\u00e1cio do governo, Tribunal de Justi\u00e7a, Assembl\u00e9ia Legislativa e a C\u00faria Metropolitana &#8211; em Porto Alegre. Enquanto o debate esquentava entre os deputados no plen\u00e1rio da Assembl\u00e9ia, bombas, pedras, gritos e correrias agitavam a [&hellip;]<\/p>\n","protected":false},"author":4,"featured_media":42553,"comment_status":"open","ping_status":"closed","sticky":false,"template":"","format":"standard","meta":{"_jetpack_newsletter_access":"","_jetpack_dont_email_post_to_subs":false,"_jetpack_newsletter_tier_id":0,"_jetpack_memberships_contains_paywalled_content":false,"_jetpack_feature_clip_id":0,"_jetpack_memberships_contains_paid_content":false,"footnotes":"","jetpack_post_was_ever_published":false},"categories":[26],"tags":[],"class_list":["post-42534","post","type-post","status-publish","format-standard","has-post-thumbnail","hentry","category-geral"],"aioseo_notices":[],"aioseo_head":"\n\t\t<!-- All in One SEO 5.0.1.1 - aioseo.com -->\n\t<meta name=\"robots\" content=\"max-image-preview:large\" \/>\n\t<meta name=\"author\" content=\"da Reda\u00e7\u00e3o\"\/>\n\t<link rel=\"canonical\" href=\"https:\/\/www.jornalja.com.br\/arquivo\/pacote-de-sartori-confrontos-com-policia-marcam-primeiro-dia-de-votacao\/\" \/>\n\t<meta name=\"generator\" content=\"All in One SEO (AIOSEO) 5.0.1.1\" \/>\n\t\t<meta property=\"og:locale\" content=\"pt_BR\" \/>\n\t\t<meta property=\"og:site_name\" content=\"Arquivo | Jornal J\u00c1 | Porto Alegre\" \/>\n\t\t<meta property=\"og:type\" content=\"article\" \/>\n\t\t<meta property=\"og:title\" content=\"Pacote de Sartori: confrontos com pol\u00edcia marcam primeiro dia de vota\u00e7\u00e3o | Arquivo\" \/>\n\t\t<meta property=\"og:url\" content=\"https:\/\/www.jornalja.com.br\/arquivo\/pacote-de-sartori-confrontos-com-policia-marcam-primeiro-dia-de-votacao\/\" \/>\n\t\t<meta property=\"og:image\" content=\"https:\/\/www.jornalja.com.br\/wp-content\/uploads\/2016\/12\/20161219_0008_Ato-de-Black-Blocs-na-Pra\u00e7a-da-Matriz_por_Ramiro-Furquim__OAF4990.jpg\" \/>\n\t\t<meta property=\"og:image:secure_url\" content=\"https:\/\/www.jornalja.com.br\/wp-content\/uploads\/2016\/12\/20161219_0008_Ato-de-Black-Blocs-na-Pra\u00e7a-da-Matriz_por_Ramiro-Furquim__OAF4990.jpg\" \/>\n\t\t<meta property=\"article:published_time\" content=\"2016-12-19T22:06:52+00:00\" \/>\n\t\t<meta property=\"article:modified_time\" content=\"2016-12-19T22:06:52+00:00\" \/>\n\t\t<meta name=\"twitter:card\" content=\"summary\" \/>\n\t\t<meta name=\"twitter:title\" content=\"Pacote de Sartori: confrontos com pol\u00edcia marcam primeiro dia de vota\u00e7\u00e3o | Arquivo\" \/>\n\t\t<meta name=\"twitter:image\" content=\"https:\/\/www.jornalja.com.br\/economics\/wp-content\/uploads\/sites\/11\/2026\/08\/ja-folhaderosto-facebook.jpg\" \/>\n\t\t<script type=\"application\/ld+json\" class=\"aioseo-schema\">\n\t\t\t{\"@context\":\"https:\\\/\\\/schema.org\",\"@graph\":[{\"@type\":\"BlogPosting\",\"@id\":\"https:\\\/\\\/www.jornalja.com.br\\\/arquivo\\\/pacote-de-sartori-confrontos-com-policia-marcam-primeiro-dia-de-votacao\\\/#blogposting\",\"name\":\"Pacote de Sartori: confrontos com pol\\u00edcia marcam primeiro dia de vota\\u00e7\\u00e3o | Arquivo\",\"headline\":\"Pacote de Sartori: confrontos com pol\\u00edcia marcam primeiro dia de vota\\u00e7\\u00e3o\",\"author\":{\"@id\":\"https:\\\/\\\/www.jornalja.com.br\\\/arquivo\\\/author\\\/daredacao\\\/#author\"},\"publisher\":{\"@id\":\"https:\\\/\\\/www.jornalja.com.br\\\/arquivo\\\/#organization\"},\"image\":{\"@type\":\"ImageObject\",\"url\":42553},\"datePublished\":\"2016-12-19T19:06:52-02:00\",\"dateModified\":\"2016-12-19T19:06:52-02:00\",\"inLanguage\":\"pt-BR\",\"mainEntityOfPage\":{\"@id\":\"https:\\\/\\\/www.jornalja.com.br\\\/arquivo\\\/pacote-de-sartori-confrontos-com-policia-marcam-primeiro-dia-de-votacao\\\/#webpage\"},\"isPartOf\":{\"@id\":\"https:\\\/\\\/www.jornalja.com.br\\\/arquivo\\\/pacote-de-sartori-confrontos-com-policia-marcam-primeiro-dia-de-votacao\\\/#webpage\"},\"articleSection\":\"Geral\"},{\"@type\":\"BreadcrumbList\",\"@id\":\"https:\\\/\\\/www.jornalja.com.br\\\/arquivo\\\/pacote-de-sartori-confrontos-com-policia-marcam-primeiro-dia-de-votacao\\\/#breadcrumblist\",\"itemListElement\":[{\"@type\":\"ListItem\",\"@id\":\"https:\\\/\\\/www.jornalja.com.br\\\/arquivo#listItem\",\"position\":1,\"name\":\"Home\",\"item\":\"https:\\\/\\\/www.jornalja.com.br\\\/arquivo\",\"nextItem\":{\"@type\":\"ListItem\",\"@id\":\"https:\\\/\\\/www.jornalja.com.br\\\/arquivo\\\/category\\\/geral\\\/#listItem\",\"name\":\"Geral\"}},{\"@type\":\"ListItem\",\"@id\":\"https:\\\/\\\/www.jornalja.com.br\\\/arquivo\\\/category\\\/geral\\\/#listItem\",\"position\":2,\"name\":\"Geral\",\"item\":\"https:\\\/\\\/www.jornalja.com.br\\\/arquivo\\\/category\\\/geral\\\/\",\"nextItem\":{\"@type\":\"ListItem\",\"@id\":\"https:\\\/\\\/www.jornalja.com.br\\\/arquivo\\\/pacote-de-sartori-confrontos-com-policia-marcam-primeiro-dia-de-votacao\\\/#listItem\",\"name\":\"Pacote de Sartori: confrontos com pol\\u00edcia marcam primeiro dia de vota\\u00e7\\u00e3o\"},\"previousItem\":{\"@type\":\"ListItem\",\"@id\":\"https:\\\/\\\/www.jornalja.com.br\\\/arquivo#listItem\",\"name\":\"Home\"}},{\"@type\":\"ListItem\",\"@id\":\"https:\\\/\\\/www.jornalja.com.br\\\/arquivo\\\/pacote-de-sartori-confrontos-com-policia-marcam-primeiro-dia-de-votacao\\\/#listItem\",\"position\":3,\"name\":\"Pacote de Sartori: confrontos com pol\\u00edcia marcam primeiro dia de vota\\u00e7\\u00e3o\",\"previousItem\":{\"@type\":\"ListItem\",\"@id\":\"https:\\\/\\\/www.jornalja.com.br\\\/arquivo\\\/category\\\/geral\\\/#listItem\",\"name\":\"Geral\"}}]},{\"@type\":\"Organization\",\"@id\":\"https:\\\/\\\/www.jornalja.com.br\\\/arquivo\\\/#organization\",\"name\":\"Jornal J\\u00c1\",\"description\":\"Jornal J\\u00c1 | Porto Alegre\",\"url\":\"https:\\\/\\\/www.jornalja.com.br\\\/arquivo\\\/\",\"telephone\":\"+555133307272\",\"logo\":{\"@type\":\"ImageObject\",\"url\":\"https:\\\/\\\/www.jornalja.com.br\\\/wp-content\\\/uploads\\\/cards\\\/JAslogan.png\",\"@id\":\"https:\\\/\\\/www.jornalja.com.br\\\/arquivo\\\/pacote-de-sartori-confrontos-com-policia-marcam-primeiro-dia-de-votacao\\\/#organizationLogo\"},\"image\":{\"@id\":\"https:\\\/\\\/www.jornalja.com.br\\\/arquivo\\\/pacote-de-sartori-confrontos-com-policia-marcam-primeiro-dia-de-votacao\\\/#organizationLogo\"}},{\"@type\":\"Person\",\"@id\":\"https:\\\/\\\/www.jornalja.com.br\\\/arquivo\\\/author\\\/daredacao\\\/#author\",\"url\":\"https:\\\/\\\/www.jornalja.com.br\\\/arquivo\\\/author\\\/daredacao\\\/\",\"name\":\"da Reda\\u00e7\\u00e3o\",\"image\":{\"@type\":\"ImageObject\",\"@id\":\"https:\\\/\\\/www.jornalja.com.br\\\/arquivo\\\/pacote-de-sartori-confrontos-com-policia-marcam-primeiro-dia-de-votacao\\\/#authorImage\",\"url\":\"https:\\\/\\\/secure.gravatar.com\\\/avatar\\\/469fd857d6605ad19919d27ed29d35a968a25f6e8fd9318356bbb7f57aae9c65?s=96&d=mm&r=g\",\"width\":96,\"height\":96,\"caption\":\"da Reda\\u00e7\\u00e3o\"}},{\"@type\":\"WebPage\",\"@id\":\"https:\\\/\\\/www.jornalja.com.br\\\/arquivo\\\/pacote-de-sartori-confrontos-com-policia-marcam-primeiro-dia-de-votacao\\\/#webpage\",\"url\":\"https:\\\/\\\/www.jornalja.com.br\\\/arquivo\\\/pacote-de-sartori-confrontos-com-policia-marcam-primeiro-dia-de-votacao\\\/\",\"name\":\"Pacote de Sartori: confrontos com pol\\u00edcia marcam primeiro dia de vota\\u00e7\\u00e3o | Arquivo\",\"inLanguage\":\"pt-BR\",\"isPartOf\":{\"@id\":\"https:\\\/\\\/www.jornalja.com.br\\\/arquivo\\\/#website\"},\"breadcrumb\":{\"@id\":\"https:\\\/\\\/www.jornalja.com.br\\\/arquivo\\\/pacote-de-sartori-confrontos-com-policia-marcam-primeiro-dia-de-votacao\\\/#breadcrumblist\"},\"author\":{\"@id\":\"https:\\\/\\\/www.jornalja.com.br\\\/arquivo\\\/author\\\/daredacao\\\/#author\"},\"creator\":{\"@id\":\"https:\\\/\\\/www.jornalja.com.br\\\/arquivo\\\/author\\\/daredacao\\\/#author\"},\"image\":{\"@type\":\"ImageObject\",\"url\":42553,\"@id\":\"https:\\\/\\\/www.jornalja.com.br\\\/arquivo\\\/pacote-de-sartori-confrontos-com-policia-marcam-primeiro-dia-de-votacao\\\/#mainImage\"},\"primaryImageOfPage\":{\"@id\":\"https:\\\/\\\/www.jornalja.com.br\\\/arquivo\\\/pacote-de-sartori-confrontos-com-policia-marcam-primeiro-dia-de-votacao\\\/#mainImage\"},\"datePublished\":\"2016-12-19T19:06:52-02:00\",\"dateModified\":\"2016-12-19T19:06:52-02:00\"},{\"@type\":\"WebSite\",\"@id\":\"https:\\\/\\\/www.jornalja.com.br\\\/arquivo\\\/#website\",\"url\":\"https:\\\/\\\/www.jornalja.com.br\\\/arquivo\\\/\",\"name\":\"Arquivo\",\"description\":\"Jornal J\\u00c1 | Porto Alegre\",\"inLanguage\":\"pt-BR\",\"publisher\":{\"@id\":\"https:\\\/\\\/www.jornalja.com.br\\\/arquivo\\\/#organization\"}}]}\n\t\t<\/script>\n\t\t<!-- All in One SEO -->\n\n","aioseo_head_json":{"title":"Pacote de Sartori: confrontos com pol\u00edcia marcam primeiro dia de vota\u00e7\u00e3o | Arquivo","description":"","canonical_url":"https:\/\/www.jornalja.com.br\/arquivo\/pacote-de-sartori-confrontos-com-policia-marcam-primeiro-dia-de-votacao\/","robots":"max-image-preview:large","keywords":"","webmasterTools":{"miscellaneous":""},"schema":{"@context":"https:\/\/schema.org","@graph":[{"@type":"BlogPosting","@id":"https:\/\/www.jornalja.com.br\/arquivo\/pacote-de-sartori-confrontos-com-policia-marcam-primeiro-dia-de-votacao\/#blogposting","name":"Pacote de Sartori: confrontos com pol\u00edcia marcam primeiro dia de vota\u00e7\u00e3o | Arquivo","headline":"Pacote de Sartori: confrontos com pol\u00edcia marcam primeiro dia de vota\u00e7\u00e3o","author":{"@id":"https:\/\/www.jornalja.com.br\/arquivo\/author\/daredacao\/#author"},"publisher":{"@id":"https:\/\/www.jornalja.com.br\/arquivo\/#organization"},"image":{"@type":"ImageObject","url":42553},"datePublished":"2016-12-19T19:06:52-02:00","dateModified":"2016-12-19T19:06:52-02:00","inLanguage":"pt-BR","mainEntityOfPage":{"@id":"https:\/\/www.jornalja.com.br\/arquivo\/pacote-de-sartori-confrontos-com-policia-marcam-primeiro-dia-de-votacao\/#webpage"},"isPartOf":{"@id":"https:\/\/www.jornalja.com.br\/arquivo\/pacote-de-sartori-confrontos-com-policia-marcam-primeiro-dia-de-votacao\/#webpage"},"articleSection":"Geral"},{"@type":"BreadcrumbList","@id":"https:\/\/www.jornalja.com.br\/arquivo\/pacote-de-sartori-confrontos-com-policia-marcam-primeiro-dia-de-votacao\/#breadcrumblist","itemListElement":[{"@type":"ListItem","@id":"https:\/\/www.jornalja.com.br\/arquivo#listItem","position":1,"name":"Home","item":"https:\/\/www.jornalja.com.br\/arquivo","nextItem":{"@type":"ListItem","@id":"https:\/\/www.jornalja.com.br\/arquivo\/category\/geral\/#listItem","name":"Geral"}},{"@type":"ListItem","@id":"https:\/\/www.jornalja.com.br\/arquivo\/category\/geral\/#listItem","position":2,"name":"Geral","item":"https:\/\/www.jornalja.com.br\/arquivo\/category\/geral\/","nextItem":{"@type":"ListItem","@id":"https:\/\/www.jornalja.com.br\/arquivo\/pacote-de-sartori-confrontos-com-policia-marcam-primeiro-dia-de-votacao\/#listItem","name":"Pacote de Sartori: confrontos com pol\u00edcia marcam primeiro dia de vota\u00e7\u00e3o"},"previousItem":{"@type":"ListItem","@id":"https:\/\/www.jornalja.com.br\/arquivo#listItem","name":"Home"}},{"@type":"ListItem","@id":"https:\/\/www.jornalja.com.br\/arquivo\/pacote-de-sartori-confrontos-com-policia-marcam-primeiro-dia-de-votacao\/#listItem","position":3,"name":"Pacote de Sartori: confrontos com pol\u00edcia marcam primeiro dia de vota\u00e7\u00e3o","previousItem":{"@type":"ListItem","@id":"https:\/\/www.jornalja.com.br\/arquivo\/category\/geral\/#listItem","name":"Geral"}}]},{"@type":"Organization","@id":"https:\/\/www.jornalja.com.br\/arquivo\/#organization","name":"Jornal J\u00c1","description":"Jornal J\u00c1 | Porto Alegre","url":"https:\/\/www.jornalja.com.br\/arquivo\/","telephone":"+555133307272","logo":{"@type":"ImageObject","url":"https:\/\/www.jornalja.com.br\/wp-content\/uploads\/cards\/JAslogan.png","@id":"https:\/\/www.jornalja.com.br\/arquivo\/pacote-de-sartori-confrontos-com-policia-marcam-primeiro-dia-de-votacao\/#organizationLogo"},"image":{"@id":"https:\/\/www.jornalja.com.br\/arquivo\/pacote-de-sartori-confrontos-com-policia-marcam-primeiro-dia-de-votacao\/#organizationLogo"}},{"@type":"Person","@id":"https:\/\/www.jornalja.com.br\/arquivo\/author\/daredacao\/#author","url":"https:\/\/www.jornalja.com.br\/arquivo\/author\/daredacao\/","name":"da Reda\u00e7\u00e3o","image":{"@type":"ImageObject","@id":"https:\/\/www.jornalja.com.br\/arquivo\/pacote-de-sartori-confrontos-com-policia-marcam-primeiro-dia-de-votacao\/#authorImage","url":"https:\/\/secure.gravatar.com\/avatar\/469fd857d6605ad19919d27ed29d35a968a25f6e8fd9318356bbb7f57aae9c65?s=96&d=mm&r=g","width":96,"height":96,"caption":"da Reda\u00e7\u00e3o"}},{"@type":"WebPage","@id":"https:\/\/www.jornalja.com.br\/arquivo\/pacote-de-sartori-confrontos-com-policia-marcam-primeiro-dia-de-votacao\/#webpage","url":"https:\/\/www.jornalja.com.br\/arquivo\/pacote-de-sartori-confrontos-com-policia-marcam-primeiro-dia-de-votacao\/","name":"Pacote de Sartori: confrontos com pol\u00edcia marcam primeiro dia de vota\u00e7\u00e3o | Arquivo","inLanguage":"pt-BR","isPartOf":{"@id":"https:\/\/www.jornalja.com.br\/arquivo\/#website"},"breadcrumb":{"@id":"https:\/\/www.jornalja.com.br\/arquivo\/pacote-de-sartori-confrontos-com-policia-marcam-primeiro-dia-de-votacao\/#breadcrumblist"},"author":{"@id":"https:\/\/www.jornalja.com.br\/arquivo\/author\/daredacao\/#author"},"creator":{"@id":"https:\/\/www.jornalja.com.br\/arquivo\/author\/daredacao\/#author"},"image":{"@type":"ImageObject","url":42553,"@id":"https:\/\/www.jornalja.com.br\/arquivo\/pacote-de-sartori-confrontos-com-policia-marcam-primeiro-dia-de-votacao\/#mainImage"},"primaryImageOfPage":{"@id":"https:\/\/www.jornalja.com.br\/arquivo\/pacote-de-sartori-confrontos-com-policia-marcam-primeiro-dia-de-votacao\/#mainImage"},"datePublished":"2016-12-19T19:06:52-02:00","dateModified":"2016-12-19T19:06:52-02:00"},{"@type":"WebSite","@id":"https:\/\/www.jornalja.com.br\/arquivo\/#website","url":"https:\/\/www.jornalja.com.br\/arquivo\/","name":"Arquivo","description":"Jornal J\u00c1 | Porto Alegre","inLanguage":"pt-BR","publisher":{"@id":"https:\/\/www.jornalja.com.br\/arquivo\/#organization"}}]},"og:locale":"pt_BR","og:site_name":"Arquivo | Jornal J\u00c1 | Porto Alegre","og:type":"article","og:title":"Pacote de Sartori: confrontos com pol\u00edcia marcam primeiro dia de vota\u00e7\u00e3o | Arquivo","og:url":"https:\/\/www.jornalja.com.br\/arquivo\/pacote-de-sartori-confrontos-com-policia-marcam-primeiro-dia-de-votacao\/","og:image":"https:\/\/www.jornalja.com.br\/wp-content\/uploads\/2016\/12\/20161219_0008_Ato-de-Black-Blocs-na-Pra\u00e7a-da-Matriz_por_Ramiro-Furquim__OAF4990.jpg","og:image:secure_url":"https:\/\/www.jornalja.com.br\/wp-content\/uploads\/2016\/12\/20161219_0008_Ato-de-Black-Blocs-na-Pra\u00e7a-da-Matriz_por_Ramiro-Furquim__OAF4990.jpg","article:published_time":"2016-12-19T22:06:52+00:00","article:modified_time":"2016-12-19T22:06:52+00:00","twitter:card":"summary","twitter:title":"Pacote de Sartori: confrontos com pol\u00edcia marcam primeiro dia de vota\u00e7\u00e3o | Arquivo","twitter:image":"https:\/\/www.jornalja.com.br\/economics\/wp-content\/uploads\/sites\/11\/2026\/08\/ja-folhaderosto-facebook.jpg"},"aioseo_meta_data":{"post_id":"42534","title":null,"description":null,"keywords":null,"keyphrases":null,"primary_term":null,"canonical_url":null,"og_title":null,"og_description":null,"og_object_type":"default","og_image_type":"default","og_image_url":null,"og_image_width":null,"og_image_height":null,"og_image_custom_url":null,"og_image_custom_fields":null,"og_video":null,"og_custom_url":null,"og_article_section":null,"og_article_tags":null,"twitter_use_og":false,"twitter_card":"default","twitter_image_type":"default","twitter_image_url":null,"twitter_image_custom_url":null,"twitter_image_custom_fields":null,"twitter_title":null,"twitter_description":null,"schema":{"blockGraphs":[],"customGraphs":[],"default":{"data":{"Article":[],"Course":[],"Dataset":[],"FAQPage":[],"Movie":[],"Person":[],"Product":[],"ProductReview":[],"Car":[],"Recipe":[],"Service":[],"SoftwareApplication":[],"WebPage":[]},"graphName":"","isEnabled":true},"graphs":[],"defaultGraph":"","defaultPostTypeGraph":""},"schema_type":null,"schema_type_options":null,"pillar_content":false,"robots_default":true,"robots_noindex":false,"robots_noarchive":false,"robots_nosnippet":false,"robots_nofollow":false,"robots_noimageindex":false,"robots_noodp":false,"robots_notranslate":false,"robots_max_snippet":null,"robots_max_videopreview":null,"robots_max_imagepreview":"large","priority":null,"frequency":null,"location":null,"local_seo":null,"breadcrumb_settings":null,"limit_modified_date":false,"ai":null,"created":"2020-12-20 20:43:21","updated":"2025-07-19 18:46:52","seo_analyzer_scan_date":null,"focus_keyword":null,"additional_keywords":null,"truseo_locale":null},"jetpack_sharing_enabled":true,"jetpack-related-posts":[{"id":13124,"url":"https:\/\/www.jornalja.com.br\/arquivo\/sangue-latino-no-iecine\/","url_meta":{"origin":42534,"position":0},"title":"Sangue latino no IECINE","author":"da Reda\u00e7\u00e3o","date":"18 de maio de 2014","format":false,"excerpt":"Francisco Ribeiro O Instituto Estadual de Cinema (IECINE) tem a frente, desde abril \u00faltimo, um novo diretor, o cineasta colombiano Juan Zapata, 36, que substitui Luiz Alberto Cassol. Radicado h\u00e1 dez anos em Porto Alegre, Zapata tem diante de si o desafio de conduzir at\u00e9 o final do ano um\u2026","rel":"","context":"Em &quot;Cultura-Geral&quot;","block_context":{"text":"Cultura-Geral","link":"https:\/\/www.jornalja.com.br\/arquivo\/category\/materiasecundaria\/"},"img":{"alt_text":"","src":"","width":0,"height":0},"classes":[]},{"id":13239,"url":"https:\/\/www.jornalja.com.br\/arquivo\/conselho-desdenha-do-plano-diretor\/","url_meta":{"origin":42534,"position":1},"title":"Porto Alegre: Conselho detona Plano Diretor","author":"Patr\u00edcia Marini","date":"25 de maio de 2014","format":false,"excerpt":"Den\u00fancia do arquiteto e \u00a0urbanista Ibir\u00e1 Santos Lucas. Ele diz que os conselheiros est\u00e3o votando com \"enorme irresponsabilidade\". \"Mudam regime com a maior naturalidade,,,regularizam absurdos de constru\u00e7\u00f5es irregulares... \"O CMDUA est\u00e1 flexibilizando a lei do plano diretor, de uma forma impactante na vida da cidade. Mudam regime com a maior\u2026","rel":"","context":"Em &quot;Geral&quot;","block_context":{"text":"Geral","link":"https:\/\/www.jornalja.com.br\/arquivo\/category\/geral\/"},"img":{"alt_text":"","src":"","width":0,"height":0},"classes":[]},{"id":13240,"url":"https:\/\/www.jornalja.com.br\/arquivo\/plano-diretor-estamos-construindo-o-caos\/","url_meta":{"origin":42534,"position":2},"title":"Plano diretor: &quot;Estamos construindo o caos&quot;","author":"Patr\u00edcia Marini","date":"26 de maio de 2014","format":false,"excerpt":"Desabafo que arquiteta Eliana Castilhos, delegada da Regi\u00e3o de Planejamento 1, postou nas redes sociais \u00e9 um testemunho do ambiente que se criou no Conselho do Plano Diretor de Porto Alegre, onde a aprova\u00e7\u00e3o de grandes empreendimentos \u00e9 empurrada guela abaixo dos conselheiros. Ao CMDUA Como delegada da Regi\u00e3o de\u2026","rel":"","context":"Em &quot;Geral&quot;","block_context":{"text":"Geral","link":"https:\/\/www.jornalja.com.br\/arquivo\/category\/geral\/"},"img":{"alt_text":"","src":"","width":0,"height":0},"classes":[]},{"id":13128,"url":"https:\/\/www.jornalja.com.br\/arquivo\/maconha-terra-diz-que-uso-medicinal-e-desculpa\/","url_meta":{"origin":42534,"position":3},"title":"Maconha: Terra diz que uso medicinal \u00e9 desculpa","author":"Patr\u00edcia Marini","date":"4 de junho de 2014","format":false,"excerpt":"A condi\u00e7\u00e3o de pol\u00edtico, em \u00e9poca de campanha de campanha eleitoral, tira for\u00e7a do discurso do m\u00e9dico Osmar Terra contra a legaliza\u00e7\u00e3o da maconha. A tese dele de que a libera\u00e7\u00e3o vai ampliar exponencialmente o consumo \u00e9 discutivel, o consumo \u00e9 corrente. Mas seus alertas quanto aos riscos tem que\u2026","rel":"","context":"Em &quot;X.Categorias velhas&quot;","block_context":{"text":"X.Categorias velhas","link":"https:\/\/www.jornalja.com.br\/arquivo\/category\/x-categorias-velhas\/"},"img":{"alt_text":"","src":"","width":0,"height":0},"classes":[]},{"id":13101,"url":"https:\/\/www.jornalja.com.br\/arquivo\/morre-um-guerreiro-do-texto\/","url_meta":{"origin":42534,"position":4},"title":"Morre um guerreiro do texto","author":"Patr\u00edcia Marini","date":"14 de maio de 2014","format":false,"excerpt":"Por Ricardo Kotscho Reproduzido do blog do autor, 11\/5\/2014; t\u00edtulo original \u201cE l\u00e1 se foi o nosso Myltainho, guerreiro do texto\u201d. Mi\u00fado e franzino, meu amigo Myltainho era um valente e inconformado guerreiro na luta contra as injusti\u00e7as sociais, a hipocrisia, as maracutaias, o autoritarismo, a intoler\u00e2ncia, a viol\u00eancia, o\u2026","rel":"","context":"Em &quot;Geral&quot;","block_context":{"text":"Geral","link":"https:\/\/www.jornalja.com.br\/arquivo\/category\/geral\/"},"img":{"alt_text":"","src":"","width":0,"height":0},"classes":[]},{"id":5440,"url":"https:\/\/www.jornalja.com.br\/arquivo\/casarao-da-venancio-destino-permanece-incerto\/","url_meta":{"origin":42534,"position":5},"title":"Estado ainda n\u00e3o sabe o que fazer com casar\u00e3o abandonado h\u00e1 20 anos","author":"Elmar Bones","date":"6 de julho de 2009","format":false,"excerpt":"O casar\u00e3o amarelo, numa esquina nobre de Porto Alegre (Ven\u00e2ncio Aires com Jo\u00e3o Pessoa), j\u00e1 abrigou uma escola. H\u00e1 duas d\u00e9cadas, pelo menos, est\u00e1 abandonado, porque seu propriet\u00e1rio, o governo do Estado do Rio Grande do Sul, n\u00e3o consegue achar um destino para ele. Planos n\u00e3o faltaram. O governador Ol\u00edvio\u2026","rel":"","context":"Em &quot;X.Categorias velhas&quot;","block_context":{"text":"X.Categorias velhas","link":"https:\/\/www.jornalja.com.br\/arquivo\/category\/x-categorias-velhas\/"},"img":{"alt_text":"geraldo1","src":"https:\/\/i0.wp.com\/www.jornalja.com.br\/wp-content\/uploads\/2009\/07\/geraldo1.jpg?resize=350%2C200&ssl=1","width":350,"height":200},"classes":[]}],"jetpack_shortlink":"https:\/\/wp.me\/pbQjBd-b42","jetpack_featured_media_url":"","_links":{"self":[{"href":"https:\/\/www.jornalja.com.br\/arquivo\/wp-json\/wp\/v2\/posts\/42534","targetHints":{"allow":["GET"]}}],"collection":[{"href":"https:\/\/www.jornalja.com.br\/arquivo\/wp-json\/wp\/v2\/posts"}],"about":[{"href":"https:\/\/www.jornalja.com.br\/arquivo\/wp-json\/wp\/v2\/types\/post"}],"author":[{"embeddable":true,"href":"https:\/\/www.jornalja.com.br\/arquivo\/wp-json\/wp\/v2\/users\/4"}],"replies":[{"embeddable":true,"href":"https:\/\/www.jornalja.com.br\/arquivo\/wp-json\/wp\/v2\/comments?post=42534"}],"version-history":[{"count":0,"href":"https:\/\/www.jornalja.com.br\/arquivo\/wp-json\/wp\/v2\/posts\/42534\/revisions"}],"wp:attachment":[{"href":"https:\/\/www.jornalja.com.br\/arquivo\/wp-json\/wp\/v2\/media?parent=42534"}],"wp:term":[{"taxonomy":"category","embeddable":true,"href":"https:\/\/www.jornalja.com.br\/arquivo\/wp-json\/wp\/v2\/categories?post=42534"},{"taxonomy":"post_tag","embeddable":true,"href":"https:\/\/www.jornalja.com.br\/arquivo\/wp-json\/wp\/v2\/tags?post=42534"}],"curies":[{"name":"wp","href":"https:\/\/api.w.org\/{rel}","templated":true}]}}