{"id":42582,"date":"2016-12-20T18:46:57","date_gmt":"2016-12-20T21:46:57","guid":{"rendered":"https:\/\/www.jornalja.com.br\/?p=42582"},"modified":"2016-12-20T18:46:57","modified_gmt":"2016-12-20T21:46:57","slug":"camara-aprova-renegociacao-da-divida-dos-estados-sem-exigir-contrapartidas","status":"publish","type":"post","link":"https:\/\/www.jornalja.com.br\/arquivo\/camara-aprova-renegociacao-da-divida-dos-estados-sem-exigir-contrapartidas\/","title":{"rendered":"C\u00e2mara aprova renegocia\u00e7\u00e3o da d\u00edvida dos Estados sem exigir contrapartidas"},"content":{"rendered":"<p>&nbsp;<br \/>\nA C\u00e2mara dos Deputados aprovou h\u00e1 o pouco o projeto de lei que trata da renegocia\u00e7\u00e3o das d\u00edvidas dos Estados com a Uni\u00e3o. A renegocia\u00e7\u00e3o prev\u00ea o alongamento da d\u00edvida por 20 anos e a suspens\u00e3o do pagamento das parcelas at\u00e9 o fim deste ano, com retomada gradual a partir de 2017. Votaram favoravelmente 296 deputados e 12 contr\u00e1rios. O texto segue, agora, para san\u00e7\u00e3o presidencial.<br \/>\nDepois de v\u00e1rias rodadas de negocia\u00e7\u00f5es entre l\u00edderes partid\u00e1rios e governadores de Estados endividados, como Rio de Janeiro e Rio Grande do Sul, os deputados concordaram em aprovar a propostas rejeitando parte das mudan\u00e7as feitas no Senado. As mudan\u00e7as aprovadas pela C\u00e2mara contrariam o entendimento da \u00e1rea econ\u00f4mica do governo, que considera essencial medidas de corte de gastos e ajuste fiscal pelos Estados.<\/p>\n<figure class=\"default\">\n<figure style=\"width: 277px\" class=\"wp-caption alignleft\"><img loading=\"lazy\" decoding=\"async\" class=\"Image img__fid__92311 img__view_mode__default attr__format__default\" src=\"http:\/\/agenciabrasil.ebc.com.br\/sites\/_agenciabrasil2013\/files\/styles\/interna_pequena\/public\/fotos\/1059328-1%20-%2020.12.2016_mcmag-5272.jpg?itok=8OoHAVwv\" alt=\"Bras\u00edlia - Presidente da C\u00e2mara, Rodrigo Maia, durante sess\u00e3o plen\u00e1ria para analisar e votar o projeto sobre a renegocia\u00e7\u00e3o da d\u00edvida dos estados com o governo federal (Marcelo Camargo\/Ag\u00eancia Brasil)\" width=\"277\" height=\"160\" \/><figcaption class=\"wp-caption-text\">Presidente da C\u00e2mara, Rodrigo Maia, na sess\u00e3o plen\u00e1ria \/ Foto Marcelo Camargo\/Ag\u00eancia Brasil<\/figcaption><\/figure><figcaption>Em acordo firmado na manh\u00e3 de hoje (20), ficou decidido que o relator da proposta, deputado Esperidi\u00e3o Amin (PP-SC), retiraria do texto a maioria dos dispositivos inclu\u00eddos que previam contrapartidas para os Estados que assinassem a renegocia\u00e7\u00e3o das d\u00edvidas.<br \/>\n<\/figcaption><\/figure>\n<p>Entre as medidas que foram retiradas do projeto estavam o aumento da contribui\u00e7\u00e3o previdenci\u00e1ria dos servidores, suspens\u00e3o de aumentos salariais e de realiza\u00e7\u00e3o de concursos p\u00fablicos, privatiza\u00e7\u00e3o de empresas e a redu\u00e7\u00e3o de incentivos tribut\u00e1rios.<br \/>\nEm Porto Alegre, onde a Assembleia vota o pacote do governo Sartori, durante a discuss\u00e3o do projeto que extingue funda\u00e7\u00f5es p\u00fablicas, a deputada petista Stella Farias trouxe a not\u00edcia ao plen\u00e1rio: &#8220;A renegocia\u00e7\u00e3o foi aprovada sem impor contrapartidas, o governo Sartori vai economizar R$ 300 milh\u00f5es no primeiro m\u00eas, esse valor cobre mais de tr\u00eas anos de custo de todas as funda\u00e7\u00f5es&#8221;.<br \/>\nA aprova\u00e7\u00e3o da renegocia\u00e7\u00e3o das d\u00edvidas ocorreu apesar da obstru\u00e7\u00e3o de partidos de oposi\u00e7\u00e3o, como Rede e PSOL, contr\u00e1rios a impor uma morat\u00f3ria aos Estados com problemas financeiros.<br \/>\nPelo entendimento dos l\u00edderes da base aliada e do presidente da C\u00e2mara, deputado Rodrigo Maia (DEM-RJ), as contrapartidas e condicionantes \u00e0s leis estaduais dever\u00e3o ser analisadas e votadas pelas assembleias legislativas.<br \/>\nSegundo o texto aprovado, o novo prazo para pagamento da d\u00edvida dos Estados com a Uni\u00e3o ser\u00e1 de at\u00e9 360 meses, contado a partir da data de celebra\u00e7\u00e3o do contrato original. Com a renegocia\u00e7\u00e3o, que tamb\u00e9m reduz o valor da parcela mensal a ser pagas pelos Estados \u00e0 Uni\u00e3o, os governadores se comprometem a desistir de eventuais a\u00e7\u00f5es judiciais que tenham por objeto a d\u00edvida.<br \/>\n<em>(Com Ag\u00eancia Brasil e TV ALRS)<\/em><\/p>\n","protected":false},"excerpt":{"rendered":"<p>&nbsp; A C\u00e2mara dos Deputados aprovou h\u00e1 o pouco o projeto de lei que trata da renegocia\u00e7\u00e3o das d\u00edvidas dos Estados com a Uni\u00e3o. A renegocia\u00e7\u00e3o prev\u00ea o alongamento da d\u00edvida por 20 anos e a suspens\u00e3o do pagamento das parcelas at\u00e9 o fim deste ano, com retomada gradual a partir de 2017. Votaram favoravelmente [&hellip;]<\/p>\n","protected":false},"author":4,"featured_media":42610,"comment_status":"open","ping_status":"closed","sticky":false,"template":"","format":"standard","meta":{"_jetpack_newsletter_access":"","_jetpack_dont_email_post_to_subs":false,"_jetpack_newsletter_tier_id":0,"_jetpack_memberships_contains_paywalled_content":false,"_jetpack_feature_clip_id":0,"_jetpack_memberships_contains_paid_content":false,"footnotes":"","jetpack_post_was_ever_published":false},"categories":[26],"tags":[],"class_list":["post-42582","post","type-post","status-publish","format-standard","has-post-thumbnail","hentry","category-geral"],"aioseo_notices":[],"aioseo_head":"\n\t\t<!-- All in One SEO 5.0.1.1 - aioseo.com -->\n\t<meta name=\"robots\" content=\"max-image-preview:large\" \/>\n\t<meta name=\"author\" content=\"da Reda\u00e7\u00e3o\"\/>\n\t<link rel=\"canonical\" href=\"https:\/\/www.jornalja.com.br\/arquivo\/camara-aprova-renegociacao-da-divida-dos-estados-sem-exigir-contrapartidas\/\" \/>\n\t<meta name=\"generator\" content=\"All in One SEO (AIOSEO) 5.0.1.1\" \/>\n\t\t<meta property=\"og:locale\" content=\"pt_BR\" \/>\n\t\t<meta property=\"og:site_name\" content=\"Arquivo | Jornal J\u00c1 | Porto Alegre\" \/>\n\t\t<meta property=\"og:type\" content=\"article\" \/>\n\t\t<meta property=\"og:title\" content=\"C\u00e2mara aprova renegocia\u00e7\u00e3o da d\u00edvida dos Estados sem exigir contrapartidas | Arquivo\" \/>\n\t\t<meta property=\"og:url\" content=\"https:\/\/www.jornalja.com.br\/arquivo\/camara-aprova-renegociacao-da-divida-dos-estados-sem-exigir-contrapartidas\/\" \/>\n\t\t<meta property=\"og:image\" content=\"https:\/\/agenciabrasil.ebc.com.br\/sites\/_agenciabrasil2013\/files\/styles\/interna_pequena\/public\/fotos\/1059328-1%20-%2020.12.2016_mcmag-5272.jpg?itok=8OoHAVwv\" \/>\n\t\t<meta property=\"og:image:secure_url\" content=\"https:\/\/agenciabrasil.ebc.com.br\/sites\/_agenciabrasil2013\/files\/styles\/interna_pequena\/public\/fotos\/1059328-1%20-%2020.12.2016_mcmag-5272.jpg?itok=8OoHAVwv\" \/>\n\t\t<meta property=\"article:published_time\" content=\"2016-12-20T21:46:57+00:00\" \/>\n\t\t<meta property=\"article:modified_time\" content=\"2016-12-20T21:46:57+00:00\" \/>\n\t\t<meta name=\"twitter:card\" content=\"summary\" \/>\n\t\t<meta name=\"twitter:title\" content=\"C\u00e2mara aprova renegocia\u00e7\u00e3o da d\u00edvida dos Estados sem exigir contrapartidas | Arquivo\" \/>\n\t\t<meta name=\"twitter:image\" content=\"https:\/\/www.jornalja.com.br\/economics\/wp-content\/uploads\/sites\/11\/2026\/08\/ja-folhaderosto-facebook.jpg\" \/>\n\t\t<script type=\"application\/ld+json\" class=\"aioseo-schema\">\n\t\t\t{\"@context\":\"https:\\\/\\\/schema.org\",\"@graph\":[{\"@type\":\"BlogPosting\",\"@id\":\"https:\\\/\\\/www.jornalja.com.br\\\/arquivo\\\/camara-aprova-renegociacao-da-divida-dos-estados-sem-exigir-contrapartidas\\\/#blogposting\",\"name\":\"C\\u00e2mara aprova renegocia\\u00e7\\u00e3o da d\\u00edvida dos Estados sem exigir contrapartidas | Arquivo\",\"headline\":\"C\\u00e2mara aprova renegocia\\u00e7\\u00e3o da d\\u00edvida dos Estados sem exigir contrapartidas\",\"author\":{\"@id\":\"https:\\\/\\\/www.jornalja.com.br\\\/arquivo\\\/author\\\/daredacao\\\/#author\"},\"publisher\":{\"@id\":\"https:\\\/\\\/www.jornalja.com.br\\\/arquivo\\\/#organization\"},\"image\":{\"@type\":\"ImageObject\",\"url\":42610},\"datePublished\":\"2016-12-20T18:46:57-02:00\",\"dateModified\":\"2016-12-20T18:46:57-02:00\",\"inLanguage\":\"pt-BR\",\"mainEntityOfPage\":{\"@id\":\"https:\\\/\\\/www.jornalja.com.br\\\/arquivo\\\/camara-aprova-renegociacao-da-divida-dos-estados-sem-exigir-contrapartidas\\\/#webpage\"},\"isPartOf\":{\"@id\":\"https:\\\/\\\/www.jornalja.com.br\\\/arquivo\\\/camara-aprova-renegociacao-da-divida-dos-estados-sem-exigir-contrapartidas\\\/#webpage\"},\"articleSection\":\"Geral\"},{\"@type\":\"BreadcrumbList\",\"@id\":\"https:\\\/\\\/www.jornalja.com.br\\\/arquivo\\\/camara-aprova-renegociacao-da-divida-dos-estados-sem-exigir-contrapartidas\\\/#breadcrumblist\",\"itemListElement\":[{\"@type\":\"ListItem\",\"@id\":\"https:\\\/\\\/www.jornalja.com.br\\\/arquivo#listItem\",\"position\":1,\"name\":\"Home\",\"item\":\"https:\\\/\\\/www.jornalja.com.br\\\/arquivo\",\"nextItem\":{\"@type\":\"ListItem\",\"@id\":\"https:\\\/\\\/www.jornalja.com.br\\\/arquivo\\\/category\\\/geral\\\/#listItem\",\"name\":\"Geral\"}},{\"@type\":\"ListItem\",\"@id\":\"https:\\\/\\\/www.jornalja.com.br\\\/arquivo\\\/category\\\/geral\\\/#listItem\",\"position\":2,\"name\":\"Geral\",\"item\":\"https:\\\/\\\/www.jornalja.com.br\\\/arquivo\\\/category\\\/geral\\\/\",\"nextItem\":{\"@type\":\"ListItem\",\"@id\":\"https:\\\/\\\/www.jornalja.com.br\\\/arquivo\\\/camara-aprova-renegociacao-da-divida-dos-estados-sem-exigir-contrapartidas\\\/#listItem\",\"name\":\"C\\u00e2mara aprova renegocia\\u00e7\\u00e3o da d\\u00edvida dos Estados sem exigir contrapartidas\"},\"previousItem\":{\"@type\":\"ListItem\",\"@id\":\"https:\\\/\\\/www.jornalja.com.br\\\/arquivo#listItem\",\"name\":\"Home\"}},{\"@type\":\"ListItem\",\"@id\":\"https:\\\/\\\/www.jornalja.com.br\\\/arquivo\\\/camara-aprova-renegociacao-da-divida-dos-estados-sem-exigir-contrapartidas\\\/#listItem\",\"position\":3,\"name\":\"C\\u00e2mara aprova renegocia\\u00e7\\u00e3o da d\\u00edvida dos Estados sem exigir contrapartidas\",\"previousItem\":{\"@type\":\"ListItem\",\"@id\":\"https:\\\/\\\/www.jornalja.com.br\\\/arquivo\\\/category\\\/geral\\\/#listItem\",\"name\":\"Geral\"}}]},{\"@type\":\"Organization\",\"@id\":\"https:\\\/\\\/www.jornalja.com.br\\\/arquivo\\\/#organization\",\"name\":\"Jornal J\\u00c1\",\"description\":\"Jornal J\\u00c1 | Porto Alegre\",\"url\":\"https:\\\/\\\/www.jornalja.com.br\\\/arquivo\\\/\",\"telephone\":\"+555133307272\",\"logo\":{\"@type\":\"ImageObject\",\"url\":\"https:\\\/\\\/www.jornalja.com.br\\\/wp-content\\\/uploads\\\/cards\\\/JAslogan.png\",\"@id\":\"https:\\\/\\\/www.jornalja.com.br\\\/arquivo\\\/camara-aprova-renegociacao-da-divida-dos-estados-sem-exigir-contrapartidas\\\/#organizationLogo\"},\"image\":{\"@id\":\"https:\\\/\\\/www.jornalja.com.br\\\/arquivo\\\/camara-aprova-renegociacao-da-divida-dos-estados-sem-exigir-contrapartidas\\\/#organizationLogo\"}},{\"@type\":\"Person\",\"@id\":\"https:\\\/\\\/www.jornalja.com.br\\\/arquivo\\\/author\\\/daredacao\\\/#author\",\"url\":\"https:\\\/\\\/www.jornalja.com.br\\\/arquivo\\\/author\\\/daredacao\\\/\",\"name\":\"da Reda\\u00e7\\u00e3o\",\"image\":{\"@type\":\"ImageObject\",\"@id\":\"https:\\\/\\\/www.jornalja.com.br\\\/arquivo\\\/camara-aprova-renegociacao-da-divida-dos-estados-sem-exigir-contrapartidas\\\/#authorImage\",\"url\":\"https:\\\/\\\/secure.gravatar.com\\\/avatar\\\/469fd857d6605ad19919d27ed29d35a968a25f6e8fd9318356bbb7f57aae9c65?s=96&d=mm&r=g\",\"width\":96,\"height\":96,\"caption\":\"da Reda\\u00e7\\u00e3o\"}},{\"@type\":\"WebPage\",\"@id\":\"https:\\\/\\\/www.jornalja.com.br\\\/arquivo\\\/camara-aprova-renegociacao-da-divida-dos-estados-sem-exigir-contrapartidas\\\/#webpage\",\"url\":\"https:\\\/\\\/www.jornalja.com.br\\\/arquivo\\\/camara-aprova-renegociacao-da-divida-dos-estados-sem-exigir-contrapartidas\\\/\",\"name\":\"C\\u00e2mara aprova renegocia\\u00e7\\u00e3o da d\\u00edvida dos Estados sem exigir contrapartidas | Arquivo\",\"inLanguage\":\"pt-BR\",\"isPartOf\":{\"@id\":\"https:\\\/\\\/www.jornalja.com.br\\\/arquivo\\\/#website\"},\"breadcrumb\":{\"@id\":\"https:\\\/\\\/www.jornalja.com.br\\\/arquivo\\\/camara-aprova-renegociacao-da-divida-dos-estados-sem-exigir-contrapartidas\\\/#breadcrumblist\"},\"author\":{\"@id\":\"https:\\\/\\\/www.jornalja.com.br\\\/arquivo\\\/author\\\/daredacao\\\/#author\"},\"creator\":{\"@id\":\"https:\\\/\\\/www.jornalja.com.br\\\/arquivo\\\/author\\\/daredacao\\\/#author\"},\"image\":{\"@type\":\"ImageObject\",\"url\":42610,\"@id\":\"https:\\\/\\\/www.jornalja.com.br\\\/arquivo\\\/camara-aprova-renegociacao-da-divida-dos-estados-sem-exigir-contrapartidas\\\/#mainImage\"},\"primaryImageOfPage\":{\"@id\":\"https:\\\/\\\/www.jornalja.com.br\\\/arquivo\\\/camara-aprova-renegociacao-da-divida-dos-estados-sem-exigir-contrapartidas\\\/#mainImage\"},\"datePublished\":\"2016-12-20T18:46:57-02:00\",\"dateModified\":\"2016-12-20T18:46:57-02:00\"},{\"@type\":\"WebSite\",\"@id\":\"https:\\\/\\\/www.jornalja.com.br\\\/arquivo\\\/#website\",\"url\":\"https:\\\/\\\/www.jornalja.com.br\\\/arquivo\\\/\",\"name\":\"Arquivo\",\"description\":\"Jornal J\\u00c1 | Porto Alegre\",\"inLanguage\":\"pt-BR\",\"publisher\":{\"@id\":\"https:\\\/\\\/www.jornalja.com.br\\\/arquivo\\\/#organization\"}}]}\n\t\t<\/script>\n\t\t<!-- All in One SEO -->\n\n","aioseo_head_json":{"title":"C\u00e2mara aprova renegocia\u00e7\u00e3o da d\u00edvida dos Estados sem exigir contrapartidas | Arquivo","description":"","canonical_url":"https:\/\/www.jornalja.com.br\/arquivo\/camara-aprova-renegociacao-da-divida-dos-estados-sem-exigir-contrapartidas\/","robots":"max-image-preview:large","keywords":"","webmasterTools":{"miscellaneous":""},"schema":{"@context":"https:\/\/schema.org","@graph":[{"@type":"BlogPosting","@id":"https:\/\/www.jornalja.com.br\/arquivo\/camara-aprova-renegociacao-da-divida-dos-estados-sem-exigir-contrapartidas\/#blogposting","name":"C\u00e2mara aprova renegocia\u00e7\u00e3o da d\u00edvida dos Estados sem exigir contrapartidas | Arquivo","headline":"C\u00e2mara aprova renegocia\u00e7\u00e3o da d\u00edvida dos Estados sem exigir contrapartidas","author":{"@id":"https:\/\/www.jornalja.com.br\/arquivo\/author\/daredacao\/#author"},"publisher":{"@id":"https:\/\/www.jornalja.com.br\/arquivo\/#organization"},"image":{"@type":"ImageObject","url":42610},"datePublished":"2016-12-20T18:46:57-02:00","dateModified":"2016-12-20T18:46:57-02:00","inLanguage":"pt-BR","mainEntityOfPage":{"@id":"https:\/\/www.jornalja.com.br\/arquivo\/camara-aprova-renegociacao-da-divida-dos-estados-sem-exigir-contrapartidas\/#webpage"},"isPartOf":{"@id":"https:\/\/www.jornalja.com.br\/arquivo\/camara-aprova-renegociacao-da-divida-dos-estados-sem-exigir-contrapartidas\/#webpage"},"articleSection":"Geral"},{"@type":"BreadcrumbList","@id":"https:\/\/www.jornalja.com.br\/arquivo\/camara-aprova-renegociacao-da-divida-dos-estados-sem-exigir-contrapartidas\/#breadcrumblist","itemListElement":[{"@type":"ListItem","@id":"https:\/\/www.jornalja.com.br\/arquivo#listItem","position":1,"name":"Home","item":"https:\/\/www.jornalja.com.br\/arquivo","nextItem":{"@type":"ListItem","@id":"https:\/\/www.jornalja.com.br\/arquivo\/category\/geral\/#listItem","name":"Geral"}},{"@type":"ListItem","@id":"https:\/\/www.jornalja.com.br\/arquivo\/category\/geral\/#listItem","position":2,"name":"Geral","item":"https:\/\/www.jornalja.com.br\/arquivo\/category\/geral\/","nextItem":{"@type":"ListItem","@id":"https:\/\/www.jornalja.com.br\/arquivo\/camara-aprova-renegociacao-da-divida-dos-estados-sem-exigir-contrapartidas\/#listItem","name":"C\u00e2mara aprova renegocia\u00e7\u00e3o da d\u00edvida dos Estados sem exigir contrapartidas"},"previousItem":{"@type":"ListItem","@id":"https:\/\/www.jornalja.com.br\/arquivo#listItem","name":"Home"}},{"@type":"ListItem","@id":"https:\/\/www.jornalja.com.br\/arquivo\/camara-aprova-renegociacao-da-divida-dos-estados-sem-exigir-contrapartidas\/#listItem","position":3,"name":"C\u00e2mara aprova renegocia\u00e7\u00e3o da d\u00edvida dos Estados sem exigir contrapartidas","previousItem":{"@type":"ListItem","@id":"https:\/\/www.jornalja.com.br\/arquivo\/category\/geral\/#listItem","name":"Geral"}}]},{"@type":"Organization","@id":"https:\/\/www.jornalja.com.br\/arquivo\/#organization","name":"Jornal J\u00c1","description":"Jornal J\u00c1 | Porto Alegre","url":"https:\/\/www.jornalja.com.br\/arquivo\/","telephone":"+555133307272","logo":{"@type":"ImageObject","url":"https:\/\/www.jornalja.com.br\/wp-content\/uploads\/cards\/JAslogan.png","@id":"https:\/\/www.jornalja.com.br\/arquivo\/camara-aprova-renegociacao-da-divida-dos-estados-sem-exigir-contrapartidas\/#organizationLogo"},"image":{"@id":"https:\/\/www.jornalja.com.br\/arquivo\/camara-aprova-renegociacao-da-divida-dos-estados-sem-exigir-contrapartidas\/#organizationLogo"}},{"@type":"Person","@id":"https:\/\/www.jornalja.com.br\/arquivo\/author\/daredacao\/#author","url":"https:\/\/www.jornalja.com.br\/arquivo\/author\/daredacao\/","name":"da Reda\u00e7\u00e3o","image":{"@type":"ImageObject","@id":"https:\/\/www.jornalja.com.br\/arquivo\/camara-aprova-renegociacao-da-divida-dos-estados-sem-exigir-contrapartidas\/#authorImage","url":"https:\/\/secure.gravatar.com\/avatar\/469fd857d6605ad19919d27ed29d35a968a25f6e8fd9318356bbb7f57aae9c65?s=96&d=mm&r=g","width":96,"height":96,"caption":"da Reda\u00e7\u00e3o"}},{"@type":"WebPage","@id":"https:\/\/www.jornalja.com.br\/arquivo\/camara-aprova-renegociacao-da-divida-dos-estados-sem-exigir-contrapartidas\/#webpage","url":"https:\/\/www.jornalja.com.br\/arquivo\/camara-aprova-renegociacao-da-divida-dos-estados-sem-exigir-contrapartidas\/","name":"C\u00e2mara aprova renegocia\u00e7\u00e3o da d\u00edvida dos Estados sem exigir contrapartidas | Arquivo","inLanguage":"pt-BR","isPartOf":{"@id":"https:\/\/www.jornalja.com.br\/arquivo\/#website"},"breadcrumb":{"@id":"https:\/\/www.jornalja.com.br\/arquivo\/camara-aprova-renegociacao-da-divida-dos-estados-sem-exigir-contrapartidas\/#breadcrumblist"},"author":{"@id":"https:\/\/www.jornalja.com.br\/arquivo\/author\/daredacao\/#author"},"creator":{"@id":"https:\/\/www.jornalja.com.br\/arquivo\/author\/daredacao\/#author"},"image":{"@type":"ImageObject","url":42610,"@id":"https:\/\/www.jornalja.com.br\/arquivo\/camara-aprova-renegociacao-da-divida-dos-estados-sem-exigir-contrapartidas\/#mainImage"},"primaryImageOfPage":{"@id":"https:\/\/www.jornalja.com.br\/arquivo\/camara-aprova-renegociacao-da-divida-dos-estados-sem-exigir-contrapartidas\/#mainImage"},"datePublished":"2016-12-20T18:46:57-02:00","dateModified":"2016-12-20T18:46:57-02:00"},{"@type":"WebSite","@id":"https:\/\/www.jornalja.com.br\/arquivo\/#website","url":"https:\/\/www.jornalja.com.br\/arquivo\/","name":"Arquivo","description":"Jornal J\u00c1 | Porto Alegre","inLanguage":"pt-BR","publisher":{"@id":"https:\/\/www.jornalja.com.br\/arquivo\/#organization"}}]},"og:locale":"pt_BR","og:site_name":"Arquivo | Jornal J\u00c1 | Porto Alegre","og:type":"article","og:title":"C\u00e2mara aprova renegocia\u00e7\u00e3o da d\u00edvida dos Estados sem exigir contrapartidas | Arquivo","og:url":"https:\/\/www.jornalja.com.br\/arquivo\/camara-aprova-renegociacao-da-divida-dos-estados-sem-exigir-contrapartidas\/","og:image":"https:\/\/agenciabrasil.ebc.com.br\/sites\/_agenciabrasil2013\/files\/styles\/interna_pequena\/public\/fotos\/1059328-1%20-%2020.12.2016_mcmag-5272.jpg?itok=8OoHAVwv","og:image:secure_url":"https:\/\/agenciabrasil.ebc.com.br\/sites\/_agenciabrasil2013\/files\/styles\/interna_pequena\/public\/fotos\/1059328-1%20-%2020.12.2016_mcmag-5272.jpg?itok=8OoHAVwv","article:published_time":"2016-12-20T21:46:57+00:00","article:modified_time":"2016-12-20T21:46:57+00:00","twitter:card":"summary","twitter:title":"C\u00e2mara aprova renegocia\u00e7\u00e3o da d\u00edvida dos Estados sem exigir contrapartidas | Arquivo","twitter:image":"https:\/\/www.jornalja.com.br\/economics\/wp-content\/uploads\/sites\/11\/2026\/08\/ja-folhaderosto-facebook.jpg"},"aioseo_meta_data":{"post_id":"42582","title":null,"description":null,"keywords":null,"keyphrases":null,"primary_term":null,"canonical_url":null,"og_title":null,"og_description":null,"og_object_type":"default","og_image_type":"default","og_image_url":null,"og_image_width":null,"og_image_height":null,"og_image_custom_url":null,"og_image_custom_fields":null,"og_video":null,"og_custom_url":null,"og_article_section":null,"og_article_tags":null,"twitter_use_og":false,"twitter_card":"default","twitter_image_type":"default","twitter_image_url":null,"twitter_image_custom_url":null,"twitter_image_custom_fields":null,"twitter_title":null,"twitter_description":null,"schema":{"blockGraphs":[],"customGraphs":[],"default":{"data":{"Article":[],"Course":[],"Dataset":[],"FAQPage":[],"Movie":[],"Person":[],"Product":[],"ProductReview":[],"Car":[],"Recipe":[],"Service":[],"SoftwareApplication":[],"WebPage":[]},"graphName":"","isEnabled":true},"graphs":[],"defaultGraph":"","defaultPostTypeGraph":""},"schema_type":null,"schema_type_options":null,"pillar_content":false,"robots_default":true,"robots_noindex":false,"robots_noarchive":false,"robots_nosnippet":false,"robots_nofollow":false,"robots_noimageindex":false,"robots_noodp":false,"robots_notranslate":false,"robots_max_snippet":null,"robots_max_videopreview":null,"robots_max_imagepreview":"large","priority":null,"frequency":null,"location":null,"local_seo":null,"breadcrumb_settings":null,"limit_modified_date":false,"ai":null,"created":"2020-12-20 20:43:21","updated":"2025-07-19 18:57:55","seo_analyzer_scan_date":null,"focus_keyword":null,"additional_keywords":null,"truseo_locale":null},"jetpack_sharing_enabled":true,"jetpack-related-posts":[{"id":5440,"url":"https:\/\/www.jornalja.com.br\/arquivo\/casarao-da-venancio-destino-permanece-incerto\/","url_meta":{"origin":42582,"position":0},"title":"Estado ainda n\u00e3o sabe o que fazer com casar\u00e3o abandonado h\u00e1 20 anos","author":"Elmar Bones","date":"6 de julho de 2009","format":false,"excerpt":"O casar\u00e3o amarelo, numa esquina nobre de Porto Alegre (Ven\u00e2ncio Aires com Jo\u00e3o Pessoa), j\u00e1 abrigou uma escola. H\u00e1 duas d\u00e9cadas, pelo menos, est\u00e1 abandonado, porque seu propriet\u00e1rio, o governo do Estado do Rio Grande do Sul, n\u00e3o consegue achar um destino para ele. Planos n\u00e3o faltaram. O governador Ol\u00edvio\u2026","rel":"","context":"Em &quot;X.Categorias velhas&quot;","block_context":{"text":"X.Categorias velhas","link":"https:\/\/www.jornalja.com.br\/arquivo\/category\/x-categorias-velhas\/"},"img":{"alt_text":"geraldo1","src":"https:\/\/i0.wp.com\/www.jornalja.com.br\/wp-content\/uploads\/2009\/07\/geraldo1.jpg?resize=350%2C200&ssl=1","width":350,"height":200},"classes":[]},{"id":13239,"url":"https:\/\/www.jornalja.com.br\/arquivo\/conselho-desdenha-do-plano-diretor\/","url_meta":{"origin":42582,"position":1},"title":"Porto Alegre: Conselho detona Plano Diretor","author":"Patr\u00edcia Marini","date":"25 de maio de 2014","format":false,"excerpt":"Den\u00fancia do arquiteto e \u00a0urbanista Ibir\u00e1 Santos Lucas. Ele diz que os conselheiros est\u00e3o votando com \"enorme irresponsabilidade\". \"Mudam regime com a maior naturalidade,,,regularizam absurdos de constru\u00e7\u00f5es irregulares... \"O CMDUA est\u00e1 flexibilizando a lei do plano diretor, de uma forma impactante na vida da cidade. Mudam regime com a maior\u2026","rel":"","context":"Em &quot;Geral&quot;","block_context":{"text":"Geral","link":"https:\/\/www.jornalja.com.br\/arquivo\/category\/geral\/"},"img":{"alt_text":"","src":"","width":0,"height":0},"classes":[]},{"id":13128,"url":"https:\/\/www.jornalja.com.br\/arquivo\/maconha-terra-diz-que-uso-medicinal-e-desculpa\/","url_meta":{"origin":42582,"position":2},"title":"Maconha: Terra diz que uso medicinal \u00e9 desculpa","author":"Patr\u00edcia Marini","date":"4 de junho de 2014","format":false,"excerpt":"A condi\u00e7\u00e3o de pol\u00edtico, em \u00e9poca de campanha de campanha eleitoral, tira for\u00e7a do discurso do m\u00e9dico Osmar Terra contra a legaliza\u00e7\u00e3o da maconha. A tese dele de que a libera\u00e7\u00e3o vai ampliar exponencialmente o consumo \u00e9 discutivel, o consumo \u00e9 corrente. Mas seus alertas quanto aos riscos tem que\u2026","rel":"","context":"Em &quot;X.Categorias velhas&quot;","block_context":{"text":"X.Categorias velhas","link":"https:\/\/www.jornalja.com.br\/arquivo\/category\/x-categorias-velhas\/"},"img":{"alt_text":"","src":"","width":0,"height":0},"classes":[]},{"id":13240,"url":"https:\/\/www.jornalja.com.br\/arquivo\/plano-diretor-estamos-construindo-o-caos\/","url_meta":{"origin":42582,"position":3},"title":"Plano diretor: &quot;Estamos construindo o caos&quot;","author":"Patr\u00edcia Marini","date":"26 de maio de 2014","format":false,"excerpt":"Desabafo que arquiteta Eliana Castilhos, delegada da Regi\u00e3o de Planejamento 1, postou nas redes sociais \u00e9 um testemunho do ambiente que se criou no Conselho do Plano Diretor de Porto Alegre, onde a aprova\u00e7\u00e3o de grandes empreendimentos \u00e9 empurrada guela abaixo dos conselheiros. Ao CMDUA Como delegada da Regi\u00e3o de\u2026","rel":"","context":"Em &quot;Geral&quot;","block_context":{"text":"Geral","link":"https:\/\/www.jornalja.com.br\/arquivo\/category\/geral\/"},"img":{"alt_text":"","src":"","width":0,"height":0},"classes":[]},{"id":13124,"url":"https:\/\/www.jornalja.com.br\/arquivo\/sangue-latino-no-iecine\/","url_meta":{"origin":42582,"position":4},"title":"Sangue latino no IECINE","author":"da Reda\u00e7\u00e3o","date":"18 de maio de 2014","format":false,"excerpt":"Francisco Ribeiro O Instituto Estadual de Cinema (IECINE) tem a frente, desde abril \u00faltimo, um novo diretor, o cineasta colombiano Juan Zapata, 36, que substitui Luiz Alberto Cassol. Radicado h\u00e1 dez anos em Porto Alegre, Zapata tem diante de si o desafio de conduzir at\u00e9 o final do ano um\u2026","rel":"","context":"Em &quot;Cultura-Geral&quot;","block_context":{"text":"Cultura-Geral","link":"https:\/\/www.jornalja.com.br\/arquivo\/category\/materiasecundaria\/"},"img":{"alt_text":"","src":"","width":0,"height":0},"classes":[]},{"id":13109,"url":"https:\/\/www.jornalja.com.br\/arquivo\/judiciario-reconhece-poluicao-eletromagnetica\/","url_meta":{"origin":42582,"position":5},"title":"Judici\u00e1rio reconhece polui\u00e7\u00e3o eletromagn\u00e9tica","author":"Patr\u00edcia Marini","date":"16 de maio de 2014","format":false,"excerpt":"A\u00e7\u00e3o de duas associa\u00e7\u00f5es de moradores foi acolhida pelo Tribunal de Justi\u00e7a de S\u00e3o Paulo que. em decis\u00e3o in\u00e9dita, determinou a redu\u00e7\u00e3o do campo eletromagn\u00e9tico gerado pelas linhas de transmiss\u00e3o de energia que cortam os bairros City Boa\u00e7ava e Alto de Pinheiros. \u00c9 a primeira vez que um tribunal do\u2026","rel":"","context":"Em &quot;X.Categorias velhas&quot;","block_context":{"text":"X.Categorias velhas","link":"https:\/\/www.jornalja.com.br\/arquivo\/category\/x-categorias-velhas\/"},"img":{"alt_text":"","src":"","width":0,"height":0},"classes":[]}],"jetpack_shortlink":"https:\/\/wp.me\/pbQjBd-b4O","jetpack_featured_media_url":"","_links":{"self":[{"href":"https:\/\/www.jornalja.com.br\/arquivo\/wp-json\/wp\/v2\/posts\/42582","targetHints":{"allow":["GET"]}}],"collection":[{"href":"https:\/\/www.jornalja.com.br\/arquivo\/wp-json\/wp\/v2\/posts"}],"about":[{"href":"https:\/\/www.jornalja.com.br\/arquivo\/wp-json\/wp\/v2\/types\/post"}],"author":[{"embeddable":true,"href":"https:\/\/www.jornalja.com.br\/arquivo\/wp-json\/wp\/v2\/users\/4"}],"replies":[{"embeddable":true,"href":"https:\/\/www.jornalja.com.br\/arquivo\/wp-json\/wp\/v2\/comments?post=42582"}],"version-history":[{"count":0,"href":"https:\/\/www.jornalja.com.br\/arquivo\/wp-json\/wp\/v2\/posts\/42582\/revisions"}],"wp:attachment":[{"href":"https:\/\/www.jornalja.com.br\/arquivo\/wp-json\/wp\/v2\/media?parent=42582"}],"wp:term":[{"taxonomy":"category","embeddable":true,"href":"https:\/\/www.jornalja.com.br\/arquivo\/wp-json\/wp\/v2\/categories?post=42582"},{"taxonomy":"post_tag","embeddable":true,"href":"https:\/\/www.jornalja.com.br\/arquivo\/wp-json\/wp\/v2\/tags?post=42582"}],"curies":[{"name":"wp","href":"https:\/\/api.w.org\/{rel}","templated":true}]}}