{"id":42652,"date":"2016-12-22T11:15:15","date_gmt":"2016-12-22T14:15:15","guid":{"rendered":"https:\/\/www.jornalja.com.br\/?p=42652"},"modified":"2016-12-22T11:15:15","modified_gmt":"2016-12-22T14:15:15","slug":"cettraliq-diz-ser-injusticada-pela-fepam","status":"publish","type":"post","link":"https:\/\/www.jornalja.com.br\/arquivo\/cettraliq-diz-ser-injusticada-pela-fepam\/","title":{"rendered":"Mau gosto na \u00e1gua: Cettraliq sente-se injusti\u00e7ada pela Fepam"},"content":{"rendered":"<p>Paralisada desde o dia 10 de agosto, a Cettraliq, empresa especializada em tratamento de efluentes l\u00edquidos j\u00e1 removeu 50 por cento dos dejetos estocados em seus tanques.<br \/>\nEla teve suas atividades suspensas pela Fepam no dia 10 de agosto por, supostamente, fazer \u201cemiss\u00e3o de odores fora dos limites da sua planta\u201d.<br \/>\nLocalizada no bairro Navegantes, perto do acesso a ponte do Gua\u00edba, a empresa atendia a outras 1,5 mil de pequeno e m\u00e9dio porte fazendo o tratamento de seus dejetos l\u00edquidos, que anteriormente eram lan\u00e7ados <em>in natura<\/em> na rede pluvial.<br \/>\nA Cettraliq , sente-se injusti\u00e7ada, mas est\u00e1 cumprindo com a determina\u00e7\u00e3o da 10\u00aa Vara da Fazenda P\u00fablica de Porto Alegre e enviando este material, cerca de 2600 metros c\u00fabicos de dejetos para uma empresa multinacional localizada em Joinville, Santa Catarina ( a 650 quil\u00f4metros de Porto Alegre).<br \/>\nO prazo se encerra no pr\u00f3ximo dia 5 de janeiro. At\u00e9 esta segunda-feira (12\/12), j\u00e1 haviam sido retirados cerca de 50% dos 2.600 metros c\u00fabicos de efluentes que permaneciam na planta. Para o transporte desses efluentes foi necess\u00e1ria a contrata\u00e7\u00e3o de 80 caminh\u00f5es tanques.<br \/>\n<figure id=\"attachment_42644\" aria-describedby=\"caption-attachment-42644\" style=\"width: 300px\" class=\"wp-caption alignleft\"><img loading=\"lazy\" decoding=\"async\" class=\"wp-image-42644 size-medium\" src=\"https:\/\/www.jornalja.com.br\/wp-content\/uploads\/2016\/12\/MG_0329-300x200.jpg\" alt=\"_mg_0329\" width=\"300\" height=\"200\" \/><figcaption id=\"caption-attachment-42644\" class=\"wp-caption-text\">T\u00e9cnicos da Cettraliq explicam posi\u00e7\u00e3o da empresa. Foto W\u00e1lmaro Paz<\/figcaption><\/figure><br \/>\n&nbsp;<br \/>\nA bi\u00f3loga Isabel Claas, explicou que o envio para Joinville se deve ao fato de somente l\u00e1 existir uma planta com capacidade de processar e tratar estes res\u00edduos, assim como vinham sendo feitos pela Cettraliq. Ela disse n\u00e3o ter ideia do custo desse transporte, mas entende que ser\u00e1 a \u00fanica alternativa. Existe uma outra empresa que trata res\u00edduos l\u00edquidos em Canoas, por\u00e9m funciona sem licen\u00e7a da Fepam, tem apenas o licenciamento municipal e, conforme ela a metodologia e a tecnologia utilizadas deixam muito a desejar. A empresa fechada demitiu cerca de 40 t\u00e9cnicos e mantem apenas tr\u00eas funcion\u00e1rios que est\u00e3o trabalhando na transfer\u00eancia dos efluentes at\u00e9 o seu final.<br \/>\nO engenheiro qu\u00edmico Jos\u00e9 Carlos Bignetti, que fala na qualidade de porta-voz da empresa juntamente com a bi\u00f3loga Isabel Claas, explicou todo o fluxo dos res\u00edduos dentro dos tanques de tratamento da empresa.<br \/>\nConforme ele nada era lan\u00e7ado diretamente ao rio. \u201cO pr\u00e9dio onde funcionava a Cettraliq foi constru\u00eddo em 1906 e tinha acesso direto para capta\u00e7\u00e3o e lan\u00e7amento de dejetos ao rio Gua\u00edba. Mas com os aterros para a constru\u00e7\u00e3o do cais Navegantes e a pr\u00f3pria Ponte do Gua\u00edba este acesso foi bloqueado. Na esta\u00e7\u00e3o da empresa os efluentes tratados, uma \u00e1gua que pode at\u00e9 ser utilizada em limpeza, eram lan\u00e7ados na rede pluvial onde eram sugados pela bomba da Trensurb que juntamente com o esgoto pluvial da regi\u00e3o eram lan\u00e7ados ao rio\u201d.<br \/>\nOs dois t\u00e9cnicos entendem que a empresa foi utilizada como bode expiat\u00f3rio para justificar a incompet\u00eancia de outros \u00f3rg\u00e3os: Departamento de Esgotos Pluviais (DEP), DMAE, etc.<br \/>\nIsabel lembra que foram realizadas mais de 7 mil an\u00e1lises de \u00e1gua nos dejetos, na empresa, no rio, nas casas de bombas e nada foi encontrado, a n\u00e3o ser uma bact\u00e9ria: a actinomicetes, que produz um cheiro caracter\u00edstico e \u00e9 encontrada no lodo de esgotos e do fundo dos rios.<br \/>\nA Biologa disse que &#8220;a Cettraliq est\u00e1 consciente de que a sua atividade emitia um odor caracter\u00edstico, mas totalmente diferente daquele percebido nos arredores da empresa e no bairro.\u00a0Para a empresa, h\u00e1 outras poss\u00edveis causas para a percep\u00e7\u00e3o desse cheiro no local.<br \/>\nNo 4\u00ba Distrito, onde a empresa est\u00e1 localizada, h\u00e1 v\u00e1rias companhias que produzem res\u00edduos de todo tipo. A empresa acredita que a necessidade de dar uma resposta \u00e0 opini\u00e3o p\u00fablica, compreensivelmente indignada com a qualidade da \u00e1gua que est\u00e1 consumindo, acabou levando a Fepam a responsabilizar a Cettraliq pelo problema, sem que nenhum nexo causal tenha se estabelecido entre a sua atividade e as altera\u00e7\u00f5es no sabor e odor da \u00e1gua da Capital&#8221;.<br \/>\nA Cettraliq esta aguardando a finaliza\u00e7\u00e3o do processo que responde atualmente para comprovar sua inoc\u00eancia.<br \/>\nNesse caso recorrer\u00e1 \u00e0 Justi\u00e7a para se ressarcir dos prejuizos que &#8220;foram imensur\u00e1veis ap\u00f3s a condena\u00e7\u00e3o antecipada feita por alguns \u00f3rg\u00e3os de imprensa&#8221;, explica Bignetti.<br \/>\n&nbsp;<\/p>\n","protected":false},"excerpt":{"rendered":"<p>Paralisada desde o dia 10 de agosto, a Cettraliq, empresa especializada em tratamento de efluentes l\u00edquidos j\u00e1 removeu 50 por cento dos dejetos estocados em seus tanques. Ela teve suas atividades suspensas pela Fepam no dia 10 de agosto por, supostamente, fazer \u201cemiss\u00e3o de odores fora dos limites da sua planta\u201d. Localizada no bairro Navegantes, [&hellip;]<\/p>\n","protected":false},"author":4,"featured_media":42645,"comment_status":"open","ping_status":"closed","sticky":false,"template":"","format":"standard","meta":{"_jetpack_newsletter_access":"","_jetpack_dont_email_post_to_subs":false,"_jetpack_newsletter_tier_id":0,"_jetpack_memberships_contains_paywalled_content":false,"_jetpack_feature_clip_id":0,"_jetpack_memberships_contains_paid_content":false,"footnotes":"","jetpack_post_was_ever_published":false},"categories":[26],"tags":[],"class_list":["post-42652","post","type-post","status-publish","format-standard","has-post-thumbnail","hentry","category-geral"],"aioseo_notices":[],"aioseo_head":"\n\t\t<!-- All in One SEO 5.0.1.1 - aioseo.com -->\n\t<meta name=\"robots\" content=\"max-image-preview:large\" \/>\n\t<meta name=\"author\" content=\"da Reda\u00e7\u00e3o\"\/>\n\t<link rel=\"canonical\" href=\"https:\/\/www.jornalja.com.br\/arquivo\/cettraliq-diz-ser-injusticada-pela-fepam\/\" \/>\n\t<meta name=\"generator\" content=\"All in One SEO (AIOSEO) 5.0.1.1\" \/>\n\t\t<meta property=\"og:locale\" content=\"pt_BR\" \/>\n\t\t<meta property=\"og:site_name\" content=\"Arquivo | Jornal J\u00c1 | Porto Alegre\" \/>\n\t\t<meta property=\"og:type\" content=\"article\" \/>\n\t\t<meta property=\"og:title\" content=\"Mau gosto na \u00e1gua: Cettraliq sente-se injusti\u00e7ada pela Fepam | Arquivo\" \/>\n\t\t<meta property=\"og:url\" content=\"https:\/\/www.jornalja.com.br\/arquivo\/cettraliq-diz-ser-injusticada-pela-fepam\/\" \/>\n\t\t<meta property=\"og:image\" content=\"https:\/\/www.jornalja.com.br\/wp-content\/uploads\/2016\/12\/MG_0329-300x200.jpg\" \/>\n\t\t<meta property=\"og:image:secure_url\" content=\"https:\/\/www.jornalja.com.br\/wp-content\/uploads\/2016\/12\/MG_0329-300x200.jpg\" \/>\n\t\t<meta property=\"article:published_time\" content=\"2016-12-22T14:15:15+00:00\" \/>\n\t\t<meta property=\"article:modified_time\" content=\"2016-12-22T14:15:15+00:00\" \/>\n\t\t<meta name=\"twitter:card\" content=\"summary\" \/>\n\t\t<meta name=\"twitter:title\" content=\"Mau gosto na \u00e1gua: Cettraliq sente-se injusti\u00e7ada pela Fepam | Arquivo\" \/>\n\t\t<meta name=\"twitter:image\" content=\"https:\/\/www.jornalja.com.br\/economics\/wp-content\/uploads\/sites\/11\/2026\/08\/ja-folhaderosto-facebook.jpg\" \/>\n\t\t<script type=\"application\/ld+json\" class=\"aioseo-schema\">\n\t\t\t{\"@context\":\"https:\\\/\\\/schema.org\",\"@graph\":[{\"@type\":\"BlogPosting\",\"@id\":\"https:\\\/\\\/www.jornalja.com.br\\\/arquivo\\\/cettraliq-diz-ser-injusticada-pela-fepam\\\/#blogposting\",\"name\":\"Mau gosto na \\u00e1gua: Cettraliq sente-se injusti\\u00e7ada pela Fepam | Arquivo\",\"headline\":\"Mau gosto na \\u00e1gua: Cettraliq sente-se injusti\\u00e7ada pela Fepam\",\"author\":{\"@id\":\"https:\\\/\\\/www.jornalja.com.br\\\/arquivo\\\/author\\\/daredacao\\\/#author\"},\"publisher\":{\"@id\":\"https:\\\/\\\/www.jornalja.com.br\\\/arquivo\\\/#organization\"},\"image\":{\"@type\":\"ImageObject\",\"url\":42645},\"datePublished\":\"2016-12-22T11:15:15-02:00\",\"dateModified\":\"2016-12-22T11:15:15-02:00\",\"inLanguage\":\"pt-BR\",\"mainEntityOfPage\":{\"@id\":\"https:\\\/\\\/www.jornalja.com.br\\\/arquivo\\\/cettraliq-diz-ser-injusticada-pela-fepam\\\/#webpage\"},\"isPartOf\":{\"@id\":\"https:\\\/\\\/www.jornalja.com.br\\\/arquivo\\\/cettraliq-diz-ser-injusticada-pela-fepam\\\/#webpage\"},\"articleSection\":\"Geral\"},{\"@type\":\"BreadcrumbList\",\"@id\":\"https:\\\/\\\/www.jornalja.com.br\\\/arquivo\\\/cettraliq-diz-ser-injusticada-pela-fepam\\\/#breadcrumblist\",\"itemListElement\":[{\"@type\":\"ListItem\",\"@id\":\"https:\\\/\\\/www.jornalja.com.br\\\/arquivo#listItem\",\"position\":1,\"name\":\"Home\",\"item\":\"https:\\\/\\\/www.jornalja.com.br\\\/arquivo\",\"nextItem\":{\"@type\":\"ListItem\",\"@id\":\"https:\\\/\\\/www.jornalja.com.br\\\/arquivo\\\/category\\\/geral\\\/#listItem\",\"name\":\"Geral\"}},{\"@type\":\"ListItem\",\"@id\":\"https:\\\/\\\/www.jornalja.com.br\\\/arquivo\\\/category\\\/geral\\\/#listItem\",\"position\":2,\"name\":\"Geral\",\"item\":\"https:\\\/\\\/www.jornalja.com.br\\\/arquivo\\\/category\\\/geral\\\/\",\"nextItem\":{\"@type\":\"ListItem\",\"@id\":\"https:\\\/\\\/www.jornalja.com.br\\\/arquivo\\\/cettraliq-diz-ser-injusticada-pela-fepam\\\/#listItem\",\"name\":\"Mau gosto na \\u00e1gua: Cettraliq sente-se injusti\\u00e7ada pela Fepam\"},\"previousItem\":{\"@type\":\"ListItem\",\"@id\":\"https:\\\/\\\/www.jornalja.com.br\\\/arquivo#listItem\",\"name\":\"Home\"}},{\"@type\":\"ListItem\",\"@id\":\"https:\\\/\\\/www.jornalja.com.br\\\/arquivo\\\/cettraliq-diz-ser-injusticada-pela-fepam\\\/#listItem\",\"position\":3,\"name\":\"Mau gosto na \\u00e1gua: Cettraliq sente-se injusti\\u00e7ada pela Fepam\",\"previousItem\":{\"@type\":\"ListItem\",\"@id\":\"https:\\\/\\\/www.jornalja.com.br\\\/arquivo\\\/category\\\/geral\\\/#listItem\",\"name\":\"Geral\"}}]},{\"@type\":\"Organization\",\"@id\":\"https:\\\/\\\/www.jornalja.com.br\\\/arquivo\\\/#organization\",\"name\":\"Jornal J\\u00c1\",\"description\":\"Jornal J\\u00c1 | Porto Alegre\",\"url\":\"https:\\\/\\\/www.jornalja.com.br\\\/arquivo\\\/\",\"telephone\":\"+555133307272\",\"logo\":{\"@type\":\"ImageObject\",\"url\":\"https:\\\/\\\/www.jornalja.com.br\\\/wp-content\\\/uploads\\\/cards\\\/JAslogan.png\",\"@id\":\"https:\\\/\\\/www.jornalja.com.br\\\/arquivo\\\/cettraliq-diz-ser-injusticada-pela-fepam\\\/#organizationLogo\"},\"image\":{\"@id\":\"https:\\\/\\\/www.jornalja.com.br\\\/arquivo\\\/cettraliq-diz-ser-injusticada-pela-fepam\\\/#organizationLogo\"}},{\"@type\":\"Person\",\"@id\":\"https:\\\/\\\/www.jornalja.com.br\\\/arquivo\\\/author\\\/daredacao\\\/#author\",\"url\":\"https:\\\/\\\/www.jornalja.com.br\\\/arquivo\\\/author\\\/daredacao\\\/\",\"name\":\"da Reda\\u00e7\\u00e3o\",\"image\":{\"@type\":\"ImageObject\",\"@id\":\"https:\\\/\\\/www.jornalja.com.br\\\/arquivo\\\/cettraliq-diz-ser-injusticada-pela-fepam\\\/#authorImage\",\"url\":\"https:\\\/\\\/secure.gravatar.com\\\/avatar\\\/469fd857d6605ad19919d27ed29d35a968a25f6e8fd9318356bbb7f57aae9c65?s=96&d=mm&r=g\",\"width\":96,\"height\":96,\"caption\":\"da Reda\\u00e7\\u00e3o\"}},{\"@type\":\"WebPage\",\"@id\":\"https:\\\/\\\/www.jornalja.com.br\\\/arquivo\\\/cettraliq-diz-ser-injusticada-pela-fepam\\\/#webpage\",\"url\":\"https:\\\/\\\/www.jornalja.com.br\\\/arquivo\\\/cettraliq-diz-ser-injusticada-pela-fepam\\\/\",\"name\":\"Mau gosto na \\u00e1gua: Cettraliq sente-se injusti\\u00e7ada pela Fepam | Arquivo\",\"inLanguage\":\"pt-BR\",\"isPartOf\":{\"@id\":\"https:\\\/\\\/www.jornalja.com.br\\\/arquivo\\\/#website\"},\"breadcrumb\":{\"@id\":\"https:\\\/\\\/www.jornalja.com.br\\\/arquivo\\\/cettraliq-diz-ser-injusticada-pela-fepam\\\/#breadcrumblist\"},\"author\":{\"@id\":\"https:\\\/\\\/www.jornalja.com.br\\\/arquivo\\\/author\\\/daredacao\\\/#author\"},\"creator\":{\"@id\":\"https:\\\/\\\/www.jornalja.com.br\\\/arquivo\\\/author\\\/daredacao\\\/#author\"},\"image\":{\"@type\":\"ImageObject\",\"url\":42645,\"@id\":\"https:\\\/\\\/www.jornalja.com.br\\\/arquivo\\\/cettraliq-diz-ser-injusticada-pela-fepam\\\/#mainImage\"},\"primaryImageOfPage\":{\"@id\":\"https:\\\/\\\/www.jornalja.com.br\\\/arquivo\\\/cettraliq-diz-ser-injusticada-pela-fepam\\\/#mainImage\"},\"datePublished\":\"2016-12-22T11:15:15-02:00\",\"dateModified\":\"2016-12-22T11:15:15-02:00\"},{\"@type\":\"WebSite\",\"@id\":\"https:\\\/\\\/www.jornalja.com.br\\\/arquivo\\\/#website\",\"url\":\"https:\\\/\\\/www.jornalja.com.br\\\/arquivo\\\/\",\"name\":\"Arquivo\",\"description\":\"Jornal J\\u00c1 | Porto Alegre\",\"inLanguage\":\"pt-BR\",\"publisher\":{\"@id\":\"https:\\\/\\\/www.jornalja.com.br\\\/arquivo\\\/#organization\"}}]}\n\t\t<\/script>\n\t\t<!-- All in One SEO -->\n\n","aioseo_head_json":{"title":"Mau gosto na \u00e1gua: Cettraliq sente-se injusti\u00e7ada pela Fepam | Arquivo","description":"","canonical_url":"https:\/\/www.jornalja.com.br\/arquivo\/cettraliq-diz-ser-injusticada-pela-fepam\/","robots":"max-image-preview:large","keywords":"","webmasterTools":{"miscellaneous":""},"schema":{"@context":"https:\/\/schema.org","@graph":[{"@type":"BlogPosting","@id":"https:\/\/www.jornalja.com.br\/arquivo\/cettraliq-diz-ser-injusticada-pela-fepam\/#blogposting","name":"Mau gosto na \u00e1gua: Cettraliq sente-se injusti\u00e7ada pela Fepam | Arquivo","headline":"Mau gosto na \u00e1gua: Cettraliq sente-se injusti\u00e7ada pela Fepam","author":{"@id":"https:\/\/www.jornalja.com.br\/arquivo\/author\/daredacao\/#author"},"publisher":{"@id":"https:\/\/www.jornalja.com.br\/arquivo\/#organization"},"image":{"@type":"ImageObject","url":42645},"datePublished":"2016-12-22T11:15:15-02:00","dateModified":"2016-12-22T11:15:15-02:00","inLanguage":"pt-BR","mainEntityOfPage":{"@id":"https:\/\/www.jornalja.com.br\/arquivo\/cettraliq-diz-ser-injusticada-pela-fepam\/#webpage"},"isPartOf":{"@id":"https:\/\/www.jornalja.com.br\/arquivo\/cettraliq-diz-ser-injusticada-pela-fepam\/#webpage"},"articleSection":"Geral"},{"@type":"BreadcrumbList","@id":"https:\/\/www.jornalja.com.br\/arquivo\/cettraliq-diz-ser-injusticada-pela-fepam\/#breadcrumblist","itemListElement":[{"@type":"ListItem","@id":"https:\/\/www.jornalja.com.br\/arquivo#listItem","position":1,"name":"Home","item":"https:\/\/www.jornalja.com.br\/arquivo","nextItem":{"@type":"ListItem","@id":"https:\/\/www.jornalja.com.br\/arquivo\/category\/geral\/#listItem","name":"Geral"}},{"@type":"ListItem","@id":"https:\/\/www.jornalja.com.br\/arquivo\/category\/geral\/#listItem","position":2,"name":"Geral","item":"https:\/\/www.jornalja.com.br\/arquivo\/category\/geral\/","nextItem":{"@type":"ListItem","@id":"https:\/\/www.jornalja.com.br\/arquivo\/cettraliq-diz-ser-injusticada-pela-fepam\/#listItem","name":"Mau gosto na \u00e1gua: Cettraliq sente-se injusti\u00e7ada pela Fepam"},"previousItem":{"@type":"ListItem","@id":"https:\/\/www.jornalja.com.br\/arquivo#listItem","name":"Home"}},{"@type":"ListItem","@id":"https:\/\/www.jornalja.com.br\/arquivo\/cettraliq-diz-ser-injusticada-pela-fepam\/#listItem","position":3,"name":"Mau gosto na \u00e1gua: Cettraliq sente-se injusti\u00e7ada pela Fepam","previousItem":{"@type":"ListItem","@id":"https:\/\/www.jornalja.com.br\/arquivo\/category\/geral\/#listItem","name":"Geral"}}]},{"@type":"Organization","@id":"https:\/\/www.jornalja.com.br\/arquivo\/#organization","name":"Jornal J\u00c1","description":"Jornal J\u00c1 | Porto Alegre","url":"https:\/\/www.jornalja.com.br\/arquivo\/","telephone":"+555133307272","logo":{"@type":"ImageObject","url":"https:\/\/www.jornalja.com.br\/wp-content\/uploads\/cards\/JAslogan.png","@id":"https:\/\/www.jornalja.com.br\/arquivo\/cettraliq-diz-ser-injusticada-pela-fepam\/#organizationLogo"},"image":{"@id":"https:\/\/www.jornalja.com.br\/arquivo\/cettraliq-diz-ser-injusticada-pela-fepam\/#organizationLogo"}},{"@type":"Person","@id":"https:\/\/www.jornalja.com.br\/arquivo\/author\/daredacao\/#author","url":"https:\/\/www.jornalja.com.br\/arquivo\/author\/daredacao\/","name":"da Reda\u00e7\u00e3o","image":{"@type":"ImageObject","@id":"https:\/\/www.jornalja.com.br\/arquivo\/cettraliq-diz-ser-injusticada-pela-fepam\/#authorImage","url":"https:\/\/secure.gravatar.com\/avatar\/469fd857d6605ad19919d27ed29d35a968a25f6e8fd9318356bbb7f57aae9c65?s=96&d=mm&r=g","width":96,"height":96,"caption":"da Reda\u00e7\u00e3o"}},{"@type":"WebPage","@id":"https:\/\/www.jornalja.com.br\/arquivo\/cettraliq-diz-ser-injusticada-pela-fepam\/#webpage","url":"https:\/\/www.jornalja.com.br\/arquivo\/cettraliq-diz-ser-injusticada-pela-fepam\/","name":"Mau gosto na \u00e1gua: Cettraliq sente-se injusti\u00e7ada pela Fepam | Arquivo","inLanguage":"pt-BR","isPartOf":{"@id":"https:\/\/www.jornalja.com.br\/arquivo\/#website"},"breadcrumb":{"@id":"https:\/\/www.jornalja.com.br\/arquivo\/cettraliq-diz-ser-injusticada-pela-fepam\/#breadcrumblist"},"author":{"@id":"https:\/\/www.jornalja.com.br\/arquivo\/author\/daredacao\/#author"},"creator":{"@id":"https:\/\/www.jornalja.com.br\/arquivo\/author\/daredacao\/#author"},"image":{"@type":"ImageObject","url":42645,"@id":"https:\/\/www.jornalja.com.br\/arquivo\/cettraliq-diz-ser-injusticada-pela-fepam\/#mainImage"},"primaryImageOfPage":{"@id":"https:\/\/www.jornalja.com.br\/arquivo\/cettraliq-diz-ser-injusticada-pela-fepam\/#mainImage"},"datePublished":"2016-12-22T11:15:15-02:00","dateModified":"2016-12-22T11:15:15-02:00"},{"@type":"WebSite","@id":"https:\/\/www.jornalja.com.br\/arquivo\/#website","url":"https:\/\/www.jornalja.com.br\/arquivo\/","name":"Arquivo","description":"Jornal J\u00c1 | Porto Alegre","inLanguage":"pt-BR","publisher":{"@id":"https:\/\/www.jornalja.com.br\/arquivo\/#organization"}}]},"og:locale":"pt_BR","og:site_name":"Arquivo | Jornal J\u00c1 | Porto Alegre","og:type":"article","og:title":"Mau gosto na \u00e1gua: Cettraliq sente-se injusti\u00e7ada pela Fepam | Arquivo","og:url":"https:\/\/www.jornalja.com.br\/arquivo\/cettraliq-diz-ser-injusticada-pela-fepam\/","og:image":"https:\/\/www.jornalja.com.br\/wp-content\/uploads\/2016\/12\/MG_0329-300x200.jpg","og:image:secure_url":"https:\/\/www.jornalja.com.br\/wp-content\/uploads\/2016\/12\/MG_0329-300x200.jpg","article:published_time":"2016-12-22T14:15:15+00:00","article:modified_time":"2016-12-22T14:15:15+00:00","twitter:card":"summary","twitter:title":"Mau gosto na \u00e1gua: Cettraliq sente-se injusti\u00e7ada pela Fepam | Arquivo","twitter:image":"https:\/\/www.jornalja.com.br\/economics\/wp-content\/uploads\/sites\/11\/2026\/08\/ja-folhaderosto-facebook.jpg"},"aioseo_meta_data":{"post_id":"42652","title":null,"description":null,"keywords":null,"keyphrases":null,"primary_term":null,"canonical_url":null,"og_title":null,"og_description":null,"og_object_type":"default","og_image_type":"default","og_image_url":null,"og_image_width":null,"og_image_height":null,"og_image_custom_url":null,"og_image_custom_fields":null,"og_video":null,"og_custom_url":null,"og_article_section":null,"og_article_tags":null,"twitter_use_og":false,"twitter_card":"default","twitter_image_type":"default","twitter_image_url":null,"twitter_image_custom_url":null,"twitter_image_custom_fields":null,"twitter_title":null,"twitter_description":null,"schema":{"blockGraphs":[],"customGraphs":[],"default":{"data":{"Article":[],"Course":[],"Dataset":[],"FAQPage":[],"Movie":[],"Person":[],"Product":[],"ProductReview":[],"Car":[],"Recipe":[],"Service":[],"SoftwareApplication":[],"WebPage":[]},"graphName":"","isEnabled":true},"graphs":[]},"schema_type":null,"schema_type_options":null,"pillar_content":false,"robots_default":true,"robots_noindex":false,"robots_noarchive":false,"robots_nosnippet":false,"robots_nofollow":false,"robots_noimageindex":false,"robots_noodp":false,"robots_notranslate":false,"robots_max_snippet":null,"robots_max_videopreview":null,"robots_max_imagepreview":"large","priority":null,"frequency":null,"location":null,"local_seo":null,"breadcrumb_settings":null,"limit_modified_date":false,"ai":null,"created":"2020-12-20 20:43:21","updated":"2025-07-19 18:57:55","seo_analyzer_scan_date":null,"focus_keyword":null,"additional_keywords":null,"truseo_locale":null},"jetpack_sharing_enabled":true,"jetpack-related-posts":[{"id":12960,"url":"https:\/\/www.jornalja.com.br\/arquivo\/populacao-culpa-empresas-pela-greve-dos-rodoviarios\/","url_meta":{"origin":42652,"position":0},"title":"Popula\u00e7\u00e3o culpa empresas pela greve","author":"Patr\u00edcia Marini","date":"14 de fevereiro de 2014","format":false,"excerpt":"Pesquisa divulgada na edi\u00e7\u00e3o do jornal Metro desta sexta-feira,14, comprova o velho ditado: \u00e9 poss\u00edvel enganar muitos por algum tempo, mas n\u00e3o \u00e9 poss\u00edvel enganar a todos o tempo inteiro. A principal revela\u00e7\u00e3o foi que 59,8% dos entrevistados apontaram as empresas como as principais respons\u00e1veis pela grave e 46% culparam\u2026","rel":"","context":"Em &quot;X.Categorias velhas&quot;","block_context":{"text":"X.Categorias velhas","link":"https:\/\/www.jornalja.com.br\/arquivo\/category\/x-categorias-velhas\/"},"img":{"alt_text":"","src":"","width":0,"height":0},"classes":[]},{"id":13240,"url":"https:\/\/www.jornalja.com.br\/arquivo\/plano-diretor-estamos-construindo-o-caos\/","url_meta":{"origin":42652,"position":1},"title":"Plano diretor: &quot;Estamos construindo o caos&quot;","author":"Patr\u00edcia Marini","date":"26 de maio de 2014","format":false,"excerpt":"Desabafo que arquiteta Eliana Castilhos, delegada da Regi\u00e3o de Planejamento 1, postou nas redes sociais \u00e9 um testemunho do ambiente que se criou no Conselho do Plano Diretor de Porto Alegre, onde a aprova\u00e7\u00e3o de grandes empreendimentos \u00e9 empurrada guela abaixo dos conselheiros. Ao CMDUA Como delegada da Regi\u00e3o de\u2026","rel":"","context":"Em &quot;Geral&quot;","block_context":{"text":"Geral","link":"https:\/\/www.jornalja.com.br\/arquivo\/category\/geral\/"},"img":{"alt_text":"","src":"","width":0,"height":0},"classes":[]},{"id":13124,"url":"https:\/\/www.jornalja.com.br\/arquivo\/sangue-latino-no-iecine\/","url_meta":{"origin":42652,"position":2},"title":"Sangue latino no IECINE","author":"da Reda\u00e7\u00e3o","date":"18 de maio de 2014","format":false,"excerpt":"Francisco Ribeiro O Instituto Estadual de Cinema (IECINE) tem a frente, desde abril \u00faltimo, um novo diretor, o cineasta colombiano Juan Zapata, 36, que substitui Luiz Alberto Cassol. Radicado h\u00e1 dez anos em Porto Alegre, Zapata tem diante de si o desafio de conduzir at\u00e9 o final do ano um\u2026","rel":"","context":"Em &quot;Cultura-Geral&quot;","block_context":{"text":"Cultura-Geral","link":"https:\/\/www.jornalja.com.br\/arquivo\/category\/materiasecundaria\/"},"img":{"alt_text":"","src":"","width":0,"height":0},"classes":[]},{"id":5440,"url":"https:\/\/www.jornalja.com.br\/arquivo\/casarao-da-venancio-destino-permanece-incerto\/","url_meta":{"origin":42652,"position":3},"title":"Estado ainda n\u00e3o sabe o que fazer com casar\u00e3o abandonado h\u00e1 20 anos","author":"Elmar Bones","date":"6 de julho de 2009","format":false,"excerpt":"O casar\u00e3o amarelo, numa esquina nobre de Porto Alegre (Ven\u00e2ncio Aires com Jo\u00e3o Pessoa), j\u00e1 abrigou uma escola. H\u00e1 duas d\u00e9cadas, pelo menos, est\u00e1 abandonado, porque seu propriet\u00e1rio, o governo do Estado do Rio Grande do Sul, n\u00e3o consegue achar um destino para ele. Planos n\u00e3o faltaram. O governador Ol\u00edvio\u2026","rel":"","context":"Em &quot;X.Categorias velhas&quot;","block_context":{"text":"X.Categorias velhas","link":"https:\/\/www.jornalja.com.br\/arquivo\/category\/x-categorias-velhas\/"},"img":{"alt_text":"geraldo1","src":"https:\/\/i0.wp.com\/www.jornalja.com.br\/wp-content\/uploads\/2009\/07\/geraldo1.jpg?resize=350%2C200&ssl=1","width":350,"height":200},"classes":[]},{"id":14241,"url":"https:\/\/www.jornalja.com.br\/arquivo\/o-guaiba-nas-imagens-poeticas-de-achutti\/","url_meta":{"origin":42652,"position":4},"title":"O Gua\u00edba nas imagens po\u00e9ticas de Achutti","author":"da Reda\u00e7\u00e3o","date":"18 de junho de 2014","format":false,"excerpt":"Em \u201cO Gua\u00edba por Achutti\u201d \u2013 obra financiada via Minist\u00e9rio da Cultura, produ\u00e7\u00e3o executiva de Pedro Longhi, e Fl\u00e1vio Wild como designer \u2013, o fot\u00f3grafo revela a beleza e as mazelas de um espa\u00e7o aqu\u00e1tico de \u00e1guas sempre renovadas, cheio de hist\u00f3rias e lendas como as das cidades que foram\u2026","rel":"","context":"Em &quot;Cultura-Geral&quot;","block_context":{"text":"Cultura-Geral","link":"https:\/\/www.jornalja.com.br\/arquivo\/category\/materiasecundaria\/"},"img":{"alt_text":"","src":"","width":0,"height":0},"classes":[]},{"id":13128,"url":"https:\/\/www.jornalja.com.br\/arquivo\/maconha-terra-diz-que-uso-medicinal-e-desculpa\/","url_meta":{"origin":42652,"position":5},"title":"Maconha: Terra diz que uso medicinal \u00e9 desculpa","author":"Patr\u00edcia Marini","date":"4 de junho de 2014","format":false,"excerpt":"A condi\u00e7\u00e3o de pol\u00edtico, em \u00e9poca de campanha de campanha eleitoral, tira for\u00e7a do discurso do m\u00e9dico Osmar Terra contra a legaliza\u00e7\u00e3o da maconha. A tese dele de que a libera\u00e7\u00e3o vai ampliar exponencialmente o consumo \u00e9 discutivel, o consumo \u00e9 corrente. Mas seus alertas quanto aos riscos tem que\u2026","rel":"","context":"Em &quot;X.Categorias velhas&quot;","block_context":{"text":"X.Categorias velhas","link":"https:\/\/www.jornalja.com.br\/arquivo\/category\/x-categorias-velhas\/"},"img":{"alt_text":"","src":"","width":0,"height":0},"classes":[]}],"jetpack_shortlink":"https:\/\/wp.me\/pbQjBd-b5W","jetpack_featured_media_url":"","_links":{"self":[{"href":"https:\/\/www.jornalja.com.br\/arquivo\/wp-json\/wp\/v2\/posts\/42652","targetHints":{"allow":["GET"]}}],"collection":[{"href":"https:\/\/www.jornalja.com.br\/arquivo\/wp-json\/wp\/v2\/posts"}],"about":[{"href":"https:\/\/www.jornalja.com.br\/arquivo\/wp-json\/wp\/v2\/types\/post"}],"author":[{"embeddable":true,"href":"https:\/\/www.jornalja.com.br\/arquivo\/wp-json\/wp\/v2\/users\/4"}],"replies":[{"embeddable":true,"href":"https:\/\/www.jornalja.com.br\/arquivo\/wp-json\/wp\/v2\/comments?post=42652"}],"version-history":[{"count":0,"href":"https:\/\/www.jornalja.com.br\/arquivo\/wp-json\/wp\/v2\/posts\/42652\/revisions"}],"wp:attachment":[{"href":"https:\/\/www.jornalja.com.br\/arquivo\/wp-json\/wp\/v2\/media?parent=42652"}],"wp:term":[{"taxonomy":"category","embeddable":true,"href":"https:\/\/www.jornalja.com.br\/arquivo\/wp-json\/wp\/v2\/categories?post=42652"},{"taxonomy":"post_tag","embeddable":true,"href":"https:\/\/www.jornalja.com.br\/arquivo\/wp-json\/wp\/v2\/tags?post=42652"}],"curies":[{"name":"wp","href":"https:\/\/api.w.org\/{rel}","templated":true}]}}