{"id":42684,"date":"2016-12-24T17:47:52","date_gmt":"2016-12-24T20:47:52","guid":{"rendered":"https:\/\/www.jornalja.com.br\/?p=42684"},"modified":"2016-12-24T17:47:52","modified_gmt":"2016-12-24T20:47:52","slug":"casas-da-luciana-de-abreu-derrubadas-sob-forte-esquema-de-seguranca","status":"publish","type":"post","link":"https:\/\/www.jornalja.com.br\/arquivo\/casas-da-luciana-de-abreu-derrubadas-sob-forte-esquema-de-seguranca\/","title":{"rendered":"Casas da Luciana de Abreu derrubadas sob forte esquema de seguran\u00e7a"},"content":{"rendered":"<p>Um grupo de seguran\u00e7as a paisana foi destacado pela construtora Goldsztein Cyrela para monitorar a demoli\u00e7\u00e3o de um conjunto de seis casas hist\u00f3ricas na rua Luciana de Abreu, bairro Moinhos de Vento.<br \/>\nA derrubada do casario ocorreu na tarde da sexta-feira, 23 de dezembro, em um ambiente tenso, mas sem confus\u00f5es. Os seguran\u00e7as apenas afastavam fot\u00f3grafos curiosos, que queriam registrar a cena por cima dos tapumes instalados no local.<br \/>\nO conjunto de seis casas da Luciana de Abreu eram patrim\u00f4nio do bairro e estavam em ru\u00ednas foram ferrenhamente defendidas pelos moradores, que h\u00e1 14 anos lutavam para preservar o patrim\u00f4nio hist\u00f3rico.<br \/>\n<figure id=\"attachment_42690\" aria-describedby=\"caption-attachment-42690\" style=\"width: 300px\" class=\"wp-caption alignleft\"><img loading=\"lazy\" decoding=\"async\" class=\"wp-image-42690 size-medium\" src=\"https:\/\/www.jornalja.com.br\/wp-content\/uploads\/2016\/12\/Luciana-de-Abreu-2008-300x225.jpg\" alt=\"Em 2008, o ent\u00e3o prefeito Jos\u00e9 Foga\u00e7a participou de um abra\u00e7o ao conjunto | C\u00e9sar Cardia\" width=\"300\" height=\"225\" \/><figcaption id=\"caption-attachment-42690\" class=\"wp-caption-text\">Em 2008, o ent\u00e3o prefeito Jos\u00e9 Foga\u00e7a participou de um abra\u00e7o ao conjunto | C\u00e9sar Cardia<\/figcaption><\/figure><br \/>\nRelatos de quem esteve na rua durante a demoli\u00e7\u00e3o d\u00e3o conta de que moradores do bairro testemunharam a derrubada. Alguns questionaram a decis\u00e3o da empreiteira; uma senhora se preocupou com os gatos que ali viviam &#8211; um dos diretores da incorporadora, Claudio Goldsztein, que acompanhava o trabalho de perto, a acalmou.<br \/>\nHouve at\u00e9 quem aplaudisse a demoli\u00e7\u00e3o porque, abandonadas como estavam as casas serviam de moradia para sem-teto.<br \/>\nAs casas estavam se deteriorando a olhos vistos, mas a construtora afirma que a manuten\u00e7\u00e3o n\u00e3o era sua responsabilidade. &#8220;Aquelas casas iriam ruir sozinhas. A \u00fanica quest\u00e3o \u00e9 quanto tempo levaria. As casas n\u00e3o pertencem \u00e0 Goldsztein (&#8230;) foi feita uma permuta com as propriet\u00e1rias. Enquanto a Goldsztein n\u00e3o entregar os apartamentos, ela n\u00e3o \u00e9 dona dos im\u00f3veis&#8221;, afirmou, em entrevista ao jornalista Itamar Melo, na ZH, o advogado da empresa Milton Terra Machado (leia a \u00edntegra abaixo).<br \/>\nAs casas foram constru\u00eddas em 1930 para servirem de moradia aos mestres cervejeiros alem\u00e3es da antiga cervejaria Bopp (depois Continental), cuja f\u00e1brica, no bairro Floresta (onde hoje \u00e9 o shopping Total) foi projetada pelo famoso arquiteto Theodor Wiederspanh &#8211; criador de edif\u00edcios que s\u00e3o emblemas da cidade, como o Margs, Memorial do Rio Grande do Sul e Casa de Cultura Mario Quintana.<br \/>\nHavia uma suspeita de que essas casas tamb\u00e9m pudessem ser obra de Wiederspahn &#8211; o arquiteto e pesquisador G\u00fcnther Weimer, autor da obra Theo Wiederspahn Arquiteto (Edipucrs) sustenta que eram mesmo obra do alem\u00e3o. Entretanto, a empresa defendeu que n\u00e3o, o que se confirmou na decis\u00e3o judicial.<br \/>\n<span class=\"intertit\">Derrubada estava autorizada h\u00e1 30 dias<\/span><br \/>\nA demoli\u00e7\u00e3o das casas da Luciana de Abreu coincidiu com as festas de final de ano &#8211; foi na antev\u00e9spera do Natal, quando tradicionalmente a cidade est\u00e1 mais vazia. Por\u00e9m, a empreiteira j\u00e1 tinha autoriza\u00e7\u00e3o judicial para colocar o conjunto hist\u00f3rico abaixo desde o in\u00edcio de dezembro.<br \/>\nAo jornalista Itamar Melo, o advogado da Goldsztein Cyrela, Milton Terra Machado, justificou a data dizendo que a empresa &#8220;est\u00e1 fazendo tudo com muita calma, com muita parcim\u00f4nia&#8221;. Mas as seis casas foram demolidas em poucas horas.<br \/>\n<figure id=\"attachment_42688\" aria-describedby=\"caption-attachment-42688\" style=\"width: 300px\" class=\"wp-caption alignright\"><img loading=\"lazy\" decoding=\"async\" class=\"wp-image-42688 size-medium\" src=\"https:\/\/www.jornalja.com.br\/wp-content\/uploads\/2016\/12\/Foto-Conjunto-de-Casas-Geminadas-Luciana-de-Abreu-300x212.jpg\" alt=\"foto-conjunto-de-casas-geminadas-luciana-de-abreu\" width=\"300\" height=\"212\" \/><figcaption id=\"caption-attachment-42688\" class=\"wp-caption-text\">Casas foram constru\u00eddas em 1930 para abrigar os mestres cervejeiros alem\u00e3es da Bopp | Arquivo J\u00c1<\/figcaption><\/figure><br \/>\nApesar de estarem h\u00e1 alguns anos fechadas e sem uso &#8211; \u00e0 exce\u00e7\u00e3o da casa branca mais \u00e0 direita do conjunto, ocupada irregularmente por um senhor que deixou o local sem reclamar &#8211; as casas ainda guardavam verdadeiros tesouros, como vitrais e portas de madeira de lei maci\u00e7a. Para retir\u00e1-las dos marcos, foi preciso juntar a for\u00e7a de quatro oper\u00e1rios.<br \/>\nAs duas casas das extremidades tamb\u00e9m estavam com a estrutura da parte dos fundos muito firmes, tanto que n\u00e3o foi poss\u00edvel concluir essa parte do trabalho na sexta-feira \u00e0 tarde.<br \/>\n<span class=\"intertit\">Carta gera cr\u00edticas na internet<\/span><br \/>\nDurante a demoli\u00e7\u00e3o, uma carta assinada por S\u00e9rgio Goldsztein, um dos diretores da empresa, come\u00e7ou a circular na internet. Diante das casas da Luciana de Abreu, uma senhora tamb\u00e9m carregava o papel impresso.<br \/>\nNo documento, a empreiteira explica a decis\u00e3o judicial que autorizou a derrubada e &#8220;reafirma seu cuidado com a mem\u00f3ria de Porto Alegre&#8221;, ressalvando, por\u00e9m, que diante do &#8220;eterno embate entre desenvolvimento e preserva\u00e7\u00e3o&#8221; \u00e9 preciso se guiar &#8220;por crit\u00e9rios t\u00e9cnicos e n\u00e3o puramente emocionais&#8221;.<br \/>\nNa internet, muitas pessoas compartilharam a carta criticando a empresa e convocando a um boicote ao empreendimento que ser\u00e1 erguido no local: um edif\u00edcio residencial com 16 pavimentos numa rua secund\u00e1ria do bairro, quase o limite da altura permitida pelo Plano Diretor em grandes avenidas de Porto Alegre (18 andares).<br \/>\n<img loading=\"lazy\" decoding=\"async\" class=\"alignleft size-medium wp-image-42693\" src=\"https:\/\/www.jornalja.com.br\/wp-content\/uploads\/2016\/12\/15697884_1312936945415112_3126639257399503521_n-209x300.jpg\" alt=\"15697884_1312936945415112_3126639257399503521_n\" width=\"209\" height=\"300\" \/><br \/>\nEm seu perfil no Facebook, a Goldsztein recordou as tentativas de fazer um acordo com o Minist\u00e9rio P\u00fablico, que prop\u00f4s a a\u00e7\u00e3o. &#8220;<span data-ft=\"{&quot;tn&quot;:&quot;K&quot;}\"><span class=\"UFICommentBody _1n4g\">N\u00e3o teria sido o primeiro empreendimento onde a empresa investiu na restaura\u00e7\u00e3o e preserva\u00e7\u00e3o do patrim\u00f4nio ou de im\u00f3veis antigos com valor afetivo. Mas n\u00e3o houve di\u00e1logo. Quem selou o destino das casas foi o movimento Moinhos Vive&#8221;.<\/span><\/span><br \/>\nQuestionado sobre se as tentativas de acordo n\u00e3o indicavam que a pr\u00f3pria construtora reconhecia o valor hist\u00f3rico das casas, o\u00a0 advogado da empresa, Milton Terra Machado, reconheceu que eram &#8220;meramente&#8221; tentativas de &#8220;p\u00f4r fim \u00e0 demanda&#8221;: &#8220;Isso \u00e9 comum nas lides forenses&#8221;.<br \/>\n<span class=\"intertit\">Empreiteira desqualifica movimento<\/span><br \/>\nO advogado da Goldsztein aproveitou a entrevista para desqualificar o Moinhos Vive &#8211; que deu origem a uma ampla mobiliza\u00e7\u00e3o na cidade para a preserva\u00e7\u00e3o das caracter\u00edsticas dos bairros mais antigos e se reproduziu em praticamente toda a \u00e1rea central de Porto Alegre.<br \/>\n&#8220;Do bairro, da Luciana de Abreu, tinha oito pessoas que n\u00e3o queriam isso (a constru\u00e7\u00e3o de um edif\u00edcio no local), mas era por outra raz\u00e3o, que \u00e9 o sol, porque duas pessoas que come\u00e7aram esse movimento moram nas coberturas da frente e n\u00e3o querem que o pr\u00e9dio saia porque dali tem vista para o Parc\u00e3o. Tem muita coisa por tr\u00e1s&#8221;, acredita Milton Terra Machado.<br \/>\nEm outro momento, Machado analisa: &#8220;Esse neg\u00f3cio (de criticar) come\u00e7ou com o lema do &#8216;diga n\u00e3o ao espig\u00e3o&#8217;. N\u00e3o tinha nada a ver com patrim\u00f4nio hist\u00f3rico. O problema era o espig\u00e3o, n\u00e3o as casas&#8221;.<br \/>\nApesar disso, o advogado reconhece que havia preocupa\u00e7\u00e3o social com a manuten\u00e7\u00e3o das casas e que a mobiliza\u00e7\u00e3o era grande. &#8220;Tem gente que veio de tudo que \u00e9 bairro para salvar as casinhas do Theo Wiederspahn. (&#8230;) As pessoas estavam preocupadas com o patrim\u00f4nio hist\u00f3rico. O cara que mora na Gl\u00f3ria nunca viu as casinhas, mas estava l\u00e1 na passeata&#8221;, observou, sublinhando, entretanto, que n\u00e3o foi comprovada a autoria do projeto das casas.<br \/>\n<span class=\"intertit\">ENTREVISTA: &#8220;A Goldsztein est\u00e1 fazendo tudo com muita calma&#8221;, diz advogado da empresa<\/span><br \/>\n<span style=\"text-decoration: underline\"><em>Concedida a Itamar Melo, do jornal Zero Hora<br \/>\n<\/em><\/span><br \/>\n<strong>Desde quando voc\u00eas t\u00eam a decis\u00e3o judicial que permitiu a demoli\u00e7\u00e3o dos casar\u00f5es?<\/strong><br \/>\nFaz uns 30 dias, mais ou menos. A Goldsztein est\u00e1 fazendo tudo com muita calma, com muita parcim\u00f4nia. Basta ver que s\u00e3o 14 anos e que tudo foi investigado, no que podia dizer respeito ao patrim\u00f4nio hist\u00f3rico. Existia um abaixo assinado, que todo o Moinhos de Vento assinou, mas que era para preserva\u00e7\u00e3o do patrim\u00f4nio hist\u00f3rico do bairro Moinhos de Vento. N\u00e3o tinha nenhuma rela\u00e7\u00e3o com as casas. \u00c9 at\u00e9 um sofisma delicado, dif\u00edcil de engolir. A empresa nunca reclamou que estava demorado. Foi cumprindo os passos pacientemente.<br \/>\n<strong>ZH recebeu um comunicado da Goldsztein, informando sobre a decis\u00e3o judicial, apenas na tarde desta sexta-feira, quando j\u00e1 estava em andamento a demoli\u00e7\u00e3o. N\u00e3o pega mal para a construtora s\u00f3 informar que tem essa decis\u00e3o judicial quando j\u00e1 est\u00e1 realizando a demoli\u00e7\u00e3o?<\/strong><br \/>\nN\u00e3o. Vou colocar novamente: se tem uma empresa que trabalha com fair play, com preocupa\u00e7\u00e3o \u00e9tica, \u00e9 essa. Ela n\u00e3o teria qualquer obriga\u00e7\u00e3o de pedir licen\u00e7a \u00e0 imprensa para fazer isso. O que est\u00e1 fazendo \u00e9 n\u00e3o surpreender a imprensa.<br \/>\n<strong>N\u00e3o se trata da imprensa, mas da sociedade, que fica sabendo pela imprensa, mas s\u00f3 foi informada quando a demoli\u00e7\u00e3o j\u00e1 estava consumada.<\/strong><br \/>\nN\u00e3o concordo. N\u00e3o concordo contigo.<br \/>\n<strong>Mas n\u00e3o estou dando uma opini\u00e3o. Estou questionando sobre essa estrat\u00e9gia da empresa de s\u00f3 informar sobre a decis\u00e3o judicial quando j\u00e1 estavam demolidas as casas.<\/strong><br \/>\nVeja bem. A Goldsztein n\u00e3o est\u00e1 sozinha nesse processo. O Minist\u00e9rio P\u00fablico (MP) \u00e9 o autor da a\u00e7\u00e3o. O MP sabe h\u00e1 tanto tempo quanto eu. E, pelo que a gente sabe, h\u00e1 uma via dupla de interlocu\u00e7\u00e3o entre o MP e o Moinhos Vive, que s\u00e3o as pessoas que se movimentaram para que n\u00e3o sa\u00edsse isso. Ent\u00e3o, ficaria estranho at\u00e9 ela colocar um apedido dizendo que saiu a decis\u00e3o.<br \/>\n<strong>Houve um momento em que a construtora aceitou a ideia de um acordo que manteria tr\u00eas dos casar\u00f5es. Por que foi adiante com a ideia de demolir os seis?<\/strong><br \/>\nPorque o acordo n\u00e3o foi aceito. Se te proponho um acordo, e tu n\u00e3o aceitas, ent\u00e3o vale a regra do jogo.<br \/>\n<strong>Mas ao aceitar o acordo, a empresa n\u00e3o reconhecia o valor hist\u00f3rico dos casar\u00f5es?<\/strong><br \/>\nN\u00e3o. Era meramente um acordo para p\u00f4r fim \u00e0 demanda. Isso \u00e9 comum nas lides forenses.<br \/>\n<strong>O que vai ser feito no local?<\/strong><br \/>\nVai ser feito um pr\u00e9dio da Goldsztein, um bonito pr\u00e9dio. Diziam, \u00e0s vezes penso que sem querer, \u00e0s vezes que maldosamente, que eram dois pr\u00e9dios enormes. Ali\u00e1s, esse neg\u00f3cio come\u00e7ou com o lema do &#8220;diga n\u00e3o ao espig\u00e3o&#8221;. N\u00e3o tinha nada a ver com patrim\u00f4nio hist\u00f3rico. O problema era o espig\u00e3o, n\u00e3o as casas.<br \/>\n<strong>A Goldsztein n\u00e3o teme que esse epis\u00f3dio crie uma rejei\u00e7\u00e3o da sociedade em rela\u00e7\u00e3o \u00e0 construtora?<\/strong><br \/>\nA\u00ed \u00e9 uma quest\u00e3o de informa\u00e7\u00e3o. Em determinado momento, o Moinhos Vive fez uma movimenta\u00e7\u00e3o, parou a rua, para a preserva\u00e7\u00e3o das casinhas do Theo Wiederspahn. Se as casinhas fossem do Theo Wiederspahn, eu tamb\u00e9m ia l\u00e1 bater panela para n\u00e3o sair. Tem gente que veio de tudo que \u00e9 bairro para salvar as casinhas do Theo Wiederspahn. Ent\u00e3o, \u00e9 quest\u00e3o de se informar: foi investigado e comprovado que as casinhas n\u00e3o eram do Theo Wiederspahn.<br \/>\n<strong>Mesmo n\u00e3o sendo, boa parte da popula\u00e7\u00e3o era favor\u00e1vel \u00e0 preserva\u00e7\u00e3o. A perda dessas casas \u00e9 sentida por essas pessoas. Isso n\u00e3o preocupa a construtora?<\/strong><br \/>\nN\u00e3o concordo. As pessoas estavam preocupadas com o patrim\u00f4nio hist\u00f3rico. O cara que mora na Gl\u00f3ria nunca viu as casinhas, mas estava l\u00e1 na passeata. Do bairro, da Luciana de Abreu, tinha oito pessoas que n\u00e3o queriam isso, mas era por outra raz\u00e3o, que \u00e9 o sol, porque duas pessoas que come\u00e7aram esse movimento moram nas coberturas da frente e n\u00e3o querem que o pr\u00e9dio saia porque dali tem vista para o Parc\u00e3o. Tem muita coisa por tr\u00e1s.<br \/>\n<strong>A percep\u00e7\u00e3o da empresa \u00e9 de que a sociedade ganha com a substitui\u00e7\u00e3o dos casar\u00f5es pelo edif\u00edcio?<\/strong><br \/>\nInteressante a tua pergunta. Acho que ganha, porque aquelas casas iriam ruir sozinhas. A \u00fanica quest\u00e3o \u00e9 quanto tempo levaria. Porque a Goldsztein n\u00e3o tem obriga\u00e7\u00e3o de preservar ou restaurar. Em uma delas, dois pisos e duas lajes ca\u00edram, j\u00e1 ru\u00edram.<br \/>\n<strong>Mas isso aconteceu com as casas j\u00e1 pertencendo \u00e0 Goldsztein?<\/strong><br \/>\nSim. Aconteceu. Mas as casas n\u00e3o pertencem \u00e0 Goldsztein, tem as propriet\u00e1rias que se criaram l\u00e1 e eram netas do cidad\u00e3o que era dono da Cervejaria Continental. Essas senhoras est\u00e3o h\u00e1 14 anos esperando seus apartamentos ali naquele local, porque foi feita uma permuta. Enquanto a Goldsztein n\u00e3o entregar os apartamentos, ela n\u00e3o \u00e9 dona dos im\u00f3veis.<\/p>\n","protected":false},"excerpt":{"rendered":"<p>Um grupo de seguran\u00e7as a paisana foi destacado pela construtora Goldsztein Cyrela para monitorar a demoli\u00e7\u00e3o de um conjunto de seis casas hist\u00f3ricas na rua Luciana de Abreu, bairro Moinhos de Vento. A derrubada do casario ocorreu na tarde da sexta-feira, 23 de dezembro, em um ambiente tenso, mas sem confus\u00f5es. Os seguran\u00e7as apenas afastavam [&hellip;]<\/p>\n","protected":false},"author":4,"featured_media":42687,"comment_status":"open","ping_status":"closed","sticky":false,"template":"","format":"standard","meta":{"_jetpack_newsletter_access":"","_jetpack_dont_email_post_to_subs":false,"_jetpack_newsletter_tier_id":0,"_jetpack_memberships_contains_paywalled_content":false,"_jetpack_feature_clip_id":0,"_jetpack_memberships_contains_paid_content":false,"footnotes":"","jetpack_post_was_ever_published":false},"categories":[26],"tags":[],"class_list":["post-42684","post","type-post","status-publish","format-standard","has-post-thumbnail","hentry","category-geral"],"aioseo_notices":[],"aioseo_head":"\n\t\t<!-- All in One SEO 5.0.1.1 - aioseo.com -->\n\t<meta name=\"robots\" content=\"max-image-preview:large\" \/>\n\t<meta name=\"author\" content=\"da Reda\u00e7\u00e3o\"\/>\n\t<link rel=\"canonical\" href=\"https:\/\/www.jornalja.com.br\/arquivo\/casas-da-luciana-de-abreu-derrubadas-sob-forte-esquema-de-seguranca\/\" \/>\n\t<meta name=\"generator\" content=\"All in One SEO (AIOSEO) 5.0.1.1\" \/>\n\t\t<meta property=\"og:locale\" content=\"pt_BR\" \/>\n\t\t<meta property=\"og:site_name\" content=\"Arquivo | Jornal J\u00c1 | Porto Alegre\" \/>\n\t\t<meta property=\"og:type\" content=\"article\" \/>\n\t\t<meta property=\"og:title\" content=\"Casas da Luciana de Abreu derrubadas sob forte esquema de seguran\u00e7a | Arquivo\" \/>\n\t\t<meta property=\"og:url\" content=\"https:\/\/www.jornalja.com.br\/arquivo\/casas-da-luciana-de-abreu-derrubadas-sob-forte-esquema-de-seguranca\/\" \/>\n\t\t<meta property=\"og:image\" content=\"https:\/\/www.jornalja.com.br\/wp-content\/uploads\/2016\/12\/Luciana-de-Abreu-2008-300x225.jpg\" \/>\n\t\t<meta property=\"og:image:secure_url\" content=\"https:\/\/www.jornalja.com.br\/wp-content\/uploads\/2016\/12\/Luciana-de-Abreu-2008-300x225.jpg\" \/>\n\t\t<meta property=\"article:published_time\" content=\"2016-12-24T20:47:52+00:00\" \/>\n\t\t<meta property=\"article:modified_time\" content=\"2016-12-24T20:47:52+00:00\" \/>\n\t\t<meta name=\"twitter:card\" content=\"summary\" \/>\n\t\t<meta name=\"twitter:title\" content=\"Casas da Luciana de Abreu derrubadas sob forte esquema de seguran\u00e7a | Arquivo\" \/>\n\t\t<meta name=\"twitter:image\" content=\"https:\/\/www.jornalja.com.br\/economics\/wp-content\/uploads\/sites\/11\/2026\/08\/ja-folhaderosto-facebook.jpg\" \/>\n\t\t<script type=\"application\/ld+json\" class=\"aioseo-schema\">\n\t\t\t{\"@context\":\"https:\\\/\\\/schema.org\",\"@graph\":[{\"@type\":\"BlogPosting\",\"@id\":\"https:\\\/\\\/www.jornalja.com.br\\\/arquivo\\\/casas-da-luciana-de-abreu-derrubadas-sob-forte-esquema-de-seguranca\\\/#blogposting\",\"name\":\"Casas da Luciana de Abreu derrubadas sob forte esquema de seguran\\u00e7a | Arquivo\",\"headline\":\"Casas da Luciana de Abreu derrubadas sob forte esquema de seguran\\u00e7a\",\"author\":{\"@id\":\"https:\\\/\\\/www.jornalja.com.br\\\/arquivo\\\/author\\\/daredacao\\\/#author\"},\"publisher\":{\"@id\":\"https:\\\/\\\/www.jornalja.com.br\\\/arquivo\\\/#organization\"},\"image\":{\"@type\":\"ImageObject\",\"url\":42687},\"datePublished\":\"2016-12-24T17:47:52-02:00\",\"dateModified\":\"2016-12-24T17:47:52-02:00\",\"inLanguage\":\"pt-BR\",\"mainEntityOfPage\":{\"@id\":\"https:\\\/\\\/www.jornalja.com.br\\\/arquivo\\\/casas-da-luciana-de-abreu-derrubadas-sob-forte-esquema-de-seguranca\\\/#webpage\"},\"isPartOf\":{\"@id\":\"https:\\\/\\\/www.jornalja.com.br\\\/arquivo\\\/casas-da-luciana-de-abreu-derrubadas-sob-forte-esquema-de-seguranca\\\/#webpage\"},\"articleSection\":\"Geral\"},{\"@type\":\"BreadcrumbList\",\"@id\":\"https:\\\/\\\/www.jornalja.com.br\\\/arquivo\\\/casas-da-luciana-de-abreu-derrubadas-sob-forte-esquema-de-seguranca\\\/#breadcrumblist\",\"itemListElement\":[{\"@type\":\"ListItem\",\"@id\":\"https:\\\/\\\/www.jornalja.com.br\\\/arquivo#listItem\",\"position\":1,\"name\":\"Home\",\"item\":\"https:\\\/\\\/www.jornalja.com.br\\\/arquivo\",\"nextItem\":{\"@type\":\"ListItem\",\"@id\":\"https:\\\/\\\/www.jornalja.com.br\\\/arquivo\\\/category\\\/geral\\\/#listItem\",\"name\":\"Geral\"}},{\"@type\":\"ListItem\",\"@id\":\"https:\\\/\\\/www.jornalja.com.br\\\/arquivo\\\/category\\\/geral\\\/#listItem\",\"position\":2,\"name\":\"Geral\",\"item\":\"https:\\\/\\\/www.jornalja.com.br\\\/arquivo\\\/category\\\/geral\\\/\",\"nextItem\":{\"@type\":\"ListItem\",\"@id\":\"https:\\\/\\\/www.jornalja.com.br\\\/arquivo\\\/casas-da-luciana-de-abreu-derrubadas-sob-forte-esquema-de-seguranca\\\/#listItem\",\"name\":\"Casas da Luciana de Abreu derrubadas sob forte esquema de seguran\\u00e7a\"},\"previousItem\":{\"@type\":\"ListItem\",\"@id\":\"https:\\\/\\\/www.jornalja.com.br\\\/arquivo#listItem\",\"name\":\"Home\"}},{\"@type\":\"ListItem\",\"@id\":\"https:\\\/\\\/www.jornalja.com.br\\\/arquivo\\\/casas-da-luciana-de-abreu-derrubadas-sob-forte-esquema-de-seguranca\\\/#listItem\",\"position\":3,\"name\":\"Casas da Luciana de Abreu derrubadas sob forte esquema de seguran\\u00e7a\",\"previousItem\":{\"@type\":\"ListItem\",\"@id\":\"https:\\\/\\\/www.jornalja.com.br\\\/arquivo\\\/category\\\/geral\\\/#listItem\",\"name\":\"Geral\"}}]},{\"@type\":\"Organization\",\"@id\":\"https:\\\/\\\/www.jornalja.com.br\\\/arquivo\\\/#organization\",\"name\":\"Jornal J\\u00c1\",\"description\":\"Jornal J\\u00c1 | Porto Alegre\",\"url\":\"https:\\\/\\\/www.jornalja.com.br\\\/arquivo\\\/\",\"telephone\":\"+555133307272\",\"logo\":{\"@type\":\"ImageObject\",\"url\":\"https:\\\/\\\/www.jornalja.com.br\\\/wp-content\\\/uploads\\\/cards\\\/JAslogan.png\",\"@id\":\"https:\\\/\\\/www.jornalja.com.br\\\/arquivo\\\/casas-da-luciana-de-abreu-derrubadas-sob-forte-esquema-de-seguranca\\\/#organizationLogo\"},\"image\":{\"@id\":\"https:\\\/\\\/www.jornalja.com.br\\\/arquivo\\\/casas-da-luciana-de-abreu-derrubadas-sob-forte-esquema-de-seguranca\\\/#organizationLogo\"}},{\"@type\":\"Person\",\"@id\":\"https:\\\/\\\/www.jornalja.com.br\\\/arquivo\\\/author\\\/daredacao\\\/#author\",\"url\":\"https:\\\/\\\/www.jornalja.com.br\\\/arquivo\\\/author\\\/daredacao\\\/\",\"name\":\"da Reda\\u00e7\\u00e3o\",\"image\":{\"@type\":\"ImageObject\",\"@id\":\"https:\\\/\\\/www.jornalja.com.br\\\/arquivo\\\/casas-da-luciana-de-abreu-derrubadas-sob-forte-esquema-de-seguranca\\\/#authorImage\",\"url\":\"https:\\\/\\\/secure.gravatar.com\\\/avatar\\\/469fd857d6605ad19919d27ed29d35a968a25f6e8fd9318356bbb7f57aae9c65?s=96&d=mm&r=g\",\"width\":96,\"height\":96,\"caption\":\"da Reda\\u00e7\\u00e3o\"}},{\"@type\":\"WebPage\",\"@id\":\"https:\\\/\\\/www.jornalja.com.br\\\/arquivo\\\/casas-da-luciana-de-abreu-derrubadas-sob-forte-esquema-de-seguranca\\\/#webpage\",\"url\":\"https:\\\/\\\/www.jornalja.com.br\\\/arquivo\\\/casas-da-luciana-de-abreu-derrubadas-sob-forte-esquema-de-seguranca\\\/\",\"name\":\"Casas da Luciana de Abreu derrubadas sob forte esquema de seguran\\u00e7a | Arquivo\",\"inLanguage\":\"pt-BR\",\"isPartOf\":{\"@id\":\"https:\\\/\\\/www.jornalja.com.br\\\/arquivo\\\/#website\"},\"breadcrumb\":{\"@id\":\"https:\\\/\\\/www.jornalja.com.br\\\/arquivo\\\/casas-da-luciana-de-abreu-derrubadas-sob-forte-esquema-de-seguranca\\\/#breadcrumblist\"},\"author\":{\"@id\":\"https:\\\/\\\/www.jornalja.com.br\\\/arquivo\\\/author\\\/daredacao\\\/#author\"},\"creator\":{\"@id\":\"https:\\\/\\\/www.jornalja.com.br\\\/arquivo\\\/author\\\/daredacao\\\/#author\"},\"image\":{\"@type\":\"ImageObject\",\"url\":42687,\"@id\":\"https:\\\/\\\/www.jornalja.com.br\\\/arquivo\\\/casas-da-luciana-de-abreu-derrubadas-sob-forte-esquema-de-seguranca\\\/#mainImage\"},\"primaryImageOfPage\":{\"@id\":\"https:\\\/\\\/www.jornalja.com.br\\\/arquivo\\\/casas-da-luciana-de-abreu-derrubadas-sob-forte-esquema-de-seguranca\\\/#mainImage\"},\"datePublished\":\"2016-12-24T17:47:52-02:00\",\"dateModified\":\"2016-12-24T17:47:52-02:00\"},{\"@type\":\"WebSite\",\"@id\":\"https:\\\/\\\/www.jornalja.com.br\\\/arquivo\\\/#website\",\"url\":\"https:\\\/\\\/www.jornalja.com.br\\\/arquivo\\\/\",\"name\":\"Arquivo\",\"description\":\"Jornal J\\u00c1 | Porto Alegre\",\"inLanguage\":\"pt-BR\",\"publisher\":{\"@id\":\"https:\\\/\\\/www.jornalja.com.br\\\/arquivo\\\/#organization\"}}]}\n\t\t<\/script>\n\t\t<!-- All in One SEO -->\n\n","aioseo_head_json":{"title":"Casas da Luciana de Abreu derrubadas sob forte esquema de seguran\u00e7a | Arquivo","description":"","canonical_url":"https:\/\/www.jornalja.com.br\/arquivo\/casas-da-luciana-de-abreu-derrubadas-sob-forte-esquema-de-seguranca\/","robots":"max-image-preview:large","keywords":"","webmasterTools":{"miscellaneous":""},"schema":{"@context":"https:\/\/schema.org","@graph":[{"@type":"BlogPosting","@id":"https:\/\/www.jornalja.com.br\/arquivo\/casas-da-luciana-de-abreu-derrubadas-sob-forte-esquema-de-seguranca\/#blogposting","name":"Casas da Luciana de Abreu derrubadas sob forte esquema de seguran\u00e7a | Arquivo","headline":"Casas da Luciana de Abreu derrubadas sob forte esquema de seguran\u00e7a","author":{"@id":"https:\/\/www.jornalja.com.br\/arquivo\/author\/daredacao\/#author"},"publisher":{"@id":"https:\/\/www.jornalja.com.br\/arquivo\/#organization"},"image":{"@type":"ImageObject","url":42687},"datePublished":"2016-12-24T17:47:52-02:00","dateModified":"2016-12-24T17:47:52-02:00","inLanguage":"pt-BR","mainEntityOfPage":{"@id":"https:\/\/www.jornalja.com.br\/arquivo\/casas-da-luciana-de-abreu-derrubadas-sob-forte-esquema-de-seguranca\/#webpage"},"isPartOf":{"@id":"https:\/\/www.jornalja.com.br\/arquivo\/casas-da-luciana-de-abreu-derrubadas-sob-forte-esquema-de-seguranca\/#webpage"},"articleSection":"Geral"},{"@type":"BreadcrumbList","@id":"https:\/\/www.jornalja.com.br\/arquivo\/casas-da-luciana-de-abreu-derrubadas-sob-forte-esquema-de-seguranca\/#breadcrumblist","itemListElement":[{"@type":"ListItem","@id":"https:\/\/www.jornalja.com.br\/arquivo#listItem","position":1,"name":"Home","item":"https:\/\/www.jornalja.com.br\/arquivo","nextItem":{"@type":"ListItem","@id":"https:\/\/www.jornalja.com.br\/arquivo\/category\/geral\/#listItem","name":"Geral"}},{"@type":"ListItem","@id":"https:\/\/www.jornalja.com.br\/arquivo\/category\/geral\/#listItem","position":2,"name":"Geral","item":"https:\/\/www.jornalja.com.br\/arquivo\/category\/geral\/","nextItem":{"@type":"ListItem","@id":"https:\/\/www.jornalja.com.br\/arquivo\/casas-da-luciana-de-abreu-derrubadas-sob-forte-esquema-de-seguranca\/#listItem","name":"Casas da Luciana de Abreu derrubadas sob forte esquema de seguran\u00e7a"},"previousItem":{"@type":"ListItem","@id":"https:\/\/www.jornalja.com.br\/arquivo#listItem","name":"Home"}},{"@type":"ListItem","@id":"https:\/\/www.jornalja.com.br\/arquivo\/casas-da-luciana-de-abreu-derrubadas-sob-forte-esquema-de-seguranca\/#listItem","position":3,"name":"Casas da Luciana de Abreu derrubadas sob forte esquema de seguran\u00e7a","previousItem":{"@type":"ListItem","@id":"https:\/\/www.jornalja.com.br\/arquivo\/category\/geral\/#listItem","name":"Geral"}}]},{"@type":"Organization","@id":"https:\/\/www.jornalja.com.br\/arquivo\/#organization","name":"Jornal J\u00c1","description":"Jornal J\u00c1 | Porto Alegre","url":"https:\/\/www.jornalja.com.br\/arquivo\/","telephone":"+555133307272","logo":{"@type":"ImageObject","url":"https:\/\/www.jornalja.com.br\/wp-content\/uploads\/cards\/JAslogan.png","@id":"https:\/\/www.jornalja.com.br\/arquivo\/casas-da-luciana-de-abreu-derrubadas-sob-forte-esquema-de-seguranca\/#organizationLogo"},"image":{"@id":"https:\/\/www.jornalja.com.br\/arquivo\/casas-da-luciana-de-abreu-derrubadas-sob-forte-esquema-de-seguranca\/#organizationLogo"}},{"@type":"Person","@id":"https:\/\/www.jornalja.com.br\/arquivo\/author\/daredacao\/#author","url":"https:\/\/www.jornalja.com.br\/arquivo\/author\/daredacao\/","name":"da Reda\u00e7\u00e3o","image":{"@type":"ImageObject","@id":"https:\/\/www.jornalja.com.br\/arquivo\/casas-da-luciana-de-abreu-derrubadas-sob-forte-esquema-de-seguranca\/#authorImage","url":"https:\/\/secure.gravatar.com\/avatar\/469fd857d6605ad19919d27ed29d35a968a25f6e8fd9318356bbb7f57aae9c65?s=96&d=mm&r=g","width":96,"height":96,"caption":"da Reda\u00e7\u00e3o"}},{"@type":"WebPage","@id":"https:\/\/www.jornalja.com.br\/arquivo\/casas-da-luciana-de-abreu-derrubadas-sob-forte-esquema-de-seguranca\/#webpage","url":"https:\/\/www.jornalja.com.br\/arquivo\/casas-da-luciana-de-abreu-derrubadas-sob-forte-esquema-de-seguranca\/","name":"Casas da Luciana de Abreu derrubadas sob forte esquema de seguran\u00e7a | Arquivo","inLanguage":"pt-BR","isPartOf":{"@id":"https:\/\/www.jornalja.com.br\/arquivo\/#website"},"breadcrumb":{"@id":"https:\/\/www.jornalja.com.br\/arquivo\/casas-da-luciana-de-abreu-derrubadas-sob-forte-esquema-de-seguranca\/#breadcrumblist"},"author":{"@id":"https:\/\/www.jornalja.com.br\/arquivo\/author\/daredacao\/#author"},"creator":{"@id":"https:\/\/www.jornalja.com.br\/arquivo\/author\/daredacao\/#author"},"image":{"@type":"ImageObject","url":42687,"@id":"https:\/\/www.jornalja.com.br\/arquivo\/casas-da-luciana-de-abreu-derrubadas-sob-forte-esquema-de-seguranca\/#mainImage"},"primaryImageOfPage":{"@id":"https:\/\/www.jornalja.com.br\/arquivo\/casas-da-luciana-de-abreu-derrubadas-sob-forte-esquema-de-seguranca\/#mainImage"},"datePublished":"2016-12-24T17:47:52-02:00","dateModified":"2016-12-24T17:47:52-02:00"},{"@type":"WebSite","@id":"https:\/\/www.jornalja.com.br\/arquivo\/#website","url":"https:\/\/www.jornalja.com.br\/arquivo\/","name":"Arquivo","description":"Jornal J\u00c1 | Porto Alegre","inLanguage":"pt-BR","publisher":{"@id":"https:\/\/www.jornalja.com.br\/arquivo\/#organization"}}]},"og:locale":"pt_BR","og:site_name":"Arquivo | Jornal J\u00c1 | Porto Alegre","og:type":"article","og:title":"Casas da Luciana de Abreu derrubadas sob forte esquema de seguran\u00e7a | Arquivo","og:url":"https:\/\/www.jornalja.com.br\/arquivo\/casas-da-luciana-de-abreu-derrubadas-sob-forte-esquema-de-seguranca\/","og:image":"https:\/\/www.jornalja.com.br\/wp-content\/uploads\/2016\/12\/Luciana-de-Abreu-2008-300x225.jpg","og:image:secure_url":"https:\/\/www.jornalja.com.br\/wp-content\/uploads\/2016\/12\/Luciana-de-Abreu-2008-300x225.jpg","article:published_time":"2016-12-24T20:47:52+00:00","article:modified_time":"2016-12-24T20:47:52+00:00","twitter:card":"summary","twitter:title":"Casas da Luciana de Abreu derrubadas sob forte esquema de seguran\u00e7a | Arquivo","twitter:image":"https:\/\/www.jornalja.com.br\/economics\/wp-content\/uploads\/sites\/11\/2026\/08\/ja-folhaderosto-facebook.jpg"},"aioseo_meta_data":{"post_id":"42684","title":null,"description":null,"keywords":null,"keyphrases":null,"primary_term":null,"canonical_url":null,"og_title":null,"og_description":null,"og_object_type":"default","og_image_type":"default","og_image_url":null,"og_image_width":null,"og_image_height":null,"og_image_custom_url":null,"og_image_custom_fields":null,"og_video":null,"og_custom_url":null,"og_article_section":null,"og_article_tags":null,"twitter_use_og":false,"twitter_card":"default","twitter_image_type":"default","twitter_image_url":null,"twitter_image_custom_url":null,"twitter_image_custom_fields":null,"twitter_title":null,"twitter_description":null,"schema":{"blockGraphs":[],"customGraphs":[],"default":{"data":{"Article":[],"Course":[],"Dataset":[],"FAQPage":[],"Movie":[],"Person":[],"Product":[],"ProductReview":[],"Car":[],"Recipe":[],"Service":[],"SoftwareApplication":[],"WebPage":[]},"graphName":"","isEnabled":true},"graphs":[],"defaultGraph":"","defaultPostTypeGraph":""},"schema_type":null,"schema_type_options":null,"pillar_content":false,"robots_default":true,"robots_noindex":false,"robots_noarchive":false,"robots_nosnippet":false,"robots_nofollow":false,"robots_noimageindex":false,"robots_noodp":false,"robots_notranslate":false,"robots_max_snippet":null,"robots_max_videopreview":null,"robots_max_imagepreview":"large","priority":null,"frequency":null,"location":null,"local_seo":null,"breadcrumb_settings":null,"limit_modified_date":false,"ai":null,"created":"2020-12-20 20:43:21","updated":"2025-07-19 19:02:12","seo_analyzer_scan_date":null,"focus_keyword":null,"additional_keywords":null,"truseo_locale":null},"jetpack_sharing_enabled":true,"jetpack-related-posts":[{"id":5440,"url":"https:\/\/www.jornalja.com.br\/arquivo\/casarao-da-venancio-destino-permanece-incerto\/","url_meta":{"origin":42684,"position":0},"title":"Estado ainda n\u00e3o sabe o que fazer com casar\u00e3o abandonado h\u00e1 20 anos","author":"Elmar Bones","date":"6 de julho de 2009","format":false,"excerpt":"O casar\u00e3o amarelo, numa esquina nobre de Porto Alegre (Ven\u00e2ncio Aires com Jo\u00e3o Pessoa), j\u00e1 abrigou uma escola. H\u00e1 duas d\u00e9cadas, pelo menos, est\u00e1 abandonado, porque seu propriet\u00e1rio, o governo do Estado do Rio Grande do Sul, n\u00e3o consegue achar um destino para ele. Planos n\u00e3o faltaram. O governador Ol\u00edvio\u2026","rel":"","context":"Em &quot;X.Categorias velhas&quot;","block_context":{"text":"X.Categorias velhas","link":"https:\/\/www.jornalja.com.br\/arquivo\/category\/x-categorias-velhas\/"},"img":{"alt_text":"geraldo1","src":"https:\/\/i0.wp.com\/www.jornalja.com.br\/wp-content\/uploads\/2009\/07\/geraldo1.jpg?resize=350%2C200&ssl=1","width":350,"height":200},"classes":[]},{"id":14241,"url":"https:\/\/www.jornalja.com.br\/arquivo\/o-guaiba-nas-imagens-poeticas-de-achutti\/","url_meta":{"origin":42684,"position":1},"title":"O Gua\u00edba nas imagens po\u00e9ticas de Achutti","author":"da Reda\u00e7\u00e3o","date":"18 de junho de 2014","format":false,"excerpt":"Em \u201cO Gua\u00edba por Achutti\u201d \u2013 obra financiada via Minist\u00e9rio da Cultura, produ\u00e7\u00e3o executiva de Pedro Longhi, e Fl\u00e1vio Wild como designer \u2013, o fot\u00f3grafo revela a beleza e as mazelas de um espa\u00e7o aqu\u00e1tico de \u00e1guas sempre renovadas, cheio de hist\u00f3rias e lendas como as das cidades que foram\u2026","rel":"","context":"Em &quot;Cultura-Geral&quot;","block_context":{"text":"Cultura-Geral","link":"https:\/\/www.jornalja.com.br\/arquivo\/category\/materiasecundaria\/"},"img":{"alt_text":"","src":"","width":0,"height":0},"classes":[]},{"id":13101,"url":"https:\/\/www.jornalja.com.br\/arquivo\/morre-um-guerreiro-do-texto\/","url_meta":{"origin":42684,"position":2},"title":"Morre um guerreiro do texto","author":"Patr\u00edcia Marini","date":"14 de maio de 2014","format":false,"excerpt":"Por Ricardo Kotscho Reproduzido do blog do autor, 11\/5\/2014; t\u00edtulo original \u201cE l\u00e1 se foi o nosso Myltainho, guerreiro do texto\u201d. Mi\u00fado e franzino, meu amigo Myltainho era um valente e inconformado guerreiro na luta contra as injusti\u00e7as sociais, a hipocrisia, as maracutaias, o autoritarismo, a intoler\u00e2ncia, a viol\u00eancia, o\u2026","rel":"","context":"Em &quot;Geral&quot;","block_context":{"text":"Geral","link":"https:\/\/www.jornalja.com.br\/arquivo\/category\/geral\/"},"img":{"alt_text":"","src":"","width":0,"height":0},"classes":[]},{"id":13124,"url":"https:\/\/www.jornalja.com.br\/arquivo\/sangue-latino-no-iecine\/","url_meta":{"origin":42684,"position":3},"title":"Sangue latino no IECINE","author":"da Reda\u00e7\u00e3o","date":"18 de maio de 2014","format":false,"excerpt":"Francisco Ribeiro O Instituto Estadual de Cinema (IECINE) tem a frente, desde abril \u00faltimo, um novo diretor, o cineasta colombiano Juan Zapata, 36, que substitui Luiz Alberto Cassol. Radicado h\u00e1 dez anos em Porto Alegre, Zapata tem diante de si o desafio de conduzir at\u00e9 o final do ano um\u2026","rel":"","context":"Em &quot;Cultura-Geral&quot;","block_context":{"text":"Cultura-Geral","link":"https:\/\/www.jornalja.com.br\/arquivo\/category\/materiasecundaria\/"},"img":{"alt_text":"","src":"","width":0,"height":0},"classes":[]},{"id":13109,"url":"https:\/\/www.jornalja.com.br\/arquivo\/judiciario-reconhece-poluicao-eletromagnetica\/","url_meta":{"origin":42684,"position":4},"title":"Judici\u00e1rio reconhece polui\u00e7\u00e3o eletromagn\u00e9tica","author":"Patr\u00edcia Marini","date":"16 de maio de 2014","format":false,"excerpt":"A\u00e7\u00e3o de duas associa\u00e7\u00f5es de moradores foi acolhida pelo Tribunal de Justi\u00e7a de S\u00e3o Paulo que. em decis\u00e3o in\u00e9dita, determinou a redu\u00e7\u00e3o do campo eletromagn\u00e9tico gerado pelas linhas de transmiss\u00e3o de energia que cortam os bairros City Boa\u00e7ava e Alto de Pinheiros. \u00c9 a primeira vez que um tribunal do\u2026","rel":"","context":"Em &quot;X.Categorias velhas&quot;","block_context":{"text":"X.Categorias velhas","link":"https:\/\/www.jornalja.com.br\/arquivo\/category\/x-categorias-velhas\/"},"img":{"alt_text":"","src":"","width":0,"height":0},"classes":[]},{"id":1280,"url":"https:\/\/www.jornalja.com.br\/arquivo\/o-menino-que-se-tornou-brizola\/","url_meta":{"origin":42684,"position":5},"title":"O Menino que se Tornou Brizola","author":"da Reda\u00e7\u00e3o","date":"28 de julho de 2008","format":false,"excerpt":"Autor: Cleber Dioni A vida de Leonel Brizola, com \u00eanfase para os primeiros anos em Porto Alegre, at\u00e9 o ex\u00edlio no Uruguai e a volta, quinze anos depois. \u00a0\"...\u00c9ramos todos jovens e nos identific\u00e1vamos com aquela massa an\u00f4nima a percorrer as ruas de Porto Alegre, gritando 'Get\u00falio', 'Get\u00falio' e empunhando\u2026","rel":"","context":"Em &quot;Livros&quot;","block_context":{"text":"Livros","link":"https:\/\/www.jornalja.com.br\/arquivo\/category\/livros\/"},"img":{"alt_text":"","src":"https:\/\/i0.wp.com\/www.jornalja.com.br\/wp-content\/uploads\/2008\/07\/brizola.gif?resize=350%2C200&ssl=1","width":350,"height":200},"classes":[]}],"jetpack_shortlink":"https:\/\/wp.me\/pbQjBd-b6s","jetpack_featured_media_url":"","_links":{"self":[{"href":"https:\/\/www.jornalja.com.br\/arquivo\/wp-json\/wp\/v2\/posts\/42684","targetHints":{"allow":["GET"]}}],"collection":[{"href":"https:\/\/www.jornalja.com.br\/arquivo\/wp-json\/wp\/v2\/posts"}],"about":[{"href":"https:\/\/www.jornalja.com.br\/arquivo\/wp-json\/wp\/v2\/types\/post"}],"author":[{"embeddable":true,"href":"https:\/\/www.jornalja.com.br\/arquivo\/wp-json\/wp\/v2\/users\/4"}],"replies":[{"embeddable":true,"href":"https:\/\/www.jornalja.com.br\/arquivo\/wp-json\/wp\/v2\/comments?post=42684"}],"version-history":[{"count":0,"href":"https:\/\/www.jornalja.com.br\/arquivo\/wp-json\/wp\/v2\/posts\/42684\/revisions"}],"wp:attachment":[{"href":"https:\/\/www.jornalja.com.br\/arquivo\/wp-json\/wp\/v2\/media?parent=42684"}],"wp:term":[{"taxonomy":"category","embeddable":true,"href":"https:\/\/www.jornalja.com.br\/arquivo\/wp-json\/wp\/v2\/categories?post=42684"},{"taxonomy":"post_tag","embeddable":true,"href":"https:\/\/www.jornalja.com.br\/arquivo\/wp-json\/wp\/v2\/tags?post=42684"}],"curies":[{"name":"wp","href":"https:\/\/api.w.org\/{rel}","templated":true}]}}