{"id":42712,"date":"2016-12-26T15:18:05","date_gmt":"2016-12-26T18:18:05","guid":{"rendered":"https:\/\/www.jornalja.com.br\/?p=42712"},"modified":"2016-12-26T15:18:05","modified_gmt":"2016-12-26T18:18:05","slug":"casas-da-luciana-iab-condena-criterios-antiquados-que-levaram-a-demolicao","status":"publish","type":"post","link":"https:\/\/www.jornalja.com.br\/arquivo\/casas-da-luciana-iab-condena-criterios-antiquados-que-levaram-a-demolicao\/","title":{"rendered":"Casas da Luciana: IAB condena &quot;crit\u00e9rios antiquados&quot; que levaram \u00e0 demoli\u00e7\u00e3o"},"content":{"rendered":"<p>O departamento ga\u00facho do Instituto dos Arquitetos do Brasil (IAB-RS) lan\u00e7ou uma carta \u00e0 sociedade na qual lamenta a <a href=\"https:\/\/www.jornalja.com.br\/casas-da-luciana-de-abreu-derrubadas-sob-forte-esquema-de-seguranca\/\">demoli\u00e7\u00e3o das casas da Luciana de Abreu, ocorrida no dia 23 de dezembro<\/a>: \u201cN\u00e3o seria necess\u00e1rio ser morador do Moinhos de Vento para defend\u00ea-las ou para desenvolver esta consci\u00eancia, bastaria ser porto-alegrense e amar a sua cidade, afinal a perda \u00e9 de toda a cidade que aos poucos apaga e nega sua mem\u00f3ria\u201d.<br \/>\nO texto condena a ado\u00e7\u00e3o de \u201ccrit\u00e9rios antiquados\u201d para a preserva\u00e7\u00e3o, que foi recomendada, inclusive pelo Instituto do Patrim\u00f4nio Art\u00edstico e Hist\u00f3rico Estadual (Iphae).<br \/>\nPara os arquitetos do IAB-RS seria necess\u00e1rio atualizar a legisla\u00e7\u00e3o que d\u00e1 salvaguarda a bens im\u00f3veis da cidade, incluindo entre os fatores a serem considerados quest\u00f5es sociais, hist\u00f3ricas, tradicionais \u2013 e n\u00e3o exclusivamente a autoria de um projeto arquitet\u00f4nico.<br \/>\nAs casas da Luciana de Abreu foram objeto de intensa mobiliza\u00e7\u00e3o dos moradores do bairro Moinhos de Vento, que ao longo de 14 anos organizaram eventos para preservar o conjunto, que era remanescente da d\u00e9cada de 30. Elas foram compradas pela construtora Goldzstein em 2002 para que no local fosse erguido um espig\u00e3o de 16 andares \u2013 o que efetivamente ser\u00e1 feito, segundo a empreiteira.<br \/>\n<figure id=\"attachment_42714\" aria-describedby=\"caption-attachment-42714\" style=\"width: 225px\" class=\"wp-caption alignleft\"><img loading=\"lazy\" decoding=\"async\" class=\"size-medium wp-image-42714\" src=\"https:\/\/www.jornalja.com.br\/wp-content\/uploads\/2016\/12\/15776280_1288164731242843_1552528125_o-225x300.jpg\" alt=\"Casario serviu de moradia para os mestres cervejeiros da Bopp, na d\u00e9cada de 30 | T\u00e2nia Meinerz\" width=\"225\" height=\"300\" \/><figcaption id=\"caption-attachment-42714\" class=\"wp-caption-text\">Casario foi morada dos mestres cervejeiros da Bopp, na d\u00e9cada de 30 | T\u00e2nia Meinerz<\/figcaption><\/figure><br \/>\nO Minist\u00e9rio P\u00fablico do Estado comprou a briga ingressou com uma a\u00e7\u00e3o na Justi\u00e7a. Nos \u00faltimos anos, um dos argumentos mais repetidos pelos defensores da manuten\u00e7\u00e3o do casario, era que seu autor seria o famoso arquiteto Theodor Wiederspahn, respons\u00e1vel pelos projetos do Margs, Casa de Cultura Mario Quintana e Cervejaria Bopp, depois Continental (hoje Shopping Total).<br \/>\nDe fato, as casas foram feitas para servirem de moradia aos mestres cervejeiros da Bopp. O bi\u00f3grafo de Wiedesrpahh, G\u00fcnter Weimer, defende que o alem\u00e3o efetivamente participou do projeto, por\u00e9m, a Justi\u00e7a entendeu que n\u00e3o e com isso, autorizou a demoli\u00e7\u00e3o.<br \/>\nO IAB-RS chama aten\u00e7\u00e3o para o fato de o sentimento dos habitantes do bairro ter sido desconsiderado pela Justi\u00e7a e pela construtora. \u201cEste lament\u00e1vel epis\u00f3dio refor\u00e7a a import\u00e2ncia do debate e reinvindica\u00e7\u00e3o pela preserva\u00e7\u00e3o, e da atualiza\u00e7\u00e3o da legisla\u00e7\u00e3o vigente de prote\u00e7\u00e3o ao patrim\u00f4nio cultural, a fim, de reconhecer tanto import\u00e2ncia do espa\u00e7o urbano onde est\u00e3o inseridos os conjuntos quanto do senso afetivo para a mem\u00f3ria e o imagin\u00e1rio das pessoas\u201d.<br \/>\n<strong>Leia a \u00edntegra da carta:<\/strong><br \/>\n<span class=\"intertit\">EM TEMPOS DE PERDAS LASTIM\u00c1VEIS, SE V\u00c3O TAMB\u00c9M AS CASAS DA LUCIANA<\/span><br \/>\n<em>As casas da Rua Luciana de Abreu, tradicional via do bairro Moinhos de Vento, resistiram 14 anos entre medidas judiciais e manifesta\u00e7\u00f5es da sociedade civil que, organizada, lutou pela preserva\u00e7\u00e3o do conjunto tradicional na paisagem do bairro. A pergunta que se fez \u00e9: por que preserva-las?<\/em><br \/>\n<em>Bem, estas casas, outrora recorrentes no bairro Moinhos de Vento, foram produto e testemunho da Porto Alegre dos anos 1930. A despeito dos in\u00fameros argumentos que apontavam crit\u00e9rios e t\u00e9cnicas atuais para valora\u00e7\u00e3o do casario demolido, venceu a causa a favor da demoli\u00e7\u00e3o, cujos relat\u00f3rios e pesquisas baseados em crit\u00e9rios antiquados e restritos \u00e0 excepcionalidade das edifica\u00e7\u00f5es, sobrepujaram inclusive pareceres como o do Instituto do Patrim\u00f4nio Art\u00edstico Hist\u00f3rico Estadual que recomendava a salvaguarda do conjunto.<\/em><br \/>\n<em>J\u00e1 bem se sabe que patrim\u00f4nio hist\u00f3rico de interesse cultural, n\u00e3o se valora e ou define apenas por simples requisitos e crit\u00e9rios fixos, pois a salvaguarda \u00e9 complexa e a valora\u00e7\u00e3o de um bem \u00e9 consideravelmente espec\u00edfica, mas abrange a an\u00e1lise de fatores sociais, hist\u00f3ricos, tradicionais e regionais que caracterizam e configuram a cultura da cidade.<\/em><br \/>\n<em>A autoria de projeto n\u00e3o \u00e9 crit\u00e9rio definitivo para a salvaguarda de um bem ou para mensurar o valor cultural de uma edifica\u00e7\u00e3o. Al\u00e9m de Theodor Wiederspahn \u2013 a quem se aventava a autoria do projeto das casas \u2013 uma gera\u00e7\u00e3o de imigrantes profissionais talentosos produziu boa parte da arquitetura de destaque na cidade que hoje conhecemos. No conjunto da Luciana, por exemplo, havia uma casa de autoria do arquiteto Egon Weindorfer, quem atuou em diversas edifica\u00e7\u00f5es de express\u00e3o na cidade, fato que foi desprezado. O conjunto tinha forte rela\u00e7\u00e3o hist\u00f3rica com a cervejaria Continental, conjunto tombado onde hoje h\u00e1 um centro comercial. Tais fatores s\u00e3o relevantes para a preserva\u00e7\u00e3o das casas que eram testemunho da ambi\u00eancia urbana dos bairros adjacentes ao centro hist\u00f3rico, desenvolvidos a partir da atividade industrial do in\u00edcio do s\u00e9culo XX, caracterizando uma \u00e9poca. N\u00e3o seria necess\u00e1rio ser morador do Moinhos de Vento para defend\u00ea-las ou para desenvolver esta consci\u00eancia, bastaria ser porto-alegrense e amar a sua cidade, afinal a perda \u00e9 de toda a cidade que aos poucos apaga e nega sua mem\u00f3ria.<\/em><br \/>\n<em>Este lament\u00e1vel epis\u00f3dio refor\u00e7a a import\u00e2ncia do debate e reinvindica\u00e7\u00e3o pela preserva\u00e7\u00e3o, e da atualiza\u00e7\u00e3o da legisla\u00e7\u00e3o vigente de prote\u00e7\u00e3o ao patrim\u00f4nio cultural, a fim, de reconhecer tanto import\u00e2ncia do espa\u00e7o urbano onde est\u00e3o inseridos os conjuntos quanto do senso afetivo para a mem\u00f3ria e o imagin\u00e1rio das pessoas.<\/em><br \/>\n<em>Poder p\u00fablico, sociedade e mercado devem desenvolver outra consci\u00eancia sobre a import\u00e2ncia do patrim\u00f4nio cultural para o desenvolvimento social e econ\u00f4mico. A cultura e o turismo est\u00e3o entre os setores econ\u00f4micos que mais crescem no mundo. Tanto a preserva\u00e7\u00e3o dos aspectos hist\u00f3ricos das cidades, quanto a produ\u00e7\u00e3o de uma nova arquitetura com qualidade devem ser um compromisso de todos. Afinal, que hist\u00f3ria queremos que nossa cidade conte \u00e0s novas gera\u00e7\u00f5es?<\/em><br \/>\n<em>Porto Alegre, 24 de dezembro de 2016.<\/em><br \/>\n<em>Instituto de Arquitetos do Brasil \u2013 Departamento RS \u2013 IAB RS<\/em><\/p>\n","protected":false},"excerpt":{"rendered":"<p>O departamento ga\u00facho do Instituto dos Arquitetos do Brasil (IAB-RS) lan\u00e7ou uma carta \u00e0 sociedade na qual lamenta a demoli\u00e7\u00e3o das casas da Luciana de Abreu, ocorrida no dia 23 de dezembro: \u201cN\u00e3o seria necess\u00e1rio ser morador do Moinhos de Vento para defend\u00ea-las ou para desenvolver esta consci\u00eancia, bastaria ser porto-alegrense e amar a sua [&hellip;]<\/p>\n","protected":false},"author":4,"featured_media":42713,"comment_status":"open","ping_status":"closed","sticky":false,"template":"","format":"standard","meta":{"_jetpack_newsletter_access":"","_jetpack_dont_email_post_to_subs":false,"_jetpack_newsletter_tier_id":0,"_jetpack_memberships_contains_paywalled_content":false,"_jetpack_feature_clip_id":0,"_jetpack_memberships_contains_paid_content":false,"footnotes":"","jetpack_post_was_ever_published":false},"categories":[26],"tags":[],"class_list":["post-42712","post","type-post","status-publish","format-standard","has-post-thumbnail","hentry","category-geral"],"aioseo_notices":[],"aioseo_head":"\n\t\t<!-- All in One SEO 5.0.1.1 - aioseo.com -->\n\t<meta name=\"robots\" content=\"max-image-preview:large\" \/>\n\t<meta name=\"author\" content=\"da Reda\u00e7\u00e3o\"\/>\n\t<link rel=\"canonical\" href=\"https:\/\/www.jornalja.com.br\/arquivo\/casas-da-luciana-iab-condena-criterios-antiquados-que-levaram-a-demolicao\/\" \/>\n\t<meta name=\"generator\" content=\"All in One SEO (AIOSEO) 5.0.1.1\" \/>\n\t\t<meta property=\"og:locale\" content=\"pt_BR\" \/>\n\t\t<meta property=\"og:site_name\" content=\"Arquivo | Jornal J\u00c1 | Porto Alegre\" \/>\n\t\t<meta property=\"og:type\" content=\"article\" \/>\n\t\t<meta property=\"og:title\" content=\"Casas da Luciana: IAB condena &quot;crit\u00e9rios antiquados&quot; que levaram \u00e0 demoli\u00e7\u00e3o | Arquivo\" \/>\n\t\t<meta property=\"og:url\" content=\"https:\/\/www.jornalja.com.br\/arquivo\/casas-da-luciana-iab-condena-criterios-antiquados-que-levaram-a-demolicao\/\" \/>\n\t\t<meta property=\"og:image\" content=\"https:\/\/www.jornalja.com.br\/wp-content\/uploads\/2016\/12\/15776280_1288164731242843_1552528125_o-225x300.jpg\" \/>\n\t\t<meta property=\"og:image:secure_url\" content=\"https:\/\/www.jornalja.com.br\/wp-content\/uploads\/2016\/12\/15776280_1288164731242843_1552528125_o-225x300.jpg\" \/>\n\t\t<meta property=\"article:published_time\" content=\"2016-12-26T18:18:05+00:00\" \/>\n\t\t<meta property=\"article:modified_time\" content=\"2016-12-26T18:18:05+00:00\" \/>\n\t\t<meta name=\"twitter:card\" content=\"summary\" \/>\n\t\t<meta name=\"twitter:title\" content=\"Casas da Luciana: IAB condena &quot;crit\u00e9rios antiquados&quot; que levaram \u00e0 demoli\u00e7\u00e3o | Arquivo\" \/>\n\t\t<meta name=\"twitter:image\" content=\"https:\/\/www.jornalja.com.br\/economics\/wp-content\/uploads\/sites\/11\/2026\/08\/ja-folhaderosto-facebook.jpg\" \/>\n\t\t<script type=\"application\/ld+json\" class=\"aioseo-schema\">\n\t\t\t{\"@context\":\"https:\\\/\\\/schema.org\",\"@graph\":[{\"@type\":\"BlogPosting\",\"@id\":\"https:\\\/\\\/www.jornalja.com.br\\\/arquivo\\\/casas-da-luciana-iab-condena-criterios-antiquados-que-levaram-a-demolicao\\\/#blogposting\",\"name\":\"Casas da Luciana: IAB condena \\\"crit\\u00e9rios antiquados\\\" que levaram \\u00e0 demoli\\u00e7\\u00e3o | Arquivo\",\"headline\":\"Casas da Luciana: IAB condena &quot;crit\\u00e9rios antiquados&quot; que levaram \\u00e0 demoli\\u00e7\\u00e3o\",\"author\":{\"@id\":\"https:\\\/\\\/www.jornalja.com.br\\\/arquivo\\\/author\\\/daredacao\\\/#author\"},\"publisher\":{\"@id\":\"https:\\\/\\\/www.jornalja.com.br\\\/arquivo\\\/#organization\"},\"image\":{\"@type\":\"ImageObject\",\"url\":42713},\"datePublished\":\"2016-12-26T15:18:05-02:00\",\"dateModified\":\"2016-12-26T15:18:05-02:00\",\"inLanguage\":\"pt-BR\",\"commentCount\":1,\"mainEntityOfPage\":{\"@id\":\"https:\\\/\\\/www.jornalja.com.br\\\/arquivo\\\/casas-da-luciana-iab-condena-criterios-antiquados-que-levaram-a-demolicao\\\/#webpage\"},\"isPartOf\":{\"@id\":\"https:\\\/\\\/www.jornalja.com.br\\\/arquivo\\\/casas-da-luciana-iab-condena-criterios-antiquados-que-levaram-a-demolicao\\\/#webpage\"},\"articleSection\":\"Geral\"},{\"@type\":\"BreadcrumbList\",\"@id\":\"https:\\\/\\\/www.jornalja.com.br\\\/arquivo\\\/casas-da-luciana-iab-condena-criterios-antiquados-que-levaram-a-demolicao\\\/#breadcrumblist\",\"itemListElement\":[{\"@type\":\"ListItem\",\"@id\":\"https:\\\/\\\/www.jornalja.com.br\\\/arquivo#listItem\",\"position\":1,\"name\":\"Home\",\"item\":\"https:\\\/\\\/www.jornalja.com.br\\\/arquivo\",\"nextItem\":{\"@type\":\"ListItem\",\"@id\":\"https:\\\/\\\/www.jornalja.com.br\\\/arquivo\\\/category\\\/geral\\\/#listItem\",\"name\":\"Geral\"}},{\"@type\":\"ListItem\",\"@id\":\"https:\\\/\\\/www.jornalja.com.br\\\/arquivo\\\/category\\\/geral\\\/#listItem\",\"position\":2,\"name\":\"Geral\",\"item\":\"https:\\\/\\\/www.jornalja.com.br\\\/arquivo\\\/category\\\/geral\\\/\",\"nextItem\":{\"@type\":\"ListItem\",\"@id\":\"https:\\\/\\\/www.jornalja.com.br\\\/arquivo\\\/casas-da-luciana-iab-condena-criterios-antiquados-que-levaram-a-demolicao\\\/#listItem\",\"name\":\"Casas da Luciana: IAB condena &quot;crit\\u00e9rios antiquados&quot; que levaram \\u00e0 demoli\\u00e7\\u00e3o\"},\"previousItem\":{\"@type\":\"ListItem\",\"@id\":\"https:\\\/\\\/www.jornalja.com.br\\\/arquivo#listItem\",\"name\":\"Home\"}},{\"@type\":\"ListItem\",\"@id\":\"https:\\\/\\\/www.jornalja.com.br\\\/arquivo\\\/casas-da-luciana-iab-condena-criterios-antiquados-que-levaram-a-demolicao\\\/#listItem\",\"position\":3,\"name\":\"Casas da Luciana: IAB condena &quot;crit\\u00e9rios antiquados&quot; que levaram \\u00e0 demoli\\u00e7\\u00e3o\",\"previousItem\":{\"@type\":\"ListItem\",\"@id\":\"https:\\\/\\\/www.jornalja.com.br\\\/arquivo\\\/category\\\/geral\\\/#listItem\",\"name\":\"Geral\"}}]},{\"@type\":\"Organization\",\"@id\":\"https:\\\/\\\/www.jornalja.com.br\\\/arquivo\\\/#organization\",\"name\":\"Jornal J\\u00c1\",\"description\":\"Jornal J\\u00c1 | Porto Alegre\",\"url\":\"https:\\\/\\\/www.jornalja.com.br\\\/arquivo\\\/\",\"telephone\":\"+555133307272\",\"logo\":{\"@type\":\"ImageObject\",\"url\":\"https:\\\/\\\/www.jornalja.com.br\\\/wp-content\\\/uploads\\\/cards\\\/JAslogan.png\",\"@id\":\"https:\\\/\\\/www.jornalja.com.br\\\/arquivo\\\/casas-da-luciana-iab-condena-criterios-antiquados-que-levaram-a-demolicao\\\/#organizationLogo\"},\"image\":{\"@id\":\"https:\\\/\\\/www.jornalja.com.br\\\/arquivo\\\/casas-da-luciana-iab-condena-criterios-antiquados-que-levaram-a-demolicao\\\/#organizationLogo\"}},{\"@type\":\"Person\",\"@id\":\"https:\\\/\\\/www.jornalja.com.br\\\/arquivo\\\/author\\\/daredacao\\\/#author\",\"url\":\"https:\\\/\\\/www.jornalja.com.br\\\/arquivo\\\/author\\\/daredacao\\\/\",\"name\":\"da Reda\\u00e7\\u00e3o\",\"image\":{\"@type\":\"ImageObject\",\"@id\":\"https:\\\/\\\/www.jornalja.com.br\\\/arquivo\\\/casas-da-luciana-iab-condena-criterios-antiquados-que-levaram-a-demolicao\\\/#authorImage\",\"url\":\"https:\\\/\\\/secure.gravatar.com\\\/avatar\\\/469fd857d6605ad19919d27ed29d35a968a25f6e8fd9318356bbb7f57aae9c65?s=96&d=mm&r=g\",\"width\":96,\"height\":96,\"caption\":\"da Reda\\u00e7\\u00e3o\"}},{\"@type\":\"WebPage\",\"@id\":\"https:\\\/\\\/www.jornalja.com.br\\\/arquivo\\\/casas-da-luciana-iab-condena-criterios-antiquados-que-levaram-a-demolicao\\\/#webpage\",\"url\":\"https:\\\/\\\/www.jornalja.com.br\\\/arquivo\\\/casas-da-luciana-iab-condena-criterios-antiquados-que-levaram-a-demolicao\\\/\",\"name\":\"Casas da Luciana: IAB condena \\\"crit\\u00e9rios antiquados\\\" que levaram \\u00e0 demoli\\u00e7\\u00e3o | Arquivo\",\"inLanguage\":\"pt-BR\",\"isPartOf\":{\"@id\":\"https:\\\/\\\/www.jornalja.com.br\\\/arquivo\\\/#website\"},\"breadcrumb\":{\"@id\":\"https:\\\/\\\/www.jornalja.com.br\\\/arquivo\\\/casas-da-luciana-iab-condena-criterios-antiquados-que-levaram-a-demolicao\\\/#breadcrumblist\"},\"author\":{\"@id\":\"https:\\\/\\\/www.jornalja.com.br\\\/arquivo\\\/author\\\/daredacao\\\/#author\"},\"creator\":{\"@id\":\"https:\\\/\\\/www.jornalja.com.br\\\/arquivo\\\/author\\\/daredacao\\\/#author\"},\"image\":{\"@type\":\"ImageObject\",\"url\":42713,\"@id\":\"https:\\\/\\\/www.jornalja.com.br\\\/arquivo\\\/casas-da-luciana-iab-condena-criterios-antiquados-que-levaram-a-demolicao\\\/#mainImage\"},\"primaryImageOfPage\":{\"@id\":\"https:\\\/\\\/www.jornalja.com.br\\\/arquivo\\\/casas-da-luciana-iab-condena-criterios-antiquados-que-levaram-a-demolicao\\\/#mainImage\"},\"datePublished\":\"2016-12-26T15:18:05-02:00\",\"dateModified\":\"2016-12-26T15:18:05-02:00\"},{\"@type\":\"WebSite\",\"@id\":\"https:\\\/\\\/www.jornalja.com.br\\\/arquivo\\\/#website\",\"url\":\"https:\\\/\\\/www.jornalja.com.br\\\/arquivo\\\/\",\"name\":\"Arquivo\",\"description\":\"Jornal J\\u00c1 | Porto Alegre\",\"inLanguage\":\"pt-BR\",\"publisher\":{\"@id\":\"https:\\\/\\\/www.jornalja.com.br\\\/arquivo\\\/#organization\"}}]}\n\t\t<\/script>\n\t\t<!-- All in One SEO -->\n\n","aioseo_head_json":{"title":"Casas da Luciana: IAB condena \"crit\u00e9rios antiquados\" que levaram \u00e0 demoli\u00e7\u00e3o | Arquivo","description":"","canonical_url":"https:\/\/www.jornalja.com.br\/arquivo\/casas-da-luciana-iab-condena-criterios-antiquados-que-levaram-a-demolicao\/","robots":"max-image-preview:large","keywords":"","webmasterTools":{"miscellaneous":""},"schema":{"@context":"https:\/\/schema.org","@graph":[{"@type":"BlogPosting","@id":"https:\/\/www.jornalja.com.br\/arquivo\/casas-da-luciana-iab-condena-criterios-antiquados-que-levaram-a-demolicao\/#blogposting","name":"Casas da Luciana: IAB condena \"crit\u00e9rios antiquados\" que levaram \u00e0 demoli\u00e7\u00e3o | Arquivo","headline":"Casas da Luciana: IAB condena &quot;crit\u00e9rios antiquados&quot; que levaram \u00e0 demoli\u00e7\u00e3o","author":{"@id":"https:\/\/www.jornalja.com.br\/arquivo\/author\/daredacao\/#author"},"publisher":{"@id":"https:\/\/www.jornalja.com.br\/arquivo\/#organization"},"image":{"@type":"ImageObject","url":42713},"datePublished":"2016-12-26T15:18:05-02:00","dateModified":"2016-12-26T15:18:05-02:00","inLanguage":"pt-BR","commentCount":1,"mainEntityOfPage":{"@id":"https:\/\/www.jornalja.com.br\/arquivo\/casas-da-luciana-iab-condena-criterios-antiquados-que-levaram-a-demolicao\/#webpage"},"isPartOf":{"@id":"https:\/\/www.jornalja.com.br\/arquivo\/casas-da-luciana-iab-condena-criterios-antiquados-que-levaram-a-demolicao\/#webpage"},"articleSection":"Geral"},{"@type":"BreadcrumbList","@id":"https:\/\/www.jornalja.com.br\/arquivo\/casas-da-luciana-iab-condena-criterios-antiquados-que-levaram-a-demolicao\/#breadcrumblist","itemListElement":[{"@type":"ListItem","@id":"https:\/\/www.jornalja.com.br\/arquivo#listItem","position":1,"name":"Home","item":"https:\/\/www.jornalja.com.br\/arquivo","nextItem":{"@type":"ListItem","@id":"https:\/\/www.jornalja.com.br\/arquivo\/category\/geral\/#listItem","name":"Geral"}},{"@type":"ListItem","@id":"https:\/\/www.jornalja.com.br\/arquivo\/category\/geral\/#listItem","position":2,"name":"Geral","item":"https:\/\/www.jornalja.com.br\/arquivo\/category\/geral\/","nextItem":{"@type":"ListItem","@id":"https:\/\/www.jornalja.com.br\/arquivo\/casas-da-luciana-iab-condena-criterios-antiquados-que-levaram-a-demolicao\/#listItem","name":"Casas da Luciana: IAB condena &quot;crit\u00e9rios antiquados&quot; que levaram \u00e0 demoli\u00e7\u00e3o"},"previousItem":{"@type":"ListItem","@id":"https:\/\/www.jornalja.com.br\/arquivo#listItem","name":"Home"}},{"@type":"ListItem","@id":"https:\/\/www.jornalja.com.br\/arquivo\/casas-da-luciana-iab-condena-criterios-antiquados-que-levaram-a-demolicao\/#listItem","position":3,"name":"Casas da Luciana: IAB condena &quot;crit\u00e9rios antiquados&quot; que levaram \u00e0 demoli\u00e7\u00e3o","previousItem":{"@type":"ListItem","@id":"https:\/\/www.jornalja.com.br\/arquivo\/category\/geral\/#listItem","name":"Geral"}}]},{"@type":"Organization","@id":"https:\/\/www.jornalja.com.br\/arquivo\/#organization","name":"Jornal J\u00c1","description":"Jornal J\u00c1 | Porto Alegre","url":"https:\/\/www.jornalja.com.br\/arquivo\/","telephone":"+555133307272","logo":{"@type":"ImageObject","url":"https:\/\/www.jornalja.com.br\/wp-content\/uploads\/cards\/JAslogan.png","@id":"https:\/\/www.jornalja.com.br\/arquivo\/casas-da-luciana-iab-condena-criterios-antiquados-que-levaram-a-demolicao\/#organizationLogo"},"image":{"@id":"https:\/\/www.jornalja.com.br\/arquivo\/casas-da-luciana-iab-condena-criterios-antiquados-que-levaram-a-demolicao\/#organizationLogo"}},{"@type":"Person","@id":"https:\/\/www.jornalja.com.br\/arquivo\/author\/daredacao\/#author","url":"https:\/\/www.jornalja.com.br\/arquivo\/author\/daredacao\/","name":"da Reda\u00e7\u00e3o","image":{"@type":"ImageObject","@id":"https:\/\/www.jornalja.com.br\/arquivo\/casas-da-luciana-iab-condena-criterios-antiquados-que-levaram-a-demolicao\/#authorImage","url":"https:\/\/secure.gravatar.com\/avatar\/469fd857d6605ad19919d27ed29d35a968a25f6e8fd9318356bbb7f57aae9c65?s=96&d=mm&r=g","width":96,"height":96,"caption":"da Reda\u00e7\u00e3o"}},{"@type":"WebPage","@id":"https:\/\/www.jornalja.com.br\/arquivo\/casas-da-luciana-iab-condena-criterios-antiquados-que-levaram-a-demolicao\/#webpage","url":"https:\/\/www.jornalja.com.br\/arquivo\/casas-da-luciana-iab-condena-criterios-antiquados-que-levaram-a-demolicao\/","name":"Casas da Luciana: IAB condena \"crit\u00e9rios antiquados\" que levaram \u00e0 demoli\u00e7\u00e3o | Arquivo","inLanguage":"pt-BR","isPartOf":{"@id":"https:\/\/www.jornalja.com.br\/arquivo\/#website"},"breadcrumb":{"@id":"https:\/\/www.jornalja.com.br\/arquivo\/casas-da-luciana-iab-condena-criterios-antiquados-que-levaram-a-demolicao\/#breadcrumblist"},"author":{"@id":"https:\/\/www.jornalja.com.br\/arquivo\/author\/daredacao\/#author"},"creator":{"@id":"https:\/\/www.jornalja.com.br\/arquivo\/author\/daredacao\/#author"},"image":{"@type":"ImageObject","url":42713,"@id":"https:\/\/www.jornalja.com.br\/arquivo\/casas-da-luciana-iab-condena-criterios-antiquados-que-levaram-a-demolicao\/#mainImage"},"primaryImageOfPage":{"@id":"https:\/\/www.jornalja.com.br\/arquivo\/casas-da-luciana-iab-condena-criterios-antiquados-que-levaram-a-demolicao\/#mainImage"},"datePublished":"2016-12-26T15:18:05-02:00","dateModified":"2016-12-26T15:18:05-02:00"},{"@type":"WebSite","@id":"https:\/\/www.jornalja.com.br\/arquivo\/#website","url":"https:\/\/www.jornalja.com.br\/arquivo\/","name":"Arquivo","description":"Jornal J\u00c1 | Porto Alegre","inLanguage":"pt-BR","publisher":{"@id":"https:\/\/www.jornalja.com.br\/arquivo\/#organization"}}]},"og:locale":"pt_BR","og:site_name":"Arquivo | Jornal J\u00c1 | Porto Alegre","og:type":"article","og:title":"Casas da Luciana: IAB condena &quot;crit\u00e9rios antiquados&quot; que levaram \u00e0 demoli\u00e7\u00e3o | Arquivo","og:url":"https:\/\/www.jornalja.com.br\/arquivo\/casas-da-luciana-iab-condena-criterios-antiquados-que-levaram-a-demolicao\/","og:image":"https:\/\/www.jornalja.com.br\/wp-content\/uploads\/2016\/12\/15776280_1288164731242843_1552528125_o-225x300.jpg","og:image:secure_url":"https:\/\/www.jornalja.com.br\/wp-content\/uploads\/2016\/12\/15776280_1288164731242843_1552528125_o-225x300.jpg","article:published_time":"2016-12-26T18:18:05+00:00","article:modified_time":"2016-12-26T18:18:05+00:00","twitter:card":"summary","twitter:title":"Casas da Luciana: IAB condena &quot;crit\u00e9rios antiquados&quot; que levaram \u00e0 demoli\u00e7\u00e3o | Arquivo","twitter:image":"https:\/\/www.jornalja.com.br\/economics\/wp-content\/uploads\/sites\/11\/2026\/08\/ja-folhaderosto-facebook.jpg"},"aioseo_meta_data":{"post_id":"42712","title":null,"description":null,"keywords":null,"keyphrases":null,"primary_term":null,"canonical_url":null,"og_title":null,"og_description":null,"og_object_type":"default","og_image_type":"default","og_image_url":null,"og_image_width":null,"og_image_height":null,"og_image_custom_url":null,"og_image_custom_fields":null,"og_video":null,"og_custom_url":null,"og_article_section":null,"og_article_tags":null,"twitter_use_og":false,"twitter_card":"default","twitter_image_type":"default","twitter_image_url":null,"twitter_image_custom_url":null,"twitter_image_custom_fields":null,"twitter_title":null,"twitter_description":null,"schema":{"blockGraphs":[],"customGraphs":[],"default":{"data":{"Article":[],"Course":[],"Dataset":[],"FAQPage":[],"Movie":[],"Person":[],"Product":[],"ProductReview":[],"Car":[],"Recipe":[],"Service":[],"SoftwareApplication":[],"WebPage":[]},"graphName":"","isEnabled":true},"graphs":[],"defaultGraph":"","defaultPostTypeGraph":""},"schema_type":null,"schema_type_options":null,"pillar_content":false,"robots_default":true,"robots_noindex":false,"robots_noarchive":false,"robots_nosnippet":false,"robots_nofollow":false,"robots_noimageindex":false,"robots_noodp":false,"robots_notranslate":false,"robots_max_snippet":null,"robots_max_videopreview":null,"robots_max_imagepreview":"large","priority":null,"frequency":null,"location":null,"local_seo":null,"breadcrumb_settings":null,"limit_modified_date":false,"ai":null,"created":"2020-12-20 20:43:21","updated":"2025-07-19 19:02:12","seo_analyzer_scan_date":null,"focus_keyword":null,"additional_keywords":null,"truseo_locale":null},"jetpack_sharing_enabled":true,"jetpack-related-posts":[{"id":13239,"url":"https:\/\/www.jornalja.com.br\/arquivo\/conselho-desdenha-do-plano-diretor\/","url_meta":{"origin":42712,"position":0},"title":"Porto Alegre: Conselho detona Plano Diretor","author":"Patr\u00edcia Marini","date":"25 de maio de 2014","format":false,"excerpt":"Den\u00fancia do arquiteto e \u00a0urbanista Ibir\u00e1 Santos Lucas. Ele diz que os conselheiros est\u00e3o votando com \"enorme irresponsabilidade\". \"Mudam regime com a maior naturalidade,,,regularizam absurdos de constru\u00e7\u00f5es irregulares... \"O CMDUA est\u00e1 flexibilizando a lei do plano diretor, de uma forma impactante na vida da cidade. Mudam regime com a maior\u2026","rel":"","context":"Em &quot;Geral&quot;","block_context":{"text":"Geral","link":"https:\/\/www.jornalja.com.br\/arquivo\/category\/geral\/"},"img":{"alt_text":"","src":"","width":0,"height":0},"classes":[]},{"id":5440,"url":"https:\/\/www.jornalja.com.br\/arquivo\/casarao-da-venancio-destino-permanece-incerto\/","url_meta":{"origin":42712,"position":1},"title":"Estado ainda n\u00e3o sabe o que fazer com casar\u00e3o abandonado h\u00e1 20 anos","author":"Elmar Bones","date":"6 de julho de 2009","format":false,"excerpt":"O casar\u00e3o amarelo, numa esquina nobre de Porto Alegre (Ven\u00e2ncio Aires com Jo\u00e3o Pessoa), j\u00e1 abrigou uma escola. H\u00e1 duas d\u00e9cadas, pelo menos, est\u00e1 abandonado, porque seu propriet\u00e1rio, o governo do Estado do Rio Grande do Sul, n\u00e3o consegue achar um destino para ele. Planos n\u00e3o faltaram. O governador Ol\u00edvio\u2026","rel":"","context":"Em &quot;X.Categorias velhas&quot;","block_context":{"text":"X.Categorias velhas","link":"https:\/\/www.jornalja.com.br\/arquivo\/category\/x-categorias-velhas\/"},"img":{"alt_text":"geraldo1","src":"https:\/\/i0.wp.com\/www.jornalja.com.br\/wp-content\/uploads\/2009\/07\/geraldo1.jpg?resize=350%2C200&ssl=1","width":350,"height":200},"classes":[]},{"id":13124,"url":"https:\/\/www.jornalja.com.br\/arquivo\/sangue-latino-no-iecine\/","url_meta":{"origin":42712,"position":2},"title":"Sangue latino no IECINE","author":"da Reda\u00e7\u00e3o","date":"18 de maio de 2014","format":false,"excerpt":"Francisco Ribeiro O Instituto Estadual de Cinema (IECINE) tem a frente, desde abril \u00faltimo, um novo diretor, o cineasta colombiano Juan Zapata, 36, que substitui Luiz Alberto Cassol. Radicado h\u00e1 dez anos em Porto Alegre, Zapata tem diante de si o desafio de conduzir at\u00e9 o final do ano um\u2026","rel":"","context":"Em &quot;Cultura-Geral&quot;","block_context":{"text":"Cultura-Geral","link":"https:\/\/www.jornalja.com.br\/arquivo\/category\/materiasecundaria\/"},"img":{"alt_text":"","src":"","width":0,"height":0},"classes":[]},{"id":13128,"url":"https:\/\/www.jornalja.com.br\/arquivo\/maconha-terra-diz-que-uso-medicinal-e-desculpa\/","url_meta":{"origin":42712,"position":3},"title":"Maconha: Terra diz que uso medicinal \u00e9 desculpa","author":"Patr\u00edcia Marini","date":"4 de junho de 2014","format":false,"excerpt":"A condi\u00e7\u00e3o de pol\u00edtico, em \u00e9poca de campanha de campanha eleitoral, tira for\u00e7a do discurso do m\u00e9dico Osmar Terra contra a legaliza\u00e7\u00e3o da maconha. A tese dele de que a libera\u00e7\u00e3o vai ampliar exponencialmente o consumo \u00e9 discutivel, o consumo \u00e9 corrente. Mas seus alertas quanto aos riscos tem que\u2026","rel":"","context":"Em &quot;X.Categorias velhas&quot;","block_context":{"text":"X.Categorias velhas","link":"https:\/\/www.jornalja.com.br\/arquivo\/category\/x-categorias-velhas\/"},"img":{"alt_text":"","src":"","width":0,"height":0},"classes":[]},{"id":13240,"url":"https:\/\/www.jornalja.com.br\/arquivo\/plano-diretor-estamos-construindo-o-caos\/","url_meta":{"origin":42712,"position":4},"title":"Plano diretor: &quot;Estamos construindo o caos&quot;","author":"Patr\u00edcia Marini","date":"26 de maio de 2014","format":false,"excerpt":"Desabafo que arquiteta Eliana Castilhos, delegada da Regi\u00e3o de Planejamento 1, postou nas redes sociais \u00e9 um testemunho do ambiente que se criou no Conselho do Plano Diretor de Porto Alegre, onde a aprova\u00e7\u00e3o de grandes empreendimentos \u00e9 empurrada guela abaixo dos conselheiros. Ao CMDUA Como delegada da Regi\u00e3o de\u2026","rel":"","context":"Em &quot;Geral&quot;","block_context":{"text":"Geral","link":"https:\/\/www.jornalja.com.br\/arquivo\/category\/geral\/"},"img":{"alt_text":"","src":"","width":0,"height":0},"classes":[]},{"id":14241,"url":"https:\/\/www.jornalja.com.br\/arquivo\/o-guaiba-nas-imagens-poeticas-de-achutti\/","url_meta":{"origin":42712,"position":5},"title":"O Gua\u00edba nas imagens po\u00e9ticas de Achutti","author":"da Reda\u00e7\u00e3o","date":"18 de junho de 2014","format":false,"excerpt":"Em \u201cO Gua\u00edba por Achutti\u201d \u2013 obra financiada via Minist\u00e9rio da Cultura, produ\u00e7\u00e3o executiva de Pedro Longhi, e Fl\u00e1vio Wild como designer \u2013, o fot\u00f3grafo revela a beleza e as mazelas de um espa\u00e7o aqu\u00e1tico de \u00e1guas sempre renovadas, cheio de hist\u00f3rias e lendas como as das cidades que foram\u2026","rel":"","context":"Em &quot;Cultura-Geral&quot;","block_context":{"text":"Cultura-Geral","link":"https:\/\/www.jornalja.com.br\/arquivo\/category\/materiasecundaria\/"},"img":{"alt_text":"","src":"","width":0,"height":0},"classes":[]}],"jetpack_shortlink":"https:\/\/wp.me\/pbQjBd-b6U","jetpack_featured_media_url":"","_links":{"self":[{"href":"https:\/\/www.jornalja.com.br\/arquivo\/wp-json\/wp\/v2\/posts\/42712","targetHints":{"allow":["GET"]}}],"collection":[{"href":"https:\/\/www.jornalja.com.br\/arquivo\/wp-json\/wp\/v2\/posts"}],"about":[{"href":"https:\/\/www.jornalja.com.br\/arquivo\/wp-json\/wp\/v2\/types\/post"}],"author":[{"embeddable":true,"href":"https:\/\/www.jornalja.com.br\/arquivo\/wp-json\/wp\/v2\/users\/4"}],"replies":[{"embeddable":true,"href":"https:\/\/www.jornalja.com.br\/arquivo\/wp-json\/wp\/v2\/comments?post=42712"}],"version-history":[{"count":0,"href":"https:\/\/www.jornalja.com.br\/arquivo\/wp-json\/wp\/v2\/posts\/42712\/revisions"}],"wp:attachment":[{"href":"https:\/\/www.jornalja.com.br\/arquivo\/wp-json\/wp\/v2\/media?parent=42712"}],"wp:term":[{"taxonomy":"category","embeddable":true,"href":"https:\/\/www.jornalja.com.br\/arquivo\/wp-json\/wp\/v2\/categories?post=42712"},{"taxonomy":"post_tag","embeddable":true,"href":"https:\/\/www.jornalja.com.br\/arquivo\/wp-json\/wp\/v2\/tags?post=42712"}],"curies":[{"name":"wp","href":"https:\/\/api.w.org\/{rel}","templated":true}]}}