{"id":42717,"date":"2016-12-26T17:57:10","date_gmt":"2016-12-26T20:57:10","guid":{"rendered":"https:\/\/www.jornalja.com.br\/?p=42717"},"modified":"2016-12-26T17:57:10","modified_gmt":"2016-12-26T20:57:10","slug":"servidores-de-fundacoes-se-mobilizam-para-evitar-que-extincoes-se-concretizem","status":"publish","type":"post","link":"https:\/\/www.jornalja.com.br\/arquivo\/servidores-de-fundacoes-se-mobilizam-para-evitar-que-extincoes-se-concretizem\/","title":{"rendered":"Servidores de funda\u00e7\u00f5es se mobilizam para evitar que extin\u00e7\u00f5es se concretizem"},"content":{"rendered":"<p>Mesmo ap\u00f3s a aprova\u00e7\u00e3o do pacote que o governador Jos\u00e9 Ivo Sartori enviou \u00e0 Assembleia Legislativa &#8211; que entre outras coisas autorizou a extin\u00e7\u00e3o de nove funda\u00e7\u00f5es estaduais &#8211; os servidores p\u00fablicos mant\u00e9m a mobiliza\u00e7\u00e3o.<br \/>\nA inten\u00e7\u00e3o agora \u00e9 evitar que se concretize o fim dessas institui\u00e7\u00f5es, que ser\u00e1 selado apenas quando Sartori sancionar o projeto e dar in\u00edcio ao processo de extin\u00e7\u00e3o.<br \/>\nNesta segunda-feira, 26, os <a href=\"http:\/\/www.facebook.com\/MSTVEFMCultura\">servidores da Funda\u00e7\u00e3o Piratini<\/a>, respons\u00e1vel pela manuten\u00e7\u00e3o da TVE e da FM Cultura, foram at\u00e9 a sede das emissoras, no Morro Santana, para protestar.<br \/>\nEles est\u00e3o impedidos de trabalhar por determina\u00e7\u00e3o do pr\u00f3prio governo do Estado, que concedeu licen\u00e7a coletiva a todos os servidores de carreira at\u00e9 o dia 2 de janeiro. Apenas detentores de cargos de confian\u00e7a est\u00e3o autorizados a entrar no pr\u00e9dio.<br \/>\n<figure id=\"attachment_42721\" aria-describedby=\"caption-attachment-42721\" style=\"width: 300px\" class=\"wp-caption alignleft\"><img loading=\"lazy\" decoding=\"async\" class=\"wp-image-42721 size-medium\" src=\"https:\/\/www.jornalja.com.br\/wp-content\/uploads\/2016\/12\/15665817_1530995183583433_5013534679211078501_n-300x169.jpg\" alt=\"15665817_1530995183583433_5013534679211078501_n\" width=\"300\" height=\"169\" \/><figcaption id=\"caption-attachment-42721\" class=\"wp-caption-text\">Ainda n\u00e3o h\u00e1 informa\u00e7\u00f5es sobre o destino dos acervos da TVE e da FM Cultura | SindJor-RS<\/figcaption><\/figure><br \/>\nNo local, a Brigada Militar dava apoio aos seguran\u00e7as privados que impediam o acesso ao pr\u00e9dio. Os manifestantes empunhavam cartazes questionando o destino do acervo das emissoras e a decis\u00e3o de impedir que os servidores trabalhem.<br \/>\nHavia tamb\u00e9m funcion\u00e1rios de outras funda\u00e7\u00f5es, como do Cientec, al\u00e9m de deputados, representantes sindicais e artistas como Zor\u00e1via Bettiol e Nelson Diniz.<br \/>\nJ\u00e1 na ter\u00e7a-feira \u00e0 tarde, est\u00e1 prevista a realiza\u00e7\u00e3o da uma &#8220;<a href=\"http:\/\/www.facebook.com\/events\/259918467759773\/\">\u00faltima visita ao Jardim Bot\u00e2nico<\/a>&#8220;, mantido pela Funda\u00e7\u00e3o Zoobot\u00e2nica, tamb\u00e9m na imin\u00eancia da extin\u00e7\u00e3o.<br \/>\nO evento foi criado no facebook e j\u00e1 tem a ades\u00e3o de quase 2,5 mil pessoas. A organiza\u00e7\u00e3o pede que os interessados levem toalhas, talheres, copos, comidas e bebidas para serem compartilhados no local.<br \/>\n&nbsp;<\/p>\n","protected":false},"excerpt":{"rendered":"<p>Mesmo ap\u00f3s a aprova\u00e7\u00e3o do pacote que o governador Jos\u00e9 Ivo Sartori enviou \u00e0 Assembleia Legislativa &#8211; que entre outras coisas autorizou a extin\u00e7\u00e3o de nove funda\u00e7\u00f5es estaduais &#8211; os servidores p\u00fablicos mant\u00e9m a mobiliza\u00e7\u00e3o. A inten\u00e7\u00e3o agora \u00e9 evitar que se concretize o fim dessas institui\u00e7\u00f5es, que ser\u00e1 selado apenas quando Sartori sancionar o [&hellip;]<\/p>\n","protected":false},"author":4,"featured_media":42719,"comment_status":"open","ping_status":"closed","sticky":false,"template":"","format":"standard","meta":{"_jetpack_newsletter_access":"","_jetpack_dont_email_post_to_subs":false,"_jetpack_newsletter_tier_id":0,"_jetpack_memberships_contains_paywalled_content":false,"_jetpack_feature_clip_id":0,"_jetpack_memberships_contains_paid_content":false,"footnotes":"","jetpack_post_was_ever_published":false},"categories":[26],"tags":[],"class_list":["post-42717","post","type-post","status-publish","format-standard","has-post-thumbnail","hentry","category-geral"],"aioseo_notices":[],"aioseo_head":"\n\t\t<!-- All in One SEO 5.0.1.1 - aioseo.com -->\n\t<meta name=\"robots\" content=\"max-image-preview:large\" \/>\n\t<meta name=\"author\" content=\"da Reda\u00e7\u00e3o\"\/>\n\t<link rel=\"canonical\" href=\"https:\/\/www.jornalja.com.br\/arquivo\/servidores-de-fundacoes-se-mobilizam-para-evitar-que-extincoes-se-concretizem\/\" \/>\n\t<meta name=\"generator\" content=\"All in One SEO (AIOSEO) 5.0.1.1\" \/>\n\t\t<meta property=\"og:locale\" content=\"pt_BR\" \/>\n\t\t<meta property=\"og:site_name\" content=\"Arquivo | Jornal J\u00c1 | Porto Alegre\" \/>\n\t\t<meta property=\"og:type\" content=\"article\" \/>\n\t\t<meta property=\"og:title\" content=\"Servidores de funda\u00e7\u00f5es se mobilizam para evitar que extin\u00e7\u00f5es se concretizem | Arquivo\" \/>\n\t\t<meta property=\"og:url\" content=\"https:\/\/www.jornalja.com.br\/arquivo\/servidores-de-fundacoes-se-mobilizam-para-evitar-que-extincoes-se-concretizem\/\" \/>\n\t\t<meta property=\"og:image\" content=\"https:\/\/www.jornalja.com.br\/wp-content\/uploads\/2016\/12\/15665817_1530995183583433_5013534679211078501_n-300x169.jpg\" \/>\n\t\t<meta property=\"og:image:secure_url\" content=\"https:\/\/www.jornalja.com.br\/wp-content\/uploads\/2016\/12\/15665817_1530995183583433_5013534679211078501_n-300x169.jpg\" \/>\n\t\t<meta property=\"article:published_time\" content=\"2016-12-26T20:57:10+00:00\" \/>\n\t\t<meta property=\"article:modified_time\" content=\"2016-12-26T20:57:10+00:00\" \/>\n\t\t<meta name=\"twitter:card\" content=\"summary\" \/>\n\t\t<meta name=\"twitter:title\" content=\"Servidores de funda\u00e7\u00f5es se mobilizam para evitar que extin\u00e7\u00f5es se concretizem | Arquivo\" \/>\n\t\t<meta name=\"twitter:image\" content=\"https:\/\/www.jornalja.com.br\/economics\/wp-content\/uploads\/sites\/11\/2026\/08\/ja-folhaderosto-facebook.jpg\" \/>\n\t\t<script type=\"application\/ld+json\" class=\"aioseo-schema\">\n\t\t\t{\"@context\":\"https:\\\/\\\/schema.org\",\"@graph\":[{\"@type\":\"BlogPosting\",\"@id\":\"https:\\\/\\\/www.jornalja.com.br\\\/arquivo\\\/servidores-de-fundacoes-se-mobilizam-para-evitar-que-extincoes-se-concretizem\\\/#blogposting\",\"name\":\"Servidores de funda\\u00e7\\u00f5es se mobilizam para evitar que extin\\u00e7\\u00f5es se concretizem | Arquivo\",\"headline\":\"Servidores de funda\\u00e7\\u00f5es se mobilizam para evitar que extin\\u00e7\\u00f5es se concretizem\",\"author\":{\"@id\":\"https:\\\/\\\/www.jornalja.com.br\\\/arquivo\\\/author\\\/daredacao\\\/#author\"},\"publisher\":{\"@id\":\"https:\\\/\\\/www.jornalja.com.br\\\/arquivo\\\/#organization\"},\"image\":{\"@type\":\"ImageObject\",\"url\":42719},\"datePublished\":\"2016-12-26T17:57:10-02:00\",\"dateModified\":\"2016-12-26T17:57:10-02:00\",\"inLanguage\":\"pt-BR\",\"mainEntityOfPage\":{\"@id\":\"https:\\\/\\\/www.jornalja.com.br\\\/arquivo\\\/servidores-de-fundacoes-se-mobilizam-para-evitar-que-extincoes-se-concretizem\\\/#webpage\"},\"isPartOf\":{\"@id\":\"https:\\\/\\\/www.jornalja.com.br\\\/arquivo\\\/servidores-de-fundacoes-se-mobilizam-para-evitar-que-extincoes-se-concretizem\\\/#webpage\"},\"articleSection\":\"Geral\"},{\"@type\":\"BreadcrumbList\",\"@id\":\"https:\\\/\\\/www.jornalja.com.br\\\/arquivo\\\/servidores-de-fundacoes-se-mobilizam-para-evitar-que-extincoes-se-concretizem\\\/#breadcrumblist\",\"itemListElement\":[{\"@type\":\"ListItem\",\"@id\":\"https:\\\/\\\/www.jornalja.com.br\\\/arquivo#listItem\",\"position\":1,\"name\":\"Home\",\"item\":\"https:\\\/\\\/www.jornalja.com.br\\\/arquivo\",\"nextItem\":{\"@type\":\"ListItem\",\"@id\":\"https:\\\/\\\/www.jornalja.com.br\\\/arquivo\\\/category\\\/geral\\\/#listItem\",\"name\":\"Geral\"}},{\"@type\":\"ListItem\",\"@id\":\"https:\\\/\\\/www.jornalja.com.br\\\/arquivo\\\/category\\\/geral\\\/#listItem\",\"position\":2,\"name\":\"Geral\",\"item\":\"https:\\\/\\\/www.jornalja.com.br\\\/arquivo\\\/category\\\/geral\\\/\",\"nextItem\":{\"@type\":\"ListItem\",\"@id\":\"https:\\\/\\\/www.jornalja.com.br\\\/arquivo\\\/servidores-de-fundacoes-se-mobilizam-para-evitar-que-extincoes-se-concretizem\\\/#listItem\",\"name\":\"Servidores de funda\\u00e7\\u00f5es se mobilizam para evitar que extin\\u00e7\\u00f5es se concretizem\"},\"previousItem\":{\"@type\":\"ListItem\",\"@id\":\"https:\\\/\\\/www.jornalja.com.br\\\/arquivo#listItem\",\"name\":\"Home\"}},{\"@type\":\"ListItem\",\"@id\":\"https:\\\/\\\/www.jornalja.com.br\\\/arquivo\\\/servidores-de-fundacoes-se-mobilizam-para-evitar-que-extincoes-se-concretizem\\\/#listItem\",\"position\":3,\"name\":\"Servidores de funda\\u00e7\\u00f5es se mobilizam para evitar que extin\\u00e7\\u00f5es se concretizem\",\"previousItem\":{\"@type\":\"ListItem\",\"@id\":\"https:\\\/\\\/www.jornalja.com.br\\\/arquivo\\\/category\\\/geral\\\/#listItem\",\"name\":\"Geral\"}}]},{\"@type\":\"Organization\",\"@id\":\"https:\\\/\\\/www.jornalja.com.br\\\/arquivo\\\/#organization\",\"name\":\"Jornal J\\u00c1\",\"description\":\"Jornal J\\u00c1 | Porto Alegre\",\"url\":\"https:\\\/\\\/www.jornalja.com.br\\\/arquivo\\\/\",\"telephone\":\"+555133307272\",\"logo\":{\"@type\":\"ImageObject\",\"url\":\"https:\\\/\\\/www.jornalja.com.br\\\/wp-content\\\/uploads\\\/cards\\\/JAslogan.png\",\"@id\":\"https:\\\/\\\/www.jornalja.com.br\\\/arquivo\\\/servidores-de-fundacoes-se-mobilizam-para-evitar-que-extincoes-se-concretizem\\\/#organizationLogo\"},\"image\":{\"@id\":\"https:\\\/\\\/www.jornalja.com.br\\\/arquivo\\\/servidores-de-fundacoes-se-mobilizam-para-evitar-que-extincoes-se-concretizem\\\/#organizationLogo\"}},{\"@type\":\"Person\",\"@id\":\"https:\\\/\\\/www.jornalja.com.br\\\/arquivo\\\/author\\\/daredacao\\\/#author\",\"url\":\"https:\\\/\\\/www.jornalja.com.br\\\/arquivo\\\/author\\\/daredacao\\\/\",\"name\":\"da Reda\\u00e7\\u00e3o\",\"image\":{\"@type\":\"ImageObject\",\"@id\":\"https:\\\/\\\/www.jornalja.com.br\\\/arquivo\\\/servidores-de-fundacoes-se-mobilizam-para-evitar-que-extincoes-se-concretizem\\\/#authorImage\",\"url\":\"https:\\\/\\\/secure.gravatar.com\\\/avatar\\\/469fd857d6605ad19919d27ed29d35a968a25f6e8fd9318356bbb7f57aae9c65?s=96&d=mm&r=g\",\"width\":96,\"height\":96,\"caption\":\"da Reda\\u00e7\\u00e3o\"}},{\"@type\":\"WebPage\",\"@id\":\"https:\\\/\\\/www.jornalja.com.br\\\/arquivo\\\/servidores-de-fundacoes-se-mobilizam-para-evitar-que-extincoes-se-concretizem\\\/#webpage\",\"url\":\"https:\\\/\\\/www.jornalja.com.br\\\/arquivo\\\/servidores-de-fundacoes-se-mobilizam-para-evitar-que-extincoes-se-concretizem\\\/\",\"name\":\"Servidores de funda\\u00e7\\u00f5es se mobilizam para evitar que extin\\u00e7\\u00f5es se concretizem | Arquivo\",\"inLanguage\":\"pt-BR\",\"isPartOf\":{\"@id\":\"https:\\\/\\\/www.jornalja.com.br\\\/arquivo\\\/#website\"},\"breadcrumb\":{\"@id\":\"https:\\\/\\\/www.jornalja.com.br\\\/arquivo\\\/servidores-de-fundacoes-se-mobilizam-para-evitar-que-extincoes-se-concretizem\\\/#breadcrumblist\"},\"author\":{\"@id\":\"https:\\\/\\\/www.jornalja.com.br\\\/arquivo\\\/author\\\/daredacao\\\/#author\"},\"creator\":{\"@id\":\"https:\\\/\\\/www.jornalja.com.br\\\/arquivo\\\/author\\\/daredacao\\\/#author\"},\"image\":{\"@type\":\"ImageObject\",\"url\":42719,\"@id\":\"https:\\\/\\\/www.jornalja.com.br\\\/arquivo\\\/servidores-de-fundacoes-se-mobilizam-para-evitar-que-extincoes-se-concretizem\\\/#mainImage\"},\"primaryImageOfPage\":{\"@id\":\"https:\\\/\\\/www.jornalja.com.br\\\/arquivo\\\/servidores-de-fundacoes-se-mobilizam-para-evitar-que-extincoes-se-concretizem\\\/#mainImage\"},\"datePublished\":\"2016-12-26T17:57:10-02:00\",\"dateModified\":\"2016-12-26T17:57:10-02:00\"},{\"@type\":\"WebSite\",\"@id\":\"https:\\\/\\\/www.jornalja.com.br\\\/arquivo\\\/#website\",\"url\":\"https:\\\/\\\/www.jornalja.com.br\\\/arquivo\\\/\",\"name\":\"Arquivo\",\"description\":\"Jornal J\\u00c1 | Porto Alegre\",\"inLanguage\":\"pt-BR\",\"publisher\":{\"@id\":\"https:\\\/\\\/www.jornalja.com.br\\\/arquivo\\\/#organization\"}}]}\n\t\t<\/script>\n\t\t<!-- All in One SEO -->\n\n","aioseo_head_json":{"title":"Servidores de funda\u00e7\u00f5es se mobilizam para evitar que extin\u00e7\u00f5es se concretizem | Arquivo","description":"","canonical_url":"https:\/\/www.jornalja.com.br\/arquivo\/servidores-de-fundacoes-se-mobilizam-para-evitar-que-extincoes-se-concretizem\/","robots":"max-image-preview:large","keywords":"","webmasterTools":{"miscellaneous":""},"schema":{"@context":"https:\/\/schema.org","@graph":[{"@type":"BlogPosting","@id":"https:\/\/www.jornalja.com.br\/arquivo\/servidores-de-fundacoes-se-mobilizam-para-evitar-que-extincoes-se-concretizem\/#blogposting","name":"Servidores de funda\u00e7\u00f5es se mobilizam para evitar que extin\u00e7\u00f5es se concretizem | Arquivo","headline":"Servidores de funda\u00e7\u00f5es se mobilizam para evitar que extin\u00e7\u00f5es se concretizem","author":{"@id":"https:\/\/www.jornalja.com.br\/arquivo\/author\/daredacao\/#author"},"publisher":{"@id":"https:\/\/www.jornalja.com.br\/arquivo\/#organization"},"image":{"@type":"ImageObject","url":42719},"datePublished":"2016-12-26T17:57:10-02:00","dateModified":"2016-12-26T17:57:10-02:00","inLanguage":"pt-BR","mainEntityOfPage":{"@id":"https:\/\/www.jornalja.com.br\/arquivo\/servidores-de-fundacoes-se-mobilizam-para-evitar-que-extincoes-se-concretizem\/#webpage"},"isPartOf":{"@id":"https:\/\/www.jornalja.com.br\/arquivo\/servidores-de-fundacoes-se-mobilizam-para-evitar-que-extincoes-se-concretizem\/#webpage"},"articleSection":"Geral"},{"@type":"BreadcrumbList","@id":"https:\/\/www.jornalja.com.br\/arquivo\/servidores-de-fundacoes-se-mobilizam-para-evitar-que-extincoes-se-concretizem\/#breadcrumblist","itemListElement":[{"@type":"ListItem","@id":"https:\/\/www.jornalja.com.br\/arquivo#listItem","position":1,"name":"Home","item":"https:\/\/www.jornalja.com.br\/arquivo","nextItem":{"@type":"ListItem","@id":"https:\/\/www.jornalja.com.br\/arquivo\/category\/geral\/#listItem","name":"Geral"}},{"@type":"ListItem","@id":"https:\/\/www.jornalja.com.br\/arquivo\/category\/geral\/#listItem","position":2,"name":"Geral","item":"https:\/\/www.jornalja.com.br\/arquivo\/category\/geral\/","nextItem":{"@type":"ListItem","@id":"https:\/\/www.jornalja.com.br\/arquivo\/servidores-de-fundacoes-se-mobilizam-para-evitar-que-extincoes-se-concretizem\/#listItem","name":"Servidores de funda\u00e7\u00f5es se mobilizam para evitar que extin\u00e7\u00f5es se concretizem"},"previousItem":{"@type":"ListItem","@id":"https:\/\/www.jornalja.com.br\/arquivo#listItem","name":"Home"}},{"@type":"ListItem","@id":"https:\/\/www.jornalja.com.br\/arquivo\/servidores-de-fundacoes-se-mobilizam-para-evitar-que-extincoes-se-concretizem\/#listItem","position":3,"name":"Servidores de funda\u00e7\u00f5es se mobilizam para evitar que extin\u00e7\u00f5es se concretizem","previousItem":{"@type":"ListItem","@id":"https:\/\/www.jornalja.com.br\/arquivo\/category\/geral\/#listItem","name":"Geral"}}]},{"@type":"Organization","@id":"https:\/\/www.jornalja.com.br\/arquivo\/#organization","name":"Jornal J\u00c1","description":"Jornal J\u00c1 | Porto Alegre","url":"https:\/\/www.jornalja.com.br\/arquivo\/","telephone":"+555133307272","logo":{"@type":"ImageObject","url":"https:\/\/www.jornalja.com.br\/wp-content\/uploads\/cards\/JAslogan.png","@id":"https:\/\/www.jornalja.com.br\/arquivo\/servidores-de-fundacoes-se-mobilizam-para-evitar-que-extincoes-se-concretizem\/#organizationLogo"},"image":{"@id":"https:\/\/www.jornalja.com.br\/arquivo\/servidores-de-fundacoes-se-mobilizam-para-evitar-que-extincoes-se-concretizem\/#organizationLogo"}},{"@type":"Person","@id":"https:\/\/www.jornalja.com.br\/arquivo\/author\/daredacao\/#author","url":"https:\/\/www.jornalja.com.br\/arquivo\/author\/daredacao\/","name":"da Reda\u00e7\u00e3o","image":{"@type":"ImageObject","@id":"https:\/\/www.jornalja.com.br\/arquivo\/servidores-de-fundacoes-se-mobilizam-para-evitar-que-extincoes-se-concretizem\/#authorImage","url":"https:\/\/secure.gravatar.com\/avatar\/469fd857d6605ad19919d27ed29d35a968a25f6e8fd9318356bbb7f57aae9c65?s=96&d=mm&r=g","width":96,"height":96,"caption":"da Reda\u00e7\u00e3o"}},{"@type":"WebPage","@id":"https:\/\/www.jornalja.com.br\/arquivo\/servidores-de-fundacoes-se-mobilizam-para-evitar-que-extincoes-se-concretizem\/#webpage","url":"https:\/\/www.jornalja.com.br\/arquivo\/servidores-de-fundacoes-se-mobilizam-para-evitar-que-extincoes-se-concretizem\/","name":"Servidores de funda\u00e7\u00f5es se mobilizam para evitar que extin\u00e7\u00f5es se concretizem | Arquivo","inLanguage":"pt-BR","isPartOf":{"@id":"https:\/\/www.jornalja.com.br\/arquivo\/#website"},"breadcrumb":{"@id":"https:\/\/www.jornalja.com.br\/arquivo\/servidores-de-fundacoes-se-mobilizam-para-evitar-que-extincoes-se-concretizem\/#breadcrumblist"},"author":{"@id":"https:\/\/www.jornalja.com.br\/arquivo\/author\/daredacao\/#author"},"creator":{"@id":"https:\/\/www.jornalja.com.br\/arquivo\/author\/daredacao\/#author"},"image":{"@type":"ImageObject","url":42719,"@id":"https:\/\/www.jornalja.com.br\/arquivo\/servidores-de-fundacoes-se-mobilizam-para-evitar-que-extincoes-se-concretizem\/#mainImage"},"primaryImageOfPage":{"@id":"https:\/\/www.jornalja.com.br\/arquivo\/servidores-de-fundacoes-se-mobilizam-para-evitar-que-extincoes-se-concretizem\/#mainImage"},"datePublished":"2016-12-26T17:57:10-02:00","dateModified":"2016-12-26T17:57:10-02:00"},{"@type":"WebSite","@id":"https:\/\/www.jornalja.com.br\/arquivo\/#website","url":"https:\/\/www.jornalja.com.br\/arquivo\/","name":"Arquivo","description":"Jornal J\u00c1 | Porto Alegre","inLanguage":"pt-BR","publisher":{"@id":"https:\/\/www.jornalja.com.br\/arquivo\/#organization"}}]},"og:locale":"pt_BR","og:site_name":"Arquivo | Jornal J\u00c1 | Porto Alegre","og:type":"article","og:title":"Servidores de funda\u00e7\u00f5es se mobilizam para evitar que extin\u00e7\u00f5es se concretizem | Arquivo","og:url":"https:\/\/www.jornalja.com.br\/arquivo\/servidores-de-fundacoes-se-mobilizam-para-evitar-que-extincoes-se-concretizem\/","og:image":"https:\/\/www.jornalja.com.br\/wp-content\/uploads\/2016\/12\/15665817_1530995183583433_5013534679211078501_n-300x169.jpg","og:image:secure_url":"https:\/\/www.jornalja.com.br\/wp-content\/uploads\/2016\/12\/15665817_1530995183583433_5013534679211078501_n-300x169.jpg","article:published_time":"2016-12-26T20:57:10+00:00","article:modified_time":"2016-12-26T20:57:10+00:00","twitter:card":"summary","twitter:title":"Servidores de funda\u00e7\u00f5es se mobilizam para evitar que extin\u00e7\u00f5es se concretizem | Arquivo","twitter:image":"https:\/\/www.jornalja.com.br\/economics\/wp-content\/uploads\/sites\/11\/2026\/08\/ja-folhaderosto-facebook.jpg"},"aioseo_meta_data":{"post_id":"42717","title":null,"description":null,"keywords":null,"keyphrases":null,"primary_term":null,"canonical_url":null,"og_title":null,"og_description":null,"og_object_type":"default","og_image_type":"default","og_image_url":null,"og_image_width":null,"og_image_height":null,"og_image_custom_url":null,"og_image_custom_fields":null,"og_video":null,"og_custom_url":null,"og_article_section":null,"og_article_tags":null,"twitter_use_og":false,"twitter_card":"default","twitter_image_type":"default","twitter_image_url":null,"twitter_image_custom_url":null,"twitter_image_custom_fields":null,"twitter_title":null,"twitter_description":null,"schema":{"blockGraphs":[],"customGraphs":[],"default":{"data":{"Article":[],"Course":[],"Dataset":[],"FAQPage":[],"Movie":[],"Person":[],"Product":[],"ProductReview":[],"Car":[],"Recipe":[],"Service":[],"SoftwareApplication":[],"WebPage":[]},"graphName":"","isEnabled":true},"graphs":[],"defaultGraph":"","defaultPostTypeGraph":""},"schema_type":null,"schema_type_options":null,"pillar_content":false,"robots_default":true,"robots_noindex":false,"robots_noarchive":false,"robots_nosnippet":false,"robots_nofollow":false,"robots_noimageindex":false,"robots_noodp":false,"robots_notranslate":false,"robots_max_snippet":null,"robots_max_videopreview":null,"robots_max_imagepreview":"large","priority":null,"frequency":null,"location":null,"local_seo":null,"breadcrumb_settings":null,"limit_modified_date":false,"ai":null,"created":"2020-12-20 20:43:21","updated":"2025-07-19 19:02:12","seo_analyzer_scan_date":null,"focus_keyword":null,"additional_keywords":null,"truseo_locale":null},"jetpack_sharing_enabled":true,"jetpack-related-posts":[{"id":12960,"url":"https:\/\/www.jornalja.com.br\/arquivo\/populacao-culpa-empresas-pela-greve-dos-rodoviarios\/","url_meta":{"origin":42717,"position":0},"title":"Popula\u00e7\u00e3o culpa empresas pela greve","author":"Patr\u00edcia Marini","date":"14 de fevereiro de 2014","format":false,"excerpt":"Pesquisa divulgada na edi\u00e7\u00e3o do jornal Metro desta sexta-feira,14, comprova o velho ditado: \u00e9 poss\u00edvel enganar muitos por algum tempo, mas n\u00e3o \u00e9 poss\u00edvel enganar a todos o tempo inteiro. A principal revela\u00e7\u00e3o foi que 59,8% dos entrevistados apontaram as empresas como as principais respons\u00e1veis pela grave e 46% culparam\u2026","rel":"","context":"Em &quot;X.Categorias velhas&quot;","block_context":{"text":"X.Categorias velhas","link":"https:\/\/www.jornalja.com.br\/arquivo\/category\/x-categorias-velhas\/"},"img":{"alt_text":"","src":"","width":0,"height":0},"classes":[]},{"id":5440,"url":"https:\/\/www.jornalja.com.br\/arquivo\/casarao-da-venancio-destino-permanece-incerto\/","url_meta":{"origin":42717,"position":1},"title":"Estado ainda n\u00e3o sabe o que fazer com casar\u00e3o abandonado h\u00e1 20 anos","author":"Elmar Bones","date":"6 de julho de 2009","format":false,"excerpt":"O casar\u00e3o amarelo, numa esquina nobre de Porto Alegre (Ven\u00e2ncio Aires com Jo\u00e3o Pessoa), j\u00e1 abrigou uma escola. H\u00e1 duas d\u00e9cadas, pelo menos, est\u00e1 abandonado, porque seu propriet\u00e1rio, o governo do Estado do Rio Grande do Sul, n\u00e3o consegue achar um destino para ele. Planos n\u00e3o faltaram. O governador Ol\u00edvio\u2026","rel":"","context":"Em &quot;X.Categorias velhas&quot;","block_context":{"text":"X.Categorias velhas","link":"https:\/\/www.jornalja.com.br\/arquivo\/category\/x-categorias-velhas\/"},"img":{"alt_text":"geraldo1","src":"https:\/\/i0.wp.com\/www.jornalja.com.br\/wp-content\/uploads\/2009\/07\/geraldo1.jpg?resize=350%2C200&ssl=1","width":350,"height":200},"classes":[]},{"id":13240,"url":"https:\/\/www.jornalja.com.br\/arquivo\/plano-diretor-estamos-construindo-o-caos\/","url_meta":{"origin":42717,"position":2},"title":"Plano diretor: &quot;Estamos construindo o caos&quot;","author":"Patr\u00edcia Marini","date":"26 de maio de 2014","format":false,"excerpt":"Desabafo que arquiteta Eliana Castilhos, delegada da Regi\u00e3o de Planejamento 1, postou nas redes sociais \u00e9 um testemunho do ambiente que se criou no Conselho do Plano Diretor de Porto Alegre, onde a aprova\u00e7\u00e3o de grandes empreendimentos \u00e9 empurrada guela abaixo dos conselheiros. Ao CMDUA Como delegada da Regi\u00e3o de\u2026","rel":"","context":"Em &quot;Geral&quot;","block_context":{"text":"Geral","link":"https:\/\/www.jornalja.com.br\/arquivo\/category\/geral\/"},"img":{"alt_text":"","src":"","width":0,"height":0},"classes":[]},{"id":13101,"url":"https:\/\/www.jornalja.com.br\/arquivo\/morre-um-guerreiro-do-texto\/","url_meta":{"origin":42717,"position":3},"title":"Morre um guerreiro do texto","author":"Patr\u00edcia Marini","date":"14 de maio de 2014","format":false,"excerpt":"Por Ricardo Kotscho Reproduzido do blog do autor, 11\/5\/2014; t\u00edtulo original \u201cE l\u00e1 se foi o nosso Myltainho, guerreiro do texto\u201d. Mi\u00fado e franzino, meu amigo Myltainho era um valente e inconformado guerreiro na luta contra as injusti\u00e7as sociais, a hipocrisia, as maracutaias, o autoritarismo, a intoler\u00e2ncia, a viol\u00eancia, o\u2026","rel":"","context":"Em &quot;Geral&quot;","block_context":{"text":"Geral","link":"https:\/\/www.jornalja.com.br\/arquivo\/category\/geral\/"},"img":{"alt_text":"","src":"","width":0,"height":0},"classes":[]},{"id":13124,"url":"https:\/\/www.jornalja.com.br\/arquivo\/sangue-latino-no-iecine\/","url_meta":{"origin":42717,"position":4},"title":"Sangue latino no IECINE","author":"da Reda\u00e7\u00e3o","date":"18 de maio de 2014","format":false,"excerpt":"Francisco Ribeiro O Instituto Estadual de Cinema (IECINE) tem a frente, desde abril \u00faltimo, um novo diretor, o cineasta colombiano Juan Zapata, 36, que substitui Luiz Alberto Cassol. Radicado h\u00e1 dez anos em Porto Alegre, Zapata tem diante de si o desafio de conduzir at\u00e9 o final do ano um\u2026","rel":"","context":"Em &quot;Cultura-Geral&quot;","block_context":{"text":"Cultura-Geral","link":"https:\/\/www.jornalja.com.br\/arquivo\/category\/materiasecundaria\/"},"img":{"alt_text":"","src":"","width":0,"height":0},"classes":[]},{"id":13239,"url":"https:\/\/www.jornalja.com.br\/arquivo\/conselho-desdenha-do-plano-diretor\/","url_meta":{"origin":42717,"position":5},"title":"Porto Alegre: Conselho detona Plano Diretor","author":"Patr\u00edcia Marini","date":"25 de maio de 2014","format":false,"excerpt":"Den\u00fancia do arquiteto e \u00a0urbanista Ibir\u00e1 Santos Lucas. Ele diz que os conselheiros est\u00e3o votando com \"enorme irresponsabilidade\". \"Mudam regime com a maior naturalidade,,,regularizam absurdos de constru\u00e7\u00f5es irregulares... \"O CMDUA est\u00e1 flexibilizando a lei do plano diretor, de uma forma impactante na vida da cidade. Mudam regime com a maior\u2026","rel":"","context":"Em &quot;Geral&quot;","block_context":{"text":"Geral","link":"https:\/\/www.jornalja.com.br\/arquivo\/category\/geral\/"},"img":{"alt_text":"","src":"","width":0,"height":0},"classes":[]}],"jetpack_shortlink":"https:\/\/wp.me\/pbQjBd-b6Z","jetpack_featured_media_url":"","_links":{"self":[{"href":"https:\/\/www.jornalja.com.br\/arquivo\/wp-json\/wp\/v2\/posts\/42717","targetHints":{"allow":["GET"]}}],"collection":[{"href":"https:\/\/www.jornalja.com.br\/arquivo\/wp-json\/wp\/v2\/posts"}],"about":[{"href":"https:\/\/www.jornalja.com.br\/arquivo\/wp-json\/wp\/v2\/types\/post"}],"author":[{"embeddable":true,"href":"https:\/\/www.jornalja.com.br\/arquivo\/wp-json\/wp\/v2\/users\/4"}],"replies":[{"embeddable":true,"href":"https:\/\/www.jornalja.com.br\/arquivo\/wp-json\/wp\/v2\/comments?post=42717"}],"version-history":[{"count":0,"href":"https:\/\/www.jornalja.com.br\/arquivo\/wp-json\/wp\/v2\/posts\/42717\/revisions"}],"wp:attachment":[{"href":"https:\/\/www.jornalja.com.br\/arquivo\/wp-json\/wp\/v2\/media?parent=42717"}],"wp:term":[{"taxonomy":"category","embeddable":true,"href":"https:\/\/www.jornalja.com.br\/arquivo\/wp-json\/wp\/v2\/categories?post=42717"},{"taxonomy":"post_tag","embeddable":true,"href":"https:\/\/www.jornalja.com.br\/arquivo\/wp-json\/wp\/v2\/tags?post=42717"}],"curies":[{"name":"wp","href":"https:\/\/api.w.org\/{rel}","templated":true}]}}