{"id":42770,"date":"2017-01-01T19:45:45","date_gmt":"2017-01-01T22:45:45","guid":{"rendered":"https:\/\/www.jornalja.com.br\/?p=42770"},"modified":"2017-01-01T19:45:45","modified_gmt":"2017-01-01T22:45:45","slug":"grupos-artisticos-da-usina-do-gasometro-levam-calote-de-fortunati","status":"publish","type":"post","link":"https:\/\/www.jornalja.com.br\/arquivo\/grupos-artisticos-da-usina-do-gasometro-levam-calote-de-fortunati\/","title":{"rendered":"Grupos art\u00edsticos da Usina do Gas\u00f4metro levam calote de Fortunati"},"content":{"rendered":"<header class=\"entry-header\">\n<h1 class=\"entry-title\"><\/h1>\n<\/header>\n<div class=\"entry-content\">\nO prefeito Jos\u00e9 Fortunati deixou aberta uma d\u00edvida de R$ 52 milh\u00f5es de reais com os grupos residentes da Usina do Gas\u00f4metro, segundo levantamento publicado em 29 de dezembro pelo <strong>Dossi\u00ea Palcos P\u00fablicos<\/strong>, um trabalho de reportagem que vem foi viabilizado por financiamento coletivo no Catarse. Os pagamentos s\u00e3o parte das atribui\u00e7\u00f5es do poder Executivo com os vencedores do edital Usina das Artes, cujos contratos de 2016 iniciaram em junho.<br \/>\nInforma\u00e7\u00f5es do Sindicato dos Artistas e T\u00e9cnicos de Espet\u00e1culos de Divers\u00f5es do Rio Grande do Sul (Sated-RS), confirmadas pela dire\u00e7\u00e3o da Usina do Gas\u00f4metro, mostram que a Prefeitura quitou apenas 17 das 46 notas fiscais emitidas pelos grupos \u2013 portanto, 29 parcelas, de R$ 1,8 mil cada, ficam para a pr\u00f3xima gest\u00e3o. \u00c9 quase 70% do total prometido pelo edital.<br \/>\nA maior d\u00edvida \u00e9 com a companhia de Flamenco Silvia Canarim, que recebeu apenas um pagamento ao longo da vig\u00eancia do edital. O valor devido \u00e9 de R$ 9 mil. J\u00e1 a Cambada de Teatro Levanta Favela tem a receber ainda uma parcela, entre as notas emitidas, no valor de R$ 1,8 mil.<br \/>\nO secret\u00e1rio de Cultura no governo Fortunati, Roque Jacoby, informou que todos os encaminhamentos poss\u00edveis j\u00e1 foram feitos pela Secretaria Municipal de Cultura, e que o assunto agora est\u00e1 nas m\u00e3os das secretarias do Planejamento e da Fazenda.<br \/>\nUm dos grupos do projeto, a Eduardo Severino Cia de Dan\u00e7a, relata que est\u00e1 h\u00e1 seis meses sem receber a ajuda de custo prevista. \u201cNo entanto, continuamos cumprindo com todas atividades art\u00edsticas que propusemos para o edital\u201d, destaca o bailarino e core\u00f3grafo Eduardo Severino.<br \/>\nPara suprir essa car\u00eancia, a companhia conta com doa\u00e7\u00f5es de papel higi\u00eanico, l\u00e2mpadas, material de limpeza, \u00e1gua pot\u00e1vel e fita para lin\u00f3leo. \u201cIsso de certa maneira nos sobrecarrega, sobretudo quando n\u00e3o recebemos a ajuda de custo para administrar e desenvolver nosso trabalho art\u00edstico\u201d, lamenta o bailarino.<br \/>\n<img loading=\"lazy\" decoding=\"async\" class=\"alignnone size-full wp-image-42772\" src=\"https:\/\/www.jornalja.com.br\/wp-content\/uploads\/2017\/01\/usina-pagamentos-aos-grupos-artisticos.jpg\" alt=\"usina-pagamentos-aos-grupos-artisticos\" width=\"496\" height=\"315\" \/><br \/>\n<b>Limpeza e seguran\u00e7a tamb\u00e9m foram reduzidas<\/b><br \/>\nAl\u00e9m de <a href=\"http:\/\/palcospublicospoa.wordpress.com\/2016\/12\/24\/usina-do-gasometro-se-mantem-ativa-pelo-esforco-dos-grupos\/\">problemas j\u00e1 relatados anteriormente<\/a> \u2013 como a falta de ar-condicionado, cuja manuten\u00e7\u00e3o n\u00e3o \u00e9 feita h\u00e1 tr\u00eas anos \u2013 os grupos se preocupam com a redu\u00e7\u00e3o nas equipes de limpeza e seguran\u00e7a do edif\u00edcio.<br \/>\nSegundo Severino, \u201co quadro de limpeza foi enxugado\u201d, e hoje h\u00e1 apenas quatro pessoas para limpar todas as salas e demais depend\u00eancias do Gas\u00f4metro.<br \/>\nNa seguran\u00e7a, s\u00e3o apenas dois guardas municipais para cuidar de tudo. \u201cAquele lugar virou terra de ningu\u00e9m. Temos sorte de n\u00e3o ter acontecido algo pior l\u00e1 dentro\u201d, completa.<br \/>\n<b>Novo edital ficou mesmo para 2017<\/b><br \/>\nOutro <a href=\"http:\/\/palcospublicospoa.wordpress.com\/2016\/11\/09\/prefeitura-deixa-edital-do-usina-das-artes-para-a-proxima-gestao\/\">temor da classe art\u00edstica de Porto Alegre se confirmou<\/a> neste final de ano: a pr\u00f3xima chamada para o Usina das Artes ficou mesmo para 2017, rompendo com uma regra adotada desde o in\u00edcio do projeto de lan\u00e7ar sempre o edital seguinte no final do ano anterior ao de sua vig\u00eancia.<br \/>\nEmbora a Secretaria Municipal da Cultura <a href=\"http:\/\/palcospublicospoa.wordpress.com\/2016\/11\/14\/secretaria-garante-continuidade-de-acoes-culturais-durante-reforma-da-usina\/\">j\u00e1 tenha garantido a continuidade de todas as a\u00e7\u00f5es culturais<\/a> atualmente abrigadas na Usina do Gas\u00f4metro \u2013 inclusive com a entrega de estudos para realoca\u00e7\u00e3o dos grupos durante a j\u00e1 anunciada reforma do espa\u00e7o \u2013 os artistas tem motivos para desconfiar.<br \/>\nConforme o edital atualmente em vigor, os dez grupos contemplados tem garantia de perman\u00eancia na Usina do Gas\u00f4metro at\u00e9 o dia 31 de maio de 2017. E segundo a previs\u00e3o do diretor do espa\u00e7o, Renato Wieniewski, as obras devem come\u00e7ar \u201cno meio do ano\u201d, com previs\u00e3o de entrega de 12 a 18 meses depois. Ou seja, a vig\u00eancia do atual edital vai coincidir com a data em que a Usina do Gas\u00f4metro ser\u00e1 fechada para reformas.\n<\/div>\n","protected":false},"excerpt":{"rendered":"<p>O prefeito Jos\u00e9 Fortunati deixou aberta uma d\u00edvida de R$ 52 milh\u00f5es de reais com os grupos residentes da Usina do Gas\u00f4metro, segundo levantamento publicado em 29 de dezembro pelo Dossi\u00ea Palcos P\u00fablicos, um trabalho de reportagem que vem foi viabilizado por financiamento coletivo no Catarse. Os pagamentos s\u00e3o parte das atribui\u00e7\u00f5es do poder Executivo [&hellip;]<\/p>\n","protected":false},"author":4,"featured_media":42771,"comment_status":"open","ping_status":"closed","sticky":false,"template":"","format":"standard","meta":{"_jetpack_newsletter_access":"","_jetpack_dont_email_post_to_subs":false,"_jetpack_newsletter_tier_id":0,"_jetpack_memberships_contains_paywalled_content":false,"_jetpack_feature_clip_id":0,"_jetpack_memberships_contains_paid_content":false,"footnotes":"","jetpack_post_was_ever_published":false},"categories":[11],"tags":[],"class_list":["post-42770","post","type-post","status-publish","format-standard","has-post-thumbnail","hentry","category-materiasecundaria"],"aioseo_notices":[],"aioseo_head":"\n\t\t<!-- All in One SEO 5.0.1.1 - aioseo.com -->\n\t<meta name=\"robots\" content=\"max-image-preview:large\" \/>\n\t<meta name=\"author\" content=\"da Reda\u00e7\u00e3o\"\/>\n\t<link rel=\"canonical\" href=\"https:\/\/www.jornalja.com.br\/arquivo\/grupos-artisticos-da-usina-do-gasometro-levam-calote-de-fortunati\/\" \/>\n\t<meta name=\"generator\" content=\"All in One SEO (AIOSEO) 5.0.1.1\" \/>\n\t\t<meta property=\"og:locale\" content=\"pt_BR\" \/>\n\t\t<meta property=\"og:site_name\" content=\"Arquivo | Jornal J\u00c1 | Porto Alegre\" \/>\n\t\t<meta property=\"og:type\" content=\"article\" \/>\n\t\t<meta property=\"og:title\" content=\"Grupos art\u00edsticos da Usina do Gas\u00f4metro levam calote de Fortunati | Arquivo\" \/>\n\t\t<meta property=\"og:url\" content=\"https:\/\/www.jornalja.com.br\/arquivo\/grupos-artisticos-da-usina-do-gasometro-levam-calote-de-fortunati\/\" \/>\n\t\t<meta property=\"og:image\" content=\"https:\/\/www.jornalja.com.br\/wp-content\/uploads\/2017\/01\/usina-pagamentos-aos-grupos-artisticos.jpg\" \/>\n\t\t<meta property=\"og:image:secure_url\" content=\"https:\/\/www.jornalja.com.br\/wp-content\/uploads\/2017\/01\/usina-pagamentos-aos-grupos-artisticos.jpg\" \/>\n\t\t<meta property=\"article:published_time\" content=\"2017-01-01T22:45:45+00:00\" \/>\n\t\t<meta property=\"article:modified_time\" content=\"2017-01-01T22:45:45+00:00\" \/>\n\t\t<meta name=\"twitter:card\" content=\"summary\" \/>\n\t\t<meta name=\"twitter:title\" content=\"Grupos art\u00edsticos da Usina do Gas\u00f4metro levam calote de Fortunati | Arquivo\" \/>\n\t\t<meta name=\"twitter:image\" content=\"https:\/\/www.jornalja.com.br\/economics\/wp-content\/uploads\/sites\/11\/2026\/08\/ja-folhaderosto-facebook.jpg\" \/>\n\t\t<script type=\"application\/ld+json\" class=\"aioseo-schema\">\n\t\t\t{\"@context\":\"https:\\\/\\\/schema.org\",\"@graph\":[{\"@type\":\"BlogPosting\",\"@id\":\"https:\\\/\\\/www.jornalja.com.br\\\/arquivo\\\/grupos-artisticos-da-usina-do-gasometro-levam-calote-de-fortunati\\\/#blogposting\",\"name\":\"Grupos art\\u00edsticos da Usina do Gas\\u00f4metro levam calote de Fortunati | Arquivo\",\"headline\":\"Grupos art\\u00edsticos da Usina do Gas\\u00f4metro levam calote de Fortunati\",\"author\":{\"@id\":\"https:\\\/\\\/www.jornalja.com.br\\\/arquivo\\\/author\\\/daredacao\\\/#author\"},\"publisher\":{\"@id\":\"https:\\\/\\\/www.jornalja.com.br\\\/arquivo\\\/#organization\"},\"image\":{\"@type\":\"ImageObject\",\"url\":42771},\"datePublished\":\"2017-01-01T19:45:45-02:00\",\"dateModified\":\"2017-01-01T19:45:45-02:00\",\"inLanguage\":\"pt-BR\",\"commentCount\":1,\"mainEntityOfPage\":{\"@id\":\"https:\\\/\\\/www.jornalja.com.br\\\/arquivo\\\/grupos-artisticos-da-usina-do-gasometro-levam-calote-de-fortunati\\\/#webpage\"},\"isPartOf\":{\"@id\":\"https:\\\/\\\/www.jornalja.com.br\\\/arquivo\\\/grupos-artisticos-da-usina-do-gasometro-levam-calote-de-fortunati\\\/#webpage\"},\"articleSection\":\"Cultura-Geral\"},{\"@type\":\"BreadcrumbList\",\"@id\":\"https:\\\/\\\/www.jornalja.com.br\\\/arquivo\\\/grupos-artisticos-da-usina-do-gasometro-levam-calote-de-fortunati\\\/#breadcrumblist\",\"itemListElement\":[{\"@type\":\"ListItem\",\"@id\":\"https:\\\/\\\/www.jornalja.com.br\\\/arquivo#listItem\",\"position\":1,\"name\":\"Home\",\"item\":\"https:\\\/\\\/www.jornalja.com.br\\\/arquivo\",\"nextItem\":{\"@type\":\"ListItem\",\"@id\":\"https:\\\/\\\/www.jornalja.com.br\\\/arquivo\\\/category\\\/materiasecundaria\\\/#listItem\",\"name\":\"Cultura-Geral\"}},{\"@type\":\"ListItem\",\"@id\":\"https:\\\/\\\/www.jornalja.com.br\\\/arquivo\\\/category\\\/materiasecundaria\\\/#listItem\",\"position\":2,\"name\":\"Cultura-Geral\",\"item\":\"https:\\\/\\\/www.jornalja.com.br\\\/arquivo\\\/category\\\/materiasecundaria\\\/\",\"nextItem\":{\"@type\":\"ListItem\",\"@id\":\"https:\\\/\\\/www.jornalja.com.br\\\/arquivo\\\/grupos-artisticos-da-usina-do-gasometro-levam-calote-de-fortunati\\\/#listItem\",\"name\":\"Grupos art\\u00edsticos da Usina do Gas\\u00f4metro levam calote de Fortunati\"},\"previousItem\":{\"@type\":\"ListItem\",\"@id\":\"https:\\\/\\\/www.jornalja.com.br\\\/arquivo#listItem\",\"name\":\"Home\"}},{\"@type\":\"ListItem\",\"@id\":\"https:\\\/\\\/www.jornalja.com.br\\\/arquivo\\\/grupos-artisticos-da-usina-do-gasometro-levam-calote-de-fortunati\\\/#listItem\",\"position\":3,\"name\":\"Grupos art\\u00edsticos da Usina do Gas\\u00f4metro levam calote de Fortunati\",\"previousItem\":{\"@type\":\"ListItem\",\"@id\":\"https:\\\/\\\/www.jornalja.com.br\\\/arquivo\\\/category\\\/materiasecundaria\\\/#listItem\",\"name\":\"Cultura-Geral\"}}]},{\"@type\":\"Organization\",\"@id\":\"https:\\\/\\\/www.jornalja.com.br\\\/arquivo\\\/#organization\",\"name\":\"Jornal J\\u00c1\",\"description\":\"Jornal J\\u00c1 | Porto Alegre\",\"url\":\"https:\\\/\\\/www.jornalja.com.br\\\/arquivo\\\/\",\"telephone\":\"+555133307272\",\"logo\":{\"@type\":\"ImageObject\",\"url\":\"https:\\\/\\\/www.jornalja.com.br\\\/wp-content\\\/uploads\\\/cards\\\/JAslogan.png\",\"@id\":\"https:\\\/\\\/www.jornalja.com.br\\\/arquivo\\\/grupos-artisticos-da-usina-do-gasometro-levam-calote-de-fortunati\\\/#organizationLogo\"},\"image\":{\"@id\":\"https:\\\/\\\/www.jornalja.com.br\\\/arquivo\\\/grupos-artisticos-da-usina-do-gasometro-levam-calote-de-fortunati\\\/#organizationLogo\"}},{\"@type\":\"Person\",\"@id\":\"https:\\\/\\\/www.jornalja.com.br\\\/arquivo\\\/author\\\/daredacao\\\/#author\",\"url\":\"https:\\\/\\\/www.jornalja.com.br\\\/arquivo\\\/author\\\/daredacao\\\/\",\"name\":\"da Reda\\u00e7\\u00e3o\",\"image\":{\"@type\":\"ImageObject\",\"@id\":\"https:\\\/\\\/www.jornalja.com.br\\\/arquivo\\\/grupos-artisticos-da-usina-do-gasometro-levam-calote-de-fortunati\\\/#authorImage\",\"url\":\"https:\\\/\\\/secure.gravatar.com\\\/avatar\\\/469fd857d6605ad19919d27ed29d35a968a25f6e8fd9318356bbb7f57aae9c65?s=96&d=mm&r=g\",\"width\":96,\"height\":96,\"caption\":\"da Reda\\u00e7\\u00e3o\"}},{\"@type\":\"WebPage\",\"@id\":\"https:\\\/\\\/www.jornalja.com.br\\\/arquivo\\\/grupos-artisticos-da-usina-do-gasometro-levam-calote-de-fortunati\\\/#webpage\",\"url\":\"https:\\\/\\\/www.jornalja.com.br\\\/arquivo\\\/grupos-artisticos-da-usina-do-gasometro-levam-calote-de-fortunati\\\/\",\"name\":\"Grupos art\\u00edsticos da Usina do Gas\\u00f4metro levam calote de Fortunati | Arquivo\",\"inLanguage\":\"pt-BR\",\"isPartOf\":{\"@id\":\"https:\\\/\\\/www.jornalja.com.br\\\/arquivo\\\/#website\"},\"breadcrumb\":{\"@id\":\"https:\\\/\\\/www.jornalja.com.br\\\/arquivo\\\/grupos-artisticos-da-usina-do-gasometro-levam-calote-de-fortunati\\\/#breadcrumblist\"},\"author\":{\"@id\":\"https:\\\/\\\/www.jornalja.com.br\\\/arquivo\\\/author\\\/daredacao\\\/#author\"},\"creator\":{\"@id\":\"https:\\\/\\\/www.jornalja.com.br\\\/arquivo\\\/author\\\/daredacao\\\/#author\"},\"image\":{\"@type\":\"ImageObject\",\"url\":42771,\"@id\":\"https:\\\/\\\/www.jornalja.com.br\\\/arquivo\\\/grupos-artisticos-da-usina-do-gasometro-levam-calote-de-fortunati\\\/#mainImage\"},\"primaryImageOfPage\":{\"@id\":\"https:\\\/\\\/www.jornalja.com.br\\\/arquivo\\\/grupos-artisticos-da-usina-do-gasometro-levam-calote-de-fortunati\\\/#mainImage\"},\"datePublished\":\"2017-01-01T19:45:45-02:00\",\"dateModified\":\"2017-01-01T19:45:45-02:00\"},{\"@type\":\"WebSite\",\"@id\":\"https:\\\/\\\/www.jornalja.com.br\\\/arquivo\\\/#website\",\"url\":\"https:\\\/\\\/www.jornalja.com.br\\\/arquivo\\\/\",\"name\":\"Arquivo\",\"description\":\"Jornal J\\u00c1 | Porto Alegre\",\"inLanguage\":\"pt-BR\",\"publisher\":{\"@id\":\"https:\\\/\\\/www.jornalja.com.br\\\/arquivo\\\/#organization\"}}]}\n\t\t<\/script>\n\t\t<!-- All in One SEO -->\n\n","aioseo_head_json":{"title":"Grupos art\u00edsticos da Usina do Gas\u00f4metro levam calote de Fortunati | Arquivo","description":"","canonical_url":"https:\/\/www.jornalja.com.br\/arquivo\/grupos-artisticos-da-usina-do-gasometro-levam-calote-de-fortunati\/","robots":"max-image-preview:large","keywords":"","webmasterTools":{"miscellaneous":""},"schema":{"@context":"https:\/\/schema.org","@graph":[{"@type":"BlogPosting","@id":"https:\/\/www.jornalja.com.br\/arquivo\/grupos-artisticos-da-usina-do-gasometro-levam-calote-de-fortunati\/#blogposting","name":"Grupos art\u00edsticos da Usina do Gas\u00f4metro levam calote de Fortunati | Arquivo","headline":"Grupos art\u00edsticos da Usina do Gas\u00f4metro levam calote de Fortunati","author":{"@id":"https:\/\/www.jornalja.com.br\/arquivo\/author\/daredacao\/#author"},"publisher":{"@id":"https:\/\/www.jornalja.com.br\/arquivo\/#organization"},"image":{"@type":"ImageObject","url":42771},"datePublished":"2017-01-01T19:45:45-02:00","dateModified":"2017-01-01T19:45:45-02:00","inLanguage":"pt-BR","commentCount":1,"mainEntityOfPage":{"@id":"https:\/\/www.jornalja.com.br\/arquivo\/grupos-artisticos-da-usina-do-gasometro-levam-calote-de-fortunati\/#webpage"},"isPartOf":{"@id":"https:\/\/www.jornalja.com.br\/arquivo\/grupos-artisticos-da-usina-do-gasometro-levam-calote-de-fortunati\/#webpage"},"articleSection":"Cultura-Geral"},{"@type":"BreadcrumbList","@id":"https:\/\/www.jornalja.com.br\/arquivo\/grupos-artisticos-da-usina-do-gasometro-levam-calote-de-fortunati\/#breadcrumblist","itemListElement":[{"@type":"ListItem","@id":"https:\/\/www.jornalja.com.br\/arquivo#listItem","position":1,"name":"Home","item":"https:\/\/www.jornalja.com.br\/arquivo","nextItem":{"@type":"ListItem","@id":"https:\/\/www.jornalja.com.br\/arquivo\/category\/materiasecundaria\/#listItem","name":"Cultura-Geral"}},{"@type":"ListItem","@id":"https:\/\/www.jornalja.com.br\/arquivo\/category\/materiasecundaria\/#listItem","position":2,"name":"Cultura-Geral","item":"https:\/\/www.jornalja.com.br\/arquivo\/category\/materiasecundaria\/","nextItem":{"@type":"ListItem","@id":"https:\/\/www.jornalja.com.br\/arquivo\/grupos-artisticos-da-usina-do-gasometro-levam-calote-de-fortunati\/#listItem","name":"Grupos art\u00edsticos da Usina do Gas\u00f4metro levam calote de Fortunati"},"previousItem":{"@type":"ListItem","@id":"https:\/\/www.jornalja.com.br\/arquivo#listItem","name":"Home"}},{"@type":"ListItem","@id":"https:\/\/www.jornalja.com.br\/arquivo\/grupos-artisticos-da-usina-do-gasometro-levam-calote-de-fortunati\/#listItem","position":3,"name":"Grupos art\u00edsticos da Usina do Gas\u00f4metro levam calote de Fortunati","previousItem":{"@type":"ListItem","@id":"https:\/\/www.jornalja.com.br\/arquivo\/category\/materiasecundaria\/#listItem","name":"Cultura-Geral"}}]},{"@type":"Organization","@id":"https:\/\/www.jornalja.com.br\/arquivo\/#organization","name":"Jornal J\u00c1","description":"Jornal J\u00c1 | Porto Alegre","url":"https:\/\/www.jornalja.com.br\/arquivo\/","telephone":"+555133307272","logo":{"@type":"ImageObject","url":"https:\/\/www.jornalja.com.br\/wp-content\/uploads\/cards\/JAslogan.png","@id":"https:\/\/www.jornalja.com.br\/arquivo\/grupos-artisticos-da-usina-do-gasometro-levam-calote-de-fortunati\/#organizationLogo"},"image":{"@id":"https:\/\/www.jornalja.com.br\/arquivo\/grupos-artisticos-da-usina-do-gasometro-levam-calote-de-fortunati\/#organizationLogo"}},{"@type":"Person","@id":"https:\/\/www.jornalja.com.br\/arquivo\/author\/daredacao\/#author","url":"https:\/\/www.jornalja.com.br\/arquivo\/author\/daredacao\/","name":"da Reda\u00e7\u00e3o","image":{"@type":"ImageObject","@id":"https:\/\/www.jornalja.com.br\/arquivo\/grupos-artisticos-da-usina-do-gasometro-levam-calote-de-fortunati\/#authorImage","url":"https:\/\/secure.gravatar.com\/avatar\/469fd857d6605ad19919d27ed29d35a968a25f6e8fd9318356bbb7f57aae9c65?s=96&d=mm&r=g","width":96,"height":96,"caption":"da Reda\u00e7\u00e3o"}},{"@type":"WebPage","@id":"https:\/\/www.jornalja.com.br\/arquivo\/grupos-artisticos-da-usina-do-gasometro-levam-calote-de-fortunati\/#webpage","url":"https:\/\/www.jornalja.com.br\/arquivo\/grupos-artisticos-da-usina-do-gasometro-levam-calote-de-fortunati\/","name":"Grupos art\u00edsticos da Usina do Gas\u00f4metro levam calote de Fortunati | Arquivo","inLanguage":"pt-BR","isPartOf":{"@id":"https:\/\/www.jornalja.com.br\/arquivo\/#website"},"breadcrumb":{"@id":"https:\/\/www.jornalja.com.br\/arquivo\/grupos-artisticos-da-usina-do-gasometro-levam-calote-de-fortunati\/#breadcrumblist"},"author":{"@id":"https:\/\/www.jornalja.com.br\/arquivo\/author\/daredacao\/#author"},"creator":{"@id":"https:\/\/www.jornalja.com.br\/arquivo\/author\/daredacao\/#author"},"image":{"@type":"ImageObject","url":42771,"@id":"https:\/\/www.jornalja.com.br\/arquivo\/grupos-artisticos-da-usina-do-gasometro-levam-calote-de-fortunati\/#mainImage"},"primaryImageOfPage":{"@id":"https:\/\/www.jornalja.com.br\/arquivo\/grupos-artisticos-da-usina-do-gasometro-levam-calote-de-fortunati\/#mainImage"},"datePublished":"2017-01-01T19:45:45-02:00","dateModified":"2017-01-01T19:45:45-02:00"},{"@type":"WebSite","@id":"https:\/\/www.jornalja.com.br\/arquivo\/#website","url":"https:\/\/www.jornalja.com.br\/arquivo\/","name":"Arquivo","description":"Jornal J\u00c1 | Porto Alegre","inLanguage":"pt-BR","publisher":{"@id":"https:\/\/www.jornalja.com.br\/arquivo\/#organization"}}]},"og:locale":"pt_BR","og:site_name":"Arquivo | Jornal J\u00c1 | Porto Alegre","og:type":"article","og:title":"Grupos art\u00edsticos da Usina do Gas\u00f4metro levam calote de Fortunati | Arquivo","og:url":"https:\/\/www.jornalja.com.br\/arquivo\/grupos-artisticos-da-usina-do-gasometro-levam-calote-de-fortunati\/","og:image":"https:\/\/www.jornalja.com.br\/wp-content\/uploads\/2017\/01\/usina-pagamentos-aos-grupos-artisticos.jpg","og:image:secure_url":"https:\/\/www.jornalja.com.br\/wp-content\/uploads\/2017\/01\/usina-pagamentos-aos-grupos-artisticos.jpg","article:published_time":"2017-01-01T22:45:45+00:00","article:modified_time":"2017-01-01T22:45:45+00:00","twitter:card":"summary","twitter:title":"Grupos art\u00edsticos da Usina do Gas\u00f4metro levam calote de Fortunati | Arquivo","twitter:image":"https:\/\/www.jornalja.com.br\/economics\/wp-content\/uploads\/sites\/11\/2026\/08\/ja-folhaderosto-facebook.jpg"},"aioseo_meta_data":{"post_id":"42770","title":null,"description":null,"keywords":null,"keyphrases":null,"primary_term":null,"canonical_url":null,"og_title":null,"og_description":null,"og_object_type":"default","og_image_type":"default","og_image_url":null,"og_image_width":null,"og_image_height":null,"og_image_custom_url":null,"og_image_custom_fields":null,"og_video":null,"og_custom_url":null,"og_article_section":null,"og_article_tags":null,"twitter_use_og":false,"twitter_card":"default","twitter_image_type":"default","twitter_image_url":null,"twitter_image_custom_url":null,"twitter_image_custom_fields":null,"twitter_title":null,"twitter_description":null,"schema":{"blockGraphs":[],"customGraphs":[],"default":{"data":{"Article":[],"Course":[],"Dataset":[],"FAQPage":[],"Movie":[],"Person":[],"Product":[],"ProductReview":[],"Car":[],"Recipe":[],"Service":[],"SoftwareApplication":[],"WebPage":[]},"graphName":"","isEnabled":true},"graphs":[],"defaultGraph":"","defaultPostTypeGraph":""},"schema_type":null,"schema_type_options":null,"pillar_content":false,"robots_default":true,"robots_noindex":false,"robots_noarchive":false,"robots_nosnippet":false,"robots_nofollow":false,"robots_noimageindex":false,"robots_noodp":false,"robots_notranslate":false,"robots_max_snippet":null,"robots_max_videopreview":null,"robots_max_imagepreview":"large","priority":null,"frequency":null,"location":null,"local_seo":null,"breadcrumb_settings":null,"limit_modified_date":false,"ai":null,"created":"2020-12-20 20:43:21","updated":"2025-07-19 19:02:55","seo_analyzer_scan_date":null,"focus_keyword":null,"additional_keywords":null,"truseo_locale":null},"jetpack_sharing_enabled":true,"jetpack-related-posts":[{"id":13240,"url":"https:\/\/www.jornalja.com.br\/arquivo\/plano-diretor-estamos-construindo-o-caos\/","url_meta":{"origin":42770,"position":0},"title":"Plano diretor: &quot;Estamos construindo o caos&quot;","author":"Patr\u00edcia Marini","date":"26 de maio de 2014","format":false,"excerpt":"Desabafo que arquiteta Eliana Castilhos, delegada da Regi\u00e3o de Planejamento 1, postou nas redes sociais \u00e9 um testemunho do ambiente que se criou no Conselho do Plano Diretor de Porto Alegre, onde a aprova\u00e7\u00e3o de grandes empreendimentos \u00e9 empurrada guela abaixo dos conselheiros. Ao CMDUA Como delegada da Regi\u00e3o de\u2026","rel":"","context":"Em &quot;Geral&quot;","block_context":{"text":"Geral","link":"https:\/\/www.jornalja.com.br\/arquivo\/category\/geral\/"},"img":{"alt_text":"","src":"","width":0,"height":0},"classes":[]},{"id":5440,"url":"https:\/\/www.jornalja.com.br\/arquivo\/casarao-da-venancio-destino-permanece-incerto\/","url_meta":{"origin":42770,"position":1},"title":"Estado ainda n\u00e3o sabe o que fazer com casar\u00e3o abandonado h\u00e1 20 anos","author":"Elmar Bones","date":"6 de julho de 2009","format":false,"excerpt":"O casar\u00e3o amarelo, numa esquina nobre de Porto Alegre (Ven\u00e2ncio Aires com Jo\u00e3o Pessoa), j\u00e1 abrigou uma escola. H\u00e1 duas d\u00e9cadas, pelo menos, est\u00e1 abandonado, porque seu propriet\u00e1rio, o governo do Estado do Rio Grande do Sul, n\u00e3o consegue achar um destino para ele. Planos n\u00e3o faltaram. O governador Ol\u00edvio\u2026","rel":"","context":"Em &quot;X.Categorias velhas&quot;","block_context":{"text":"X.Categorias velhas","link":"https:\/\/www.jornalja.com.br\/arquivo\/category\/x-categorias-velhas\/"},"img":{"alt_text":"geraldo1","src":"https:\/\/i0.wp.com\/www.jornalja.com.br\/wp-content\/uploads\/2009\/07\/geraldo1.jpg?resize=350%2C200&ssl=1","width":350,"height":200},"classes":[]},{"id":13124,"url":"https:\/\/www.jornalja.com.br\/arquivo\/sangue-latino-no-iecine\/","url_meta":{"origin":42770,"position":2},"title":"Sangue latino no IECINE","author":"da Reda\u00e7\u00e3o","date":"18 de maio de 2014","format":false,"excerpt":"Francisco Ribeiro O Instituto Estadual de Cinema (IECINE) tem a frente, desde abril \u00faltimo, um novo diretor, o cineasta colombiano Juan Zapata, 36, que substitui Luiz Alberto Cassol. Radicado h\u00e1 dez anos em Porto Alegre, Zapata tem diante de si o desafio de conduzir at\u00e9 o final do ano um\u2026","rel":"","context":"Em &quot;Cultura-Geral&quot;","block_context":{"text":"Cultura-Geral","link":"https:\/\/www.jornalja.com.br\/arquivo\/category\/materiasecundaria\/"},"img":{"alt_text":"","src":"","width":0,"height":0},"classes":[]},{"id":13239,"url":"https:\/\/www.jornalja.com.br\/arquivo\/conselho-desdenha-do-plano-diretor\/","url_meta":{"origin":42770,"position":3},"title":"Porto Alegre: Conselho detona Plano Diretor","author":"Patr\u00edcia Marini","date":"25 de maio de 2014","format":false,"excerpt":"Den\u00fancia do arquiteto e \u00a0urbanista Ibir\u00e1 Santos Lucas. Ele diz que os conselheiros est\u00e3o votando com \"enorme irresponsabilidade\". \"Mudam regime com a maior naturalidade,,,regularizam absurdos de constru\u00e7\u00f5es irregulares... \"O CMDUA est\u00e1 flexibilizando a lei do plano diretor, de uma forma impactante na vida da cidade. Mudam regime com a maior\u2026","rel":"","context":"Em &quot;Geral&quot;","block_context":{"text":"Geral","link":"https:\/\/www.jornalja.com.br\/arquivo\/category\/geral\/"},"img":{"alt_text":"","src":"","width":0,"height":0},"classes":[]},{"id":12960,"url":"https:\/\/www.jornalja.com.br\/arquivo\/populacao-culpa-empresas-pela-greve-dos-rodoviarios\/","url_meta":{"origin":42770,"position":4},"title":"Popula\u00e7\u00e3o culpa empresas pela greve","author":"Patr\u00edcia Marini","date":"14 de fevereiro de 2014","format":false,"excerpt":"Pesquisa divulgada na edi\u00e7\u00e3o do jornal Metro desta sexta-feira,14, comprova o velho ditado: \u00e9 poss\u00edvel enganar muitos por algum tempo, mas n\u00e3o \u00e9 poss\u00edvel enganar a todos o tempo inteiro. A principal revela\u00e7\u00e3o foi que 59,8% dos entrevistados apontaram as empresas como as principais respons\u00e1veis pela grave e 46% culparam\u2026","rel":"","context":"Em &quot;X.Categorias velhas&quot;","block_context":{"text":"X.Categorias velhas","link":"https:\/\/www.jornalja.com.br\/arquivo\/category\/x-categorias-velhas\/"},"img":{"alt_text":"","src":"","width":0,"height":0},"classes":[]},{"id":13101,"url":"https:\/\/www.jornalja.com.br\/arquivo\/morre-um-guerreiro-do-texto\/","url_meta":{"origin":42770,"position":5},"title":"Morre um guerreiro do texto","author":"Patr\u00edcia Marini","date":"14 de maio de 2014","format":false,"excerpt":"Por Ricardo Kotscho Reproduzido do blog do autor, 11\/5\/2014; t\u00edtulo original \u201cE l\u00e1 se foi o nosso Myltainho, guerreiro do texto\u201d. Mi\u00fado e franzino, meu amigo Myltainho era um valente e inconformado guerreiro na luta contra as injusti\u00e7as sociais, a hipocrisia, as maracutaias, o autoritarismo, a intoler\u00e2ncia, a viol\u00eancia, o\u2026","rel":"","context":"Em &quot;Geral&quot;","block_context":{"text":"Geral","link":"https:\/\/www.jornalja.com.br\/arquivo\/category\/geral\/"},"img":{"alt_text":"","src":"","width":0,"height":0},"classes":[]}],"jetpack_shortlink":"https:\/\/wp.me\/pbQjBd-b7Q","jetpack_featured_media_url":"","_links":{"self":[{"href":"https:\/\/www.jornalja.com.br\/arquivo\/wp-json\/wp\/v2\/posts\/42770","targetHints":{"allow":["GET"]}}],"collection":[{"href":"https:\/\/www.jornalja.com.br\/arquivo\/wp-json\/wp\/v2\/posts"}],"about":[{"href":"https:\/\/www.jornalja.com.br\/arquivo\/wp-json\/wp\/v2\/types\/post"}],"author":[{"embeddable":true,"href":"https:\/\/www.jornalja.com.br\/arquivo\/wp-json\/wp\/v2\/users\/4"}],"replies":[{"embeddable":true,"href":"https:\/\/www.jornalja.com.br\/arquivo\/wp-json\/wp\/v2\/comments?post=42770"}],"version-history":[{"count":0,"href":"https:\/\/www.jornalja.com.br\/arquivo\/wp-json\/wp\/v2\/posts\/42770\/revisions"}],"wp:attachment":[{"href":"https:\/\/www.jornalja.com.br\/arquivo\/wp-json\/wp\/v2\/media?parent=42770"}],"wp:term":[{"taxonomy":"category","embeddable":true,"href":"https:\/\/www.jornalja.com.br\/arquivo\/wp-json\/wp\/v2\/categories?post=42770"},{"taxonomy":"post_tag","embeddable":true,"href":"https:\/\/www.jornalja.com.br\/arquivo\/wp-json\/wp\/v2\/tags?post=42770"}],"curies":[{"name":"wp","href":"https:\/\/api.w.org\/{rel}","templated":true}]}}