{"id":42784,"date":"2017-01-02T10:28:17","date_gmt":"2017-01-02T13:28:17","guid":{"rendered":"https:\/\/www.jornalja.com.br\/?p=42784"},"modified":"2017-01-02T10:28:17","modified_gmt":"2017-01-02T13:28:17","slug":"reforma-de-marchezan-promove-fragmentacao-indevida-na-area-ambiental","status":"publish","type":"post","link":"https:\/\/www.jornalja.com.br\/arquivo\/reforma-de-marchezan-promove-fragmentacao-indevida-na-area-ambiental\/","title":{"rendered":"Reforma de Marchezan \u201cpromove fragmenta\u00e7\u00e3o indevida\u201d na \u00e1rea ambiental"},"content":{"rendered":"<p><span class=\"assina\">Naira Hofmeister<\/span><br \/>\nA reforma administrativa proposta pelo prefeito Nelson Marchezan, que ser\u00e1 <a href=\"http:\/\/www.camarapoa.rs.gov.br\/noticias\/camara-fara-sessao-extra-para-votar-reforma-administrativa\">votada nesta segunda-feira (2) \u00e0s 14h, em sess\u00e3o extraordin\u00e1ria na C\u00e2mara Municipal<\/a> \u201cpromove fragmenta\u00e7\u00e3o indevida\u201d da \u00e1rea ambiental segundo um parecer elaborado por tr\u00eas especialistas em direito ambiental.<br \/>\nO projeto de lei \u2013 encaminhado ainda durante a gest\u00e3o do ex-prefeito Jos\u00e9 Fortunati, a pedido de seu sucessor \u2013 extingue a Secretaria Municipal de Meio Ambiente (Smam) e cria para seu lugar a Secretaria Municipal de Sustentabilidade (SMSu). Entretanto, embora a nova pasta englobe as atribui\u00e7\u00f5es da atual, o texto transfere a prerrogativa de coordenar e realizar licenciamentos ambientais para a tamb\u00e9m nova Secretaria Municipal de Desenvolvimento Econ\u00f4mico (SMDE).<br \/>\nSegundo os especialistas Gustavo Trindade, Paula Lavratti e Carolina Donay Scherer, do escrit\u00f3rio Trindade\/Lavratti Advogados Associados, \u00e9 uma contradi\u00e7\u00e3o a SMSu manter compet\u00eancias da Smam como o combate \u00e0 polui\u00e7\u00e3o e o controle sobre a viabilidade e impacto das obras e empreendimentos, mas n\u00e3o possa atuar no licenciamento, que \u00e9 \u201cum dos principais instrumentos, sen\u00e3o o mais importante, para assegurar a sustentabilidade dos empreendimentos ou atividades potencialmente poluidoras\u201d.<br \/>\n\u201cN\u00e3o h\u00e1 \u2013 f\u00e1tica e legalmente \u2013 como separar o licenciamento ambiental das a\u00e7\u00f5es de prote\u00e7\u00e3o do meio ambiente, do controle de polui\u00e7\u00e3o e de avalia\u00e7\u00e3o de viabilidade e impactos de obras\u201d, asseguram os advogados.<br \/>\nSegundo os especialistas, a legisla\u00e7\u00e3o em todos os n\u00edveis (federal, estadual e municipal) garante \u00e0 pasta de meio ambiente a prerrogativa de licenciamento. O parecer cita a Lei Federal n\u00ba 6.938\/1981, que veda a exist\u00eancia de um \u00f3rg\u00e3o respons\u00e1vel pela prote\u00e7\u00e3o ambiental e outro com a atribui\u00e7\u00e3o de realizar o licenciamento ambiental. Esse texto determina ainda que a prerrogativa do licenciamento recai sobre \u201c\u00f3rg\u00e3os integrantes do sistema ambiental nacional\u201d &#8211; ou seja, sobre as pastas de meio ambiente.<br \/>\nAinda de acordo com o entendimento dos advogados, n\u00e3o haveria problema em integrar as atribui\u00e7\u00f5es de fomento ao desenvolvimento econ\u00f4mico com as de prote\u00e7\u00e3o ambiental, \u201cpodendo esta estrutura ser a respons\u00e1vel pela promo\u00e7\u00e3o do licenciamento ambiental\u201d. Ou seja, seria necess\u00e1rio fundir SMSu e SMDE em uma mesma pasta.<br \/>\nComo est\u00e1 proposta, a reforma administrativa impede que a Secretaria Municipal da Sustentabilidade \u201ccumpra com suas fun\u00e7\u00f5es primordiais\u201d, tornando, portanto, \u201cilegal o <a href=\"http:\/\/www.camarapoa.rs.gov.br\/processos\/130181\">Projeto de Lei Complementar n\u00ba 012\/2016<\/a>\u201d.<br \/>\n<span class=\"intertit\">Emenda garante licenciamento \u00e0 SMSu<\/span><br \/>\nAl\u00e9m do corpo do projeto da reforma administrativa, os vereadores ainda precisam avaliar 14 emendas remanescentes da sess\u00e3o plen\u00e1ria do dia 22 de dezembro, quando a proposta come\u00e7ou a ser votada.<br \/>\nUma delas \u00e9 a <a href=\"http:\/\/200.169.19.94\/documentos\/draco\/processos\/130181\/PROC2750E07_2016_12_21_15_40_26_248.pdf\">de n\u00famero 7, de autoria da vereadora Sofia Cavedon (PT)<\/a>. O texto transfere da Secretaria de Desenvolvimento Econ\u00f4mico (SMDE) para a Secretaria Municipal de Sustentabilidade (SMSu) a coordena\u00e7\u00e3o e acompanhamento dos processos de licenciamento ambiental.<br \/>\n<span class=\"intertit\"><b>Discuss\u00e3o em 2016 foi pol\u00eamica<\/b><\/span><br \/>\nO PL 012\/2016 prev\u00ea a extin\u00e7\u00e3o de 16 secretarias, com a cria\u00e7\u00e3o de nove para readequar tarefas, mas em sua discuss\u00e3o no final da legislatura passada sofreu muitas cr\u00edticas \u2013 inclusive de parlamentares de partidos da base do novo governo.<br \/>\nNo debate do dia 22 de dezembro, o ex-prefeito e ent\u00e3o vereador, agora sem mandato, Guilherme Socias Vilella (PP) condenou a extin\u00e7\u00e3o da Smam, criada em sua gest\u00e3o no Executivo, em 1976.<br \/>\n\u201cA Secretaria do Meio Ambiente n\u00e3o \u00e9 s\u00f3 para cuidar do presente, \u00e9 para o futuro\u201d, condenou Villela, <a href=\"http:\/\/jcrs.uol.com.br\/_conteudo\/2016\/12\/politica\/538165-extincao-da-smam-recebe-duras-criticas-na-camara.html\">segundo reportagem do Jornal do Com\u00e9rcio<\/a>.<br \/>\nNaquela tarde, estava presente nas galerias da C\u00e2mara o tamb\u00e9m ex-vereador e ex-secret\u00e1rio do Meio Ambiente Beto Moesch. Outro ponto de discord\u00e2ncia foi a extin\u00e7\u00e3o da Secretaria de Esportes, Recrea\u00e7\u00e3o e Lazer, alvo de cr\u00edticas do ex-titular Jo\u00e3o Bosco Vaz, reeleito vereador pelo PMDB, que j\u00e1 se declarou \u201coposi\u00e7\u00e3o independente\u201d \u00e0 Marchezan.<br \/>\nNa galerias tamb\u00e9m havia muita contrariedade com a extin\u00e7\u00e3o da Smam. Manifestantes levaram cartazes e faixas contr\u00e1rios ao fim da pasta hist\u00f3rica e fortemente vinculada com o movimento ambientalista ga\u00facho, pioneiro no Brasil.<br \/>\nMesmo no per\u00edodo de f\u00e9rias, os ambientalistas prometem nova mobiliza\u00e7\u00e3o na tarde desta segunda-feira, no plen\u00e1rio Ot\u00e1vio Rocha da C\u00e2mara Municipal.<\/p>\n","protected":false},"excerpt":{"rendered":"<p>Naira Hofmeister A reforma administrativa proposta pelo prefeito Nelson Marchezan, que ser\u00e1 votada nesta segunda-feira (2) \u00e0s 14h, em sess\u00e3o extraordin\u00e1ria na C\u00e2mara Municipal \u201cpromove fragmenta\u00e7\u00e3o indevida\u201d da \u00e1rea ambiental segundo um parecer elaborado por tr\u00eas especialistas em direito ambiental. O projeto de lei \u2013 encaminhado ainda durante a gest\u00e3o do ex-prefeito Jos\u00e9 Fortunati, a [&hellip;]<\/p>\n","protected":false},"author":4,"featured_media":42786,"comment_status":"open","ping_status":"closed","sticky":false,"template":"","format":"standard","meta":{"_jetpack_newsletter_access":"","_jetpack_dont_email_post_to_subs":false,"_jetpack_newsletter_tier_id":0,"_jetpack_memberships_contains_paywalled_content":false,"_jetpack_feature_clip_id":0,"_jetpack_memberships_contains_paid_content":false,"footnotes":"","jetpack_post_was_ever_published":false},"categories":[26],"tags":[],"class_list":["post-42784","post","type-post","status-publish","format-standard","has-post-thumbnail","hentry","category-geral"],"aioseo_notices":[],"aioseo_head":"\n\t\t<!-- All in One SEO 5.0.1.1 - aioseo.com -->\n\t<meta name=\"robots\" content=\"max-image-preview:large\" \/>\n\t<meta name=\"author\" content=\"da Reda\u00e7\u00e3o\"\/>\n\t<link rel=\"canonical\" href=\"https:\/\/www.jornalja.com.br\/arquivo\/reforma-de-marchezan-promove-fragmentacao-indevida-na-area-ambiental\/\" \/>\n\t<meta name=\"generator\" content=\"All in One SEO (AIOSEO) 5.0.1.1\" \/>\n\t\t<meta property=\"og:locale\" content=\"pt_BR\" \/>\n\t\t<meta property=\"og:site_name\" content=\"Arquivo | Jornal J\u00c1 | Porto Alegre\" \/>\n\t\t<meta property=\"og:type\" content=\"article\" \/>\n\t\t<meta property=\"og:title\" content=\"Reforma de Marchezan \u201cpromove fragmenta\u00e7\u00e3o indevida\u201d na \u00e1rea ambiental | Arquivo\" \/>\n\t\t<meta property=\"og:url\" content=\"https:\/\/www.jornalja.com.br\/arquivo\/reforma-de-marchezan-promove-fragmentacao-indevida-na-area-ambiental\/\" \/>\n\t\t<meta property=\"og:image\" content=\"https:\/\/www.jornalja.com.br\/economics\/wp-content\/uploads\/sites\/11\/2026\/08\/ja-folhaderosto-facebook.jpg\" \/>\n\t\t<meta property=\"og:image:secure_url\" content=\"https:\/\/www.jornalja.com.br\/economics\/wp-content\/uploads\/sites\/11\/2026\/08\/ja-folhaderosto-facebook.jpg\" \/>\n\t\t<meta property=\"article:published_time\" content=\"2017-01-02T13:28:17+00:00\" \/>\n\t\t<meta property=\"article:modified_time\" content=\"2017-01-02T13:28:17+00:00\" \/>\n\t\t<meta name=\"twitter:card\" content=\"summary\" \/>\n\t\t<meta name=\"twitter:title\" content=\"Reforma de Marchezan \u201cpromove fragmenta\u00e7\u00e3o indevida\u201d na \u00e1rea ambiental | Arquivo\" \/>\n\t\t<meta name=\"twitter:image\" content=\"https:\/\/www.jornalja.com.br\/economics\/wp-content\/uploads\/sites\/11\/2026\/08\/ja-folhaderosto-facebook.jpg\" \/>\n\t\t<script type=\"application\/ld+json\" class=\"aioseo-schema\">\n\t\t\t{\"@context\":\"https:\\\/\\\/schema.org\",\"@graph\":[{\"@type\":\"BlogPosting\",\"@id\":\"https:\\\/\\\/www.jornalja.com.br\\\/arquivo\\\/reforma-de-marchezan-promove-fragmentacao-indevida-na-area-ambiental\\\/#blogposting\",\"name\":\"Reforma de Marchezan \\u201cpromove fragmenta\\u00e7\\u00e3o indevida\\u201d na \\u00e1rea ambiental | Arquivo\",\"headline\":\"Reforma de Marchezan \\u201cpromove fragmenta\\u00e7\\u00e3o indevida\\u201d na \\u00e1rea ambiental\",\"author\":{\"@id\":\"https:\\\/\\\/www.jornalja.com.br\\\/arquivo\\\/author\\\/daredacao\\\/#author\"},\"publisher\":{\"@id\":\"https:\\\/\\\/www.jornalja.com.br\\\/arquivo\\\/#organization\"},\"image\":{\"@type\":\"ImageObject\",\"url\":42786},\"datePublished\":\"2017-01-02T10:28:17-02:00\",\"dateModified\":\"2017-01-02T10:28:17-02:00\",\"inLanguage\":\"pt-BR\",\"mainEntityOfPage\":{\"@id\":\"https:\\\/\\\/www.jornalja.com.br\\\/arquivo\\\/reforma-de-marchezan-promove-fragmentacao-indevida-na-area-ambiental\\\/#webpage\"},\"isPartOf\":{\"@id\":\"https:\\\/\\\/www.jornalja.com.br\\\/arquivo\\\/reforma-de-marchezan-promove-fragmentacao-indevida-na-area-ambiental\\\/#webpage\"},\"articleSection\":\"Geral\"},{\"@type\":\"BreadcrumbList\",\"@id\":\"https:\\\/\\\/www.jornalja.com.br\\\/arquivo\\\/reforma-de-marchezan-promove-fragmentacao-indevida-na-area-ambiental\\\/#breadcrumblist\",\"itemListElement\":[{\"@type\":\"ListItem\",\"@id\":\"https:\\\/\\\/www.jornalja.com.br\\\/arquivo#listItem\",\"position\":1,\"name\":\"Home\",\"item\":\"https:\\\/\\\/www.jornalja.com.br\\\/arquivo\",\"nextItem\":{\"@type\":\"ListItem\",\"@id\":\"https:\\\/\\\/www.jornalja.com.br\\\/arquivo\\\/category\\\/geral\\\/#listItem\",\"name\":\"Geral\"}},{\"@type\":\"ListItem\",\"@id\":\"https:\\\/\\\/www.jornalja.com.br\\\/arquivo\\\/category\\\/geral\\\/#listItem\",\"position\":2,\"name\":\"Geral\",\"item\":\"https:\\\/\\\/www.jornalja.com.br\\\/arquivo\\\/category\\\/geral\\\/\",\"nextItem\":{\"@type\":\"ListItem\",\"@id\":\"https:\\\/\\\/www.jornalja.com.br\\\/arquivo\\\/reforma-de-marchezan-promove-fragmentacao-indevida-na-area-ambiental\\\/#listItem\",\"name\":\"Reforma de Marchezan \\u201cpromove fragmenta\\u00e7\\u00e3o indevida\\u201d na \\u00e1rea ambiental\"},\"previousItem\":{\"@type\":\"ListItem\",\"@id\":\"https:\\\/\\\/www.jornalja.com.br\\\/arquivo#listItem\",\"name\":\"Home\"}},{\"@type\":\"ListItem\",\"@id\":\"https:\\\/\\\/www.jornalja.com.br\\\/arquivo\\\/reforma-de-marchezan-promove-fragmentacao-indevida-na-area-ambiental\\\/#listItem\",\"position\":3,\"name\":\"Reforma de Marchezan \\u201cpromove fragmenta\\u00e7\\u00e3o indevida\\u201d na \\u00e1rea ambiental\",\"previousItem\":{\"@type\":\"ListItem\",\"@id\":\"https:\\\/\\\/www.jornalja.com.br\\\/arquivo\\\/category\\\/geral\\\/#listItem\",\"name\":\"Geral\"}}]},{\"@type\":\"Organization\",\"@id\":\"https:\\\/\\\/www.jornalja.com.br\\\/arquivo\\\/#organization\",\"name\":\"Jornal J\\u00c1\",\"description\":\"Jornal J\\u00c1 | Porto Alegre\",\"url\":\"https:\\\/\\\/www.jornalja.com.br\\\/arquivo\\\/\",\"telephone\":\"+555133307272\",\"logo\":{\"@type\":\"ImageObject\",\"url\":\"https:\\\/\\\/www.jornalja.com.br\\\/wp-content\\\/uploads\\\/cards\\\/JAslogan.png\",\"@id\":\"https:\\\/\\\/www.jornalja.com.br\\\/arquivo\\\/reforma-de-marchezan-promove-fragmentacao-indevida-na-area-ambiental\\\/#organizationLogo\"},\"image\":{\"@id\":\"https:\\\/\\\/www.jornalja.com.br\\\/arquivo\\\/reforma-de-marchezan-promove-fragmentacao-indevida-na-area-ambiental\\\/#organizationLogo\"}},{\"@type\":\"Person\",\"@id\":\"https:\\\/\\\/www.jornalja.com.br\\\/arquivo\\\/author\\\/daredacao\\\/#author\",\"url\":\"https:\\\/\\\/www.jornalja.com.br\\\/arquivo\\\/author\\\/daredacao\\\/\",\"name\":\"da Reda\\u00e7\\u00e3o\",\"image\":{\"@type\":\"ImageObject\",\"@id\":\"https:\\\/\\\/www.jornalja.com.br\\\/arquivo\\\/reforma-de-marchezan-promove-fragmentacao-indevida-na-area-ambiental\\\/#authorImage\",\"url\":\"https:\\\/\\\/secure.gravatar.com\\\/avatar\\\/469fd857d6605ad19919d27ed29d35a968a25f6e8fd9318356bbb7f57aae9c65?s=96&d=mm&r=g\",\"width\":96,\"height\":96,\"caption\":\"da Reda\\u00e7\\u00e3o\"}},{\"@type\":\"WebPage\",\"@id\":\"https:\\\/\\\/www.jornalja.com.br\\\/arquivo\\\/reforma-de-marchezan-promove-fragmentacao-indevida-na-area-ambiental\\\/#webpage\",\"url\":\"https:\\\/\\\/www.jornalja.com.br\\\/arquivo\\\/reforma-de-marchezan-promove-fragmentacao-indevida-na-area-ambiental\\\/\",\"name\":\"Reforma de Marchezan \\u201cpromove fragmenta\\u00e7\\u00e3o indevida\\u201d na \\u00e1rea ambiental | Arquivo\",\"inLanguage\":\"pt-BR\",\"isPartOf\":{\"@id\":\"https:\\\/\\\/www.jornalja.com.br\\\/arquivo\\\/#website\"},\"breadcrumb\":{\"@id\":\"https:\\\/\\\/www.jornalja.com.br\\\/arquivo\\\/reforma-de-marchezan-promove-fragmentacao-indevida-na-area-ambiental\\\/#breadcrumblist\"},\"author\":{\"@id\":\"https:\\\/\\\/www.jornalja.com.br\\\/arquivo\\\/author\\\/daredacao\\\/#author\"},\"creator\":{\"@id\":\"https:\\\/\\\/www.jornalja.com.br\\\/arquivo\\\/author\\\/daredacao\\\/#author\"},\"image\":{\"@type\":\"ImageObject\",\"url\":42786,\"@id\":\"https:\\\/\\\/www.jornalja.com.br\\\/arquivo\\\/reforma-de-marchezan-promove-fragmentacao-indevida-na-area-ambiental\\\/#mainImage\"},\"primaryImageOfPage\":{\"@id\":\"https:\\\/\\\/www.jornalja.com.br\\\/arquivo\\\/reforma-de-marchezan-promove-fragmentacao-indevida-na-area-ambiental\\\/#mainImage\"},\"datePublished\":\"2017-01-02T10:28:17-02:00\",\"dateModified\":\"2017-01-02T10:28:17-02:00\"},{\"@type\":\"WebSite\",\"@id\":\"https:\\\/\\\/www.jornalja.com.br\\\/arquivo\\\/#website\",\"url\":\"https:\\\/\\\/www.jornalja.com.br\\\/arquivo\\\/\",\"name\":\"Arquivo\",\"description\":\"Jornal J\\u00c1 | Porto Alegre\",\"inLanguage\":\"pt-BR\",\"publisher\":{\"@id\":\"https:\\\/\\\/www.jornalja.com.br\\\/arquivo\\\/#organization\"}}]}\n\t\t<\/script>\n\t\t<!-- All in One SEO -->\n\n","aioseo_head_json":{"title":"Reforma de Marchezan \u201cpromove fragmenta\u00e7\u00e3o indevida\u201d na \u00e1rea ambiental | Arquivo","description":"","canonical_url":"https:\/\/www.jornalja.com.br\/arquivo\/reforma-de-marchezan-promove-fragmentacao-indevida-na-area-ambiental\/","robots":"max-image-preview:large","keywords":"","webmasterTools":{"miscellaneous":""},"schema":{"@context":"https:\/\/schema.org","@graph":[{"@type":"BlogPosting","@id":"https:\/\/www.jornalja.com.br\/arquivo\/reforma-de-marchezan-promove-fragmentacao-indevida-na-area-ambiental\/#blogposting","name":"Reforma de Marchezan \u201cpromove fragmenta\u00e7\u00e3o indevida\u201d na \u00e1rea ambiental | Arquivo","headline":"Reforma de Marchezan \u201cpromove fragmenta\u00e7\u00e3o indevida\u201d na \u00e1rea ambiental","author":{"@id":"https:\/\/www.jornalja.com.br\/arquivo\/author\/daredacao\/#author"},"publisher":{"@id":"https:\/\/www.jornalja.com.br\/arquivo\/#organization"},"image":{"@type":"ImageObject","url":42786},"datePublished":"2017-01-02T10:28:17-02:00","dateModified":"2017-01-02T10:28:17-02:00","inLanguage":"pt-BR","mainEntityOfPage":{"@id":"https:\/\/www.jornalja.com.br\/arquivo\/reforma-de-marchezan-promove-fragmentacao-indevida-na-area-ambiental\/#webpage"},"isPartOf":{"@id":"https:\/\/www.jornalja.com.br\/arquivo\/reforma-de-marchezan-promove-fragmentacao-indevida-na-area-ambiental\/#webpage"},"articleSection":"Geral"},{"@type":"BreadcrumbList","@id":"https:\/\/www.jornalja.com.br\/arquivo\/reforma-de-marchezan-promove-fragmentacao-indevida-na-area-ambiental\/#breadcrumblist","itemListElement":[{"@type":"ListItem","@id":"https:\/\/www.jornalja.com.br\/arquivo#listItem","position":1,"name":"Home","item":"https:\/\/www.jornalja.com.br\/arquivo","nextItem":{"@type":"ListItem","@id":"https:\/\/www.jornalja.com.br\/arquivo\/category\/geral\/#listItem","name":"Geral"}},{"@type":"ListItem","@id":"https:\/\/www.jornalja.com.br\/arquivo\/category\/geral\/#listItem","position":2,"name":"Geral","item":"https:\/\/www.jornalja.com.br\/arquivo\/category\/geral\/","nextItem":{"@type":"ListItem","@id":"https:\/\/www.jornalja.com.br\/arquivo\/reforma-de-marchezan-promove-fragmentacao-indevida-na-area-ambiental\/#listItem","name":"Reforma de Marchezan \u201cpromove fragmenta\u00e7\u00e3o indevida\u201d na \u00e1rea ambiental"},"previousItem":{"@type":"ListItem","@id":"https:\/\/www.jornalja.com.br\/arquivo#listItem","name":"Home"}},{"@type":"ListItem","@id":"https:\/\/www.jornalja.com.br\/arquivo\/reforma-de-marchezan-promove-fragmentacao-indevida-na-area-ambiental\/#listItem","position":3,"name":"Reforma de Marchezan \u201cpromove fragmenta\u00e7\u00e3o indevida\u201d na \u00e1rea ambiental","previousItem":{"@type":"ListItem","@id":"https:\/\/www.jornalja.com.br\/arquivo\/category\/geral\/#listItem","name":"Geral"}}]},{"@type":"Organization","@id":"https:\/\/www.jornalja.com.br\/arquivo\/#organization","name":"Jornal J\u00c1","description":"Jornal J\u00c1 | Porto Alegre","url":"https:\/\/www.jornalja.com.br\/arquivo\/","telephone":"+555133307272","logo":{"@type":"ImageObject","url":"https:\/\/www.jornalja.com.br\/wp-content\/uploads\/cards\/JAslogan.png","@id":"https:\/\/www.jornalja.com.br\/arquivo\/reforma-de-marchezan-promove-fragmentacao-indevida-na-area-ambiental\/#organizationLogo"},"image":{"@id":"https:\/\/www.jornalja.com.br\/arquivo\/reforma-de-marchezan-promove-fragmentacao-indevida-na-area-ambiental\/#organizationLogo"}},{"@type":"Person","@id":"https:\/\/www.jornalja.com.br\/arquivo\/author\/daredacao\/#author","url":"https:\/\/www.jornalja.com.br\/arquivo\/author\/daredacao\/","name":"da Reda\u00e7\u00e3o","image":{"@type":"ImageObject","@id":"https:\/\/www.jornalja.com.br\/arquivo\/reforma-de-marchezan-promove-fragmentacao-indevida-na-area-ambiental\/#authorImage","url":"https:\/\/secure.gravatar.com\/avatar\/469fd857d6605ad19919d27ed29d35a968a25f6e8fd9318356bbb7f57aae9c65?s=96&d=mm&r=g","width":96,"height":96,"caption":"da Reda\u00e7\u00e3o"}},{"@type":"WebPage","@id":"https:\/\/www.jornalja.com.br\/arquivo\/reforma-de-marchezan-promove-fragmentacao-indevida-na-area-ambiental\/#webpage","url":"https:\/\/www.jornalja.com.br\/arquivo\/reforma-de-marchezan-promove-fragmentacao-indevida-na-area-ambiental\/","name":"Reforma de Marchezan \u201cpromove fragmenta\u00e7\u00e3o indevida\u201d na \u00e1rea ambiental | Arquivo","inLanguage":"pt-BR","isPartOf":{"@id":"https:\/\/www.jornalja.com.br\/arquivo\/#website"},"breadcrumb":{"@id":"https:\/\/www.jornalja.com.br\/arquivo\/reforma-de-marchezan-promove-fragmentacao-indevida-na-area-ambiental\/#breadcrumblist"},"author":{"@id":"https:\/\/www.jornalja.com.br\/arquivo\/author\/daredacao\/#author"},"creator":{"@id":"https:\/\/www.jornalja.com.br\/arquivo\/author\/daredacao\/#author"},"image":{"@type":"ImageObject","url":42786,"@id":"https:\/\/www.jornalja.com.br\/arquivo\/reforma-de-marchezan-promove-fragmentacao-indevida-na-area-ambiental\/#mainImage"},"primaryImageOfPage":{"@id":"https:\/\/www.jornalja.com.br\/arquivo\/reforma-de-marchezan-promove-fragmentacao-indevida-na-area-ambiental\/#mainImage"},"datePublished":"2017-01-02T10:28:17-02:00","dateModified":"2017-01-02T10:28:17-02:00"},{"@type":"WebSite","@id":"https:\/\/www.jornalja.com.br\/arquivo\/#website","url":"https:\/\/www.jornalja.com.br\/arquivo\/","name":"Arquivo","description":"Jornal J\u00c1 | Porto Alegre","inLanguage":"pt-BR","publisher":{"@id":"https:\/\/www.jornalja.com.br\/arquivo\/#organization"}}]},"og:locale":"pt_BR","og:site_name":"Arquivo | Jornal J\u00c1 | Porto Alegre","og:type":"article","og:title":"Reforma de Marchezan \u201cpromove fragmenta\u00e7\u00e3o indevida\u201d na \u00e1rea ambiental | Arquivo","og:url":"https:\/\/www.jornalja.com.br\/arquivo\/reforma-de-marchezan-promove-fragmentacao-indevida-na-area-ambiental\/","og:image":"https:\/\/www.jornalja.com.br\/economics\/wp-content\/uploads\/sites\/11\/2026\/08\/ja-folhaderosto-facebook.jpg","og:image:secure_url":"https:\/\/www.jornalja.com.br\/economics\/wp-content\/uploads\/sites\/11\/2026\/08\/ja-folhaderosto-facebook.jpg","article:published_time":"2017-01-02T13:28:17+00:00","article:modified_time":"2017-01-02T13:28:17+00:00","twitter:card":"summary","twitter:title":"Reforma de Marchezan \u201cpromove fragmenta\u00e7\u00e3o indevida\u201d na \u00e1rea ambiental | Arquivo","twitter:image":"https:\/\/www.jornalja.com.br\/economics\/wp-content\/uploads\/sites\/11\/2026\/08\/ja-folhaderosto-facebook.jpg"},"aioseo_meta_data":{"post_id":"42784","title":null,"description":null,"keywords":null,"keyphrases":null,"primary_term":null,"canonical_url":null,"og_title":null,"og_description":null,"og_object_type":"default","og_image_type":"default","og_image_url":null,"og_image_width":null,"og_image_height":null,"og_image_custom_url":null,"og_image_custom_fields":null,"og_video":null,"og_custom_url":null,"og_article_section":null,"og_article_tags":null,"twitter_use_og":false,"twitter_card":"default","twitter_image_type":"default","twitter_image_url":null,"twitter_image_custom_url":null,"twitter_image_custom_fields":null,"twitter_title":null,"twitter_description":null,"schema":{"blockGraphs":[],"customGraphs":[],"default":{"data":{"Article":[],"Course":[],"Dataset":[],"FAQPage":[],"Movie":[],"Person":[],"Product":[],"ProductReview":[],"Car":[],"Recipe":[],"Service":[],"SoftwareApplication":[],"WebPage":[]},"graphName":"","isEnabled":true},"graphs":[],"defaultGraph":"","defaultPostTypeGraph":""},"schema_type":null,"schema_type_options":null,"pillar_content":false,"robots_default":true,"robots_noindex":false,"robots_noarchive":false,"robots_nosnippet":false,"robots_nofollow":false,"robots_noimageindex":false,"robots_noodp":false,"robots_notranslate":false,"robots_max_snippet":null,"robots_max_videopreview":null,"robots_max_imagepreview":"large","priority":null,"frequency":null,"location":null,"local_seo":null,"breadcrumb_settings":null,"limit_modified_date":false,"ai":null,"created":"2020-12-20 20:43:21","updated":"2025-07-19 19:02:55","seo_analyzer_scan_date":null,"focus_keyword":null,"additional_keywords":null,"truseo_locale":null},"jetpack_sharing_enabled":true,"jetpack-related-posts":[{"id":13109,"url":"https:\/\/www.jornalja.com.br\/arquivo\/judiciario-reconhece-poluicao-eletromagnetica\/","url_meta":{"origin":42784,"position":0},"title":"Judici\u00e1rio reconhece polui\u00e7\u00e3o eletromagn\u00e9tica","author":"Patr\u00edcia Marini","date":"16 de maio de 2014","format":false,"excerpt":"A\u00e7\u00e3o de duas associa\u00e7\u00f5es de moradores foi acolhida pelo Tribunal de Justi\u00e7a de S\u00e3o Paulo que. em decis\u00e3o in\u00e9dita, determinou a redu\u00e7\u00e3o do campo eletromagn\u00e9tico gerado pelas linhas de transmiss\u00e3o de energia que cortam os bairros City Boa\u00e7ava e Alto de Pinheiros. \u00c9 a primeira vez que um tribunal do\u2026","rel":"","context":"Em &quot;X.Categorias velhas&quot;","block_context":{"text":"X.Categorias velhas","link":"https:\/\/www.jornalja.com.br\/arquivo\/category\/x-categorias-velhas\/"},"img":{"alt_text":"","src":"","width":0,"height":0},"classes":[]},{"id":5440,"url":"https:\/\/www.jornalja.com.br\/arquivo\/casarao-da-venancio-destino-permanece-incerto\/","url_meta":{"origin":42784,"position":1},"title":"Estado ainda n\u00e3o sabe o que fazer com casar\u00e3o abandonado h\u00e1 20 anos","author":"Elmar Bones","date":"6 de julho de 2009","format":false,"excerpt":"O casar\u00e3o amarelo, numa esquina nobre de Porto Alegre (Ven\u00e2ncio Aires com Jo\u00e3o Pessoa), j\u00e1 abrigou uma escola. H\u00e1 duas d\u00e9cadas, pelo menos, est\u00e1 abandonado, porque seu propriet\u00e1rio, o governo do Estado do Rio Grande do Sul, n\u00e3o consegue achar um destino para ele. Planos n\u00e3o faltaram. O governador Ol\u00edvio\u2026","rel":"","context":"Em &quot;X.Categorias velhas&quot;","block_context":{"text":"X.Categorias velhas","link":"https:\/\/www.jornalja.com.br\/arquivo\/category\/x-categorias-velhas\/"},"img":{"alt_text":"geraldo1","src":"https:\/\/i0.wp.com\/www.jornalja.com.br\/wp-content\/uploads\/2009\/07\/geraldo1.jpg?resize=350%2C200&ssl=1","width":350,"height":200},"classes":[]},{"id":13240,"url":"https:\/\/www.jornalja.com.br\/arquivo\/plano-diretor-estamos-construindo-o-caos\/","url_meta":{"origin":42784,"position":2},"title":"Plano diretor: &quot;Estamos construindo o caos&quot;","author":"Patr\u00edcia Marini","date":"26 de maio de 2014","format":false,"excerpt":"Desabafo que arquiteta Eliana Castilhos, delegada da Regi\u00e3o de Planejamento 1, postou nas redes sociais \u00e9 um testemunho do ambiente que se criou no Conselho do Plano Diretor de Porto Alegre, onde a aprova\u00e7\u00e3o de grandes empreendimentos \u00e9 empurrada guela abaixo dos conselheiros. Ao CMDUA Como delegada da Regi\u00e3o de\u2026","rel":"","context":"Em &quot;Geral&quot;","block_context":{"text":"Geral","link":"https:\/\/www.jornalja.com.br\/arquivo\/category\/geral\/"},"img":{"alt_text":"","src":"","width":0,"height":0},"classes":[]},{"id":13124,"url":"https:\/\/www.jornalja.com.br\/arquivo\/sangue-latino-no-iecine\/","url_meta":{"origin":42784,"position":3},"title":"Sangue latino no IECINE","author":"da Reda\u00e7\u00e3o","date":"18 de maio de 2014","format":false,"excerpt":"Francisco Ribeiro O Instituto Estadual de Cinema (IECINE) tem a frente, desde abril \u00faltimo, um novo diretor, o cineasta colombiano Juan Zapata, 36, que substitui Luiz Alberto Cassol. Radicado h\u00e1 dez anos em Porto Alegre, Zapata tem diante de si o desafio de conduzir at\u00e9 o final do ano um\u2026","rel":"","context":"Em &quot;Cultura-Geral&quot;","block_context":{"text":"Cultura-Geral","link":"https:\/\/www.jornalja.com.br\/arquivo\/category\/materiasecundaria\/"},"img":{"alt_text":"","src":"","width":0,"height":0},"classes":[]},{"id":13101,"url":"https:\/\/www.jornalja.com.br\/arquivo\/morre-um-guerreiro-do-texto\/","url_meta":{"origin":42784,"position":4},"title":"Morre um guerreiro do texto","author":"Patr\u00edcia Marini","date":"14 de maio de 2014","format":false,"excerpt":"Por Ricardo Kotscho Reproduzido do blog do autor, 11\/5\/2014; t\u00edtulo original \u201cE l\u00e1 se foi o nosso Myltainho, guerreiro do texto\u201d. Mi\u00fado e franzino, meu amigo Myltainho era um valente e inconformado guerreiro na luta contra as injusti\u00e7as sociais, a hipocrisia, as maracutaias, o autoritarismo, a intoler\u00e2ncia, a viol\u00eancia, o\u2026","rel":"","context":"Em &quot;Geral&quot;","block_context":{"text":"Geral","link":"https:\/\/www.jornalja.com.br\/arquivo\/category\/geral\/"},"img":{"alt_text":"","src":"","width":0,"height":0},"classes":[]},{"id":12960,"url":"https:\/\/www.jornalja.com.br\/arquivo\/populacao-culpa-empresas-pela-greve-dos-rodoviarios\/","url_meta":{"origin":42784,"position":5},"title":"Popula\u00e7\u00e3o culpa empresas pela greve","author":"Patr\u00edcia Marini","date":"14 de fevereiro de 2014","format":false,"excerpt":"Pesquisa divulgada na edi\u00e7\u00e3o do jornal Metro desta sexta-feira,14, comprova o velho ditado: \u00e9 poss\u00edvel enganar muitos por algum tempo, mas n\u00e3o \u00e9 poss\u00edvel enganar a todos o tempo inteiro. A principal revela\u00e7\u00e3o foi que 59,8% dos entrevistados apontaram as empresas como as principais respons\u00e1veis pela grave e 46% culparam\u2026","rel":"","context":"Em &quot;X.Categorias velhas&quot;","block_context":{"text":"X.Categorias velhas","link":"https:\/\/www.jornalja.com.br\/arquivo\/category\/x-categorias-velhas\/"},"img":{"alt_text":"","src":"","width":0,"height":0},"classes":[]}],"jetpack_shortlink":"https:\/\/wp.me\/pbQjBd-b84","jetpack_featured_media_url":"","_links":{"self":[{"href":"https:\/\/www.jornalja.com.br\/arquivo\/wp-json\/wp\/v2\/posts\/42784","targetHints":{"allow":["GET"]}}],"collection":[{"href":"https:\/\/www.jornalja.com.br\/arquivo\/wp-json\/wp\/v2\/posts"}],"about":[{"href":"https:\/\/www.jornalja.com.br\/arquivo\/wp-json\/wp\/v2\/types\/post"}],"author":[{"embeddable":true,"href":"https:\/\/www.jornalja.com.br\/arquivo\/wp-json\/wp\/v2\/users\/4"}],"replies":[{"embeddable":true,"href":"https:\/\/www.jornalja.com.br\/arquivo\/wp-json\/wp\/v2\/comments?post=42784"}],"version-history":[{"count":0,"href":"https:\/\/www.jornalja.com.br\/arquivo\/wp-json\/wp\/v2\/posts\/42784\/revisions"}],"wp:attachment":[{"href":"https:\/\/www.jornalja.com.br\/arquivo\/wp-json\/wp\/v2\/media?parent=42784"}],"wp:term":[{"taxonomy":"category","embeddable":true,"href":"https:\/\/www.jornalja.com.br\/arquivo\/wp-json\/wp\/v2\/categories?post=42784"},{"taxonomy":"post_tag","embeddable":true,"href":"https:\/\/www.jornalja.com.br\/arquivo\/wp-json\/wp\/v2\/tags?post=42784"}],"curies":[{"name":"wp","href":"https:\/\/api.w.org\/{rel}","templated":true}]}}