{"id":42827,"date":"2017-01-04T21:43:32","date_gmt":"2017-01-05T00:43:32","guid":{"rendered":"https:\/\/www.jornalja.com.br\/?p=42827"},"modified":"2017-01-04T21:43:32","modified_gmt":"2017-01-05T00:43:32","slug":"banco-de-talentos-vai-indicar-tres-nomes-para-secretariado-de-marchezan","status":"publish","type":"post","link":"https:\/\/www.jornalja.com.br\/arquivo\/banco-de-talentos-vai-indicar-tres-nomes-para-secretariado-de-marchezan\/","title":{"rendered":"Banco de talentos vai indicar nomes para tr\u00eas secretarias de Marchezan"},"content":{"rendered":"<p>O prefeito Nelson Marchezan inovou com cria\u00e7\u00e3o de um &#8220;banco de talentos&#8221; para a sele\u00e7\u00e3o de CCs a serem contratados pela prefeitura. A organiza\u00e7\u00e3o Comunitas, de S\u00e3o Paulo, \u00e9 a respons\u00e1vel pela cria\u00e7\u00e3o do banco, sele\u00e7\u00e3o de candidatos e indica\u00e7\u00e3o de perfis adequados \u00e0s vagas determinadas pela prefeitura.<br \/>\nA escolha final dos nomes fica a cargo da prefeitura.<br \/>\nAinda nesta semana, devem ser divulgados os nomes de tr\u00eas secret\u00e1rios municipais selecionados atrav\u00e9s do projeto.<br \/>\nAntes mesmo da posse do prefeito, o banco de talentos j\u00e1 estava em funcionamento. No ar h\u00e1 cerca de duas semanas, a plataforma j\u00e1 conta com mais de 2.500 curr\u00edculos inscritos.<br \/>\nA Comunitas trabalha com uma equipe de volunt\u00e1rios composta por cerca de 40 pessoas. A pr\u00f3pria organiza\u00e7\u00e3o selecionou os volunt\u00e1rios, atrav\u00e9s da sua rede de organiza\u00e7\u00f5es e empresas parcerias. N\u00e3o houve sele\u00e7\u00e3o para volunt\u00e1rios.<br \/>\nSegundo a organiza\u00e7\u00e3o, todo o custo do projeto \u00e9 pago com recursos pr\u00f3prios, atrav\u00e9s da sua governan\u00e7a do programa Juntos pelo Desenvolvimento Sustent\u00e1vel, uma das iniciativas da Comunitas. Entre os apoiadores est\u00e3o diversos empres\u00e1rios como Jorge Gerdau, do grupo Gerdau, Carlos Jereissati Filho, presidente do grupo Iguatemi e Pedro Paulo Diniz, da Pen\u00ednsula Participa\u00e7\u00f5es.<br \/>\nA Comunitas \u00e9 formada por um grupo de mais de 40 apoiadores, onde figuram algumas das maiores empresas do pa\u00eds, como Odebrecht, Bradesco, Itau, Santander, al\u00e9m da empresa de consultoria JP Morgan.<br \/>\nAl\u00e9m de financiar a iniciativa, os empres\u00e1rios participam de reuni\u00f5es com os gestores p\u00fablicos.<br \/>\nA organiza\u00e7\u00e3o tem parcerias com 15 cidades brasileiras. As mais recentes, s\u00e3o Porto Alegre, Salvador e S\u00e3o Paulo, onde as parcerias tiveram in\u00edcio com as novas gest\u00f5es que tomaram posse h\u00e1 poucos dias.<br \/>\nNo estado, h\u00e1 uma parceria com a prefeitura de Pelotas, para gest\u00e3o da sa\u00fade. Em Paraty, no Rio de janeiro, onde a organiza\u00e7\u00e3o atua junto ao poder p\u00fablico em mais de 20 frentes.<br \/>\nA Comunitas tem como diretora-presidente Regina C\u00e9lia Esteves Siqueira, que responde tamb\u00e9m pela gest\u00e3o do Centro Ruth Cardoso, onde fica localizada a sede da Comunitas.<br \/>\n\u00c9 a primeira vez que a organiza\u00e7\u00e3o trabalha na cria\u00e7\u00e3o de um &#8220;banco de talentos&#8221;. Segundo a organiza\u00e7\u00e3o, o objetivo \u00e9 fortalecer parcerias p\u00fablico-privadas para aprimorar os servi\u00e7os p\u00fablicos. A ideia \u00e9 que sirva de refer\u00eancia para outras cidades brasileiras. A Comunitas e a Prefeitura de Porto Alegre est\u00e3o desenvolvendo outros projetos, mas ainda n\u00e3o h\u00e1 nada oficial.<br \/>\n<span class=\"intertit\">Maior procura \u00e9 por cargos de gest\u00e3o<\/span><br \/>\nO mapeamento j\u00e1 est\u00e1 feito, mas ainda n\u00e3o foram divulgados quantos cargos ser\u00e3o ocupados atrav\u00e9s deste sistema. Est\u00e3o sendo selecionado curr\u00edculos em tr\u00eas n\u00edveis de gest\u00e3o: Dirigentes (Secret\u00e1rios Municipais, diretorias ligadas \u00e0 administra\u00e7\u00e3o direta, empresas, autarquias e funda\u00e7\u00f5es), Executivos (Gerentes, coordenadores, superintendentes voltados \u00e0 execu\u00e7\u00e3o de servi\u00e7oes e pol\u00edticas na administra\u00e7\u00e3o direta, empresas, autarquias e funda\u00e7\u00f5es) e Operacional ( Assistentes, oficiais de gabinetes, auxiliar t\u00e9cnico e respons\u00e1veis por atividade.)<br \/>\nAs \u00e1reas que t\u00eam prefer\u00eancia s\u00e3o as de finan\u00e7as corporativas e finan\u00e7as p\u00fablicas , gest\u00e3o de projetos, parcerias estrat\u00e9gicas, al\u00e9m de \u00e1reas t\u00e9cnicas espec\u00edficas como coleta de lixo, gest\u00e3o ambiental e projetos p\u00fablicos de infraestrutura.<br \/>\nA forma de inscri\u00e7\u00e3o no banco de talentos da prefeitura \u00e9 atrav\u00e9s do site (bancodetalentospoa.com).<br \/>\n<strong>Nota:<\/strong><em> A assessoria de imprensa da Comunitas entrou em contato com o J\u00c1, esclarecendo que o projeto Juntos pelo Desenvolvimento Sustent\u00e1vel tem como apoiadores, entre outros, os empres\u00e1rios Jorge Gerdau, Pedro Paulo Diniz e Carlos Jereissati Filho. As demais empresas citadas na mat\u00e9ria (Odebrecht, Ita\u00fa, Bradesco, Santander e JP Morgan), que constam no site da Comunitas como parceiros do n\u00facleo de governan\u00e7a, s\u00e3o apoiadores de outros programas da Comunitas. A informa\u00e7\u00e3o j\u00e1 foi corrigida.<\/em><\/p>\n","protected":false},"excerpt":{"rendered":"<p>O prefeito Nelson Marchezan inovou com cria\u00e7\u00e3o de um &#8220;banco de talentos&#8221; para a sele\u00e7\u00e3o de CCs a serem contratados pela prefeitura. A organiza\u00e7\u00e3o Comunitas, de S\u00e3o Paulo, \u00e9 a respons\u00e1vel pela cria\u00e7\u00e3o do banco, sele\u00e7\u00e3o de candidatos e indica\u00e7\u00e3o de perfis adequados \u00e0s vagas determinadas pela prefeitura. A escolha final dos nomes fica a [&hellip;]<\/p>\n","protected":false},"author":4,"featured_media":42830,"comment_status":"open","ping_status":"closed","sticky":false,"template":"","format":"standard","meta":{"_jetpack_newsletter_access":"","_jetpack_dont_email_post_to_subs":false,"_jetpack_newsletter_tier_id":0,"_jetpack_memberships_contains_paywalled_content":false,"_jetpack_feature_clip_id":0,"_jetpack_memberships_contains_paid_content":false,"footnotes":"","jetpack_post_was_ever_published":false},"categories":[26],"tags":[],"class_list":["post-42827","post","type-post","status-publish","format-standard","has-post-thumbnail","hentry","category-geral"],"aioseo_notices":[],"aioseo_head":"\n\t\t<!-- All in One SEO 5.0.1.1 - aioseo.com -->\n\t<meta name=\"robots\" content=\"max-image-preview:large\" \/>\n\t<meta name=\"author\" content=\"da Reda\u00e7\u00e3o\"\/>\n\t<link rel=\"canonical\" href=\"https:\/\/www.jornalja.com.br\/arquivo\/banco-de-talentos-vai-indicar-tres-nomes-para-secretariado-de-marchezan\/\" \/>\n\t<meta name=\"generator\" content=\"All in One SEO (AIOSEO) 5.0.1.1\" \/>\n\t\t<meta property=\"og:locale\" content=\"pt_BR\" \/>\n\t\t<meta property=\"og:site_name\" content=\"Arquivo | Jornal J\u00c1 | Porto Alegre\" \/>\n\t\t<meta property=\"og:type\" content=\"article\" \/>\n\t\t<meta property=\"og:title\" content=\"Banco de talentos vai indicar nomes para tr\u00eas secretarias de Marchezan | Arquivo\" \/>\n\t\t<meta property=\"og:url\" content=\"https:\/\/www.jornalja.com.br\/arquivo\/banco-de-talentos-vai-indicar-tres-nomes-para-secretariado-de-marchezan\/\" \/>\n\t\t<meta property=\"og:image\" content=\"https:\/\/www.jornalja.com.br\/economics\/wp-content\/uploads\/sites\/11\/2026\/08\/ja-folhaderosto-facebook.jpg\" \/>\n\t\t<meta property=\"og:image:secure_url\" content=\"https:\/\/www.jornalja.com.br\/economics\/wp-content\/uploads\/sites\/11\/2026\/08\/ja-folhaderosto-facebook.jpg\" \/>\n\t\t<meta property=\"article:published_time\" content=\"2017-01-05T00:43:32+00:00\" \/>\n\t\t<meta property=\"article:modified_time\" content=\"2017-01-05T00:43:32+00:00\" \/>\n\t\t<meta name=\"twitter:card\" content=\"summary\" \/>\n\t\t<meta name=\"twitter:title\" content=\"Banco de talentos vai indicar nomes para tr\u00eas secretarias de Marchezan | Arquivo\" \/>\n\t\t<meta name=\"twitter:image\" content=\"https:\/\/www.jornalja.com.br\/economics\/wp-content\/uploads\/sites\/11\/2026\/08\/ja-folhaderosto-facebook.jpg\" \/>\n\t\t<script type=\"application\/ld+json\" class=\"aioseo-schema\">\n\t\t\t{\"@context\":\"https:\\\/\\\/schema.org\",\"@graph\":[{\"@type\":\"BlogPosting\",\"@id\":\"https:\\\/\\\/www.jornalja.com.br\\\/arquivo\\\/banco-de-talentos-vai-indicar-tres-nomes-para-secretariado-de-marchezan\\\/#blogposting\",\"name\":\"Banco de talentos vai indicar nomes para tr\\u00eas secretarias de Marchezan | Arquivo\",\"headline\":\"Banco de talentos vai indicar nomes para tr\\u00eas secretarias de Marchezan\",\"author\":{\"@id\":\"https:\\\/\\\/www.jornalja.com.br\\\/arquivo\\\/author\\\/daredacao\\\/#author\"},\"publisher\":{\"@id\":\"https:\\\/\\\/www.jornalja.com.br\\\/arquivo\\\/#organization\"},\"image\":{\"@type\":\"ImageObject\",\"url\":42830},\"datePublished\":\"2017-01-04T21:43:32-02:00\",\"dateModified\":\"2017-01-04T21:43:32-02:00\",\"inLanguage\":\"pt-BR\",\"mainEntityOfPage\":{\"@id\":\"https:\\\/\\\/www.jornalja.com.br\\\/arquivo\\\/banco-de-talentos-vai-indicar-tres-nomes-para-secretariado-de-marchezan\\\/#webpage\"},\"isPartOf\":{\"@id\":\"https:\\\/\\\/www.jornalja.com.br\\\/arquivo\\\/banco-de-talentos-vai-indicar-tres-nomes-para-secretariado-de-marchezan\\\/#webpage\"},\"articleSection\":\"Geral\"},{\"@type\":\"BreadcrumbList\",\"@id\":\"https:\\\/\\\/www.jornalja.com.br\\\/arquivo\\\/banco-de-talentos-vai-indicar-tres-nomes-para-secretariado-de-marchezan\\\/#breadcrumblist\",\"itemListElement\":[{\"@type\":\"ListItem\",\"@id\":\"https:\\\/\\\/www.jornalja.com.br\\\/arquivo#listItem\",\"position\":1,\"name\":\"Home\",\"item\":\"https:\\\/\\\/www.jornalja.com.br\\\/arquivo\",\"nextItem\":{\"@type\":\"ListItem\",\"@id\":\"https:\\\/\\\/www.jornalja.com.br\\\/arquivo\\\/category\\\/geral\\\/#listItem\",\"name\":\"Geral\"}},{\"@type\":\"ListItem\",\"@id\":\"https:\\\/\\\/www.jornalja.com.br\\\/arquivo\\\/category\\\/geral\\\/#listItem\",\"position\":2,\"name\":\"Geral\",\"item\":\"https:\\\/\\\/www.jornalja.com.br\\\/arquivo\\\/category\\\/geral\\\/\",\"nextItem\":{\"@type\":\"ListItem\",\"@id\":\"https:\\\/\\\/www.jornalja.com.br\\\/arquivo\\\/banco-de-talentos-vai-indicar-tres-nomes-para-secretariado-de-marchezan\\\/#listItem\",\"name\":\"Banco de talentos vai indicar nomes para tr\\u00eas secretarias de Marchezan\"},\"previousItem\":{\"@type\":\"ListItem\",\"@id\":\"https:\\\/\\\/www.jornalja.com.br\\\/arquivo#listItem\",\"name\":\"Home\"}},{\"@type\":\"ListItem\",\"@id\":\"https:\\\/\\\/www.jornalja.com.br\\\/arquivo\\\/banco-de-talentos-vai-indicar-tres-nomes-para-secretariado-de-marchezan\\\/#listItem\",\"position\":3,\"name\":\"Banco de talentos vai indicar nomes para tr\\u00eas secretarias de Marchezan\",\"previousItem\":{\"@type\":\"ListItem\",\"@id\":\"https:\\\/\\\/www.jornalja.com.br\\\/arquivo\\\/category\\\/geral\\\/#listItem\",\"name\":\"Geral\"}}]},{\"@type\":\"Organization\",\"@id\":\"https:\\\/\\\/www.jornalja.com.br\\\/arquivo\\\/#organization\",\"name\":\"Jornal J\\u00c1\",\"description\":\"Jornal J\\u00c1 | Porto Alegre\",\"url\":\"https:\\\/\\\/www.jornalja.com.br\\\/arquivo\\\/\",\"telephone\":\"+555133307272\",\"logo\":{\"@type\":\"ImageObject\",\"url\":\"https:\\\/\\\/www.jornalja.com.br\\\/wp-content\\\/uploads\\\/cards\\\/JAslogan.png\",\"@id\":\"https:\\\/\\\/www.jornalja.com.br\\\/arquivo\\\/banco-de-talentos-vai-indicar-tres-nomes-para-secretariado-de-marchezan\\\/#organizationLogo\"},\"image\":{\"@id\":\"https:\\\/\\\/www.jornalja.com.br\\\/arquivo\\\/banco-de-talentos-vai-indicar-tres-nomes-para-secretariado-de-marchezan\\\/#organizationLogo\"}},{\"@type\":\"Person\",\"@id\":\"https:\\\/\\\/www.jornalja.com.br\\\/arquivo\\\/author\\\/daredacao\\\/#author\",\"url\":\"https:\\\/\\\/www.jornalja.com.br\\\/arquivo\\\/author\\\/daredacao\\\/\",\"name\":\"da Reda\\u00e7\\u00e3o\",\"image\":{\"@type\":\"ImageObject\",\"@id\":\"https:\\\/\\\/www.jornalja.com.br\\\/arquivo\\\/banco-de-talentos-vai-indicar-tres-nomes-para-secretariado-de-marchezan\\\/#authorImage\",\"url\":\"https:\\\/\\\/secure.gravatar.com\\\/avatar\\\/469fd857d6605ad19919d27ed29d35a968a25f6e8fd9318356bbb7f57aae9c65?s=96&d=mm&r=g\",\"width\":96,\"height\":96,\"caption\":\"da Reda\\u00e7\\u00e3o\"}},{\"@type\":\"WebPage\",\"@id\":\"https:\\\/\\\/www.jornalja.com.br\\\/arquivo\\\/banco-de-talentos-vai-indicar-tres-nomes-para-secretariado-de-marchezan\\\/#webpage\",\"url\":\"https:\\\/\\\/www.jornalja.com.br\\\/arquivo\\\/banco-de-talentos-vai-indicar-tres-nomes-para-secretariado-de-marchezan\\\/\",\"name\":\"Banco de talentos vai indicar nomes para tr\\u00eas secretarias de Marchezan | Arquivo\",\"inLanguage\":\"pt-BR\",\"isPartOf\":{\"@id\":\"https:\\\/\\\/www.jornalja.com.br\\\/arquivo\\\/#website\"},\"breadcrumb\":{\"@id\":\"https:\\\/\\\/www.jornalja.com.br\\\/arquivo\\\/banco-de-talentos-vai-indicar-tres-nomes-para-secretariado-de-marchezan\\\/#breadcrumblist\"},\"author\":{\"@id\":\"https:\\\/\\\/www.jornalja.com.br\\\/arquivo\\\/author\\\/daredacao\\\/#author\"},\"creator\":{\"@id\":\"https:\\\/\\\/www.jornalja.com.br\\\/arquivo\\\/author\\\/daredacao\\\/#author\"},\"image\":{\"@type\":\"ImageObject\",\"url\":42830,\"@id\":\"https:\\\/\\\/www.jornalja.com.br\\\/arquivo\\\/banco-de-talentos-vai-indicar-tres-nomes-para-secretariado-de-marchezan\\\/#mainImage\"},\"primaryImageOfPage\":{\"@id\":\"https:\\\/\\\/www.jornalja.com.br\\\/arquivo\\\/banco-de-talentos-vai-indicar-tres-nomes-para-secretariado-de-marchezan\\\/#mainImage\"},\"datePublished\":\"2017-01-04T21:43:32-02:00\",\"dateModified\":\"2017-01-04T21:43:32-02:00\"},{\"@type\":\"WebSite\",\"@id\":\"https:\\\/\\\/www.jornalja.com.br\\\/arquivo\\\/#website\",\"url\":\"https:\\\/\\\/www.jornalja.com.br\\\/arquivo\\\/\",\"name\":\"Arquivo\",\"description\":\"Jornal J\\u00c1 | Porto Alegre\",\"inLanguage\":\"pt-BR\",\"publisher\":{\"@id\":\"https:\\\/\\\/www.jornalja.com.br\\\/arquivo\\\/#organization\"}}]}\n\t\t<\/script>\n\t\t<!-- All in One SEO -->\n\n","aioseo_head_json":{"title":"Banco de talentos vai indicar nomes para tr\u00eas secretarias de Marchezan | Arquivo","description":"","canonical_url":"https:\/\/www.jornalja.com.br\/arquivo\/banco-de-talentos-vai-indicar-tres-nomes-para-secretariado-de-marchezan\/","robots":"max-image-preview:large","keywords":"","webmasterTools":{"miscellaneous":""},"schema":{"@context":"https:\/\/schema.org","@graph":[{"@type":"BlogPosting","@id":"https:\/\/www.jornalja.com.br\/arquivo\/banco-de-talentos-vai-indicar-tres-nomes-para-secretariado-de-marchezan\/#blogposting","name":"Banco de talentos vai indicar nomes para tr\u00eas secretarias de Marchezan | Arquivo","headline":"Banco de talentos vai indicar nomes para tr\u00eas secretarias de Marchezan","author":{"@id":"https:\/\/www.jornalja.com.br\/arquivo\/author\/daredacao\/#author"},"publisher":{"@id":"https:\/\/www.jornalja.com.br\/arquivo\/#organization"},"image":{"@type":"ImageObject","url":42830},"datePublished":"2017-01-04T21:43:32-02:00","dateModified":"2017-01-04T21:43:32-02:00","inLanguage":"pt-BR","mainEntityOfPage":{"@id":"https:\/\/www.jornalja.com.br\/arquivo\/banco-de-talentos-vai-indicar-tres-nomes-para-secretariado-de-marchezan\/#webpage"},"isPartOf":{"@id":"https:\/\/www.jornalja.com.br\/arquivo\/banco-de-talentos-vai-indicar-tres-nomes-para-secretariado-de-marchezan\/#webpage"},"articleSection":"Geral"},{"@type":"BreadcrumbList","@id":"https:\/\/www.jornalja.com.br\/arquivo\/banco-de-talentos-vai-indicar-tres-nomes-para-secretariado-de-marchezan\/#breadcrumblist","itemListElement":[{"@type":"ListItem","@id":"https:\/\/www.jornalja.com.br\/arquivo#listItem","position":1,"name":"Home","item":"https:\/\/www.jornalja.com.br\/arquivo","nextItem":{"@type":"ListItem","@id":"https:\/\/www.jornalja.com.br\/arquivo\/category\/geral\/#listItem","name":"Geral"}},{"@type":"ListItem","@id":"https:\/\/www.jornalja.com.br\/arquivo\/category\/geral\/#listItem","position":2,"name":"Geral","item":"https:\/\/www.jornalja.com.br\/arquivo\/category\/geral\/","nextItem":{"@type":"ListItem","@id":"https:\/\/www.jornalja.com.br\/arquivo\/banco-de-talentos-vai-indicar-tres-nomes-para-secretariado-de-marchezan\/#listItem","name":"Banco de talentos vai indicar nomes para tr\u00eas secretarias de Marchezan"},"previousItem":{"@type":"ListItem","@id":"https:\/\/www.jornalja.com.br\/arquivo#listItem","name":"Home"}},{"@type":"ListItem","@id":"https:\/\/www.jornalja.com.br\/arquivo\/banco-de-talentos-vai-indicar-tres-nomes-para-secretariado-de-marchezan\/#listItem","position":3,"name":"Banco de talentos vai indicar nomes para tr\u00eas secretarias de Marchezan","previousItem":{"@type":"ListItem","@id":"https:\/\/www.jornalja.com.br\/arquivo\/category\/geral\/#listItem","name":"Geral"}}]},{"@type":"Organization","@id":"https:\/\/www.jornalja.com.br\/arquivo\/#organization","name":"Jornal J\u00c1","description":"Jornal J\u00c1 | Porto Alegre","url":"https:\/\/www.jornalja.com.br\/arquivo\/","telephone":"+555133307272","logo":{"@type":"ImageObject","url":"https:\/\/www.jornalja.com.br\/wp-content\/uploads\/cards\/JAslogan.png","@id":"https:\/\/www.jornalja.com.br\/arquivo\/banco-de-talentos-vai-indicar-tres-nomes-para-secretariado-de-marchezan\/#organizationLogo"},"image":{"@id":"https:\/\/www.jornalja.com.br\/arquivo\/banco-de-talentos-vai-indicar-tres-nomes-para-secretariado-de-marchezan\/#organizationLogo"}},{"@type":"Person","@id":"https:\/\/www.jornalja.com.br\/arquivo\/author\/daredacao\/#author","url":"https:\/\/www.jornalja.com.br\/arquivo\/author\/daredacao\/","name":"da Reda\u00e7\u00e3o","image":{"@type":"ImageObject","@id":"https:\/\/www.jornalja.com.br\/arquivo\/banco-de-talentos-vai-indicar-tres-nomes-para-secretariado-de-marchezan\/#authorImage","url":"https:\/\/secure.gravatar.com\/avatar\/469fd857d6605ad19919d27ed29d35a968a25f6e8fd9318356bbb7f57aae9c65?s=96&d=mm&r=g","width":96,"height":96,"caption":"da Reda\u00e7\u00e3o"}},{"@type":"WebPage","@id":"https:\/\/www.jornalja.com.br\/arquivo\/banco-de-talentos-vai-indicar-tres-nomes-para-secretariado-de-marchezan\/#webpage","url":"https:\/\/www.jornalja.com.br\/arquivo\/banco-de-talentos-vai-indicar-tres-nomes-para-secretariado-de-marchezan\/","name":"Banco de talentos vai indicar nomes para tr\u00eas secretarias de Marchezan | Arquivo","inLanguage":"pt-BR","isPartOf":{"@id":"https:\/\/www.jornalja.com.br\/arquivo\/#website"},"breadcrumb":{"@id":"https:\/\/www.jornalja.com.br\/arquivo\/banco-de-talentos-vai-indicar-tres-nomes-para-secretariado-de-marchezan\/#breadcrumblist"},"author":{"@id":"https:\/\/www.jornalja.com.br\/arquivo\/author\/daredacao\/#author"},"creator":{"@id":"https:\/\/www.jornalja.com.br\/arquivo\/author\/daredacao\/#author"},"image":{"@type":"ImageObject","url":42830,"@id":"https:\/\/www.jornalja.com.br\/arquivo\/banco-de-talentos-vai-indicar-tres-nomes-para-secretariado-de-marchezan\/#mainImage"},"primaryImageOfPage":{"@id":"https:\/\/www.jornalja.com.br\/arquivo\/banco-de-talentos-vai-indicar-tres-nomes-para-secretariado-de-marchezan\/#mainImage"},"datePublished":"2017-01-04T21:43:32-02:00","dateModified":"2017-01-04T21:43:32-02:00"},{"@type":"WebSite","@id":"https:\/\/www.jornalja.com.br\/arquivo\/#website","url":"https:\/\/www.jornalja.com.br\/arquivo\/","name":"Arquivo","description":"Jornal J\u00c1 | Porto Alegre","inLanguage":"pt-BR","publisher":{"@id":"https:\/\/www.jornalja.com.br\/arquivo\/#organization"}}]},"og:locale":"pt_BR","og:site_name":"Arquivo | Jornal J\u00c1 | Porto Alegre","og:type":"article","og:title":"Banco de talentos vai indicar nomes para tr\u00eas secretarias de Marchezan | Arquivo","og:url":"https:\/\/www.jornalja.com.br\/arquivo\/banco-de-talentos-vai-indicar-tres-nomes-para-secretariado-de-marchezan\/","og:image":"https:\/\/www.jornalja.com.br\/economics\/wp-content\/uploads\/sites\/11\/2026\/08\/ja-folhaderosto-facebook.jpg","og:image:secure_url":"https:\/\/www.jornalja.com.br\/economics\/wp-content\/uploads\/sites\/11\/2026\/08\/ja-folhaderosto-facebook.jpg","article:published_time":"2017-01-05T00:43:32+00:00","article:modified_time":"2017-01-05T00:43:32+00:00","twitter:card":"summary","twitter:title":"Banco de talentos vai indicar nomes para tr\u00eas secretarias de Marchezan | Arquivo","twitter:image":"https:\/\/www.jornalja.com.br\/economics\/wp-content\/uploads\/sites\/11\/2026\/08\/ja-folhaderosto-facebook.jpg"},"aioseo_meta_data":{"post_id":"42827","title":null,"description":null,"keywords":null,"keyphrases":null,"primary_term":null,"canonical_url":null,"og_title":null,"og_description":null,"og_object_type":"default","og_image_type":"default","og_image_url":null,"og_image_width":null,"og_image_height":null,"og_image_custom_url":null,"og_image_custom_fields":null,"og_video":null,"og_custom_url":null,"og_article_section":null,"og_article_tags":null,"twitter_use_og":false,"twitter_card":"default","twitter_image_type":"default","twitter_image_url":null,"twitter_image_custom_url":null,"twitter_image_custom_fields":null,"twitter_title":null,"twitter_description":null,"schema":{"blockGraphs":[],"customGraphs":[],"default":{"data":{"Article":[],"Course":[],"Dataset":[],"FAQPage":[],"Movie":[],"Person":[],"Product":[],"ProductReview":[],"Car":[],"Recipe":[],"Service":[],"SoftwareApplication":[],"WebPage":[]},"graphName":"","isEnabled":true},"graphs":[],"defaultGraph":"","defaultPostTypeGraph":""},"schema_type":null,"schema_type_options":null,"pillar_content":false,"robots_default":true,"robots_noindex":false,"robots_noarchive":false,"robots_nosnippet":false,"robots_nofollow":false,"robots_noimageindex":false,"robots_noodp":false,"robots_notranslate":false,"robots_max_snippet":null,"robots_max_videopreview":null,"robots_max_imagepreview":"large","priority":null,"frequency":null,"location":null,"local_seo":null,"breadcrumb_settings":null,"limit_modified_date":false,"ai":null,"created":"2020-12-20 20:43:21","updated":"2025-07-19 19:04:57","seo_analyzer_scan_date":null,"focus_keyword":null,"additional_keywords":null,"truseo_locale":null},"jetpack_sharing_enabled":true,"jetpack-related-posts":[{"id":5440,"url":"https:\/\/www.jornalja.com.br\/arquivo\/casarao-da-venancio-destino-permanece-incerto\/","url_meta":{"origin":42827,"position":0},"title":"Estado ainda n\u00e3o sabe o que fazer com casar\u00e3o abandonado h\u00e1 20 anos","author":"Elmar Bones","date":"6 de julho de 2009","format":false,"excerpt":"O casar\u00e3o amarelo, numa esquina nobre de Porto Alegre (Ven\u00e2ncio Aires com Jo\u00e3o Pessoa), j\u00e1 abrigou uma escola. H\u00e1 duas d\u00e9cadas, pelo menos, est\u00e1 abandonado, porque seu propriet\u00e1rio, o governo do Estado do Rio Grande do Sul, n\u00e3o consegue achar um destino para ele. Planos n\u00e3o faltaram. O governador Ol\u00edvio\u2026","rel":"","context":"Em &quot;X.Categorias velhas&quot;","block_context":{"text":"X.Categorias velhas","link":"https:\/\/www.jornalja.com.br\/arquivo\/category\/x-categorias-velhas\/"},"img":{"alt_text":"geraldo1","src":"https:\/\/i0.wp.com\/www.jornalja.com.br\/wp-content\/uploads\/2009\/07\/geraldo1.jpg?resize=350%2C200&ssl=1","width":350,"height":200},"classes":[]},{"id":12960,"url":"https:\/\/www.jornalja.com.br\/arquivo\/populacao-culpa-empresas-pela-greve-dos-rodoviarios\/","url_meta":{"origin":42827,"position":1},"title":"Popula\u00e7\u00e3o culpa empresas pela greve","author":"Patr\u00edcia Marini","date":"14 de fevereiro de 2014","format":false,"excerpt":"Pesquisa divulgada na edi\u00e7\u00e3o do jornal Metro desta sexta-feira,14, comprova o velho ditado: \u00e9 poss\u00edvel enganar muitos por algum tempo, mas n\u00e3o \u00e9 poss\u00edvel enganar a todos o tempo inteiro. A principal revela\u00e7\u00e3o foi que 59,8% dos entrevistados apontaram as empresas como as principais respons\u00e1veis pela grave e 46% culparam\u2026","rel":"","context":"Em &quot;X.Categorias velhas&quot;","block_context":{"text":"X.Categorias velhas","link":"https:\/\/www.jornalja.com.br\/arquivo\/category\/x-categorias-velhas\/"},"img":{"alt_text":"","src":"","width":0,"height":0},"classes":[]},{"id":13124,"url":"https:\/\/www.jornalja.com.br\/arquivo\/sangue-latino-no-iecine\/","url_meta":{"origin":42827,"position":2},"title":"Sangue latino no IECINE","author":"da Reda\u00e7\u00e3o","date":"18 de maio de 2014","format":false,"excerpt":"Francisco Ribeiro O Instituto Estadual de Cinema (IECINE) tem a frente, desde abril \u00faltimo, um novo diretor, o cineasta colombiano Juan Zapata, 36, que substitui Luiz Alberto Cassol. Radicado h\u00e1 dez anos em Porto Alegre, Zapata tem diante de si o desafio de conduzir at\u00e9 o final do ano um\u2026","rel":"","context":"Em &quot;Cultura-Geral&quot;","block_context":{"text":"Cultura-Geral","link":"https:\/\/www.jornalja.com.br\/arquivo\/category\/materiasecundaria\/"},"img":{"alt_text":"","src":"","width":0,"height":0},"classes":[]},{"id":13101,"url":"https:\/\/www.jornalja.com.br\/arquivo\/morre-um-guerreiro-do-texto\/","url_meta":{"origin":42827,"position":3},"title":"Morre um guerreiro do texto","author":"Patr\u00edcia Marini","date":"14 de maio de 2014","format":false,"excerpt":"Por Ricardo Kotscho Reproduzido do blog do autor, 11\/5\/2014; t\u00edtulo original \u201cE l\u00e1 se foi o nosso Myltainho, guerreiro do texto\u201d. Mi\u00fado e franzino, meu amigo Myltainho era um valente e inconformado guerreiro na luta contra as injusti\u00e7as sociais, a hipocrisia, as maracutaias, o autoritarismo, a intoler\u00e2ncia, a viol\u00eancia, o\u2026","rel":"","context":"Em &quot;Geral&quot;","block_context":{"text":"Geral","link":"https:\/\/www.jornalja.com.br\/arquivo\/category\/geral\/"},"img":{"alt_text":"","src":"","width":0,"height":0},"classes":[]},{"id":13240,"url":"https:\/\/www.jornalja.com.br\/arquivo\/plano-diretor-estamos-construindo-o-caos\/","url_meta":{"origin":42827,"position":4},"title":"Plano diretor: &quot;Estamos construindo o caos&quot;","author":"Patr\u00edcia Marini","date":"26 de maio de 2014","format":false,"excerpt":"Desabafo que arquiteta Eliana Castilhos, delegada da Regi\u00e3o de Planejamento 1, postou nas redes sociais \u00e9 um testemunho do ambiente que se criou no Conselho do Plano Diretor de Porto Alegre, onde a aprova\u00e7\u00e3o de grandes empreendimentos \u00e9 empurrada guela abaixo dos conselheiros. Ao CMDUA Como delegada da Regi\u00e3o de\u2026","rel":"","context":"Em &quot;Geral&quot;","block_context":{"text":"Geral","link":"https:\/\/www.jornalja.com.br\/arquivo\/category\/geral\/"},"img":{"alt_text":"","src":"","width":0,"height":0},"classes":[]},{"id":13239,"url":"https:\/\/www.jornalja.com.br\/arquivo\/conselho-desdenha-do-plano-diretor\/","url_meta":{"origin":42827,"position":5},"title":"Porto Alegre: Conselho detona Plano Diretor","author":"Patr\u00edcia Marini","date":"25 de maio de 2014","format":false,"excerpt":"Den\u00fancia do arquiteto e \u00a0urbanista Ibir\u00e1 Santos Lucas. Ele diz que os conselheiros est\u00e3o votando com \"enorme irresponsabilidade\". \"Mudam regime com a maior naturalidade,,,regularizam absurdos de constru\u00e7\u00f5es irregulares... \"O CMDUA est\u00e1 flexibilizando a lei do plano diretor, de uma forma impactante na vida da cidade. Mudam regime com a maior\u2026","rel":"","context":"Em &quot;Geral&quot;","block_context":{"text":"Geral","link":"https:\/\/www.jornalja.com.br\/arquivo\/category\/geral\/"},"img":{"alt_text":"","src":"","width":0,"height":0},"classes":[]}],"jetpack_shortlink":"https:\/\/wp.me\/pbQjBd-b8L","jetpack_featured_media_url":"","_links":{"self":[{"href":"https:\/\/www.jornalja.com.br\/arquivo\/wp-json\/wp\/v2\/posts\/42827","targetHints":{"allow":["GET"]}}],"collection":[{"href":"https:\/\/www.jornalja.com.br\/arquivo\/wp-json\/wp\/v2\/posts"}],"about":[{"href":"https:\/\/www.jornalja.com.br\/arquivo\/wp-json\/wp\/v2\/types\/post"}],"author":[{"embeddable":true,"href":"https:\/\/www.jornalja.com.br\/arquivo\/wp-json\/wp\/v2\/users\/4"}],"replies":[{"embeddable":true,"href":"https:\/\/www.jornalja.com.br\/arquivo\/wp-json\/wp\/v2\/comments?post=42827"}],"version-history":[{"count":0,"href":"https:\/\/www.jornalja.com.br\/arquivo\/wp-json\/wp\/v2\/posts\/42827\/revisions"}],"wp:attachment":[{"href":"https:\/\/www.jornalja.com.br\/arquivo\/wp-json\/wp\/v2\/media?parent=42827"}],"wp:term":[{"taxonomy":"category","embeddable":true,"href":"https:\/\/www.jornalja.com.br\/arquivo\/wp-json\/wp\/v2\/categories?post=42827"},{"taxonomy":"post_tag","embeddable":true,"href":"https:\/\/www.jornalja.com.br\/arquivo\/wp-json\/wp\/v2\/tags?post=42827"}],"curies":[{"name":"wp","href":"https:\/\/api.w.org\/{rel}","templated":true}]}}