{"id":42857,"date":"2017-01-05T15:01:51","date_gmt":"2017-01-05T18:01:51","guid":{"rendered":"https:\/\/www.jornalja.com.br\/?p=42857"},"modified":"2017-01-05T15:01:51","modified_gmt":"2017-01-05T18:01:51","slug":"demissoes-nas-fundacoes-extintas-poderao-passar-de-seis-meses","status":"publish","type":"post","link":"https:\/\/www.jornalja.com.br\/arquivo\/demissoes-nas-fundacoes-extintas-poderao-passar-de-seis-meses\/","title":{"rendered":"Demiss\u00f5es nas Funda\u00e7\u00f5es extintas poder\u00e3o passar de seis meses"},"content":{"rendered":"<p>O processo de demiss\u00e3o dos trabalhadores das funda\u00e7\u00f5es estaduais que entrar\u00e3o em processo de extin\u00e7\u00e3o autorizada pela Assembleia Legislativa na \u00faltima sess\u00e3o de dezembro de 2016, poder\u00e1 demorar mais de seis meses. A informa\u00e7\u00e3o \u00e9 do procurador \u2013geral do Estado Eus\u00e9bio Ruschel em entrevista a r\u00e1dio Gua\u00edba nesta quinta-feira (5). Conforme ele, o governo ainda est\u00e1 elaborando um rito completo das demiss\u00f5es e que prev\u00ea negocia\u00e7\u00f5es coletivas com os Sindicatos das categorias amea\u00e7adas.<br \/>\nNa quarta feira (4), a Justi\u00e7a do Trabalho proibiu, por liminar concedida a pedido do Sindicato dos Trabalhadores em Ind\u00fastrias Gr\u00e1ficas do RS, as demiss\u00f5es dos funcion\u00e1rios da Companhia Riograndense de Artes Gr\u00e1ficas (CORAG) id\u00eantica \u00e0 anterior concedida aos sindicatos dos jornalistas e\u00a0 radialistas no caso da Funda\u00e7\u00e3o Piratini.<br \/>\nRuschel explicou que um grupo de trabalho ser\u00e1 formado para discutir os recursos necess\u00e1rios e outros t\u00f3picos. &#8220;O grupo vai se debru\u00e7ar sobre essa quest\u00e3o financeira, tanto que um dos integrantes ser\u00e1 da Secretaria da Fazenda. A responsabilidade dele ser\u00e1 essa: trazer o cen\u00e1rio das finan\u00e7as e, nesse per\u00edodo de seis meses, elencar o custo mensal das rescis\u00f5es&#8221;, argumentou.\u00a0Segundo ele, as demiss\u00f5es come\u00e7ar\u00e3o pelos servidores mais novos e terminar\u00e3o com os mais antigos. O governador dever\u00e1 sancionar a lei das extin\u00e7\u00f5es na pr\u00f3xima semana.<br \/>\nNessa quinta-feira(5), a titular da 4\u00aa Vara do Trabalho de Porto Alegre, ju\u00edza Valdete Souto Severo,\u00a0determinou que mais cinco funda\u00e7\u00f5es do Rio Grande do Sul est\u00e3o proibidas de demitir empregados sem negocia\u00e7\u00e3o coletiva pr\u00e9via com o sindicato de cada categoria.<br \/>\nEla \u00a0acolheu a\u00e7\u00f5es ajuizadas pelo Sindicato dos Empregados em Empresas de Assessoramento, Per\u00edcias, Informa\u00e7\u00f5es e Pesquisa e de Funda\u00e7\u00f5es Estaduais do Rio Grande do Sul (Semapi) contra cinco \u00f3rg\u00e3os: Funda\u00e7\u00e3o para o Desenvolvimento de Recursos Humanos (FDRH), Funda\u00e7\u00e3o Zoobot\u00e2nica, Funda\u00e7\u00e3o de Economia e Estat\u00edstica (FEE), Funda\u00e7\u00e3o de Ci\u00eancia e Tecnologia (Cientec) e Funda\u00e7\u00e3o Estadual de Planejamento Metropolitano e Regional (Metroplan).<br \/>\nO ex-secret\u00e1rio da Fazenda do governo anterior, Odir Tonolier, afirmou que\u00a0 \u201cestas extin\u00e7\u00f5es de funda\u00e7\u00f5es s\u00e3o desnecess\u00e1rias e totalmente ideol\u00f3gicas pois s\u00e3o estruturas aut\u00f4nomas e que n\u00e3o causam nenhum \u00f4nus ao tesouro, pelo contr\u00e1rio colaboram com a administra\u00e7\u00e3o, como no caso da FEE, da \u00a0Funda\u00e7\u00e3o Zoobot\u00e2nica e outras \u201c.<br \/>\n&nbsp;<\/p>\n","protected":false},"excerpt":{"rendered":"<p>O processo de demiss\u00e3o dos trabalhadores das funda\u00e7\u00f5es estaduais que entrar\u00e3o em processo de extin\u00e7\u00e3o autorizada pela Assembleia Legislativa na \u00faltima sess\u00e3o de dezembro de 2016, poder\u00e1 demorar mais de seis meses. A informa\u00e7\u00e3o \u00e9 do procurador \u2013geral do Estado Eus\u00e9bio Ruschel em entrevista a r\u00e1dio Gua\u00edba nesta quinta-feira (5). Conforme ele, o governo ainda [&hellip;]<\/p>\n","protected":false},"author":4,"featured_media":42860,"comment_status":"open","ping_status":"closed","sticky":false,"template":"","format":"standard","meta":{"_jetpack_newsletter_access":"","_jetpack_dont_email_post_to_subs":false,"_jetpack_newsletter_tier_id":0,"_jetpack_memberships_contains_paywalled_content":false,"_jetpack_feature_clip_id":0,"_jetpack_memberships_contains_paid_content":false,"footnotes":"","jetpack_post_was_ever_published":false},"categories":[26],"tags":[],"class_list":["post-42857","post","type-post","status-publish","format-standard","has-post-thumbnail","hentry","category-geral"],"aioseo_notices":[],"aioseo_head":"\n\t\t<!-- All in One SEO 5.0.1.1 - aioseo.com -->\n\t<meta name=\"robots\" content=\"max-image-preview:large\" \/>\n\t<meta name=\"author\" content=\"da Reda\u00e7\u00e3o\"\/>\n\t<link rel=\"canonical\" href=\"https:\/\/www.jornalja.com.br\/arquivo\/demissoes-nas-fundacoes-extintas-poderao-passar-de-seis-meses\/\" \/>\n\t<meta name=\"generator\" content=\"All in One SEO (AIOSEO) 5.0.1.1\" \/>\n\t\t<meta property=\"og:locale\" content=\"pt_BR\" \/>\n\t\t<meta property=\"og:site_name\" content=\"Arquivo | Jornal J\u00c1 | Porto Alegre\" \/>\n\t\t<meta property=\"og:type\" content=\"article\" \/>\n\t\t<meta property=\"og:title\" content=\"Demiss\u00f5es nas Funda\u00e7\u00f5es extintas poder\u00e3o passar de seis meses | Arquivo\" \/>\n\t\t<meta property=\"og:url\" content=\"https:\/\/www.jornalja.com.br\/arquivo\/demissoes-nas-fundacoes-extintas-poderao-passar-de-seis-meses\/\" \/>\n\t\t<meta property=\"og:image\" content=\"https:\/\/www.jornalja.com.br\/economics\/wp-content\/uploads\/sites\/11\/2026\/08\/ja-folhaderosto-facebook.jpg\" \/>\n\t\t<meta property=\"og:image:secure_url\" content=\"https:\/\/www.jornalja.com.br\/economics\/wp-content\/uploads\/sites\/11\/2026\/08\/ja-folhaderosto-facebook.jpg\" \/>\n\t\t<meta property=\"article:published_time\" content=\"2017-01-05T18:01:51+00:00\" \/>\n\t\t<meta property=\"article:modified_time\" content=\"2017-01-05T18:01:51+00:00\" \/>\n\t\t<meta name=\"twitter:card\" content=\"summary\" \/>\n\t\t<meta name=\"twitter:title\" content=\"Demiss\u00f5es nas Funda\u00e7\u00f5es extintas poder\u00e3o passar de seis meses | Arquivo\" \/>\n\t\t<meta name=\"twitter:image\" content=\"https:\/\/www.jornalja.com.br\/economics\/wp-content\/uploads\/sites\/11\/2026\/08\/ja-folhaderosto-facebook.jpg\" \/>\n\t\t<script type=\"application\/ld+json\" class=\"aioseo-schema\">\n\t\t\t{\"@context\":\"https:\\\/\\\/schema.org\",\"@graph\":[{\"@type\":\"BlogPosting\",\"@id\":\"https:\\\/\\\/www.jornalja.com.br\\\/arquivo\\\/demissoes-nas-fundacoes-extintas-poderao-passar-de-seis-meses\\\/#blogposting\",\"name\":\"Demiss\\u00f5es nas Funda\\u00e7\\u00f5es extintas poder\\u00e3o passar de seis meses | Arquivo\",\"headline\":\"Demiss\\u00f5es nas Funda\\u00e7\\u00f5es extintas poder\\u00e3o passar de seis meses\",\"author\":{\"@id\":\"https:\\\/\\\/www.jornalja.com.br\\\/arquivo\\\/author\\\/daredacao\\\/#author\"},\"publisher\":{\"@id\":\"https:\\\/\\\/www.jornalja.com.br\\\/arquivo\\\/#organization\"},\"image\":{\"@type\":\"ImageObject\",\"url\":42860},\"datePublished\":\"2017-01-05T15:01:51-02:00\",\"dateModified\":\"2017-01-05T15:01:51-02:00\",\"inLanguage\":\"pt-BR\",\"mainEntityOfPage\":{\"@id\":\"https:\\\/\\\/www.jornalja.com.br\\\/arquivo\\\/demissoes-nas-fundacoes-extintas-poderao-passar-de-seis-meses\\\/#webpage\"},\"isPartOf\":{\"@id\":\"https:\\\/\\\/www.jornalja.com.br\\\/arquivo\\\/demissoes-nas-fundacoes-extintas-poderao-passar-de-seis-meses\\\/#webpage\"},\"articleSection\":\"Geral\"},{\"@type\":\"BreadcrumbList\",\"@id\":\"https:\\\/\\\/www.jornalja.com.br\\\/arquivo\\\/demissoes-nas-fundacoes-extintas-poderao-passar-de-seis-meses\\\/#breadcrumblist\",\"itemListElement\":[{\"@type\":\"ListItem\",\"@id\":\"https:\\\/\\\/www.jornalja.com.br\\\/arquivo#listItem\",\"position\":1,\"name\":\"Home\",\"item\":\"https:\\\/\\\/www.jornalja.com.br\\\/arquivo\",\"nextItem\":{\"@type\":\"ListItem\",\"@id\":\"https:\\\/\\\/www.jornalja.com.br\\\/arquivo\\\/category\\\/geral\\\/#listItem\",\"name\":\"Geral\"}},{\"@type\":\"ListItem\",\"@id\":\"https:\\\/\\\/www.jornalja.com.br\\\/arquivo\\\/category\\\/geral\\\/#listItem\",\"position\":2,\"name\":\"Geral\",\"item\":\"https:\\\/\\\/www.jornalja.com.br\\\/arquivo\\\/category\\\/geral\\\/\",\"nextItem\":{\"@type\":\"ListItem\",\"@id\":\"https:\\\/\\\/www.jornalja.com.br\\\/arquivo\\\/demissoes-nas-fundacoes-extintas-poderao-passar-de-seis-meses\\\/#listItem\",\"name\":\"Demiss\\u00f5es nas Funda\\u00e7\\u00f5es extintas poder\\u00e3o passar de seis meses\"},\"previousItem\":{\"@type\":\"ListItem\",\"@id\":\"https:\\\/\\\/www.jornalja.com.br\\\/arquivo#listItem\",\"name\":\"Home\"}},{\"@type\":\"ListItem\",\"@id\":\"https:\\\/\\\/www.jornalja.com.br\\\/arquivo\\\/demissoes-nas-fundacoes-extintas-poderao-passar-de-seis-meses\\\/#listItem\",\"position\":3,\"name\":\"Demiss\\u00f5es nas Funda\\u00e7\\u00f5es extintas poder\\u00e3o passar de seis meses\",\"previousItem\":{\"@type\":\"ListItem\",\"@id\":\"https:\\\/\\\/www.jornalja.com.br\\\/arquivo\\\/category\\\/geral\\\/#listItem\",\"name\":\"Geral\"}}]},{\"@type\":\"Organization\",\"@id\":\"https:\\\/\\\/www.jornalja.com.br\\\/arquivo\\\/#organization\",\"name\":\"Jornal J\\u00c1\",\"description\":\"Jornal J\\u00c1 | Porto Alegre\",\"url\":\"https:\\\/\\\/www.jornalja.com.br\\\/arquivo\\\/\",\"telephone\":\"+555133307272\",\"logo\":{\"@type\":\"ImageObject\",\"url\":\"https:\\\/\\\/www.jornalja.com.br\\\/wp-content\\\/uploads\\\/cards\\\/JAslogan.png\",\"@id\":\"https:\\\/\\\/www.jornalja.com.br\\\/arquivo\\\/demissoes-nas-fundacoes-extintas-poderao-passar-de-seis-meses\\\/#organizationLogo\"},\"image\":{\"@id\":\"https:\\\/\\\/www.jornalja.com.br\\\/arquivo\\\/demissoes-nas-fundacoes-extintas-poderao-passar-de-seis-meses\\\/#organizationLogo\"}},{\"@type\":\"Person\",\"@id\":\"https:\\\/\\\/www.jornalja.com.br\\\/arquivo\\\/author\\\/daredacao\\\/#author\",\"url\":\"https:\\\/\\\/www.jornalja.com.br\\\/arquivo\\\/author\\\/daredacao\\\/\",\"name\":\"da Reda\\u00e7\\u00e3o\",\"image\":{\"@type\":\"ImageObject\",\"@id\":\"https:\\\/\\\/www.jornalja.com.br\\\/arquivo\\\/demissoes-nas-fundacoes-extintas-poderao-passar-de-seis-meses\\\/#authorImage\",\"url\":\"https:\\\/\\\/secure.gravatar.com\\\/avatar\\\/469fd857d6605ad19919d27ed29d35a968a25f6e8fd9318356bbb7f57aae9c65?s=96&d=mm&r=g\",\"width\":96,\"height\":96,\"caption\":\"da Reda\\u00e7\\u00e3o\"}},{\"@type\":\"WebPage\",\"@id\":\"https:\\\/\\\/www.jornalja.com.br\\\/arquivo\\\/demissoes-nas-fundacoes-extintas-poderao-passar-de-seis-meses\\\/#webpage\",\"url\":\"https:\\\/\\\/www.jornalja.com.br\\\/arquivo\\\/demissoes-nas-fundacoes-extintas-poderao-passar-de-seis-meses\\\/\",\"name\":\"Demiss\\u00f5es nas Funda\\u00e7\\u00f5es extintas poder\\u00e3o passar de seis meses | Arquivo\",\"inLanguage\":\"pt-BR\",\"isPartOf\":{\"@id\":\"https:\\\/\\\/www.jornalja.com.br\\\/arquivo\\\/#website\"},\"breadcrumb\":{\"@id\":\"https:\\\/\\\/www.jornalja.com.br\\\/arquivo\\\/demissoes-nas-fundacoes-extintas-poderao-passar-de-seis-meses\\\/#breadcrumblist\"},\"author\":{\"@id\":\"https:\\\/\\\/www.jornalja.com.br\\\/arquivo\\\/author\\\/daredacao\\\/#author\"},\"creator\":{\"@id\":\"https:\\\/\\\/www.jornalja.com.br\\\/arquivo\\\/author\\\/daredacao\\\/#author\"},\"image\":{\"@type\":\"ImageObject\",\"url\":42860,\"@id\":\"https:\\\/\\\/www.jornalja.com.br\\\/arquivo\\\/demissoes-nas-fundacoes-extintas-poderao-passar-de-seis-meses\\\/#mainImage\"},\"primaryImageOfPage\":{\"@id\":\"https:\\\/\\\/www.jornalja.com.br\\\/arquivo\\\/demissoes-nas-fundacoes-extintas-poderao-passar-de-seis-meses\\\/#mainImage\"},\"datePublished\":\"2017-01-05T15:01:51-02:00\",\"dateModified\":\"2017-01-05T15:01:51-02:00\"},{\"@type\":\"WebSite\",\"@id\":\"https:\\\/\\\/www.jornalja.com.br\\\/arquivo\\\/#website\",\"url\":\"https:\\\/\\\/www.jornalja.com.br\\\/arquivo\\\/\",\"name\":\"Arquivo\",\"description\":\"Jornal J\\u00c1 | Porto Alegre\",\"inLanguage\":\"pt-BR\",\"publisher\":{\"@id\":\"https:\\\/\\\/www.jornalja.com.br\\\/arquivo\\\/#organization\"}}]}\n\t\t<\/script>\n\t\t<!-- All in One SEO -->\n\n","aioseo_head_json":{"title":"Demiss\u00f5es nas Funda\u00e7\u00f5es extintas poder\u00e3o passar de seis meses | Arquivo","description":"","canonical_url":"https:\/\/www.jornalja.com.br\/arquivo\/demissoes-nas-fundacoes-extintas-poderao-passar-de-seis-meses\/","robots":"max-image-preview:large","keywords":"","webmasterTools":{"miscellaneous":""},"schema":{"@context":"https:\/\/schema.org","@graph":[{"@type":"BlogPosting","@id":"https:\/\/www.jornalja.com.br\/arquivo\/demissoes-nas-fundacoes-extintas-poderao-passar-de-seis-meses\/#blogposting","name":"Demiss\u00f5es nas Funda\u00e7\u00f5es extintas poder\u00e3o passar de seis meses | Arquivo","headline":"Demiss\u00f5es nas Funda\u00e7\u00f5es extintas poder\u00e3o passar de seis meses","author":{"@id":"https:\/\/www.jornalja.com.br\/arquivo\/author\/daredacao\/#author"},"publisher":{"@id":"https:\/\/www.jornalja.com.br\/arquivo\/#organization"},"image":{"@type":"ImageObject","url":42860},"datePublished":"2017-01-05T15:01:51-02:00","dateModified":"2017-01-05T15:01:51-02:00","inLanguage":"pt-BR","mainEntityOfPage":{"@id":"https:\/\/www.jornalja.com.br\/arquivo\/demissoes-nas-fundacoes-extintas-poderao-passar-de-seis-meses\/#webpage"},"isPartOf":{"@id":"https:\/\/www.jornalja.com.br\/arquivo\/demissoes-nas-fundacoes-extintas-poderao-passar-de-seis-meses\/#webpage"},"articleSection":"Geral"},{"@type":"BreadcrumbList","@id":"https:\/\/www.jornalja.com.br\/arquivo\/demissoes-nas-fundacoes-extintas-poderao-passar-de-seis-meses\/#breadcrumblist","itemListElement":[{"@type":"ListItem","@id":"https:\/\/www.jornalja.com.br\/arquivo#listItem","position":1,"name":"Home","item":"https:\/\/www.jornalja.com.br\/arquivo","nextItem":{"@type":"ListItem","@id":"https:\/\/www.jornalja.com.br\/arquivo\/category\/geral\/#listItem","name":"Geral"}},{"@type":"ListItem","@id":"https:\/\/www.jornalja.com.br\/arquivo\/category\/geral\/#listItem","position":2,"name":"Geral","item":"https:\/\/www.jornalja.com.br\/arquivo\/category\/geral\/","nextItem":{"@type":"ListItem","@id":"https:\/\/www.jornalja.com.br\/arquivo\/demissoes-nas-fundacoes-extintas-poderao-passar-de-seis-meses\/#listItem","name":"Demiss\u00f5es nas Funda\u00e7\u00f5es extintas poder\u00e3o passar de seis meses"},"previousItem":{"@type":"ListItem","@id":"https:\/\/www.jornalja.com.br\/arquivo#listItem","name":"Home"}},{"@type":"ListItem","@id":"https:\/\/www.jornalja.com.br\/arquivo\/demissoes-nas-fundacoes-extintas-poderao-passar-de-seis-meses\/#listItem","position":3,"name":"Demiss\u00f5es nas Funda\u00e7\u00f5es extintas poder\u00e3o passar de seis meses","previousItem":{"@type":"ListItem","@id":"https:\/\/www.jornalja.com.br\/arquivo\/category\/geral\/#listItem","name":"Geral"}}]},{"@type":"Organization","@id":"https:\/\/www.jornalja.com.br\/arquivo\/#organization","name":"Jornal J\u00c1","description":"Jornal J\u00c1 | Porto Alegre","url":"https:\/\/www.jornalja.com.br\/arquivo\/","telephone":"+555133307272","logo":{"@type":"ImageObject","url":"https:\/\/www.jornalja.com.br\/wp-content\/uploads\/cards\/JAslogan.png","@id":"https:\/\/www.jornalja.com.br\/arquivo\/demissoes-nas-fundacoes-extintas-poderao-passar-de-seis-meses\/#organizationLogo"},"image":{"@id":"https:\/\/www.jornalja.com.br\/arquivo\/demissoes-nas-fundacoes-extintas-poderao-passar-de-seis-meses\/#organizationLogo"}},{"@type":"Person","@id":"https:\/\/www.jornalja.com.br\/arquivo\/author\/daredacao\/#author","url":"https:\/\/www.jornalja.com.br\/arquivo\/author\/daredacao\/","name":"da Reda\u00e7\u00e3o","image":{"@type":"ImageObject","@id":"https:\/\/www.jornalja.com.br\/arquivo\/demissoes-nas-fundacoes-extintas-poderao-passar-de-seis-meses\/#authorImage","url":"https:\/\/secure.gravatar.com\/avatar\/469fd857d6605ad19919d27ed29d35a968a25f6e8fd9318356bbb7f57aae9c65?s=96&d=mm&r=g","width":96,"height":96,"caption":"da Reda\u00e7\u00e3o"}},{"@type":"WebPage","@id":"https:\/\/www.jornalja.com.br\/arquivo\/demissoes-nas-fundacoes-extintas-poderao-passar-de-seis-meses\/#webpage","url":"https:\/\/www.jornalja.com.br\/arquivo\/demissoes-nas-fundacoes-extintas-poderao-passar-de-seis-meses\/","name":"Demiss\u00f5es nas Funda\u00e7\u00f5es extintas poder\u00e3o passar de seis meses | Arquivo","inLanguage":"pt-BR","isPartOf":{"@id":"https:\/\/www.jornalja.com.br\/arquivo\/#website"},"breadcrumb":{"@id":"https:\/\/www.jornalja.com.br\/arquivo\/demissoes-nas-fundacoes-extintas-poderao-passar-de-seis-meses\/#breadcrumblist"},"author":{"@id":"https:\/\/www.jornalja.com.br\/arquivo\/author\/daredacao\/#author"},"creator":{"@id":"https:\/\/www.jornalja.com.br\/arquivo\/author\/daredacao\/#author"},"image":{"@type":"ImageObject","url":42860,"@id":"https:\/\/www.jornalja.com.br\/arquivo\/demissoes-nas-fundacoes-extintas-poderao-passar-de-seis-meses\/#mainImage"},"primaryImageOfPage":{"@id":"https:\/\/www.jornalja.com.br\/arquivo\/demissoes-nas-fundacoes-extintas-poderao-passar-de-seis-meses\/#mainImage"},"datePublished":"2017-01-05T15:01:51-02:00","dateModified":"2017-01-05T15:01:51-02:00"},{"@type":"WebSite","@id":"https:\/\/www.jornalja.com.br\/arquivo\/#website","url":"https:\/\/www.jornalja.com.br\/arquivo\/","name":"Arquivo","description":"Jornal J\u00c1 | Porto Alegre","inLanguage":"pt-BR","publisher":{"@id":"https:\/\/www.jornalja.com.br\/arquivo\/#organization"}}]},"og:locale":"pt_BR","og:site_name":"Arquivo | Jornal J\u00c1 | Porto Alegre","og:type":"article","og:title":"Demiss\u00f5es nas Funda\u00e7\u00f5es extintas poder\u00e3o passar de seis meses | Arquivo","og:url":"https:\/\/www.jornalja.com.br\/arquivo\/demissoes-nas-fundacoes-extintas-poderao-passar-de-seis-meses\/","og:image":"https:\/\/www.jornalja.com.br\/economics\/wp-content\/uploads\/sites\/11\/2026\/08\/ja-folhaderosto-facebook.jpg","og:image:secure_url":"https:\/\/www.jornalja.com.br\/economics\/wp-content\/uploads\/sites\/11\/2026\/08\/ja-folhaderosto-facebook.jpg","article:published_time":"2017-01-05T18:01:51+00:00","article:modified_time":"2017-01-05T18:01:51+00:00","twitter:card":"summary","twitter:title":"Demiss\u00f5es nas Funda\u00e7\u00f5es extintas poder\u00e3o passar de seis meses | Arquivo","twitter:image":"https:\/\/www.jornalja.com.br\/economics\/wp-content\/uploads\/sites\/11\/2026\/08\/ja-folhaderosto-facebook.jpg"},"aioseo_meta_data":{"post_id":"42857","title":null,"description":null,"keywords":null,"keyphrases":null,"primary_term":null,"canonical_url":null,"og_title":null,"og_description":null,"og_object_type":"default","og_image_type":"default","og_image_url":null,"og_image_width":null,"og_image_height":null,"og_image_custom_url":null,"og_image_custom_fields":null,"og_video":null,"og_custom_url":null,"og_article_section":null,"og_article_tags":null,"twitter_use_og":false,"twitter_card":"default","twitter_image_type":"default","twitter_image_url":null,"twitter_image_custom_url":null,"twitter_image_custom_fields":null,"twitter_title":null,"twitter_description":null,"schema":{"blockGraphs":[],"customGraphs":[],"default":{"data":{"Article":[],"Course":[],"Dataset":[],"FAQPage":[],"Movie":[],"Person":[],"Product":[],"ProductReview":[],"Car":[],"Recipe":[],"Service":[],"SoftwareApplication":[],"WebPage":[]},"graphName":"","isEnabled":true},"graphs":[],"defaultGraph":"","defaultPostTypeGraph":""},"schema_type":null,"schema_type_options":null,"pillar_content":false,"robots_default":true,"robots_noindex":false,"robots_noarchive":false,"robots_nosnippet":false,"robots_nofollow":false,"robots_noimageindex":false,"robots_noodp":false,"robots_notranslate":false,"robots_max_snippet":null,"robots_max_videopreview":null,"robots_max_imagepreview":"large","priority":null,"frequency":null,"location":null,"local_seo":null,"breadcrumb_settings":null,"limit_modified_date":false,"ai":null,"created":"2020-12-20 20:43:21","updated":"2025-07-19 19:04:57","seo_analyzer_scan_date":null,"focus_keyword":null,"additional_keywords":null,"truseo_locale":null},"jetpack_sharing_enabled":true,"jetpack-related-posts":[{"id":1280,"url":"https:\/\/www.jornalja.com.br\/arquivo\/o-menino-que-se-tornou-brizola\/","url_meta":{"origin":42857,"position":0},"title":"O Menino que se Tornou Brizola","author":"da Reda\u00e7\u00e3o","date":"28 de julho de 2008","format":false,"excerpt":"Autor: Cleber Dioni A vida de Leonel Brizola, com \u00eanfase para os primeiros anos em Porto Alegre, at\u00e9 o ex\u00edlio no Uruguai e a volta, quinze anos depois. \u00a0\"...\u00c9ramos todos jovens e nos identific\u00e1vamos com aquela massa an\u00f4nima a percorrer as ruas de Porto Alegre, gritando 'Get\u00falio', 'Get\u00falio' e empunhando\u2026","rel":"","context":"Em &quot;Livros&quot;","block_context":{"text":"Livros","link":"https:\/\/www.jornalja.com.br\/arquivo\/category\/livros\/"},"img":{"alt_text":"","src":"https:\/\/i0.wp.com\/www.jornalja.com.br\/wp-content\/uploads\/2008\/07\/brizola.gif?resize=350%2C200&ssl=1","width":350,"height":200},"classes":[]},{"id":13124,"url":"https:\/\/www.jornalja.com.br\/arquivo\/sangue-latino-no-iecine\/","url_meta":{"origin":42857,"position":1},"title":"Sangue latino no IECINE","author":"da Reda\u00e7\u00e3o","date":"18 de maio de 2014","format":false,"excerpt":"Francisco Ribeiro O Instituto Estadual de Cinema (IECINE) tem a frente, desde abril \u00faltimo, um novo diretor, o cineasta colombiano Juan Zapata, 36, que substitui Luiz Alberto Cassol. Radicado h\u00e1 dez anos em Porto Alegre, Zapata tem diante de si o desafio de conduzir at\u00e9 o final do ano um\u2026","rel":"","context":"Em &quot;Cultura-Geral&quot;","block_context":{"text":"Cultura-Geral","link":"https:\/\/www.jornalja.com.br\/arquivo\/category\/materiasecundaria\/"},"img":{"alt_text":"","src":"","width":0,"height":0},"classes":[]},{"id":13239,"url":"https:\/\/www.jornalja.com.br\/arquivo\/conselho-desdenha-do-plano-diretor\/","url_meta":{"origin":42857,"position":2},"title":"Porto Alegre: Conselho detona Plano Diretor","author":"Patr\u00edcia Marini","date":"25 de maio de 2014","format":false,"excerpt":"Den\u00fancia do arquiteto e \u00a0urbanista Ibir\u00e1 Santos Lucas. Ele diz que os conselheiros est\u00e3o votando com \"enorme irresponsabilidade\". \"Mudam regime com a maior naturalidade,,,regularizam absurdos de constru\u00e7\u00f5es irregulares... \"O CMDUA est\u00e1 flexibilizando a lei do plano diretor, de uma forma impactante na vida da cidade. Mudam regime com a maior\u2026","rel":"","context":"Em &quot;Geral&quot;","block_context":{"text":"Geral","link":"https:\/\/www.jornalja.com.br\/arquivo\/category\/geral\/"},"img":{"alt_text":"","src":"","width":0,"height":0},"classes":[]},{"id":13101,"url":"https:\/\/www.jornalja.com.br\/arquivo\/morre-um-guerreiro-do-texto\/","url_meta":{"origin":42857,"position":3},"title":"Morre um guerreiro do texto","author":"Patr\u00edcia Marini","date":"14 de maio de 2014","format":false,"excerpt":"Por Ricardo Kotscho Reproduzido do blog do autor, 11\/5\/2014; t\u00edtulo original \u201cE l\u00e1 se foi o nosso Myltainho, guerreiro do texto\u201d. Mi\u00fado e franzino, meu amigo Myltainho era um valente e inconformado guerreiro na luta contra as injusti\u00e7as sociais, a hipocrisia, as maracutaias, o autoritarismo, a intoler\u00e2ncia, a viol\u00eancia, o\u2026","rel":"","context":"Em &quot;Geral&quot;","block_context":{"text":"Geral","link":"https:\/\/www.jornalja.com.br\/arquivo\/category\/geral\/"},"img":{"alt_text":"","src":"","width":0,"height":0},"classes":[]},{"id":13109,"url":"https:\/\/www.jornalja.com.br\/arquivo\/judiciario-reconhece-poluicao-eletromagnetica\/","url_meta":{"origin":42857,"position":4},"title":"Judici\u00e1rio reconhece polui\u00e7\u00e3o eletromagn\u00e9tica","author":"Patr\u00edcia Marini","date":"16 de maio de 2014","format":false,"excerpt":"A\u00e7\u00e3o de duas associa\u00e7\u00f5es de moradores foi acolhida pelo Tribunal de Justi\u00e7a de S\u00e3o Paulo que. em decis\u00e3o in\u00e9dita, determinou a redu\u00e7\u00e3o do campo eletromagn\u00e9tico gerado pelas linhas de transmiss\u00e3o de energia que cortam os bairros City Boa\u00e7ava e Alto de Pinheiros. \u00c9 a primeira vez que um tribunal do\u2026","rel":"","context":"Em &quot;X.Categorias velhas&quot;","block_context":{"text":"X.Categorias velhas","link":"https:\/\/www.jornalja.com.br\/arquivo\/category\/x-categorias-velhas\/"},"img":{"alt_text":"","src":"","width":0,"height":0},"classes":[]},{"id":14241,"url":"https:\/\/www.jornalja.com.br\/arquivo\/o-guaiba-nas-imagens-poeticas-de-achutti\/","url_meta":{"origin":42857,"position":5},"title":"O Gua\u00edba nas imagens po\u00e9ticas de Achutti","author":"da Reda\u00e7\u00e3o","date":"18 de junho de 2014","format":false,"excerpt":"Em \u201cO Gua\u00edba por Achutti\u201d \u2013 obra financiada via Minist\u00e9rio da Cultura, produ\u00e7\u00e3o executiva de Pedro Longhi, e Fl\u00e1vio Wild como designer \u2013, o fot\u00f3grafo revela a beleza e as mazelas de um espa\u00e7o aqu\u00e1tico de \u00e1guas sempre renovadas, cheio de hist\u00f3rias e lendas como as das cidades que foram\u2026","rel":"","context":"Em &quot;Cultura-Geral&quot;","block_context":{"text":"Cultura-Geral","link":"https:\/\/www.jornalja.com.br\/arquivo\/category\/materiasecundaria\/"},"img":{"alt_text":"","src":"","width":0,"height":0},"classes":[]}],"jetpack_shortlink":"https:\/\/wp.me\/pbQjBd-b9f","jetpack_featured_media_url":"","_links":{"self":[{"href":"https:\/\/www.jornalja.com.br\/arquivo\/wp-json\/wp\/v2\/posts\/42857","targetHints":{"allow":["GET"]}}],"collection":[{"href":"https:\/\/www.jornalja.com.br\/arquivo\/wp-json\/wp\/v2\/posts"}],"about":[{"href":"https:\/\/www.jornalja.com.br\/arquivo\/wp-json\/wp\/v2\/types\/post"}],"author":[{"embeddable":true,"href":"https:\/\/www.jornalja.com.br\/arquivo\/wp-json\/wp\/v2\/users\/4"}],"replies":[{"embeddable":true,"href":"https:\/\/www.jornalja.com.br\/arquivo\/wp-json\/wp\/v2\/comments?post=42857"}],"version-history":[{"count":0,"href":"https:\/\/www.jornalja.com.br\/arquivo\/wp-json\/wp\/v2\/posts\/42857\/revisions"}],"wp:attachment":[{"href":"https:\/\/www.jornalja.com.br\/arquivo\/wp-json\/wp\/v2\/media?parent=42857"}],"wp:term":[{"taxonomy":"category","embeddable":true,"href":"https:\/\/www.jornalja.com.br\/arquivo\/wp-json\/wp\/v2\/categories?post=42857"},{"taxonomy":"post_tag","embeddable":true,"href":"https:\/\/www.jornalja.com.br\/arquivo\/wp-json\/wp\/v2\/tags?post=42857"}],"curies":[{"name":"wp","href":"https:\/\/api.w.org\/{rel}","templated":true}]}}