{"id":42935,"date":"2017-01-06T18:42:56","date_gmt":"2017-01-06T21:42:56","guid":{"rendered":"https:\/\/www.jornalja.com.br\/?p=42935"},"modified":"2017-01-06T18:42:56","modified_gmt":"2017-01-06T21:42:56","slug":"camara-de-vereadores-briga-politica-nos-primeiros-dias-do-ano","status":"publish","type":"post","link":"https:\/\/www.jornalja.com.br\/arquivo\/camara-de-vereadores-briga-politica-nos-primeiros-dias-do-ano\/","title":{"rendered":"C\u00e2mara de vereadores inicia o ano com disputas por cargos"},"content":{"rendered":"<p>Na \u00faltima quinta-feira (5) o \u00a0juiz Sandro Silva Sanchotene, da 17\u00aa Vara C\u00edvel do Foro Central de Porto Alegre, determinou que a C\u00e2mara Municipal d\u00ea imediata posse ao vereador Prof. Alex Fraga (PSOL) no cargo de 3\u00ba Secret\u00e1rio da mesa diretora e a posse do vereador Marcelo Sgarbossa (PT) ao cargo de Presidente da Cedecondh e do Prof. Alex Fraga ao cargo de Vice-Presidente da mesma comiss\u00e3o.\u00a0A posse deve ocorrer na pr\u00f3xima segunda (9) pela parte da manh\u00e3 onde os vereadores da oposi\u00e7\u00e3o estar\u00e3o presentes aguardando a nomea\u00e7\u00e3o.<br \/>\nEsta foi a segunda disputa pol\u00edtica s\u00e9ria desta legislatura. A primeira, que decidiu a Mesa Diretora, reelegeu o vereador Cassio Trogildo (PTB) como presidente da casa. Os outros\u00a0cargos foram \u00a0ocupados por vereadores que hoje comp\u00f5e a base do governo. O bloco da oposi\u00e7\u00e3o, formado por PSOL e PT disputou e perdeu todas as vagas.<br \/>\nNa \u00faltima , para a terceira secretaria, foi apresentada apenas a candidatura \u00a0do vereador Professor Alex Fraga (PSOL) em raz\u00e3o da decis\u00e3o liminar, concedida ao bloco PT\/PSOL que exigiu\u00a0proporcionalidade na composi\u00e7\u00e3o da Mesa Diretora e comiss\u00f5es permanentes j\u00e1 que possui 1\/6 das cadeiras do legislativo. A lei da proporcionalidade est\u00e1 na Constitui\u00e7\u00e3o Federal e est\u00e1 no regimento interno da casa. Por\u00e9m Fraga n\u00e3o obteve os votos necess\u00e1rios para ocupar a vaga e n\u00e3o teve a posse concedida pelo Presidente que considerou o cargo vago.<br \/>\nDisputa similar ocorreu para a defini\u00e7\u00e3o das composi\u00e7\u00f5es da comiss\u00f5es permanentes. Cinco comiss\u00f5es tiveram definidas suas presid\u00eancias ent\u00e3o sem nem um parlamentar da oposi\u00e7\u00e3o, quando ainda restava a vota\u00e7\u00e3o para a Comiss\u00e3o de Defesa do Consumidor e Direitos Humanos e Seguran\u00e7a Urbana\u00a0(Cedecondh) , que n\u00e3o teve consenso, os vereadores da situa\u00e7\u00e3o se retiraram e a falta de qu\u00f3rum impediu a vota\u00e7\u00e3o.\u00a0Na quinta-feira (5), o bloco PT\/PSOL \u00a0 ingressou com um novo pedido judicial.<br \/>\nA ordem judicial ainda n\u00e3o \u00a0foi cumprida j\u00e1 que o presidente Cassio Trogildo n\u00e3o compareceu a C\u00e2mara de Vereadores nesta sexta-feira. Segundo a Assessoria da casa, Trogildo\u00a0deve seguir a orienta\u00e7\u00e3o da Procuradoria da casa que recebeu o mandado judicial.<br \/>\n&nbsp;<\/p>\n","protected":false},"excerpt":{"rendered":"<p>Na \u00faltima quinta-feira (5) o \u00a0juiz Sandro Silva Sanchotene, da 17\u00aa Vara C\u00edvel do Foro Central de Porto Alegre, determinou que a C\u00e2mara Municipal d\u00ea imediata posse ao vereador Prof. Alex Fraga (PSOL) no cargo de 3\u00ba Secret\u00e1rio da mesa diretora e a posse do vereador Marcelo Sgarbossa (PT) ao cargo de Presidente da Cedecondh [&hellip;]<\/p>\n","protected":false},"author":4,"featured_media":42938,"comment_status":"open","ping_status":"closed","sticky":false,"template":"","format":"standard","meta":{"_jetpack_newsletter_access":"","_jetpack_dont_email_post_to_subs":false,"_jetpack_newsletter_tier_id":0,"_jetpack_memberships_contains_paywalled_content":false,"_jetpack_feature_clip_id":0,"_jetpack_memberships_contains_paid_content":false,"footnotes":"","jetpack_post_was_ever_published":false},"categories":[26],"tags":[],"class_list":["post-42935","post","type-post","status-publish","format-standard","has-post-thumbnail","hentry","category-geral"],"aioseo_notices":[],"aioseo_head":"\n\t\t<!-- All in One SEO 5.0.1.1 - aioseo.com -->\n\t<meta name=\"robots\" content=\"max-image-preview:large\" \/>\n\t<meta name=\"author\" content=\"da Reda\u00e7\u00e3o\"\/>\n\t<link rel=\"canonical\" href=\"https:\/\/www.jornalja.com.br\/arquivo\/camara-de-vereadores-briga-politica-nos-primeiros-dias-do-ano\/\" \/>\n\t<meta name=\"generator\" content=\"All in One SEO (AIOSEO) 5.0.1.1\" \/>\n\t\t<meta property=\"og:locale\" content=\"pt_BR\" \/>\n\t\t<meta property=\"og:site_name\" content=\"Arquivo | Jornal J\u00c1 | Porto Alegre\" \/>\n\t\t<meta property=\"og:type\" content=\"article\" \/>\n\t\t<meta property=\"og:title\" content=\"C\u00e2mara de vereadores inicia o ano com disputas por cargos | Arquivo\" \/>\n\t\t<meta property=\"og:url\" content=\"https:\/\/www.jornalja.com.br\/arquivo\/camara-de-vereadores-briga-politica-nos-primeiros-dias-do-ano\/\" \/>\n\t\t<meta property=\"og:image\" content=\"https:\/\/www.jornalja.com.br\/economics\/wp-content\/uploads\/sites\/11\/2026\/08\/ja-folhaderosto-facebook.jpg\" \/>\n\t\t<meta property=\"og:image:secure_url\" content=\"https:\/\/www.jornalja.com.br\/economics\/wp-content\/uploads\/sites\/11\/2026\/08\/ja-folhaderosto-facebook.jpg\" \/>\n\t\t<meta property=\"article:published_time\" content=\"2017-01-06T21:42:56+00:00\" \/>\n\t\t<meta property=\"article:modified_time\" content=\"2017-01-06T21:42:56+00:00\" \/>\n\t\t<meta name=\"twitter:card\" content=\"summary\" \/>\n\t\t<meta name=\"twitter:title\" content=\"C\u00e2mara de vereadores inicia o ano com disputas por cargos | Arquivo\" \/>\n\t\t<meta name=\"twitter:image\" content=\"https:\/\/www.jornalja.com.br\/economics\/wp-content\/uploads\/sites\/11\/2026\/08\/ja-folhaderosto-facebook.jpg\" \/>\n\t\t<script type=\"application\/ld+json\" class=\"aioseo-schema\">\n\t\t\t{\"@context\":\"https:\\\/\\\/schema.org\",\"@graph\":[{\"@type\":\"BlogPosting\",\"@id\":\"https:\\\/\\\/www.jornalja.com.br\\\/arquivo\\\/camara-de-vereadores-briga-politica-nos-primeiros-dias-do-ano\\\/#blogposting\",\"name\":\"C\\u00e2mara de vereadores inicia o ano com disputas por cargos | Arquivo\",\"headline\":\"C\\u00e2mara de vereadores inicia o ano com disputas por cargos\",\"author\":{\"@id\":\"https:\\\/\\\/www.jornalja.com.br\\\/arquivo\\\/author\\\/daredacao\\\/#author\"},\"publisher\":{\"@id\":\"https:\\\/\\\/www.jornalja.com.br\\\/arquivo\\\/#organization\"},\"image\":{\"@type\":\"ImageObject\",\"url\":42938},\"datePublished\":\"2017-01-06T18:42:56-02:00\",\"dateModified\":\"2017-01-06T18:42:56-02:00\",\"inLanguage\":\"pt-BR\",\"mainEntityOfPage\":{\"@id\":\"https:\\\/\\\/www.jornalja.com.br\\\/arquivo\\\/camara-de-vereadores-briga-politica-nos-primeiros-dias-do-ano\\\/#webpage\"},\"isPartOf\":{\"@id\":\"https:\\\/\\\/www.jornalja.com.br\\\/arquivo\\\/camara-de-vereadores-briga-politica-nos-primeiros-dias-do-ano\\\/#webpage\"},\"articleSection\":\"Geral\"},{\"@type\":\"BreadcrumbList\",\"@id\":\"https:\\\/\\\/www.jornalja.com.br\\\/arquivo\\\/camara-de-vereadores-briga-politica-nos-primeiros-dias-do-ano\\\/#breadcrumblist\",\"itemListElement\":[{\"@type\":\"ListItem\",\"@id\":\"https:\\\/\\\/www.jornalja.com.br\\\/arquivo#listItem\",\"position\":1,\"name\":\"Home\",\"item\":\"https:\\\/\\\/www.jornalja.com.br\\\/arquivo\",\"nextItem\":{\"@type\":\"ListItem\",\"@id\":\"https:\\\/\\\/www.jornalja.com.br\\\/arquivo\\\/category\\\/geral\\\/#listItem\",\"name\":\"Geral\"}},{\"@type\":\"ListItem\",\"@id\":\"https:\\\/\\\/www.jornalja.com.br\\\/arquivo\\\/category\\\/geral\\\/#listItem\",\"position\":2,\"name\":\"Geral\",\"item\":\"https:\\\/\\\/www.jornalja.com.br\\\/arquivo\\\/category\\\/geral\\\/\",\"nextItem\":{\"@type\":\"ListItem\",\"@id\":\"https:\\\/\\\/www.jornalja.com.br\\\/arquivo\\\/camara-de-vereadores-briga-politica-nos-primeiros-dias-do-ano\\\/#listItem\",\"name\":\"C\\u00e2mara de vereadores inicia o ano com disputas por cargos\"},\"previousItem\":{\"@type\":\"ListItem\",\"@id\":\"https:\\\/\\\/www.jornalja.com.br\\\/arquivo#listItem\",\"name\":\"Home\"}},{\"@type\":\"ListItem\",\"@id\":\"https:\\\/\\\/www.jornalja.com.br\\\/arquivo\\\/camara-de-vereadores-briga-politica-nos-primeiros-dias-do-ano\\\/#listItem\",\"position\":3,\"name\":\"C\\u00e2mara de vereadores inicia o ano com disputas por cargos\",\"previousItem\":{\"@type\":\"ListItem\",\"@id\":\"https:\\\/\\\/www.jornalja.com.br\\\/arquivo\\\/category\\\/geral\\\/#listItem\",\"name\":\"Geral\"}}]},{\"@type\":\"Organization\",\"@id\":\"https:\\\/\\\/www.jornalja.com.br\\\/arquivo\\\/#organization\",\"name\":\"Jornal J\\u00c1\",\"description\":\"Jornal J\\u00c1 | Porto Alegre\",\"url\":\"https:\\\/\\\/www.jornalja.com.br\\\/arquivo\\\/\",\"telephone\":\"+555133307272\",\"logo\":{\"@type\":\"ImageObject\",\"url\":\"https:\\\/\\\/www.jornalja.com.br\\\/wp-content\\\/uploads\\\/cards\\\/JAslogan.png\",\"@id\":\"https:\\\/\\\/www.jornalja.com.br\\\/arquivo\\\/camara-de-vereadores-briga-politica-nos-primeiros-dias-do-ano\\\/#organizationLogo\"},\"image\":{\"@id\":\"https:\\\/\\\/www.jornalja.com.br\\\/arquivo\\\/camara-de-vereadores-briga-politica-nos-primeiros-dias-do-ano\\\/#organizationLogo\"}},{\"@type\":\"Person\",\"@id\":\"https:\\\/\\\/www.jornalja.com.br\\\/arquivo\\\/author\\\/daredacao\\\/#author\",\"url\":\"https:\\\/\\\/www.jornalja.com.br\\\/arquivo\\\/author\\\/daredacao\\\/\",\"name\":\"da Reda\\u00e7\\u00e3o\",\"image\":{\"@type\":\"ImageObject\",\"@id\":\"https:\\\/\\\/www.jornalja.com.br\\\/arquivo\\\/camara-de-vereadores-briga-politica-nos-primeiros-dias-do-ano\\\/#authorImage\",\"url\":\"https:\\\/\\\/secure.gravatar.com\\\/avatar\\\/469fd857d6605ad19919d27ed29d35a968a25f6e8fd9318356bbb7f57aae9c65?s=96&d=mm&r=g\",\"width\":96,\"height\":96,\"caption\":\"da Reda\\u00e7\\u00e3o\"}},{\"@type\":\"WebPage\",\"@id\":\"https:\\\/\\\/www.jornalja.com.br\\\/arquivo\\\/camara-de-vereadores-briga-politica-nos-primeiros-dias-do-ano\\\/#webpage\",\"url\":\"https:\\\/\\\/www.jornalja.com.br\\\/arquivo\\\/camara-de-vereadores-briga-politica-nos-primeiros-dias-do-ano\\\/\",\"name\":\"C\\u00e2mara de vereadores inicia o ano com disputas por cargos | Arquivo\",\"inLanguage\":\"pt-BR\",\"isPartOf\":{\"@id\":\"https:\\\/\\\/www.jornalja.com.br\\\/arquivo\\\/#website\"},\"breadcrumb\":{\"@id\":\"https:\\\/\\\/www.jornalja.com.br\\\/arquivo\\\/camara-de-vereadores-briga-politica-nos-primeiros-dias-do-ano\\\/#breadcrumblist\"},\"author\":{\"@id\":\"https:\\\/\\\/www.jornalja.com.br\\\/arquivo\\\/author\\\/daredacao\\\/#author\"},\"creator\":{\"@id\":\"https:\\\/\\\/www.jornalja.com.br\\\/arquivo\\\/author\\\/daredacao\\\/#author\"},\"image\":{\"@type\":\"ImageObject\",\"url\":42938,\"@id\":\"https:\\\/\\\/www.jornalja.com.br\\\/arquivo\\\/camara-de-vereadores-briga-politica-nos-primeiros-dias-do-ano\\\/#mainImage\"},\"primaryImageOfPage\":{\"@id\":\"https:\\\/\\\/www.jornalja.com.br\\\/arquivo\\\/camara-de-vereadores-briga-politica-nos-primeiros-dias-do-ano\\\/#mainImage\"},\"datePublished\":\"2017-01-06T18:42:56-02:00\",\"dateModified\":\"2017-01-06T18:42:56-02:00\"},{\"@type\":\"WebSite\",\"@id\":\"https:\\\/\\\/www.jornalja.com.br\\\/arquivo\\\/#website\",\"url\":\"https:\\\/\\\/www.jornalja.com.br\\\/arquivo\\\/\",\"name\":\"Arquivo\",\"description\":\"Jornal J\\u00c1 | Porto Alegre\",\"inLanguage\":\"pt-BR\",\"publisher\":{\"@id\":\"https:\\\/\\\/www.jornalja.com.br\\\/arquivo\\\/#organization\"}}]}\n\t\t<\/script>\n\t\t<!-- All in One SEO -->\n\n","aioseo_head_json":{"title":"C\u00e2mara de vereadores inicia o ano com disputas por cargos | Arquivo","description":"","canonical_url":"https:\/\/www.jornalja.com.br\/arquivo\/camara-de-vereadores-briga-politica-nos-primeiros-dias-do-ano\/","robots":"max-image-preview:large","keywords":"","webmasterTools":{"miscellaneous":""},"schema":{"@context":"https:\/\/schema.org","@graph":[{"@type":"BlogPosting","@id":"https:\/\/www.jornalja.com.br\/arquivo\/camara-de-vereadores-briga-politica-nos-primeiros-dias-do-ano\/#blogposting","name":"C\u00e2mara de vereadores inicia o ano com disputas por cargos | Arquivo","headline":"C\u00e2mara de vereadores inicia o ano com disputas por cargos","author":{"@id":"https:\/\/www.jornalja.com.br\/arquivo\/author\/daredacao\/#author"},"publisher":{"@id":"https:\/\/www.jornalja.com.br\/arquivo\/#organization"},"image":{"@type":"ImageObject","url":42938},"datePublished":"2017-01-06T18:42:56-02:00","dateModified":"2017-01-06T18:42:56-02:00","inLanguage":"pt-BR","mainEntityOfPage":{"@id":"https:\/\/www.jornalja.com.br\/arquivo\/camara-de-vereadores-briga-politica-nos-primeiros-dias-do-ano\/#webpage"},"isPartOf":{"@id":"https:\/\/www.jornalja.com.br\/arquivo\/camara-de-vereadores-briga-politica-nos-primeiros-dias-do-ano\/#webpage"},"articleSection":"Geral"},{"@type":"BreadcrumbList","@id":"https:\/\/www.jornalja.com.br\/arquivo\/camara-de-vereadores-briga-politica-nos-primeiros-dias-do-ano\/#breadcrumblist","itemListElement":[{"@type":"ListItem","@id":"https:\/\/www.jornalja.com.br\/arquivo#listItem","position":1,"name":"Home","item":"https:\/\/www.jornalja.com.br\/arquivo","nextItem":{"@type":"ListItem","@id":"https:\/\/www.jornalja.com.br\/arquivo\/category\/geral\/#listItem","name":"Geral"}},{"@type":"ListItem","@id":"https:\/\/www.jornalja.com.br\/arquivo\/category\/geral\/#listItem","position":2,"name":"Geral","item":"https:\/\/www.jornalja.com.br\/arquivo\/category\/geral\/","nextItem":{"@type":"ListItem","@id":"https:\/\/www.jornalja.com.br\/arquivo\/camara-de-vereadores-briga-politica-nos-primeiros-dias-do-ano\/#listItem","name":"C\u00e2mara de vereadores inicia o ano com disputas por cargos"},"previousItem":{"@type":"ListItem","@id":"https:\/\/www.jornalja.com.br\/arquivo#listItem","name":"Home"}},{"@type":"ListItem","@id":"https:\/\/www.jornalja.com.br\/arquivo\/camara-de-vereadores-briga-politica-nos-primeiros-dias-do-ano\/#listItem","position":3,"name":"C\u00e2mara de vereadores inicia o ano com disputas por cargos","previousItem":{"@type":"ListItem","@id":"https:\/\/www.jornalja.com.br\/arquivo\/category\/geral\/#listItem","name":"Geral"}}]},{"@type":"Organization","@id":"https:\/\/www.jornalja.com.br\/arquivo\/#organization","name":"Jornal J\u00c1","description":"Jornal J\u00c1 | Porto Alegre","url":"https:\/\/www.jornalja.com.br\/arquivo\/","telephone":"+555133307272","logo":{"@type":"ImageObject","url":"https:\/\/www.jornalja.com.br\/wp-content\/uploads\/cards\/JAslogan.png","@id":"https:\/\/www.jornalja.com.br\/arquivo\/camara-de-vereadores-briga-politica-nos-primeiros-dias-do-ano\/#organizationLogo"},"image":{"@id":"https:\/\/www.jornalja.com.br\/arquivo\/camara-de-vereadores-briga-politica-nos-primeiros-dias-do-ano\/#organizationLogo"}},{"@type":"Person","@id":"https:\/\/www.jornalja.com.br\/arquivo\/author\/daredacao\/#author","url":"https:\/\/www.jornalja.com.br\/arquivo\/author\/daredacao\/","name":"da Reda\u00e7\u00e3o","image":{"@type":"ImageObject","@id":"https:\/\/www.jornalja.com.br\/arquivo\/camara-de-vereadores-briga-politica-nos-primeiros-dias-do-ano\/#authorImage","url":"https:\/\/secure.gravatar.com\/avatar\/469fd857d6605ad19919d27ed29d35a968a25f6e8fd9318356bbb7f57aae9c65?s=96&d=mm&r=g","width":96,"height":96,"caption":"da Reda\u00e7\u00e3o"}},{"@type":"WebPage","@id":"https:\/\/www.jornalja.com.br\/arquivo\/camara-de-vereadores-briga-politica-nos-primeiros-dias-do-ano\/#webpage","url":"https:\/\/www.jornalja.com.br\/arquivo\/camara-de-vereadores-briga-politica-nos-primeiros-dias-do-ano\/","name":"C\u00e2mara de vereadores inicia o ano com disputas por cargos | Arquivo","inLanguage":"pt-BR","isPartOf":{"@id":"https:\/\/www.jornalja.com.br\/arquivo\/#website"},"breadcrumb":{"@id":"https:\/\/www.jornalja.com.br\/arquivo\/camara-de-vereadores-briga-politica-nos-primeiros-dias-do-ano\/#breadcrumblist"},"author":{"@id":"https:\/\/www.jornalja.com.br\/arquivo\/author\/daredacao\/#author"},"creator":{"@id":"https:\/\/www.jornalja.com.br\/arquivo\/author\/daredacao\/#author"},"image":{"@type":"ImageObject","url":42938,"@id":"https:\/\/www.jornalja.com.br\/arquivo\/camara-de-vereadores-briga-politica-nos-primeiros-dias-do-ano\/#mainImage"},"primaryImageOfPage":{"@id":"https:\/\/www.jornalja.com.br\/arquivo\/camara-de-vereadores-briga-politica-nos-primeiros-dias-do-ano\/#mainImage"},"datePublished":"2017-01-06T18:42:56-02:00","dateModified":"2017-01-06T18:42:56-02:00"},{"@type":"WebSite","@id":"https:\/\/www.jornalja.com.br\/arquivo\/#website","url":"https:\/\/www.jornalja.com.br\/arquivo\/","name":"Arquivo","description":"Jornal J\u00c1 | Porto Alegre","inLanguage":"pt-BR","publisher":{"@id":"https:\/\/www.jornalja.com.br\/arquivo\/#organization"}}]},"og:locale":"pt_BR","og:site_name":"Arquivo | Jornal J\u00c1 | Porto Alegre","og:type":"article","og:title":"C\u00e2mara de vereadores inicia o ano com disputas por cargos | Arquivo","og:url":"https:\/\/www.jornalja.com.br\/arquivo\/camara-de-vereadores-briga-politica-nos-primeiros-dias-do-ano\/","og:image":"https:\/\/www.jornalja.com.br\/economics\/wp-content\/uploads\/sites\/11\/2026\/08\/ja-folhaderosto-facebook.jpg","og:image:secure_url":"https:\/\/www.jornalja.com.br\/economics\/wp-content\/uploads\/sites\/11\/2026\/08\/ja-folhaderosto-facebook.jpg","article:published_time":"2017-01-06T21:42:56+00:00","article:modified_time":"2017-01-06T21:42:56+00:00","twitter:card":"summary","twitter:title":"C\u00e2mara de vereadores inicia o ano com disputas por cargos | Arquivo","twitter:image":"https:\/\/www.jornalja.com.br\/economics\/wp-content\/uploads\/sites\/11\/2026\/08\/ja-folhaderosto-facebook.jpg"},"aioseo_meta_data":{"post_id":"42935","title":null,"description":null,"keywords":null,"keyphrases":null,"primary_term":null,"canonical_url":null,"og_title":null,"og_description":null,"og_object_type":"default","og_image_type":"default","og_image_url":null,"og_image_width":null,"og_image_height":null,"og_image_custom_url":null,"og_image_custom_fields":null,"og_video":null,"og_custom_url":null,"og_article_section":null,"og_article_tags":null,"twitter_use_og":false,"twitter_card":"default","twitter_image_type":"default","twitter_image_url":null,"twitter_image_custom_url":null,"twitter_image_custom_fields":null,"twitter_title":null,"twitter_description":null,"schema":{"blockGraphs":[],"customGraphs":[],"default":{"data":{"Article":[],"Course":[],"Dataset":[],"FAQPage":[],"Movie":[],"Person":[],"Product":[],"ProductReview":[],"Car":[],"Recipe":[],"Service":[],"SoftwareApplication":[],"WebPage":[]},"graphName":"","isEnabled":true},"graphs":[],"defaultGraph":"","defaultPostTypeGraph":""},"schema_type":null,"schema_type_options":null,"pillar_content":false,"robots_default":true,"robots_noindex":false,"robots_noarchive":false,"robots_nosnippet":false,"robots_nofollow":false,"robots_noimageindex":false,"robots_noodp":false,"robots_notranslate":false,"robots_max_snippet":null,"robots_max_videopreview":null,"robots_max_imagepreview":"large","priority":null,"frequency":null,"location":null,"local_seo":null,"breadcrumb_settings":null,"limit_modified_date":false,"ai":null,"created":"2020-12-20 20:43:21","updated":"2025-07-19 19:05:55","seo_analyzer_scan_date":null,"focus_keyword":null,"additional_keywords":null,"truseo_locale":null},"jetpack_sharing_enabled":true,"jetpack-related-posts":[{"id":13240,"url":"https:\/\/www.jornalja.com.br\/arquivo\/plano-diretor-estamos-construindo-o-caos\/","url_meta":{"origin":42935,"position":0},"title":"Plano diretor: &quot;Estamos construindo o caos&quot;","author":"Patr\u00edcia Marini","date":"26 de maio de 2014","format":false,"excerpt":"Desabafo que arquiteta Eliana Castilhos, delegada da Regi\u00e3o de Planejamento 1, postou nas redes sociais \u00e9 um testemunho do ambiente que se criou no Conselho do Plano Diretor de Porto Alegre, onde a aprova\u00e7\u00e3o de grandes empreendimentos \u00e9 empurrada guela abaixo dos conselheiros. Ao CMDUA Como delegada da Regi\u00e3o de\u2026","rel":"","context":"Em &quot;Geral&quot;","block_context":{"text":"Geral","link":"https:\/\/www.jornalja.com.br\/arquivo\/category\/geral\/"},"img":{"alt_text":"","src":"","width":0,"height":0},"classes":[]},{"id":5440,"url":"https:\/\/www.jornalja.com.br\/arquivo\/casarao-da-venancio-destino-permanece-incerto\/","url_meta":{"origin":42935,"position":1},"title":"Estado ainda n\u00e3o sabe o que fazer com casar\u00e3o abandonado h\u00e1 20 anos","author":"Elmar Bones","date":"6 de julho de 2009","format":false,"excerpt":"O casar\u00e3o amarelo, numa esquina nobre de Porto Alegre (Ven\u00e2ncio Aires com Jo\u00e3o Pessoa), j\u00e1 abrigou uma escola. H\u00e1 duas d\u00e9cadas, pelo menos, est\u00e1 abandonado, porque seu propriet\u00e1rio, o governo do Estado do Rio Grande do Sul, n\u00e3o consegue achar um destino para ele. Planos n\u00e3o faltaram. O governador Ol\u00edvio\u2026","rel":"","context":"Em &quot;X.Categorias velhas&quot;","block_context":{"text":"X.Categorias velhas","link":"https:\/\/www.jornalja.com.br\/arquivo\/category\/x-categorias-velhas\/"},"img":{"alt_text":"geraldo1","src":"https:\/\/i0.wp.com\/www.jornalja.com.br\/wp-content\/uploads\/2009\/07\/geraldo1.jpg?resize=350%2C200&ssl=1","width":350,"height":200},"classes":[]},{"id":13124,"url":"https:\/\/www.jornalja.com.br\/arquivo\/sangue-latino-no-iecine\/","url_meta":{"origin":42935,"position":2},"title":"Sangue latino no IECINE","author":"da Reda\u00e7\u00e3o","date":"18 de maio de 2014","format":false,"excerpt":"Francisco Ribeiro O Instituto Estadual de Cinema (IECINE) tem a frente, desde abril \u00faltimo, um novo diretor, o cineasta colombiano Juan Zapata, 36, que substitui Luiz Alberto Cassol. Radicado h\u00e1 dez anos em Porto Alegre, Zapata tem diante de si o desafio de conduzir at\u00e9 o final do ano um\u2026","rel":"","context":"Em &quot;Cultura-Geral&quot;","block_context":{"text":"Cultura-Geral","link":"https:\/\/www.jornalja.com.br\/arquivo\/category\/materiasecundaria\/"},"img":{"alt_text":"","src":"","width":0,"height":0},"classes":[]}],"jetpack_shortlink":"https:\/\/wp.me\/pbQjBd-bav","jetpack_featured_media_url":"","_links":{"self":[{"href":"https:\/\/www.jornalja.com.br\/arquivo\/wp-json\/wp\/v2\/posts\/42935","targetHints":{"allow":["GET"]}}],"collection":[{"href":"https:\/\/www.jornalja.com.br\/arquivo\/wp-json\/wp\/v2\/posts"}],"about":[{"href":"https:\/\/www.jornalja.com.br\/arquivo\/wp-json\/wp\/v2\/types\/post"}],"author":[{"embeddable":true,"href":"https:\/\/www.jornalja.com.br\/arquivo\/wp-json\/wp\/v2\/users\/4"}],"replies":[{"embeddable":true,"href":"https:\/\/www.jornalja.com.br\/arquivo\/wp-json\/wp\/v2\/comments?post=42935"}],"version-history":[{"count":0,"href":"https:\/\/www.jornalja.com.br\/arquivo\/wp-json\/wp\/v2\/posts\/42935\/revisions"}],"wp:attachment":[{"href":"https:\/\/www.jornalja.com.br\/arquivo\/wp-json\/wp\/v2\/media?parent=42935"}],"wp:term":[{"taxonomy":"category","embeddable":true,"href":"https:\/\/www.jornalja.com.br\/arquivo\/wp-json\/wp\/v2\/categories?post=42935"},{"taxonomy":"post_tag","embeddable":true,"href":"https:\/\/www.jornalja.com.br\/arquivo\/wp-json\/wp\/v2\/tags?post=42935"}],"curies":[{"name":"wp","href":"https:\/\/api.w.org\/{rel}","templated":true}]}}