{"id":42961,"date":"2017-01-07T11:20:38","date_gmt":"2017-01-07T14:20:38","guid":{"rendered":"https:\/\/www.jornalja.com.br\/?p=42961"},"modified":"2017-01-07T11:20:38","modified_gmt":"2017-01-07T14:20:38","slug":"porto-verao-alegre-comeca-neste-sabado-com-homenagem-a-caio-fernando-abreu","status":"publish","type":"post","link":"https:\/\/www.jornalja.com.br\/arquivo\/porto-verao-alegre-comeca-neste-sabado-com-homenagem-a-caio-fernando-abreu\/","title":{"rendered":"Porto Ver\u00e3o Alegre come\u00e7a com homenagem a Caio Fernando Abreu"},"content":{"rendered":"<p>Come\u00e7a neste s\u00e1bado a maior programa\u00e7\u00e3o cultural do ver\u00e3o portoalegrense. Com 67 espet\u00e1culos, nove a mais do que no ano passado, o Porto Ver\u00e3o Alegre vai at\u00e9 o dia 19 de fevereiro. A edi\u00e7\u00e3o deste ano ser\u00e1 aberta com a pe\u00e7a Caio do C\u00e9u, uma homenagem ao escritor Caio Fernando Abreu. O espet\u00e1culo mistura m\u00fasica ao vivo, imagens projetadas e interpreta\u00e7\u00f5es da atriz Deborah Finocchiaro e do m\u00fasico Fernando Sess\u00e9.<br \/>\nCaio do C\u00e9u ser\u00e1 apresentado neste s\u00e1bado, \u00e0s 21h no Theatro S\u00e3o Pedro e ter\u00e1 tradu\u00e7\u00e3o para L\u00edngua Brasileira de Sinais (Libras). A pe\u00e7a tamb\u00e9m pode ser assistida no domingo, no mesmo local e hor\u00e1rio e nos dias 01 e 02 de fevereiro no Centro Hist\u00f3rico-Cultural Santa Casa.<br \/>\nO Porto Ver\u00e3o Alegre surgiu em 2000, em uma conversa entre Jo\u00e3o Fran\u00e7a, Rog\u00e9rio Beretta e Z\u00e9 Victor Castiel em uma mesa da Lancheria do Parque. NA primeira edi\u00e7\u00e3o, eram seis pe\u00e7as em seis espa\u00e7os. A programa\u00e7\u00e3o da edi\u00e7\u00e3o 2017 ter\u00e1 31 espet\u00e1culos in\u00e9ditos no festival, sendo oito estreias.<br \/>\nO festival conta ao todo com nove espa\u00e7os para receber as pe\u00e7as: o Theatro S\u00e3o Pedro (P\u00e7a. Mal. Deodoro, s\/n\u00ba), o Centro Hist\u00f3rico-Cultural Santa Casa (Independ\u00eancia, 75), o Instituto Ling (Jo\u00e3o Caetano, 440), o Teatro de Arena (Borges de Medeiros, 835), o Teatro da AMRIGS (Ipiranga, 5311), o Teatro Novo DC (Frederico Mentz, 1561), o Teatro Renascen\u00e7a e a Sala \u00c1lvaro Moreyra (\u00c9rico Ver\u00edssimo, 307), e o Teatro do Sesc (Alberto Bins, 665).<br \/>\nOs ingressos est\u00e3o \u00e0 venda antecipadamente por R$ 30 nos locais credenciados ou pelo site. Na hora, custam R$ 40. Visando a universaliza\u00e7\u00e3o da cultura, a organiza\u00e7\u00e3o do festival vai doar para institui\u00e7\u00f5es carentes ou n\u00e3o governamentais 3.900 entradas e, al\u00e9m da apresenta\u00e7\u00f5es nos palcos, as quais se estendem at\u00e9 o dia 19 de fevereiro, o evento ter\u00e1 atra\u00e7\u00f5es de literatura, cinema e psican\u00e1lise e artes visuais.<br \/>\nA programa\u00e7\u00e3o completa est\u00e1 dispon\u00edvel no<a href=\"http:\/\/www.portoveraoalegre.com.br\/\" target=\"_blank\" rel=\"noopener noreferrer\"> site do Porto Ver\u00e3o Alegre<\/a>.<\/p>\n","protected":false},"excerpt":{"rendered":"<p>Come\u00e7a neste s\u00e1bado a maior programa\u00e7\u00e3o cultural do ver\u00e3o portoalegrense. Com 67 espet\u00e1culos, nove a mais do que no ano passado, o Porto Ver\u00e3o Alegre vai at\u00e9 o dia 19 de fevereiro. A edi\u00e7\u00e3o deste ano ser\u00e1 aberta com a pe\u00e7a Caio do C\u00e9u, uma homenagem ao escritor Caio Fernando Abreu. O espet\u00e1culo mistura m\u00fasica [&hellip;]<\/p>\n","protected":false},"author":4,"featured_media":42962,"comment_status":"open","ping_status":"closed","sticky":false,"template":"","format":"standard","meta":{"_jetpack_newsletter_access":"","_jetpack_dont_email_post_to_subs":false,"_jetpack_newsletter_tier_id":0,"_jetpack_memberships_contains_paywalled_content":false,"_jetpack_feature_clip_id":0,"_jetpack_memberships_contains_paid_content":false,"footnotes":"","jetpack_post_was_ever_published":false},"categories":[26],"tags":[],"class_list":["post-42961","post","type-post","status-publish","format-standard","has-post-thumbnail","hentry","category-geral"],"aioseo_notices":[],"aioseo_head":"\n\t\t<!-- All in One SEO 5.0.1.1 - aioseo.com -->\n\t<meta name=\"robots\" content=\"max-image-preview:large\" \/>\n\t<meta name=\"author\" content=\"da Reda\u00e7\u00e3o\"\/>\n\t<link rel=\"canonical\" href=\"https:\/\/www.jornalja.com.br\/arquivo\/porto-verao-alegre-comeca-neste-sabado-com-homenagem-a-caio-fernando-abreu\/\" \/>\n\t<meta name=\"generator\" content=\"All in One SEO (AIOSEO) 5.0.1.1\" \/>\n\t\t<meta property=\"og:locale\" content=\"pt_BR\" \/>\n\t\t<meta property=\"og:site_name\" content=\"Arquivo | Jornal J\u00c1 | Porto Alegre\" \/>\n\t\t<meta property=\"og:type\" content=\"article\" \/>\n\t\t<meta property=\"og:title\" content=\"Porto Ver\u00e3o Alegre come\u00e7a com homenagem a Caio Fernando Abreu | Arquivo\" \/>\n\t\t<meta property=\"og:url\" content=\"https:\/\/www.jornalja.com.br\/arquivo\/porto-verao-alegre-comeca-neste-sabado-com-homenagem-a-caio-fernando-abreu\/\" \/>\n\t\t<meta property=\"og:image\" content=\"https:\/\/www.jornalja.com.br\/economics\/wp-content\/uploads\/sites\/11\/2026\/08\/ja-folhaderosto-facebook.jpg\" \/>\n\t\t<meta property=\"og:image:secure_url\" content=\"https:\/\/www.jornalja.com.br\/economics\/wp-content\/uploads\/sites\/11\/2026\/08\/ja-folhaderosto-facebook.jpg\" \/>\n\t\t<meta property=\"article:published_time\" content=\"2017-01-07T14:20:38+00:00\" \/>\n\t\t<meta property=\"article:modified_time\" content=\"2017-01-07T14:20:38+00:00\" \/>\n\t\t<meta name=\"twitter:card\" content=\"summary\" \/>\n\t\t<meta name=\"twitter:title\" content=\"Porto Ver\u00e3o Alegre come\u00e7a com homenagem a Caio Fernando Abreu | Arquivo\" \/>\n\t\t<meta name=\"twitter:image\" content=\"https:\/\/www.jornalja.com.br\/economics\/wp-content\/uploads\/sites\/11\/2026\/08\/ja-folhaderosto-facebook.jpg\" \/>\n\t\t<script type=\"application\/ld+json\" class=\"aioseo-schema\">\n\t\t\t{\"@context\":\"https:\\\/\\\/schema.org\",\"@graph\":[{\"@type\":\"BlogPosting\",\"@id\":\"https:\\\/\\\/www.jornalja.com.br\\\/arquivo\\\/porto-verao-alegre-comeca-neste-sabado-com-homenagem-a-caio-fernando-abreu\\\/#blogposting\",\"name\":\"Porto Ver\\u00e3o Alegre come\\u00e7a com homenagem a Caio Fernando Abreu | Arquivo\",\"headline\":\"Porto Ver\\u00e3o Alegre come\\u00e7a com homenagem a Caio Fernando Abreu\",\"author\":{\"@id\":\"https:\\\/\\\/www.jornalja.com.br\\\/arquivo\\\/author\\\/daredacao\\\/#author\"},\"publisher\":{\"@id\":\"https:\\\/\\\/www.jornalja.com.br\\\/arquivo\\\/#organization\"},\"image\":{\"@type\":\"ImageObject\",\"url\":42962},\"datePublished\":\"2017-01-07T11:20:38-02:00\",\"dateModified\":\"2017-01-07T11:20:38-02:00\",\"inLanguage\":\"pt-BR\",\"mainEntityOfPage\":{\"@id\":\"https:\\\/\\\/www.jornalja.com.br\\\/arquivo\\\/porto-verao-alegre-comeca-neste-sabado-com-homenagem-a-caio-fernando-abreu\\\/#webpage\"},\"isPartOf\":{\"@id\":\"https:\\\/\\\/www.jornalja.com.br\\\/arquivo\\\/porto-verao-alegre-comeca-neste-sabado-com-homenagem-a-caio-fernando-abreu\\\/#webpage\"},\"articleSection\":\"Geral\"},{\"@type\":\"BreadcrumbList\",\"@id\":\"https:\\\/\\\/www.jornalja.com.br\\\/arquivo\\\/porto-verao-alegre-comeca-neste-sabado-com-homenagem-a-caio-fernando-abreu\\\/#breadcrumblist\",\"itemListElement\":[{\"@type\":\"ListItem\",\"@id\":\"https:\\\/\\\/www.jornalja.com.br\\\/arquivo#listItem\",\"position\":1,\"name\":\"Home\",\"item\":\"https:\\\/\\\/www.jornalja.com.br\\\/arquivo\",\"nextItem\":{\"@type\":\"ListItem\",\"@id\":\"https:\\\/\\\/www.jornalja.com.br\\\/arquivo\\\/category\\\/geral\\\/#listItem\",\"name\":\"Geral\"}},{\"@type\":\"ListItem\",\"@id\":\"https:\\\/\\\/www.jornalja.com.br\\\/arquivo\\\/category\\\/geral\\\/#listItem\",\"position\":2,\"name\":\"Geral\",\"item\":\"https:\\\/\\\/www.jornalja.com.br\\\/arquivo\\\/category\\\/geral\\\/\",\"nextItem\":{\"@type\":\"ListItem\",\"@id\":\"https:\\\/\\\/www.jornalja.com.br\\\/arquivo\\\/porto-verao-alegre-comeca-neste-sabado-com-homenagem-a-caio-fernando-abreu\\\/#listItem\",\"name\":\"Porto Ver\\u00e3o Alegre come\\u00e7a com homenagem a Caio Fernando Abreu\"},\"previousItem\":{\"@type\":\"ListItem\",\"@id\":\"https:\\\/\\\/www.jornalja.com.br\\\/arquivo#listItem\",\"name\":\"Home\"}},{\"@type\":\"ListItem\",\"@id\":\"https:\\\/\\\/www.jornalja.com.br\\\/arquivo\\\/porto-verao-alegre-comeca-neste-sabado-com-homenagem-a-caio-fernando-abreu\\\/#listItem\",\"position\":3,\"name\":\"Porto Ver\\u00e3o Alegre come\\u00e7a com homenagem a Caio Fernando Abreu\",\"previousItem\":{\"@type\":\"ListItem\",\"@id\":\"https:\\\/\\\/www.jornalja.com.br\\\/arquivo\\\/category\\\/geral\\\/#listItem\",\"name\":\"Geral\"}}]},{\"@type\":\"Organization\",\"@id\":\"https:\\\/\\\/www.jornalja.com.br\\\/arquivo\\\/#organization\",\"name\":\"Jornal J\\u00c1\",\"description\":\"Jornal J\\u00c1 | Porto Alegre\",\"url\":\"https:\\\/\\\/www.jornalja.com.br\\\/arquivo\\\/\",\"telephone\":\"+555133307272\",\"logo\":{\"@type\":\"ImageObject\",\"url\":\"https:\\\/\\\/www.jornalja.com.br\\\/wp-content\\\/uploads\\\/cards\\\/JAslogan.png\",\"@id\":\"https:\\\/\\\/www.jornalja.com.br\\\/arquivo\\\/porto-verao-alegre-comeca-neste-sabado-com-homenagem-a-caio-fernando-abreu\\\/#organizationLogo\"},\"image\":{\"@id\":\"https:\\\/\\\/www.jornalja.com.br\\\/arquivo\\\/porto-verao-alegre-comeca-neste-sabado-com-homenagem-a-caio-fernando-abreu\\\/#organizationLogo\"}},{\"@type\":\"Person\",\"@id\":\"https:\\\/\\\/www.jornalja.com.br\\\/arquivo\\\/author\\\/daredacao\\\/#author\",\"url\":\"https:\\\/\\\/www.jornalja.com.br\\\/arquivo\\\/author\\\/daredacao\\\/\",\"name\":\"da Reda\\u00e7\\u00e3o\",\"image\":{\"@type\":\"ImageObject\",\"@id\":\"https:\\\/\\\/www.jornalja.com.br\\\/arquivo\\\/porto-verao-alegre-comeca-neste-sabado-com-homenagem-a-caio-fernando-abreu\\\/#authorImage\",\"url\":\"https:\\\/\\\/secure.gravatar.com\\\/avatar\\\/469fd857d6605ad19919d27ed29d35a968a25f6e8fd9318356bbb7f57aae9c65?s=96&d=mm&r=g\",\"width\":96,\"height\":96,\"caption\":\"da Reda\\u00e7\\u00e3o\"}},{\"@type\":\"WebPage\",\"@id\":\"https:\\\/\\\/www.jornalja.com.br\\\/arquivo\\\/porto-verao-alegre-comeca-neste-sabado-com-homenagem-a-caio-fernando-abreu\\\/#webpage\",\"url\":\"https:\\\/\\\/www.jornalja.com.br\\\/arquivo\\\/porto-verao-alegre-comeca-neste-sabado-com-homenagem-a-caio-fernando-abreu\\\/\",\"name\":\"Porto Ver\\u00e3o Alegre come\\u00e7a com homenagem a Caio Fernando Abreu | Arquivo\",\"inLanguage\":\"pt-BR\",\"isPartOf\":{\"@id\":\"https:\\\/\\\/www.jornalja.com.br\\\/arquivo\\\/#website\"},\"breadcrumb\":{\"@id\":\"https:\\\/\\\/www.jornalja.com.br\\\/arquivo\\\/porto-verao-alegre-comeca-neste-sabado-com-homenagem-a-caio-fernando-abreu\\\/#breadcrumblist\"},\"author\":{\"@id\":\"https:\\\/\\\/www.jornalja.com.br\\\/arquivo\\\/author\\\/daredacao\\\/#author\"},\"creator\":{\"@id\":\"https:\\\/\\\/www.jornalja.com.br\\\/arquivo\\\/author\\\/daredacao\\\/#author\"},\"image\":{\"@type\":\"ImageObject\",\"url\":42962,\"@id\":\"https:\\\/\\\/www.jornalja.com.br\\\/arquivo\\\/porto-verao-alegre-comeca-neste-sabado-com-homenagem-a-caio-fernando-abreu\\\/#mainImage\"},\"primaryImageOfPage\":{\"@id\":\"https:\\\/\\\/www.jornalja.com.br\\\/arquivo\\\/porto-verao-alegre-comeca-neste-sabado-com-homenagem-a-caio-fernando-abreu\\\/#mainImage\"},\"datePublished\":\"2017-01-07T11:20:38-02:00\",\"dateModified\":\"2017-01-07T11:20:38-02:00\"},{\"@type\":\"WebSite\",\"@id\":\"https:\\\/\\\/www.jornalja.com.br\\\/arquivo\\\/#website\",\"url\":\"https:\\\/\\\/www.jornalja.com.br\\\/arquivo\\\/\",\"name\":\"Arquivo\",\"description\":\"Jornal J\\u00c1 | Porto Alegre\",\"inLanguage\":\"pt-BR\",\"publisher\":{\"@id\":\"https:\\\/\\\/www.jornalja.com.br\\\/arquivo\\\/#organization\"}}]}\n\t\t<\/script>\n\t\t<!-- All in One SEO -->\n\n","aioseo_head_json":{"title":"Porto Ver\u00e3o Alegre come\u00e7a com homenagem a Caio Fernando Abreu | Arquivo","description":"","canonical_url":"https:\/\/www.jornalja.com.br\/arquivo\/porto-verao-alegre-comeca-neste-sabado-com-homenagem-a-caio-fernando-abreu\/","robots":"max-image-preview:large","keywords":"","webmasterTools":{"miscellaneous":""},"schema":{"@context":"https:\/\/schema.org","@graph":[{"@type":"BlogPosting","@id":"https:\/\/www.jornalja.com.br\/arquivo\/porto-verao-alegre-comeca-neste-sabado-com-homenagem-a-caio-fernando-abreu\/#blogposting","name":"Porto Ver\u00e3o Alegre come\u00e7a com homenagem a Caio Fernando Abreu | Arquivo","headline":"Porto Ver\u00e3o Alegre come\u00e7a com homenagem a Caio Fernando Abreu","author":{"@id":"https:\/\/www.jornalja.com.br\/arquivo\/author\/daredacao\/#author"},"publisher":{"@id":"https:\/\/www.jornalja.com.br\/arquivo\/#organization"},"image":{"@type":"ImageObject","url":42962},"datePublished":"2017-01-07T11:20:38-02:00","dateModified":"2017-01-07T11:20:38-02:00","inLanguage":"pt-BR","mainEntityOfPage":{"@id":"https:\/\/www.jornalja.com.br\/arquivo\/porto-verao-alegre-comeca-neste-sabado-com-homenagem-a-caio-fernando-abreu\/#webpage"},"isPartOf":{"@id":"https:\/\/www.jornalja.com.br\/arquivo\/porto-verao-alegre-comeca-neste-sabado-com-homenagem-a-caio-fernando-abreu\/#webpage"},"articleSection":"Geral"},{"@type":"BreadcrumbList","@id":"https:\/\/www.jornalja.com.br\/arquivo\/porto-verao-alegre-comeca-neste-sabado-com-homenagem-a-caio-fernando-abreu\/#breadcrumblist","itemListElement":[{"@type":"ListItem","@id":"https:\/\/www.jornalja.com.br\/arquivo#listItem","position":1,"name":"Home","item":"https:\/\/www.jornalja.com.br\/arquivo","nextItem":{"@type":"ListItem","@id":"https:\/\/www.jornalja.com.br\/arquivo\/category\/geral\/#listItem","name":"Geral"}},{"@type":"ListItem","@id":"https:\/\/www.jornalja.com.br\/arquivo\/category\/geral\/#listItem","position":2,"name":"Geral","item":"https:\/\/www.jornalja.com.br\/arquivo\/category\/geral\/","nextItem":{"@type":"ListItem","@id":"https:\/\/www.jornalja.com.br\/arquivo\/porto-verao-alegre-comeca-neste-sabado-com-homenagem-a-caio-fernando-abreu\/#listItem","name":"Porto Ver\u00e3o Alegre come\u00e7a com homenagem a Caio Fernando Abreu"},"previousItem":{"@type":"ListItem","@id":"https:\/\/www.jornalja.com.br\/arquivo#listItem","name":"Home"}},{"@type":"ListItem","@id":"https:\/\/www.jornalja.com.br\/arquivo\/porto-verao-alegre-comeca-neste-sabado-com-homenagem-a-caio-fernando-abreu\/#listItem","position":3,"name":"Porto Ver\u00e3o Alegre come\u00e7a com homenagem a Caio Fernando Abreu","previousItem":{"@type":"ListItem","@id":"https:\/\/www.jornalja.com.br\/arquivo\/category\/geral\/#listItem","name":"Geral"}}]},{"@type":"Organization","@id":"https:\/\/www.jornalja.com.br\/arquivo\/#organization","name":"Jornal J\u00c1","description":"Jornal J\u00c1 | Porto Alegre","url":"https:\/\/www.jornalja.com.br\/arquivo\/","telephone":"+555133307272","logo":{"@type":"ImageObject","url":"https:\/\/www.jornalja.com.br\/wp-content\/uploads\/cards\/JAslogan.png","@id":"https:\/\/www.jornalja.com.br\/arquivo\/porto-verao-alegre-comeca-neste-sabado-com-homenagem-a-caio-fernando-abreu\/#organizationLogo"},"image":{"@id":"https:\/\/www.jornalja.com.br\/arquivo\/porto-verao-alegre-comeca-neste-sabado-com-homenagem-a-caio-fernando-abreu\/#organizationLogo"}},{"@type":"Person","@id":"https:\/\/www.jornalja.com.br\/arquivo\/author\/daredacao\/#author","url":"https:\/\/www.jornalja.com.br\/arquivo\/author\/daredacao\/","name":"da Reda\u00e7\u00e3o","image":{"@type":"ImageObject","@id":"https:\/\/www.jornalja.com.br\/arquivo\/porto-verao-alegre-comeca-neste-sabado-com-homenagem-a-caio-fernando-abreu\/#authorImage","url":"https:\/\/secure.gravatar.com\/avatar\/469fd857d6605ad19919d27ed29d35a968a25f6e8fd9318356bbb7f57aae9c65?s=96&d=mm&r=g","width":96,"height":96,"caption":"da Reda\u00e7\u00e3o"}},{"@type":"WebPage","@id":"https:\/\/www.jornalja.com.br\/arquivo\/porto-verao-alegre-comeca-neste-sabado-com-homenagem-a-caio-fernando-abreu\/#webpage","url":"https:\/\/www.jornalja.com.br\/arquivo\/porto-verao-alegre-comeca-neste-sabado-com-homenagem-a-caio-fernando-abreu\/","name":"Porto Ver\u00e3o Alegre come\u00e7a com homenagem a Caio Fernando Abreu | Arquivo","inLanguage":"pt-BR","isPartOf":{"@id":"https:\/\/www.jornalja.com.br\/arquivo\/#website"},"breadcrumb":{"@id":"https:\/\/www.jornalja.com.br\/arquivo\/porto-verao-alegre-comeca-neste-sabado-com-homenagem-a-caio-fernando-abreu\/#breadcrumblist"},"author":{"@id":"https:\/\/www.jornalja.com.br\/arquivo\/author\/daredacao\/#author"},"creator":{"@id":"https:\/\/www.jornalja.com.br\/arquivo\/author\/daredacao\/#author"},"image":{"@type":"ImageObject","url":42962,"@id":"https:\/\/www.jornalja.com.br\/arquivo\/porto-verao-alegre-comeca-neste-sabado-com-homenagem-a-caio-fernando-abreu\/#mainImage"},"primaryImageOfPage":{"@id":"https:\/\/www.jornalja.com.br\/arquivo\/porto-verao-alegre-comeca-neste-sabado-com-homenagem-a-caio-fernando-abreu\/#mainImage"},"datePublished":"2017-01-07T11:20:38-02:00","dateModified":"2017-01-07T11:20:38-02:00"},{"@type":"WebSite","@id":"https:\/\/www.jornalja.com.br\/arquivo\/#website","url":"https:\/\/www.jornalja.com.br\/arquivo\/","name":"Arquivo","description":"Jornal J\u00c1 | Porto Alegre","inLanguage":"pt-BR","publisher":{"@id":"https:\/\/www.jornalja.com.br\/arquivo\/#organization"}}]},"og:locale":"pt_BR","og:site_name":"Arquivo | Jornal J\u00c1 | Porto Alegre","og:type":"article","og:title":"Porto Ver\u00e3o Alegre come\u00e7a com homenagem a Caio Fernando Abreu | Arquivo","og:url":"https:\/\/www.jornalja.com.br\/arquivo\/porto-verao-alegre-comeca-neste-sabado-com-homenagem-a-caio-fernando-abreu\/","og:image":"https:\/\/www.jornalja.com.br\/economics\/wp-content\/uploads\/sites\/11\/2026\/08\/ja-folhaderosto-facebook.jpg","og:image:secure_url":"https:\/\/www.jornalja.com.br\/economics\/wp-content\/uploads\/sites\/11\/2026\/08\/ja-folhaderosto-facebook.jpg","article:published_time":"2017-01-07T14:20:38+00:00","article:modified_time":"2017-01-07T14:20:38+00:00","twitter:card":"summary","twitter:title":"Porto Ver\u00e3o Alegre come\u00e7a com homenagem a Caio Fernando Abreu | Arquivo","twitter:image":"https:\/\/www.jornalja.com.br\/economics\/wp-content\/uploads\/sites\/11\/2026\/08\/ja-folhaderosto-facebook.jpg"},"aioseo_meta_data":{"post_id":"42961","title":null,"description":null,"keywords":null,"keyphrases":null,"primary_term":null,"canonical_url":null,"og_title":null,"og_description":null,"og_object_type":"default","og_image_type":"default","og_image_url":null,"og_image_width":null,"og_image_height":null,"og_image_custom_url":null,"og_image_custom_fields":null,"og_video":null,"og_custom_url":null,"og_article_section":null,"og_article_tags":null,"twitter_use_og":false,"twitter_card":"default","twitter_image_type":"default","twitter_image_url":null,"twitter_image_custom_url":null,"twitter_image_custom_fields":null,"twitter_title":null,"twitter_description":null,"schema":{"blockGraphs":[],"customGraphs":[],"default":{"data":{"Article":[],"Course":[],"Dataset":[],"FAQPage":[],"Movie":[],"Person":[],"Product":[],"ProductReview":[],"Car":[],"Recipe":[],"Service":[],"SoftwareApplication":[],"WebPage":[]},"graphName":"","isEnabled":true},"graphs":[],"defaultGraph":"","defaultPostTypeGraph":""},"schema_type":null,"schema_type_options":null,"pillar_content":false,"robots_default":true,"robots_noindex":false,"robots_noarchive":false,"robots_nosnippet":false,"robots_nofollow":false,"robots_noimageindex":false,"robots_noodp":false,"robots_notranslate":false,"robots_max_snippet":null,"robots_max_videopreview":null,"robots_max_imagepreview":"large","priority":null,"frequency":null,"location":null,"local_seo":null,"breadcrumb_settings":null,"limit_modified_date":false,"ai":null,"created":"2020-12-20 20:43:21","updated":"2025-07-19 19:05:55","seo_analyzer_scan_date":null,"focus_keyword":null,"additional_keywords":null,"truseo_locale":null},"jetpack_sharing_enabled":true,"jetpack-related-posts":[{"id":14241,"url":"https:\/\/www.jornalja.com.br\/arquivo\/o-guaiba-nas-imagens-poeticas-de-achutti\/","url_meta":{"origin":42961,"position":0},"title":"O Gua\u00edba nas imagens po\u00e9ticas de Achutti","author":"da Reda\u00e7\u00e3o","date":"18 de junho de 2014","format":false,"excerpt":"Em \u201cO Gua\u00edba por Achutti\u201d \u2013 obra financiada via Minist\u00e9rio da Cultura, produ\u00e7\u00e3o executiva de Pedro Longhi, e Fl\u00e1vio Wild como designer \u2013, o fot\u00f3grafo revela a beleza e as mazelas de um espa\u00e7o aqu\u00e1tico de \u00e1guas sempre renovadas, cheio de hist\u00f3rias e lendas como as das cidades que foram\u2026","rel":"","context":"Em &quot;Cultura-Geral&quot;","block_context":{"text":"Cultura-Geral","link":"https:\/\/www.jornalja.com.br\/arquivo\/category\/materiasecundaria\/"},"img":{"alt_text":"","src":"","width":0,"height":0},"classes":[]},{"id":13124,"url":"https:\/\/www.jornalja.com.br\/arquivo\/sangue-latino-no-iecine\/","url_meta":{"origin":42961,"position":1},"title":"Sangue latino no IECINE","author":"da Reda\u00e7\u00e3o","date":"18 de maio de 2014","format":false,"excerpt":"Francisco Ribeiro O Instituto Estadual de Cinema (IECINE) tem a frente, desde abril \u00faltimo, um novo diretor, o cineasta colombiano Juan Zapata, 36, que substitui Luiz Alberto Cassol. Radicado h\u00e1 dez anos em Porto Alegre, Zapata tem diante de si o desafio de conduzir at\u00e9 o final do ano um\u2026","rel":"","context":"Em &quot;Cultura-Geral&quot;","block_context":{"text":"Cultura-Geral","link":"https:\/\/www.jornalja.com.br\/arquivo\/category\/materiasecundaria\/"},"img":{"alt_text":"","src":"","width":0,"height":0},"classes":[]},{"id":13240,"url":"https:\/\/www.jornalja.com.br\/arquivo\/plano-diretor-estamos-construindo-o-caos\/","url_meta":{"origin":42961,"position":2},"title":"Plano diretor: &quot;Estamos construindo o caos&quot;","author":"Patr\u00edcia Marini","date":"26 de maio de 2014","format":false,"excerpt":"Desabafo que arquiteta Eliana Castilhos, delegada da Regi\u00e3o de Planejamento 1, postou nas redes sociais \u00e9 um testemunho do ambiente que se criou no Conselho do Plano Diretor de Porto Alegre, onde a aprova\u00e7\u00e3o de grandes empreendimentos \u00e9 empurrada guela abaixo dos conselheiros. Ao CMDUA Como delegada da Regi\u00e3o de\u2026","rel":"","context":"Em &quot;Geral&quot;","block_context":{"text":"Geral","link":"https:\/\/www.jornalja.com.br\/arquivo\/category\/geral\/"},"img":{"alt_text":"","src":"","width":0,"height":0},"classes":[]},{"id":1280,"url":"https:\/\/www.jornalja.com.br\/arquivo\/o-menino-que-se-tornou-brizola\/","url_meta":{"origin":42961,"position":3},"title":"O Menino que se Tornou Brizola","author":"da Reda\u00e7\u00e3o","date":"28 de julho de 2008","format":false,"excerpt":"Autor: Cleber Dioni A vida de Leonel Brizola, com \u00eanfase para os primeiros anos em Porto Alegre, at\u00e9 o ex\u00edlio no Uruguai e a volta, quinze anos depois. \u00a0\"...\u00c9ramos todos jovens e nos identific\u00e1vamos com aquela massa an\u00f4nima a percorrer as ruas de Porto Alegre, gritando 'Get\u00falio', 'Get\u00falio' e empunhando\u2026","rel":"","context":"Em &quot;Livros&quot;","block_context":{"text":"Livros","link":"https:\/\/www.jornalja.com.br\/arquivo\/category\/livros\/"},"img":{"alt_text":"","src":"https:\/\/i0.wp.com\/www.jornalja.com.br\/wp-content\/uploads\/2008\/07\/brizola.gif?resize=350%2C200&ssl=1","width":350,"height":200},"classes":[]},{"id":12960,"url":"https:\/\/www.jornalja.com.br\/arquivo\/populacao-culpa-empresas-pela-greve-dos-rodoviarios\/","url_meta":{"origin":42961,"position":4},"title":"Popula\u00e7\u00e3o culpa empresas pela greve","author":"Patr\u00edcia Marini","date":"14 de fevereiro de 2014","format":false,"excerpt":"Pesquisa divulgada na edi\u00e7\u00e3o do jornal Metro desta sexta-feira,14, comprova o velho ditado: \u00e9 poss\u00edvel enganar muitos por algum tempo, mas n\u00e3o \u00e9 poss\u00edvel enganar a todos o tempo inteiro. A principal revela\u00e7\u00e3o foi que 59,8% dos entrevistados apontaram as empresas como as principais respons\u00e1veis pela grave e 46% culparam\u2026","rel":"","context":"Em &quot;X.Categorias velhas&quot;","block_context":{"text":"X.Categorias velhas","link":"https:\/\/www.jornalja.com.br\/arquivo\/category\/x-categorias-velhas\/"},"img":{"alt_text":"","src":"","width":0,"height":0},"classes":[]},{"id":13239,"url":"https:\/\/www.jornalja.com.br\/arquivo\/conselho-desdenha-do-plano-diretor\/","url_meta":{"origin":42961,"position":5},"title":"Porto Alegre: Conselho detona Plano Diretor","author":"Patr\u00edcia Marini","date":"25 de maio de 2014","format":false,"excerpt":"Den\u00fancia do arquiteto e \u00a0urbanista Ibir\u00e1 Santos Lucas. Ele diz que os conselheiros est\u00e3o votando com \"enorme irresponsabilidade\". \"Mudam regime com a maior naturalidade,,,regularizam absurdos de constru\u00e7\u00f5es irregulares... \"O CMDUA est\u00e1 flexibilizando a lei do plano diretor, de uma forma impactante na vida da cidade. Mudam regime com a maior\u2026","rel":"","context":"Em &quot;Geral&quot;","block_context":{"text":"Geral","link":"https:\/\/www.jornalja.com.br\/arquivo\/category\/geral\/"},"img":{"alt_text":"","src":"","width":0,"height":0},"classes":[]}],"jetpack_shortlink":"https:\/\/wp.me\/pbQjBd-baV","jetpack_featured_media_url":"","_links":{"self":[{"href":"https:\/\/www.jornalja.com.br\/arquivo\/wp-json\/wp\/v2\/posts\/42961","targetHints":{"allow":["GET"]}}],"collection":[{"href":"https:\/\/www.jornalja.com.br\/arquivo\/wp-json\/wp\/v2\/posts"}],"about":[{"href":"https:\/\/www.jornalja.com.br\/arquivo\/wp-json\/wp\/v2\/types\/post"}],"author":[{"embeddable":true,"href":"https:\/\/www.jornalja.com.br\/arquivo\/wp-json\/wp\/v2\/users\/4"}],"replies":[{"embeddable":true,"href":"https:\/\/www.jornalja.com.br\/arquivo\/wp-json\/wp\/v2\/comments?post=42961"}],"version-history":[{"count":0,"href":"https:\/\/www.jornalja.com.br\/arquivo\/wp-json\/wp\/v2\/posts\/42961\/revisions"}],"wp:attachment":[{"href":"https:\/\/www.jornalja.com.br\/arquivo\/wp-json\/wp\/v2\/media?parent=42961"}],"wp:term":[{"taxonomy":"category","embeddable":true,"href":"https:\/\/www.jornalja.com.br\/arquivo\/wp-json\/wp\/v2\/categories?post=42961"},{"taxonomy":"post_tag","embeddable":true,"href":"https:\/\/www.jornalja.com.br\/arquivo\/wp-json\/wp\/v2\/tags?post=42961"}],"curies":[{"name":"wp","href":"https:\/\/api.w.org\/{rel}","templated":true}]}}