{"id":42994,"date":"2017-01-09T12:47:07","date_gmt":"2017-01-09T15:47:07","guid":{"rendered":"https:\/\/www.jornalja.com.br\/?p=42994"},"modified":"2017-01-09T12:47:07","modified_gmt":"2017-01-09T15:47:07","slug":"vizinhos-da-cettraliq-dizem-que-mau-cheiro-acabou","status":"publish","type":"post","link":"https:\/\/www.jornalja.com.br\/arquivo\/vizinhos-da-cettraliq-dizem-que-mau-cheiro-acabou\/","title":{"rendered":"Vizinhos da Cettraliq dizem que mau cheiro acabou"},"content":{"rendered":"<p>Quem desembarca do \u00f4nibus Vila Farrapos na avenida Frederico Mentz, em frente \u00e0 sede da empresa Cettraliq j\u00e1 n\u00e3o sente no ar o mau cheiro de que reclamava a popula\u00e7\u00e3o de Porto Alegre at\u00e9 alguns meses atr\u00e1s. Em meados de maio de 2016, o mau cheiro no ar, na regi\u00e3o onde fica a empresa, foi motivo de reclama\u00e7\u00e3o por parte de quem mora, trabalha e at\u00e9 mesmo por quem passava de carro por ali.<br \/>\nNa \u00faltima semana a Cettraliq, empresa de tratamento de efluentes industriais, <a href=\"https:\/\/www.jornalja.com.br\/cettraliq-conclui-retirada-de-efluentes-da-planta\/\" target=\"_blank\" rel=\"noopener noreferrer\">anunciou que havia retirado todos os efluentes de sua planta<\/a>, na Zona Norte de Porto Alegre. Em agosto, a <a href=\"https:\/\/www.jornalja.com.br\/empresa-que-recebe-efluentes-de-1-500-industrias-e-interditada\/\" target=\"_blank\" rel=\"noopener noreferrer\">empresa foi interditada pela Fepam<\/a>, que alegava \u201cemiss\u00e3o de odores fora dos limites da sua planta.\u201d <a href=\"https:\/\/www.jornalja.com.br\/cettraliq-diz-ser-injusticada-pela-fepam\/\" target=\"_blank\" rel=\"noopener noreferrer\">A Cettraliq se diz injusti\u00e7ada<\/a> e se defende afirmando que nada foi provado em rela\u00e7\u00e3o \u00e0 origem do cheiro no ar ou do gosto sentido na \u00e1gua pela popula\u00e7\u00e3o entre maio e agosto de 2016.<br \/>\nA dire\u00e7\u00e3o da empresa reitera que o cheiro pode ser de outra fonte, principalmente \u00a0bact\u00e9rias existentes no lodo do rio ou nos esgotos pluviais. Nesta segunda-feira (9) quando expira o prazo que a justi\u00e7a havia dado, a empresa apresentar\u00e1 ao juiz um relat\u00f3rio detalhado de todos os pa\u00e7os dados para a a retirada desde agosto, quando paralisou suias atividades at\u00e9 a conclus\u00e3o da remo\u00e7\u00e3o dos efluentes que foram levados para serem tratados em Joinville, Santa Catarina.<br \/>\nA reportagem do J\u00c1 ouviu os moradores das proximidades da empresa. Logo na chegada, o vizinho mais pr\u00f3ximo que encontramos foi um funcion\u00e1rio do estacionamento do shopping DC Navegantes, que \u00e9 separado da Cettraliq apenas por um muro. O funcion\u00e1rio, que preferiu n\u00e3o se identificar, afirma que o cheiro constante que gerava reclama\u00e7\u00f5es parou logo que a empresa teve suas atividades suspensas.<br \/>\nEntretanto, ele afirma que eventualmente o cheiro retorna, com menos intensidade. Mas n\u00e3o soube relacionar fatores que influenciem nesse retorno do mau odor. Em rela\u00e7\u00e3o \u00e0 causa, preferiu n\u00e3o afirmar: \u201cuns diziam que era do rio, outros, que era da empresa a\u00ed do lado.\u201d Uma funcion\u00e1ria de outra empresa pr\u00f3xima deu um relato semelhante e afirmou que, no per\u00edodo em que o cheiro era mais intenso, chegava a ser sentido dentro do edif\u00edcio, mesmo com as janelas fechadas.<br \/>\nA sede da Cettraliq est\u00e1 localizada no bairro Navegantes, em uma regi\u00e3o pouco residencial, com predomin\u00e2ncia de ind\u00fastrias. Os vizinhos mais pr\u00f3ximos ficam nas ruas aos fundos do DC Navegantes.<br \/>\n<span class=\"intertit\">Para vizinhos, o cheiro era da empresa<\/span><br \/>\n<figure id=\"attachment_42997\" aria-describedby=\"caption-attachment-42997\" style=\"width: 725px\" class=\"wp-caption alignnone\"><img loading=\"lazy\" decoding=\"async\" class=\"wp-image-42997 size-full\" src=\"https:\/\/www.jornalja.com.br\/wp-content\/uploads\/2017\/01\/Moradores-dizem-que-o-cheiro-era-da-Cettraliq-3.jpg\" alt=\"Para Elisabete n\u00e3o restam d\u00favidas: o cheiro era da Cettraliq\" width=\"725\" height=\"408\" \/><figcaption id=\"caption-attachment-42997\" class=\"wp-caption-text\">Para Elisabete n\u00e3o restam d\u00favidas: o cheiro era da Cettraliq<\/figcaption><\/figure><br \/>\nElisabete Freitas \u00e9 moradora do bairro Navegantes h\u00e1 36 anos. Para ela n\u00e3o h\u00e1 d\u00favida: o cheiro vinha da sede da empresa. \u201cEra um cheiro horr\u00edvel, parecia de mofo. Quando embargaram a empresa o cheiro parou\u201d, afirma. Segundo Elisabete, durante algum tempo, o cheiro ainda podia ser sentido em alguns momentos, trazido pelo vento. Agora, diz que a situa\u00e7\u00e3o est\u00e1 normalizada.<br \/>\nElisabete conversava com outros tr\u00eas vizinhos, em frente a um bar, que aparentava fechado ao p\u00fablico. Todos eles afirmaram que o cheiro vinha da sede da empresa.<br \/>\n<span class=\"intertit\">O poder p\u00fablico tamb\u00e9m tem responsabilidade<\/span><br \/>\n<figure id=\"attachment_42995\" aria-describedby=\"caption-attachment-42995\" style=\"width: 725px\" class=\"wp-caption alignnone\"><img loading=\"lazy\" decoding=\"async\" class=\"wp-image-42995 size-full\" src=\"https:\/\/www.jornalja.com.br\/wp-content\/uploads\/2017\/01\/Moradores-dizem-que-o-cheiro-era-da-Cettraliq-1.jpg\" alt=\"Para Marcos Vinicius, a responsabilidade deve ser compartilhada com o poder p\u00fablico\" width=\"725\" height=\"408\" \/><figcaption id=\"caption-attachment-42995\" class=\"wp-caption-text\">Para Marcos Vinicius, a responsabilidade deve ser compartilhada com o poder p\u00fablico<\/figcaption><\/figure><br \/>\nVizinho de Elisabete, Marcos Vinicius Nascimento mora na rua Beirute, h\u00e1 cerca de 400m da sede da Cettraliq. Para ele tamb\u00e9m n\u00e3o restam d\u00favidas da rela\u00e7\u00e3o entre as atividades da Cettraliq e o cheiro de mofo sentido no ar do bairro Navegantes na metade de 2016. Por\u00e9m, para ele, a responsabilidade deve ser compartilhada entre a empresa e o poder p\u00fablico. \u201cSe tem \u00f3rg\u00e3os do Estado que tem obriga\u00e7\u00e3o de garantir \u00e1gua limpa de qualidade para o povo, eles precisam fiscalizar, se a \u00e1gua \u00e9 pr\u00f3pria ou n\u00e3o. Eu n\u00e3o compro \u00e1gua da Cettraliq, eu compro do Dmae\u201d, afirmou.<br \/>\nAinda que acredite em uma rela\u00e7\u00e3o direta entre a Cettraliq e a m\u00e1 qualidade da \u00e1gua, o mau cheiro do ar, Marcos Vinicius discorda da puni\u00e7\u00e3o sofrida pela empresa. \u201cFecharam uma empresa, que deve ter 20, 30 funcion\u00e1rios, sem comprovar nada. E a empresa tinha licen\u00e7a\u201d, afirma.<\/p>\n","protected":false},"excerpt":{"rendered":"<p>Quem desembarca do \u00f4nibus Vila Farrapos na avenida Frederico Mentz, em frente \u00e0 sede da empresa Cettraliq j\u00e1 n\u00e3o sente no ar o mau cheiro de que reclamava a popula\u00e7\u00e3o de Porto Alegre at\u00e9 alguns meses atr\u00e1s. Em meados de maio de 2016, o mau cheiro no ar, na regi\u00e3o onde fica a empresa, foi [&hellip;]<\/p>\n","protected":false},"author":4,"featured_media":42996,"comment_status":"open","ping_status":"closed","sticky":false,"template":"","format":"standard","meta":{"_jetpack_newsletter_access":"","_jetpack_dont_email_post_to_subs":false,"_jetpack_newsletter_tier_id":0,"_jetpack_memberships_contains_paywalled_content":false,"_jetpack_feature_clip_id":0,"_jetpack_memberships_contains_paid_content":false,"footnotes":"","jetpack_post_was_ever_published":false},"categories":[26],"tags":[],"class_list":["post-42994","post","type-post","status-publish","format-standard","has-post-thumbnail","hentry","category-geral"],"aioseo_notices":[],"aioseo_head":"\n\t\t<!-- All in One SEO 5.0.1.1 - aioseo.com -->\n\t<meta name=\"robots\" content=\"max-image-preview:large\" \/>\n\t<meta name=\"author\" content=\"da Reda\u00e7\u00e3o\"\/>\n\t<link rel=\"canonical\" href=\"https:\/\/www.jornalja.com.br\/arquivo\/vizinhos-da-cettraliq-dizem-que-mau-cheiro-acabou\/\" \/>\n\t<meta name=\"generator\" content=\"All in One SEO (AIOSEO) 5.0.1.1\" \/>\n\t\t<meta property=\"og:locale\" content=\"pt_BR\" \/>\n\t\t<meta property=\"og:site_name\" content=\"Arquivo | Jornal J\u00c1 | Porto Alegre\" \/>\n\t\t<meta property=\"og:type\" content=\"article\" \/>\n\t\t<meta property=\"og:title\" content=\"Vizinhos da Cettraliq dizem que mau cheiro acabou | Arquivo\" \/>\n\t\t<meta property=\"og:url\" content=\"https:\/\/www.jornalja.com.br\/arquivo\/vizinhos-da-cettraliq-dizem-que-mau-cheiro-acabou\/\" \/>\n\t\t<meta property=\"og:image\" content=\"https:\/\/www.jornalja.com.br\/wp-content\/uploads\/2017\/01\/Moradores-dizem-que-o-cheiro-era-da-Cettraliq-3.jpg\" \/>\n\t\t<meta property=\"og:image:secure_url\" content=\"https:\/\/www.jornalja.com.br\/wp-content\/uploads\/2017\/01\/Moradores-dizem-que-o-cheiro-era-da-Cettraliq-3.jpg\" \/>\n\t\t<meta property=\"article:published_time\" content=\"2017-01-09T15:47:07+00:00\" \/>\n\t\t<meta property=\"article:modified_time\" content=\"2017-01-09T15:47:07+00:00\" \/>\n\t\t<meta name=\"twitter:card\" content=\"summary\" \/>\n\t\t<meta name=\"twitter:title\" content=\"Vizinhos da Cettraliq dizem que mau cheiro acabou | Arquivo\" \/>\n\t\t<meta name=\"twitter:image\" content=\"https:\/\/www.jornalja.com.br\/economics\/wp-content\/uploads\/sites\/11\/2026\/08\/ja-folhaderosto-facebook.jpg\" \/>\n\t\t<script type=\"application\/ld+json\" class=\"aioseo-schema\">\n\t\t\t{\"@context\":\"https:\\\/\\\/schema.org\",\"@graph\":[{\"@type\":\"BlogPosting\",\"@id\":\"https:\\\/\\\/www.jornalja.com.br\\\/arquivo\\\/vizinhos-da-cettraliq-dizem-que-mau-cheiro-acabou\\\/#blogposting\",\"name\":\"Vizinhos da Cettraliq dizem que mau cheiro acabou | Arquivo\",\"headline\":\"Vizinhos da Cettraliq dizem que mau cheiro acabou\",\"author\":{\"@id\":\"https:\\\/\\\/www.jornalja.com.br\\\/arquivo\\\/author\\\/daredacao\\\/#author\"},\"publisher\":{\"@id\":\"https:\\\/\\\/www.jornalja.com.br\\\/arquivo\\\/#organization\"},\"image\":{\"@type\":\"ImageObject\",\"url\":42996},\"datePublished\":\"2017-01-09T12:47:07-02:00\",\"dateModified\":\"2017-01-09T12:47:07-02:00\",\"inLanguage\":\"pt-BR\",\"mainEntityOfPage\":{\"@id\":\"https:\\\/\\\/www.jornalja.com.br\\\/arquivo\\\/vizinhos-da-cettraliq-dizem-que-mau-cheiro-acabou\\\/#webpage\"},\"isPartOf\":{\"@id\":\"https:\\\/\\\/www.jornalja.com.br\\\/arquivo\\\/vizinhos-da-cettraliq-dizem-que-mau-cheiro-acabou\\\/#webpage\"},\"articleSection\":\"Geral\"},{\"@type\":\"BreadcrumbList\",\"@id\":\"https:\\\/\\\/www.jornalja.com.br\\\/arquivo\\\/vizinhos-da-cettraliq-dizem-que-mau-cheiro-acabou\\\/#breadcrumblist\",\"itemListElement\":[{\"@type\":\"ListItem\",\"@id\":\"https:\\\/\\\/www.jornalja.com.br\\\/arquivo#listItem\",\"position\":1,\"name\":\"Home\",\"item\":\"https:\\\/\\\/www.jornalja.com.br\\\/arquivo\",\"nextItem\":{\"@type\":\"ListItem\",\"@id\":\"https:\\\/\\\/www.jornalja.com.br\\\/arquivo\\\/category\\\/geral\\\/#listItem\",\"name\":\"Geral\"}},{\"@type\":\"ListItem\",\"@id\":\"https:\\\/\\\/www.jornalja.com.br\\\/arquivo\\\/category\\\/geral\\\/#listItem\",\"position\":2,\"name\":\"Geral\",\"item\":\"https:\\\/\\\/www.jornalja.com.br\\\/arquivo\\\/category\\\/geral\\\/\",\"nextItem\":{\"@type\":\"ListItem\",\"@id\":\"https:\\\/\\\/www.jornalja.com.br\\\/arquivo\\\/vizinhos-da-cettraliq-dizem-que-mau-cheiro-acabou\\\/#listItem\",\"name\":\"Vizinhos da Cettraliq dizem que mau cheiro acabou\"},\"previousItem\":{\"@type\":\"ListItem\",\"@id\":\"https:\\\/\\\/www.jornalja.com.br\\\/arquivo#listItem\",\"name\":\"Home\"}},{\"@type\":\"ListItem\",\"@id\":\"https:\\\/\\\/www.jornalja.com.br\\\/arquivo\\\/vizinhos-da-cettraliq-dizem-que-mau-cheiro-acabou\\\/#listItem\",\"position\":3,\"name\":\"Vizinhos da Cettraliq dizem que mau cheiro acabou\",\"previousItem\":{\"@type\":\"ListItem\",\"@id\":\"https:\\\/\\\/www.jornalja.com.br\\\/arquivo\\\/category\\\/geral\\\/#listItem\",\"name\":\"Geral\"}}]},{\"@type\":\"Organization\",\"@id\":\"https:\\\/\\\/www.jornalja.com.br\\\/arquivo\\\/#organization\",\"name\":\"Jornal J\\u00c1\",\"description\":\"Jornal J\\u00c1 | Porto Alegre\",\"url\":\"https:\\\/\\\/www.jornalja.com.br\\\/arquivo\\\/\",\"telephone\":\"+555133307272\",\"logo\":{\"@type\":\"ImageObject\",\"url\":\"https:\\\/\\\/www.jornalja.com.br\\\/wp-content\\\/uploads\\\/cards\\\/JAslogan.png\",\"@id\":\"https:\\\/\\\/www.jornalja.com.br\\\/arquivo\\\/vizinhos-da-cettraliq-dizem-que-mau-cheiro-acabou\\\/#organizationLogo\"},\"image\":{\"@id\":\"https:\\\/\\\/www.jornalja.com.br\\\/arquivo\\\/vizinhos-da-cettraliq-dizem-que-mau-cheiro-acabou\\\/#organizationLogo\"}},{\"@type\":\"Person\",\"@id\":\"https:\\\/\\\/www.jornalja.com.br\\\/arquivo\\\/author\\\/daredacao\\\/#author\",\"url\":\"https:\\\/\\\/www.jornalja.com.br\\\/arquivo\\\/author\\\/daredacao\\\/\",\"name\":\"da Reda\\u00e7\\u00e3o\",\"image\":{\"@type\":\"ImageObject\",\"@id\":\"https:\\\/\\\/www.jornalja.com.br\\\/arquivo\\\/vizinhos-da-cettraliq-dizem-que-mau-cheiro-acabou\\\/#authorImage\",\"url\":\"https:\\\/\\\/secure.gravatar.com\\\/avatar\\\/469fd857d6605ad19919d27ed29d35a968a25f6e8fd9318356bbb7f57aae9c65?s=96&d=mm&r=g\",\"width\":96,\"height\":96,\"caption\":\"da Reda\\u00e7\\u00e3o\"}},{\"@type\":\"WebPage\",\"@id\":\"https:\\\/\\\/www.jornalja.com.br\\\/arquivo\\\/vizinhos-da-cettraliq-dizem-que-mau-cheiro-acabou\\\/#webpage\",\"url\":\"https:\\\/\\\/www.jornalja.com.br\\\/arquivo\\\/vizinhos-da-cettraliq-dizem-que-mau-cheiro-acabou\\\/\",\"name\":\"Vizinhos da Cettraliq dizem que mau cheiro acabou | Arquivo\",\"inLanguage\":\"pt-BR\",\"isPartOf\":{\"@id\":\"https:\\\/\\\/www.jornalja.com.br\\\/arquivo\\\/#website\"},\"breadcrumb\":{\"@id\":\"https:\\\/\\\/www.jornalja.com.br\\\/arquivo\\\/vizinhos-da-cettraliq-dizem-que-mau-cheiro-acabou\\\/#breadcrumblist\"},\"author\":{\"@id\":\"https:\\\/\\\/www.jornalja.com.br\\\/arquivo\\\/author\\\/daredacao\\\/#author\"},\"creator\":{\"@id\":\"https:\\\/\\\/www.jornalja.com.br\\\/arquivo\\\/author\\\/daredacao\\\/#author\"},\"image\":{\"@type\":\"ImageObject\",\"url\":42996,\"@id\":\"https:\\\/\\\/www.jornalja.com.br\\\/arquivo\\\/vizinhos-da-cettraliq-dizem-que-mau-cheiro-acabou\\\/#mainImage\"},\"primaryImageOfPage\":{\"@id\":\"https:\\\/\\\/www.jornalja.com.br\\\/arquivo\\\/vizinhos-da-cettraliq-dizem-que-mau-cheiro-acabou\\\/#mainImage\"},\"datePublished\":\"2017-01-09T12:47:07-02:00\",\"dateModified\":\"2017-01-09T12:47:07-02:00\"},{\"@type\":\"WebSite\",\"@id\":\"https:\\\/\\\/www.jornalja.com.br\\\/arquivo\\\/#website\",\"url\":\"https:\\\/\\\/www.jornalja.com.br\\\/arquivo\\\/\",\"name\":\"Arquivo\",\"description\":\"Jornal J\\u00c1 | Porto Alegre\",\"inLanguage\":\"pt-BR\",\"publisher\":{\"@id\":\"https:\\\/\\\/www.jornalja.com.br\\\/arquivo\\\/#organization\"}}]}\n\t\t<\/script>\n\t\t<!-- All in One SEO -->\n\n","aioseo_head_json":{"title":"Vizinhos da Cettraliq dizem que mau cheiro acabou | Arquivo","description":"","canonical_url":"https:\/\/www.jornalja.com.br\/arquivo\/vizinhos-da-cettraliq-dizem-que-mau-cheiro-acabou\/","robots":"max-image-preview:large","keywords":"","webmasterTools":{"miscellaneous":""},"schema":{"@context":"https:\/\/schema.org","@graph":[{"@type":"BlogPosting","@id":"https:\/\/www.jornalja.com.br\/arquivo\/vizinhos-da-cettraliq-dizem-que-mau-cheiro-acabou\/#blogposting","name":"Vizinhos da Cettraliq dizem que mau cheiro acabou | Arquivo","headline":"Vizinhos da Cettraliq dizem que mau cheiro acabou","author":{"@id":"https:\/\/www.jornalja.com.br\/arquivo\/author\/daredacao\/#author"},"publisher":{"@id":"https:\/\/www.jornalja.com.br\/arquivo\/#organization"},"image":{"@type":"ImageObject","url":42996},"datePublished":"2017-01-09T12:47:07-02:00","dateModified":"2017-01-09T12:47:07-02:00","inLanguage":"pt-BR","mainEntityOfPage":{"@id":"https:\/\/www.jornalja.com.br\/arquivo\/vizinhos-da-cettraliq-dizem-que-mau-cheiro-acabou\/#webpage"},"isPartOf":{"@id":"https:\/\/www.jornalja.com.br\/arquivo\/vizinhos-da-cettraliq-dizem-que-mau-cheiro-acabou\/#webpage"},"articleSection":"Geral"},{"@type":"BreadcrumbList","@id":"https:\/\/www.jornalja.com.br\/arquivo\/vizinhos-da-cettraliq-dizem-que-mau-cheiro-acabou\/#breadcrumblist","itemListElement":[{"@type":"ListItem","@id":"https:\/\/www.jornalja.com.br\/arquivo#listItem","position":1,"name":"Home","item":"https:\/\/www.jornalja.com.br\/arquivo","nextItem":{"@type":"ListItem","@id":"https:\/\/www.jornalja.com.br\/arquivo\/category\/geral\/#listItem","name":"Geral"}},{"@type":"ListItem","@id":"https:\/\/www.jornalja.com.br\/arquivo\/category\/geral\/#listItem","position":2,"name":"Geral","item":"https:\/\/www.jornalja.com.br\/arquivo\/category\/geral\/","nextItem":{"@type":"ListItem","@id":"https:\/\/www.jornalja.com.br\/arquivo\/vizinhos-da-cettraliq-dizem-que-mau-cheiro-acabou\/#listItem","name":"Vizinhos da Cettraliq dizem que mau cheiro acabou"},"previousItem":{"@type":"ListItem","@id":"https:\/\/www.jornalja.com.br\/arquivo#listItem","name":"Home"}},{"@type":"ListItem","@id":"https:\/\/www.jornalja.com.br\/arquivo\/vizinhos-da-cettraliq-dizem-que-mau-cheiro-acabou\/#listItem","position":3,"name":"Vizinhos da Cettraliq dizem que mau cheiro acabou","previousItem":{"@type":"ListItem","@id":"https:\/\/www.jornalja.com.br\/arquivo\/category\/geral\/#listItem","name":"Geral"}}]},{"@type":"Organization","@id":"https:\/\/www.jornalja.com.br\/arquivo\/#organization","name":"Jornal J\u00c1","description":"Jornal J\u00c1 | Porto Alegre","url":"https:\/\/www.jornalja.com.br\/arquivo\/","telephone":"+555133307272","logo":{"@type":"ImageObject","url":"https:\/\/www.jornalja.com.br\/wp-content\/uploads\/cards\/JAslogan.png","@id":"https:\/\/www.jornalja.com.br\/arquivo\/vizinhos-da-cettraliq-dizem-que-mau-cheiro-acabou\/#organizationLogo"},"image":{"@id":"https:\/\/www.jornalja.com.br\/arquivo\/vizinhos-da-cettraliq-dizem-que-mau-cheiro-acabou\/#organizationLogo"}},{"@type":"Person","@id":"https:\/\/www.jornalja.com.br\/arquivo\/author\/daredacao\/#author","url":"https:\/\/www.jornalja.com.br\/arquivo\/author\/daredacao\/","name":"da Reda\u00e7\u00e3o","image":{"@type":"ImageObject","@id":"https:\/\/www.jornalja.com.br\/arquivo\/vizinhos-da-cettraliq-dizem-que-mau-cheiro-acabou\/#authorImage","url":"https:\/\/secure.gravatar.com\/avatar\/469fd857d6605ad19919d27ed29d35a968a25f6e8fd9318356bbb7f57aae9c65?s=96&d=mm&r=g","width":96,"height":96,"caption":"da Reda\u00e7\u00e3o"}},{"@type":"WebPage","@id":"https:\/\/www.jornalja.com.br\/arquivo\/vizinhos-da-cettraliq-dizem-que-mau-cheiro-acabou\/#webpage","url":"https:\/\/www.jornalja.com.br\/arquivo\/vizinhos-da-cettraliq-dizem-que-mau-cheiro-acabou\/","name":"Vizinhos da Cettraliq dizem que mau cheiro acabou | Arquivo","inLanguage":"pt-BR","isPartOf":{"@id":"https:\/\/www.jornalja.com.br\/arquivo\/#website"},"breadcrumb":{"@id":"https:\/\/www.jornalja.com.br\/arquivo\/vizinhos-da-cettraliq-dizem-que-mau-cheiro-acabou\/#breadcrumblist"},"author":{"@id":"https:\/\/www.jornalja.com.br\/arquivo\/author\/daredacao\/#author"},"creator":{"@id":"https:\/\/www.jornalja.com.br\/arquivo\/author\/daredacao\/#author"},"image":{"@type":"ImageObject","url":42996,"@id":"https:\/\/www.jornalja.com.br\/arquivo\/vizinhos-da-cettraliq-dizem-que-mau-cheiro-acabou\/#mainImage"},"primaryImageOfPage":{"@id":"https:\/\/www.jornalja.com.br\/arquivo\/vizinhos-da-cettraliq-dizem-que-mau-cheiro-acabou\/#mainImage"},"datePublished":"2017-01-09T12:47:07-02:00","dateModified":"2017-01-09T12:47:07-02:00"},{"@type":"WebSite","@id":"https:\/\/www.jornalja.com.br\/arquivo\/#website","url":"https:\/\/www.jornalja.com.br\/arquivo\/","name":"Arquivo","description":"Jornal J\u00c1 | Porto Alegre","inLanguage":"pt-BR","publisher":{"@id":"https:\/\/www.jornalja.com.br\/arquivo\/#organization"}}]},"og:locale":"pt_BR","og:site_name":"Arquivo | Jornal J\u00c1 | Porto Alegre","og:type":"article","og:title":"Vizinhos da Cettraliq dizem que mau cheiro acabou | Arquivo","og:url":"https:\/\/www.jornalja.com.br\/arquivo\/vizinhos-da-cettraliq-dizem-que-mau-cheiro-acabou\/","og:image":"https:\/\/www.jornalja.com.br\/wp-content\/uploads\/2017\/01\/Moradores-dizem-que-o-cheiro-era-da-Cettraliq-3.jpg","og:image:secure_url":"https:\/\/www.jornalja.com.br\/wp-content\/uploads\/2017\/01\/Moradores-dizem-que-o-cheiro-era-da-Cettraliq-3.jpg","article:published_time":"2017-01-09T15:47:07+00:00","article:modified_time":"2017-01-09T15:47:07+00:00","twitter:card":"summary","twitter:title":"Vizinhos da Cettraliq dizem que mau cheiro acabou | Arquivo","twitter:image":"https:\/\/www.jornalja.com.br\/economics\/wp-content\/uploads\/sites\/11\/2026\/08\/ja-folhaderosto-facebook.jpg"},"aioseo_meta_data":{"post_id":"42994","title":null,"description":null,"keywords":null,"keyphrases":null,"primary_term":null,"canonical_url":null,"og_title":null,"og_description":null,"og_object_type":"default","og_image_type":"default","og_image_url":null,"og_image_width":null,"og_image_height":null,"og_image_custom_url":null,"og_image_custom_fields":null,"og_video":null,"og_custom_url":null,"og_article_section":null,"og_article_tags":null,"twitter_use_og":false,"twitter_card":"default","twitter_image_type":"default","twitter_image_url":null,"twitter_image_custom_url":null,"twitter_image_custom_fields":null,"twitter_title":null,"twitter_description":null,"schema":{"blockGraphs":[],"customGraphs":[],"default":{"data":{"Article":[],"Course":[],"Dataset":[],"FAQPage":[],"Movie":[],"Person":[],"Product":[],"ProductReview":[],"Car":[],"Recipe":[],"Service":[],"SoftwareApplication":[],"WebPage":[]},"graphName":"","isEnabled":true},"graphs":[],"defaultGraph":"","defaultPostTypeGraph":""},"schema_type":null,"schema_type_options":null,"pillar_content":false,"robots_default":true,"robots_noindex":false,"robots_noarchive":false,"robots_nosnippet":false,"robots_nofollow":false,"robots_noimageindex":false,"robots_noodp":false,"robots_notranslate":false,"robots_max_snippet":null,"robots_max_videopreview":null,"robots_max_imagepreview":"large","priority":null,"frequency":null,"location":null,"local_seo":null,"breadcrumb_settings":null,"limit_modified_date":false,"ai":null,"created":"2020-12-20 20:43:21","updated":"2025-07-19 19:08:06","seo_analyzer_scan_date":null,"focus_keyword":null,"additional_keywords":null,"truseo_locale":null},"jetpack_sharing_enabled":true,"jetpack-related-posts":[{"id":12960,"url":"https:\/\/www.jornalja.com.br\/arquivo\/populacao-culpa-empresas-pela-greve-dos-rodoviarios\/","url_meta":{"origin":42994,"position":0},"title":"Popula\u00e7\u00e3o culpa empresas pela greve","author":"Patr\u00edcia Marini","date":"14 de fevereiro de 2014","format":false,"excerpt":"Pesquisa divulgada na edi\u00e7\u00e3o do jornal Metro desta sexta-feira,14, comprova o velho ditado: \u00e9 poss\u00edvel enganar muitos por algum tempo, mas n\u00e3o \u00e9 poss\u00edvel enganar a todos o tempo inteiro. A principal revela\u00e7\u00e3o foi que 59,8% dos entrevistados apontaram as empresas como as principais respons\u00e1veis pela grave e 46% culparam\u2026","rel":"","context":"Em &quot;X.Categorias velhas&quot;","block_context":{"text":"X.Categorias velhas","link":"https:\/\/www.jornalja.com.br\/arquivo\/category\/x-categorias-velhas\/"},"img":{"alt_text":"","src":"","width":0,"height":0},"classes":[]},{"id":1280,"url":"https:\/\/www.jornalja.com.br\/arquivo\/o-menino-que-se-tornou-brizola\/","url_meta":{"origin":42994,"position":1},"title":"O Menino que se Tornou Brizola","author":"da Reda\u00e7\u00e3o","date":"28 de julho de 2008","format":false,"excerpt":"Autor: Cleber Dioni A vida de Leonel Brizola, com \u00eanfase para os primeiros anos em Porto Alegre, at\u00e9 o ex\u00edlio no Uruguai e a volta, quinze anos depois. \u00a0\"...\u00c9ramos todos jovens e nos identific\u00e1vamos com aquela massa an\u00f4nima a percorrer as ruas de Porto Alegre, gritando 'Get\u00falio', 'Get\u00falio' e empunhando\u2026","rel":"","context":"Em &quot;Livros&quot;","block_context":{"text":"Livros","link":"https:\/\/www.jornalja.com.br\/arquivo\/category\/livros\/"},"img":{"alt_text":"","src":"https:\/\/i0.wp.com\/www.jornalja.com.br\/wp-content\/uploads\/2008\/07\/brizola.gif?resize=350%2C200&ssl=1","width":350,"height":200},"classes":[]},{"id":13101,"url":"https:\/\/www.jornalja.com.br\/arquivo\/morre-um-guerreiro-do-texto\/","url_meta":{"origin":42994,"position":2},"title":"Morre um guerreiro do texto","author":"Patr\u00edcia Marini","date":"14 de maio de 2014","format":false,"excerpt":"Por Ricardo Kotscho Reproduzido do blog do autor, 11\/5\/2014; t\u00edtulo original \u201cE l\u00e1 se foi o nosso Myltainho, guerreiro do texto\u201d. Mi\u00fado e franzino, meu amigo Myltainho era um valente e inconformado guerreiro na luta contra as injusti\u00e7as sociais, a hipocrisia, as maracutaias, o autoritarismo, a intoler\u00e2ncia, a viol\u00eancia, o\u2026","rel":"","context":"Em &quot;Geral&quot;","block_context":{"text":"Geral","link":"https:\/\/www.jornalja.com.br\/arquivo\/category\/geral\/"},"img":{"alt_text":"","src":"","width":0,"height":0},"classes":[]},{"id":13124,"url":"https:\/\/www.jornalja.com.br\/arquivo\/sangue-latino-no-iecine\/","url_meta":{"origin":42994,"position":3},"title":"Sangue latino no IECINE","author":"da Reda\u00e7\u00e3o","date":"18 de maio de 2014","format":false,"excerpt":"Francisco Ribeiro O Instituto Estadual de Cinema (IECINE) tem a frente, desde abril \u00faltimo, um novo diretor, o cineasta colombiano Juan Zapata, 36, que substitui Luiz Alberto Cassol. Radicado h\u00e1 dez anos em Porto Alegre, Zapata tem diante de si o desafio de conduzir at\u00e9 o final do ano um\u2026","rel":"","context":"Em &quot;Cultura-Geral&quot;","block_context":{"text":"Cultura-Geral","link":"https:\/\/www.jornalja.com.br\/arquivo\/category\/materiasecundaria\/"},"img":{"alt_text":"","src":"","width":0,"height":0},"classes":[]},{"id":13240,"url":"https:\/\/www.jornalja.com.br\/arquivo\/plano-diretor-estamos-construindo-o-caos\/","url_meta":{"origin":42994,"position":4},"title":"Plano diretor: &quot;Estamos construindo o caos&quot;","author":"Patr\u00edcia Marini","date":"26 de maio de 2014","format":false,"excerpt":"Desabafo que arquiteta Eliana Castilhos, delegada da Regi\u00e3o de Planejamento 1, postou nas redes sociais \u00e9 um testemunho do ambiente que se criou no Conselho do Plano Diretor de Porto Alegre, onde a aprova\u00e7\u00e3o de grandes empreendimentos \u00e9 empurrada guela abaixo dos conselheiros. Ao CMDUA Como delegada da Regi\u00e3o de\u2026","rel":"","context":"Em &quot;Geral&quot;","block_context":{"text":"Geral","link":"https:\/\/www.jornalja.com.br\/arquivo\/category\/geral\/"},"img":{"alt_text":"","src":"","width":0,"height":0},"classes":[]},{"id":14241,"url":"https:\/\/www.jornalja.com.br\/arquivo\/o-guaiba-nas-imagens-poeticas-de-achutti\/","url_meta":{"origin":42994,"position":5},"title":"O Gua\u00edba nas imagens po\u00e9ticas de Achutti","author":"da Reda\u00e7\u00e3o","date":"18 de junho de 2014","format":false,"excerpt":"Em \u201cO Gua\u00edba por Achutti\u201d \u2013 obra financiada via Minist\u00e9rio da Cultura, produ\u00e7\u00e3o executiva de Pedro Longhi, e Fl\u00e1vio Wild como designer \u2013, o fot\u00f3grafo revela a beleza e as mazelas de um espa\u00e7o aqu\u00e1tico de \u00e1guas sempre renovadas, cheio de hist\u00f3rias e lendas como as das cidades que foram\u2026","rel":"","context":"Em &quot;Cultura-Geral&quot;","block_context":{"text":"Cultura-Geral","link":"https:\/\/www.jornalja.com.br\/arquivo\/category\/materiasecundaria\/"},"img":{"alt_text":"","src":"","width":0,"height":0},"classes":[]}],"jetpack_shortlink":"https:\/\/wp.me\/pbQjBd-bbs","jetpack_featured_media_url":"","_links":{"self":[{"href":"https:\/\/www.jornalja.com.br\/arquivo\/wp-json\/wp\/v2\/posts\/42994","targetHints":{"allow":["GET"]}}],"collection":[{"href":"https:\/\/www.jornalja.com.br\/arquivo\/wp-json\/wp\/v2\/posts"}],"about":[{"href":"https:\/\/www.jornalja.com.br\/arquivo\/wp-json\/wp\/v2\/types\/post"}],"author":[{"embeddable":true,"href":"https:\/\/www.jornalja.com.br\/arquivo\/wp-json\/wp\/v2\/users\/4"}],"replies":[{"embeddable":true,"href":"https:\/\/www.jornalja.com.br\/arquivo\/wp-json\/wp\/v2\/comments?post=42994"}],"version-history":[{"count":0,"href":"https:\/\/www.jornalja.com.br\/arquivo\/wp-json\/wp\/v2\/posts\/42994\/revisions"}],"wp:attachment":[{"href":"https:\/\/www.jornalja.com.br\/arquivo\/wp-json\/wp\/v2\/media?parent=42994"}],"wp:term":[{"taxonomy":"category","embeddable":true,"href":"https:\/\/www.jornalja.com.br\/arquivo\/wp-json\/wp\/v2\/categories?post=42994"},{"taxonomy":"post_tag","embeddable":true,"href":"https:\/\/www.jornalja.com.br\/arquivo\/wp-json\/wp\/v2\/tags?post=42994"}],"curies":[{"name":"wp","href":"https:\/\/api.w.org\/{rel}","templated":true}]}}