{"id":43003,"date":"2017-01-08T20:32:02","date_gmt":"2017-01-08T23:32:02","guid":{"rendered":"https:\/\/www.jornalja.com.br\/?p=43003"},"modified":"2017-01-08T20:32:02","modified_gmt":"2017-01-08T23:32:02","slug":"manifesto-de-notaveis-pede-que-sartori-suspenda-extincao-de-fundacoes","status":"publish","type":"post","link":"https:\/\/www.jornalja.com.br\/arquivo\/manifesto-de-notaveis-pede-que-sartori-suspenda-extincao-de-fundacoes\/","title":{"rendered":"Manifesto de not\u00e1veis pede que Sartori suspenda extin\u00e7\u00e3o de funda\u00e7\u00f5es"},"content":{"rendered":"<p>Uma &#8220;carta aberta&#8221; de cientistas, intelectuais e artistas ser\u00e1 divulgada \u00a0nesta\u00a0segunda-feira, 9, \u00a0apelando ao governo do Estado, para que sejam suspensos os procedimentos para a extin\u00e7\u00e3o das nove Funda\u00e7\u00f5es estaduais, incluidas no pacote de ajuste fiscal aprovado pelo legislativo ano final do ano passado.<br \/>\nEles \u00a0pedem \u00a0que &#8220;se estabele\u00e7a um f\u00f3rum de di\u00e1logo e negocia\u00e7\u00e3o, com representantes das organiza\u00e7\u00f5es da sociedade civil e especialistas das \u00e1reas de conhecimento cient\u00edfico, tecnol\u00f3gico e cultural&#8221;.<br \/>\nDentre os signat\u00e1rios da Carta est\u00e3o os ex-reitores da UFRGS Carlos Alexandre Neto e H\u00e9lgio Trindade, cientistas e professores como Ivan Izquierdo, Pedro Dutra Fonseca, Maria Beatriz Luce e Luis Osvaldo Leite, escritores como Luis Fernando Ver\u00edssimo, S\u00e9rgio Faraco, Armindo Trevisan, Luis Ant\u00f4nio de Assis Brasil, Luis Augusto Fischer, al\u00e9m de artistas como Nei Lisboa, Zor\u00e1via Bettiol e Jorge Furtado.<br \/>\nPara o grupo, &#8220;\u00e9 necess\u00e1rio negociar com todos os segmentos que expressem a diversidade de posi\u00e7\u00f5es existentes na sociedade, com o objetivo de formular alternativas exequ\u00edveis e prof\u00edcuas para a supera\u00e7\u00e3o da crise do Estado e o desenvolvimento do Rio Grande do Sul&#8221;.<br \/>\nA Carta, endere\u00e7ada ao governador e o vice, ser\u00e1 primeiramente entregue a um representante do governo e ter\u00e1 um lan\u00e7amento p\u00fablico no Chal\u00e9 da Pra\u00e7a XV, \u00e0s 18 hs, na segunda (09).<br \/>\nO texto \u00e9 contundente quanto aos preju\u00edzos para o patrim\u00f4nio cultural e cient\u00edfico do Estado, caso o governo d\u00ea curso aos processos de extin\u00e7\u00e3o.<br \/>\n\u201cExtinguir Funda\u00e7\u00f5es de pesquisa, de planejamento e de cultura, como \u00e9 o caso de FEE, FDRH, FZB, FEPAGRO, CIENTEC, FEPPS, METROPLAN, FIGTF, Piratini (TVE e FM Cultura), significa muito mais do que fechar os 1.200 postos de trabalho e, assim, diminuir despesas: os senhores e a popula\u00e7\u00e3o bem informada sabem que, com essas Funda\u00e7\u00f5es, se vai parte fundamental da possibilidade de desenvolvimento cient\u00edfico, tecnol\u00f3gico e cultural do estado. Sem elas, surgir\u00e3o despesas novas, porque tanto o governo atual quanto os futuros inevitavelmente precisar\u00e3o contratar empresas que prestem os servi\u00e7os queelas hoje realizam\u201d.<br \/>\nOs signat\u00e1rios cobram ainda mais transpar\u00eancia no debate e nas a\u00e7\u00f5es pensadas para superar a crise financeira do Estado.<br \/>\n\u201cOs motivos or\u00e7ament\u00e1rios apresentados s\u00e3o fr\u00e1geis para justificar uma a\u00e7\u00e3o t\u00e3o radical. Com essas demiss\u00f5es e extin\u00e7\u00f5es, economizam-se cerca de 189,2 milh\u00f5es, segundo dados divulgados pela imprensa, o que representa apenas 0,69% do or\u00e7amento do poder Executivo realizado em 2016, de acordo com os dados oficiais do Porta\u00a0Transpar\u00eancia RS. A sociedade ga\u00facha tem o direito de receber dos senhores, de forma transparente, a explicita\u00e7\u00e3o completa da situa\u00e7\u00e3o financeira do Estado. Por que n\u00e3o fornecer o conjunto dos dados sobre as isen\u00e7\u00f5es fiscais e por que n\u00e3o responder \u00e0 A\u00e7\u00e3o Civil P\u00fablica impetrada pelo Minist\u00e9rio P\u00fablico Estadual e determinada pela 7\u00aa Vara da Fazenda P\u00fablica em 28\/11\/2016 para a divulga\u00e7\u00e3o desses dados?\u201d, questionam.<br \/>\nPor fim, os autores do pedido de negocia\u00e7\u00e3o destacam a grandeza em recuar e construir coletivamente decis\u00f5es t\u00e3o impactantes: \u201cA grandeza e a biografia dos senhores como gestores p\u00fablicos, neste momento, est\u00e3o na aceita\u00e7\u00e3o do lado justo e democr\u00e1tico da equa\u00e7\u00e3o pol\u00edtica \u2013 o lado das informa\u00e7\u00f5es transparentes, do debate p\u00fablico qualificado e da negocia\u00e7\u00e3o das decis\u00f5es que se mostrarem melhores para o Rio Grande do Sul\u201d.<\/p>\n","protected":false},"excerpt":{"rendered":"<p>Uma &#8220;carta aberta&#8221; de cientistas, intelectuais e artistas ser\u00e1 divulgada \u00a0nesta\u00a0segunda-feira, 9, \u00a0apelando ao governo do Estado, para que sejam suspensos os procedimentos para a extin\u00e7\u00e3o das nove Funda\u00e7\u00f5es estaduais, incluidas no pacote de ajuste fiscal aprovado pelo legislativo ano final do ano passado. Eles \u00a0pedem \u00a0que &#8220;se estabele\u00e7a um f\u00f3rum de di\u00e1logo e negocia\u00e7\u00e3o, [&hellip;]<\/p>\n","protected":false},"author":4,"featured_media":41638,"comment_status":"open","ping_status":"closed","sticky":false,"template":"","format":"standard","meta":{"_jetpack_newsletter_access":"","_jetpack_dont_email_post_to_subs":false,"_jetpack_newsletter_tier_id":0,"_jetpack_memberships_contains_paywalled_content":false,"_jetpack_feature_clip_id":0,"_jetpack_memberships_contains_paid_content":false,"footnotes":"","jetpack_post_was_ever_published":false},"categories":[26],"tags":[],"class_list":["post-43003","post","type-post","status-publish","format-standard","has-post-thumbnail","hentry","category-geral"],"aioseo_notices":[],"aioseo_head":"\n\t\t<!-- All in One SEO 5.0.1.1 - aioseo.com -->\n\t<meta name=\"robots\" content=\"max-image-preview:large\" \/>\n\t<meta name=\"author\" content=\"da Reda\u00e7\u00e3o\"\/>\n\t<link rel=\"canonical\" href=\"https:\/\/www.jornalja.com.br\/arquivo\/manifesto-de-notaveis-pede-que-sartori-suspenda-extincao-de-fundacoes\/\" \/>\n\t<meta name=\"generator\" content=\"All in One SEO (AIOSEO) 5.0.1.1\" \/>\n\t\t<meta property=\"og:locale\" content=\"pt_BR\" \/>\n\t\t<meta property=\"og:site_name\" content=\"Arquivo | Jornal J\u00c1 | Porto Alegre\" \/>\n\t\t<meta property=\"og:type\" content=\"article\" \/>\n\t\t<meta property=\"og:title\" content=\"Manifesto de not\u00e1veis pede que Sartori suspenda extin\u00e7\u00e3o de funda\u00e7\u00f5es | Arquivo\" \/>\n\t\t<meta property=\"og:url\" content=\"https:\/\/www.jornalja.com.br\/arquivo\/manifesto-de-notaveis-pede-que-sartori-suspenda-extincao-de-fundacoes\/\" \/>\n\t\t<meta property=\"og:image\" content=\"https:\/\/www.jornalja.com.br\/economics\/wp-content\/uploads\/sites\/11\/2026\/08\/ja-folhaderosto-facebook.jpg\" \/>\n\t\t<meta property=\"og:image:secure_url\" content=\"https:\/\/www.jornalja.com.br\/economics\/wp-content\/uploads\/sites\/11\/2026\/08\/ja-folhaderosto-facebook.jpg\" \/>\n\t\t<meta property=\"article:published_time\" content=\"2017-01-08T23:32:02+00:00\" \/>\n\t\t<meta property=\"article:modified_time\" content=\"2017-01-08T23:32:02+00:00\" \/>\n\t\t<meta name=\"twitter:card\" content=\"summary\" \/>\n\t\t<meta name=\"twitter:title\" content=\"Manifesto de not\u00e1veis pede que Sartori suspenda extin\u00e7\u00e3o de funda\u00e7\u00f5es | Arquivo\" \/>\n\t\t<meta name=\"twitter:image\" content=\"https:\/\/www.jornalja.com.br\/economics\/wp-content\/uploads\/sites\/11\/2026\/08\/ja-folhaderosto-facebook.jpg\" \/>\n\t\t<script type=\"application\/ld+json\" class=\"aioseo-schema\">\n\t\t\t{\"@context\":\"https:\\\/\\\/schema.org\",\"@graph\":[{\"@type\":\"BlogPosting\",\"@id\":\"https:\\\/\\\/www.jornalja.com.br\\\/arquivo\\\/manifesto-de-notaveis-pede-que-sartori-suspenda-extincao-de-fundacoes\\\/#blogposting\",\"name\":\"Manifesto de not\\u00e1veis pede que Sartori suspenda extin\\u00e7\\u00e3o de funda\\u00e7\\u00f5es | Arquivo\",\"headline\":\"Manifesto de not\\u00e1veis pede que Sartori suspenda extin\\u00e7\\u00e3o de funda\\u00e7\\u00f5es\",\"author\":{\"@id\":\"https:\\\/\\\/www.jornalja.com.br\\\/arquivo\\\/author\\\/daredacao\\\/#author\"},\"publisher\":{\"@id\":\"https:\\\/\\\/www.jornalja.com.br\\\/arquivo\\\/#organization\"},\"image\":{\"@type\":\"ImageObject\",\"url\":41638},\"datePublished\":\"2017-01-08T20:32:02-02:00\",\"dateModified\":\"2017-01-08T20:32:02-02:00\",\"inLanguage\":\"pt-BR\",\"mainEntityOfPage\":{\"@id\":\"https:\\\/\\\/www.jornalja.com.br\\\/arquivo\\\/manifesto-de-notaveis-pede-que-sartori-suspenda-extincao-de-fundacoes\\\/#webpage\"},\"isPartOf\":{\"@id\":\"https:\\\/\\\/www.jornalja.com.br\\\/arquivo\\\/manifesto-de-notaveis-pede-que-sartori-suspenda-extincao-de-fundacoes\\\/#webpage\"},\"articleSection\":\"Geral\"},{\"@type\":\"BreadcrumbList\",\"@id\":\"https:\\\/\\\/www.jornalja.com.br\\\/arquivo\\\/manifesto-de-notaveis-pede-que-sartori-suspenda-extincao-de-fundacoes\\\/#breadcrumblist\",\"itemListElement\":[{\"@type\":\"ListItem\",\"@id\":\"https:\\\/\\\/www.jornalja.com.br\\\/arquivo#listItem\",\"position\":1,\"name\":\"Home\",\"item\":\"https:\\\/\\\/www.jornalja.com.br\\\/arquivo\",\"nextItem\":{\"@type\":\"ListItem\",\"@id\":\"https:\\\/\\\/www.jornalja.com.br\\\/arquivo\\\/category\\\/geral\\\/#listItem\",\"name\":\"Geral\"}},{\"@type\":\"ListItem\",\"@id\":\"https:\\\/\\\/www.jornalja.com.br\\\/arquivo\\\/category\\\/geral\\\/#listItem\",\"position\":2,\"name\":\"Geral\",\"item\":\"https:\\\/\\\/www.jornalja.com.br\\\/arquivo\\\/category\\\/geral\\\/\",\"nextItem\":{\"@type\":\"ListItem\",\"@id\":\"https:\\\/\\\/www.jornalja.com.br\\\/arquivo\\\/manifesto-de-notaveis-pede-que-sartori-suspenda-extincao-de-fundacoes\\\/#listItem\",\"name\":\"Manifesto de not\\u00e1veis pede que Sartori suspenda extin\\u00e7\\u00e3o de funda\\u00e7\\u00f5es\"},\"previousItem\":{\"@type\":\"ListItem\",\"@id\":\"https:\\\/\\\/www.jornalja.com.br\\\/arquivo#listItem\",\"name\":\"Home\"}},{\"@type\":\"ListItem\",\"@id\":\"https:\\\/\\\/www.jornalja.com.br\\\/arquivo\\\/manifesto-de-notaveis-pede-que-sartori-suspenda-extincao-de-fundacoes\\\/#listItem\",\"position\":3,\"name\":\"Manifesto de not\\u00e1veis pede que Sartori suspenda extin\\u00e7\\u00e3o de funda\\u00e7\\u00f5es\",\"previousItem\":{\"@type\":\"ListItem\",\"@id\":\"https:\\\/\\\/www.jornalja.com.br\\\/arquivo\\\/category\\\/geral\\\/#listItem\",\"name\":\"Geral\"}}]},{\"@type\":\"Organization\",\"@id\":\"https:\\\/\\\/www.jornalja.com.br\\\/arquivo\\\/#organization\",\"name\":\"Jornal J\\u00c1\",\"description\":\"Jornal J\\u00c1 | Porto Alegre\",\"url\":\"https:\\\/\\\/www.jornalja.com.br\\\/arquivo\\\/\",\"telephone\":\"+555133307272\",\"logo\":{\"@type\":\"ImageObject\",\"url\":\"https:\\\/\\\/www.jornalja.com.br\\\/wp-content\\\/uploads\\\/cards\\\/JAslogan.png\",\"@id\":\"https:\\\/\\\/www.jornalja.com.br\\\/arquivo\\\/manifesto-de-notaveis-pede-que-sartori-suspenda-extincao-de-fundacoes\\\/#organizationLogo\"},\"image\":{\"@id\":\"https:\\\/\\\/www.jornalja.com.br\\\/arquivo\\\/manifesto-de-notaveis-pede-que-sartori-suspenda-extincao-de-fundacoes\\\/#organizationLogo\"}},{\"@type\":\"Person\",\"@id\":\"https:\\\/\\\/www.jornalja.com.br\\\/arquivo\\\/author\\\/daredacao\\\/#author\",\"url\":\"https:\\\/\\\/www.jornalja.com.br\\\/arquivo\\\/author\\\/daredacao\\\/\",\"name\":\"da Reda\\u00e7\\u00e3o\",\"image\":{\"@type\":\"ImageObject\",\"@id\":\"https:\\\/\\\/www.jornalja.com.br\\\/arquivo\\\/manifesto-de-notaveis-pede-que-sartori-suspenda-extincao-de-fundacoes\\\/#authorImage\",\"url\":\"https:\\\/\\\/secure.gravatar.com\\\/avatar\\\/469fd857d6605ad19919d27ed29d35a968a25f6e8fd9318356bbb7f57aae9c65?s=96&d=mm&r=g\",\"width\":96,\"height\":96,\"caption\":\"da Reda\\u00e7\\u00e3o\"}},{\"@type\":\"WebPage\",\"@id\":\"https:\\\/\\\/www.jornalja.com.br\\\/arquivo\\\/manifesto-de-notaveis-pede-que-sartori-suspenda-extincao-de-fundacoes\\\/#webpage\",\"url\":\"https:\\\/\\\/www.jornalja.com.br\\\/arquivo\\\/manifesto-de-notaveis-pede-que-sartori-suspenda-extincao-de-fundacoes\\\/\",\"name\":\"Manifesto de not\\u00e1veis pede que Sartori suspenda extin\\u00e7\\u00e3o de funda\\u00e7\\u00f5es | Arquivo\",\"inLanguage\":\"pt-BR\",\"isPartOf\":{\"@id\":\"https:\\\/\\\/www.jornalja.com.br\\\/arquivo\\\/#website\"},\"breadcrumb\":{\"@id\":\"https:\\\/\\\/www.jornalja.com.br\\\/arquivo\\\/manifesto-de-notaveis-pede-que-sartori-suspenda-extincao-de-fundacoes\\\/#breadcrumblist\"},\"author\":{\"@id\":\"https:\\\/\\\/www.jornalja.com.br\\\/arquivo\\\/author\\\/daredacao\\\/#author\"},\"creator\":{\"@id\":\"https:\\\/\\\/www.jornalja.com.br\\\/arquivo\\\/author\\\/daredacao\\\/#author\"},\"image\":{\"@type\":\"ImageObject\",\"url\":41638,\"@id\":\"https:\\\/\\\/www.jornalja.com.br\\\/arquivo\\\/manifesto-de-notaveis-pede-que-sartori-suspenda-extincao-de-fundacoes\\\/#mainImage\"},\"primaryImageOfPage\":{\"@id\":\"https:\\\/\\\/www.jornalja.com.br\\\/arquivo\\\/manifesto-de-notaveis-pede-que-sartori-suspenda-extincao-de-fundacoes\\\/#mainImage\"},\"datePublished\":\"2017-01-08T20:32:02-02:00\",\"dateModified\":\"2017-01-08T20:32:02-02:00\"},{\"@type\":\"WebSite\",\"@id\":\"https:\\\/\\\/www.jornalja.com.br\\\/arquivo\\\/#website\",\"url\":\"https:\\\/\\\/www.jornalja.com.br\\\/arquivo\\\/\",\"name\":\"Arquivo\",\"description\":\"Jornal J\\u00c1 | Porto Alegre\",\"inLanguage\":\"pt-BR\",\"publisher\":{\"@id\":\"https:\\\/\\\/www.jornalja.com.br\\\/arquivo\\\/#organization\"}}]}\n\t\t<\/script>\n\t\t<!-- All in One SEO -->\n\n","aioseo_head_json":{"title":"Manifesto de not\u00e1veis pede que Sartori suspenda extin\u00e7\u00e3o de funda\u00e7\u00f5es | Arquivo","description":"","canonical_url":"https:\/\/www.jornalja.com.br\/arquivo\/manifesto-de-notaveis-pede-que-sartori-suspenda-extincao-de-fundacoes\/","robots":"max-image-preview:large","keywords":"","webmasterTools":{"miscellaneous":""},"schema":{"@context":"https:\/\/schema.org","@graph":[{"@type":"BlogPosting","@id":"https:\/\/www.jornalja.com.br\/arquivo\/manifesto-de-notaveis-pede-que-sartori-suspenda-extincao-de-fundacoes\/#blogposting","name":"Manifesto de not\u00e1veis pede que Sartori suspenda extin\u00e7\u00e3o de funda\u00e7\u00f5es | Arquivo","headline":"Manifesto de not\u00e1veis pede que Sartori suspenda extin\u00e7\u00e3o de funda\u00e7\u00f5es","author":{"@id":"https:\/\/www.jornalja.com.br\/arquivo\/author\/daredacao\/#author"},"publisher":{"@id":"https:\/\/www.jornalja.com.br\/arquivo\/#organization"},"image":{"@type":"ImageObject","url":41638},"datePublished":"2017-01-08T20:32:02-02:00","dateModified":"2017-01-08T20:32:02-02:00","inLanguage":"pt-BR","mainEntityOfPage":{"@id":"https:\/\/www.jornalja.com.br\/arquivo\/manifesto-de-notaveis-pede-que-sartori-suspenda-extincao-de-fundacoes\/#webpage"},"isPartOf":{"@id":"https:\/\/www.jornalja.com.br\/arquivo\/manifesto-de-notaveis-pede-que-sartori-suspenda-extincao-de-fundacoes\/#webpage"},"articleSection":"Geral"},{"@type":"BreadcrumbList","@id":"https:\/\/www.jornalja.com.br\/arquivo\/manifesto-de-notaveis-pede-que-sartori-suspenda-extincao-de-fundacoes\/#breadcrumblist","itemListElement":[{"@type":"ListItem","@id":"https:\/\/www.jornalja.com.br\/arquivo#listItem","position":1,"name":"Home","item":"https:\/\/www.jornalja.com.br\/arquivo","nextItem":{"@type":"ListItem","@id":"https:\/\/www.jornalja.com.br\/arquivo\/category\/geral\/#listItem","name":"Geral"}},{"@type":"ListItem","@id":"https:\/\/www.jornalja.com.br\/arquivo\/category\/geral\/#listItem","position":2,"name":"Geral","item":"https:\/\/www.jornalja.com.br\/arquivo\/category\/geral\/","nextItem":{"@type":"ListItem","@id":"https:\/\/www.jornalja.com.br\/arquivo\/manifesto-de-notaveis-pede-que-sartori-suspenda-extincao-de-fundacoes\/#listItem","name":"Manifesto de not\u00e1veis pede que Sartori suspenda extin\u00e7\u00e3o de funda\u00e7\u00f5es"},"previousItem":{"@type":"ListItem","@id":"https:\/\/www.jornalja.com.br\/arquivo#listItem","name":"Home"}},{"@type":"ListItem","@id":"https:\/\/www.jornalja.com.br\/arquivo\/manifesto-de-notaveis-pede-que-sartori-suspenda-extincao-de-fundacoes\/#listItem","position":3,"name":"Manifesto de not\u00e1veis pede que Sartori suspenda extin\u00e7\u00e3o de funda\u00e7\u00f5es","previousItem":{"@type":"ListItem","@id":"https:\/\/www.jornalja.com.br\/arquivo\/category\/geral\/#listItem","name":"Geral"}}]},{"@type":"Organization","@id":"https:\/\/www.jornalja.com.br\/arquivo\/#organization","name":"Jornal J\u00c1","description":"Jornal J\u00c1 | Porto Alegre","url":"https:\/\/www.jornalja.com.br\/arquivo\/","telephone":"+555133307272","logo":{"@type":"ImageObject","url":"https:\/\/www.jornalja.com.br\/wp-content\/uploads\/cards\/JAslogan.png","@id":"https:\/\/www.jornalja.com.br\/arquivo\/manifesto-de-notaveis-pede-que-sartori-suspenda-extincao-de-fundacoes\/#organizationLogo"},"image":{"@id":"https:\/\/www.jornalja.com.br\/arquivo\/manifesto-de-notaveis-pede-que-sartori-suspenda-extincao-de-fundacoes\/#organizationLogo"}},{"@type":"Person","@id":"https:\/\/www.jornalja.com.br\/arquivo\/author\/daredacao\/#author","url":"https:\/\/www.jornalja.com.br\/arquivo\/author\/daredacao\/","name":"da Reda\u00e7\u00e3o","image":{"@type":"ImageObject","@id":"https:\/\/www.jornalja.com.br\/arquivo\/manifesto-de-notaveis-pede-que-sartori-suspenda-extincao-de-fundacoes\/#authorImage","url":"https:\/\/secure.gravatar.com\/avatar\/469fd857d6605ad19919d27ed29d35a968a25f6e8fd9318356bbb7f57aae9c65?s=96&d=mm&r=g","width":96,"height":96,"caption":"da Reda\u00e7\u00e3o"}},{"@type":"WebPage","@id":"https:\/\/www.jornalja.com.br\/arquivo\/manifesto-de-notaveis-pede-que-sartori-suspenda-extincao-de-fundacoes\/#webpage","url":"https:\/\/www.jornalja.com.br\/arquivo\/manifesto-de-notaveis-pede-que-sartori-suspenda-extincao-de-fundacoes\/","name":"Manifesto de not\u00e1veis pede que Sartori suspenda extin\u00e7\u00e3o de funda\u00e7\u00f5es | Arquivo","inLanguage":"pt-BR","isPartOf":{"@id":"https:\/\/www.jornalja.com.br\/arquivo\/#website"},"breadcrumb":{"@id":"https:\/\/www.jornalja.com.br\/arquivo\/manifesto-de-notaveis-pede-que-sartori-suspenda-extincao-de-fundacoes\/#breadcrumblist"},"author":{"@id":"https:\/\/www.jornalja.com.br\/arquivo\/author\/daredacao\/#author"},"creator":{"@id":"https:\/\/www.jornalja.com.br\/arquivo\/author\/daredacao\/#author"},"image":{"@type":"ImageObject","url":41638,"@id":"https:\/\/www.jornalja.com.br\/arquivo\/manifesto-de-notaveis-pede-que-sartori-suspenda-extincao-de-fundacoes\/#mainImage"},"primaryImageOfPage":{"@id":"https:\/\/www.jornalja.com.br\/arquivo\/manifesto-de-notaveis-pede-que-sartori-suspenda-extincao-de-fundacoes\/#mainImage"},"datePublished":"2017-01-08T20:32:02-02:00","dateModified":"2017-01-08T20:32:02-02:00"},{"@type":"WebSite","@id":"https:\/\/www.jornalja.com.br\/arquivo\/#website","url":"https:\/\/www.jornalja.com.br\/arquivo\/","name":"Arquivo","description":"Jornal J\u00c1 | Porto Alegre","inLanguage":"pt-BR","publisher":{"@id":"https:\/\/www.jornalja.com.br\/arquivo\/#organization"}}]},"og:locale":"pt_BR","og:site_name":"Arquivo | Jornal J\u00c1 | Porto Alegre","og:type":"article","og:title":"Manifesto de not\u00e1veis pede que Sartori suspenda extin\u00e7\u00e3o de funda\u00e7\u00f5es | Arquivo","og:url":"https:\/\/www.jornalja.com.br\/arquivo\/manifesto-de-notaveis-pede-que-sartori-suspenda-extincao-de-fundacoes\/","og:image":"https:\/\/www.jornalja.com.br\/economics\/wp-content\/uploads\/sites\/11\/2026\/08\/ja-folhaderosto-facebook.jpg","og:image:secure_url":"https:\/\/www.jornalja.com.br\/economics\/wp-content\/uploads\/sites\/11\/2026\/08\/ja-folhaderosto-facebook.jpg","article:published_time":"2017-01-08T23:32:02+00:00","article:modified_time":"2017-01-08T23:32:02+00:00","twitter:card":"summary","twitter:title":"Manifesto de not\u00e1veis pede que Sartori suspenda extin\u00e7\u00e3o de funda\u00e7\u00f5es | Arquivo","twitter:image":"https:\/\/www.jornalja.com.br\/economics\/wp-content\/uploads\/sites\/11\/2026\/08\/ja-folhaderosto-facebook.jpg"},"aioseo_meta_data":{"post_id":"43003","title":null,"description":null,"keywords":null,"keyphrases":null,"primary_term":null,"canonical_url":null,"og_title":null,"og_description":null,"og_object_type":"default","og_image_type":"default","og_image_url":null,"og_image_width":null,"og_image_height":null,"og_image_custom_url":null,"og_image_custom_fields":null,"og_video":null,"og_custom_url":null,"og_article_section":null,"og_article_tags":null,"twitter_use_og":false,"twitter_card":"default","twitter_image_type":"default","twitter_image_url":null,"twitter_image_custom_url":null,"twitter_image_custom_fields":null,"twitter_title":null,"twitter_description":null,"schema":{"blockGraphs":[],"customGraphs":[],"default":{"data":{"Article":[],"Course":[],"Dataset":[],"FAQPage":[],"Movie":[],"Person":[],"Product":[],"ProductReview":[],"Car":[],"Recipe":[],"Service":[],"SoftwareApplication":[],"WebPage":[]},"graphName":"","isEnabled":true},"graphs":[]},"schema_type":null,"schema_type_options":null,"pillar_content":false,"robots_default":true,"robots_noindex":false,"robots_noarchive":false,"robots_nosnippet":false,"robots_nofollow":false,"robots_noimageindex":false,"robots_noodp":false,"robots_notranslate":false,"robots_max_snippet":null,"robots_max_videopreview":null,"robots_max_imagepreview":"large","priority":null,"frequency":null,"location":null,"local_seo":null,"breadcrumb_settings":null,"limit_modified_date":false,"ai":null,"created":"2020-12-20 20:43:21","updated":"2025-07-19 19:08:06","seo_analyzer_scan_date":null,"focus_keyword":null,"additional_keywords":null,"truseo_locale":null},"jetpack_sharing_enabled":true,"jetpack-related-posts":[{"id":13101,"url":"https:\/\/www.jornalja.com.br\/arquivo\/morre-um-guerreiro-do-texto\/","url_meta":{"origin":43003,"position":0},"title":"Morre um guerreiro do texto","author":"Patr\u00edcia Marini","date":"14 de maio de 2014","format":false,"excerpt":"Por Ricardo Kotscho Reproduzido do blog do autor, 11\/5\/2014; t\u00edtulo original \u201cE l\u00e1 se foi o nosso Myltainho, guerreiro do texto\u201d. Mi\u00fado e franzino, meu amigo Myltainho era um valente e inconformado guerreiro na luta contra as injusti\u00e7as sociais, a hipocrisia, as maracutaias, o autoritarismo, a intoler\u00e2ncia, a viol\u00eancia, o\u2026","rel":"","context":"Em &quot;Geral&quot;","block_context":{"text":"Geral","link":"https:\/\/www.jornalja.com.br\/arquivo\/category\/geral\/"},"img":{"alt_text":"","src":"","width":0,"height":0},"classes":[]},{"id":13124,"url":"https:\/\/www.jornalja.com.br\/arquivo\/sangue-latino-no-iecine\/","url_meta":{"origin":43003,"position":1},"title":"Sangue latino no IECINE","author":"da Reda\u00e7\u00e3o","date":"18 de maio de 2014","format":false,"excerpt":"Francisco Ribeiro O Instituto Estadual de Cinema (IECINE) tem a frente, desde abril \u00faltimo, um novo diretor, o cineasta colombiano Juan Zapata, 36, que substitui Luiz Alberto Cassol. Radicado h\u00e1 dez anos em Porto Alegre, Zapata tem diante de si o desafio de conduzir at\u00e9 o final do ano um\u2026","rel":"","context":"Em &quot;Cultura-Geral&quot;","block_context":{"text":"Cultura-Geral","link":"https:\/\/www.jornalja.com.br\/arquivo\/category\/materiasecundaria\/"},"img":{"alt_text":"","src":"","width":0,"height":0},"classes":[]},{"id":13240,"url":"https:\/\/www.jornalja.com.br\/arquivo\/plano-diretor-estamos-construindo-o-caos\/","url_meta":{"origin":43003,"position":2},"title":"Plano diretor: &quot;Estamos construindo o caos&quot;","author":"Patr\u00edcia Marini","date":"26 de maio de 2014","format":false,"excerpt":"Desabafo que arquiteta Eliana Castilhos, delegada da Regi\u00e3o de Planejamento 1, postou nas redes sociais \u00e9 um testemunho do ambiente que se criou no Conselho do Plano Diretor de Porto Alegre, onde a aprova\u00e7\u00e3o de grandes empreendimentos \u00e9 empurrada guela abaixo dos conselheiros. Ao CMDUA Como delegada da Regi\u00e3o de\u2026","rel":"","context":"Em &quot;Geral&quot;","block_context":{"text":"Geral","link":"https:\/\/www.jornalja.com.br\/arquivo\/category\/geral\/"},"img":{"alt_text":"","src":"","width":0,"height":0},"classes":[]},{"id":14241,"url":"https:\/\/www.jornalja.com.br\/arquivo\/o-guaiba-nas-imagens-poeticas-de-achutti\/","url_meta":{"origin":43003,"position":3},"title":"O Gua\u00edba nas imagens po\u00e9ticas de Achutti","author":"da Reda\u00e7\u00e3o","date":"18 de junho de 2014","format":false,"excerpt":"Em \u201cO Gua\u00edba por Achutti\u201d \u2013 obra financiada via Minist\u00e9rio da Cultura, produ\u00e7\u00e3o executiva de Pedro Longhi, e Fl\u00e1vio Wild como designer \u2013, o fot\u00f3grafo revela a beleza e as mazelas de um espa\u00e7o aqu\u00e1tico de \u00e1guas sempre renovadas, cheio de hist\u00f3rias e lendas como as das cidades que foram\u2026","rel":"","context":"Em &quot;Cultura-Geral&quot;","block_context":{"text":"Cultura-Geral","link":"https:\/\/www.jornalja.com.br\/arquivo\/category\/materiasecundaria\/"},"img":{"alt_text":"","src":"","width":0,"height":0},"classes":[]}],"jetpack_shortlink":"https:\/\/wp.me\/pbQjBd-bbB","jetpack_featured_media_url":"","_links":{"self":[{"href":"https:\/\/www.jornalja.com.br\/arquivo\/wp-json\/wp\/v2\/posts\/43003","targetHints":{"allow":["GET"]}}],"collection":[{"href":"https:\/\/www.jornalja.com.br\/arquivo\/wp-json\/wp\/v2\/posts"}],"about":[{"href":"https:\/\/www.jornalja.com.br\/arquivo\/wp-json\/wp\/v2\/types\/post"}],"author":[{"embeddable":true,"href":"https:\/\/www.jornalja.com.br\/arquivo\/wp-json\/wp\/v2\/users\/4"}],"replies":[{"embeddable":true,"href":"https:\/\/www.jornalja.com.br\/arquivo\/wp-json\/wp\/v2\/comments?post=43003"}],"version-history":[{"count":0,"href":"https:\/\/www.jornalja.com.br\/arquivo\/wp-json\/wp\/v2\/posts\/43003\/revisions"}],"wp:attachment":[{"href":"https:\/\/www.jornalja.com.br\/arquivo\/wp-json\/wp\/v2\/media?parent=43003"}],"wp:term":[{"taxonomy":"category","embeddable":true,"href":"https:\/\/www.jornalja.com.br\/arquivo\/wp-json\/wp\/v2\/categories?post=43003"},{"taxonomy":"post_tag","embeddable":true,"href":"https:\/\/www.jornalja.com.br\/arquivo\/wp-json\/wp\/v2\/tags?post=43003"}],"curies":[{"name":"wp","href":"https:\/\/api.w.org\/{rel}","templated":true}]}}