{"id":43007,"date":"2017-01-09T12:52:10","date_gmt":"2017-01-09T15:52:10","guid":{"rendered":"https:\/\/www.jornalja.com.br\/?p=43007"},"modified":"2017-01-09T12:52:10","modified_gmt":"2017-01-09T15:52:10","slug":"marchezan-ainda-nao-definiu-secretario-de-seguranca-de-sua-gestao","status":"publish","type":"post","link":"https:\/\/www.jornalja.com.br\/arquivo\/marchezan-ainda-nao-definiu-secretario-de-seguranca-de-sua-gestao\/","title":{"rendered":"Marchezan ainda n\u00e3o definiu secret\u00e1rio de seguran\u00e7a de sua gest\u00e3o"},"content":{"rendered":"<p>Nove dias depois de tomar posse e de ter sua reforma administrativa aprovada na C\u00e2mara Municipal, o prefeito Nelson Marchezan J\u00fanio ainda n\u00e3o anunciou todos os nomes para o seu secretariado. Faltam quatro pastas: \u00a0Secretaria Municipal da Sustentabilidade,\u00a0Secretaria Municipal do Planejamento e Gest\u00e3o, Secretaria Municipal de Transpar\u00eancia e Controladoria Geral e\u00a0Secretaria Municipal de Seguran\u00e7a.<br \/>\nDos 10 nomes j\u00e1 anunciados apenas tr\u00eas s\u00e3o partid\u00e1rios, \u00a0Kevin Krieger e\u00a0Ricardo Gomes, ambos do PP e do vereador reeleito Elizandro Sabino (PTB). Dos 4 nomes restantes tr\u00eas devem vir atrav\u00e9s do &#8221; banco de talentos&#8221; criado pela organiza\u00e7\u00e3o Comunitas de S\u00e3o Paulo.<br \/>\nConfira abaixo os nomes j\u00e1 anunciados:<br \/>\n<strong>Da administra\u00e7\u00e3o direta<\/strong><br \/>\nSecretaria Municipal de Educa\u00e7\u00e3o: Adriano Naves de Brito<br \/>\nSecretaria Municipal de Sa\u00fade: Erno Harzheim<br \/>\nSecretaria Municipal de Seguran\u00e7a: ainda sem nome<br \/>\nSecretaria Municipal de Desenvolvimento Social (Fasc e Demhab): Maria de F\u00e1tima Z\u00e1chia Paludo<br \/>\nSecretaria Municipal de Desenvolvimento Econ\u00f4mico: Ricardo Gomes (pp)<br \/>\nSecretaria Municipal da Sustentabilidade: ainda sem nome<br \/>\nSecretaria Municipal de Cultura: Luciano Alabarse<br \/>\nSecretaria Municipal de Servi\u00e7os Urbanos (DMLU, DMAE e DEP): ainda sem nome<br \/>\nSecretaria Municipal de Infraestrutura e Mobilidade Urbana (EPTC, DMAE, DEP e Carris): Elizandro Sabino (ptb)<br \/>\n<strong>Da administra\u00e7\u00e3o transversal<\/strong><br \/>\nSecretaria Municipal do Planejamento e Gest\u00e3o (Previmpa e Procempa): ainda sem nome<br \/>\nSecretaria Municipal da Fazenda: Leonardo Busatto<br \/>\nSecretaria Municipal de Parcerias Estrat\u00e9gicas: Bruno Vicente Backer Vanuzzi<br \/>\nSecretaria Municipal de Transpar\u00eancia e Controladoria Geral: ainda sem nome<br \/>\nSecretaria Municipal de Rela\u00e7\u00f5es Institucionais e Articula\u00e7\u00e3o Pol\u00edtica: Kevin Krieger (pp)<br \/>\nProcuradoria-Geral: Bruno Miragem<br \/>\n&nbsp;<\/p>\n","protected":false},"excerpt":{"rendered":"<p>Nove dias depois de tomar posse e de ter sua reforma administrativa aprovada na C\u00e2mara Municipal, o prefeito Nelson Marchezan J\u00fanio ainda n\u00e3o anunciou todos os nomes para o seu secretariado. Faltam quatro pastas: \u00a0Secretaria Municipal da Sustentabilidade,\u00a0Secretaria Municipal do Planejamento e Gest\u00e3o, Secretaria Municipal de Transpar\u00eancia e Controladoria Geral e\u00a0Secretaria Municipal de Seguran\u00e7a. Dos [&hellip;]<\/p>\n","protected":false},"author":4,"featured_media":43008,"comment_status":"open","ping_status":"closed","sticky":false,"template":"","format":"standard","meta":{"_jetpack_newsletter_access":"","_jetpack_dont_email_post_to_subs":false,"_jetpack_newsletter_tier_id":0,"_jetpack_memberships_contains_paywalled_content":false,"_jetpack_feature_clip_id":0,"_jetpack_memberships_contains_paid_content":false,"footnotes":"","jetpack_post_was_ever_published":false},"categories":[26],"tags":[],"class_list":["post-43007","post","type-post","status-publish","format-standard","has-post-thumbnail","hentry","category-geral"],"aioseo_notices":[],"aioseo_head":"\n\t\t<!-- All in One SEO 5.0.1.1 - aioseo.com -->\n\t<meta name=\"robots\" content=\"max-image-preview:large\" \/>\n\t<meta name=\"author\" content=\"da Reda\u00e7\u00e3o\"\/>\n\t<link rel=\"canonical\" href=\"https:\/\/www.jornalja.com.br\/arquivo\/marchezan-ainda-nao-definiu-secretario-de-seguranca-de-sua-gestao\/\" \/>\n\t<meta name=\"generator\" content=\"All in One SEO (AIOSEO) 5.0.1.1\" \/>\n\t\t<meta property=\"og:locale\" content=\"pt_BR\" \/>\n\t\t<meta property=\"og:site_name\" content=\"Arquivo | Jornal J\u00c1 | Porto Alegre\" \/>\n\t\t<meta property=\"og:type\" content=\"article\" \/>\n\t\t<meta property=\"og:title\" content=\"Marchezan ainda n\u00e3o definiu secret\u00e1rio de seguran\u00e7a de sua gest\u00e3o | Arquivo\" \/>\n\t\t<meta property=\"og:url\" content=\"https:\/\/www.jornalja.com.br\/arquivo\/marchezan-ainda-nao-definiu-secretario-de-seguranca-de-sua-gestao\/\" \/>\n\t\t<meta property=\"og:image\" content=\"https:\/\/www.jornalja.com.br\/economics\/wp-content\/uploads\/sites\/11\/2026\/08\/ja-folhaderosto-facebook.jpg\" \/>\n\t\t<meta property=\"og:image:secure_url\" content=\"https:\/\/www.jornalja.com.br\/economics\/wp-content\/uploads\/sites\/11\/2026\/08\/ja-folhaderosto-facebook.jpg\" \/>\n\t\t<meta property=\"article:published_time\" content=\"2017-01-09T15:52:10+00:00\" \/>\n\t\t<meta property=\"article:modified_time\" content=\"2017-01-09T15:52:10+00:00\" \/>\n\t\t<meta name=\"twitter:card\" content=\"summary\" \/>\n\t\t<meta name=\"twitter:title\" content=\"Marchezan ainda n\u00e3o definiu secret\u00e1rio de seguran\u00e7a de sua gest\u00e3o | Arquivo\" \/>\n\t\t<meta name=\"twitter:image\" content=\"https:\/\/www.jornalja.com.br\/economics\/wp-content\/uploads\/sites\/11\/2026\/08\/ja-folhaderosto-facebook.jpg\" \/>\n\t\t<script type=\"application\/ld+json\" class=\"aioseo-schema\">\n\t\t\t{\"@context\":\"https:\\\/\\\/schema.org\",\"@graph\":[{\"@type\":\"BlogPosting\",\"@id\":\"https:\\\/\\\/www.jornalja.com.br\\\/arquivo\\\/marchezan-ainda-nao-definiu-secretario-de-seguranca-de-sua-gestao\\\/#blogposting\",\"name\":\"Marchezan ainda n\\u00e3o definiu secret\\u00e1rio de seguran\\u00e7a de sua gest\\u00e3o | Arquivo\",\"headline\":\"Marchezan ainda n\\u00e3o definiu secret\\u00e1rio de seguran\\u00e7a de sua gest\\u00e3o\",\"author\":{\"@id\":\"https:\\\/\\\/www.jornalja.com.br\\\/arquivo\\\/author\\\/daredacao\\\/#author\"},\"publisher\":{\"@id\":\"https:\\\/\\\/www.jornalja.com.br\\\/arquivo\\\/#organization\"},\"image\":{\"@type\":\"ImageObject\",\"url\":43008},\"datePublished\":\"2017-01-09T12:52:10-02:00\",\"dateModified\":\"2017-01-09T12:52:10-02:00\",\"inLanguage\":\"pt-BR\",\"mainEntityOfPage\":{\"@id\":\"https:\\\/\\\/www.jornalja.com.br\\\/arquivo\\\/marchezan-ainda-nao-definiu-secretario-de-seguranca-de-sua-gestao\\\/#webpage\"},\"isPartOf\":{\"@id\":\"https:\\\/\\\/www.jornalja.com.br\\\/arquivo\\\/marchezan-ainda-nao-definiu-secretario-de-seguranca-de-sua-gestao\\\/#webpage\"},\"articleSection\":\"Geral\"},{\"@type\":\"BreadcrumbList\",\"@id\":\"https:\\\/\\\/www.jornalja.com.br\\\/arquivo\\\/marchezan-ainda-nao-definiu-secretario-de-seguranca-de-sua-gestao\\\/#breadcrumblist\",\"itemListElement\":[{\"@type\":\"ListItem\",\"@id\":\"https:\\\/\\\/www.jornalja.com.br\\\/arquivo#listItem\",\"position\":1,\"name\":\"Home\",\"item\":\"https:\\\/\\\/www.jornalja.com.br\\\/arquivo\",\"nextItem\":{\"@type\":\"ListItem\",\"@id\":\"https:\\\/\\\/www.jornalja.com.br\\\/arquivo\\\/category\\\/geral\\\/#listItem\",\"name\":\"Geral\"}},{\"@type\":\"ListItem\",\"@id\":\"https:\\\/\\\/www.jornalja.com.br\\\/arquivo\\\/category\\\/geral\\\/#listItem\",\"position\":2,\"name\":\"Geral\",\"item\":\"https:\\\/\\\/www.jornalja.com.br\\\/arquivo\\\/category\\\/geral\\\/\",\"nextItem\":{\"@type\":\"ListItem\",\"@id\":\"https:\\\/\\\/www.jornalja.com.br\\\/arquivo\\\/marchezan-ainda-nao-definiu-secretario-de-seguranca-de-sua-gestao\\\/#listItem\",\"name\":\"Marchezan ainda n\\u00e3o definiu secret\\u00e1rio de seguran\\u00e7a de sua gest\\u00e3o\"},\"previousItem\":{\"@type\":\"ListItem\",\"@id\":\"https:\\\/\\\/www.jornalja.com.br\\\/arquivo#listItem\",\"name\":\"Home\"}},{\"@type\":\"ListItem\",\"@id\":\"https:\\\/\\\/www.jornalja.com.br\\\/arquivo\\\/marchezan-ainda-nao-definiu-secretario-de-seguranca-de-sua-gestao\\\/#listItem\",\"position\":3,\"name\":\"Marchezan ainda n\\u00e3o definiu secret\\u00e1rio de seguran\\u00e7a de sua gest\\u00e3o\",\"previousItem\":{\"@type\":\"ListItem\",\"@id\":\"https:\\\/\\\/www.jornalja.com.br\\\/arquivo\\\/category\\\/geral\\\/#listItem\",\"name\":\"Geral\"}}]},{\"@type\":\"Organization\",\"@id\":\"https:\\\/\\\/www.jornalja.com.br\\\/arquivo\\\/#organization\",\"name\":\"Jornal J\\u00c1\",\"description\":\"Jornal J\\u00c1 | Porto Alegre\",\"url\":\"https:\\\/\\\/www.jornalja.com.br\\\/arquivo\\\/\",\"telephone\":\"+555133307272\",\"logo\":{\"@type\":\"ImageObject\",\"url\":\"https:\\\/\\\/www.jornalja.com.br\\\/wp-content\\\/uploads\\\/cards\\\/JAslogan.png\",\"@id\":\"https:\\\/\\\/www.jornalja.com.br\\\/arquivo\\\/marchezan-ainda-nao-definiu-secretario-de-seguranca-de-sua-gestao\\\/#organizationLogo\"},\"image\":{\"@id\":\"https:\\\/\\\/www.jornalja.com.br\\\/arquivo\\\/marchezan-ainda-nao-definiu-secretario-de-seguranca-de-sua-gestao\\\/#organizationLogo\"}},{\"@type\":\"Person\",\"@id\":\"https:\\\/\\\/www.jornalja.com.br\\\/arquivo\\\/author\\\/daredacao\\\/#author\",\"url\":\"https:\\\/\\\/www.jornalja.com.br\\\/arquivo\\\/author\\\/daredacao\\\/\",\"name\":\"da Reda\\u00e7\\u00e3o\",\"image\":{\"@type\":\"ImageObject\",\"@id\":\"https:\\\/\\\/www.jornalja.com.br\\\/arquivo\\\/marchezan-ainda-nao-definiu-secretario-de-seguranca-de-sua-gestao\\\/#authorImage\",\"url\":\"https:\\\/\\\/secure.gravatar.com\\\/avatar\\\/469fd857d6605ad19919d27ed29d35a968a25f6e8fd9318356bbb7f57aae9c65?s=96&d=mm&r=g\",\"width\":96,\"height\":96,\"caption\":\"da Reda\\u00e7\\u00e3o\"}},{\"@type\":\"WebPage\",\"@id\":\"https:\\\/\\\/www.jornalja.com.br\\\/arquivo\\\/marchezan-ainda-nao-definiu-secretario-de-seguranca-de-sua-gestao\\\/#webpage\",\"url\":\"https:\\\/\\\/www.jornalja.com.br\\\/arquivo\\\/marchezan-ainda-nao-definiu-secretario-de-seguranca-de-sua-gestao\\\/\",\"name\":\"Marchezan ainda n\\u00e3o definiu secret\\u00e1rio de seguran\\u00e7a de sua gest\\u00e3o | Arquivo\",\"inLanguage\":\"pt-BR\",\"isPartOf\":{\"@id\":\"https:\\\/\\\/www.jornalja.com.br\\\/arquivo\\\/#website\"},\"breadcrumb\":{\"@id\":\"https:\\\/\\\/www.jornalja.com.br\\\/arquivo\\\/marchezan-ainda-nao-definiu-secretario-de-seguranca-de-sua-gestao\\\/#breadcrumblist\"},\"author\":{\"@id\":\"https:\\\/\\\/www.jornalja.com.br\\\/arquivo\\\/author\\\/daredacao\\\/#author\"},\"creator\":{\"@id\":\"https:\\\/\\\/www.jornalja.com.br\\\/arquivo\\\/author\\\/daredacao\\\/#author\"},\"image\":{\"@type\":\"ImageObject\",\"url\":43008,\"@id\":\"https:\\\/\\\/www.jornalja.com.br\\\/arquivo\\\/marchezan-ainda-nao-definiu-secretario-de-seguranca-de-sua-gestao\\\/#mainImage\"},\"primaryImageOfPage\":{\"@id\":\"https:\\\/\\\/www.jornalja.com.br\\\/arquivo\\\/marchezan-ainda-nao-definiu-secretario-de-seguranca-de-sua-gestao\\\/#mainImage\"},\"datePublished\":\"2017-01-09T12:52:10-02:00\",\"dateModified\":\"2017-01-09T12:52:10-02:00\"},{\"@type\":\"WebSite\",\"@id\":\"https:\\\/\\\/www.jornalja.com.br\\\/arquivo\\\/#website\",\"url\":\"https:\\\/\\\/www.jornalja.com.br\\\/arquivo\\\/\",\"name\":\"Arquivo\",\"description\":\"Jornal J\\u00c1 | Porto Alegre\",\"inLanguage\":\"pt-BR\",\"publisher\":{\"@id\":\"https:\\\/\\\/www.jornalja.com.br\\\/arquivo\\\/#organization\"}}]}\n\t\t<\/script>\n\t\t<!-- All in One SEO -->\n\n","aioseo_head_json":{"title":"Marchezan ainda n\u00e3o definiu secret\u00e1rio de seguran\u00e7a de sua gest\u00e3o | Arquivo","description":"","canonical_url":"https:\/\/www.jornalja.com.br\/arquivo\/marchezan-ainda-nao-definiu-secretario-de-seguranca-de-sua-gestao\/","robots":"max-image-preview:large","keywords":"","webmasterTools":{"miscellaneous":""},"schema":{"@context":"https:\/\/schema.org","@graph":[{"@type":"BlogPosting","@id":"https:\/\/www.jornalja.com.br\/arquivo\/marchezan-ainda-nao-definiu-secretario-de-seguranca-de-sua-gestao\/#blogposting","name":"Marchezan ainda n\u00e3o definiu secret\u00e1rio de seguran\u00e7a de sua gest\u00e3o | Arquivo","headline":"Marchezan ainda n\u00e3o definiu secret\u00e1rio de seguran\u00e7a de sua gest\u00e3o","author":{"@id":"https:\/\/www.jornalja.com.br\/arquivo\/author\/daredacao\/#author"},"publisher":{"@id":"https:\/\/www.jornalja.com.br\/arquivo\/#organization"},"image":{"@type":"ImageObject","url":43008},"datePublished":"2017-01-09T12:52:10-02:00","dateModified":"2017-01-09T12:52:10-02:00","inLanguage":"pt-BR","mainEntityOfPage":{"@id":"https:\/\/www.jornalja.com.br\/arquivo\/marchezan-ainda-nao-definiu-secretario-de-seguranca-de-sua-gestao\/#webpage"},"isPartOf":{"@id":"https:\/\/www.jornalja.com.br\/arquivo\/marchezan-ainda-nao-definiu-secretario-de-seguranca-de-sua-gestao\/#webpage"},"articleSection":"Geral"},{"@type":"BreadcrumbList","@id":"https:\/\/www.jornalja.com.br\/arquivo\/marchezan-ainda-nao-definiu-secretario-de-seguranca-de-sua-gestao\/#breadcrumblist","itemListElement":[{"@type":"ListItem","@id":"https:\/\/www.jornalja.com.br\/arquivo#listItem","position":1,"name":"Home","item":"https:\/\/www.jornalja.com.br\/arquivo","nextItem":{"@type":"ListItem","@id":"https:\/\/www.jornalja.com.br\/arquivo\/category\/geral\/#listItem","name":"Geral"}},{"@type":"ListItem","@id":"https:\/\/www.jornalja.com.br\/arquivo\/category\/geral\/#listItem","position":2,"name":"Geral","item":"https:\/\/www.jornalja.com.br\/arquivo\/category\/geral\/","nextItem":{"@type":"ListItem","@id":"https:\/\/www.jornalja.com.br\/arquivo\/marchezan-ainda-nao-definiu-secretario-de-seguranca-de-sua-gestao\/#listItem","name":"Marchezan ainda n\u00e3o definiu secret\u00e1rio de seguran\u00e7a de sua gest\u00e3o"},"previousItem":{"@type":"ListItem","@id":"https:\/\/www.jornalja.com.br\/arquivo#listItem","name":"Home"}},{"@type":"ListItem","@id":"https:\/\/www.jornalja.com.br\/arquivo\/marchezan-ainda-nao-definiu-secretario-de-seguranca-de-sua-gestao\/#listItem","position":3,"name":"Marchezan ainda n\u00e3o definiu secret\u00e1rio de seguran\u00e7a de sua gest\u00e3o","previousItem":{"@type":"ListItem","@id":"https:\/\/www.jornalja.com.br\/arquivo\/category\/geral\/#listItem","name":"Geral"}}]},{"@type":"Organization","@id":"https:\/\/www.jornalja.com.br\/arquivo\/#organization","name":"Jornal J\u00c1","description":"Jornal J\u00c1 | Porto Alegre","url":"https:\/\/www.jornalja.com.br\/arquivo\/","telephone":"+555133307272","logo":{"@type":"ImageObject","url":"https:\/\/www.jornalja.com.br\/wp-content\/uploads\/cards\/JAslogan.png","@id":"https:\/\/www.jornalja.com.br\/arquivo\/marchezan-ainda-nao-definiu-secretario-de-seguranca-de-sua-gestao\/#organizationLogo"},"image":{"@id":"https:\/\/www.jornalja.com.br\/arquivo\/marchezan-ainda-nao-definiu-secretario-de-seguranca-de-sua-gestao\/#organizationLogo"}},{"@type":"Person","@id":"https:\/\/www.jornalja.com.br\/arquivo\/author\/daredacao\/#author","url":"https:\/\/www.jornalja.com.br\/arquivo\/author\/daredacao\/","name":"da Reda\u00e7\u00e3o","image":{"@type":"ImageObject","@id":"https:\/\/www.jornalja.com.br\/arquivo\/marchezan-ainda-nao-definiu-secretario-de-seguranca-de-sua-gestao\/#authorImage","url":"https:\/\/secure.gravatar.com\/avatar\/469fd857d6605ad19919d27ed29d35a968a25f6e8fd9318356bbb7f57aae9c65?s=96&d=mm&r=g","width":96,"height":96,"caption":"da Reda\u00e7\u00e3o"}},{"@type":"WebPage","@id":"https:\/\/www.jornalja.com.br\/arquivo\/marchezan-ainda-nao-definiu-secretario-de-seguranca-de-sua-gestao\/#webpage","url":"https:\/\/www.jornalja.com.br\/arquivo\/marchezan-ainda-nao-definiu-secretario-de-seguranca-de-sua-gestao\/","name":"Marchezan ainda n\u00e3o definiu secret\u00e1rio de seguran\u00e7a de sua gest\u00e3o | Arquivo","inLanguage":"pt-BR","isPartOf":{"@id":"https:\/\/www.jornalja.com.br\/arquivo\/#website"},"breadcrumb":{"@id":"https:\/\/www.jornalja.com.br\/arquivo\/marchezan-ainda-nao-definiu-secretario-de-seguranca-de-sua-gestao\/#breadcrumblist"},"author":{"@id":"https:\/\/www.jornalja.com.br\/arquivo\/author\/daredacao\/#author"},"creator":{"@id":"https:\/\/www.jornalja.com.br\/arquivo\/author\/daredacao\/#author"},"image":{"@type":"ImageObject","url":43008,"@id":"https:\/\/www.jornalja.com.br\/arquivo\/marchezan-ainda-nao-definiu-secretario-de-seguranca-de-sua-gestao\/#mainImage"},"primaryImageOfPage":{"@id":"https:\/\/www.jornalja.com.br\/arquivo\/marchezan-ainda-nao-definiu-secretario-de-seguranca-de-sua-gestao\/#mainImage"},"datePublished":"2017-01-09T12:52:10-02:00","dateModified":"2017-01-09T12:52:10-02:00"},{"@type":"WebSite","@id":"https:\/\/www.jornalja.com.br\/arquivo\/#website","url":"https:\/\/www.jornalja.com.br\/arquivo\/","name":"Arquivo","description":"Jornal J\u00c1 | Porto Alegre","inLanguage":"pt-BR","publisher":{"@id":"https:\/\/www.jornalja.com.br\/arquivo\/#organization"}}]},"og:locale":"pt_BR","og:site_name":"Arquivo | Jornal J\u00c1 | Porto Alegre","og:type":"article","og:title":"Marchezan ainda n\u00e3o definiu secret\u00e1rio de seguran\u00e7a de sua gest\u00e3o | Arquivo","og:url":"https:\/\/www.jornalja.com.br\/arquivo\/marchezan-ainda-nao-definiu-secretario-de-seguranca-de-sua-gestao\/","og:image":"https:\/\/www.jornalja.com.br\/economics\/wp-content\/uploads\/sites\/11\/2026\/08\/ja-folhaderosto-facebook.jpg","og:image:secure_url":"https:\/\/www.jornalja.com.br\/economics\/wp-content\/uploads\/sites\/11\/2026\/08\/ja-folhaderosto-facebook.jpg","article:published_time":"2017-01-09T15:52:10+00:00","article:modified_time":"2017-01-09T15:52:10+00:00","twitter:card":"summary","twitter:title":"Marchezan ainda n\u00e3o definiu secret\u00e1rio de seguran\u00e7a de sua gest\u00e3o | Arquivo","twitter:image":"https:\/\/www.jornalja.com.br\/economics\/wp-content\/uploads\/sites\/11\/2026\/08\/ja-folhaderosto-facebook.jpg"},"aioseo_meta_data":{"post_id":"43007","title":null,"description":null,"keywords":null,"keyphrases":null,"primary_term":null,"canonical_url":null,"og_title":null,"og_description":null,"og_object_type":"default","og_image_type":"default","og_image_url":null,"og_image_width":null,"og_image_height":null,"og_image_custom_url":null,"og_image_custom_fields":null,"og_video":null,"og_custom_url":null,"og_article_section":null,"og_article_tags":null,"twitter_use_og":false,"twitter_card":"default","twitter_image_type":"default","twitter_image_url":null,"twitter_image_custom_url":null,"twitter_image_custom_fields":null,"twitter_title":null,"twitter_description":null,"schema":{"blockGraphs":[],"customGraphs":[],"default":{"data":{"Article":[],"Course":[],"Dataset":[],"FAQPage":[],"Movie":[],"Person":[],"Product":[],"ProductReview":[],"Car":[],"Recipe":[],"Service":[],"SoftwareApplication":[],"WebPage":[]},"graphName":"","isEnabled":true},"graphs":[]},"schema_type":null,"schema_type_options":null,"pillar_content":false,"robots_default":true,"robots_noindex":false,"robots_noarchive":false,"robots_nosnippet":false,"robots_nofollow":false,"robots_noimageindex":false,"robots_noodp":false,"robots_notranslate":false,"robots_max_snippet":null,"robots_max_videopreview":null,"robots_max_imagepreview":"large","priority":null,"frequency":null,"location":null,"local_seo":null,"breadcrumb_settings":null,"limit_modified_date":false,"ai":null,"created":"2020-12-20 20:43:21","updated":"2025-07-19 19:08:06","seo_analyzer_scan_date":null,"focus_keyword":null,"additional_keywords":null,"truseo_locale":null},"jetpack_sharing_enabled":true,"jetpack-related-posts":[{"id":5440,"url":"https:\/\/www.jornalja.com.br\/arquivo\/casarao-da-venancio-destino-permanece-incerto\/","url_meta":{"origin":43007,"position":0},"title":"Estado ainda n\u00e3o sabe o que fazer com casar\u00e3o abandonado h\u00e1 20 anos","author":"Elmar Bones","date":"6 de julho de 2009","format":false,"excerpt":"O casar\u00e3o amarelo, numa esquina nobre de Porto Alegre (Ven\u00e2ncio Aires com Jo\u00e3o Pessoa), j\u00e1 abrigou uma escola. H\u00e1 duas d\u00e9cadas, pelo menos, est\u00e1 abandonado, porque seu propriet\u00e1rio, o governo do Estado do Rio Grande do Sul, n\u00e3o consegue achar um destino para ele. Planos n\u00e3o faltaram. O governador Ol\u00edvio\u2026","rel":"","context":"Em &quot;X.Categorias velhas&quot;","block_context":{"text":"X.Categorias velhas","link":"https:\/\/www.jornalja.com.br\/arquivo\/category\/x-categorias-velhas\/"},"img":{"alt_text":"geraldo1","src":"https:\/\/i0.wp.com\/www.jornalja.com.br\/wp-content\/uploads\/2009\/07\/geraldo1.jpg?resize=350%2C200&ssl=1","width":350,"height":200},"classes":[]},{"id":13240,"url":"https:\/\/www.jornalja.com.br\/arquivo\/plano-diretor-estamos-construindo-o-caos\/","url_meta":{"origin":43007,"position":1},"title":"Plano diretor: &quot;Estamos construindo o caos&quot;","author":"Patr\u00edcia Marini","date":"26 de maio de 2014","format":false,"excerpt":"Desabafo que arquiteta Eliana Castilhos, delegada da Regi\u00e3o de Planejamento 1, postou nas redes sociais \u00e9 um testemunho do ambiente que se criou no Conselho do Plano Diretor de Porto Alegre, onde a aprova\u00e7\u00e3o de grandes empreendimentos \u00e9 empurrada guela abaixo dos conselheiros. Ao CMDUA Como delegada da Regi\u00e3o de\u2026","rel":"","context":"Em &quot;Geral&quot;","block_context":{"text":"Geral","link":"https:\/\/www.jornalja.com.br\/arquivo\/category\/geral\/"},"img":{"alt_text":"","src":"","width":0,"height":0},"classes":[]},{"id":13124,"url":"https:\/\/www.jornalja.com.br\/arquivo\/sangue-latino-no-iecine\/","url_meta":{"origin":43007,"position":2},"title":"Sangue latino no IECINE","author":"da Reda\u00e7\u00e3o","date":"18 de maio de 2014","format":false,"excerpt":"Francisco Ribeiro O Instituto Estadual de Cinema (IECINE) tem a frente, desde abril \u00faltimo, um novo diretor, o cineasta colombiano Juan Zapata, 36, que substitui Luiz Alberto Cassol. Radicado h\u00e1 dez anos em Porto Alegre, Zapata tem diante de si o desafio de conduzir at\u00e9 o final do ano um\u2026","rel":"","context":"Em &quot;Cultura-Geral&quot;","block_context":{"text":"Cultura-Geral","link":"https:\/\/www.jornalja.com.br\/arquivo\/category\/materiasecundaria\/"},"img":{"alt_text":"","src":"","width":0,"height":0},"classes":[]},{"id":13128,"url":"https:\/\/www.jornalja.com.br\/arquivo\/maconha-terra-diz-que-uso-medicinal-e-desculpa\/","url_meta":{"origin":43007,"position":3},"title":"Maconha: Terra diz que uso medicinal \u00e9 desculpa","author":"Patr\u00edcia Marini","date":"4 de junho de 2014","format":false,"excerpt":"A condi\u00e7\u00e3o de pol\u00edtico, em \u00e9poca de campanha de campanha eleitoral, tira for\u00e7a do discurso do m\u00e9dico Osmar Terra contra a legaliza\u00e7\u00e3o da maconha. A tese dele de que a libera\u00e7\u00e3o vai ampliar exponencialmente o consumo \u00e9 discutivel, o consumo \u00e9 corrente. Mas seus alertas quanto aos riscos tem que\u2026","rel":"","context":"Em &quot;X.Categorias velhas&quot;","block_context":{"text":"X.Categorias velhas","link":"https:\/\/www.jornalja.com.br\/arquivo\/category\/x-categorias-velhas\/"},"img":{"alt_text":"","src":"","width":0,"height":0},"classes":[]},{"id":13101,"url":"https:\/\/www.jornalja.com.br\/arquivo\/morre-um-guerreiro-do-texto\/","url_meta":{"origin":43007,"position":4},"title":"Morre um guerreiro do texto","author":"Patr\u00edcia Marini","date":"14 de maio de 2014","format":false,"excerpt":"Por Ricardo Kotscho Reproduzido do blog do autor, 11\/5\/2014; t\u00edtulo original \u201cE l\u00e1 se foi o nosso Myltainho, guerreiro do texto\u201d. Mi\u00fado e franzino, meu amigo Myltainho era um valente e inconformado guerreiro na luta contra as injusti\u00e7as sociais, a hipocrisia, as maracutaias, o autoritarismo, a intoler\u00e2ncia, a viol\u00eancia, o\u2026","rel":"","context":"Em &quot;Geral&quot;","block_context":{"text":"Geral","link":"https:\/\/www.jornalja.com.br\/arquivo\/category\/geral\/"},"img":{"alt_text":"","src":"","width":0,"height":0},"classes":[]},{"id":12960,"url":"https:\/\/www.jornalja.com.br\/arquivo\/populacao-culpa-empresas-pela-greve-dos-rodoviarios\/","url_meta":{"origin":43007,"position":5},"title":"Popula\u00e7\u00e3o culpa empresas pela greve","author":"Patr\u00edcia Marini","date":"14 de fevereiro de 2014","format":false,"excerpt":"Pesquisa divulgada na edi\u00e7\u00e3o do jornal Metro desta sexta-feira,14, comprova o velho ditado: \u00e9 poss\u00edvel enganar muitos por algum tempo, mas n\u00e3o \u00e9 poss\u00edvel enganar a todos o tempo inteiro. A principal revela\u00e7\u00e3o foi que 59,8% dos entrevistados apontaram as empresas como as principais respons\u00e1veis pela grave e 46% culparam\u2026","rel":"","context":"Em &quot;X.Categorias velhas&quot;","block_context":{"text":"X.Categorias velhas","link":"https:\/\/www.jornalja.com.br\/arquivo\/category\/x-categorias-velhas\/"},"img":{"alt_text":"","src":"","width":0,"height":0},"classes":[]}],"jetpack_shortlink":"https:\/\/wp.me\/pbQjBd-bbF","jetpack_featured_media_url":"","_links":{"self":[{"href":"https:\/\/www.jornalja.com.br\/arquivo\/wp-json\/wp\/v2\/posts\/43007","targetHints":{"allow":["GET"]}}],"collection":[{"href":"https:\/\/www.jornalja.com.br\/arquivo\/wp-json\/wp\/v2\/posts"}],"about":[{"href":"https:\/\/www.jornalja.com.br\/arquivo\/wp-json\/wp\/v2\/types\/post"}],"author":[{"embeddable":true,"href":"https:\/\/www.jornalja.com.br\/arquivo\/wp-json\/wp\/v2\/users\/4"}],"replies":[{"embeddable":true,"href":"https:\/\/www.jornalja.com.br\/arquivo\/wp-json\/wp\/v2\/comments?post=43007"}],"version-history":[{"count":0,"href":"https:\/\/www.jornalja.com.br\/arquivo\/wp-json\/wp\/v2\/posts\/43007\/revisions"}],"wp:attachment":[{"href":"https:\/\/www.jornalja.com.br\/arquivo\/wp-json\/wp\/v2\/media?parent=43007"}],"wp:term":[{"taxonomy":"category","embeddable":true,"href":"https:\/\/www.jornalja.com.br\/arquivo\/wp-json\/wp\/v2\/categories?post=43007"},{"taxonomy":"post_tag","embeddable":true,"href":"https:\/\/www.jornalja.com.br\/arquivo\/wp-json\/wp\/v2\/tags?post=43007"}],"curies":[{"name":"wp","href":"https:\/\/api.w.org\/{rel}","templated":true}]}}