{"id":43017,"date":"2017-01-09T14:26:45","date_gmt":"2017-01-09T17:26:45","guid":{"rendered":"https:\/\/www.jornalja.com.br\/?p=43017"},"modified":"2017-01-09T14:26:45","modified_gmt":"2017-01-09T17:26:45","slug":"temer-so-para-convidados","status":"publish","type":"post","link":"https:\/\/www.jornalja.com.br\/arquivo\/temer-so-para-convidados\/","title":{"rendered":"Temer s\u00f3 para convidados"},"content":{"rendered":"<p><span class=\"assina\">Matheus Chaparini<\/span><br \/>\nO presidente Michel Temer deixou Esteio no in\u00edcio da tarde desta segunda-feira com sua comitiva a bordo de dois helic\u00f3pteros Blackhawk H60L da For\u00e7a A\u00e9rea Brasileira.<br \/>\nFoi a primeira visita do presidente interino ao Rio Grande do Sul e seu primeiro destino este ano. Temer encerrou seu discurso afirmando que embarcaria em seguida para Portugal. \u201cEntro no avi\u00e3o tranquilo porque sei que o governo vai dar certo porque n\u00f3s temos o apoio do Rio Grande do Sul\u201d.<br \/>\nPara que esse apoio pudesse se fazer notar, ao menos dentro do audit\u00f3rio onde ocorria a cerim\u00f4nia de entrega de 61 ambul\u00e2ncias para o Samu, uma grande opera\u00e7\u00e3o teve de ser montada.<br \/>\nO local escolhido foi o Parque de Exposi\u00e7\u00f5es Assis Brasil, conhecido como parque da Expointer, em Esteio. Do lado de dentro do port\u00e3o do parque, apenas convidados e imprensa credenciada pelo Governo Federal.<br \/>\nNo audit\u00f3rio, entre os convidados, o apoio era indiscut\u00edvel e os apalusos garantidos.<br \/>\nA cada trecho da fala, Temer citava nominalmente algum apoiador presente no local. Mesmo as iniciativas mais pol\u00eamicas do governo Temer, como a PEC 241\/55 (\u201cdo teto dos gastos\u201d, para o governo, \u201cdo fim do mundo\u201d, para a oposi\u00e7\u00e3o) e as reformas da previd\u00eancia, do Ensino M\u00e9dio e trabalhista foram aplaudidas quando citadas na fala.<br \/>\n<figure id=\"attachment_43025\" aria-describedby=\"caption-attachment-43025\" style=\"width: 725px\" class=\"wp-caption alignnone\"><img loading=\"lazy\" decoding=\"async\" class=\"wp-image-43025 size-full\" src=\"https:\/\/www.jornalja.com.br\/wp-content\/uploads\/2017\/01\/IMG_20170109_111900890.jpg\" alt=\"Manifestantes boquearam as duas faixas da BR 116 \/ Matheus Chaparini\" width=\"725\" height=\"408\" \/><figcaption id=\"caption-attachment-43025\" class=\"wp-caption-text\">Manifestantes boquearam as duas faixas da BR 116 \/ Matheus Chaparini<\/figcaption><\/figure><br \/>\nAntes mesmo de sair de Bras\u00edlia, Temer anunciou, por meio de entrevista exclusiva \u00e0 R\u00e1dio Gua\u00edba o repasse de R$ 45 milh\u00f5es para a constru\u00e7\u00e3o de um pres\u00eddio federal no Estado.<br \/>\nO evento estava marcado para 10h30, mas atrasou, pois o presidente decidiu sobrevoar os munic\u00edpios de Rolante, Riozinho e Maquin\u00e9, que sofreram v\u00e1rios danos com as chuvas dos \u00faltimos dias.<br \/>\nNo solo, prefeitos e moradores dos munic\u00edpios, al\u00e9m de integrantes do Governo do estado, aguardavam a descida do presidente para entregar os pedidos de ajuda e quem sabe ver o an\u00fancio da libera\u00e7\u00e3o de algum recurso emergencial. N\u00e3o havia protesto programado.<br \/>\nMas o helic\u00f3ptero presidencial apenas sobrevoou a regi\u00e3o e seguiu para Esteio.<br \/>\n<span class=\"intertit\">Jornalistas reclamam das exig\u00eancias para o credenciamento<\/span><br \/>\nN\u00e3o me convidaram para esta festa nada pobre que os homens armaram para me convencer. De qualquer forma, sem convite, fui atr\u00e1s do meu credenciamento de imprensa para poder fazer a cobertura do evento.<br \/>\nO credenciamento precisava ser feito diretamente com o Pal\u00e1cio do Planalto. Ao longo dos \u00faltimos dias, desde que a visita foi anunciada, at\u00e9 mesmo rep\u00f3rteres de grandes ve\u00edculos de comunica\u00e7\u00e3o reclamavam nas redes sociais na quantidade de exig\u00eancias feitas pelo setor de credenciamento do Planalto.<br \/>\nAlguns mais antigos afirmavam que este grau de exig\u00eancia vem desde o \u00faltimo mandato de Dilma Rousseff.<br \/>\nAl\u00e9m de todos os dados b\u00e1sicos como nome, filia\u00e7\u00e3o, endere\u00e7o e n\u00famero de registro profissional, era exigido, por exemplo, o contrato profissional entre jornalista e empresa. \u201cE no caso de um rep\u00f3rter freelancer?\u201d, questionei. \u201cN\u00e3o credenciamos freelancers\u201d, respondeu o funcion\u00e1rio do credenciamento, de Bras\u00edlia. O rapaz explicou que o Planalto cadastra empresas, n\u00e3o jornalistas. Ainda tentei argumentar que o cadastro era individual, mas foi em v\u00e3o.<br \/>\nNa tarde da sexta-feira, acreditei ter preenchido todos os requisitos poss\u00edveis e solicitei minha credencial. Telefonei logo ap\u00f3s as 18h para confirmar, mas ningu\u00e9m atendia o telefone no setor de credenciamento.<br \/>\n\u00c0s 22h30, j\u00e1 em um momento de folga em casa, recebo um email informando que meu cadastro estava em aberto por falta de documenta\u00e7\u00e3o. Respondi a mensagem questionando quais documentos faltavam, mas n\u00e3o obtive resposta.<br \/>\nAp\u00f3s reclama\u00e7\u00f5es virtuais e algum tempo lidando com a burocracia, os colegas dos grandes ve\u00edculos tiveram seu acesso garantido ao evento.<br \/>\n<span class=\"intertit\">Impedidos de entrar, sindicalistas protestaram do lado de fora<\/span><br \/>\n<figure id=\"attachment_43024\" aria-describedby=\"caption-attachment-43024\" style=\"width: 725px\" class=\"wp-caption alignnone\"><img loading=\"lazy\" decoding=\"async\" class=\"wp-image-43024 size-full\" src=\"https:\/\/www.jornalja.com.br\/wp-content\/uploads\/2017\/01\/IMG_20170109_111729658.jpg\" alt=\"Cerca de 150 pessoas foram impedidas de entrar e protestaram do lado de fora \/ Matheus Chaparini\" width=\"725\" height=\"408\" \/><figcaption id=\"caption-attachment-43024\" class=\"wp-caption-text\">Cerca de 150 pessoas foram impedidas de entrar e protestaram do lado de fora \/ Matheus Chaparini<\/figcaption><\/figure><br \/>\nUm forte aparato fazia a seguran\u00e7a do gigantesco territ\u00f3rio do parque. Brigada Militar, Pol\u00edcia Rodovi\u00e1ria Federal e Ex\u00e9rcito presentes. Grupos de tr\u00eas ou quatro militares se espalhavam pelo per\u00edmetro do local, do lado de dentro das grades.<br \/>\nPara quem foi impedido de entrar restou o lado de fora, onde cerca de 150 pessoas protestavam, com bandeiras de centrais sindicais como CUT, CTB, NCST e CSP, do Cpers e do Juntos. Quando os manifestantes se dirigiram aos acessos laterais, por onde entravam os convidados, foram dispersados com spray de pimenta.<br \/>\nPor volta das 11h o grupo bloqueou as duas faixas da BR 116. Houve momentos de tens\u00e3o entre manifestantes e alguns motoristas mais exaltados, mas sem viol\u00eancia. Na principal r\u00e1dio do estado, o apresentador repetia o tradicional discurso de que h\u00e1 v\u00e1rios motivos para protestar contra o governo, mas n\u00e3o se pode prejudicar os trabalhadores que est\u00e3o se deslocando.<br \/>\nNa pista, um motorista indignado repetia, quase literalmente, a fala do radialista e acrescentava: &#8220;aqui n\u00e3o tem pol\u00edtico, voc\u00eas deveriam protestar na Assembleia Legislativa!&#8221;. Ao que um sindicalista respondeu: &#8220;mas n\u00f3s est\u00e1vamos l\u00e1, h\u00e1 duas semanas atr\u00e1s e tamb\u00e9m fomos impedidos de entrar&#8221;.<br \/>\n\u00c0s 11h40 as lideran\u00e7as sindicais deixavam o local, Logo em seguida, a rodovia foi liberada.<br \/>\nEm sua primeira visita ao estado, o presidente entregou 61 ambul\u00e2ncias, de um total de 340 ve\u00edculos adquiridos pelo Minist\u00e9rio da Sa\u00fade para serem distribu\u00eddos pelo pa\u00eds. S\u00e3o 54 unidades de suporte b\u00e1sico e sete de suporte avan\u00e7ado.<br \/>\nTemer anunciou tamb\u00e9m a constru\u00e7\u00e3o de um pres\u00eddio e a possibilidade de o estado receber um dos cinco pres\u00eddios federais de seguran\u00e7a m\u00e1xima que o Governo Federal pretende construir. A possibilidade de receber em solo ga\u00facho os principais l\u00edderes do crime organizado no pa\u00eds foi recebida com efusivos aplausos pelas autoridades convidadas presentes no audit\u00f3rio do Parque Assis Brasil.<\/p>\n","protected":false},"excerpt":{"rendered":"<p>Matheus Chaparini O presidente Michel Temer deixou Esteio no in\u00edcio da tarde desta segunda-feira com sua comitiva a bordo de dois helic\u00f3pteros Blackhawk H60L da For\u00e7a A\u00e9rea Brasileira. Foi a primeira visita do presidente interino ao Rio Grande do Sul e seu primeiro destino este ano. Temer encerrou seu discurso afirmando que embarcaria em seguida [&hellip;]<\/p>\n","protected":false},"author":4,"featured_media":43028,"comment_status":"open","ping_status":"closed","sticky":false,"template":"","format":"standard","meta":{"_jetpack_newsletter_access":"","_jetpack_dont_email_post_to_subs":false,"_jetpack_newsletter_tier_id":0,"_jetpack_memberships_contains_paywalled_content":false,"_jetpack_feature_clip_id":0,"_jetpack_memberships_contains_paid_content":false,"footnotes":"","jetpack_post_was_ever_published":false},"categories":[26],"tags":[],"class_list":["post-43017","post","type-post","status-publish","format-standard","has-post-thumbnail","hentry","category-geral"],"aioseo_notices":[],"aioseo_head":"\n\t\t<!-- All in One SEO 5.0.1.1 - aioseo.com -->\n\t<meta name=\"robots\" content=\"max-image-preview:large\" \/>\n\t<meta name=\"author\" content=\"da Reda\u00e7\u00e3o\"\/>\n\t<link rel=\"canonical\" href=\"https:\/\/www.jornalja.com.br\/arquivo\/temer-so-para-convidados\/\" \/>\n\t<meta name=\"generator\" content=\"All in One SEO (AIOSEO) 5.0.1.1\" \/>\n\t\t<meta property=\"og:locale\" content=\"pt_BR\" \/>\n\t\t<meta property=\"og:site_name\" content=\"Arquivo | Jornal J\u00c1 | Porto Alegre\" \/>\n\t\t<meta property=\"og:type\" content=\"article\" \/>\n\t\t<meta property=\"og:title\" content=\"Temer s\u00f3 para convidados | Arquivo\" \/>\n\t\t<meta property=\"og:url\" content=\"https:\/\/www.jornalja.com.br\/arquivo\/temer-so-para-convidados\/\" \/>\n\t\t<meta property=\"og:image\" content=\"https:\/\/www.jornalja.com.br\/wp-content\/uploads\/2017\/01\/IMG_20170109_111900890.jpg\" \/>\n\t\t<meta property=\"og:image:secure_url\" content=\"https:\/\/www.jornalja.com.br\/wp-content\/uploads\/2017\/01\/IMG_20170109_111900890.jpg\" \/>\n\t\t<meta property=\"article:published_time\" content=\"2017-01-09T17:26:45+00:00\" \/>\n\t\t<meta property=\"article:modified_time\" content=\"2017-01-09T17:26:45+00:00\" \/>\n\t\t<meta name=\"twitter:card\" content=\"summary\" \/>\n\t\t<meta name=\"twitter:title\" content=\"Temer s\u00f3 para convidados | Arquivo\" \/>\n\t\t<meta name=\"twitter:image\" content=\"https:\/\/www.jornalja.com.br\/economics\/wp-content\/uploads\/sites\/11\/2026\/08\/ja-folhaderosto-facebook.jpg\" \/>\n\t\t<script type=\"application\/ld+json\" class=\"aioseo-schema\">\n\t\t\t{\"@context\":\"https:\\\/\\\/schema.org\",\"@graph\":[{\"@type\":\"BlogPosting\",\"@id\":\"https:\\\/\\\/www.jornalja.com.br\\\/arquivo\\\/temer-so-para-convidados\\\/#blogposting\",\"name\":\"Temer s\\u00f3 para convidados | Arquivo\",\"headline\":\"Temer s\\u00f3 para convidados\",\"author\":{\"@id\":\"https:\\\/\\\/www.jornalja.com.br\\\/arquivo\\\/author\\\/daredacao\\\/#author\"},\"publisher\":{\"@id\":\"https:\\\/\\\/www.jornalja.com.br\\\/arquivo\\\/#organization\"},\"image\":{\"@type\":\"ImageObject\",\"url\":43028},\"datePublished\":\"2017-01-09T14:26:45-02:00\",\"dateModified\":\"2017-01-09T14:26:45-02:00\",\"inLanguage\":\"pt-BR\",\"commentCount\":1,\"mainEntityOfPage\":{\"@id\":\"https:\\\/\\\/www.jornalja.com.br\\\/arquivo\\\/temer-so-para-convidados\\\/#webpage\"},\"isPartOf\":{\"@id\":\"https:\\\/\\\/www.jornalja.com.br\\\/arquivo\\\/temer-so-para-convidados\\\/#webpage\"},\"articleSection\":\"Geral\"},{\"@type\":\"BreadcrumbList\",\"@id\":\"https:\\\/\\\/www.jornalja.com.br\\\/arquivo\\\/temer-so-para-convidados\\\/#breadcrumblist\",\"itemListElement\":[{\"@type\":\"ListItem\",\"@id\":\"https:\\\/\\\/www.jornalja.com.br\\\/arquivo#listItem\",\"position\":1,\"name\":\"Home\",\"item\":\"https:\\\/\\\/www.jornalja.com.br\\\/arquivo\",\"nextItem\":{\"@type\":\"ListItem\",\"@id\":\"https:\\\/\\\/www.jornalja.com.br\\\/arquivo\\\/category\\\/geral\\\/#listItem\",\"name\":\"Geral\"}},{\"@type\":\"ListItem\",\"@id\":\"https:\\\/\\\/www.jornalja.com.br\\\/arquivo\\\/category\\\/geral\\\/#listItem\",\"position\":2,\"name\":\"Geral\",\"item\":\"https:\\\/\\\/www.jornalja.com.br\\\/arquivo\\\/category\\\/geral\\\/\",\"nextItem\":{\"@type\":\"ListItem\",\"@id\":\"https:\\\/\\\/www.jornalja.com.br\\\/arquivo\\\/temer-so-para-convidados\\\/#listItem\",\"name\":\"Temer s\\u00f3 para convidados\"},\"previousItem\":{\"@type\":\"ListItem\",\"@id\":\"https:\\\/\\\/www.jornalja.com.br\\\/arquivo#listItem\",\"name\":\"Home\"}},{\"@type\":\"ListItem\",\"@id\":\"https:\\\/\\\/www.jornalja.com.br\\\/arquivo\\\/temer-so-para-convidados\\\/#listItem\",\"position\":3,\"name\":\"Temer s\\u00f3 para convidados\",\"previousItem\":{\"@type\":\"ListItem\",\"@id\":\"https:\\\/\\\/www.jornalja.com.br\\\/arquivo\\\/category\\\/geral\\\/#listItem\",\"name\":\"Geral\"}}]},{\"@type\":\"Organization\",\"@id\":\"https:\\\/\\\/www.jornalja.com.br\\\/arquivo\\\/#organization\",\"name\":\"Jornal J\\u00c1\",\"description\":\"Jornal J\\u00c1 | Porto Alegre\",\"url\":\"https:\\\/\\\/www.jornalja.com.br\\\/arquivo\\\/\",\"telephone\":\"+555133307272\",\"logo\":{\"@type\":\"ImageObject\",\"url\":\"https:\\\/\\\/www.jornalja.com.br\\\/wp-content\\\/uploads\\\/cards\\\/JAslogan.png\",\"@id\":\"https:\\\/\\\/www.jornalja.com.br\\\/arquivo\\\/temer-so-para-convidados\\\/#organizationLogo\"},\"image\":{\"@id\":\"https:\\\/\\\/www.jornalja.com.br\\\/arquivo\\\/temer-so-para-convidados\\\/#organizationLogo\"}},{\"@type\":\"Person\",\"@id\":\"https:\\\/\\\/www.jornalja.com.br\\\/arquivo\\\/author\\\/daredacao\\\/#author\",\"url\":\"https:\\\/\\\/www.jornalja.com.br\\\/arquivo\\\/author\\\/daredacao\\\/\",\"name\":\"da Reda\\u00e7\\u00e3o\",\"image\":{\"@type\":\"ImageObject\",\"@id\":\"https:\\\/\\\/www.jornalja.com.br\\\/arquivo\\\/temer-so-para-convidados\\\/#authorImage\",\"url\":\"https:\\\/\\\/secure.gravatar.com\\\/avatar\\\/469fd857d6605ad19919d27ed29d35a968a25f6e8fd9318356bbb7f57aae9c65?s=96&d=mm&r=g\",\"width\":96,\"height\":96,\"caption\":\"da Reda\\u00e7\\u00e3o\"}},{\"@type\":\"WebPage\",\"@id\":\"https:\\\/\\\/www.jornalja.com.br\\\/arquivo\\\/temer-so-para-convidados\\\/#webpage\",\"url\":\"https:\\\/\\\/www.jornalja.com.br\\\/arquivo\\\/temer-so-para-convidados\\\/\",\"name\":\"Temer s\\u00f3 para convidados | Arquivo\",\"inLanguage\":\"pt-BR\",\"isPartOf\":{\"@id\":\"https:\\\/\\\/www.jornalja.com.br\\\/arquivo\\\/#website\"},\"breadcrumb\":{\"@id\":\"https:\\\/\\\/www.jornalja.com.br\\\/arquivo\\\/temer-so-para-convidados\\\/#breadcrumblist\"},\"author\":{\"@id\":\"https:\\\/\\\/www.jornalja.com.br\\\/arquivo\\\/author\\\/daredacao\\\/#author\"},\"creator\":{\"@id\":\"https:\\\/\\\/www.jornalja.com.br\\\/arquivo\\\/author\\\/daredacao\\\/#author\"},\"image\":{\"@type\":\"ImageObject\",\"url\":43028,\"@id\":\"https:\\\/\\\/www.jornalja.com.br\\\/arquivo\\\/temer-so-para-convidados\\\/#mainImage\"},\"primaryImageOfPage\":{\"@id\":\"https:\\\/\\\/www.jornalja.com.br\\\/arquivo\\\/temer-so-para-convidados\\\/#mainImage\"},\"datePublished\":\"2017-01-09T14:26:45-02:00\",\"dateModified\":\"2017-01-09T14:26:45-02:00\"},{\"@type\":\"WebSite\",\"@id\":\"https:\\\/\\\/www.jornalja.com.br\\\/arquivo\\\/#website\",\"url\":\"https:\\\/\\\/www.jornalja.com.br\\\/arquivo\\\/\",\"name\":\"Arquivo\",\"description\":\"Jornal J\\u00c1 | Porto Alegre\",\"inLanguage\":\"pt-BR\",\"publisher\":{\"@id\":\"https:\\\/\\\/www.jornalja.com.br\\\/arquivo\\\/#organization\"}}]}\n\t\t<\/script>\n\t\t<!-- All in One SEO -->\n\n","aioseo_head_json":{"title":"Temer s\u00f3 para convidados | Arquivo","description":"","canonical_url":"https:\/\/www.jornalja.com.br\/arquivo\/temer-so-para-convidados\/","robots":"max-image-preview:large","keywords":"","webmasterTools":{"miscellaneous":""},"schema":{"@context":"https:\/\/schema.org","@graph":[{"@type":"BlogPosting","@id":"https:\/\/www.jornalja.com.br\/arquivo\/temer-so-para-convidados\/#blogposting","name":"Temer s\u00f3 para convidados | Arquivo","headline":"Temer s\u00f3 para convidados","author":{"@id":"https:\/\/www.jornalja.com.br\/arquivo\/author\/daredacao\/#author"},"publisher":{"@id":"https:\/\/www.jornalja.com.br\/arquivo\/#organization"},"image":{"@type":"ImageObject","url":43028},"datePublished":"2017-01-09T14:26:45-02:00","dateModified":"2017-01-09T14:26:45-02:00","inLanguage":"pt-BR","commentCount":1,"mainEntityOfPage":{"@id":"https:\/\/www.jornalja.com.br\/arquivo\/temer-so-para-convidados\/#webpage"},"isPartOf":{"@id":"https:\/\/www.jornalja.com.br\/arquivo\/temer-so-para-convidados\/#webpage"},"articleSection":"Geral"},{"@type":"BreadcrumbList","@id":"https:\/\/www.jornalja.com.br\/arquivo\/temer-so-para-convidados\/#breadcrumblist","itemListElement":[{"@type":"ListItem","@id":"https:\/\/www.jornalja.com.br\/arquivo#listItem","position":1,"name":"Home","item":"https:\/\/www.jornalja.com.br\/arquivo","nextItem":{"@type":"ListItem","@id":"https:\/\/www.jornalja.com.br\/arquivo\/category\/geral\/#listItem","name":"Geral"}},{"@type":"ListItem","@id":"https:\/\/www.jornalja.com.br\/arquivo\/category\/geral\/#listItem","position":2,"name":"Geral","item":"https:\/\/www.jornalja.com.br\/arquivo\/category\/geral\/","nextItem":{"@type":"ListItem","@id":"https:\/\/www.jornalja.com.br\/arquivo\/temer-so-para-convidados\/#listItem","name":"Temer s\u00f3 para convidados"},"previousItem":{"@type":"ListItem","@id":"https:\/\/www.jornalja.com.br\/arquivo#listItem","name":"Home"}},{"@type":"ListItem","@id":"https:\/\/www.jornalja.com.br\/arquivo\/temer-so-para-convidados\/#listItem","position":3,"name":"Temer s\u00f3 para convidados","previousItem":{"@type":"ListItem","@id":"https:\/\/www.jornalja.com.br\/arquivo\/category\/geral\/#listItem","name":"Geral"}}]},{"@type":"Organization","@id":"https:\/\/www.jornalja.com.br\/arquivo\/#organization","name":"Jornal J\u00c1","description":"Jornal J\u00c1 | Porto Alegre","url":"https:\/\/www.jornalja.com.br\/arquivo\/","telephone":"+555133307272","logo":{"@type":"ImageObject","url":"https:\/\/www.jornalja.com.br\/wp-content\/uploads\/cards\/JAslogan.png","@id":"https:\/\/www.jornalja.com.br\/arquivo\/temer-so-para-convidados\/#organizationLogo"},"image":{"@id":"https:\/\/www.jornalja.com.br\/arquivo\/temer-so-para-convidados\/#organizationLogo"}},{"@type":"Person","@id":"https:\/\/www.jornalja.com.br\/arquivo\/author\/daredacao\/#author","url":"https:\/\/www.jornalja.com.br\/arquivo\/author\/daredacao\/","name":"da Reda\u00e7\u00e3o","image":{"@type":"ImageObject","@id":"https:\/\/www.jornalja.com.br\/arquivo\/temer-so-para-convidados\/#authorImage","url":"https:\/\/secure.gravatar.com\/avatar\/469fd857d6605ad19919d27ed29d35a968a25f6e8fd9318356bbb7f57aae9c65?s=96&d=mm&r=g","width":96,"height":96,"caption":"da Reda\u00e7\u00e3o"}},{"@type":"WebPage","@id":"https:\/\/www.jornalja.com.br\/arquivo\/temer-so-para-convidados\/#webpage","url":"https:\/\/www.jornalja.com.br\/arquivo\/temer-so-para-convidados\/","name":"Temer s\u00f3 para convidados | Arquivo","inLanguage":"pt-BR","isPartOf":{"@id":"https:\/\/www.jornalja.com.br\/arquivo\/#website"},"breadcrumb":{"@id":"https:\/\/www.jornalja.com.br\/arquivo\/temer-so-para-convidados\/#breadcrumblist"},"author":{"@id":"https:\/\/www.jornalja.com.br\/arquivo\/author\/daredacao\/#author"},"creator":{"@id":"https:\/\/www.jornalja.com.br\/arquivo\/author\/daredacao\/#author"},"image":{"@type":"ImageObject","url":43028,"@id":"https:\/\/www.jornalja.com.br\/arquivo\/temer-so-para-convidados\/#mainImage"},"primaryImageOfPage":{"@id":"https:\/\/www.jornalja.com.br\/arquivo\/temer-so-para-convidados\/#mainImage"},"datePublished":"2017-01-09T14:26:45-02:00","dateModified":"2017-01-09T14:26:45-02:00"},{"@type":"WebSite","@id":"https:\/\/www.jornalja.com.br\/arquivo\/#website","url":"https:\/\/www.jornalja.com.br\/arquivo\/","name":"Arquivo","description":"Jornal J\u00c1 | Porto Alegre","inLanguage":"pt-BR","publisher":{"@id":"https:\/\/www.jornalja.com.br\/arquivo\/#organization"}}]},"og:locale":"pt_BR","og:site_name":"Arquivo | Jornal J\u00c1 | Porto Alegre","og:type":"article","og:title":"Temer s\u00f3 para convidados | Arquivo","og:url":"https:\/\/www.jornalja.com.br\/arquivo\/temer-so-para-convidados\/","og:image":"https:\/\/www.jornalja.com.br\/wp-content\/uploads\/2017\/01\/IMG_20170109_111900890.jpg","og:image:secure_url":"https:\/\/www.jornalja.com.br\/wp-content\/uploads\/2017\/01\/IMG_20170109_111900890.jpg","article:published_time":"2017-01-09T17:26:45+00:00","article:modified_time":"2017-01-09T17:26:45+00:00","twitter:card":"summary","twitter:title":"Temer s\u00f3 para convidados | Arquivo","twitter:image":"https:\/\/www.jornalja.com.br\/economics\/wp-content\/uploads\/sites\/11\/2026\/08\/ja-folhaderosto-facebook.jpg"},"aioseo_meta_data":{"post_id":"43017","title":null,"description":null,"keywords":null,"keyphrases":null,"primary_term":null,"canonical_url":null,"og_title":null,"og_description":null,"og_object_type":"default","og_image_type":"default","og_image_url":null,"og_image_width":null,"og_image_height":null,"og_image_custom_url":null,"og_image_custom_fields":null,"og_video":null,"og_custom_url":null,"og_article_section":null,"og_article_tags":null,"twitter_use_og":false,"twitter_card":"default","twitter_image_type":"default","twitter_image_url":null,"twitter_image_custom_url":null,"twitter_image_custom_fields":null,"twitter_title":null,"twitter_description":null,"schema":{"blockGraphs":[],"customGraphs":[],"default":{"data":{"Article":[],"Course":[],"Dataset":[],"FAQPage":[],"Movie":[],"Person":[],"Product":[],"ProductReview":[],"Car":[],"Recipe":[],"Service":[],"SoftwareApplication":[],"WebPage":[]},"graphName":"","isEnabled":true},"graphs":[],"defaultGraph":"","defaultPostTypeGraph":""},"schema_type":null,"schema_type_options":null,"pillar_content":false,"robots_default":true,"robots_noindex":false,"robots_noarchive":false,"robots_nosnippet":false,"robots_nofollow":false,"robots_noimageindex":false,"robots_noodp":false,"robots_notranslate":false,"robots_max_snippet":null,"robots_max_videopreview":null,"robots_max_imagepreview":"large","priority":null,"frequency":null,"location":null,"local_seo":null,"breadcrumb_settings":null,"limit_modified_date":false,"ai":null,"created":"2020-12-20 20:43:21","updated":"2025-07-19 19:08:06","seo_analyzer_scan_date":null,"focus_keyword":null,"additional_keywords":null,"truseo_locale":null},"jetpack_sharing_enabled":true,"jetpack-related-posts":[{"id":14241,"url":"https:\/\/www.jornalja.com.br\/arquivo\/o-guaiba-nas-imagens-poeticas-de-achutti\/","url_meta":{"origin":43017,"position":0},"title":"O Gua\u00edba nas imagens po\u00e9ticas de Achutti","author":"da Reda\u00e7\u00e3o","date":"18 de junho de 2014","format":false,"excerpt":"Em \u201cO Gua\u00edba por Achutti\u201d \u2013 obra financiada via Minist\u00e9rio da Cultura, produ\u00e7\u00e3o executiva de Pedro Longhi, e Fl\u00e1vio Wild como designer \u2013, o fot\u00f3grafo revela a beleza e as mazelas de um espa\u00e7o aqu\u00e1tico de \u00e1guas sempre renovadas, cheio de hist\u00f3rias e lendas como as das cidades que foram\u2026","rel":"","context":"Em &quot;Cultura-Geral&quot;","block_context":{"text":"Cultura-Geral","link":"https:\/\/www.jornalja.com.br\/arquivo\/category\/materiasecundaria\/"},"img":{"alt_text":"","src":"","width":0,"height":0},"classes":[]},{"id":5440,"url":"https:\/\/www.jornalja.com.br\/arquivo\/casarao-da-venancio-destino-permanece-incerto\/","url_meta":{"origin":43017,"position":1},"title":"Estado ainda n\u00e3o sabe o que fazer com casar\u00e3o abandonado h\u00e1 20 anos","author":"Elmar Bones","date":"6 de julho de 2009","format":false,"excerpt":"O casar\u00e3o amarelo, numa esquina nobre de Porto Alegre (Ven\u00e2ncio Aires com Jo\u00e3o Pessoa), j\u00e1 abrigou uma escola. H\u00e1 duas d\u00e9cadas, pelo menos, est\u00e1 abandonado, porque seu propriet\u00e1rio, o governo do Estado do Rio Grande do Sul, n\u00e3o consegue achar um destino para ele. Planos n\u00e3o faltaram. O governador Ol\u00edvio\u2026","rel":"","context":"Em &quot;X.Categorias velhas&quot;","block_context":{"text":"X.Categorias velhas","link":"https:\/\/www.jornalja.com.br\/arquivo\/category\/x-categorias-velhas\/"},"img":{"alt_text":"geraldo1","src":"https:\/\/i0.wp.com\/www.jornalja.com.br\/wp-content\/uploads\/2009\/07\/geraldo1.jpg?resize=350%2C200&ssl=1","width":350,"height":200},"classes":[]},{"id":13109,"url":"https:\/\/www.jornalja.com.br\/arquivo\/judiciario-reconhece-poluicao-eletromagnetica\/","url_meta":{"origin":43017,"position":2},"title":"Judici\u00e1rio reconhece polui\u00e7\u00e3o eletromagn\u00e9tica","author":"Patr\u00edcia Marini","date":"16 de maio de 2014","format":false,"excerpt":"A\u00e7\u00e3o de duas associa\u00e7\u00f5es de moradores foi acolhida pelo Tribunal de Justi\u00e7a de S\u00e3o Paulo que. em decis\u00e3o in\u00e9dita, determinou a redu\u00e7\u00e3o do campo eletromagn\u00e9tico gerado pelas linhas de transmiss\u00e3o de energia que cortam os bairros City Boa\u00e7ava e Alto de Pinheiros. \u00c9 a primeira vez que um tribunal do\u2026","rel":"","context":"Em &quot;X.Categorias velhas&quot;","block_context":{"text":"X.Categorias velhas","link":"https:\/\/www.jornalja.com.br\/arquivo\/category\/x-categorias-velhas\/"},"img":{"alt_text":"","src":"","width":0,"height":0},"classes":[]},{"id":13124,"url":"https:\/\/www.jornalja.com.br\/arquivo\/sangue-latino-no-iecine\/","url_meta":{"origin":43017,"position":3},"title":"Sangue latino no IECINE","author":"da Reda\u00e7\u00e3o","date":"18 de maio de 2014","format":false,"excerpt":"Francisco Ribeiro O Instituto Estadual de Cinema (IECINE) tem a frente, desde abril \u00faltimo, um novo diretor, o cineasta colombiano Juan Zapata, 36, que substitui Luiz Alberto Cassol. Radicado h\u00e1 dez anos em Porto Alegre, Zapata tem diante de si o desafio de conduzir at\u00e9 o final do ano um\u2026","rel":"","context":"Em &quot;Cultura-Geral&quot;","block_context":{"text":"Cultura-Geral","link":"https:\/\/www.jornalja.com.br\/arquivo\/category\/materiasecundaria\/"},"img":{"alt_text":"","src":"","width":0,"height":0},"classes":[]},{"id":13128,"url":"https:\/\/www.jornalja.com.br\/arquivo\/maconha-terra-diz-que-uso-medicinal-e-desculpa\/","url_meta":{"origin":43017,"position":4},"title":"Maconha: Terra diz que uso medicinal \u00e9 desculpa","author":"Patr\u00edcia Marini","date":"4 de junho de 2014","format":false,"excerpt":"A condi\u00e7\u00e3o de pol\u00edtico, em \u00e9poca de campanha de campanha eleitoral, tira for\u00e7a do discurso do m\u00e9dico Osmar Terra contra a legaliza\u00e7\u00e3o da maconha. A tese dele de que a libera\u00e7\u00e3o vai ampliar exponencialmente o consumo \u00e9 discutivel, o consumo \u00e9 corrente. Mas seus alertas quanto aos riscos tem que\u2026","rel":"","context":"Em &quot;X.Categorias velhas&quot;","block_context":{"text":"X.Categorias velhas","link":"https:\/\/www.jornalja.com.br\/arquivo\/category\/x-categorias-velhas\/"},"img":{"alt_text":"","src":"","width":0,"height":0},"classes":[]},{"id":13240,"url":"https:\/\/www.jornalja.com.br\/arquivo\/plano-diretor-estamos-construindo-o-caos\/","url_meta":{"origin":43017,"position":5},"title":"Plano diretor: &quot;Estamos construindo o caos&quot;","author":"Patr\u00edcia Marini","date":"26 de maio de 2014","format":false,"excerpt":"Desabafo que arquiteta Eliana Castilhos, delegada da Regi\u00e3o de Planejamento 1, postou nas redes sociais \u00e9 um testemunho do ambiente que se criou no Conselho do Plano Diretor de Porto Alegre, onde a aprova\u00e7\u00e3o de grandes empreendimentos \u00e9 empurrada guela abaixo dos conselheiros. Ao CMDUA Como delegada da Regi\u00e3o de\u2026","rel":"","context":"Em &quot;Geral&quot;","block_context":{"text":"Geral","link":"https:\/\/www.jornalja.com.br\/arquivo\/category\/geral\/"},"img":{"alt_text":"","src":"","width":0,"height":0},"classes":[]}],"jetpack_shortlink":"https:\/\/wp.me\/pbQjBd-bbP","jetpack_featured_media_url":"","_links":{"self":[{"href":"https:\/\/www.jornalja.com.br\/arquivo\/wp-json\/wp\/v2\/posts\/43017","targetHints":{"allow":["GET"]}}],"collection":[{"href":"https:\/\/www.jornalja.com.br\/arquivo\/wp-json\/wp\/v2\/posts"}],"about":[{"href":"https:\/\/www.jornalja.com.br\/arquivo\/wp-json\/wp\/v2\/types\/post"}],"author":[{"embeddable":true,"href":"https:\/\/www.jornalja.com.br\/arquivo\/wp-json\/wp\/v2\/users\/4"}],"replies":[{"embeddable":true,"href":"https:\/\/www.jornalja.com.br\/arquivo\/wp-json\/wp\/v2\/comments?post=43017"}],"version-history":[{"count":0,"href":"https:\/\/www.jornalja.com.br\/arquivo\/wp-json\/wp\/v2\/posts\/43017\/revisions"}],"wp:attachment":[{"href":"https:\/\/www.jornalja.com.br\/arquivo\/wp-json\/wp\/v2\/media?parent=43017"}],"wp:term":[{"taxonomy":"category","embeddable":true,"href":"https:\/\/www.jornalja.com.br\/arquivo\/wp-json\/wp\/v2\/categories?post=43017"},{"taxonomy":"post_tag","embeddable":true,"href":"https:\/\/www.jornalja.com.br\/arquivo\/wp-json\/wp\/v2\/tags?post=43017"}],"curies":[{"name":"wp","href":"https:\/\/api.w.org\/{rel}","templated":true}]}}