{"id":43060,"date":"2017-01-09T18:50:56","date_gmt":"2017-01-09T21:50:56","guid":{"rendered":"https:\/\/www.jornalja.com.br\/?p=43060"},"modified":"2017-01-09T18:50:56","modified_gmt":"2017-01-09T21:50:56","slug":"sem-verba-para-o-carnaval-prefeitura-e-escolas-discutem-solucoes","status":"publish","type":"post","link":"https:\/\/www.jornalja.com.br\/arquivo\/sem-verba-para-o-carnaval-prefeitura-e-escolas-discutem-solucoes\/","title":{"rendered":"Sem verba para o Carnaval, prefeitura e escolas discutem solu\u00e7\u00f5es"},"content":{"rendered":"<p><span class=\"assina\"><strong>Felipe Uhr<\/strong><\/span><br \/>\nA pouco mais de dois meses da realiza\u00e7\u00e3o do desfile das escolas de samba em Porto Alegre, o futuro do carnaval da cidade ainda \u00e9 incerto. Na \u00faltima sexta-feira(6) o prefeito Nelson Marchezan J\u00fanior anunciou o corte total dos R$ 7 milh\u00f5es que seriam destinados ao evento alegando que a Prefeitura n\u00e3o tem dinheiro.<br \/>\nUma reuni\u00e3o na manh\u00e3 desta segunda-feira, entre a Liga Independente das Escolas de Samba de Porto Alegre (LIESP) e o executivo n\u00e3o alterou o quadro.\u00a0 A prefeitura atrav\u00e9s do secret\u00e1rio Luciano Alabarse manteve sua posi\u00e7\u00e3o pedindo que as escolas busquem financiamento privado. Por outro lado, a LIESP mostrou-se bastante flex\u00edvel quanto aos recursos p\u00fablicos aceitando receber menos se fosse o caso. \u201cQueremos pelo menos o dinheiro que \u00e9 destinado para as escolas\u201d afirmou o presidente da Liga, Juarez Gutierrez. Por\u00e9m, segundo ele, a preocupa\u00e7\u00e3o n\u00e3o \u00e9 apenas para 2017 e sim para os pr\u00f3ximos anos. Para isso a Liga uma reuni\u00e3o com o prefeito foi pr\u00e9-agendada para a pr\u00f3xima ter\u00e7a dia 10, \u00e0s 16 horas.<br \/>\nGutierrez alega que o desfile de carnaval n\u00e3o \u00e9 s\u00f3 uma festa e sim um evento que gera emprego, renda, movimenta a economia da cidade al\u00e9m ser um meio de \u201cinclus\u00e3o social na comunidade a qual cada escola pertence\u201d. O encontro com o prefeito tem como objetivo de mostrar a relev\u00e2ncia do carnaval para a cidade. \u201cQueremos saber se somos ou n\u00e3o somos importantes\u201d afirmou o presidente da Liga.<br \/>\nDos 7 milh\u00f5es de reais destinados para os desfiles, pouco mais de 2 milh\u00f5es v\u00e3o para as escolas do grupo especial e da divis\u00e3o de acesso. A liga n\u00e3o abre m\u00e3o desse valor.<br \/>\n<strong>Prefeitura \u00e9 respons\u00e1vel pelo carnaval segundo lei Municipal e Termo de Conduta<\/strong><br \/>\nSancionado desde 1990, o projeto de Lei 6619, do ent\u00e3o vereador Dilamar Machado, prev\u00ea que al\u00e9m de ser evento oficial do Munic\u00edpio e que \u201c os desfiles de agremia\u00e7\u00f5es carnavalescas ser\u00e3o realizados em logradouros\u00a0 p\u00fablicos deste Munic\u00edpio, com as condi\u00e7\u00f5es de infraestrutura e e ornamenta\u00e7\u00e3o colocadas \u00e0 disposi\u00e7\u00e3o\u00a0 pelo Executivo Municipal\u201d(art.3)<br \/>\nTamb\u00e9m foi assinado no ano passado um Termo de Ajustamento de Conduta (TAC) que diz que o Munic\u00edpio assume a obriga\u00e7\u00e3o de patroc\u00ednio para as entidades organizadoras (escolas), al\u00e9m de realizar as obras e servi\u00e7os de infraestrutura do evento no complexo cultura Porto Seco.<br \/>\nA liga n\u00e3o descarta um ingresso na justi\u00e7a para captar esses recursos. \u201cVamos aguardar a palavra do prefeito\u201d afirmou Juarez.<br \/>\n<strong>Infraestrutura consome maioria da verba<\/strong><br \/>\nDos pouco mais de 7 milh\u00f5es de reais que v\u00e3o para o carnaval, grande parte vai apenas para a infraestrutura (arquibancadas, banheiros, ilumina\u00e7\u00e3o e outros servi\u00e7os). \u201cJ\u00e1 n\u00e3o poderia ter sido constru\u00eddo uma estrutura permanente?\u201d questiona o Jornalista e compositor carnavalesco Vinicius Brito.<br \/>\nEnvolvido no ambiente carnavalesco desde crian\u00e7a, Brito acredita que o carnaval existente no Porto Seco poderia j\u00e1 estar melhor estruturado e com menos custos. \u201cSe gasta muito somente com a coloca\u00e7\u00e3o e retirada das arquibancadas\u201d alerta ele. Por\u00e9m, para Vinicius a realiza\u00e7\u00e3o do carnaval traz um grande retorno para a cidade economicamente. \u201cVamos perguntar para o mercado t\u00eaxtil, ou para quem fornece todos os materiais usados no desfile o que eles v\u00e3o achar se n\u00e3o tiver desfile\u201d finalizou.<br \/>\nO encontro com o prefeito ainda n\u00e3o foi confirmado. Al\u00e9m dele, uma nova reuni\u00e3o j\u00e1 est\u00e1 agendada para a pr\u00f3xima segunda, buscando ideias e incentivos para que o carnaval das escolas de samba aconte\u00e7a.<\/p>\n","protected":false},"excerpt":{"rendered":"<p>Felipe Uhr A pouco mais de dois meses da realiza\u00e7\u00e3o do desfile das escolas de samba em Porto Alegre, o futuro do carnaval da cidade ainda \u00e9 incerto. Na \u00faltima sexta-feira(6) o prefeito Nelson Marchezan J\u00fanior anunciou o corte total dos R$ 7 milh\u00f5es que seriam destinados ao evento alegando que a Prefeitura n\u00e3o tem [&hellip;]<\/p>\n","protected":false},"author":4,"featured_media":43061,"comment_status":"open","ping_status":"closed","sticky":false,"template":"","format":"standard","meta":{"_jetpack_newsletter_access":"","_jetpack_dont_email_post_to_subs":false,"_jetpack_newsletter_tier_id":0,"_jetpack_memberships_contains_paywalled_content":false,"_jetpack_feature_clip_id":0,"_jetpack_memberships_contains_paid_content":false,"footnotes":"","jetpack_post_was_ever_published":false},"categories":[26],"tags":[],"class_list":["post-43060","post","type-post","status-publish","format-standard","has-post-thumbnail","hentry","category-geral"],"aioseo_notices":[],"aioseo_head":"\n\t\t<!-- All in One SEO 5.0.1.1 - aioseo.com -->\n\t<meta name=\"robots\" content=\"max-image-preview:large\" \/>\n\t<meta name=\"author\" content=\"da Reda\u00e7\u00e3o\"\/>\n\t<link rel=\"canonical\" href=\"https:\/\/www.jornalja.com.br\/arquivo\/sem-verba-para-o-carnaval-prefeitura-e-escolas-discutem-solucoes\/\" \/>\n\t<meta name=\"generator\" content=\"All in One SEO (AIOSEO) 5.0.1.1\" \/>\n\t\t<meta property=\"og:locale\" content=\"pt_BR\" \/>\n\t\t<meta property=\"og:site_name\" content=\"Arquivo | Jornal J\u00c1 | Porto Alegre\" \/>\n\t\t<meta property=\"og:type\" content=\"article\" \/>\n\t\t<meta property=\"og:title\" content=\"Sem verba para o Carnaval, prefeitura e escolas discutem solu\u00e7\u00f5es | Arquivo\" \/>\n\t\t<meta property=\"og:url\" content=\"https:\/\/www.jornalja.com.br\/arquivo\/sem-verba-para-o-carnaval-prefeitura-e-escolas-discutem-solucoes\/\" \/>\n\t\t<meta property=\"og:image\" content=\"https:\/\/www.jornalja.com.br\/economics\/wp-content\/uploads\/sites\/11\/2026\/08\/ja-folhaderosto-facebook.jpg\" \/>\n\t\t<meta property=\"og:image:secure_url\" content=\"https:\/\/www.jornalja.com.br\/economics\/wp-content\/uploads\/sites\/11\/2026\/08\/ja-folhaderosto-facebook.jpg\" \/>\n\t\t<meta property=\"article:published_time\" content=\"2017-01-09T21:50:56+00:00\" \/>\n\t\t<meta property=\"article:modified_time\" content=\"2017-01-09T21:50:56+00:00\" \/>\n\t\t<meta name=\"twitter:card\" content=\"summary\" \/>\n\t\t<meta name=\"twitter:title\" content=\"Sem verba para o Carnaval, prefeitura e escolas discutem solu\u00e7\u00f5es | Arquivo\" \/>\n\t\t<meta name=\"twitter:image\" content=\"https:\/\/www.jornalja.com.br\/economics\/wp-content\/uploads\/sites\/11\/2026\/08\/ja-folhaderosto-facebook.jpg\" \/>\n\t\t<script type=\"application\/ld+json\" class=\"aioseo-schema\">\n\t\t\t{\"@context\":\"https:\\\/\\\/schema.org\",\"@graph\":[{\"@type\":\"BlogPosting\",\"@id\":\"https:\\\/\\\/www.jornalja.com.br\\\/arquivo\\\/sem-verba-para-o-carnaval-prefeitura-e-escolas-discutem-solucoes\\\/#blogposting\",\"name\":\"Sem verba para o Carnaval, prefeitura e escolas discutem solu\\u00e7\\u00f5es | Arquivo\",\"headline\":\"Sem verba para o Carnaval, prefeitura e escolas discutem solu\\u00e7\\u00f5es\",\"author\":{\"@id\":\"https:\\\/\\\/www.jornalja.com.br\\\/arquivo\\\/author\\\/daredacao\\\/#author\"},\"publisher\":{\"@id\":\"https:\\\/\\\/www.jornalja.com.br\\\/arquivo\\\/#organization\"},\"image\":{\"@type\":\"ImageObject\",\"url\":43061},\"datePublished\":\"2017-01-09T18:50:56-02:00\",\"dateModified\":\"2017-01-09T18:50:56-02:00\",\"inLanguage\":\"pt-BR\",\"mainEntityOfPage\":{\"@id\":\"https:\\\/\\\/www.jornalja.com.br\\\/arquivo\\\/sem-verba-para-o-carnaval-prefeitura-e-escolas-discutem-solucoes\\\/#webpage\"},\"isPartOf\":{\"@id\":\"https:\\\/\\\/www.jornalja.com.br\\\/arquivo\\\/sem-verba-para-o-carnaval-prefeitura-e-escolas-discutem-solucoes\\\/#webpage\"},\"articleSection\":\"Geral\"},{\"@type\":\"BreadcrumbList\",\"@id\":\"https:\\\/\\\/www.jornalja.com.br\\\/arquivo\\\/sem-verba-para-o-carnaval-prefeitura-e-escolas-discutem-solucoes\\\/#breadcrumblist\",\"itemListElement\":[{\"@type\":\"ListItem\",\"@id\":\"https:\\\/\\\/www.jornalja.com.br\\\/arquivo#listItem\",\"position\":1,\"name\":\"Home\",\"item\":\"https:\\\/\\\/www.jornalja.com.br\\\/arquivo\",\"nextItem\":{\"@type\":\"ListItem\",\"@id\":\"https:\\\/\\\/www.jornalja.com.br\\\/arquivo\\\/category\\\/geral\\\/#listItem\",\"name\":\"Geral\"}},{\"@type\":\"ListItem\",\"@id\":\"https:\\\/\\\/www.jornalja.com.br\\\/arquivo\\\/category\\\/geral\\\/#listItem\",\"position\":2,\"name\":\"Geral\",\"item\":\"https:\\\/\\\/www.jornalja.com.br\\\/arquivo\\\/category\\\/geral\\\/\",\"nextItem\":{\"@type\":\"ListItem\",\"@id\":\"https:\\\/\\\/www.jornalja.com.br\\\/arquivo\\\/sem-verba-para-o-carnaval-prefeitura-e-escolas-discutem-solucoes\\\/#listItem\",\"name\":\"Sem verba para o Carnaval, prefeitura e escolas discutem solu\\u00e7\\u00f5es\"},\"previousItem\":{\"@type\":\"ListItem\",\"@id\":\"https:\\\/\\\/www.jornalja.com.br\\\/arquivo#listItem\",\"name\":\"Home\"}},{\"@type\":\"ListItem\",\"@id\":\"https:\\\/\\\/www.jornalja.com.br\\\/arquivo\\\/sem-verba-para-o-carnaval-prefeitura-e-escolas-discutem-solucoes\\\/#listItem\",\"position\":3,\"name\":\"Sem verba para o Carnaval, prefeitura e escolas discutem solu\\u00e7\\u00f5es\",\"previousItem\":{\"@type\":\"ListItem\",\"@id\":\"https:\\\/\\\/www.jornalja.com.br\\\/arquivo\\\/category\\\/geral\\\/#listItem\",\"name\":\"Geral\"}}]},{\"@type\":\"Organization\",\"@id\":\"https:\\\/\\\/www.jornalja.com.br\\\/arquivo\\\/#organization\",\"name\":\"Jornal J\\u00c1\",\"description\":\"Jornal J\\u00c1 | Porto Alegre\",\"url\":\"https:\\\/\\\/www.jornalja.com.br\\\/arquivo\\\/\",\"telephone\":\"+555133307272\",\"logo\":{\"@type\":\"ImageObject\",\"url\":\"https:\\\/\\\/www.jornalja.com.br\\\/wp-content\\\/uploads\\\/cards\\\/JAslogan.png\",\"@id\":\"https:\\\/\\\/www.jornalja.com.br\\\/arquivo\\\/sem-verba-para-o-carnaval-prefeitura-e-escolas-discutem-solucoes\\\/#organizationLogo\"},\"image\":{\"@id\":\"https:\\\/\\\/www.jornalja.com.br\\\/arquivo\\\/sem-verba-para-o-carnaval-prefeitura-e-escolas-discutem-solucoes\\\/#organizationLogo\"}},{\"@type\":\"Person\",\"@id\":\"https:\\\/\\\/www.jornalja.com.br\\\/arquivo\\\/author\\\/daredacao\\\/#author\",\"url\":\"https:\\\/\\\/www.jornalja.com.br\\\/arquivo\\\/author\\\/daredacao\\\/\",\"name\":\"da Reda\\u00e7\\u00e3o\",\"image\":{\"@type\":\"ImageObject\",\"@id\":\"https:\\\/\\\/www.jornalja.com.br\\\/arquivo\\\/sem-verba-para-o-carnaval-prefeitura-e-escolas-discutem-solucoes\\\/#authorImage\",\"url\":\"https:\\\/\\\/secure.gravatar.com\\\/avatar\\\/469fd857d6605ad19919d27ed29d35a968a25f6e8fd9318356bbb7f57aae9c65?s=96&d=mm&r=g\",\"width\":96,\"height\":96,\"caption\":\"da Reda\\u00e7\\u00e3o\"}},{\"@type\":\"WebPage\",\"@id\":\"https:\\\/\\\/www.jornalja.com.br\\\/arquivo\\\/sem-verba-para-o-carnaval-prefeitura-e-escolas-discutem-solucoes\\\/#webpage\",\"url\":\"https:\\\/\\\/www.jornalja.com.br\\\/arquivo\\\/sem-verba-para-o-carnaval-prefeitura-e-escolas-discutem-solucoes\\\/\",\"name\":\"Sem verba para o Carnaval, prefeitura e escolas discutem solu\\u00e7\\u00f5es | Arquivo\",\"inLanguage\":\"pt-BR\",\"isPartOf\":{\"@id\":\"https:\\\/\\\/www.jornalja.com.br\\\/arquivo\\\/#website\"},\"breadcrumb\":{\"@id\":\"https:\\\/\\\/www.jornalja.com.br\\\/arquivo\\\/sem-verba-para-o-carnaval-prefeitura-e-escolas-discutem-solucoes\\\/#breadcrumblist\"},\"author\":{\"@id\":\"https:\\\/\\\/www.jornalja.com.br\\\/arquivo\\\/author\\\/daredacao\\\/#author\"},\"creator\":{\"@id\":\"https:\\\/\\\/www.jornalja.com.br\\\/arquivo\\\/author\\\/daredacao\\\/#author\"},\"image\":{\"@type\":\"ImageObject\",\"url\":43061,\"@id\":\"https:\\\/\\\/www.jornalja.com.br\\\/arquivo\\\/sem-verba-para-o-carnaval-prefeitura-e-escolas-discutem-solucoes\\\/#mainImage\"},\"primaryImageOfPage\":{\"@id\":\"https:\\\/\\\/www.jornalja.com.br\\\/arquivo\\\/sem-verba-para-o-carnaval-prefeitura-e-escolas-discutem-solucoes\\\/#mainImage\"},\"datePublished\":\"2017-01-09T18:50:56-02:00\",\"dateModified\":\"2017-01-09T18:50:56-02:00\"},{\"@type\":\"WebSite\",\"@id\":\"https:\\\/\\\/www.jornalja.com.br\\\/arquivo\\\/#website\",\"url\":\"https:\\\/\\\/www.jornalja.com.br\\\/arquivo\\\/\",\"name\":\"Arquivo\",\"description\":\"Jornal J\\u00c1 | Porto Alegre\",\"inLanguage\":\"pt-BR\",\"publisher\":{\"@id\":\"https:\\\/\\\/www.jornalja.com.br\\\/arquivo\\\/#organization\"}}]}\n\t\t<\/script>\n\t\t<!-- All in One SEO -->\n\n","aioseo_head_json":{"title":"Sem verba para o Carnaval, prefeitura e escolas discutem solu\u00e7\u00f5es | Arquivo","description":"","canonical_url":"https:\/\/www.jornalja.com.br\/arquivo\/sem-verba-para-o-carnaval-prefeitura-e-escolas-discutem-solucoes\/","robots":"max-image-preview:large","keywords":"","webmasterTools":{"miscellaneous":""},"schema":{"@context":"https:\/\/schema.org","@graph":[{"@type":"BlogPosting","@id":"https:\/\/www.jornalja.com.br\/arquivo\/sem-verba-para-o-carnaval-prefeitura-e-escolas-discutem-solucoes\/#blogposting","name":"Sem verba para o Carnaval, prefeitura e escolas discutem solu\u00e7\u00f5es | Arquivo","headline":"Sem verba para o Carnaval, prefeitura e escolas discutem solu\u00e7\u00f5es","author":{"@id":"https:\/\/www.jornalja.com.br\/arquivo\/author\/daredacao\/#author"},"publisher":{"@id":"https:\/\/www.jornalja.com.br\/arquivo\/#organization"},"image":{"@type":"ImageObject","url":43061},"datePublished":"2017-01-09T18:50:56-02:00","dateModified":"2017-01-09T18:50:56-02:00","inLanguage":"pt-BR","mainEntityOfPage":{"@id":"https:\/\/www.jornalja.com.br\/arquivo\/sem-verba-para-o-carnaval-prefeitura-e-escolas-discutem-solucoes\/#webpage"},"isPartOf":{"@id":"https:\/\/www.jornalja.com.br\/arquivo\/sem-verba-para-o-carnaval-prefeitura-e-escolas-discutem-solucoes\/#webpage"},"articleSection":"Geral"},{"@type":"BreadcrumbList","@id":"https:\/\/www.jornalja.com.br\/arquivo\/sem-verba-para-o-carnaval-prefeitura-e-escolas-discutem-solucoes\/#breadcrumblist","itemListElement":[{"@type":"ListItem","@id":"https:\/\/www.jornalja.com.br\/arquivo#listItem","position":1,"name":"Home","item":"https:\/\/www.jornalja.com.br\/arquivo","nextItem":{"@type":"ListItem","@id":"https:\/\/www.jornalja.com.br\/arquivo\/category\/geral\/#listItem","name":"Geral"}},{"@type":"ListItem","@id":"https:\/\/www.jornalja.com.br\/arquivo\/category\/geral\/#listItem","position":2,"name":"Geral","item":"https:\/\/www.jornalja.com.br\/arquivo\/category\/geral\/","nextItem":{"@type":"ListItem","@id":"https:\/\/www.jornalja.com.br\/arquivo\/sem-verba-para-o-carnaval-prefeitura-e-escolas-discutem-solucoes\/#listItem","name":"Sem verba para o Carnaval, prefeitura e escolas discutem solu\u00e7\u00f5es"},"previousItem":{"@type":"ListItem","@id":"https:\/\/www.jornalja.com.br\/arquivo#listItem","name":"Home"}},{"@type":"ListItem","@id":"https:\/\/www.jornalja.com.br\/arquivo\/sem-verba-para-o-carnaval-prefeitura-e-escolas-discutem-solucoes\/#listItem","position":3,"name":"Sem verba para o Carnaval, prefeitura e escolas discutem solu\u00e7\u00f5es","previousItem":{"@type":"ListItem","@id":"https:\/\/www.jornalja.com.br\/arquivo\/category\/geral\/#listItem","name":"Geral"}}]},{"@type":"Organization","@id":"https:\/\/www.jornalja.com.br\/arquivo\/#organization","name":"Jornal J\u00c1","description":"Jornal J\u00c1 | Porto Alegre","url":"https:\/\/www.jornalja.com.br\/arquivo\/","telephone":"+555133307272","logo":{"@type":"ImageObject","url":"https:\/\/www.jornalja.com.br\/wp-content\/uploads\/cards\/JAslogan.png","@id":"https:\/\/www.jornalja.com.br\/arquivo\/sem-verba-para-o-carnaval-prefeitura-e-escolas-discutem-solucoes\/#organizationLogo"},"image":{"@id":"https:\/\/www.jornalja.com.br\/arquivo\/sem-verba-para-o-carnaval-prefeitura-e-escolas-discutem-solucoes\/#organizationLogo"}},{"@type":"Person","@id":"https:\/\/www.jornalja.com.br\/arquivo\/author\/daredacao\/#author","url":"https:\/\/www.jornalja.com.br\/arquivo\/author\/daredacao\/","name":"da Reda\u00e7\u00e3o","image":{"@type":"ImageObject","@id":"https:\/\/www.jornalja.com.br\/arquivo\/sem-verba-para-o-carnaval-prefeitura-e-escolas-discutem-solucoes\/#authorImage","url":"https:\/\/secure.gravatar.com\/avatar\/469fd857d6605ad19919d27ed29d35a968a25f6e8fd9318356bbb7f57aae9c65?s=96&d=mm&r=g","width":96,"height":96,"caption":"da Reda\u00e7\u00e3o"}},{"@type":"WebPage","@id":"https:\/\/www.jornalja.com.br\/arquivo\/sem-verba-para-o-carnaval-prefeitura-e-escolas-discutem-solucoes\/#webpage","url":"https:\/\/www.jornalja.com.br\/arquivo\/sem-verba-para-o-carnaval-prefeitura-e-escolas-discutem-solucoes\/","name":"Sem verba para o Carnaval, prefeitura e escolas discutem solu\u00e7\u00f5es | Arquivo","inLanguage":"pt-BR","isPartOf":{"@id":"https:\/\/www.jornalja.com.br\/arquivo\/#website"},"breadcrumb":{"@id":"https:\/\/www.jornalja.com.br\/arquivo\/sem-verba-para-o-carnaval-prefeitura-e-escolas-discutem-solucoes\/#breadcrumblist"},"author":{"@id":"https:\/\/www.jornalja.com.br\/arquivo\/author\/daredacao\/#author"},"creator":{"@id":"https:\/\/www.jornalja.com.br\/arquivo\/author\/daredacao\/#author"},"image":{"@type":"ImageObject","url":43061,"@id":"https:\/\/www.jornalja.com.br\/arquivo\/sem-verba-para-o-carnaval-prefeitura-e-escolas-discutem-solucoes\/#mainImage"},"primaryImageOfPage":{"@id":"https:\/\/www.jornalja.com.br\/arquivo\/sem-verba-para-o-carnaval-prefeitura-e-escolas-discutem-solucoes\/#mainImage"},"datePublished":"2017-01-09T18:50:56-02:00","dateModified":"2017-01-09T18:50:56-02:00"},{"@type":"WebSite","@id":"https:\/\/www.jornalja.com.br\/arquivo\/#website","url":"https:\/\/www.jornalja.com.br\/arquivo\/","name":"Arquivo","description":"Jornal J\u00c1 | Porto Alegre","inLanguage":"pt-BR","publisher":{"@id":"https:\/\/www.jornalja.com.br\/arquivo\/#organization"}}]},"og:locale":"pt_BR","og:site_name":"Arquivo | Jornal J\u00c1 | Porto Alegre","og:type":"article","og:title":"Sem verba para o Carnaval, prefeitura e escolas discutem solu\u00e7\u00f5es | Arquivo","og:url":"https:\/\/www.jornalja.com.br\/arquivo\/sem-verba-para-o-carnaval-prefeitura-e-escolas-discutem-solucoes\/","og:image":"https:\/\/www.jornalja.com.br\/economics\/wp-content\/uploads\/sites\/11\/2026\/08\/ja-folhaderosto-facebook.jpg","og:image:secure_url":"https:\/\/www.jornalja.com.br\/economics\/wp-content\/uploads\/sites\/11\/2026\/08\/ja-folhaderosto-facebook.jpg","article:published_time":"2017-01-09T21:50:56+00:00","article:modified_time":"2017-01-09T21:50:56+00:00","twitter:card":"summary","twitter:title":"Sem verba para o Carnaval, prefeitura e escolas discutem solu\u00e7\u00f5es | Arquivo","twitter:image":"https:\/\/www.jornalja.com.br\/economics\/wp-content\/uploads\/sites\/11\/2026\/08\/ja-folhaderosto-facebook.jpg"},"aioseo_meta_data":{"post_id":"43060","title":null,"description":null,"keywords":null,"keyphrases":null,"primary_term":null,"canonical_url":null,"og_title":null,"og_description":null,"og_object_type":"default","og_image_type":"default","og_image_url":null,"og_image_width":null,"og_image_height":null,"og_image_custom_url":null,"og_image_custom_fields":null,"og_video":null,"og_custom_url":null,"og_article_section":null,"og_article_tags":null,"twitter_use_og":false,"twitter_card":"default","twitter_image_type":"default","twitter_image_url":null,"twitter_image_custom_url":null,"twitter_image_custom_fields":null,"twitter_title":null,"twitter_description":null,"schema":{"blockGraphs":[],"customGraphs":[],"default":{"data":{"Article":[],"Course":[],"Dataset":[],"FAQPage":[],"Movie":[],"Person":[],"Product":[],"ProductReview":[],"Car":[],"Recipe":[],"Service":[],"SoftwareApplication":[],"WebPage":[]},"graphName":"","isEnabled":true},"graphs":[],"defaultGraph":"","defaultPostTypeGraph":""},"schema_type":null,"schema_type_options":null,"pillar_content":false,"robots_default":true,"robots_noindex":false,"robots_noarchive":false,"robots_nosnippet":false,"robots_nofollow":false,"robots_noimageindex":false,"robots_noodp":false,"robots_notranslate":false,"robots_max_snippet":null,"robots_max_videopreview":null,"robots_max_imagepreview":"large","priority":null,"frequency":null,"location":null,"local_seo":null,"breadcrumb_settings":null,"limit_modified_date":false,"ai":null,"created":"2020-12-20 20:43:21","updated":"2025-07-19 19:08:06","seo_analyzer_scan_date":null,"focus_keyword":null,"additional_keywords":null,"truseo_locale":null},"jetpack_sharing_enabled":true,"jetpack-related-posts":[{"id":5440,"url":"https:\/\/www.jornalja.com.br\/arquivo\/casarao-da-venancio-destino-permanece-incerto\/","url_meta":{"origin":43060,"position":0},"title":"Estado ainda n\u00e3o sabe o que fazer com casar\u00e3o abandonado h\u00e1 20 anos","author":"Elmar Bones","date":"6 de julho de 2009","format":false,"excerpt":"O casar\u00e3o amarelo, numa esquina nobre de Porto Alegre (Ven\u00e2ncio Aires com Jo\u00e3o Pessoa), j\u00e1 abrigou uma escola. H\u00e1 duas d\u00e9cadas, pelo menos, est\u00e1 abandonado, porque seu propriet\u00e1rio, o governo do Estado do Rio Grande do Sul, n\u00e3o consegue achar um destino para ele. Planos n\u00e3o faltaram. O governador Ol\u00edvio\u2026","rel":"","context":"Em &quot;X.Categorias velhas&quot;","block_context":{"text":"X.Categorias velhas","link":"https:\/\/www.jornalja.com.br\/arquivo\/category\/x-categorias-velhas\/"},"img":{"alt_text":"geraldo1","src":"https:\/\/i0.wp.com\/www.jornalja.com.br\/wp-content\/uploads\/2009\/07\/geraldo1.jpg?resize=350%2C200&ssl=1","width":350,"height":200},"classes":[]},{"id":12960,"url":"https:\/\/www.jornalja.com.br\/arquivo\/populacao-culpa-empresas-pela-greve-dos-rodoviarios\/","url_meta":{"origin":43060,"position":1},"title":"Popula\u00e7\u00e3o culpa empresas pela greve","author":"Patr\u00edcia Marini","date":"14 de fevereiro de 2014","format":false,"excerpt":"Pesquisa divulgada na edi\u00e7\u00e3o do jornal Metro desta sexta-feira,14, comprova o velho ditado: \u00e9 poss\u00edvel enganar muitos por algum tempo, mas n\u00e3o \u00e9 poss\u00edvel enganar a todos o tempo inteiro. A principal revela\u00e7\u00e3o foi que 59,8% dos entrevistados apontaram as empresas como as principais respons\u00e1veis pela grave e 46% culparam\u2026","rel":"","context":"Em &quot;X.Categorias velhas&quot;","block_context":{"text":"X.Categorias velhas","link":"https:\/\/www.jornalja.com.br\/arquivo\/category\/x-categorias-velhas\/"},"img":{"alt_text":"","src":"","width":0,"height":0},"classes":[]},{"id":1280,"url":"https:\/\/www.jornalja.com.br\/arquivo\/o-menino-que-se-tornou-brizola\/","url_meta":{"origin":43060,"position":2},"title":"O Menino que se Tornou Brizola","author":"da Reda\u00e7\u00e3o","date":"28 de julho de 2008","format":false,"excerpt":"Autor: Cleber Dioni A vida de Leonel Brizola, com \u00eanfase para os primeiros anos em Porto Alegre, at\u00e9 o ex\u00edlio no Uruguai e a volta, quinze anos depois. \u00a0\"...\u00c9ramos todos jovens e nos identific\u00e1vamos com aquela massa an\u00f4nima a percorrer as ruas de Porto Alegre, gritando 'Get\u00falio', 'Get\u00falio' e empunhando\u2026","rel":"","context":"Em &quot;Livros&quot;","block_context":{"text":"Livros","link":"https:\/\/www.jornalja.com.br\/arquivo\/category\/livros\/"},"img":{"alt_text":"","src":"https:\/\/i0.wp.com\/www.jornalja.com.br\/wp-content\/uploads\/2008\/07\/brizola.gif?resize=350%2C200&ssl=1","width":350,"height":200},"classes":[]},{"id":13124,"url":"https:\/\/www.jornalja.com.br\/arquivo\/sangue-latino-no-iecine\/","url_meta":{"origin":43060,"position":3},"title":"Sangue latino no IECINE","author":"da Reda\u00e7\u00e3o","date":"18 de maio de 2014","format":false,"excerpt":"Francisco Ribeiro O Instituto Estadual de Cinema (IECINE) tem a frente, desde abril \u00faltimo, um novo diretor, o cineasta colombiano Juan Zapata, 36, que substitui Luiz Alberto Cassol. Radicado h\u00e1 dez anos em Porto Alegre, Zapata tem diante de si o desafio de conduzir at\u00e9 o final do ano um\u2026","rel":"","context":"Em &quot;Cultura-Geral&quot;","block_context":{"text":"Cultura-Geral","link":"https:\/\/www.jornalja.com.br\/arquivo\/category\/materiasecundaria\/"},"img":{"alt_text":"","src":"","width":0,"height":0},"classes":[]},{"id":13240,"url":"https:\/\/www.jornalja.com.br\/arquivo\/plano-diretor-estamos-construindo-o-caos\/","url_meta":{"origin":43060,"position":4},"title":"Plano diretor: &quot;Estamos construindo o caos&quot;","author":"Patr\u00edcia Marini","date":"26 de maio de 2014","format":false,"excerpt":"Desabafo que arquiteta Eliana Castilhos, delegada da Regi\u00e3o de Planejamento 1, postou nas redes sociais \u00e9 um testemunho do ambiente que se criou no Conselho do Plano Diretor de Porto Alegre, onde a aprova\u00e7\u00e3o de grandes empreendimentos \u00e9 empurrada guela abaixo dos conselheiros. Ao CMDUA Como delegada da Regi\u00e3o de\u2026","rel":"","context":"Em &quot;Geral&quot;","block_context":{"text":"Geral","link":"https:\/\/www.jornalja.com.br\/arquivo\/category\/geral\/"},"img":{"alt_text":"","src":"","width":0,"height":0},"classes":[]},{"id":14241,"url":"https:\/\/www.jornalja.com.br\/arquivo\/o-guaiba-nas-imagens-poeticas-de-achutti\/","url_meta":{"origin":43060,"position":5},"title":"O Gua\u00edba nas imagens po\u00e9ticas de Achutti","author":"da Reda\u00e7\u00e3o","date":"18 de junho de 2014","format":false,"excerpt":"Em \u201cO Gua\u00edba por Achutti\u201d \u2013 obra financiada via Minist\u00e9rio da Cultura, produ\u00e7\u00e3o executiva de Pedro Longhi, e Fl\u00e1vio Wild como designer \u2013, o fot\u00f3grafo revela a beleza e as mazelas de um espa\u00e7o aqu\u00e1tico de \u00e1guas sempre renovadas, cheio de hist\u00f3rias e lendas como as das cidades que foram\u2026","rel":"","context":"Em &quot;Cultura-Geral&quot;","block_context":{"text":"Cultura-Geral","link":"https:\/\/www.jornalja.com.br\/arquivo\/category\/materiasecundaria\/"},"img":{"alt_text":"","src":"","width":0,"height":0},"classes":[]}],"jetpack_shortlink":"https:\/\/wp.me\/pbQjBd-bcw","jetpack_featured_media_url":"","_links":{"self":[{"href":"https:\/\/www.jornalja.com.br\/arquivo\/wp-json\/wp\/v2\/posts\/43060","targetHints":{"allow":["GET"]}}],"collection":[{"href":"https:\/\/www.jornalja.com.br\/arquivo\/wp-json\/wp\/v2\/posts"}],"about":[{"href":"https:\/\/www.jornalja.com.br\/arquivo\/wp-json\/wp\/v2\/types\/post"}],"author":[{"embeddable":true,"href":"https:\/\/www.jornalja.com.br\/arquivo\/wp-json\/wp\/v2\/users\/4"}],"replies":[{"embeddable":true,"href":"https:\/\/www.jornalja.com.br\/arquivo\/wp-json\/wp\/v2\/comments?post=43060"}],"version-history":[{"count":0,"href":"https:\/\/www.jornalja.com.br\/arquivo\/wp-json\/wp\/v2\/posts\/43060\/revisions"}],"wp:attachment":[{"href":"https:\/\/www.jornalja.com.br\/arquivo\/wp-json\/wp\/v2\/media?parent=43060"}],"wp:term":[{"taxonomy":"category","embeddable":true,"href":"https:\/\/www.jornalja.com.br\/arquivo\/wp-json\/wp\/v2\/categories?post=43060"},{"taxonomy":"post_tag","embeddable":true,"href":"https:\/\/www.jornalja.com.br\/arquivo\/wp-json\/wp\/v2\/tags?post=43060"}],"curies":[{"name":"wp","href":"https:\/\/api.w.org\/{rel}","templated":true}]}}