{"id":43063,"date":"2017-01-09T19:06:05","date_gmt":"2017-01-09T22:06:05","guid":{"rendered":"https:\/\/www.jornalja.com.br\/?p=43063"},"modified":"2017-01-09T19:06:05","modified_gmt":"2017-01-09T22:06:05","slug":"joao-vicente-goulart-lanca-livro-lembrando-o-exilio-com-o-pai","status":"publish","type":"post","link":"https:\/\/www.jornalja.com.br\/arquivo\/joao-vicente-goulart-lanca-livro-lembrando-o-exilio-com-o-pai\/","title":{"rendered":"Jo\u00e3o Vicente Goulart lan\u00e7a livro lembrando o ex\u00edlio com o pai"},"content":{"rendered":"<p><span class=\"assina\">W\u00e1lmaro Paz<\/span><br \/>\n<strong>&#8220;Jango e eu&#8221; (Mem\u00f3rias de um ex\u00edlio sem volta)<\/strong>. Este livro de 358 p\u00e1ginas, escrito por Jo\u00e3o Vicente Goulart e \u00a0editado pela Civiliza\u00e7\u00e3o Brasileira \u00a0ser\u00e1 lan\u00e7ado as 19 horas desta ter\u00e7a-feira (10) na livraria Cultura. Trata da vida da fam\u00edlia do ex-presidente Jo\u00e3o Goulart ,sua mulher Maria Teresa e seus filhos Jo\u00e3o Vicente e Denise.<br \/>\n\u00c9 a hist\u00f3ria detalhada da vida do dia a dia de uma fam\u00edlia no ex\u00edlio.\u00a0 Emocionado, Jo\u00e3o Vicente lembra:&#8221; Cont\u00eam esperan\u00e7as, atribula\u00e7\u00f5es, destinos, Pol\u00edtica. Sim porque a vida da fam\u00edlia Goulart era paralela a hist\u00f3ria de seu pa\u00eds e da Am\u00e9rica Latina. Tem um recorte bem delineado que come\u00e7a no dia 1\u00ba de abril de 1964 e se encerra no dia 6 de dezembro de 1976 que \u00e9 a morte do pai&#8221;.<br \/>\nO autor recorda quando cai o Brasil, depois o Uruguai,\u00a0 o Paraguai, \u00a0a Argentina, \u00a0se produz um domin\u00f3 de ditaduras na Am\u00e9rica Latina e essa peregrina\u00e7\u00e3o fugindo delas foi feita pela mulher e os dois filhos do ex-presidente.<br \/>\n\u201c O ex\u00edlio nos ensinou a ser aves peregrinas porque tivemos que apreender a estar permanentemente mudando de lugares e de pa\u00edses porque o espa\u00e7o se tornava cada vez mais reduzido para aqueles que, como o meu pai acreditavam na democracia, na justi\u00e7a social e na liberdade como forma de governo&#8221;.<br \/>\nEste per\u00edodo foi uma \u00e9poca de ascens\u00e3o de ditaduras no mundo todo.\u00a0 \u201cMas no come\u00e7o, meu pai pensava como tantos dos pol\u00edticos da \u00e9poca que seria somente uma quartelada e apostaram na elei\u00e7\u00e3o de 1965. Se houvesse elei\u00e7\u00e3o naquele ano, o eventual eleito deveria dar uma anistia e pacificar o pa\u00eds. Mas depois que se definiu que n\u00e3o haveria elei\u00e7\u00e3o, e n\u00e3o houve esta reorganiza\u00e7\u00e3o democr\u00e1tica ele se deu conta de que a ditadura tinha vindo para ficar\u201d.<br \/>\nE lembra que o autoritarismo foi ficando cada vez maias intenso: \u201cAI-1, AI-2, AI-3, AI-4 at\u00e9 o famigerado AI-5, em 68. E que\u00a0 Jango \u00a0se deu conta que teria que come\u00e7ar uma vida nova, criar os filhos no ex\u00edlio. A mostrar o caminho a eles dentro desta forma\u00e7\u00e3o de valoriaza\u00e7\u00e3o da pessoa humana. \u201c Este \u00e9 um relato que fa\u00e7o tanto na parte familiar quanto na parte pol\u00edtica que aconteceram paralelamente.<br \/>\nJo\u00e3o Vicente recorda ainda\u00a0 que em seguida veio uma \u00e9poca esperan\u00e7osa. Em 1973 cai a ditadura do Uruguai.\u00a0 Jango j\u00e1 tinha estado com Per\u00f3n (Juan Domingos Per\u00f3n, l\u00edder populista argentino) em Madrid em 1972. Depois houve a volta de Per\u00f3n para a Argentina. Em 1973, n\u00f3s fomos para Argentina com aquela esperan\u00e7a de muitos l\u00edderes latino-americanos exilados -uruguaios, bolivianos, chilenos &#8211; que haviam sofrido golpes de estado. Atrav\u00e9s daquela redemocratiza\u00e7\u00e3o isso \u00a0pudesse \u00a0refletir em toda \u00a0Am\u00e9rica Latina. \u201cPor\u00e9m aquele pa\u00eds se transformou no grande celeiro de l\u00edderes assassinados pela Opera\u00e7\u00e3o Condor\u201d, afirma amargamente .<br \/>\nParalelemente ao dia a dia da fam\u00edlia \u00a0ele vai contando esta sucess\u00e3o de golpes na am\u00e9rica-latina todos eles dirigidos e planejados pelo Departamento de Estado Norte-americano Pelo comit\u00ea dos 40 dirigido pelo Kissinger. \u201cN\u00f3s, eu e minha irm\u00e3, vamos crescendo neste diluvio de ditaduras que se abatem, sobre a Am\u00e9rica Latina. E a gente apreende a crescer, mas sempre visando um pais livre, sempre lutando pela justi\u00e7a social que algum dia haveria de ressurgir no Brasil. Lamentavelmente \u00a0Jango n\u00e3o pode ver esta realidade. Por isso o subt\u00edtulo Mem\u00f3rias de um ex\u00edlio sem volta.<br \/>\nO livro foi lan\u00e7ado em dezembro em Bras\u00edlia, depois Florian\u00f3polis, S\u00e3o Paulo, Rio de Janeiro e agora Porto Alegre.<\/p>\n","protected":false},"excerpt":{"rendered":"<p>W\u00e1lmaro Paz &#8220;Jango e eu&#8221; (Mem\u00f3rias de um ex\u00edlio sem volta). Este livro de 358 p\u00e1ginas, escrito por Jo\u00e3o Vicente Goulart e \u00a0editado pela Civiliza\u00e7\u00e3o Brasileira \u00a0ser\u00e1 lan\u00e7ado as 19 horas desta ter\u00e7a-feira (10) na livraria Cultura. Trata da vida da fam\u00edlia do ex-presidente Jo\u00e3o Goulart ,sua mulher Maria Teresa e seus filhos Jo\u00e3o Vicente [&hellip;]<\/p>\n","protected":false},"author":4,"featured_media":43065,"comment_status":"open","ping_status":"closed","sticky":false,"template":"","format":"standard","meta":{"_jetpack_newsletter_access":"","_jetpack_dont_email_post_to_subs":false,"_jetpack_newsletter_tier_id":0,"_jetpack_memberships_contains_paywalled_content":false,"_jetpack_feature_clip_id":0,"_jetpack_memberships_contains_paid_content":false,"footnotes":"","jetpack_post_was_ever_published":false},"categories":[26],"tags":[],"class_list":["post-43063","post","type-post","status-publish","format-standard","has-post-thumbnail","hentry","category-geral"],"aioseo_notices":[],"aioseo_head":"\n\t\t<!-- All in One SEO 5.0.1.1 - aioseo.com -->\n\t<meta name=\"robots\" content=\"max-image-preview:large\" \/>\n\t<meta name=\"author\" content=\"da Reda\u00e7\u00e3o\"\/>\n\t<link rel=\"canonical\" href=\"https:\/\/www.jornalja.com.br\/arquivo\/joao-vicente-goulart-lanca-livro-lembrando-o-exilio-com-o-pai\/\" \/>\n\t<meta name=\"generator\" content=\"All in One SEO (AIOSEO) 5.0.1.1\" \/>\n\t\t<meta property=\"og:locale\" content=\"pt_BR\" \/>\n\t\t<meta property=\"og:site_name\" content=\"Arquivo | Jornal J\u00c1 | Porto Alegre\" \/>\n\t\t<meta property=\"og:type\" content=\"article\" \/>\n\t\t<meta property=\"og:title\" content=\"Jo\u00e3o Vicente Goulart lan\u00e7a livro lembrando o ex\u00edlio com o pai | Arquivo\" \/>\n\t\t<meta property=\"og:url\" content=\"https:\/\/www.jornalja.com.br\/arquivo\/joao-vicente-goulart-lanca-livro-lembrando-o-exilio-com-o-pai\/\" \/>\n\t\t<meta property=\"og:image\" content=\"https:\/\/www.jornalja.com.br\/economics\/wp-content\/uploads\/sites\/11\/2026\/08\/ja-folhaderosto-facebook.jpg\" \/>\n\t\t<meta property=\"og:image:secure_url\" content=\"https:\/\/www.jornalja.com.br\/economics\/wp-content\/uploads\/sites\/11\/2026\/08\/ja-folhaderosto-facebook.jpg\" \/>\n\t\t<meta property=\"article:published_time\" content=\"2017-01-09T22:06:05+00:00\" \/>\n\t\t<meta property=\"article:modified_time\" content=\"2017-01-09T22:06:05+00:00\" \/>\n\t\t<meta name=\"twitter:card\" content=\"summary\" \/>\n\t\t<meta name=\"twitter:title\" content=\"Jo\u00e3o Vicente Goulart lan\u00e7a livro lembrando o ex\u00edlio com o pai | Arquivo\" \/>\n\t\t<meta name=\"twitter:image\" content=\"https:\/\/www.jornalja.com.br\/economics\/wp-content\/uploads\/sites\/11\/2026\/08\/ja-folhaderosto-facebook.jpg\" \/>\n\t\t<script type=\"application\/ld+json\" class=\"aioseo-schema\">\n\t\t\t{\"@context\":\"https:\\\/\\\/schema.org\",\"@graph\":[{\"@type\":\"BlogPosting\",\"@id\":\"https:\\\/\\\/www.jornalja.com.br\\\/arquivo\\\/joao-vicente-goulart-lanca-livro-lembrando-o-exilio-com-o-pai\\\/#blogposting\",\"name\":\"Jo\\u00e3o Vicente Goulart lan\\u00e7a livro lembrando o ex\\u00edlio com o pai | Arquivo\",\"headline\":\"Jo\\u00e3o Vicente Goulart lan\\u00e7a livro lembrando o ex\\u00edlio com o pai\",\"author\":{\"@id\":\"https:\\\/\\\/www.jornalja.com.br\\\/arquivo\\\/author\\\/daredacao\\\/#author\"},\"publisher\":{\"@id\":\"https:\\\/\\\/www.jornalja.com.br\\\/arquivo\\\/#organization\"},\"image\":{\"@type\":\"ImageObject\",\"url\":43065},\"datePublished\":\"2017-01-09T19:06:05-02:00\",\"dateModified\":\"2017-01-09T19:06:05-02:00\",\"inLanguage\":\"pt-BR\",\"mainEntityOfPage\":{\"@id\":\"https:\\\/\\\/www.jornalja.com.br\\\/arquivo\\\/joao-vicente-goulart-lanca-livro-lembrando-o-exilio-com-o-pai\\\/#webpage\"},\"isPartOf\":{\"@id\":\"https:\\\/\\\/www.jornalja.com.br\\\/arquivo\\\/joao-vicente-goulart-lanca-livro-lembrando-o-exilio-com-o-pai\\\/#webpage\"},\"articleSection\":\"Geral\"},{\"@type\":\"BreadcrumbList\",\"@id\":\"https:\\\/\\\/www.jornalja.com.br\\\/arquivo\\\/joao-vicente-goulart-lanca-livro-lembrando-o-exilio-com-o-pai\\\/#breadcrumblist\",\"itemListElement\":[{\"@type\":\"ListItem\",\"@id\":\"https:\\\/\\\/www.jornalja.com.br\\\/arquivo#listItem\",\"position\":1,\"name\":\"Home\",\"item\":\"https:\\\/\\\/www.jornalja.com.br\\\/arquivo\",\"nextItem\":{\"@type\":\"ListItem\",\"@id\":\"https:\\\/\\\/www.jornalja.com.br\\\/arquivo\\\/category\\\/geral\\\/#listItem\",\"name\":\"Geral\"}},{\"@type\":\"ListItem\",\"@id\":\"https:\\\/\\\/www.jornalja.com.br\\\/arquivo\\\/category\\\/geral\\\/#listItem\",\"position\":2,\"name\":\"Geral\",\"item\":\"https:\\\/\\\/www.jornalja.com.br\\\/arquivo\\\/category\\\/geral\\\/\",\"nextItem\":{\"@type\":\"ListItem\",\"@id\":\"https:\\\/\\\/www.jornalja.com.br\\\/arquivo\\\/joao-vicente-goulart-lanca-livro-lembrando-o-exilio-com-o-pai\\\/#listItem\",\"name\":\"Jo\\u00e3o Vicente Goulart lan\\u00e7a livro lembrando o ex\\u00edlio com o pai\"},\"previousItem\":{\"@type\":\"ListItem\",\"@id\":\"https:\\\/\\\/www.jornalja.com.br\\\/arquivo#listItem\",\"name\":\"Home\"}},{\"@type\":\"ListItem\",\"@id\":\"https:\\\/\\\/www.jornalja.com.br\\\/arquivo\\\/joao-vicente-goulart-lanca-livro-lembrando-o-exilio-com-o-pai\\\/#listItem\",\"position\":3,\"name\":\"Jo\\u00e3o Vicente Goulart lan\\u00e7a livro lembrando o ex\\u00edlio com o pai\",\"previousItem\":{\"@type\":\"ListItem\",\"@id\":\"https:\\\/\\\/www.jornalja.com.br\\\/arquivo\\\/category\\\/geral\\\/#listItem\",\"name\":\"Geral\"}}]},{\"@type\":\"Organization\",\"@id\":\"https:\\\/\\\/www.jornalja.com.br\\\/arquivo\\\/#organization\",\"name\":\"Jornal J\\u00c1\",\"description\":\"Jornal J\\u00c1 | Porto Alegre\",\"url\":\"https:\\\/\\\/www.jornalja.com.br\\\/arquivo\\\/\",\"telephone\":\"+555133307272\",\"logo\":{\"@type\":\"ImageObject\",\"url\":\"https:\\\/\\\/www.jornalja.com.br\\\/wp-content\\\/uploads\\\/cards\\\/JAslogan.png\",\"@id\":\"https:\\\/\\\/www.jornalja.com.br\\\/arquivo\\\/joao-vicente-goulart-lanca-livro-lembrando-o-exilio-com-o-pai\\\/#organizationLogo\"},\"image\":{\"@id\":\"https:\\\/\\\/www.jornalja.com.br\\\/arquivo\\\/joao-vicente-goulart-lanca-livro-lembrando-o-exilio-com-o-pai\\\/#organizationLogo\"}},{\"@type\":\"Person\",\"@id\":\"https:\\\/\\\/www.jornalja.com.br\\\/arquivo\\\/author\\\/daredacao\\\/#author\",\"url\":\"https:\\\/\\\/www.jornalja.com.br\\\/arquivo\\\/author\\\/daredacao\\\/\",\"name\":\"da Reda\\u00e7\\u00e3o\",\"image\":{\"@type\":\"ImageObject\",\"@id\":\"https:\\\/\\\/www.jornalja.com.br\\\/arquivo\\\/joao-vicente-goulart-lanca-livro-lembrando-o-exilio-com-o-pai\\\/#authorImage\",\"url\":\"https:\\\/\\\/secure.gravatar.com\\\/avatar\\\/469fd857d6605ad19919d27ed29d35a968a25f6e8fd9318356bbb7f57aae9c65?s=96&d=mm&r=g\",\"width\":96,\"height\":96,\"caption\":\"da Reda\\u00e7\\u00e3o\"}},{\"@type\":\"WebPage\",\"@id\":\"https:\\\/\\\/www.jornalja.com.br\\\/arquivo\\\/joao-vicente-goulart-lanca-livro-lembrando-o-exilio-com-o-pai\\\/#webpage\",\"url\":\"https:\\\/\\\/www.jornalja.com.br\\\/arquivo\\\/joao-vicente-goulart-lanca-livro-lembrando-o-exilio-com-o-pai\\\/\",\"name\":\"Jo\\u00e3o Vicente Goulart lan\\u00e7a livro lembrando o ex\\u00edlio com o pai | Arquivo\",\"inLanguage\":\"pt-BR\",\"isPartOf\":{\"@id\":\"https:\\\/\\\/www.jornalja.com.br\\\/arquivo\\\/#website\"},\"breadcrumb\":{\"@id\":\"https:\\\/\\\/www.jornalja.com.br\\\/arquivo\\\/joao-vicente-goulart-lanca-livro-lembrando-o-exilio-com-o-pai\\\/#breadcrumblist\"},\"author\":{\"@id\":\"https:\\\/\\\/www.jornalja.com.br\\\/arquivo\\\/author\\\/daredacao\\\/#author\"},\"creator\":{\"@id\":\"https:\\\/\\\/www.jornalja.com.br\\\/arquivo\\\/author\\\/daredacao\\\/#author\"},\"image\":{\"@type\":\"ImageObject\",\"url\":43065,\"@id\":\"https:\\\/\\\/www.jornalja.com.br\\\/arquivo\\\/joao-vicente-goulart-lanca-livro-lembrando-o-exilio-com-o-pai\\\/#mainImage\"},\"primaryImageOfPage\":{\"@id\":\"https:\\\/\\\/www.jornalja.com.br\\\/arquivo\\\/joao-vicente-goulart-lanca-livro-lembrando-o-exilio-com-o-pai\\\/#mainImage\"},\"datePublished\":\"2017-01-09T19:06:05-02:00\",\"dateModified\":\"2017-01-09T19:06:05-02:00\"},{\"@type\":\"WebSite\",\"@id\":\"https:\\\/\\\/www.jornalja.com.br\\\/arquivo\\\/#website\",\"url\":\"https:\\\/\\\/www.jornalja.com.br\\\/arquivo\\\/\",\"name\":\"Arquivo\",\"description\":\"Jornal J\\u00c1 | Porto Alegre\",\"inLanguage\":\"pt-BR\",\"publisher\":{\"@id\":\"https:\\\/\\\/www.jornalja.com.br\\\/arquivo\\\/#organization\"}}]}\n\t\t<\/script>\n\t\t<!-- All in One SEO -->\n\n","aioseo_head_json":{"title":"Jo\u00e3o Vicente Goulart lan\u00e7a livro lembrando o ex\u00edlio com o pai | Arquivo","description":"","canonical_url":"https:\/\/www.jornalja.com.br\/arquivo\/joao-vicente-goulart-lanca-livro-lembrando-o-exilio-com-o-pai\/","robots":"max-image-preview:large","keywords":"","webmasterTools":{"miscellaneous":""},"schema":{"@context":"https:\/\/schema.org","@graph":[{"@type":"BlogPosting","@id":"https:\/\/www.jornalja.com.br\/arquivo\/joao-vicente-goulart-lanca-livro-lembrando-o-exilio-com-o-pai\/#blogposting","name":"Jo\u00e3o Vicente Goulart lan\u00e7a livro lembrando o ex\u00edlio com o pai | Arquivo","headline":"Jo\u00e3o Vicente Goulart lan\u00e7a livro lembrando o ex\u00edlio com o pai","author":{"@id":"https:\/\/www.jornalja.com.br\/arquivo\/author\/daredacao\/#author"},"publisher":{"@id":"https:\/\/www.jornalja.com.br\/arquivo\/#organization"},"image":{"@type":"ImageObject","url":43065},"datePublished":"2017-01-09T19:06:05-02:00","dateModified":"2017-01-09T19:06:05-02:00","inLanguage":"pt-BR","mainEntityOfPage":{"@id":"https:\/\/www.jornalja.com.br\/arquivo\/joao-vicente-goulart-lanca-livro-lembrando-o-exilio-com-o-pai\/#webpage"},"isPartOf":{"@id":"https:\/\/www.jornalja.com.br\/arquivo\/joao-vicente-goulart-lanca-livro-lembrando-o-exilio-com-o-pai\/#webpage"},"articleSection":"Geral"},{"@type":"BreadcrumbList","@id":"https:\/\/www.jornalja.com.br\/arquivo\/joao-vicente-goulart-lanca-livro-lembrando-o-exilio-com-o-pai\/#breadcrumblist","itemListElement":[{"@type":"ListItem","@id":"https:\/\/www.jornalja.com.br\/arquivo#listItem","position":1,"name":"Home","item":"https:\/\/www.jornalja.com.br\/arquivo","nextItem":{"@type":"ListItem","@id":"https:\/\/www.jornalja.com.br\/arquivo\/category\/geral\/#listItem","name":"Geral"}},{"@type":"ListItem","@id":"https:\/\/www.jornalja.com.br\/arquivo\/category\/geral\/#listItem","position":2,"name":"Geral","item":"https:\/\/www.jornalja.com.br\/arquivo\/category\/geral\/","nextItem":{"@type":"ListItem","@id":"https:\/\/www.jornalja.com.br\/arquivo\/joao-vicente-goulart-lanca-livro-lembrando-o-exilio-com-o-pai\/#listItem","name":"Jo\u00e3o Vicente Goulart lan\u00e7a livro lembrando o ex\u00edlio com o pai"},"previousItem":{"@type":"ListItem","@id":"https:\/\/www.jornalja.com.br\/arquivo#listItem","name":"Home"}},{"@type":"ListItem","@id":"https:\/\/www.jornalja.com.br\/arquivo\/joao-vicente-goulart-lanca-livro-lembrando-o-exilio-com-o-pai\/#listItem","position":3,"name":"Jo\u00e3o Vicente Goulart lan\u00e7a livro lembrando o ex\u00edlio com o pai","previousItem":{"@type":"ListItem","@id":"https:\/\/www.jornalja.com.br\/arquivo\/category\/geral\/#listItem","name":"Geral"}}]},{"@type":"Organization","@id":"https:\/\/www.jornalja.com.br\/arquivo\/#organization","name":"Jornal J\u00c1","description":"Jornal J\u00c1 | Porto Alegre","url":"https:\/\/www.jornalja.com.br\/arquivo\/","telephone":"+555133307272","logo":{"@type":"ImageObject","url":"https:\/\/www.jornalja.com.br\/wp-content\/uploads\/cards\/JAslogan.png","@id":"https:\/\/www.jornalja.com.br\/arquivo\/joao-vicente-goulart-lanca-livro-lembrando-o-exilio-com-o-pai\/#organizationLogo"},"image":{"@id":"https:\/\/www.jornalja.com.br\/arquivo\/joao-vicente-goulart-lanca-livro-lembrando-o-exilio-com-o-pai\/#organizationLogo"}},{"@type":"Person","@id":"https:\/\/www.jornalja.com.br\/arquivo\/author\/daredacao\/#author","url":"https:\/\/www.jornalja.com.br\/arquivo\/author\/daredacao\/","name":"da Reda\u00e7\u00e3o","image":{"@type":"ImageObject","@id":"https:\/\/www.jornalja.com.br\/arquivo\/joao-vicente-goulart-lanca-livro-lembrando-o-exilio-com-o-pai\/#authorImage","url":"https:\/\/secure.gravatar.com\/avatar\/469fd857d6605ad19919d27ed29d35a968a25f6e8fd9318356bbb7f57aae9c65?s=96&d=mm&r=g","width":96,"height":96,"caption":"da Reda\u00e7\u00e3o"}},{"@type":"WebPage","@id":"https:\/\/www.jornalja.com.br\/arquivo\/joao-vicente-goulart-lanca-livro-lembrando-o-exilio-com-o-pai\/#webpage","url":"https:\/\/www.jornalja.com.br\/arquivo\/joao-vicente-goulart-lanca-livro-lembrando-o-exilio-com-o-pai\/","name":"Jo\u00e3o Vicente Goulart lan\u00e7a livro lembrando o ex\u00edlio com o pai | Arquivo","inLanguage":"pt-BR","isPartOf":{"@id":"https:\/\/www.jornalja.com.br\/arquivo\/#website"},"breadcrumb":{"@id":"https:\/\/www.jornalja.com.br\/arquivo\/joao-vicente-goulart-lanca-livro-lembrando-o-exilio-com-o-pai\/#breadcrumblist"},"author":{"@id":"https:\/\/www.jornalja.com.br\/arquivo\/author\/daredacao\/#author"},"creator":{"@id":"https:\/\/www.jornalja.com.br\/arquivo\/author\/daredacao\/#author"},"image":{"@type":"ImageObject","url":43065,"@id":"https:\/\/www.jornalja.com.br\/arquivo\/joao-vicente-goulart-lanca-livro-lembrando-o-exilio-com-o-pai\/#mainImage"},"primaryImageOfPage":{"@id":"https:\/\/www.jornalja.com.br\/arquivo\/joao-vicente-goulart-lanca-livro-lembrando-o-exilio-com-o-pai\/#mainImage"},"datePublished":"2017-01-09T19:06:05-02:00","dateModified":"2017-01-09T19:06:05-02:00"},{"@type":"WebSite","@id":"https:\/\/www.jornalja.com.br\/arquivo\/#website","url":"https:\/\/www.jornalja.com.br\/arquivo\/","name":"Arquivo","description":"Jornal J\u00c1 | Porto Alegre","inLanguage":"pt-BR","publisher":{"@id":"https:\/\/www.jornalja.com.br\/arquivo\/#organization"}}]},"og:locale":"pt_BR","og:site_name":"Arquivo | Jornal J\u00c1 | Porto Alegre","og:type":"article","og:title":"Jo\u00e3o Vicente Goulart lan\u00e7a livro lembrando o ex\u00edlio com o pai | Arquivo","og:url":"https:\/\/www.jornalja.com.br\/arquivo\/joao-vicente-goulart-lanca-livro-lembrando-o-exilio-com-o-pai\/","og:image":"https:\/\/www.jornalja.com.br\/economics\/wp-content\/uploads\/sites\/11\/2026\/08\/ja-folhaderosto-facebook.jpg","og:image:secure_url":"https:\/\/www.jornalja.com.br\/economics\/wp-content\/uploads\/sites\/11\/2026\/08\/ja-folhaderosto-facebook.jpg","article:published_time":"2017-01-09T22:06:05+00:00","article:modified_time":"2017-01-09T22:06:05+00:00","twitter:card":"summary","twitter:title":"Jo\u00e3o Vicente Goulart lan\u00e7a livro lembrando o ex\u00edlio com o pai | Arquivo","twitter:image":"https:\/\/www.jornalja.com.br\/economics\/wp-content\/uploads\/sites\/11\/2026\/08\/ja-folhaderosto-facebook.jpg"},"aioseo_meta_data":{"post_id":"43063","title":null,"description":null,"keywords":null,"keyphrases":null,"primary_term":null,"canonical_url":null,"og_title":null,"og_description":null,"og_object_type":"default","og_image_type":"default","og_image_url":null,"og_image_width":null,"og_image_height":null,"og_image_custom_url":null,"og_image_custom_fields":null,"og_video":null,"og_custom_url":null,"og_article_section":null,"og_article_tags":null,"twitter_use_og":false,"twitter_card":"default","twitter_image_type":"default","twitter_image_url":null,"twitter_image_custom_url":null,"twitter_image_custom_fields":null,"twitter_title":null,"twitter_description":null,"schema":{"blockGraphs":[],"customGraphs":[],"default":{"data":{"Article":[],"Course":[],"Dataset":[],"FAQPage":[],"Movie":[],"Person":[],"Product":[],"ProductReview":[],"Car":[],"Recipe":[],"Service":[],"SoftwareApplication":[],"WebPage":[]},"graphName":"","isEnabled":true},"graphs":[],"defaultGraph":"","defaultPostTypeGraph":""},"schema_type":null,"schema_type_options":null,"pillar_content":false,"robots_default":true,"robots_noindex":false,"robots_noarchive":false,"robots_nosnippet":false,"robots_nofollow":false,"robots_noimageindex":false,"robots_noodp":false,"robots_notranslate":false,"robots_max_snippet":null,"robots_max_videopreview":null,"robots_max_imagepreview":"large","priority":null,"frequency":null,"location":null,"local_seo":null,"breadcrumb_settings":null,"limit_modified_date":false,"ai":null,"created":"2020-12-20 20:43:21","updated":"2025-07-19 19:09:42","seo_analyzer_scan_date":null,"focus_keyword":null,"additional_keywords":null,"truseo_locale":null},"jetpack_sharing_enabled":true,"jetpack-related-posts":[{"id":1280,"url":"https:\/\/www.jornalja.com.br\/arquivo\/o-menino-que-se-tornou-brizola\/","url_meta":{"origin":43063,"position":0},"title":"O Menino que se Tornou Brizola","author":"da Reda\u00e7\u00e3o","date":"28 de julho de 2008","format":false,"excerpt":"Autor: Cleber Dioni A vida de Leonel Brizola, com \u00eanfase para os primeiros anos em Porto Alegre, at\u00e9 o ex\u00edlio no Uruguai e a volta, quinze anos depois. \u00a0\"...\u00c9ramos todos jovens e nos identific\u00e1vamos com aquela massa an\u00f4nima a percorrer as ruas de Porto Alegre, gritando 'Get\u00falio', 'Get\u00falio' e empunhando\u2026","rel":"","context":"Em &quot;Livros&quot;","block_context":{"text":"Livros","link":"https:\/\/www.jornalja.com.br\/arquivo\/category\/livros\/"},"img":{"alt_text":"","src":"https:\/\/i0.wp.com\/www.jornalja.com.br\/wp-content\/uploads\/2008\/07\/brizola.gif?resize=350%2C200&ssl=1","width":350,"height":200},"classes":[]},{"id":14241,"url":"https:\/\/www.jornalja.com.br\/arquivo\/o-guaiba-nas-imagens-poeticas-de-achutti\/","url_meta":{"origin":43063,"position":1},"title":"O Gua\u00edba nas imagens po\u00e9ticas de Achutti","author":"da Reda\u00e7\u00e3o","date":"18 de junho de 2014","format":false,"excerpt":"Em \u201cO Gua\u00edba por Achutti\u201d \u2013 obra financiada via Minist\u00e9rio da Cultura, produ\u00e7\u00e3o executiva de Pedro Longhi, e Fl\u00e1vio Wild como designer \u2013, o fot\u00f3grafo revela a beleza e as mazelas de um espa\u00e7o aqu\u00e1tico de \u00e1guas sempre renovadas, cheio de hist\u00f3rias e lendas como as das cidades que foram\u2026","rel":"","context":"Em &quot;Cultura-Geral&quot;","block_context":{"text":"Cultura-Geral","link":"https:\/\/www.jornalja.com.br\/arquivo\/category\/materiasecundaria\/"},"img":{"alt_text":"","src":"","width":0,"height":0},"classes":[]},{"id":13101,"url":"https:\/\/www.jornalja.com.br\/arquivo\/morre-um-guerreiro-do-texto\/","url_meta":{"origin":43063,"position":2},"title":"Morre um guerreiro do texto","author":"Patr\u00edcia Marini","date":"14 de maio de 2014","format":false,"excerpt":"Por Ricardo Kotscho Reproduzido do blog do autor, 11\/5\/2014; t\u00edtulo original \u201cE l\u00e1 se foi o nosso Myltainho, guerreiro do texto\u201d. Mi\u00fado e franzino, meu amigo Myltainho era um valente e inconformado guerreiro na luta contra as injusti\u00e7as sociais, a hipocrisia, as maracutaias, o autoritarismo, a intoler\u00e2ncia, a viol\u00eancia, o\u2026","rel":"","context":"Em &quot;Geral&quot;","block_context":{"text":"Geral","link":"https:\/\/www.jornalja.com.br\/arquivo\/category\/geral\/"},"img":{"alt_text":"","src":"","width":0,"height":0},"classes":[]},{"id":5440,"url":"https:\/\/www.jornalja.com.br\/arquivo\/casarao-da-venancio-destino-permanece-incerto\/","url_meta":{"origin":43063,"position":3},"title":"Estado ainda n\u00e3o sabe o que fazer com casar\u00e3o abandonado h\u00e1 20 anos","author":"Elmar Bones","date":"6 de julho de 2009","format":false,"excerpt":"O casar\u00e3o amarelo, numa esquina nobre de Porto Alegre (Ven\u00e2ncio Aires com Jo\u00e3o Pessoa), j\u00e1 abrigou uma escola. H\u00e1 duas d\u00e9cadas, pelo menos, est\u00e1 abandonado, porque seu propriet\u00e1rio, o governo do Estado do Rio Grande do Sul, n\u00e3o consegue achar um destino para ele. Planos n\u00e3o faltaram. O governador Ol\u00edvio\u2026","rel":"","context":"Em &quot;X.Categorias velhas&quot;","block_context":{"text":"X.Categorias velhas","link":"https:\/\/www.jornalja.com.br\/arquivo\/category\/x-categorias-velhas\/"},"img":{"alt_text":"geraldo1","src":"https:\/\/i0.wp.com\/www.jornalja.com.br\/wp-content\/uploads\/2009\/07\/geraldo1.jpg?resize=350%2C200&ssl=1","width":350,"height":200},"classes":[]},{"id":13240,"url":"https:\/\/www.jornalja.com.br\/arquivo\/plano-diretor-estamos-construindo-o-caos\/","url_meta":{"origin":43063,"position":4},"title":"Plano diretor: &quot;Estamos construindo o caos&quot;","author":"Patr\u00edcia Marini","date":"26 de maio de 2014","format":false,"excerpt":"Desabafo que arquiteta Eliana Castilhos, delegada da Regi\u00e3o de Planejamento 1, postou nas redes sociais \u00e9 um testemunho do ambiente que se criou no Conselho do Plano Diretor de Porto Alegre, onde a aprova\u00e7\u00e3o de grandes empreendimentos \u00e9 empurrada guela abaixo dos conselheiros. Ao CMDUA Como delegada da Regi\u00e3o de\u2026","rel":"","context":"Em &quot;Geral&quot;","block_context":{"text":"Geral","link":"https:\/\/www.jornalja.com.br\/arquivo\/category\/geral\/"},"img":{"alt_text":"","src":"","width":0,"height":0},"classes":[]},{"id":13109,"url":"https:\/\/www.jornalja.com.br\/arquivo\/judiciario-reconhece-poluicao-eletromagnetica\/","url_meta":{"origin":43063,"position":5},"title":"Judici\u00e1rio reconhece polui\u00e7\u00e3o eletromagn\u00e9tica","author":"Patr\u00edcia Marini","date":"16 de maio de 2014","format":false,"excerpt":"A\u00e7\u00e3o de duas associa\u00e7\u00f5es de moradores foi acolhida pelo Tribunal de Justi\u00e7a de S\u00e3o Paulo que. em decis\u00e3o in\u00e9dita, determinou a redu\u00e7\u00e3o do campo eletromagn\u00e9tico gerado pelas linhas de transmiss\u00e3o de energia que cortam os bairros City Boa\u00e7ava e Alto de Pinheiros. \u00c9 a primeira vez que um tribunal do\u2026","rel":"","context":"Em &quot;X.Categorias velhas&quot;","block_context":{"text":"X.Categorias velhas","link":"https:\/\/www.jornalja.com.br\/arquivo\/category\/x-categorias-velhas\/"},"img":{"alt_text":"","src":"","width":0,"height":0},"classes":[]}],"jetpack_shortlink":"https:\/\/wp.me\/pbQjBd-bcz","jetpack_featured_media_url":"","_links":{"self":[{"href":"https:\/\/www.jornalja.com.br\/arquivo\/wp-json\/wp\/v2\/posts\/43063","targetHints":{"allow":["GET"]}}],"collection":[{"href":"https:\/\/www.jornalja.com.br\/arquivo\/wp-json\/wp\/v2\/posts"}],"about":[{"href":"https:\/\/www.jornalja.com.br\/arquivo\/wp-json\/wp\/v2\/types\/post"}],"author":[{"embeddable":true,"href":"https:\/\/www.jornalja.com.br\/arquivo\/wp-json\/wp\/v2\/users\/4"}],"replies":[{"embeddable":true,"href":"https:\/\/www.jornalja.com.br\/arquivo\/wp-json\/wp\/v2\/comments?post=43063"}],"version-history":[{"count":0,"href":"https:\/\/www.jornalja.com.br\/arquivo\/wp-json\/wp\/v2\/posts\/43063\/revisions"}],"wp:attachment":[{"href":"https:\/\/www.jornalja.com.br\/arquivo\/wp-json\/wp\/v2\/media?parent=43063"}],"wp:term":[{"taxonomy":"category","embeddable":true,"href":"https:\/\/www.jornalja.com.br\/arquivo\/wp-json\/wp\/v2\/categories?post=43063"},{"taxonomy":"post_tag","embeddable":true,"href":"https:\/\/www.jornalja.com.br\/arquivo\/wp-json\/wp\/v2\/tags?post=43063"}],"curies":[{"name":"wp","href":"https:\/\/api.w.org\/{rel}","templated":true}]}}